{"id":2106,"date":"2019-01-28T07:25:23","date_gmt":"2019-01-28T06:25:23","guid":{"rendered":"https:\/\/peter-faessler.spschweiz.ch\/?p=2106"},"modified":"2019-01-28T10:14:34","modified_gmt":"2019-01-28T09:14:34","slug":"praemienverbilligung-2017-sp-gewinnt-vor-bundesgericht-mehr-mittel-fuer-betroffene-familien","status":"publish","type":"post","link":"https:\/\/peter-faessler.spschweiz.ch\/?p=2106","title":{"rendered":"Pr\u00e4mienverbilligung 2017: SP gewinnt vor Bundesgericht \u2013 mehr Mittel f\u00fcr betroffene Familien"},"content":{"rendered":"<p class=\"lead\"><strong>Die Luzerner Regierung senkte 2017 die Grenze f\u00fcr Bezugsberechtigte rein finanzpolitisch motiviert und sozialpolitisch willk\u00fcrlich von 75&#8217;000 auf 54&#8217;000 Franken des massgebenden Einkommens. Die SP Kanton Luzern hat sich zusammen mit Betroffenen juristisch dagegen gewehrt und bekommt nun vom Bundesgericht vollumf\u00e4nglich Recht. Dieser Entscheid ist eine sehr gute Nachricht f\u00fcr tausende von betroffenen Familien, welche die Politik der Regierung in existenzielle N\u00f6te brachte und sogar bereits erhaltene Pr\u00e4mienverbilligungen zur\u00fcckzahlen mussten.<\/strong><\/p>\n<div class=\"body\">\n<p><img loading=\"lazy\" decoding=\"async\" class=\"size-medium wp-image-2108 alignleft\" src=\"http:\/\/peter-faessler.spschweiz.ch\/wp-content\/uploads\/sites\/15\/2019\/01\/bundesgericht-300x300.png\" alt=\"\" width=\"300\" height=\"300\" srcset=\"https:\/\/peter-faessler.spschweiz.ch\/wp-content\/uploads\/sites\/15\/2019\/01\/bundesgericht-300x300.png 300w, https:\/\/peter-faessler.spschweiz.ch\/wp-content\/uploads\/sites\/15\/2019\/01\/bundesgericht-150x150.png 150w, https:\/\/peter-faessler.spschweiz.ch\/wp-content\/uploads\/sites\/15\/2019\/01\/bundesgericht.png 655w\" sizes=\"auto, (max-width: 300px) 100vw, 300px\" \/>Der beharrliche Einsatz der SP f\u00fcr von den K\u00fcrzungen betroffenen Luzernerinnen und Luzerner hat sich gelohnt. Die Senkung der Grenze f\u00fcr Bezugsberechtigte durch den Luzerner Regierungsrat verletzte Bundesrecht. Noch im Februar kritisierte das Kantonsgericht zwar den Entscheid der Regierung, wies aber die Beschwerde der SP ab.<\/p>\n<p>Das Urteil des Bundesgerichtes ist klar. Die Pr\u00e4mienverbilligung f\u00fcr das Jahr 2017 des Kantons Luzern widerspricht Sinn und Geist des Bundesrechtes. Der anderslautende Schluss des Kantonsgerichtes Luzern als Vorinstanz erscheine mithin widerspr\u00fcchlich und halte vor Bundesrecht nicht stand. Die entsprechenden Paragrafen der Pr\u00e4mienverbilligungsverordnung des Jahres 2017 sind als bundesrechtswidrig aufzuheben.<\/p>\n<p>Wie von der SP gefordert, gelten somit wieder die urspr\u00fcnglichen Einkommensgrenzen. Dies hat zur Folge, dass sch\u00e4tzungsweise 8&#8217;000 Familien im Kanton Luzern r\u00fcckwirkend f\u00fcr das Jahr 2017 rund 15 Mio. zus\u00e4tzliche Pr\u00e4mienverbilligungen erhalten. Gelder notabene, die sie in den meisten F\u00e4llen bereits einmal anfangs 2017 erhalten hatten, aber aufgrund einer r\u00fcckwirkenden Senkung der Einkommensgrenze Ende 2017 zum Teil dem Kanton zur\u00fcckzahlen mussten.<\/p>\n<p>Das schriftliche Urteil des Bundesgerichtes wird am 31. Januar 2019 ver\u00f6ffentlicht.<\/p>\n<p><a href=\"https:\/\/www.facebook.com\/sp.luzern\/videos\/314596632517977\/\" target=\"_blank\" rel=\"noopener\">Video<\/a> der Pressekonferenz der SP Kanton Luzern.<\/p>\n<\/div>\n","protected":false},"excerpt":{"rendered":"<p>Die Luzerner Regierung senkte 2017 die Grenze f\u00fcr Bezugsberechtigte rein finanzpolitisch motiviert und sozialpolitisch willk\u00fcrlich von 75&#8217;000 auf 54&#8217;000 Franken des massgebenden Einkommens. Die SP&#8230;<\/p>\n","protected":false},"author":19,"featured_media":2108,"comment_status":"open","ping_status":"open","sticky":false,"template":"","format":"standard","meta":{"footnotes":""},"categories":[22,30,21],"tags":[8,9,16,13,31,7,15],"class_list":["post-2106","post","type-post","status-publish","format-standard","has-post-thumbnail","hentry","category-kantonsrat-luzern","category-parlament","category-politik","tag-kanton-luzern","tag-kantonsrat","tag-kantonsrat-kanton-luzern","tag-leistungsabbau","tag-parlament","tag-politik","tag-sp"],"yoast_head":"<!-- This site is optimized with the Yoast SEO plugin v27.5 - https:\/\/yoast.com\/product\/yoast-seo-wordpress\/ -->\n<title>Pr\u00e4mienverbilligung 2017: SP gewinnt vor Bundesgericht \u2013 mehr Mittel f\u00fcr betroffene Familien - Peter F\u00e4ssler<\/title>\n<meta name=\"robots\" content=\"index, follow, max-snippet:-1, max-image-preview:large, max-video-preview:-1\" \/>\n<link rel=\"canonical\" href=\"https:\/\/peter-faessler.spschweiz.ch\/?p=2106\" \/>\n<meta property=\"og:locale\" content=\"de_DE\" \/>\n<meta property=\"og:type\" content=\"article\" \/>\n<meta property=\"og:title\" content=\"Pr\u00e4mienverbilligung 2017: SP gewinnt vor Bundesgericht \u2013 mehr Mittel f\u00fcr betroffene Familien - Peter F\u00e4ssler\" \/>\n<meta property=\"og:description\" content=\"Die Luzerner Regierung senkte 2017 die Grenze f\u00fcr Bezugsberechtigte rein finanzpolitisch motiviert und sozialpolitisch willk\u00fcrlich von 75&#8217;000 auf 54&#8217;000 Franken des massgebenden Einkommens. Die SP...\" \/>\n<meta property=\"og:url\" content=\"https:\/\/peter-faessler.spschweiz.ch\/?p=2106\" \/>\n<meta property=\"og:site_name\" content=\"Peter F\u00e4ssler\" \/>\n<meta property=\"article:author\" content=\"www.facebook.com\/peter.fassler.31\" \/>\n<meta property=\"article:published_time\" content=\"2019-01-28T06:25:23+00:00\" \/>\n<meta property=\"article:modified_time\" content=\"2019-01-28T09:14:34+00:00\" \/>\n<meta property=\"og:image\" content=\"https:\/\/peter-faessler.spschweiz.ch\/wp-content\/uploads\/sites\/15\/2019\/01\/bundesgericht.png\" \/>\n\t<meta property=\"og:image:width\" content=\"655\" \/>\n\t<meta property=\"og:image:height\" content=\"655\" \/>\n\t<meta property=\"og:image:type\" content=\"image\/png\" \/>\n<meta name=\"author\" content=\"Peter F\u00e4ssler\" \/>\n<meta name=\"twitter:label1\" content=\"Verfasst von\" \/>\n\t<meta name=\"twitter:data1\" content=\"Peter F\u00e4ssler\" \/>\n\t<meta name=\"twitter:label2\" content=\"Gesch\u00e4tzte Lesezeit\" \/>\n\t<meta name=\"twitter:data2\" content=\"1\u00a0Minute\" \/>\n<script type=\"application\/ld+json\" class=\"yoast-schema-graph\">{\"@context\":\"https:\\\/\\\/schema.org\",\"@graph\":[{\"@type\":\"Article\",\"@id\":\"https:\\\/\\\/peter-faessler.spschweiz.ch\\\/?p=2106#article\",\"isPartOf\":{\"@id\":\"https:\\\/\\\/peter-faessler.spschweiz.ch\\\/?p=2106\"},\"author\":{\"name\":\"Peter F\u00e4ssler\",\"@id\":\"https:\\\/\\\/peter-faessler.spschweiz.ch\\\/#\\\/schema\\\/person\\\/7ac2f764b1930b731c670e8a2393b60e\"},\"headline\":\"Pr\u00e4mienverbilligung 2017: SP gewinnt vor Bundesgericht \u2013 mehr Mittel f\u00fcr betroffene Familien\",\"datePublished\":\"2019-01-28T06:25:23+00:00\",\"dateModified\":\"2019-01-28T09:14:34+00:00\",\"mainEntityOfPage\":{\"@id\":\"https:\\\/\\\/peter-faessler.spschweiz.ch\\\/?p=2106\"},\"wordCount\":270,\"commentCount\":1,\"image\":{\"@id\":\"https:\\\/\\\/peter-faessler.spschweiz.ch\\\/?p=2106#primaryimage\"},\"thumbnailUrl\":\"https:\\\/\\\/peter-faessler.spschweiz.ch\\\/wp-content\\\/uploads\\\/sites\\\/15\\\/2019\\\/01\\\/bundesgericht.png\",\"keywords\":[\"Kanton Luzern\",\"Kantonsrat\",\"Kantonsrat Kanton Luzern\",\"Leistungsabbau\",\"Parlament\",\"Politik\",\"SP\"],\"articleSection\":[\"Kantonsrat Luzern\",\"Parlament\",\"Politik\"],\"inLanguage\":\"de\",\"potentialAction\":[{\"@type\":\"CommentAction\",\"name\":\"Comment\",\"target\":[\"https:\\\/\\\/peter-faessler.spschweiz.ch\\\/?p=2106#respond\"]}]},{\"@type\":\"WebPage\",\"@id\":\"https:\\\/\\\/peter-faessler.spschweiz.ch\\\/?p=2106\",\"url\":\"https:\\\/\\\/peter-faessler.spschweiz.ch\\\/?p=2106\",\"name\":\"Pr\u00e4mienverbilligung 2017: SP gewinnt vor Bundesgericht \u2013 mehr Mittel f\u00fcr betroffene Familien - Peter F\u00e4ssler\",\"isPartOf\":{\"@id\":\"https:\\\/\\\/peter-faessler.spschweiz.ch\\\/#website\"},\"primaryImageOfPage\":{\"@id\":\"https:\\\/\\\/peter-faessler.spschweiz.ch\\\/?p=2106#primaryimage\"},\"image\":{\"@id\":\"https:\\\/\\\/peter-faessler.spschweiz.ch\\\/?p=2106#primaryimage\"},\"thumbnailUrl\":\"https:\\\/\\\/peter-faessler.spschweiz.ch\\\/wp-content\\\/uploads\\\/sites\\\/15\\\/2019\\\/01\\\/bundesgericht.png\",\"datePublished\":\"2019-01-28T06:25:23+00:00\",\"dateModified\":\"2019-01-28T09:14:34+00:00\",\"author\":{\"@id\":\"https:\\\/\\\/peter-faessler.spschweiz.ch\\\/#\\\/schema\\\/person\\\/7ac2f764b1930b731c670e8a2393b60e\"},\"breadcrumb\":{\"@id\":\"https:\\\/\\\/peter-faessler.spschweiz.ch\\\/?p=2106#breadcrumb\"},\"inLanguage\":\"de\",\"potentialAction\":[{\"@type\":\"ReadAction\",\"target\":[\"https:\\\/\\\/peter-faessler.spschweiz.ch\\\/?p=2106\"]}]},{\"@type\":\"ImageObject\",\"inLanguage\":\"de\",\"@id\":\"https:\\\/\\\/peter-faessler.spschweiz.ch\\\/?p=2106#primaryimage\",\"url\":\"https:\\\/\\\/peter-faessler.spschweiz.ch\\\/wp-content\\\/uploads\\\/sites\\\/15\\\/2019\\\/01\\\/bundesgericht.png\",\"contentUrl\":\"https:\\\/\\\/peter-faessler.spschweiz.ch\\\/wp-content\\\/uploads\\\/sites\\\/15\\\/2019\\\/01\\\/bundesgericht.png\",\"width\":655,\"height\":655},{\"@type\":\"BreadcrumbList\",\"@id\":\"https:\\\/\\\/peter-faessler.spschweiz.ch\\\/?p=2106#breadcrumb\",\"itemListElement\":[{\"@type\":\"ListItem\",\"position\":1,\"name\":\"Startseite\",\"item\":\"https:\\\/\\\/peter-faessler.spschweiz.ch\\\/\"},{\"@type\":\"ListItem\",\"position\":2,\"name\":\"Pr\u00e4mienverbilligung 2017: SP gewinnt vor Bundesgericht \u2013 mehr Mittel f\u00fcr betroffene Familien\"}]},{\"@type\":\"WebSite\",\"@id\":\"https:\\\/\\\/peter-faessler.spschweiz.ch\\\/#website\",\"url\":\"https:\\\/\\\/peter-faessler.spschweiz.ch\\\/\",\"name\":\"Peter F\u00e4ssler\",\"description\":\"SP Kantonsrat Kanton Luzern\",\"potentialAction\":[{\"@type\":\"SearchAction\",\"target\":{\"@type\":\"EntryPoint\",\"urlTemplate\":\"https:\\\/\\\/peter-faessler.spschweiz.ch\\\/?s={search_term_string}\"},\"query-input\":{\"@type\":\"PropertyValueSpecification\",\"valueRequired\":true,\"valueName\":\"search_term_string\"}}],\"inLanguage\":\"de\"},{\"@type\":\"Person\",\"@id\":\"https:\\\/\\\/peter-faessler.spschweiz.ch\\\/#\\\/schema\\\/person\\\/7ac2f764b1930b731c670e8a2393b60e\",\"name\":\"Peter F\u00e4ssler\",\"image\":{\"@type\":\"ImageObject\",\"inLanguage\":\"de\",\"@id\":\"https:\\\/\\\/secure.gravatar.com\\\/avatar\\\/9da8604da19b11812517d76f206166d47c5e180a26df2de36b8649168e128572?s=96&d=blank&r=g\",\"url\":\"https:\\\/\\\/secure.gravatar.com\\\/avatar\\\/9da8604da19b11812517d76f206166d47c5e180a26df2de36b8649168e128572?s=96&d=blank&r=g\",\"contentUrl\":\"https:\\\/\\\/secure.gravatar.com\\\/avatar\\\/9da8604da19b11812517d76f206166d47c5e180a26df2de36b8649168e128572?s=96&d=blank&r=g\",\"caption\":\"Peter F\u00e4ssler\"},\"description\":\"Peter F\u00e4ssler Schibiweg 7 6006 Luzern\",\"sameAs\":[\"www.facebook.com\\\/peter.fassler.31\",\"https:\\\/\\\/www.instagram.com\\\/peter.fassler.31\\\/\",\"https:\\\/\\\/www.linkedin.com\\\/in\\\/peter-fssler-2518a782\\\/\",\"https:\\\/\\\/x.com\\\/pfaessler56\"],\"url\":\"https:\\\/\\\/peter-faessler.spschweiz.ch\\\/?author=19\"}]}<\/script>\n<!-- \/ Yoast SEO plugin. -->","yoast_head_json":{"title":"Pr\u00e4mienverbilligung 2017: SP gewinnt vor Bundesgericht \u2013 mehr Mittel f\u00fcr betroffene Familien - Peter F\u00e4ssler","robots":{"index":"index","follow":"follow","max-snippet":"max-snippet:-1","max-image-preview":"max-image-preview:large","max-video-preview":"max-video-preview:-1"},"canonical":"https:\/\/peter-faessler.spschweiz.ch\/?p=2106","og_locale":"de_DE","og_type":"article","og_title":"Pr\u00e4mienverbilligung 2017: SP gewinnt vor Bundesgericht \u2013 mehr Mittel f\u00fcr betroffene Familien - Peter F\u00e4ssler","og_description":"Die Luzerner Regierung senkte 2017 die Grenze f\u00fcr Bezugsberechtigte rein finanzpolitisch motiviert und sozialpolitisch willk\u00fcrlich von 75&#8217;000 auf 54&#8217;000 Franken des massgebenden Einkommens. Die SP...","og_url":"https:\/\/peter-faessler.spschweiz.ch\/?p=2106","og_site_name":"Peter F\u00e4ssler","article_author":"www.facebook.com\/peter.fassler.31","article_published_time":"2019-01-28T06:25:23+00:00","article_modified_time":"2019-01-28T09:14:34+00:00","og_image":[{"width":655,"height":655,"url":"https:\/\/peter-faessler.spschweiz.ch\/wp-content\/uploads\/sites\/15\/2019\/01\/bundesgericht.png","type":"image\/png"}],"author":"Peter F\u00e4ssler","twitter_misc":{"Verfasst von":"Peter F\u00e4ssler","Gesch\u00e4tzte Lesezeit":"1\u00a0Minute"},"schema":{"@context":"https:\/\/schema.org","@graph":[{"@type":"Article","@id":"https:\/\/peter-faessler.spschweiz.ch\/?p=2106#article","isPartOf":{"@id":"https:\/\/peter-faessler.spschweiz.ch\/?p=2106"},"author":{"name":"Peter F\u00e4ssler","@id":"https:\/\/peter-faessler.spschweiz.ch\/#\/schema\/person\/7ac2f764b1930b731c670e8a2393b60e"},"headline":"Pr\u00e4mienverbilligung 2017: SP gewinnt vor Bundesgericht \u2013 mehr Mittel f\u00fcr betroffene Familien","datePublished":"2019-01-28T06:25:23+00:00","dateModified":"2019-01-28T09:14:34+00:00","mainEntityOfPage":{"@id":"https:\/\/peter-faessler.spschweiz.ch\/?p=2106"},"wordCount":270,"commentCount":1,"image":{"@id":"https:\/\/peter-faessler.spschweiz.ch\/?p=2106#primaryimage"},"thumbnailUrl":"https:\/\/peter-faessler.spschweiz.ch\/wp-content\/uploads\/sites\/15\/2019\/01\/bundesgericht.png","keywords":["Kanton Luzern","Kantonsrat","Kantonsrat Kanton Luzern","Leistungsabbau","Parlament","Politik","SP"],"articleSection":["Kantonsrat Luzern","Parlament","Politik"],"inLanguage":"de","potentialAction":[{"@type":"CommentAction","name":"Comment","target":["https:\/\/peter-faessler.spschweiz.ch\/?p=2106#respond"]}]},{"@type":"WebPage","@id":"https:\/\/peter-faessler.spschweiz.ch\/?p=2106","url":"https:\/\/peter-faessler.spschweiz.ch\/?p=2106","name":"Pr\u00e4mienverbilligung 2017: SP gewinnt vor Bundesgericht \u2013 mehr Mittel f\u00fcr betroffene Familien - Peter F\u00e4ssler","isPartOf":{"@id":"https:\/\/peter-faessler.spschweiz.ch\/#website"},"primaryImageOfPage":{"@id":"https:\/\/peter-faessler.spschweiz.ch\/?p=2106#primaryimage"},"image":{"@id":"https:\/\/peter-faessler.spschweiz.ch\/?p=2106#primaryimage"},"thumbnailUrl":"https:\/\/peter-faessler.spschweiz.ch\/wp-content\/uploads\/sites\/15\/2019\/01\/bundesgericht.png","datePublished":"2019-01-28T06:25:23+00:00","dateModified":"2019-01-28T09:14:34+00:00","author":{"@id":"https:\/\/peter-faessler.spschweiz.ch\/#\/schema\/person\/7ac2f764b1930b731c670e8a2393b60e"},"breadcrumb":{"@id":"https:\/\/peter-faessler.spschweiz.ch\/?p=2106#breadcrumb"},"inLanguage":"de","potentialAction":[{"@type":"ReadAction","target":["https:\/\/peter-faessler.spschweiz.ch\/?p=2106"]}]},{"@type":"ImageObject","inLanguage":"de","@id":"https:\/\/peter-faessler.spschweiz.ch\/?p=2106#primaryimage","url":"https:\/\/peter-faessler.spschweiz.ch\/wp-content\/uploads\/sites\/15\/2019\/01\/bundesgericht.png","contentUrl":"https:\/\/peter-faessler.spschweiz.ch\/wp-content\/uploads\/sites\/15\/2019\/01\/bundesgericht.png","width":655,"height":655},{"@type":"BreadcrumbList","@id":"https:\/\/peter-faessler.spschweiz.ch\/?p=2106#breadcrumb","itemListElement":[{"@type":"ListItem","position":1,"name":"Startseite","item":"https:\/\/peter-faessler.spschweiz.ch\/"},{"@type":"ListItem","position":2,"name":"Pr\u00e4mienverbilligung 2017: SP gewinnt vor Bundesgericht \u2013 mehr Mittel f\u00fcr betroffene Familien"}]},{"@type":"WebSite","@id":"https:\/\/peter-faessler.spschweiz.ch\/#website","url":"https:\/\/peter-faessler.spschweiz.ch\/","name":"Peter F\u00e4ssler","description":"SP Kantonsrat Kanton Luzern","potentialAction":[{"@type":"SearchAction","target":{"@type":"EntryPoint","urlTemplate":"https:\/\/peter-faessler.spschweiz.ch\/?s={search_term_string}"},"query-input":{"@type":"PropertyValueSpecification","valueRequired":true,"valueName":"search_term_string"}}],"inLanguage":"de"},{"@type":"Person","@id":"https:\/\/peter-faessler.spschweiz.ch\/#\/schema\/person\/7ac2f764b1930b731c670e8a2393b60e","name":"Peter F\u00e4ssler","image":{"@type":"ImageObject","inLanguage":"de","@id":"https:\/\/secure.gravatar.com\/avatar\/9da8604da19b11812517d76f206166d47c5e180a26df2de36b8649168e128572?s=96&d=blank&r=g","url":"https:\/\/secure.gravatar.com\/avatar\/9da8604da19b11812517d76f206166d47c5e180a26df2de36b8649168e128572?s=96&d=blank&r=g","contentUrl":"https:\/\/secure.gravatar.com\/avatar\/9da8604da19b11812517d76f206166d47c5e180a26df2de36b8649168e128572?s=96&d=blank&r=g","caption":"Peter F\u00e4ssler"},"description":"Peter F\u00e4ssler Schibiweg 7 6006 Luzern","sameAs":["www.facebook.com\/peter.fassler.31","https:\/\/www.instagram.com\/peter.fassler.31\/","https:\/\/www.linkedin.com\/in\/peter-fssler-2518a782\/","https:\/\/x.com\/pfaessler56"],"url":"https:\/\/peter-faessler.spschweiz.ch\/?author=19"}]}},"_links":{"self":[{"href":"https:\/\/peter-faessler.spschweiz.ch\/index.php?rest_route=\/wp\/v2\/posts\/2106","targetHints":{"allow":["GET"]}}],"collection":[{"href":"https:\/\/peter-faessler.spschweiz.ch\/index.php?rest_route=\/wp\/v2\/posts"}],"about":[{"href":"https:\/\/peter-faessler.spschweiz.ch\/index.php?rest_route=\/wp\/v2\/types\/post"}],"author":[{"embeddable":true,"href":"https:\/\/peter-faessler.spschweiz.ch\/index.php?rest_route=\/wp\/v2\/users\/19"}],"replies":[{"embeddable":true,"href":"https:\/\/peter-faessler.spschweiz.ch\/index.php?rest_route=%2Fwp%2Fv2%2Fcomments&post=2106"}],"version-history":[{"count":5,"href":"https:\/\/peter-faessler.spschweiz.ch\/index.php?rest_route=\/wp\/v2\/posts\/2106\/revisions"}],"predecessor-version":[{"id":2127,"href":"https:\/\/peter-faessler.spschweiz.ch\/index.php?rest_route=\/wp\/v2\/posts\/2106\/revisions\/2127"}],"wp:featuredmedia":[{"embeddable":true,"href":"https:\/\/peter-faessler.spschweiz.ch\/index.php?rest_route=\/wp\/v2\/media\/2108"}],"wp:attachment":[{"href":"https:\/\/peter-faessler.spschweiz.ch\/index.php?rest_route=%2Fwp%2Fv2%2Fmedia&parent=2106"}],"wp:term":[{"taxonomy":"category","embeddable":true,"href":"https:\/\/peter-faessler.spschweiz.ch\/index.php?rest_route=%2Fwp%2Fv2%2Fcategories&post=2106"},{"taxonomy":"post_tag","embeddable":true,"href":"https:\/\/peter-faessler.spschweiz.ch\/index.php?rest_route=%2Fwp%2Fv2%2Ftags&post=2106"}],"curies":[{"name":"wp","href":"https:\/\/api.w.org\/{rel}","templated":true}]}}