{"id":2987,"date":"2020-03-23T17:59:46","date_gmt":"2020-03-23T16:59:46","guid":{"rendered":"https:\/\/peter-faessler.spschweiz.ch\/?p=2987"},"modified":"2020-03-23T17:59:46","modified_gmt":"2020-03-23T16:59:46","slug":"b-169-volksinitiativen-luzerner-kulturlandschaft-und-gegenvorschlag","status":"publish","type":"post","link":"https:\/\/peter-faessler.spschweiz.ch\/?p=2987","title":{"rendered":"B 169 Volksinitiativen \u00abLuzerner Kulturlandschaft\u00bb und Gegenvorschlag"},"content":{"rendered":"<p>Die RUEK wurde an ihrer ersten Sitzung vom 26. August 2019 von der Regierung \u00fcber die Botschaft <a href=\"https:\/\/www.lu.ch\/kr\/parlamentsgeschaefte\/detail?ges=78b4cf35c1f54cb5af0b2702581751e3&amp;back=1&amp;geschaeftsnr=b%20169&amp;art=-0-1-2-3&amp;bart=-0-1-2-3-4&amp;vart=-0-1-2-3&amp;wart=1&amp;gart=1&amp;status=-0-1\" target=\"_blank\" rel=\"noopener noreferrer\">B 169<\/a>\u00a0<span class=\"fontstyle0\"> &#8222;Volksinitiativen \u00abLuzerner Kulturlandschaft\u00bb und Gegenvorschlag; Entw\u00fcrfe Kantonsratsbeschl\u00fcsse und Gegenentwurf zur Gesetzesinitiative in der Form einer \u00c4nderung des Planungs- und Baugesetzes&#8220; informiert.<\/span><\/p>\n<div id=\"attachment_2995\" style=\"width: 305px\" class=\"wp-caption alignleft\"><img loading=\"lazy\" decoding=\"async\" aria-describedby=\"caption-attachment-2995\" class=\"size-medium wp-image-2995\" src=\"http:\/\/peter-faessler.spschweiz.ch\/wp-content\/uploads\/sites\/15\/2020\/03\/05_Argumentarium-pro-A4_page_001-b-295x300.jpg\" alt=\"\" width=\"295\" height=\"300\" srcset=\"https:\/\/peter-faessler.spschweiz.ch\/wp-content\/uploads\/sites\/15\/2020\/03\/05_Argumentarium-pro-A4_page_001-b-295x300.jpg 295w, https:\/\/peter-faessler.spschweiz.ch\/wp-content\/uploads\/sites\/15\/2020\/03\/05_Argumentarium-pro-A4_page_001-b-148x150.jpg 148w, https:\/\/peter-faessler.spschweiz.ch\/wp-content\/uploads\/sites\/15\/2020\/03\/05_Argumentarium-pro-A4_page_001-b.jpg 595w\" sizes=\"auto, (max-width: 295px) 100vw, 295px\" \/><p id=\"caption-attachment-2995\" class=\"wp-caption-text\">Bild aus Argumentarium Komitee<\/p><\/div>\n<p><strong>Grundsatz:<\/strong> <a href=\"http:\/\/kulturland-luzern.ch\/\" target=\"_blank\" rel=\"noopener noreferrer\">Was wollen die Initiativen?<\/a><br \/>\n<em><span class=\"fontstyle0\">Wir wollen mit diesen kantonalen Verfassungs- und Gesetzesinitiativen der \u00fcberbordenden Ausdehnung von Siedlungsfl\u00e4chen und dem Verlust von Kulturland entgegenwirken.<br \/>\n<\/span><span class=\"fontstyle2\">Die Initiativen haben zum Ziel, den Schutz der Kulturlandschaft zu verst\u00e4rken und die weitere Zersiedelung zu stoppen.<br \/>\nDie Fl\u00e4chen, die von der Landwirtschaft bewirtschaftet oder genutzt werden k\u00f6nnen \u2013 insbesondere die Fruchtfolgefl\u00e4chen \u2013 sollen umfassend gesch\u00fctzt werden.<\/span><\/em><\/p>\n<p><strong>Konkret:<\/strong> Wir wollen\u2026<br \/>\n\u2022 der Ausdehnung von Siedlungsfl\u00e4chen und dem Verlust von Kulturland entgegenwirken;<br \/>\n\u2022 Boden f\u00fcr die regionale Produktion von gesunden Lebensmitteln und f\u00fcr die Selbstversorgung nachhaltig sichern;<br \/>\n\u2022 eine Vielfalt von naturnahen Lebensr\u00e4umen f\u00fcr Pflanzen und Tiere erhalten und f\u00f6rdern;<br \/>\n\u2022 eine Landschaft mit reizvoller und wohnlicher Siedlungsentwicklung, die sich ins Landschaftsbild einordnet;<br \/>\n\u2022 unsere Landschaft und die landwirtschaftlich nutzbaren Fl\u00e4chen besser sch\u00fctzen, dies auch zum Nutzen der kommenden Generationen.<\/p>\n<p>&nbsp;<\/p>\n<h4><strong>Was meint die Regierung zu den Initiativen?<\/strong><\/h4>\n<p><em><span class=\"fontstyle0\">Die beiden Volksinitiativen \u00abLuzerner Kulturlandschaft\u00bb (eine Verfassungs- und eine Gesetzesinitiative) verlangen, dass die Qualit\u00e4t in der Raumplanung gesteigert und dem Schutz der Landschaft und des Kulturlandes st\u00e4rker Rechnung getragen wird. Hierzu sollen die Kantonsverfassung und das Planungs- und Baugesetz erg\u00e4nzt werden. Der Regierungsrat beantragt dem Kantonsrat, die Initiativen abzulehnen. Der Gesetzesinitiative stellt der Regierungsrat einen Gegenentwurf gegen\u00fcber, der zur Annahme empfohlen wird.<br \/>\n<\/span><span class=\"fontstyle2\">Der Regierungsrat unterbreitet dem Kantonsrat die Entw\u00fcrfe von zwei Kantonsratsbeschl\u00fcssen, mit denen die Volksinitiativen \u00abLuzerner Kulturlandschaft\u00bb (Verfassungs- und Gesetzesinitiative) abgelehnt werden sollen, sowie den Entwurf einer \u00c4nderung des Planungs- und Baugesetzes als Gegenentwurf zur Gesetzesinitiative.<br \/>\nDer Regierungsrat anerkennt die Anliegen der Initiativen in weiten Teilen, lehnt sie aber aus den folgenden Gr\u00fcnden ab:<br \/>\n<\/span><span class=\"fontstyle2\">\u2012 <\/span><span class=\"fontstyle2\">Die Argumente der Initiantinnen und Initianten nehmen auf eine Ausgangslage Bezug, wie sie heute nicht mehr besteht. Die Raumplanung hat sich ver\u00e4ndert, seit im Jahr 2014 das eidgen\u00f6ssische Raumplanungsgesetz revidiert worden ist. Seither werden die Grunds\u00e4tze der Siedlungsentwicklung nach innen und<br \/>\nder Verdichtung streng umgesetzt. Die Initiativen sind deshalb unn\u00f6tig.<br \/>\n<\/span><span class=\"fontstyle2\">\u2012 <\/span><\/em><span class=\"fontstyle2\"><em>Die Initiativen verhindern eine zweckm\u00e4ssige Raumplanung, die alle Interessen einbezieht. Raumplanung ist wichtig, damit sich Kanton und Gemeinden weiterentwickeln k\u00f6nnen. Die Initiativen verunm\u00f6glichen eine auf die Interessen der Gesamtbev\u00f6lkerung ausgerichtete, differenzierte Raumplanung.<\/em><br \/>\n<em>\u2012 Die Initiativen verhindern, dass die Entwicklung dort stattfindet, wo die n\u00f6tige Infrastruktur vorhanden ist. Stattdessen f\u00f6rdern sie die Baut\u00e4tigkeit an peripheren, unzweckm\u00e4ssigen Lagen und provozieren den Bau zus\u00e4tzlicher Infrastrukturanlagen. Damit f\u00fchren die Initiativen gerade zu einer weiteren Zersiedelung.<\/em><br \/>\n<em>\u2012 Die Aufnahme einer Bestimmung zur Raumplanung widerspricht dem Modell der Luzerner Kantonsverfassung.<\/em><br \/>\n<em>Der Regierungsrat stellt der Gesetzesinitiative einen Gegenentwurf gegen\u00fcber. Dieser ber\u00fccksichtigt wesentliche Anliegen der Gesetzesinitiative, ohne den raumplanerischen Spielraum f\u00fcr den Kanton und die Gemeinden allzu sehr einzuschr\u00e4nken.<\/em><br \/>\n<em>Der Regierungsrat empfiehlt den Gegenentwurf zur Annahme.<\/em><br \/>\n<\/span><\/p>\n<div id=\"attachment_3005\" style=\"width: 310px\" class=\"wp-caption alignright\"><img loading=\"lazy\" decoding=\"async\" aria-describedby=\"caption-attachment-3005\" class=\"size-medium wp-image-3005\" src=\"http:\/\/peter-faessler.spschweiz.ch\/wp-content\/uploads\/sites\/15\/2020\/03\/05_Argumentarium-pro-A4_page_012-a-300x276.jpg\" alt=\"\" width=\"300\" height=\"276\" srcset=\"https:\/\/peter-faessler.spschweiz.ch\/wp-content\/uploads\/sites\/15\/2020\/03\/05_Argumentarium-pro-A4_page_012-a-300x276.jpg 300w, https:\/\/peter-faessler.spschweiz.ch\/wp-content\/uploads\/sites\/15\/2020\/03\/05_Argumentarium-pro-A4_page_012-a-150x138.jpg 150w, https:\/\/peter-faessler.spschweiz.ch\/wp-content\/uploads\/sites\/15\/2020\/03\/05_Argumentarium-pro-A4_page_012-a.jpg 493w\" sizes=\"auto, (max-width: 300px) 100vw, 300px\" \/><p id=\"caption-attachment-3005\" class=\"wp-caption-text\">Bild aus Argumentarium Komitee<\/p><\/div>\n<h4>1. Lesung RUEK<\/h4>\n<p>Am 23. September 2019 erfolgte in der RUEK die 1. Lesung (Beratung) dieses Gesch\u00e4ftes. Alle Parteien traten in ihren Eintretensvoten einstimmig f\u00fcr die Behandlung von <a href=\"https:\/\/www.lu.ch\/kr\/parlamentsgeschaefte\/detail?ges=78b4cf35c1f54cb5af0b2702581751e3&amp;back=1&amp;geschaeftsnr=b%20169&amp;art=-0-1-2-3&amp;bart=-0-1-2-3-4&amp;vart=-0-1-2-3&amp;wart=1&amp;gart=1&amp;status=-0-1\" target=\"_blank\" rel=\"noopener noreferrer\">B 169<\/a> ein. Die anschliessende Detailberatungen dauerte den ganzen Tag.<br \/>\nAllerdings, der <span class=\"fontstyle0\">Kantonsratsbeschluss \u00fcber die Volksinitiative \u00abLuzerner Kulturlandschaft\u00bb (Verfassungsinitiative) ergab keine Wortmeldungen und Antr\u00e4ge. <\/span>Dem Kantonsratsbeschluss \u00fcber die Volksinitiative \u00abLuzerner Kulturlandschaft\u00bb <strong>(Verfassungsinitiative)<\/strong> wurde mit 9 zu 4 Stimmen zugestimmt. (Die Initiative wurde damit in der Kommission abgelehnt.)<br \/>\nDer <strong>Gegenentwurf zur <\/strong><span class=\"fontstyle0\"><strong>Gesetzesinitiative<\/strong> \u00abLuzerner Kulturlandschaft\u00bb<\/span> gab hingegen mehr zu diskutieren. Die etwa 12 Antr\u00e4ge wurden Pro und Kontra diskutiert und anschliessend zur\u00fcckgezogen oder kamen zur Abstimmung. Dem Gegenentwurf zur Gesetzesinitiative \u00abLuzerner Kulturlandschaft\u00bb wurde schlussendlich mit 10 zu 3 Stimmen zugestimmt.<br \/>\nDem Kantonsratsbeschluss \u00fcber die Volksinitiative \u00abLuzerner Kulturlandschaft\u00bb <strong>(Gesetzesinitiative)<\/strong> wurde mit 9 Stimmen bei vier Enthaltungen zugestimmt. (Die Initiative wurde damit ebenfalls abgelehnt.)<\/p>\n<h4>1. Beratung Kantonsrat<\/h4>\n<p>Am 21. Oktober 2019 erfolgte im Kantonsrat die 1. Beratung von <a href=\"https:\/\/www.lu.ch\/kr\/parlamentsgeschaefte\/detail?ges=78b4cf35c1f54cb5af0b2702581751e3&amp;back=1&amp;geschaeftsnr=b%20169&amp;art=-0-1-2-3&amp;bart=-0-1-2-3-4&amp;vart=-0-1-2-3&amp;wart=1&amp;gart=1&amp;status=-0-1\" target=\"_blank\" rel=\"noopener noreferrer\">B 169 (Details)<\/a>.<\/p>\n<h4>2. Lesung RUEK<\/h4>\n<p>Die 2. Lesung von <a href=\"https:\/\/www.lu.ch\/kr\/parlamentsgeschaefte\/detail?ges=78b4cf35c1f54cb5af0b2702581751e3&amp;back=1&amp;geschaeftsnr=b%20169&amp;art=-0-1-2-3&amp;bart=-0-1-2-3-4&amp;vart=-0-1-2-3&amp;wart=1&amp;gart=1&amp;status=-0-1\" target=\"_blank\" rel=\"noopener noreferrer\">B 169<\/a> erfolgte in der RUEK am 4. November 2019. Zu Beginn bekam die Kommission eine Information \u00fcber das Thema Bodenaufwertung. Es ging darin um die Bodenkartierung und Bodenverbesserungen.<br \/>\nAuch in der 2. Lesung wurden wieder etliche Antr\u00e4ge gestellt, bevor es zur Schlussabstimmung kam. Diese verlief wie folgt:<br \/>\nDie erste Abstimmung endete mit 6 zu 6 Stimmen unentschieden.<br \/>\nDie zweite Abstimmung endete mit 6 zu 6 Stimmen unentschieden.<br \/>\nDem Gegenentwurf zur Gesetzesinitiative \u00abLuzerner Kulturlandschaft\u00bb wurde mit Stichentscheid des Pr\u00e4sidenten abgelehnt.<\/p>\n<div id=\"attachment_3010\" style=\"width: 310px\" class=\"wp-caption alignright\"><img loading=\"lazy\" decoding=\"async\" aria-describedby=\"caption-attachment-3010\" class=\"size-medium wp-image-3010\" src=\"http:\/\/peter-faessler.spschweiz.ch\/wp-content\/uploads\/sites\/15\/2020\/03\/05_Argumentarium-pro-A4_page_004a-300x144.jpg\" alt=\"\" width=\"300\" height=\"144\" srcset=\"https:\/\/peter-faessler.spschweiz.ch\/wp-content\/uploads\/sites\/15\/2020\/03\/05_Argumentarium-pro-A4_page_004a-300x144.jpg 300w, https:\/\/peter-faessler.spschweiz.ch\/wp-content\/uploads\/sites\/15\/2020\/03\/05_Argumentarium-pro-A4_page_004a-150x72.jpg 150w, https:\/\/peter-faessler.spschweiz.ch\/wp-content\/uploads\/sites\/15\/2020\/03\/05_Argumentarium-pro-A4_page_004a.jpg 496w\" sizes=\"auto, (max-width: 300px) 100vw, 300px\" \/><p id=\"caption-attachment-3010\" class=\"wp-caption-text\">Bild aus Argumentarium Komitee<\/p><\/div>\n<h4>2. Beratung Kantonsrat (Schlussberatung)<\/h4>\n<p>Am 12. Dezember 2019 erfolgen dann die 2. Beratung im Kantonsrat.<br \/>\nIn der 1. Schlussabstimmung stimmte der Rat dem Kantonsratsbeschluss \u00fcber die Volksinitiative \u00abLuzerner Kulturlandschaft\u00bb <strong>(Verfassungsinitiative)<\/strong>, wie er aus der Beratung hervorgegangen ist, mit 83 zu 33 Stimmen zu. Sie ist somit abgelehnt und unterliegt der Volksabstimmung.<br \/>\nIn der 2. Schlussabstimmung stimmte der Rat dem Kantonsratsbeschluss \u00fcber die Volksinitiative \u00abLuzerner Kulturlandschaft\u00bb<strong> (Gesetzesinitiative)<\/strong>, wie er aus der Beratung hervorgegangen ist, mit 84 zu 32 Stimmen zu. Auch sie wurde damit abgelehnt und unterliegt zusammen mit dem Gegenentwurf der Doppelabstimmung.<br \/>\nIn der 3. Schlussabstimmung stimmte der Rat dem <strong>Gegenentwurf zur Gesetzesinitiative<\/strong> \u00abLuzerner Kulturlandschaft\u00bb, wie er aus der Beratung hervorgegangen ist, mit 66 zu 49 Stimmen zu.<\/p>\n<h4>Volksabstimmung<\/h4>\n<p>Die Abstimmung war f\u00fcr den 17. Mai 2020 geplant. Infolge des Corona-Virusses ist sie verschoben worden. Die Abstimmung erfolgt somit sp\u00e4ter.<\/p>\n<table class=\"NormalTable\">\n<tbody>\n<tr>\n<td width=\"200\"><\/td>\n<\/tr>\n<\/tbody>\n<\/table>\n<p>&nbsp;<\/p>\n<p>&nbsp;<\/p>\n","protected":false},"excerpt":{"rendered":"<p>Die RUEK wurde an ihrer ersten Sitzung vom 26. August 2019 von der Regierung \u00fcber die Botschaft B 169\u00a0 &#8222;Volksinitiativen \u00abLuzerner Kulturlandschaft\u00bb und Gegenvorschlag; Entw\u00fcrfe&#8230;<\/p>\n","protected":false},"author":19,"featured_media":0,"comment_status":"open","ping_status":"open","sticky":false,"template":"","format":"standard","meta":{"footnotes":""},"categories":[22,23,79,101,30,21,97,1],"tags":[],"class_list":["post-2987","post","type-post","status-publish","format-standard","hentry","category-kantonsrat-luzern","category-kantonsratsession","category-klima","category-natur","category-parlament","category-politik","category-ruek","category-sp-kriens"],"yoast_head":"<!-- This site is optimized with the Yoast SEO plugin v27.5 - https:\/\/yoast.com\/product\/yoast-seo-wordpress\/ -->\n<title>B 169 Volksinitiativen \u00abLuzerner Kulturlandschaft\u00bb und Gegenvorschlag - Peter F\u00e4ssler<\/title>\n<meta name=\"robots\" content=\"index, follow, max-snippet:-1, max-image-preview:large, max-video-preview:-1\" \/>\n<link rel=\"canonical\" href=\"https:\/\/peter-faessler.spschweiz.ch\/?p=2987\" \/>\n<meta property=\"og:locale\" content=\"de_DE\" \/>\n<meta property=\"og:type\" content=\"article\" \/>\n<meta property=\"og:title\" content=\"B 169 Volksinitiativen \u00abLuzerner Kulturlandschaft\u00bb und Gegenvorschlag - Peter F\u00e4ssler\" \/>\n<meta property=\"og:description\" content=\"Die RUEK wurde an ihrer ersten Sitzung vom 26. August 2019 von der Regierung \u00fcber die Botschaft B 169\u00a0 &#8222;Volksinitiativen \u00abLuzerner Kulturlandschaft\u00bb und Gegenvorschlag; Entw\u00fcrfe...\" \/>\n<meta property=\"og:url\" content=\"https:\/\/peter-faessler.spschweiz.ch\/?p=2987\" \/>\n<meta property=\"og:site_name\" content=\"Peter F\u00e4ssler\" \/>\n<meta property=\"article:author\" content=\"www.facebook.com\/peter.fassler.31\" \/>\n<meta property=\"article:published_time\" content=\"2020-03-23T16:59:46+00:00\" \/>\n<meta property=\"og:image\" content=\"http:\/\/peter-faessler.spschweiz.ch\/wp-content\/uploads\/sites\/15\/2020\/03\/05_Argumentarium-pro-A4_page_001-b-295x300.jpg\" \/>\n<meta name=\"author\" content=\"Peter F\u00e4ssler\" \/>\n<meta name=\"twitter:label1\" content=\"Verfasst von\" \/>\n\t<meta name=\"twitter:data1\" content=\"Peter F\u00e4ssler\" \/>\n\t<meta name=\"twitter:label2\" content=\"Gesch\u00e4tzte Lesezeit\" \/>\n\t<meta name=\"twitter:data2\" content=\"4\u00a0Minuten\" \/>\n<script type=\"application\/ld+json\" class=\"yoast-schema-graph\">{\"@context\":\"https:\\\/\\\/schema.org\",\"@graph\":[{\"@type\":\"Article\",\"@id\":\"https:\\\/\\\/peter-faessler.spschweiz.ch\\\/?p=2987#article\",\"isPartOf\":{\"@id\":\"https:\\\/\\\/peter-faessler.spschweiz.ch\\\/?p=2987\"},\"author\":{\"name\":\"Peter F\u00e4ssler\",\"@id\":\"https:\\\/\\\/peter-faessler.spschweiz.ch\\\/#\\\/schema\\\/person\\\/7ac2f764b1930b731c670e8a2393b60e\"},\"headline\":\"B 169 Volksinitiativen \u00abLuzerner Kulturlandschaft\u00bb und Gegenvorschlag\",\"datePublished\":\"2020-03-23T16:59:46+00:00\",\"mainEntityOfPage\":{\"@id\":\"https:\\\/\\\/peter-faessler.spschweiz.ch\\\/?p=2987\"},\"wordCount\":883,\"commentCount\":0,\"image\":{\"@id\":\"https:\\\/\\\/peter-faessler.spschweiz.ch\\\/?p=2987#primaryimage\"},\"thumbnailUrl\":\"http:\\\/\\\/peter-faessler.spschweiz.ch\\\/wp-content\\\/uploads\\\/sites\\\/15\\\/2020\\\/03\\\/05_Argumentarium-pro-A4_page_001-b-295x300.jpg\",\"articleSection\":[\"Kantonsrat Luzern\",\"Kantonsratsession\",\"Klima\",\"Natur\",\"Parlament\",\"Politik\",\"RUEK\",\"SP Kriens\"],\"inLanguage\":\"de\",\"potentialAction\":[{\"@type\":\"CommentAction\",\"name\":\"Comment\",\"target\":[\"https:\\\/\\\/peter-faessler.spschweiz.ch\\\/?p=2987#respond\"]}]},{\"@type\":\"WebPage\",\"@id\":\"https:\\\/\\\/peter-faessler.spschweiz.ch\\\/?p=2987\",\"url\":\"https:\\\/\\\/peter-faessler.spschweiz.ch\\\/?p=2987\",\"name\":\"B 169 Volksinitiativen \u00abLuzerner Kulturlandschaft\u00bb und Gegenvorschlag - Peter F\u00e4ssler\",\"isPartOf\":{\"@id\":\"https:\\\/\\\/peter-faessler.spschweiz.ch\\\/#website\"},\"primaryImageOfPage\":{\"@id\":\"https:\\\/\\\/peter-faessler.spschweiz.ch\\\/?p=2987#primaryimage\"},\"image\":{\"@id\":\"https:\\\/\\\/peter-faessler.spschweiz.ch\\\/?p=2987#primaryimage\"},\"thumbnailUrl\":\"http:\\\/\\\/peter-faessler.spschweiz.ch\\\/wp-content\\\/uploads\\\/sites\\\/15\\\/2020\\\/03\\\/05_Argumentarium-pro-A4_page_001-b-295x300.jpg\",\"datePublished\":\"2020-03-23T16:59:46+00:00\",\"author\":{\"@id\":\"https:\\\/\\\/peter-faessler.spschweiz.ch\\\/#\\\/schema\\\/person\\\/7ac2f764b1930b731c670e8a2393b60e\"},\"breadcrumb\":{\"@id\":\"https:\\\/\\\/peter-faessler.spschweiz.ch\\\/?p=2987#breadcrumb\"},\"inLanguage\":\"de\",\"potentialAction\":[{\"@type\":\"ReadAction\",\"target\":[\"https:\\\/\\\/peter-faessler.spschweiz.ch\\\/?p=2987\"]}]},{\"@type\":\"ImageObject\",\"inLanguage\":\"de\",\"@id\":\"https:\\\/\\\/peter-faessler.spschweiz.ch\\\/?p=2987#primaryimage\",\"url\":\"https:\\\/\\\/peter-faessler.spschweiz.ch\\\/wp-content\\\/uploads\\\/sites\\\/15\\\/2020\\\/03\\\/05_Argumentarium-pro-A4_page_001-b.jpg\",\"contentUrl\":\"https:\\\/\\\/peter-faessler.spschweiz.ch\\\/wp-content\\\/uploads\\\/sites\\\/15\\\/2020\\\/03\\\/05_Argumentarium-pro-A4_page_001-b.jpg\",\"width\":595,\"height\":605,\"caption\":\"Bild aus Argumentarium Komitee\"},{\"@type\":\"BreadcrumbList\",\"@id\":\"https:\\\/\\\/peter-faessler.spschweiz.ch\\\/?p=2987#breadcrumb\",\"itemListElement\":[{\"@type\":\"ListItem\",\"position\":1,\"name\":\"Startseite\",\"item\":\"https:\\\/\\\/peter-faessler.spschweiz.ch\\\/\"},{\"@type\":\"ListItem\",\"position\":2,\"name\":\"B 169 Volksinitiativen \u00abLuzerner Kulturlandschaft\u00bb und Gegenvorschlag\"}]},{\"@type\":\"WebSite\",\"@id\":\"https:\\\/\\\/peter-faessler.spschweiz.ch\\\/#website\",\"url\":\"https:\\\/\\\/peter-faessler.spschweiz.ch\\\/\",\"name\":\"Peter F\u00e4ssler\",\"description\":\"SP Kantonsrat Kanton Luzern\",\"potentialAction\":[{\"@type\":\"SearchAction\",\"target\":{\"@type\":\"EntryPoint\",\"urlTemplate\":\"https:\\\/\\\/peter-faessler.spschweiz.ch\\\/?s={search_term_string}\"},\"query-input\":{\"@type\":\"PropertyValueSpecification\",\"valueRequired\":true,\"valueName\":\"search_term_string\"}}],\"inLanguage\":\"de\"},{\"@type\":\"Person\",\"@id\":\"https:\\\/\\\/peter-faessler.spschweiz.ch\\\/#\\\/schema\\\/person\\\/7ac2f764b1930b731c670e8a2393b60e\",\"name\":\"Peter F\u00e4ssler\",\"image\":{\"@type\":\"ImageObject\",\"inLanguage\":\"de\",\"@id\":\"https:\\\/\\\/secure.gravatar.com\\\/avatar\\\/9da8604da19b11812517d76f206166d47c5e180a26df2de36b8649168e128572?s=96&d=blank&r=g\",\"url\":\"https:\\\/\\\/secure.gravatar.com\\\/avatar\\\/9da8604da19b11812517d76f206166d47c5e180a26df2de36b8649168e128572?s=96&d=blank&r=g\",\"contentUrl\":\"https:\\\/\\\/secure.gravatar.com\\\/avatar\\\/9da8604da19b11812517d76f206166d47c5e180a26df2de36b8649168e128572?s=96&d=blank&r=g\",\"caption\":\"Peter F\u00e4ssler\"},\"description\":\"Peter F\u00e4ssler Schibiweg 7 6006 Luzern\",\"sameAs\":[\"www.facebook.com\\\/peter.fassler.31\",\"https:\\\/\\\/www.instagram.com\\\/peter.fassler.31\\\/\",\"https:\\\/\\\/www.linkedin.com\\\/in\\\/peter-fssler-2518a782\\\/\",\"https:\\\/\\\/x.com\\\/pfaessler56\"],\"url\":\"https:\\\/\\\/peter-faessler.spschweiz.ch\\\/?author=19\"}]}<\/script>\n<!-- \/ Yoast SEO plugin. -->","yoast_head_json":{"title":"B 169 Volksinitiativen \u00abLuzerner Kulturlandschaft\u00bb und Gegenvorschlag - Peter F\u00e4ssler","robots":{"index":"index","follow":"follow","max-snippet":"max-snippet:-1","max-image-preview":"max-image-preview:large","max-video-preview":"max-video-preview:-1"},"canonical":"https:\/\/peter-faessler.spschweiz.ch\/?p=2987","og_locale":"de_DE","og_type":"article","og_title":"B 169 Volksinitiativen \u00abLuzerner Kulturlandschaft\u00bb und Gegenvorschlag - Peter F\u00e4ssler","og_description":"Die RUEK wurde an ihrer ersten Sitzung vom 26. August 2019 von der Regierung \u00fcber die Botschaft B 169\u00a0 &#8222;Volksinitiativen \u00abLuzerner Kulturlandschaft\u00bb und Gegenvorschlag; Entw\u00fcrfe...","og_url":"https:\/\/peter-faessler.spschweiz.ch\/?p=2987","og_site_name":"Peter F\u00e4ssler","article_author":"www.facebook.com\/peter.fassler.31","article_published_time":"2020-03-23T16:59:46+00:00","og_image":[{"url":"http:\/\/peter-faessler.spschweiz.ch\/wp-content\/uploads\/sites\/15\/2020\/03\/05_Argumentarium-pro-A4_page_001-b-295x300.jpg","type":"","width":"","height":""}],"author":"Peter F\u00e4ssler","twitter_misc":{"Verfasst von":"Peter F\u00e4ssler","Gesch\u00e4tzte Lesezeit":"4\u00a0Minuten"},"schema":{"@context":"https:\/\/schema.org","@graph":[{"@type":"Article","@id":"https:\/\/peter-faessler.spschweiz.ch\/?p=2987#article","isPartOf":{"@id":"https:\/\/peter-faessler.spschweiz.ch\/?p=2987"},"author":{"name":"Peter F\u00e4ssler","@id":"https:\/\/peter-faessler.spschweiz.ch\/#\/schema\/person\/7ac2f764b1930b731c670e8a2393b60e"},"headline":"B 169 Volksinitiativen \u00abLuzerner Kulturlandschaft\u00bb und Gegenvorschlag","datePublished":"2020-03-23T16:59:46+00:00","mainEntityOfPage":{"@id":"https:\/\/peter-faessler.spschweiz.ch\/?p=2987"},"wordCount":883,"commentCount":0,"image":{"@id":"https:\/\/peter-faessler.spschweiz.ch\/?p=2987#primaryimage"},"thumbnailUrl":"http:\/\/peter-faessler.spschweiz.ch\/wp-content\/uploads\/sites\/15\/2020\/03\/05_Argumentarium-pro-A4_page_001-b-295x300.jpg","articleSection":["Kantonsrat Luzern","Kantonsratsession","Klima","Natur","Parlament","Politik","RUEK","SP Kriens"],"inLanguage":"de","potentialAction":[{"@type":"CommentAction","name":"Comment","target":["https:\/\/peter-faessler.spschweiz.ch\/?p=2987#respond"]}]},{"@type":"WebPage","@id":"https:\/\/peter-faessler.spschweiz.ch\/?p=2987","url":"https:\/\/peter-faessler.spschweiz.ch\/?p=2987","name":"B 169 Volksinitiativen \u00abLuzerner Kulturlandschaft\u00bb und Gegenvorschlag - Peter F\u00e4ssler","isPartOf":{"@id":"https:\/\/peter-faessler.spschweiz.ch\/#website"},"primaryImageOfPage":{"@id":"https:\/\/peter-faessler.spschweiz.ch\/?p=2987#primaryimage"},"image":{"@id":"https:\/\/peter-faessler.spschweiz.ch\/?p=2987#primaryimage"},"thumbnailUrl":"http:\/\/peter-faessler.spschweiz.ch\/wp-content\/uploads\/sites\/15\/2020\/03\/05_Argumentarium-pro-A4_page_001-b-295x300.jpg","datePublished":"2020-03-23T16:59:46+00:00","author":{"@id":"https:\/\/peter-faessler.spschweiz.ch\/#\/schema\/person\/7ac2f764b1930b731c670e8a2393b60e"},"breadcrumb":{"@id":"https:\/\/peter-faessler.spschweiz.ch\/?p=2987#breadcrumb"},"inLanguage":"de","potentialAction":[{"@type":"ReadAction","target":["https:\/\/peter-faessler.spschweiz.ch\/?p=2987"]}]},{"@type":"ImageObject","inLanguage":"de","@id":"https:\/\/peter-faessler.spschweiz.ch\/?p=2987#primaryimage","url":"https:\/\/peter-faessler.spschweiz.ch\/wp-content\/uploads\/sites\/15\/2020\/03\/05_Argumentarium-pro-A4_page_001-b.jpg","contentUrl":"https:\/\/peter-faessler.spschweiz.ch\/wp-content\/uploads\/sites\/15\/2020\/03\/05_Argumentarium-pro-A4_page_001-b.jpg","width":595,"height":605,"caption":"Bild aus Argumentarium Komitee"},{"@type":"BreadcrumbList","@id":"https:\/\/peter-faessler.spschweiz.ch\/?p=2987#breadcrumb","itemListElement":[{"@type":"ListItem","position":1,"name":"Startseite","item":"https:\/\/peter-faessler.spschweiz.ch\/"},{"@type":"ListItem","position":2,"name":"B 169 Volksinitiativen \u00abLuzerner Kulturlandschaft\u00bb und Gegenvorschlag"}]},{"@type":"WebSite","@id":"https:\/\/peter-faessler.spschweiz.ch\/#website","url":"https:\/\/peter-faessler.spschweiz.ch\/","name":"Peter F\u00e4ssler","description":"SP Kantonsrat Kanton Luzern","potentialAction":[{"@type":"SearchAction","target":{"@type":"EntryPoint","urlTemplate":"https:\/\/peter-faessler.spschweiz.ch\/?s={search_term_string}"},"query-input":{"@type":"PropertyValueSpecification","valueRequired":true,"valueName":"search_term_string"}}],"inLanguage":"de"},{"@type":"Person","@id":"https:\/\/peter-faessler.spschweiz.ch\/#\/schema\/person\/7ac2f764b1930b731c670e8a2393b60e","name":"Peter F\u00e4ssler","image":{"@type":"ImageObject","inLanguage":"de","@id":"https:\/\/secure.gravatar.com\/avatar\/9da8604da19b11812517d76f206166d47c5e180a26df2de36b8649168e128572?s=96&d=blank&r=g","url":"https:\/\/secure.gravatar.com\/avatar\/9da8604da19b11812517d76f206166d47c5e180a26df2de36b8649168e128572?s=96&d=blank&r=g","contentUrl":"https:\/\/secure.gravatar.com\/avatar\/9da8604da19b11812517d76f206166d47c5e180a26df2de36b8649168e128572?s=96&d=blank&r=g","caption":"Peter F\u00e4ssler"},"description":"Peter F\u00e4ssler Schibiweg 7 6006 Luzern","sameAs":["www.facebook.com\/peter.fassler.31","https:\/\/www.instagram.com\/peter.fassler.31\/","https:\/\/www.linkedin.com\/in\/peter-fssler-2518a782\/","https:\/\/x.com\/pfaessler56"],"url":"https:\/\/peter-faessler.spschweiz.ch\/?author=19"}]}},"_links":{"self":[{"href":"https:\/\/peter-faessler.spschweiz.ch\/index.php?rest_route=\/wp\/v2\/posts\/2987","targetHints":{"allow":["GET"]}}],"collection":[{"href":"https:\/\/peter-faessler.spschweiz.ch\/index.php?rest_route=\/wp\/v2\/posts"}],"about":[{"href":"https:\/\/peter-faessler.spschweiz.ch\/index.php?rest_route=\/wp\/v2\/types\/post"}],"author":[{"embeddable":true,"href":"https:\/\/peter-faessler.spschweiz.ch\/index.php?rest_route=\/wp\/v2\/users\/19"}],"replies":[{"embeddable":true,"href":"https:\/\/peter-faessler.spschweiz.ch\/index.php?rest_route=%2Fwp%2Fv2%2Fcomments&post=2987"}],"version-history":[{"count":19,"href":"https:\/\/peter-faessler.spschweiz.ch\/index.php?rest_route=\/wp\/v2\/posts\/2987\/revisions"}],"predecessor-version":[{"id":3011,"href":"https:\/\/peter-faessler.spschweiz.ch\/index.php?rest_route=\/wp\/v2\/posts\/2987\/revisions\/3011"}],"wp:attachment":[{"href":"https:\/\/peter-faessler.spschweiz.ch\/index.php?rest_route=%2Fwp%2Fv2%2Fmedia&parent=2987"}],"wp:term":[{"taxonomy":"category","embeddable":true,"href":"https:\/\/peter-faessler.spschweiz.ch\/index.php?rest_route=%2Fwp%2Fv2%2Fcategories&post=2987"},{"taxonomy":"post_tag","embeddable":true,"href":"https:\/\/peter-faessler.spschweiz.ch\/index.php?rest_route=%2Fwp%2Fv2%2Ftags&post=2987"}],"curies":[{"name":"wp","href":"https:\/\/api.w.org\/{rel}","templated":true}]}}