{"id":417,"date":"2016-11-08T09:21:38","date_gmt":"2016-11-08T08:21:38","guid":{"rendered":"http:\/\/peter-faessler.spschweiz.ch\/?p=417"},"modified":"2016-11-08T22:02:57","modified_gmt":"2016-11-08T21:02:57","slug":"kantonsrat-kanton-luzern-session-vom-7-und-8-november-2016-2-tag","status":"publish","type":"post","link":"https:\/\/peter-faessler.spschweiz.ch\/?p=417","title":{"rendered":"Kantonsrat Kanton Luzern: Session vom 7. und 8. November 2016, 2. Tag"},"content":{"rendered":"<p><strong>Kantonsrat Kanton Luzern: Bericht aus der Kantonsratssession vom 8. November 2016<\/strong><\/p>\n<p>Heute geht es weiter im Kantonsrat Luzern. Wir beraten folgende Gesch\u00e4fte:<\/p>\n<p><a href=\"http:\/\/www.lu.ch\/kr\/parlamentsgeschaefte\/CdwsFiles?fileid=27d98d0fd3a9425f9219703608300b0a-332&amp;version=15\">B 62<\/a> <em><strong>Nachtragskredite zum Voranschlag 2016<\/strong>; Entwurf Kantonsratsbeschluss \u00fcber die Bewilligung\u00a0<\/em><br \/>\n<em>DerRegierungsratbeantragtdemKantonsratf\u00fcnfNachtragskreditezumVoranschlag 2016. In der Erfolgsrechnung 2016 sollen Mehrkosten von 9,35 Millionen Franken und in der Investitionsrechnung 2016 von 0,88 Millionen Franken bewilligt werden. DieMehrkostenfallenausschliesslichimBildungswesenan.Dergr\u00f6ssteTeilderMehrkosten entsteht in den Aufgabenbereichen Berufs- und Weiterbildung sowie Hochschulbildung. Die Gr\u00fcnde daf\u00fcr liegen vorwiegend in zu tief budgetierten Mengen. Weitere Nachtragskredite werden in den Aufgabenbereichen Volksschulbildung und Gymnasialbildung beantragt.<br \/>\n<\/em>Die Botschaft gibt zu reden. Die SVP lehnt sie ab. Die FDP ist nicht zufrieden mit dem Vorgehen der Regierung. Die SP f\u00fchrt den Nachtragskredit auf die zu enge Budgetierung zur\u00fcck. Auch die Gr\u00fcnen meinen, es bleibe nichts anders \u00fcbrig, als dieser Botschaft zuzustimmen. Auch die GLP stimmt dieser Botschaft zu.<br \/>\nAbstimmungsresultat: 85:25 Zustimmung<\/p>\n<p>Die Wahl des Pr\u00e4sidenten und des Vizepr\u00e4sidenten des Kantonsgerichtes f\u00fcr den Rest der Amtsdauer 2013\u20132017 wird vorgezogen. Wahlzettel werden verteilt, ausgef\u00fcllt und wieder eingesammelt. Das Resultat folgt nach der Ausz\u00e4hlung.<\/p>\n<p><a href=\"http:\/\/www.lu.ch\/kr\/parlamentsgeschaefte\/CdwsFiles?fileid=3599a24e66984d04beab23c6ee738807-332&amp;version=8\">B 50<\/a> <strong>Anpassungen im Kindes- und Erwachsenenschutzrecht<\/strong>; Entwurf \u00c4nderung des Einf\u00fchrungsgesetzes zum Schweizerischen Zivilgesetzbuch<br \/>\n<em>Am 1. Januar 2013 trat das neue Kindes- und Erwachsenenschutzrecht in Kraft. Im Kanton Luzern wurden sieben Kindes- und Erwachsenenschutzbeh\u00f6rden aufgebaut, Zust\u00e4ndigkeiten festgelegt und Abl\u00e4ufe bestimmt. Nach gut drei Jahren Erfahrung sollen nun einige Optimierungen bei den Zust\u00e4ndigkeiten und Abl\u00e4ufen vorgenommen<\/em> <em>werden.<\/em><br \/>\nDiese Botschaft wurde in der Kommission einstimmig genehmigt. Im Rat ist die Botschaft im grossen und ganzen ebenfalls unbestritten.<br \/>\nHier mein Votum: <span style=\"color: #000080\"><em>Seit 2013 gibt es im Kanton Luzern die Kinder- und Erwachsenenschutzbeh\u00f6rde KESB. Gesetzlich Grundlage f\u00fcr die KESB ist das Kindes- und Erwachsenenschutzrecht, das wiederum zum Einf\u00fchrungsgesetz zum Schweizerischen Zivilgesetzbuch geh\u00f6rt.<br \/>\nDie sieben KESB im Kanton Luzern konnten in diesen drei Jahren in ihrem T\u00e4tigkeitsfeld grosse Erfahrungen sammeln. Von gr\u00f6sseren Skandalen (vermeintliche und echte) blieben sie bis heute zum Gl\u00fcck verschont. Wobei in grossen Teilen der Bev\u00f6lkerung der Ruf dieser Institution nicht der Beste ist. Die vorwiegend negative Berichterstattung der Medien hat einen grossen Anteil daran. Denn gute Arbeit in den Institutionen ist keine Schlagzeile wert. Gerade deshalb ist es wichtig, dass die politischen Instanzen hinter dieser Beh\u00f6rde stehen und Hand bieten zu Verbesserungen in den Abl\u00e4ufen und in den Handlungen.<br \/>\nDie hier zu beratenden \u00c4nderungen kommen zum gr\u00f6ssten Teil von den KESB-Organisationen selber. Sie dienen der Vereinfachung und der Optimierung der Abl\u00e4ufe innerhalb dieser Beh\u00f6rde und regelt die Zusammenarbeit mit externen Stellen.<br \/>\nEin wichtiger Teil dieser Vorlage befasst sich mit den Zust\u00e4ndigkeiten bei der Arbeit mit den Klienten. Unser besonderes Augenmerk liegt beim Wohle der betreuten und betroffenen Personen, die Leistungen der KESB in Anspruch nehmen m\u00fcssen. Es ist erfreulich, dass mit dem geplanten Wechsel vom Entscheid der Gesamtbeh\u00f6rde neu zu Einzelzust\u00e4ndigkeiten f\u00fcr die Klientel keine Nachteile und Verschlechterungen absehbar sind. Die Zust\u00e4ndigkeitsfragen sind unserer Meinung nach gut umgesetzt und entsprechen den Bed\u00fcrfnissen der KESBEbenfalls einverstanden sind wir mit zwei weiteren \u00c4nderungsantr\u00e4gen respektive Neuerungen. Die L\u00f6sung f\u00fcr Streitigkeiten bei unterst\u00fctzungspflichtigen Gemeinden entspricht dem neuen Sozialhilfegesetz und sorgt f\u00fcr eine einheitliche Handhabung. Ebenso begr\u00fcssen wir die hier pr\u00e4sentierte L\u00f6sung f\u00fcr die Unterst\u00fctzungspflicht\u00a0 bei Eintritt in eine Betreuungs- oder Pflegeeinrichtung.<br \/>\nSoweit die positiven Aspekte in der Botschaft B 50.<br \/>\nNicht einverstanden waren wir schon in der Vernehmlassung mit \u00a757a zur Entsch\u00e4digung f\u00fcr \u00e4rztliche Unterbringungsentscheide nach einer Zur\u00fcckbehaltung. Neu werden die Kosten den betroffenen Gemeinden auferlegt. Wir sind uns einig, dass der anordnende Arzt oder die anordnende \u00c4rztin ohne grosse Umtriebe entsch\u00e4digt werden soll. Wir sehen aber nicht ein, weshalb die KESB diese Kosten \u00fcbernehmen sollen. Insbesondere, da es nach unsern Informationen in den wenigsten F\u00e4llen Personen betrifft, die von der KESB betreut werden. Die Kosten\u00fcbernahme ergibt nur einen grossen administrativen Aufwand, der schlussendlich wieder von den Gemeinden gedeckt werden muss. Nach unseren Informationen betrifft dies offenbar nur einen Arzt im Kanton Luzern, der bereit ist, solche Unterbringungsentscheide zu f\u00e4llen. Im Kanton Luzern kann offenbar keine \u00e4rztliche Person zu solchen Entscheiden verpflichtet werden.<br \/>\nWir sind der Meinung, dass dieses Problem anders, grunds\u00e4tzlicher zu l\u00f6sen sei. Dass beispielsweise der Amtsarzt zu dieser Massnahme verpflichtet ist und die Kosten so \u00fcber den Kanton geregelt werden. Die Regierung lehnt die L\u00f6sung mit dem Amtsarzt ab, weil es schon heute schwierig sei, einen solchen zu rekrutieren. Auch lassen sich die Kosten nicht nach TARMED auf die Krankenversicherer abw\u00e4lzen. Die Situation bleibt unbefriedigend.<br \/>\nNicht eingegangen wurde auf unsere Forderung (und der KESB-Pr\u00e4sidialkonferenz sowie einzelner Gemeinden) in der Vernehmlassung nach einheitlichen Geb\u00fchren anstelle der heutigen unterschiedlichen Geb\u00fchrenordnungen der einzelnen KESB. Die SP w\u00fcrde es begr\u00fcssen, wenn die Geb\u00fchren der Mandatsf\u00fchrungen der einzelnen KESB im Kanton Luzern aneinander angeglichen und gesetzlich festgehalten w\u00fcrden. Heute weisen die Kosten und die Art der Kostenberechnungen je nach KESB grosse Unterschiede aus. Dies ergibt insbesondere grosse Probleme, wenn eine betreute Person die Wohngemeinde wechselt. Besonders wenn die neue Gemeinde h\u00f6here KESB Mandatsf\u00fchrungskosten der fr\u00fcheren Wohngemeinde verrechnet. Dies k\u00f6nnte unn\u00f6tige Auseinandersetzungen zwischen den betroffenen Gemeinden verursachen. Die Regierung meint, dazu brauche es keine Gesetzes\u00e4nderung, die KESB seien zusammen mit ihren Tr\u00e4gerschaften selber daf\u00fcr zust\u00e4ndig. Wir werden weiterhin die Geb\u00fchren der KESB im Auge behalten.<br \/>\nUnser Fazit zu dieser Botschaft: Im Grossen und Ganzen sind die Anpassungen dieses Gesetzes sinnvoll. Insbesondere die Regelung der Einzelzust\u00e4ndigkeiten bringt den KESB-Organisationen eine sp\u00fcrbare Effizienzsteigerung und wird von diesen auch getragen. Daher wird die SP Fraktion dieser Botschaft grossmehrheitlich zustimmen.<br \/>\n<\/em><span style=\"color: #000000\">Abstimmungsergebnisse:<\/span> <span style=\"color: #000000\">Einstimmig mit 105 Stimmen angenommen<\/span><em><br \/>\n<\/em><\/span><\/p>\n<p><a href=\"http:\/\/www.lu.ch\/kr\/parlamentsgeschaefte\/CdwsFiles?fileid=2c21680110be426894bd6539533d319e-332&amp;version=2\">B 54<\/a> <strong>Einzelrichterinnen und Einzelrichter in Strafverfahren an den erstinstanzlichen Gerichten<\/strong>; Teilrevision Justizgesetz<br \/>\n<em>Bei den erstinstanzlichen Gerichten soll die Entscheidungskompetenz des Einzelrichters oder der Einzelrichterin in Strafsachen ausgeweitet werden. Erstinstanzliche Gerichte in Strafsachen sind die Bezirksgerichte Luzern, Hochdorf, Kriens und Willisau sowie das Kriminalgericht<\/em><br \/>\nDie Botschaft wird im Rat kontrovers beraten. Die CVP begr\u00fcsst die Botschaft und legt sich auf Variante II fest (Entscheidungskompetenz bis 1 Jahr). Die SVP steht ebenfalls hinter dieser Botschaft. Sie bevorzugen jedoch die Variante I (Entscheidungskompetenz bis 2 Jahre). Die FDP bef\u00fchrwortet diese Botschaft auch. Sie bevorzugt die Variante II. Die Gr\u00fcnen lehnen diese Botschaft ab. Die GLP unterst\u00fctzt diese Botschaft mit Variante<br \/>\nUnd hier mein Votum mit der Meinung der SP Fraktion: <span style=\"color: #000080\"><em>Das Justizwesen in der Schweiz ist wie alles andere auch Ver\u00e4nderungen unterworfen. Aufgabe der Politik ist es, darauf zu reagieren und der n\u00f6tige Schritt einzuleiten. Deshalb wird die SP wird auf diese Botschaft eintreten.<br \/>\nBei unserem Gesch\u00e4ft geht es um die Kompetenzen der Einzelrichter und Einzelrichterinnen an den Bezirksgerichten. Im Kanton Luzern urteilen die Bezirksgerichte (Luzern, Kriens, Hochdorf, Willisau), das Kriminalgericht, das Jugendgericht und das Arbeitsgericht \u00a0in der Regel als Abteilung im Dreiergremium. Einzelrichter und Einzelrichterinnen\u00a0 im Strafrechtsbereich gibt es vorwiegend bei \u00dcbertretungen, bei abgek\u00fcrzten Verfahren und bei Einsprachen gegen Strafbefehle, die sich auf Kosten oder Entsch\u00e4digungen beziehen.<br \/>\nAufgrund von beschlossenen Vorhaben auf Bundesebene gibt es eine Verlagerung der Strafbefehlsverfahren zu Gerichtsverfahren. Zu nennen sind zum Beispiel \u00a0Strafversch\u00e4rfungen\u00a0 bei der \u201eVia Secura\u201c, Umsetzung Ausschaffungsinitiative etc.<br \/>\nDas bedeutet, die Staatsanwaltschaft kann bei bestimmten Delikten nicht mehr das Verfahren mit einem Strafbefehl abschliessen. Mit der Folge dass mehr F\u00e4lle auf die vorher erw\u00e4hnten erstinstanzlichen Gerichten zukommen.<br \/>\nDie Entscheidungskompetenz f\u00fcr Einzelrichter und Einzelrichterinnen in Strafsachen soll deshalb erh\u00f6ht werden. Ein Einzelrichter, eine Einzelrichterin soll k\u00fcnftig auch bei Verbrechen und Vergehen, soweit die Staatsanwaltschaft nicht eine Freiheitsstrafe von mehr als 1 Jahr (entspricht Variante II: Vorschlag Kantonsgericht) respektive 2 Jahren (Variante I: Vorschlag Regierung) vorsieht, Urteile f\u00e4llen k\u00f6nnen.<br \/>\nNach der Strafprozessordnung k\u00f6nnen Bund und Kantone f\u00fcr \u00dcbertretungen, Verbrechen und Vergehen \u2013 ausser die Staatsanwaltschaft beantrag eine Freiheitsstrafe von mehr als 2 Jahren \u2013 ein Einzelgericht vorsehen.<br \/>\nWas bedeutet das f\u00fcr das Gerichtswesen? Es wird mit einer gr\u00f6sseren Effizienz gerechnet, da sich nur noch 1 statt 3 Personen mit dem Fall befassen m\u00fcssen. Es k\u00f6nnen also theoretisch in der gleichen Zeit mehr F\u00e4lle bearbeitet werden. Wobei in der Praxis sich meist nur 1 richtenden Person im Dreiergremium intensiv mit dem Fall befasst.<br \/>\nWo sehen wir die Gefahr dieser Massnahme? Je gr\u00f6sser der Eingriff in die pers\u00f6nliche Freiheit ist, desto breiter m\u00fcssen die Gerichtsurteile abgest\u00fctzt ausfallen. Die Entscheide m\u00fcssen ausgewogen und nachvollziehbar sein. Pers\u00f6nliche Ansichten und politische Einstellungen d\u00fcrfen nicht massgebend bei der Urteilsfindung sein. Denn jede Person, die mit dem Gesetz in Konflikt ger\u00e4t, hat das Recht auf einen fairen Prozess und ein faires Gerichtsurteil. Besonders, wenn es sich um einen Grundrechtseingriff wie ein Freiheitsentzug handelt. Denn vergessen wir nicht, Richten ist schlussendlich auch ein politisches Amt.<br \/>\nHinzu kommt, dass die Richtenden keinem Weisungsrecht unterstehen. Sie sind unabh\u00e4ngig in ihren Entscheiden, soweit sie sich im Bereich der Gesetze bewegen. Kein Gerichtspr\u00e4sident, keine Gerichtspr\u00e4sidentin kann ihnen beim Urteilen dreinreden, ihre Ermessensspielraum steuern. Die Gefahr von sehr weit auseinander triftenden Gerichtsurteilen sehen wir als sehr gross an. Dies ist bei einem Dreiergremium weniger der Fall als bei Einzelrichter und Einzelrichterinnen.<br \/>\nWir bef\u00fcrchten, dass eine Ausweitung der Einzelrichterkompetenz der Akzeptanz der Urteile schadet. Mit der Folge, dass Urteile vermehrt ans Kantonsgericht weitergezogen werden. Mit allen finanziellen Folgen f\u00fcr den Kanton und die Betroffenen. Der gew\u00fcnschte Effekt, finanziell und personell, w\u00fcrde so wirkungslos verpuffen.<br \/>\nAus diesen Gr\u00fcnden lehnen wir beiden hier zur Diskussion stehenden Varianten ab. Erweiterung auf 1 Jahr, wie sie die Gerichte als Kompromiss eingehen wollen oder m\u00fcssen, und auf 2 Jahre, wie sie die Regierung w\u00fcnscht. Wir sind \u00fcberzeugt, dass sich die heutige Praxis gut bew\u00e4hrt. F\u00fcr uns w\u00e4re es wichtiger, dem Gericht gen\u00fcgend Ressourcen zur Verf\u00fcgung zu stellen, damit sie auch in Zukunft ihr Amt in W\u00fcrde und Gerechtigkeit aus\u00fcben k\u00f6nnen.<\/em><\/span><br \/>\nAbstimmungsergebnis: Varianten I : II 28:82 f\u00fcr Variante II (Entscheidungskompetenz bis 1 Jahr)<br \/>\nSchlussabstimmung: 90:22 Zustimmung gegen die Stimmen der Gr\u00fcnen und der SP<br \/>\n<a href=\"http:\/\/www.srf.ch\/news\/regional\/zentralschweiz\/im-kanton-luzern-entscheidet-neu-vermehrt-ein-einzelrichter\">Link zur Berichterstattung SRF<\/a><\/p>\n<p><a href=\"http:\/\/www.lu.ch\/kr\/parlamentsgeschaefte\/CdwsFiles?fileid=0999a2bfe22541c39ca62f6badeeeedf-332&amp;version=17\">B 52<\/a> <strong>Aufhebung einer Eigentumsbeschr\u00e4nkung bei Grundst\u00fccken der Stiftung f\u00fcr Schwerbehinderte Luzern<\/strong><br \/>\n<em>Mit einem Kantonsratsbeschluss soll eine Eigentumsbeschr\u00e4nkung bei Grundst\u00fccken derStiftungf\u00fcrSchwerbehinderteLuzerninRathausenaufgehobenwerden.DieStiftung hat diese Eigentumsbeschr\u00e4nkung bei der Fusion mit der Stiftung Erziehungsheim RathausenimJahre1988vondieser\u00fcbernommen.MitderAufhebungsollderStiftung f\u00fcr Schwerbehinderte Luzern erm\u00f6glicht werden, anstehende grosse Projekte miteiner Hypothek zu finanzieren.<\/em><\/p>\n<p>Diskussion und Abstimmung dieses Gesch\u00e4ftes habe ich verpasst, da ich in der Kaffeepause in der &#8222;Wandelhalle&#8220; mit Marcel Schwerzmann und Susanne Truttmann \u00fcber Wohnmobile und Camping diskutiert habe. Auch dies hat Platz in einer Session, wenn nicht gerade eigene Gesch\u00e4fte anstehen.<em><br \/>\n<\/em><\/p>\n<p><strong>Nun kommen wir zu den Vorst\u00f6ssen<\/strong><\/p>\n<p><strong>Berichterstattung zum Leistungsauftrag der Hochschule Luzern, FH Zentralschweiz f\u00fcr die Jahre 2013\u20132015<br \/>\n<\/strong>Der Rat nimmt die Berichterstattung zur Kenntnis<strong><br \/>\n<\/strong><\/p>\n<p><a href=\"http:\/\/peter-faessler.spschweiz.ch\/wp-admin\/upload.php?item=433\"><strong>Petition zur Erhaltung der Bushaltestelle der VBL Linie Nr. 22 im Gebiet Breitfeld, Inwil <\/strong><\/a><br \/>\nDie\u00a0 Petition wird mit 103:0 Stimmen zur Kenntnis genommen<\/p>\n<p><a href=\"http:\/\/www.lu.ch\/kr\/parlamentsgeschaefte\/CdwsFiles?fileid=4f7cbb7341f041439761fa57ddd06c09-332&amp;version=1\">A 107<\/a> <strong>Anfrage Nussbaum Adrian (CVP) und Mit. \u00fcber die Unternehmenssteuerreform III und deren finanzielle Auswirkungen auf den Kanton Luzern\u00a0<\/strong><br \/>\n<a href=\"http:\/\/www.lu.ch\/kr\/parlamentsgeschaefte\/CdwsFiles?fileid=05082bf61cfc4797a723d7e48932f768-332&amp;version=15\">Antwort der Regierung<\/a>.<br \/>\nAdrian Nussbaum ist mit der Antwort nicht zufrieden. Es erfolgt eine Diskussion mit den Gr\u00fcnen und der SP.<\/p>\n<p><a href=\"http:\/\/www.lu.ch\/kr\/parlamentsgeschaefte\/CdwsFiles?fileid=1166c8763c154662ae791123f356390f-332&amp;version=2\">P 163<\/a> <strong>Postulat Budmiger Marcel (SP) und Mit. \u00fcber die neue Feierlaune des Regierungsrates\u00a0<\/strong><br \/>\n<a href=\"http:\/\/www.lu.ch\/kr\/parlamentsgeschaefte\/CdwsFiles?fileid=0a752a5e020341abb66cb8c50eaba774-332&amp;version=10\">Antwort der Regierung<\/a><br \/>\nRege Diskussion zwischen Links und Rechts<br \/>\nAbstimmung: 27:84 teilweise Erheblicherkl\u00e4rung abgelehnt<\/p>\n<p><strong>Wahl des Pr\u00e4sidenten und des Vizepr\u00e4sidenten des Kantonsgerichtes f\u00fcr den Rest der Amtsdauer 2013\u20132017<\/strong><br \/>\nErgebnisse: Pr\u00e4sident Marius Wiegand 90Stimmen, Vizepr\u00e4sident Andreas Galli 110 Stimmen<\/p>\n<p><a href=\"http:\/\/www.lu.ch\/kr\/parlamentsgeschaefte\/detail?ges=5f1efb5fbc47498ca21ffdf51e823600&amp;back=1&amp;geschaeftsnr=a 126&amp;art=-0-1-2&amp;bart=-0-1-2-3-4&amp;vart=-0-1-2-3&amp;gart=1&amp;status=-0-1\">A 126<\/a> Anfrage Odermatt Marlene und Mit. \u00fcber den aktuellen Stand der Erstellung eines Waffenregisters<br \/>\n<a href=\"http:\/\/www.lu.ch\/kr\/parlamentsgeschaefte\/CdwsFiles?fileid=21037f3fb5ad403fb582aa4f829c262d-332&amp;version=13\">Antwort der Regierung<\/a><\/p>\n<p><a href=\"http:\/\/www.lu.ch\/kr\/parlamentsgeschaefte\/CdwsFiles?fileid=7870f7f1b3ad44ae94d351dd6f0c9667-332&amp;version=2\">A 115<\/a> <strong>Anfrage Zemp Baumgartner Yvonne (SP) und Mit. \u00fcber die Spitalplanung und die Finanzierung \/ Gesundheits- und Sozialdepartement<\/strong><br \/>\n<a href=\"http:\/\/www.lu.ch\/kr\/parlamentsgeschaefte\/CdwsFiles?fileid=3e70b1b4612f412ea17d7672af975c4c-332&amp;version=10\">Antwort der Regierung<\/a>. Yvonne Zemp ist mit der Antwort nicht zufrieden<br \/>\n<a href=\"http:\/\/www.lu.ch\/kr\/parlamentsgeschaefte\/CdwsFiles?fileid=b9c2abcd8a7045e4ba6ec4104e3a758a-332&amp;version=3\">P 116<\/a> <strong>Postulat Zemp Baumgartner Yvonne und Mit. \u00fcber die Situation am Luzerner Kantonsspital (LUKS)<\/strong><br \/>\n<a href=\"http:\/\/www.lu.ch\/kr\/parlamentsgeschaefte\/CdwsFiles?fileid=2465bdcc16204f53887dd94bca05f35a-332&amp;version=14\">Antwort der Regierung<\/a><br \/>\nDiskussion \u00fcber die F\u00fchrung der Regierung erfolgt. Die einen sind mit den Antworten zufrieden, die andern nicht. Offenbar sind die Kompetenzen der Regierung und des LUPS sind hier im Saal nicht allen klar.<br \/>\nAbstimmung: Ablehnung mit 27:77 Stimmen<\/p>\n<p><strong>Mittagspause<\/strong><\/p>\n<p><strong>Dringliche Vorst\u00f6sse<\/strong><\/p>\n<p>P 210<strong> Postulat Roth David (SP) und Mit. \u00fcber die Schliessung der Poststellen und die fr\u00fchzeitige Einbindung der Gemeinden in den Prozess. <\/strong>Hier der Link: <a href=\"http:\/\/peter-faessler.spschweiz.ch\/wp-content\/uploads\/sites\/15\/2016\/11\/P-210.pdf\">p-210<\/a><br \/>\nRegierung w\u00fcnscht eine teilweise Erheblichkeit. Hier der Link f\u00fcr die Antwort: <a href=\"http:\/\/peter-faessler.spschweiz.ch\/wp-content\/uploads\/sites\/15\/2016\/11\/P-210-Antwort-RR-RothDavid.pdf\">p-210-antwort-rr-rothdavid<\/a><br \/>\nDie <strong>CVP<\/strong> unterst\u00fctzt uns f\u00fcr die Vollerheblichkeit des Postulates. Die <strong>GLP<\/strong> ist f\u00fcr teilweise Erheblichkeit. Die <strong>Gr\u00fcnen<\/strong> sind f\u00fcr die Erheblichkeit. Die <strong>FDP<\/strong> ist f\u00fcr Stimmfreigabe. Die <strong>SVP<\/strong> unterst\u00fctzt ebenfalls die \u00dcberweisung.<br \/>\nAbstimmung: 70:40 f\u00fcr erheblich erkl\u00e4rt<\/p>\n<p><strong>Es geht weiter mit der Traktandenliste<\/strong><\/p>\n<p><a href=\"http:\/\/www.lu.ch\/kr\/parlamentsgeschaefte\/CdwsFiles?fileid=5eba913dd4c34b4e9bf8c35c6455c3dc-332&amp;version=1\">A 134<\/a> <strong>Anfrage Graber Mich\u00e8le (GLP) und Mit. \u00fcber die Ausschreibung eines Klinikinformationssystems des Luzerner Kantonsspitals<\/strong><br \/>\n<a href=\"http:\/\/www.lu.ch\/kr\/parlamentsgeschaefte\/CdwsFiles?fileid=212edee505d747bcb7cb86c553761fa3-332&amp;version=13\">Antwort der Regierung.<\/a> Mich\u00e8le Graber ist mit der Antwort nur teilweise zufrieden. Sie w\u00fcnscht die Diskussion.<br \/>\nKeine Partei ergreift das Wort.<\/p>\n<p><a href=\"http:\/\/www.lu.ch\/kr\/parlamentsgeschaefte\/CdwsFiles?fileid=fe0a604a0ef548dc9cb507d1c7b10c3f-332&amp;version=1\">P 157<\/a> <strong>Postulat Wolanin Jim (FDP) und Mit. \u00fcber eine Unterst\u00fctzung von Arbeitgebern bei der Anstellung von vorl\u00e4ufig Aufgenommenen und anerkannten Fl\u00fcchtlingen<\/strong><br \/>\n<a href=\"http:\/\/www.lu.ch\/kr\/parlamentsgeschaefte\/CdwsFiles?fileid=0a8997248c064e82a730ad9f0d29e328-332&amp;version=16\">Antwort der Regierung<\/a><br \/>\nAblehnungsantrag von der SVP. Es wird ein negatives Beispiel aus der Praxis geboten.<br \/>\nDie <strong>Gr\u00fcnen<\/strong> unterst\u00fctzen das Postulat und w\u00fcnschen ebenfalls eine Vereinfachung f\u00fcr Stellenantritt und -wecchsel. Auch die <strong>CVP<\/strong> unterst\u00fctzt die Vereinfachung f\u00fcr einen Stellenantritt und unterst\u00fctzen das Postulat. Die <strong>SP<\/strong> unterst\u00fctzt das Postulat ebenfalls, genau wie die <strong>GLP<\/strong>.<br \/>\nAbstimmung: 87:20 \u00fcberwiesen<\/p>\n<p><a href=\"http:\/\/www.lu.ch\/kr\/parlamentsgeschaefte\/CdwsFiles?fileid=d93121f689274d2c9883e6874ac782af-332&amp;version=1\">A 173<\/a> <strong>Anfrage M\u00fcller Guido (SVP) und Mit. \u00fcber die Effizienz von arbeitsmarktbezogenen Weiterbildungsmassnahmen der Regionalen Arbeitsvermittlungszentren (RAV) des Kantons Luzern<\/strong><br \/>\n<a href=\"http:\/\/www.lu.ch\/kr\/parlamentsgeschaefte\/CdwsFiles?fileid=0636d12b3a5e468bb9147a010ec4d231-332&amp;version=14\">Antwort der Regierung.<\/a> Guido M\u00fcller ist mit der Antwort nicht zufrieden und w\u00fcnscht Diskussion<br \/>\nKeine Parteien ergreifen das Wort.<\/p>\n<p><a href=\"http:\/\/www.lu.ch\/kr\/parlamentsgeschaefte\/CdwsFiles?fileid=26ed0a4ffb3849f4bd8bdf7b49e3ac4a-332&amp;version=1\">P 174<\/a> <strong>Postulat Reusser Christina (Gr\u00fcne) und Mit. \u00fcber die Errichtung einer Beistandschaft oder Vormundschaft f\u00fcr unbegleitete minderj\u00e4hrige Kinder und Jugendliche aus dem Asylbereich<\/strong><br \/>\n<a href=\"http:\/\/www.lu.ch\/kr\/parlamentsgeschaefte\/CdwsFiles?fileid=b04612119080459c914bcc6534059ec8-332&amp;version=10\">Antwort der Regierung<br \/>\n<\/a>Die <strong>SVP<\/strong> lehnt das Postulat ab. Die <strong>FDP<\/strong> lehnt das Postulat wegen Erf\u00fcllung ab.<br \/>\nDie <strong>GLP<\/strong> unterst\u00fctzt das Postulat.<br \/>\nAbstimmung: 58:44 erheblich erkl\u00e4rt<\/p>\n<p><a href=\"http:\/\/www.lu.ch\/kr\/parlamentsgeschaefte\/CdwsFiles?fileid=496ec0804b6c410daeb28f2c47bcb9c3-332&amp;version=2\">A 176<\/a> <strong>Anfrage Keller Daniel (SVP) und Mit. \u00fcber die l\u00e4ngerfristige Planung in Bezug auf die Erreichbarkeit des Luzerner Kantonsspitals (LUKS)<\/strong><br \/>\n<a href=\"http:\/\/www.lu.ch\/kr\/parlamentsgeschaefte\/CdwsFiles?fileid=1d05bc6ad34e437c9f5b8bf851d43a42-332&amp;version=6\">Antwort der Regierung<\/a>. Daniel\u00a0 Keller ist mit der Antwort nicht zufrieden. Er w\u00fcnscht Diskussion.<br \/>\nKeine Partei ergreift das Wort.<\/p>\n<p><a href=\"http:\/\/www.lu.ch\/kr\/parlamentsgeschaefte\/CdwsFiles?fileid=92e8367ea0c54543afe5f4426c796fe4-332&amp;version=2\">M 152<\/a> <strong>Motion Hunkeler Yvonne (AKK (CVP)) namens der AKK \u00fcber einen T\u00e4tigkeitsbericht der Gerichte<\/strong><br \/>\n<a href=\"http:\/\/www.lu.ch\/kr\/parlamentsgeschaefte\/CdwsFiles?fileid=3f8e65d50c0f44b38198af45e2832f74-332&amp;version=12\">Antwort der Regierung<\/a><br \/>\nDie GLP lehnt die Motion ab, m\u00f6chte sie als Postulat. Die SVP lehnt diese Motion ab.<br \/>\nAbstimmung: 82:27 zugestimmt<\/p>\n<p><a href=\"http:\/\/www.lu.ch\/kr\/parlamentsgeschaefte\/CdwsFiles?fileid=1e5e8892e574408a9f6f8de6fd083f4a-332&amp;version=2\">P 159<\/a> <strong>Postulat Peter Fabian (FDP) und Mit. \u00fcber die Abschaffung des Versicherungsobligatoriums von illegalen Bauten<\/strong><br \/>\n<a href=\"http:\/\/www.lu.ch\/kr\/parlamentsgeschaefte\/CdwsFiles?fileid=c182084f1669468fa9b0908b736a77e9-332&amp;version=13\">Antwort der Regierung<\/a><br \/>\nDer Postulant zieht das Postulat zur\u00fcck<\/p>\n<p><a href=\"http:\/\/www.lu.ch\/kr\/parlamentsgeschaefte\/CdwsFiles?fileid=c0810809072a4376b2ba56565a31d481-332&amp;version=2\">P 178<\/a> <strong>Postulat Stutz Hans (Gr\u00fcne) und Mit. \u00fcber den aktiven Einbezug von interessierten Kreisen bei Vernehmlassungen<\/strong><br \/>\n<a href=\"http:\/\/www.lu.ch\/kr\/parlamentsgeschaefte\/CdwsFiles?fileid=a8fa87eedfc2499f9b76e9a0b19eaa0a-332&amp;version=16\">Antwort der Regierung<\/a><br \/>\nDie Regierung lehnt das Postulat ab. Die FDP lehnt dieses Postulat ebenfalls ab. Die SVP, die CVP auch.<br \/>\nAbstimmung: 18:79 Ablehnung<\/p>\n<p><a href=\"http:\/\/www.lu.ch\/kr\/parlamentsgeschaefte\/CdwsFiles?fileid=a7205d72719c42a0b4f5811fd71e1708-332&amp;version=5\">P 105<\/a> <strong>Postulat Peter Fabian (FDP) und Mit. \u00fcber eine \u00dcberpr\u00fcfung der Anzahl, des Umfangs und der Gestaltung verschiedenster Berichte (Jahresberichte, T\u00e4tigkeitsberichte usw.) in der kantonalen Verwaltung und ausgelagerten Institutionen, bei denen der Kanton wesentlich beteiligt ist\u00a0<\/strong><br \/>\n<a href=\"http:\/\/www.lu.ch\/kr\/parlamentsgeschaefte\/CdwsFiles?fileid=a839040142634b39b1ff3fdbe04698a2-332&amp;version=18\">Antwort der Regierung<\/a><br \/>\nDie Regierung w\u00fcnscht teilweise Erheblichkeit. Die SP schliesst sich dem an. Die CVP ist gespalten in teilweise und volle \u00dcberweisung. Die SVP ist f\u00fcr volle \u00dcberweisung.<br \/>\nWegen Bio-Pause den Rest der Debatte verpasst.<\/p>\n<p><a href=\"http:\/\/www.lu.ch\/kr\/parlamentsgeschaefte\/CdwsFiles?fileid=448012644e814670a8322e93fefb7b99-332&amp;version=2\">M 184<\/a> <strong>Motion Hunkeler Yvonne (CVP) und Mit. \u00fcber die Einreichung einer Kantonsinitiative \u00fcber die Beseitigung der Heiratsstrafe<\/strong><br \/>\n<a href=\"http:\/\/www.lu.ch\/kr\/parlamentsgeschaefte\/CdwsFiles?fileid=51e4ab35c82f405c9fbfb5e82aaa8419-332&amp;version=12\">Antwort der Regierung<\/a><br \/>\nDie Regierung lehnt diese Motion ab. Die Gr\u00fcnen lehnen diese Motion ebenfalls ab. Die SVP bef\u00fcrwortet sie. Die GLP, die FDP und die SP lehnen sie ab. Sie bef\u00fcrworten die Individualbesteuerung. Das Thema ist in Bern bereits angekommen.<br \/>\nAbstimmung: 50:55 abgelehnt<\/p>\n<p><a href=\"http:\/\/www.lu.ch\/kr\/parlamentsgeschaefte\/CdwsFiles?fileid=8780c9221b2044d9b4d3cf2a1f5a5992-332&amp;version=4\">M 193<\/a> <strong>Motion Zimmermann Marcel (SVP) und Mit. \u00fcber einen Planungsbericht zur Organisationsentwicklung\u00a0<\/strong><br \/>\n<a href=\"http:\/\/www.lu.ch\/kr\/parlamentsgeschaefte\/CdwsFiles?fileid=858666d888c544619e577a02c0b7a6b1-332&amp;version=13\">Antwort der Regierung<\/a><br \/>\nRegierung lehnt Motion ab.<br \/>\nSP Antrag f\u00fcr Postulat liegt vor.<br \/>\nMotion\u00e4r verzichtet auf Motion. Er w\u00fcnscht regelm\u00e4ssige Bericht und ist mit Postulat einverstanden.<br \/>\nCVP ist f\u00fcr Postulat, FDP und Gr\u00fcnde ebenfalls. Die GLP unterst\u00fctzt Postulat.<br \/>\nAbstimmung: 104:3 \u00fcberwiesen<\/p>\n<p><a href=\"http:\/\/www.lu.ch\/kr\/parlamentsgeschaefte\/CdwsFiles?fileid=7ea22ada4ae542249c8d4e4fb2dcc28b-332&amp;version=5\">P 181<\/a> <strong>Postulat Gr\u00fcter Thomas (CVP) und Mit. \u00fcber die Aktualisierung der Sch\u00fclerzahlen w\u00e4hrend der Budgetphase\u00a0<\/strong><br \/>\n<a href=\"http:\/\/www.lu.ch\/kr\/parlamentsgeschaefte\/CdwsFiles?fileid=bc6e8691c6214622aa5b3aacd9e4532b-332&amp;version=3\">Antwort Regierung<\/a><br \/>\nPostulat wird zur\u00fcckgezogen.<\/p>\n<p>16.35 Ende der Novembersession!<\/p>\n<p>&nbsp;<\/p>\n<p>&nbsp;<\/p>\n<div id=\"kpm_content_wrapper\" class=\"notranslate\"><\/div>\n","protected":false},"excerpt":{"rendered":"<p>Kantonsrat Kanton Luzern: Bericht aus der Kantonsratssession vom 8. November 2016 Heute geht es weiter im Kantonsrat Luzern. Wir beraten folgende Gesch\u00e4fte: B 62 Nachtragskredite&#8230;<\/p>\n","protected":false},"author":19,"featured_media":383,"comment_status":"open","ping_status":"open","sticky":false,"template":"","format":"standard","meta":{"footnotes":""},"categories":[1],"tags":[12,8,9,11,14,13,10,15],"class_list":["post-417","post","type-post","status-publish","format-standard","has-post-thumbnail","hentry","category-sp-kriens","tag-einzelrichter","tag-kanton-luzern","tag-kantonsrat","tag-kesb","tag-kp-17","tag-leistungsabbau","tag-session","tag-sp"],"yoast_head":"<!-- This site is optimized with the Yoast SEO plugin v27.5 - https:\/\/yoast.com\/product\/yoast-seo-wordpress\/ -->\n<title>Kantonsrat Kanton Luzern: Session vom 7. und 8. November 2016, 2. Tag - Peter F\u00e4ssler<\/title>\n<meta name=\"robots\" content=\"index, follow, max-snippet:-1, max-image-preview:large, max-video-preview:-1\" \/>\n<link rel=\"canonical\" href=\"https:\/\/peter-faessler.spschweiz.ch\/?p=417\" \/>\n<meta property=\"og:locale\" content=\"de_DE\" \/>\n<meta property=\"og:type\" content=\"article\" \/>\n<meta property=\"og:title\" content=\"Kantonsrat Kanton Luzern: Session vom 7. und 8. November 2016, 2. Tag - Peter F\u00e4ssler\" \/>\n<meta property=\"og:description\" content=\"Kantonsrat Kanton Luzern: Bericht aus der Kantonsratssession vom 8. November 2016 Heute geht es weiter im Kantonsrat Luzern. Wir beraten folgende Gesch\u00e4fte: B 62 Nachtragskredite...\" \/>\n<meta property=\"og:url\" content=\"https:\/\/peter-faessler.spschweiz.ch\/?p=417\" \/>\n<meta property=\"og:site_name\" content=\"Peter F\u00e4ssler\" \/>\n<meta property=\"article:author\" content=\"www.facebook.com\/peter.fassler.31\" \/>\n<meta property=\"article:published_time\" content=\"2016-11-08T08:21:38+00:00\" \/>\n<meta property=\"article:modified_time\" content=\"2016-11-08T21:02:57+00:00\" \/>\n<meta property=\"og:image\" content=\"https:\/\/peter-faessler.spschweiz.ch\/wp-content\/uploads\/sites\/15\/2016\/11\/Empfang-1024x576.jpg\" \/>\n\t<meta property=\"og:image:width\" content=\"1024\" \/>\n\t<meta property=\"og:image:height\" content=\"576\" \/>\n\t<meta property=\"og:image:type\" content=\"image\/jpeg\" \/>\n<meta name=\"author\" content=\"Peter F\u00e4ssler\" \/>\n<meta name=\"twitter:label1\" content=\"Verfasst von\" \/>\n\t<meta name=\"twitter:data1\" content=\"Peter F\u00e4ssler\" \/>\n\t<meta name=\"twitter:label2\" content=\"Gesch\u00e4tzte Lesezeit\" \/>\n\t<meta name=\"twitter:data2\" content=\"14\u00a0Minuten\" \/>\n<script type=\"application\/ld+json\" class=\"yoast-schema-graph\">{\"@context\":\"https:\\\/\\\/schema.org\",\"@graph\":[{\"@type\":\"Article\",\"@id\":\"https:\\\/\\\/peter-faessler.spschweiz.ch\\\/?p=417#article\",\"isPartOf\":{\"@id\":\"https:\\\/\\\/peter-faessler.spschweiz.ch\\\/?p=417\"},\"author\":{\"name\":\"Peter F\u00e4ssler\",\"@id\":\"https:\\\/\\\/peter-faessler.spschweiz.ch\\\/#\\\/schema\\\/person\\\/7ac2f764b1930b731c670e8a2393b60e\"},\"headline\":\"Kantonsrat Kanton Luzern: Session vom 7. und 8. November 2016, 2. Tag\",\"datePublished\":\"2016-11-08T08:21:38+00:00\",\"dateModified\":\"2016-11-08T21:02:57+00:00\",\"mainEntityOfPage\":{\"@id\":\"https:\\\/\\\/peter-faessler.spschweiz.ch\\\/?p=417\"},\"wordCount\":2712,\"commentCount\":0,\"image\":{\"@id\":\"https:\\\/\\\/peter-faessler.spschweiz.ch\\\/?p=417#primaryimage\"},\"thumbnailUrl\":\"https:\\\/\\\/peter-faessler.spschweiz.ch\\\/wp-content\\\/uploads\\\/sites\\\/15\\\/2016\\\/11\\\/Empfang.jpg\",\"keywords\":[\"Einzelrichter\",\"Kanton Luzern\",\"Kantonsrat\",\"KESB\",\"KP 17\",\"Leistungsabbau\",\"Session\",\"SP\"],\"articleSection\":[\"SP Kriens\"],\"inLanguage\":\"de\",\"potentialAction\":[{\"@type\":\"CommentAction\",\"name\":\"Comment\",\"target\":[\"https:\\\/\\\/peter-faessler.spschweiz.ch\\\/?p=417#respond\"]}]},{\"@type\":\"WebPage\",\"@id\":\"https:\\\/\\\/peter-faessler.spschweiz.ch\\\/?p=417\",\"url\":\"https:\\\/\\\/peter-faessler.spschweiz.ch\\\/?p=417\",\"name\":\"Kantonsrat Kanton Luzern: Session vom 7. und 8. November 2016, 2. Tag - Peter F\u00e4ssler\",\"isPartOf\":{\"@id\":\"https:\\\/\\\/peter-faessler.spschweiz.ch\\\/#website\"},\"primaryImageOfPage\":{\"@id\":\"https:\\\/\\\/peter-faessler.spschweiz.ch\\\/?p=417#primaryimage\"},\"image\":{\"@id\":\"https:\\\/\\\/peter-faessler.spschweiz.ch\\\/?p=417#primaryimage\"},\"thumbnailUrl\":\"https:\\\/\\\/peter-faessler.spschweiz.ch\\\/wp-content\\\/uploads\\\/sites\\\/15\\\/2016\\\/11\\\/Empfang.jpg\",\"datePublished\":\"2016-11-08T08:21:38+00:00\",\"dateModified\":\"2016-11-08T21:02:57+00:00\",\"author\":{\"@id\":\"https:\\\/\\\/peter-faessler.spschweiz.ch\\\/#\\\/schema\\\/person\\\/7ac2f764b1930b731c670e8a2393b60e\"},\"breadcrumb\":{\"@id\":\"https:\\\/\\\/peter-faessler.spschweiz.ch\\\/?p=417#breadcrumb\"},\"inLanguage\":\"de\",\"potentialAction\":[{\"@type\":\"ReadAction\",\"target\":[\"https:\\\/\\\/peter-faessler.spschweiz.ch\\\/?p=417\"]}]},{\"@type\":\"ImageObject\",\"inLanguage\":\"de\",\"@id\":\"https:\\\/\\\/peter-faessler.spschweiz.ch\\\/?p=417#primaryimage\",\"url\":\"https:\\\/\\\/peter-faessler.spschweiz.ch\\\/wp-content\\\/uploads\\\/sites\\\/15\\\/2016\\\/11\\\/Empfang.jpg\",\"contentUrl\":\"https:\\\/\\\/peter-faessler.spschweiz.ch\\\/wp-content\\\/uploads\\\/sites\\\/15\\\/2016\\\/11\\\/Empfang.jpg\",\"width\":3840,\"height\":2160,\"caption\":\"Protestkundgebung vor dem Regierungsgeb\u00e4ude Luzern gegen den Leistungsabbau im KP 17 anl\u00e4sslich der Kantonsratssitzung vom 7. November 2016\"},{\"@type\":\"BreadcrumbList\",\"@id\":\"https:\\\/\\\/peter-faessler.spschweiz.ch\\\/?p=417#breadcrumb\",\"itemListElement\":[{\"@type\":\"ListItem\",\"position\":1,\"name\":\"Startseite\",\"item\":\"https:\\\/\\\/peter-faessler.spschweiz.ch\\\/\"},{\"@type\":\"ListItem\",\"position\":2,\"name\":\"Kantonsrat Kanton Luzern: Session vom 7. und 8. November 2016, 2. Tag\"}]},{\"@type\":\"WebSite\",\"@id\":\"https:\\\/\\\/peter-faessler.spschweiz.ch\\\/#website\",\"url\":\"https:\\\/\\\/peter-faessler.spschweiz.ch\\\/\",\"name\":\"Peter F\u00e4ssler\",\"description\":\"SP Kantonsrat Kanton Luzern\",\"potentialAction\":[{\"@type\":\"SearchAction\",\"target\":{\"@type\":\"EntryPoint\",\"urlTemplate\":\"https:\\\/\\\/peter-faessler.spschweiz.ch\\\/?s={search_term_string}\"},\"query-input\":{\"@type\":\"PropertyValueSpecification\",\"valueRequired\":true,\"valueName\":\"search_term_string\"}}],\"inLanguage\":\"de\"},{\"@type\":\"Person\",\"@id\":\"https:\\\/\\\/peter-faessler.spschweiz.ch\\\/#\\\/schema\\\/person\\\/7ac2f764b1930b731c670e8a2393b60e\",\"name\":\"Peter F\u00e4ssler\",\"image\":{\"@type\":\"ImageObject\",\"inLanguage\":\"de\",\"@id\":\"https:\\\/\\\/secure.gravatar.com\\\/avatar\\\/9da8604da19b11812517d76f206166d47c5e180a26df2de36b8649168e128572?s=96&d=blank&r=g\",\"url\":\"https:\\\/\\\/secure.gravatar.com\\\/avatar\\\/9da8604da19b11812517d76f206166d47c5e180a26df2de36b8649168e128572?s=96&d=blank&r=g\",\"contentUrl\":\"https:\\\/\\\/secure.gravatar.com\\\/avatar\\\/9da8604da19b11812517d76f206166d47c5e180a26df2de36b8649168e128572?s=96&d=blank&r=g\",\"caption\":\"Peter F\u00e4ssler\"},\"description\":\"Peter F\u00e4ssler Schibiweg 7 6006 Luzern\",\"sameAs\":[\"www.facebook.com\\\/peter.fassler.31\",\"https:\\\/\\\/www.instagram.com\\\/peter.fassler.31\\\/\",\"https:\\\/\\\/www.linkedin.com\\\/in\\\/peter-fssler-2518a782\\\/\",\"https:\\\/\\\/x.com\\\/pfaessler56\"],\"url\":\"https:\\\/\\\/peter-faessler.spschweiz.ch\\\/?author=19\"}]}<\/script>\n<!-- \/ Yoast SEO plugin. -->","yoast_head_json":{"title":"Kantonsrat Kanton Luzern: Session vom 7. und 8. November 2016, 2. Tag - Peter F\u00e4ssler","robots":{"index":"index","follow":"follow","max-snippet":"max-snippet:-1","max-image-preview":"max-image-preview:large","max-video-preview":"max-video-preview:-1"},"canonical":"https:\/\/peter-faessler.spschweiz.ch\/?p=417","og_locale":"de_DE","og_type":"article","og_title":"Kantonsrat Kanton Luzern: Session vom 7. und 8. November 2016, 2. Tag - Peter F\u00e4ssler","og_description":"Kantonsrat Kanton Luzern: Bericht aus der Kantonsratssession vom 8. November 2016 Heute geht es weiter im Kantonsrat Luzern. Wir beraten folgende Gesch\u00e4fte: B 62 Nachtragskredite...","og_url":"https:\/\/peter-faessler.spschweiz.ch\/?p=417","og_site_name":"Peter F\u00e4ssler","article_author":"www.facebook.com\/peter.fassler.31","article_published_time":"2016-11-08T08:21:38+00:00","article_modified_time":"2016-11-08T21:02:57+00:00","og_image":[{"width":1024,"height":576,"url":"https:\/\/peter-faessler.spschweiz.ch\/wp-content\/uploads\/sites\/15\/2016\/11\/Empfang-1024x576.jpg","type":"image\/jpeg"}],"author":"Peter F\u00e4ssler","twitter_misc":{"Verfasst von":"Peter F\u00e4ssler","Gesch\u00e4tzte Lesezeit":"14\u00a0Minuten"},"schema":{"@context":"https:\/\/schema.org","@graph":[{"@type":"Article","@id":"https:\/\/peter-faessler.spschweiz.ch\/?p=417#article","isPartOf":{"@id":"https:\/\/peter-faessler.spschweiz.ch\/?p=417"},"author":{"name":"Peter F\u00e4ssler","@id":"https:\/\/peter-faessler.spschweiz.ch\/#\/schema\/person\/7ac2f764b1930b731c670e8a2393b60e"},"headline":"Kantonsrat Kanton Luzern: Session vom 7. und 8. November 2016, 2. Tag","datePublished":"2016-11-08T08:21:38+00:00","dateModified":"2016-11-08T21:02:57+00:00","mainEntityOfPage":{"@id":"https:\/\/peter-faessler.spschweiz.ch\/?p=417"},"wordCount":2712,"commentCount":0,"image":{"@id":"https:\/\/peter-faessler.spschweiz.ch\/?p=417#primaryimage"},"thumbnailUrl":"https:\/\/peter-faessler.spschweiz.ch\/wp-content\/uploads\/sites\/15\/2016\/11\/Empfang.jpg","keywords":["Einzelrichter","Kanton Luzern","Kantonsrat","KESB","KP 17","Leistungsabbau","Session","SP"],"articleSection":["SP Kriens"],"inLanguage":"de","potentialAction":[{"@type":"CommentAction","name":"Comment","target":["https:\/\/peter-faessler.spschweiz.ch\/?p=417#respond"]}]},{"@type":"WebPage","@id":"https:\/\/peter-faessler.spschweiz.ch\/?p=417","url":"https:\/\/peter-faessler.spschweiz.ch\/?p=417","name":"Kantonsrat Kanton Luzern: Session vom 7. und 8. November 2016, 2. Tag - Peter F\u00e4ssler","isPartOf":{"@id":"https:\/\/peter-faessler.spschweiz.ch\/#website"},"primaryImageOfPage":{"@id":"https:\/\/peter-faessler.spschweiz.ch\/?p=417#primaryimage"},"image":{"@id":"https:\/\/peter-faessler.spschweiz.ch\/?p=417#primaryimage"},"thumbnailUrl":"https:\/\/peter-faessler.spschweiz.ch\/wp-content\/uploads\/sites\/15\/2016\/11\/Empfang.jpg","datePublished":"2016-11-08T08:21:38+00:00","dateModified":"2016-11-08T21:02:57+00:00","author":{"@id":"https:\/\/peter-faessler.spschweiz.ch\/#\/schema\/person\/7ac2f764b1930b731c670e8a2393b60e"},"breadcrumb":{"@id":"https:\/\/peter-faessler.spschweiz.ch\/?p=417#breadcrumb"},"inLanguage":"de","potentialAction":[{"@type":"ReadAction","target":["https:\/\/peter-faessler.spschweiz.ch\/?p=417"]}]},{"@type":"ImageObject","inLanguage":"de","@id":"https:\/\/peter-faessler.spschweiz.ch\/?p=417#primaryimage","url":"https:\/\/peter-faessler.spschweiz.ch\/wp-content\/uploads\/sites\/15\/2016\/11\/Empfang.jpg","contentUrl":"https:\/\/peter-faessler.spschweiz.ch\/wp-content\/uploads\/sites\/15\/2016\/11\/Empfang.jpg","width":3840,"height":2160,"caption":"Protestkundgebung vor dem Regierungsgeb\u00e4ude Luzern gegen den Leistungsabbau im KP 17 anl\u00e4sslich der Kantonsratssitzung vom 7. November 2016"},{"@type":"BreadcrumbList","@id":"https:\/\/peter-faessler.spschweiz.ch\/?p=417#breadcrumb","itemListElement":[{"@type":"ListItem","position":1,"name":"Startseite","item":"https:\/\/peter-faessler.spschweiz.ch\/"},{"@type":"ListItem","position":2,"name":"Kantonsrat Kanton Luzern: Session vom 7. und 8. November 2016, 2. Tag"}]},{"@type":"WebSite","@id":"https:\/\/peter-faessler.spschweiz.ch\/#website","url":"https:\/\/peter-faessler.spschweiz.ch\/","name":"Peter F\u00e4ssler","description":"SP Kantonsrat Kanton Luzern","potentialAction":[{"@type":"SearchAction","target":{"@type":"EntryPoint","urlTemplate":"https:\/\/peter-faessler.spschweiz.ch\/?s={search_term_string}"},"query-input":{"@type":"PropertyValueSpecification","valueRequired":true,"valueName":"search_term_string"}}],"inLanguage":"de"},{"@type":"Person","@id":"https:\/\/peter-faessler.spschweiz.ch\/#\/schema\/person\/7ac2f764b1930b731c670e8a2393b60e","name":"Peter F\u00e4ssler","image":{"@type":"ImageObject","inLanguage":"de","@id":"https:\/\/secure.gravatar.com\/avatar\/9da8604da19b11812517d76f206166d47c5e180a26df2de36b8649168e128572?s=96&d=blank&r=g","url":"https:\/\/secure.gravatar.com\/avatar\/9da8604da19b11812517d76f206166d47c5e180a26df2de36b8649168e128572?s=96&d=blank&r=g","contentUrl":"https:\/\/secure.gravatar.com\/avatar\/9da8604da19b11812517d76f206166d47c5e180a26df2de36b8649168e128572?s=96&d=blank&r=g","caption":"Peter F\u00e4ssler"},"description":"Peter F\u00e4ssler Schibiweg 7 6006 Luzern","sameAs":["www.facebook.com\/peter.fassler.31","https:\/\/www.instagram.com\/peter.fassler.31\/","https:\/\/www.linkedin.com\/in\/peter-fssler-2518a782\/","https:\/\/x.com\/pfaessler56"],"url":"https:\/\/peter-faessler.spschweiz.ch\/?author=19"}]}},"_links":{"self":[{"href":"https:\/\/peter-faessler.spschweiz.ch\/index.php?rest_route=\/wp\/v2\/posts\/417","targetHints":{"allow":["GET"]}}],"collection":[{"href":"https:\/\/peter-faessler.spschweiz.ch\/index.php?rest_route=\/wp\/v2\/posts"}],"about":[{"href":"https:\/\/peter-faessler.spschweiz.ch\/index.php?rest_route=\/wp\/v2\/types\/post"}],"author":[{"embeddable":true,"href":"https:\/\/peter-faessler.spschweiz.ch\/index.php?rest_route=\/wp\/v2\/users\/19"}],"replies":[{"embeddable":true,"href":"https:\/\/peter-faessler.spschweiz.ch\/index.php?rest_route=%2Fwp%2Fv2%2Fcomments&post=417"}],"version-history":[{"count":41,"href":"https:\/\/peter-faessler.spschweiz.ch\/index.php?rest_route=\/wp\/v2\/posts\/417\/revisions"}],"predecessor-version":[{"id":464,"href":"https:\/\/peter-faessler.spschweiz.ch\/index.php?rest_route=\/wp\/v2\/posts\/417\/revisions\/464"}],"wp:featuredmedia":[{"embeddable":true,"href":"https:\/\/peter-faessler.spschweiz.ch\/index.php?rest_route=\/wp\/v2\/media\/383"}],"wp:attachment":[{"href":"https:\/\/peter-faessler.spschweiz.ch\/index.php?rest_route=%2Fwp%2Fv2%2Fmedia&parent=417"}],"wp:term":[{"taxonomy":"category","embeddable":true,"href":"https:\/\/peter-faessler.spschweiz.ch\/index.php?rest_route=%2Fwp%2Fv2%2Fcategories&post=417"},{"taxonomy":"post_tag","embeddable":true,"href":"https:\/\/peter-faessler.spschweiz.ch\/index.php?rest_route=%2Fwp%2Fv2%2Ftags&post=417"}],"curies":[{"name":"wp","href":"https:\/\/api.w.org\/{rel}","templated":true}]}}