{"id":4263,"date":"2021-10-25T14:29:21","date_gmt":"2021-10-25T12:29:21","guid":{"rendered":"https:\/\/peter-faessler.spschweiz.ch\/?p=4263"},"modified":"2021-10-25T16:58:01","modified_gmt":"2021-10-25T14:58:01","slug":"chance-fuer-luzern-ja-zum-neuen-verwaltungsgebaeude","status":"publish","type":"post","link":"https:\/\/peter-faessler.spschweiz.ch\/?p=4263","title":{"rendered":"Chance f\u00fcr Luzern &#8211; Ja zum neuen Verwaltungsgeb\u00e4ude!"},"content":{"rendered":"<p><img loading=\"lazy\" decoding=\"async\" class=\"size-medium wp-image-4267 alignleft\" src=\"http:\/\/peter-faessler.spschweiz.ch\/wp-content\/uploads\/sites\/15\/2021\/10\/Aussenansicht-300x182.jpg\" alt=\"\" width=\"300\" height=\"182\" srcset=\"https:\/\/peter-faessler.spschweiz.ch\/wp-content\/uploads\/sites\/15\/2021\/10\/Aussenansicht-300x182.jpg 300w, https:\/\/peter-faessler.spschweiz.ch\/wp-content\/uploads\/sites\/15\/2021\/10\/Aussenansicht-1024x620.jpg 1024w, https:\/\/peter-faessler.spschweiz.ch\/wp-content\/uploads\/sites\/15\/2021\/10\/Aussenansicht-150x91.jpg 150w, https:\/\/peter-faessler.spschweiz.ch\/wp-content\/uploads\/sites\/15\/2021\/10\/Aussenansicht-768x465.jpg 768w, https:\/\/peter-faessler.spschweiz.ch\/wp-content\/uploads\/sites\/15\/2021\/10\/Aussenansicht.jpg 1444w\" sizes=\"auto, (max-width: 300px) 100vw, 300px\" \/>Der Kanton Luzern plant am Seetalplatz den Bau eines zentralen Verwaltungsgeb\u00e4udes. Damit wird die Grundlage f\u00fcr eine effiziente und kundenfreundliche Verwaltung weiter gef\u00f6rdert. Der Seetalplatz ist f\u00fcr die Luzernerinnen und Luzerner aus dem ganzen Kanton mit allen Verkehrsmitteln gut erreichbar. Das Zentrum wird mit Co-Working Pl\u00e4tzen in den Regionen Entlebuch Seetal, Sursee, Luzern und Willisau erg\u00e4nzt und optimal vernetzt. Das st\u00e4rkt die Luzerner Landschaft.<\/p>\n<p>Der Kanton Luzern bewegt sich vorw\u00e4rts. Er setzt mit dem zentralen Verwaltungsgeb\u00e4ude ein positives Signal zum Aufbruch. Die 177 Millionen f\u00fcr den Neubau sind eine Investition in die Zukunft. Diese f\u00fchrt dazu, dass der Kanton j\u00e4hrlich wiederkehrend rund 9 Millionen Franken an Miet- und Betriebskosten sparen wird.<\/p>\n<p><img loading=\"lazy\" decoding=\"async\" class=\"size-medium wp-image-4273 alignright\" src=\"http:\/\/peter-faessler.spschweiz.ch\/wp-content\/uploads\/sites\/15\/2021\/10\/JRecaLpg-300x300.jpeg\" alt=\"\" width=\"300\" height=\"300\" srcset=\"https:\/\/peter-faessler.spschweiz.ch\/wp-content\/uploads\/sites\/15\/2021\/10\/JRecaLpg-300x300.jpeg 300w, https:\/\/peter-faessler.spschweiz.ch\/wp-content\/uploads\/sites\/15\/2021\/10\/JRecaLpg-1024x1024.jpeg 1024w, https:\/\/peter-faessler.spschweiz.ch\/wp-content\/uploads\/sites\/15\/2021\/10\/JRecaLpg-150x150.jpeg 150w, https:\/\/peter-faessler.spschweiz.ch\/wp-content\/uploads\/sites\/15\/2021\/10\/JRecaLpg-768x768.jpeg 768w, https:\/\/peter-faessler.spschweiz.ch\/wp-content\/uploads\/sites\/15\/2021\/10\/JRecaLpg-1536x1536.jpeg 1536w, https:\/\/peter-faessler.spschweiz.ch\/wp-content\/uploads\/sites\/15\/2021\/10\/JRecaLpg-2048x2048.jpeg 2048w\" sizes=\"auto, (max-width: 300px) 100vw, 300px\" \/>Im Neubau sind die Anforderungen an die k\u00fcnftige Arbeitswelt ber\u00fccksichtigt. Es wird eine moderne, vernetzt und digital arbeitende Verwaltung geschaffen. Die Mitarbeitenden sind am neuen Arbeitsort herausgefordert, den Technologie-, Organisations- und Wertewandel zum Nutzen der Bev\u00f6lkerung aktiv zu gestalten.<\/p>\n<p>Dank dem Umzug der kantonalen Verwaltung wird im Raum Luzern eine grosse Fl\u00e4che frei f\u00fcr B\u00fcros und Wohnungen. Der energiefreundliche Neubau belebt den Seetalplatz und wertet ihn auf. Dies insbesondere, weil im zentralen Verwaltungsgeb\u00e4ude auch B\u00fcrofl\u00e4chen f\u00fcr Dritte, Ladenfl\u00e4chen und Wohnungen realisiert werden.<\/p>\n<p>Der Kantonsrat hat dem Projekt mit einhelliger Mehrheit zugestimmt. Die Volksabstimmung findet am 28. November 2021 statt. Wir empfehlen Ihnen den Kredit zur Realisierung des zentralen Verwaltungsgeb\u00e4udes zur Annahme.<\/p>\n<p>Ich bin im Co-Pr\u00e4sidium vom Komitee &#8222;Chance f\u00fcr Luzern&#8220;, das sich f\u00fcr dieses Projekt einsetzt. Hier gehts zum Komitee <a href=\"https:\/\/chance-fuer-luzern.ch\/komiteeliste\/\" target=\"_blank\" rel=\"noopener\">Chance f\u00fcr Luzern<\/a><\/p>\n<p><strong>Mein Statement<\/strong><\/p>\n<p><strong><span class=\"fontstyle0\">Luzern bewegt sich vorw\u00e4rts<\/span><\/strong><span class=\"fontstyle2\"><br \/>\n<\/span><span class=\"fontstyle3\">Luzern bewegt sich vorw\u00e4rts. Luzern investiert in seine Zukunft. Luzern wird zentral. Luzern wird modern. Luzern wird attraktiv \u2013 mit dem neuen Verwaltungsgeb\u00e4ude am Seetalplatz in Emmenbr\u00fccke.<br \/>\nDieses Projekt startet gerade im richtigen Moment. Die Corona-Auswirkungen auf die Bev\u00f6lkerung und die Wirtschaft sind noch nicht ausgestanden. Da setzen solche Projekte positive Zeichen f\u00fcr die Zukunft. F\u00fcr eine wiedereinkehrende Normalit\u00e4t. Aber auch f\u00fcr den Willen zur Ver\u00e4nderung von bestehenden Strukturen.<br \/>\nDie SP Fraktion begr\u00fcsst diesen Schritt in eine neue kantonale Verwaltungszukunft. Zentral gelegen f\u00fcr die fast 1&#8217;500 Mitarbeitenden am Entwicklungsschwerpunkt Luzern Nord. Mit einer modernen, energiefreundlichen und zweckdienlichen Infrastruktur sowie kurzen Kommunikationswege zwischen den einzelnen Dienststellen und Abteilungen.<br \/>\nUns ist bewusst, dass dies f\u00fcr die Mitarbeiterinnen und Mitarbeiter aller Stufen der kantonalen Verwaltung, die heute dezentral verstreut in der Stadt und auf dem Land arbeiten, eine grosse Herausforderung wird. Die Schaffung von regionalen Co-Working Hubs f\u00fcr Mitarbeitende und B\u00fcrgerinnen und B\u00fcrger erachten wir als sinnvoll und wichtig und einen Schritt zu einer breiten Akzeptanz gegen\u00fcber diesem Vorhaben.<br \/>\nMit diesem Projekt er\u00f6ffnen sich grosse Chancen f\u00fcr eine neue Arbeitskultur innerhalb der Verwaltung. Aber auch gegen\u00fcber der Aussenwahrnehmung. Die Bev\u00f6lkerung muss merken, dass der Kontakt mit der kantonalen Verwaltung einfach und effizient ist. Diese Chance entsteht jedoch nicht von selbst. Sie muss sorgf\u00e4ltig geplant, kommuniziert und<\/span> <span class=\"fontstyle0\">begleitet und allenfalls st\u00e4ndig an die Bed\u00fcrfnisse aller Betroffener angepasst werden.<br \/>\nKantonsrat Peter F\u00e4ssler \/ SP, Kriens<\/span><\/p>\n<div style=\"width: 700px;\" class=\"wp-video\"><video class=\"wp-video-shortcode\" id=\"video-4263-1\" width=\"700\" height=\"394\" preload=\"metadata\" controls=\"controls\"><source type=\"video\/mp4\" src=\"http:\/\/peter-faessler.spschweiz.ch\/wp-content\/uploads\/sites\/15\/2021\/10\/faessler_peter_1_2.mp4?_=1\" \/><a href=\"http:\/\/peter-faessler.spschweiz.ch\/wp-content\/uploads\/sites\/15\/2021\/10\/faessler_peter_1_2.mp4\">http:\/\/peter-faessler.spschweiz.ch\/wp-content\/uploads\/sites\/15\/2021\/10\/faessler_peter_1_2.mp4<\/a><\/video><\/div>\n","protected":false},"excerpt":{"rendered":"<p>Der Kanton Luzern plant am Seetalplatz den Bau eines zentralen Verwaltungsgeb\u00e4udes. Damit wird die Grundlage f\u00fcr eine effiziente und kundenfreundliche Verwaltung weiter gef\u00f6rdert. Der Seetalplatz&#8230;<\/p>\n","protected":false},"author":19,"featured_media":0,"comment_status":"open","ping_status":"open","sticky":false,"template":"","format":"standard","meta":{"footnotes":""},"categories":[29,129,22,21],"tags":[40,55,8,130,16,131,31,7,39],"class_list":["post-4263","post","type-post","status-publish","format-standard","hentry","category-finanzen","category-kantonale-verwaltung","category-kantonsrat-luzern","category-politik","tag-emmenbruecke","tag-finanzen","tag-kanton-luzern","tag-kantonale-verwaltung","tag-kantonsrat-kanton-luzern","tag-neues-verwaltungsgebaeude-am-seetalplatz","tag-parlament","tag-politik","tag-seetalplatz"],"yoast_head":"<!-- This site is optimized with the Yoast SEO plugin v27.5 - https:\/\/yoast.com\/product\/yoast-seo-wordpress\/ -->\n<title>Chance f\u00fcr Luzern - Ja zum neuen Verwaltungsgeb\u00e4ude! - Peter F\u00e4ssler<\/title>\n<meta name=\"robots\" content=\"index, follow, max-snippet:-1, max-image-preview:large, max-video-preview:-1\" \/>\n<link rel=\"canonical\" href=\"https:\/\/peter-faessler.spschweiz.ch\/?p=4263\" \/>\n<meta property=\"og:locale\" content=\"de_DE\" \/>\n<meta property=\"og:type\" content=\"article\" \/>\n<meta property=\"og:title\" content=\"Chance f\u00fcr Luzern - Ja zum neuen Verwaltungsgeb\u00e4ude! - Peter F\u00e4ssler\" \/>\n<meta property=\"og:description\" content=\"Der Kanton Luzern plant am Seetalplatz den Bau eines zentralen Verwaltungsgeb\u00e4udes. Damit wird die Grundlage f\u00fcr eine effiziente und kundenfreundliche Verwaltung weiter gef\u00f6rdert. Der Seetalplatz...\" \/>\n<meta property=\"og:url\" content=\"https:\/\/peter-faessler.spschweiz.ch\/?p=4263\" \/>\n<meta property=\"og:site_name\" content=\"Peter F\u00e4ssler\" \/>\n<meta property=\"article:author\" content=\"www.facebook.com\/peter.fassler.31\" \/>\n<meta property=\"article:published_time\" content=\"2021-10-25T12:29:21+00:00\" \/>\n<meta property=\"article:modified_time\" content=\"2021-10-25T14:58:01+00:00\" \/>\n<meta property=\"og:image\" content=\"http:\/\/peter-faessler.spschweiz.ch\/wp-content\/uploads\/sites\/15\/2021\/10\/Aussenansicht-300x182.jpg\" \/>\n<meta name=\"author\" content=\"Peter F\u00e4ssler\" \/>\n<meta name=\"twitter:label1\" content=\"Verfasst von\" \/>\n\t<meta name=\"twitter:data1\" content=\"Peter F\u00e4ssler\" \/>\n\t<meta name=\"twitter:label2\" content=\"Gesch\u00e4tzte Lesezeit\" \/>\n\t<meta name=\"twitter:data2\" content=\"3\u00a0Minuten\" \/>\n<script type=\"application\/ld+json\" class=\"yoast-schema-graph\">{\"@context\":\"https:\\\/\\\/schema.org\",\"@graph\":[{\"@type\":\"Article\",\"@id\":\"https:\\\/\\\/peter-faessler.spschweiz.ch\\\/?p=4263#article\",\"isPartOf\":{\"@id\":\"https:\\\/\\\/peter-faessler.spschweiz.ch\\\/?p=4263\"},\"author\":{\"name\":\"Peter F\u00e4ssler\",\"@id\":\"https:\\\/\\\/peter-faessler.spschweiz.ch\\\/#\\\/schema\\\/person\\\/7ac2f764b1930b731c670e8a2393b60e\"},\"headline\":\"Chance f\u00fcr Luzern &#8211; Ja zum neuen Verwaltungsgeb\u00e4ude!\",\"datePublished\":\"2021-10-25T12:29:21+00:00\",\"dateModified\":\"2021-10-25T14:58:01+00:00\",\"mainEntityOfPage\":{\"@id\":\"https:\\\/\\\/peter-faessler.spschweiz.ch\\\/?p=4263\"},\"wordCount\":551,\"commentCount\":0,\"image\":{\"@id\":\"https:\\\/\\\/peter-faessler.spschweiz.ch\\\/?p=4263#primaryimage\"},\"thumbnailUrl\":\"http:\\\/\\\/peter-faessler.spschweiz.ch\\\/wp-content\\\/uploads\\\/sites\\\/15\\\/2021\\\/10\\\/Aussenansicht-300x182.jpg\",\"keywords\":[\"Emmenbr\u00fccke\",\"Finanzen\",\"Kanton Luzern\",\"Kantonale Verwaltung\",\"Kantonsrat Kanton Luzern\",\"Neues Verwaltungsgeb\u00e4ude am Seetalplatz\",\"Parlament\",\"Politik\",\"Seetalplatz\"],\"articleSection\":[\"Finanzen\",\"Kantonale Verwaltung\",\"Kantonsrat Luzern\",\"Politik\"],\"inLanguage\":\"de\",\"potentialAction\":[{\"@type\":\"CommentAction\",\"name\":\"Comment\",\"target\":[\"https:\\\/\\\/peter-faessler.spschweiz.ch\\\/?p=4263#respond\"]}]},{\"@type\":\"WebPage\",\"@id\":\"https:\\\/\\\/peter-faessler.spschweiz.ch\\\/?p=4263\",\"url\":\"https:\\\/\\\/peter-faessler.spschweiz.ch\\\/?p=4263\",\"name\":\"Chance f\u00fcr Luzern - Ja zum neuen Verwaltungsgeb\u00e4ude! - Peter F\u00e4ssler\",\"isPartOf\":{\"@id\":\"https:\\\/\\\/peter-faessler.spschweiz.ch\\\/#website\"},\"primaryImageOfPage\":{\"@id\":\"https:\\\/\\\/peter-faessler.spschweiz.ch\\\/?p=4263#primaryimage\"},\"image\":{\"@id\":\"https:\\\/\\\/peter-faessler.spschweiz.ch\\\/?p=4263#primaryimage\"},\"thumbnailUrl\":\"http:\\\/\\\/peter-faessler.spschweiz.ch\\\/wp-content\\\/uploads\\\/sites\\\/15\\\/2021\\\/10\\\/Aussenansicht-300x182.jpg\",\"datePublished\":\"2021-10-25T12:29:21+00:00\",\"dateModified\":\"2021-10-25T14:58:01+00:00\",\"author\":{\"@id\":\"https:\\\/\\\/peter-faessler.spschweiz.ch\\\/#\\\/schema\\\/person\\\/7ac2f764b1930b731c670e8a2393b60e\"},\"breadcrumb\":{\"@id\":\"https:\\\/\\\/peter-faessler.spschweiz.ch\\\/?p=4263#breadcrumb\"},\"inLanguage\":\"de\",\"potentialAction\":[{\"@type\":\"ReadAction\",\"target\":[\"https:\\\/\\\/peter-faessler.spschweiz.ch\\\/?p=4263\"]}]},{\"@type\":\"ImageObject\",\"inLanguage\":\"de\",\"@id\":\"https:\\\/\\\/peter-faessler.spschweiz.ch\\\/?p=4263#primaryimage\",\"url\":\"http:\\\/\\\/peter-faessler.spschweiz.ch\\\/wp-content\\\/uploads\\\/sites\\\/15\\\/2021\\\/10\\\/Aussenansicht-300x182.jpg\",\"contentUrl\":\"http:\\\/\\\/peter-faessler.spschweiz.ch\\\/wp-content\\\/uploads\\\/sites\\\/15\\\/2021\\\/10\\\/Aussenansicht-300x182.jpg\"},{\"@type\":\"BreadcrumbList\",\"@id\":\"https:\\\/\\\/peter-faessler.spschweiz.ch\\\/?p=4263#breadcrumb\",\"itemListElement\":[{\"@type\":\"ListItem\",\"position\":1,\"name\":\"Startseite\",\"item\":\"https:\\\/\\\/peter-faessler.spschweiz.ch\\\/\"},{\"@type\":\"ListItem\",\"position\":2,\"name\":\"Chance f\u00fcr Luzern &#8211; Ja zum neuen Verwaltungsgeb\u00e4ude!\"}]},{\"@type\":\"WebSite\",\"@id\":\"https:\\\/\\\/peter-faessler.spschweiz.ch\\\/#website\",\"url\":\"https:\\\/\\\/peter-faessler.spschweiz.ch\\\/\",\"name\":\"Peter F\u00e4ssler\",\"description\":\"SP Kantonsrat Kanton Luzern\",\"potentialAction\":[{\"@type\":\"SearchAction\",\"target\":{\"@type\":\"EntryPoint\",\"urlTemplate\":\"https:\\\/\\\/peter-faessler.spschweiz.ch\\\/?s={search_term_string}\"},\"query-input\":{\"@type\":\"PropertyValueSpecification\",\"valueRequired\":true,\"valueName\":\"search_term_string\"}}],\"inLanguage\":\"de\"},{\"@type\":\"Person\",\"@id\":\"https:\\\/\\\/peter-faessler.spschweiz.ch\\\/#\\\/schema\\\/person\\\/7ac2f764b1930b731c670e8a2393b60e\",\"name\":\"Peter F\u00e4ssler\",\"image\":{\"@type\":\"ImageObject\",\"inLanguage\":\"de\",\"@id\":\"https:\\\/\\\/secure.gravatar.com\\\/avatar\\\/9da8604da19b11812517d76f206166d47c5e180a26df2de36b8649168e128572?s=96&d=blank&r=g\",\"url\":\"https:\\\/\\\/secure.gravatar.com\\\/avatar\\\/9da8604da19b11812517d76f206166d47c5e180a26df2de36b8649168e128572?s=96&d=blank&r=g\",\"contentUrl\":\"https:\\\/\\\/secure.gravatar.com\\\/avatar\\\/9da8604da19b11812517d76f206166d47c5e180a26df2de36b8649168e128572?s=96&d=blank&r=g\",\"caption\":\"Peter F\u00e4ssler\"},\"description\":\"Peter F\u00e4ssler Schibiweg 7 6006 Luzern\",\"sameAs\":[\"www.facebook.com\\\/peter.fassler.31\",\"https:\\\/\\\/www.instagram.com\\\/peter.fassler.31\\\/\",\"https:\\\/\\\/www.linkedin.com\\\/in\\\/peter-fssler-2518a782\\\/\",\"https:\\\/\\\/x.com\\\/pfaessler56\"],\"url\":\"https:\\\/\\\/peter-faessler.spschweiz.ch\\\/?author=19\"}]}<\/script>\n<!-- \/ Yoast SEO plugin. -->","yoast_head_json":{"title":"Chance f\u00fcr Luzern - Ja zum neuen Verwaltungsgeb\u00e4ude! - Peter F\u00e4ssler","robots":{"index":"index","follow":"follow","max-snippet":"max-snippet:-1","max-image-preview":"max-image-preview:large","max-video-preview":"max-video-preview:-1"},"canonical":"https:\/\/peter-faessler.spschweiz.ch\/?p=4263","og_locale":"de_DE","og_type":"article","og_title":"Chance f\u00fcr Luzern - Ja zum neuen Verwaltungsgeb\u00e4ude! - Peter F\u00e4ssler","og_description":"Der Kanton Luzern plant am Seetalplatz den Bau eines zentralen Verwaltungsgeb\u00e4udes. Damit wird die Grundlage f\u00fcr eine effiziente und kundenfreundliche Verwaltung weiter gef\u00f6rdert. Der Seetalplatz...","og_url":"https:\/\/peter-faessler.spschweiz.ch\/?p=4263","og_site_name":"Peter F\u00e4ssler","article_author":"www.facebook.com\/peter.fassler.31","article_published_time":"2021-10-25T12:29:21+00:00","article_modified_time":"2021-10-25T14:58:01+00:00","og_image":[{"url":"http:\/\/peter-faessler.spschweiz.ch\/wp-content\/uploads\/sites\/15\/2021\/10\/Aussenansicht-300x182.jpg","type":"","width":"","height":""}],"author":"Peter F\u00e4ssler","twitter_misc":{"Verfasst von":"Peter F\u00e4ssler","Gesch\u00e4tzte Lesezeit":"3\u00a0Minuten"},"schema":{"@context":"https:\/\/schema.org","@graph":[{"@type":"Article","@id":"https:\/\/peter-faessler.spschweiz.ch\/?p=4263#article","isPartOf":{"@id":"https:\/\/peter-faessler.spschweiz.ch\/?p=4263"},"author":{"name":"Peter F\u00e4ssler","@id":"https:\/\/peter-faessler.spschweiz.ch\/#\/schema\/person\/7ac2f764b1930b731c670e8a2393b60e"},"headline":"Chance f\u00fcr Luzern &#8211; Ja zum neuen Verwaltungsgeb\u00e4ude!","datePublished":"2021-10-25T12:29:21+00:00","dateModified":"2021-10-25T14:58:01+00:00","mainEntityOfPage":{"@id":"https:\/\/peter-faessler.spschweiz.ch\/?p=4263"},"wordCount":551,"commentCount":0,"image":{"@id":"https:\/\/peter-faessler.spschweiz.ch\/?p=4263#primaryimage"},"thumbnailUrl":"http:\/\/peter-faessler.spschweiz.ch\/wp-content\/uploads\/sites\/15\/2021\/10\/Aussenansicht-300x182.jpg","keywords":["Emmenbr\u00fccke","Finanzen","Kanton Luzern","Kantonale Verwaltung","Kantonsrat Kanton Luzern","Neues Verwaltungsgeb\u00e4ude am Seetalplatz","Parlament","Politik","Seetalplatz"],"articleSection":["Finanzen","Kantonale Verwaltung","Kantonsrat Luzern","Politik"],"inLanguage":"de","potentialAction":[{"@type":"CommentAction","name":"Comment","target":["https:\/\/peter-faessler.spschweiz.ch\/?p=4263#respond"]}]},{"@type":"WebPage","@id":"https:\/\/peter-faessler.spschweiz.ch\/?p=4263","url":"https:\/\/peter-faessler.spschweiz.ch\/?p=4263","name":"Chance f\u00fcr Luzern - Ja zum neuen Verwaltungsgeb\u00e4ude! - Peter F\u00e4ssler","isPartOf":{"@id":"https:\/\/peter-faessler.spschweiz.ch\/#website"},"primaryImageOfPage":{"@id":"https:\/\/peter-faessler.spschweiz.ch\/?p=4263#primaryimage"},"image":{"@id":"https:\/\/peter-faessler.spschweiz.ch\/?p=4263#primaryimage"},"thumbnailUrl":"http:\/\/peter-faessler.spschweiz.ch\/wp-content\/uploads\/sites\/15\/2021\/10\/Aussenansicht-300x182.jpg","datePublished":"2021-10-25T12:29:21+00:00","dateModified":"2021-10-25T14:58:01+00:00","author":{"@id":"https:\/\/peter-faessler.spschweiz.ch\/#\/schema\/person\/7ac2f764b1930b731c670e8a2393b60e"},"breadcrumb":{"@id":"https:\/\/peter-faessler.spschweiz.ch\/?p=4263#breadcrumb"},"inLanguage":"de","potentialAction":[{"@type":"ReadAction","target":["https:\/\/peter-faessler.spschweiz.ch\/?p=4263"]}]},{"@type":"ImageObject","inLanguage":"de","@id":"https:\/\/peter-faessler.spschweiz.ch\/?p=4263#primaryimage","url":"http:\/\/peter-faessler.spschweiz.ch\/wp-content\/uploads\/sites\/15\/2021\/10\/Aussenansicht-300x182.jpg","contentUrl":"http:\/\/peter-faessler.spschweiz.ch\/wp-content\/uploads\/sites\/15\/2021\/10\/Aussenansicht-300x182.jpg"},{"@type":"BreadcrumbList","@id":"https:\/\/peter-faessler.spschweiz.ch\/?p=4263#breadcrumb","itemListElement":[{"@type":"ListItem","position":1,"name":"Startseite","item":"https:\/\/peter-faessler.spschweiz.ch\/"},{"@type":"ListItem","position":2,"name":"Chance f\u00fcr Luzern &#8211; Ja zum neuen Verwaltungsgeb\u00e4ude!"}]},{"@type":"WebSite","@id":"https:\/\/peter-faessler.spschweiz.ch\/#website","url":"https:\/\/peter-faessler.spschweiz.ch\/","name":"Peter F\u00e4ssler","description":"SP Kantonsrat Kanton Luzern","potentialAction":[{"@type":"SearchAction","target":{"@type":"EntryPoint","urlTemplate":"https:\/\/peter-faessler.spschweiz.ch\/?s={search_term_string}"},"query-input":{"@type":"PropertyValueSpecification","valueRequired":true,"valueName":"search_term_string"}}],"inLanguage":"de"},{"@type":"Person","@id":"https:\/\/peter-faessler.spschweiz.ch\/#\/schema\/person\/7ac2f764b1930b731c670e8a2393b60e","name":"Peter F\u00e4ssler","image":{"@type":"ImageObject","inLanguage":"de","@id":"https:\/\/secure.gravatar.com\/avatar\/9da8604da19b11812517d76f206166d47c5e180a26df2de36b8649168e128572?s=96&d=blank&r=g","url":"https:\/\/secure.gravatar.com\/avatar\/9da8604da19b11812517d76f206166d47c5e180a26df2de36b8649168e128572?s=96&d=blank&r=g","contentUrl":"https:\/\/secure.gravatar.com\/avatar\/9da8604da19b11812517d76f206166d47c5e180a26df2de36b8649168e128572?s=96&d=blank&r=g","caption":"Peter F\u00e4ssler"},"description":"Peter F\u00e4ssler Schibiweg 7 6006 Luzern","sameAs":["www.facebook.com\/peter.fassler.31","https:\/\/www.instagram.com\/peter.fassler.31\/","https:\/\/www.linkedin.com\/in\/peter-fssler-2518a782\/","https:\/\/x.com\/pfaessler56"],"url":"https:\/\/peter-faessler.spschweiz.ch\/?author=19"}]}},"_links":{"self":[{"href":"https:\/\/peter-faessler.spschweiz.ch\/index.php?rest_route=\/wp\/v2\/posts\/4263","targetHints":{"allow":["GET"]}}],"collection":[{"href":"https:\/\/peter-faessler.spschweiz.ch\/index.php?rest_route=\/wp\/v2\/posts"}],"about":[{"href":"https:\/\/peter-faessler.spschweiz.ch\/index.php?rest_route=\/wp\/v2\/types\/post"}],"author":[{"embeddable":true,"href":"https:\/\/peter-faessler.spschweiz.ch\/index.php?rest_route=\/wp\/v2\/users\/19"}],"replies":[{"embeddable":true,"href":"https:\/\/peter-faessler.spschweiz.ch\/index.php?rest_route=%2Fwp%2Fv2%2Fcomments&post=4263"}],"version-history":[{"count":8,"href":"https:\/\/peter-faessler.spschweiz.ch\/index.php?rest_route=\/wp\/v2\/posts\/4263\/revisions"}],"predecessor-version":[{"id":4271,"href":"https:\/\/peter-faessler.spschweiz.ch\/index.php?rest_route=\/wp\/v2\/posts\/4263\/revisions\/4271"}],"wp:attachment":[{"href":"https:\/\/peter-faessler.spschweiz.ch\/index.php?rest_route=%2Fwp%2Fv2%2Fmedia&parent=4263"}],"wp:term":[{"taxonomy":"category","embeddable":true,"href":"https:\/\/peter-faessler.spschweiz.ch\/index.php?rest_route=%2Fwp%2Fv2%2Fcategories&post=4263"},{"taxonomy":"post_tag","embeddable":true,"href":"https:\/\/peter-faessler.spschweiz.ch\/index.php?rest_route=%2Fwp%2Fv2%2Ftags&post=4263"}],"curies":[{"name":"wp","href":"https:\/\/api.w.org\/{rel}","templated":true}]}}