{"id":4305,"date":"2021-12-04T13:48:53","date_gmt":"2021-12-04T12:48:53","guid":{"rendered":"https:\/\/peter-faessler.spschweiz.ch\/?p=4305"},"modified":"2021-12-06T09:37:05","modified_gmt":"2021-12-06T08:37:05","slug":"wieder-physische-veranstaltungen-in-der-politik-moeglich","status":"publish","type":"post","link":"https:\/\/peter-faessler.spschweiz.ch\/?p=4305","title":{"rendered":"Wieder physische Veranstaltungen in der Politik m\u00f6glich"},"content":{"rendered":"<h3>LuzernPlus<br \/>\n<strong>Gebietsmanagments-Ap\u00e9ro im S\u00fcdpol\u00a0vom 1. September 2021<\/strong><\/h3>\n<p><img loading=\"lazy\" decoding=\"async\" class=\"alignnone size-medium wp-image-4309\" src=\"http:\/\/peter-faessler.spschweiz.ch\/wp-content\/uploads\/sites\/15\/2021\/12\/0088F8F5_1065311F5F484FF850F2930393BDC6B3-300x206.jpg\" alt=\"\" width=\"300\" height=\"206\" srcset=\"https:\/\/peter-faessler.spschweiz.ch\/wp-content\/uploads\/sites\/15\/2021\/12\/0088F8F5_1065311F5F484FF850F2930393BDC6B3-300x206.jpg 300w, https:\/\/peter-faessler.spschweiz.ch\/wp-content\/uploads\/sites\/15\/2021\/12\/0088F8F5_1065311F5F484FF850F2930393BDC6B3-150x103.jpg 150w, https:\/\/peter-faessler.spschweiz.ch\/wp-content\/uploads\/sites\/15\/2021\/12\/0088F8F5_1065311F5F484FF850F2930393BDC6B3-768x527.jpg 768w, https:\/\/peter-faessler.spschweiz.ch\/wp-content\/uploads\/sites\/15\/2021\/12\/0088F8F5_1065311F5F484FF850F2930393BDC6B3.jpg 800w\" sizes=\"auto, (max-width: 300px) 100vw, 300px\" \/> <img loading=\"lazy\" decoding=\"async\" class=\"alignnone size-medium wp-image-4330\" src=\"http:\/\/peter-faessler.spschweiz.ch\/wp-content\/uploads\/sites\/15\/2021\/12\/1b0d0c837b3414e5cfea323a0ab2273e-300x200.jpg\" alt=\"\" width=\"300\" height=\"200\" srcset=\"https:\/\/peter-faessler.spschweiz.ch\/wp-content\/uploads\/sites\/15\/2021\/12\/1b0d0c837b3414e5cfea323a0ab2273e-300x200.jpg 300w, https:\/\/peter-faessler.spschweiz.ch\/wp-content\/uploads\/sites\/15\/2021\/12\/1b0d0c837b3414e5cfea323a0ab2273e-1024x683.jpg 1024w, https:\/\/peter-faessler.spschweiz.ch\/wp-content\/uploads\/sites\/15\/2021\/12\/1b0d0c837b3414e5cfea323a0ab2273e-150x100.jpg 150w, https:\/\/peter-faessler.spschweiz.ch\/wp-content\/uploads\/sites\/15\/2021\/12\/1b0d0c837b3414e5cfea323a0ab2273e-768x512.jpg 768w, https:\/\/peter-faessler.spschweiz.ch\/wp-content\/uploads\/sites\/15\/2021\/12\/1b0d0c837b3414e5cfea323a0ab2273e.jpg 1200w\" sizes=\"auto, (max-width: 300px) 100vw, 300px\" \/><\/p>\n<h3>LuzernPlus<br \/>\nNetzwerkanlass im Hotel Montana vom 4. November 2021<\/h3>\n<p><img loading=\"lazy\" decoding=\"async\" class=\"alignnone size-medium wp-image-4308\" src=\"http:\/\/peter-faessler.spschweiz.ch\/wp-content\/uploads\/sites\/15\/2021\/12\/72ae86fba3286fdfb649d91cd6bba5c5-300x200.jpg\" alt=\"\" width=\"300\" height=\"200\" srcset=\"https:\/\/peter-faessler.spschweiz.ch\/wp-content\/uploads\/sites\/15\/2021\/12\/72ae86fba3286fdfb649d91cd6bba5c5-300x200.jpg 300w, https:\/\/peter-faessler.spschweiz.ch\/wp-content\/uploads\/sites\/15\/2021\/12\/72ae86fba3286fdfb649d91cd6bba5c5-1024x683.jpg 1024w, https:\/\/peter-faessler.spschweiz.ch\/wp-content\/uploads\/sites\/15\/2021\/12\/72ae86fba3286fdfb649d91cd6bba5c5-150x100.jpg 150w, https:\/\/peter-faessler.spschweiz.ch\/wp-content\/uploads\/sites\/15\/2021\/12\/72ae86fba3286fdfb649d91cd6bba5c5-768x512.jpg 768w, https:\/\/peter-faessler.spschweiz.ch\/wp-content\/uploads\/sites\/15\/2021\/12\/72ae86fba3286fdfb649d91cd6bba5c5.jpg 1200w\" sizes=\"auto, (max-width: 300px) 100vw, 300px\" \/> <img loading=\"lazy\" decoding=\"async\" class=\"alignnone size-medium wp-image-4310\" src=\"http:\/\/peter-faessler.spschweiz.ch\/wp-content\/uploads\/sites\/15\/2021\/12\/fbc697b85d830eb11cbc2c3f3dd2c002-300x200.jpg\" alt=\"\" width=\"300\" height=\"200\" srcset=\"https:\/\/peter-faessler.spschweiz.ch\/wp-content\/uploads\/sites\/15\/2021\/12\/fbc697b85d830eb11cbc2c3f3dd2c002-300x200.jpg 300w, https:\/\/peter-faessler.spschweiz.ch\/wp-content\/uploads\/sites\/15\/2021\/12\/fbc697b85d830eb11cbc2c3f3dd2c002-1024x683.jpg 1024w, https:\/\/peter-faessler.spschweiz.ch\/wp-content\/uploads\/sites\/15\/2021\/12\/fbc697b85d830eb11cbc2c3f3dd2c002-150x100.jpg 150w, https:\/\/peter-faessler.spschweiz.ch\/wp-content\/uploads\/sites\/15\/2021\/12\/fbc697b85d830eb11cbc2c3f3dd2c002-768x512.jpg 768w, https:\/\/peter-faessler.spschweiz.ch\/wp-content\/uploads\/sites\/15\/2021\/12\/fbc697b85d830eb11cbc2c3f3dd2c002.jpg 1200w\" sizes=\"auto, (max-width: 300px) 100vw, 300px\" \/><\/p>\n<p><a href=\"https:\/\/www.luzernplus.ch\/luzernplus\/veranstaltungen\" target=\"_blank\" rel=\"noopener\">https:\/\/www.luzernplus.ch\/luzernplus\/veranstaltungen<\/a><\/p>\n<p>&nbsp;<\/p>\n<div class=\"header\">\n<h2>Industrie und Handelskammer Zentralschweiz IHZ<br \/>\nLean Management in der Wirtschaft und in der Politik<\/h2>\n<\/div>\n<div class=\"teaser-text\">\n<p>Nach genau zwei Jahren fand am 22. November 2021 der Anlass \u00abPolitik &amp; Wirtschaft im Dialog\u00bb endlich wieder einmal physisch statt. Die IHZ begr\u00fcsste im Verkehrshaus der Schweiz rund 60 Vertretende aus Politik und Wirtschaft.<\/p>\n<p><a href=\"https:\/\/www.ihz.ch\/home\/newsdetail\/news\/lean-management-in-der-wirtschaft-und-in-der-politik.html\" target=\"_blank\" rel=\"noopener\">https:\/\/www.ihz.ch\/home\/newsdetail\/news\/lean-management-in-der-wirtschaft-und-in-der-politik.html<\/a><\/p>\n<\/div>\n","protected":false},"excerpt":{"rendered":"<p>LuzernPlus Gebietsmanagments-Ap\u00e9ro im S\u00fcdpol\u00a0vom 1. September 2021 LuzernPlus Netzwerkanlass im Hotel Montana vom 4. November 2021 https:\/\/www.luzernplus.ch\/luzernplus\/veranstaltungen &nbsp; Industrie und Handelskammer Zentralschweiz IHZ Lean Management&#8230;<\/p>\n","protected":false},"author":19,"featured_media":4310,"comment_status":"open","ping_status":"open","sticky":false,"template":"","format":"standard","meta":{"footnotes":""},"categories":[22,30,21,74],"tags":[133,135,134],"class_list":["post-4305","post","type-post","status-publish","format-standard","has-post-thumbnail","hentry","category-kantonsrat-luzern","category-parlament","category-politik","category-veranstaltungen","tag-ihz","tag-politik-und-wirtschaft","tag-veranstaltungen"],"yoast_head":"<!-- This site is optimized with the Yoast SEO plugin v27.5 - https:\/\/yoast.com\/product\/yoast-seo-wordpress\/ -->\n<title>Wieder physische Veranstaltungen in der Politik m\u00f6glich - Peter F\u00e4ssler<\/title>\n<meta name=\"robots\" content=\"index, follow, max-snippet:-1, max-image-preview:large, max-video-preview:-1\" \/>\n<link rel=\"canonical\" href=\"https:\/\/peter-faessler.spschweiz.ch\/?p=4305\" \/>\n<meta property=\"og:locale\" content=\"de_DE\" \/>\n<meta property=\"og:type\" content=\"article\" \/>\n<meta property=\"og:title\" content=\"Wieder physische Veranstaltungen in der Politik m\u00f6glich - Peter F\u00e4ssler\" \/>\n<meta property=\"og:description\" content=\"LuzernPlus Gebietsmanagments-Ap\u00e9ro im S\u00fcdpol\u00a0vom 1. September 2021 LuzernPlus Netzwerkanlass im Hotel Montana vom 4. November 2021 https:\/\/www.luzernplus.ch\/luzernplus\/veranstaltungen &nbsp; Industrie und Handelskammer Zentralschweiz IHZ Lean Management...\" \/>\n<meta property=\"og:url\" content=\"https:\/\/peter-faessler.spschweiz.ch\/?p=4305\" \/>\n<meta property=\"og:site_name\" content=\"Peter F\u00e4ssler\" \/>\n<meta property=\"article:author\" content=\"www.facebook.com\/peter.fassler.31\" \/>\n<meta property=\"article:published_time\" content=\"2021-12-04T12:48:53+00:00\" \/>\n<meta property=\"article:modified_time\" content=\"2021-12-06T08:37:05+00:00\" \/>\n<meta property=\"og:image\" content=\"http:\/\/peter-faessler.spschweiz.ch\/wp-content\/uploads\/sites\/15\/2021\/12\/fbc697b85d830eb11cbc2c3f3dd2c002.jpg\" \/>\n\t<meta property=\"og:image:width\" content=\"1200\" \/>\n\t<meta property=\"og:image:height\" content=\"800\" \/>\n\t<meta property=\"og:image:type\" content=\"image\/jpeg\" \/>\n<meta name=\"author\" content=\"Peter F\u00e4ssler\" \/>\n<meta name=\"twitter:label1\" content=\"Verfasst von\" \/>\n\t<meta name=\"twitter:data1\" content=\"Peter F\u00e4ssler\" \/>\n\t<meta name=\"twitter:label2\" content=\"Gesch\u00e4tzte Lesezeit\" \/>\n\t<meta name=\"twitter:data2\" content=\"1\u00a0Minute\" \/>\n<script type=\"application\/ld+json\" class=\"yoast-schema-graph\">{\"@context\":\"https:\\\/\\\/schema.org\",\"@graph\":[{\"@type\":\"Article\",\"@id\":\"https:\\\/\\\/peter-faessler.spschweiz.ch\\\/?p=4305#article\",\"isPartOf\":{\"@id\":\"https:\\\/\\\/peter-faessler.spschweiz.ch\\\/?p=4305\"},\"author\":{\"name\":\"Peter F\u00e4ssler\",\"@id\":\"https:\\\/\\\/peter-faessler.spschweiz.ch\\\/#\\\/schema\\\/person\\\/7ac2f764b1930b731c670e8a2393b60e\"},\"headline\":\"Wieder physische Veranstaltungen in der Politik m\u00f6glich\",\"datePublished\":\"2021-12-04T12:48:53+00:00\",\"dateModified\":\"2021-12-06T08:37:05+00:00\",\"mainEntityOfPage\":{\"@id\":\"https:\\\/\\\/peter-faessler.spschweiz.ch\\\/?p=4305\"},\"wordCount\":86,\"commentCount\":0,\"image\":{\"@id\":\"https:\\\/\\\/peter-faessler.spschweiz.ch\\\/?p=4305#primaryimage\"},\"thumbnailUrl\":\"https:\\\/\\\/peter-faessler.spschweiz.ch\\\/wp-content\\\/uploads\\\/sites\\\/15\\\/2021\\\/12\\\/fbc697b85d830eb11cbc2c3f3dd2c002.jpg\",\"keywords\":[\"IHZ\",\"Politik und Wirtschaft\",\"Veranstaltungen\"],\"articleSection\":[\"Kantonsrat Luzern\",\"Parlament\",\"Politik\",\"Veranstaltungen\"],\"inLanguage\":\"de\",\"potentialAction\":[{\"@type\":\"CommentAction\",\"name\":\"Comment\",\"target\":[\"https:\\\/\\\/peter-faessler.spschweiz.ch\\\/?p=4305#respond\"]}]},{\"@type\":\"WebPage\",\"@id\":\"https:\\\/\\\/peter-faessler.spschweiz.ch\\\/?p=4305\",\"url\":\"https:\\\/\\\/peter-faessler.spschweiz.ch\\\/?p=4305\",\"name\":\"Wieder physische Veranstaltungen in der Politik m\u00f6glich - Peter F\u00e4ssler\",\"isPartOf\":{\"@id\":\"https:\\\/\\\/peter-faessler.spschweiz.ch\\\/#website\"},\"primaryImageOfPage\":{\"@id\":\"https:\\\/\\\/peter-faessler.spschweiz.ch\\\/?p=4305#primaryimage\"},\"image\":{\"@id\":\"https:\\\/\\\/peter-faessler.spschweiz.ch\\\/?p=4305#primaryimage\"},\"thumbnailUrl\":\"https:\\\/\\\/peter-faessler.spschweiz.ch\\\/wp-content\\\/uploads\\\/sites\\\/15\\\/2021\\\/12\\\/fbc697b85d830eb11cbc2c3f3dd2c002.jpg\",\"datePublished\":\"2021-12-04T12:48:53+00:00\",\"dateModified\":\"2021-12-06T08:37:05+00:00\",\"author\":{\"@id\":\"https:\\\/\\\/peter-faessler.spschweiz.ch\\\/#\\\/schema\\\/person\\\/7ac2f764b1930b731c670e8a2393b60e\"},\"breadcrumb\":{\"@id\":\"https:\\\/\\\/peter-faessler.spschweiz.ch\\\/?p=4305#breadcrumb\"},\"inLanguage\":\"de\",\"potentialAction\":[{\"@type\":\"ReadAction\",\"target\":[\"https:\\\/\\\/peter-faessler.spschweiz.ch\\\/?p=4305\"]}]},{\"@type\":\"ImageObject\",\"inLanguage\":\"de\",\"@id\":\"https:\\\/\\\/peter-faessler.spschweiz.ch\\\/?p=4305#primaryimage\",\"url\":\"https:\\\/\\\/peter-faessler.spschweiz.ch\\\/wp-content\\\/uploads\\\/sites\\\/15\\\/2021\\\/12\\\/fbc697b85d830eb11cbc2c3f3dd2c002.jpg\",\"contentUrl\":\"https:\\\/\\\/peter-faessler.spschweiz.ch\\\/wp-content\\\/uploads\\\/sites\\\/15\\\/2021\\\/12\\\/fbc697b85d830eb11cbc2c3f3dd2c002.jpg\",\"width\":1200,\"height\":800},{\"@type\":\"BreadcrumbList\",\"@id\":\"https:\\\/\\\/peter-faessler.spschweiz.ch\\\/?p=4305#breadcrumb\",\"itemListElement\":[{\"@type\":\"ListItem\",\"position\":1,\"name\":\"Startseite\",\"item\":\"https:\\\/\\\/peter-faessler.spschweiz.ch\\\/\"},{\"@type\":\"ListItem\",\"position\":2,\"name\":\"Wieder physische Veranstaltungen in der Politik m\u00f6glich\"}]},{\"@type\":\"WebSite\",\"@id\":\"https:\\\/\\\/peter-faessler.spschweiz.ch\\\/#website\",\"url\":\"https:\\\/\\\/peter-faessler.spschweiz.ch\\\/\",\"name\":\"Peter F\u00e4ssler\",\"description\":\"SP Kantonsrat Kanton Luzern\",\"potentialAction\":[{\"@type\":\"SearchAction\",\"target\":{\"@type\":\"EntryPoint\",\"urlTemplate\":\"https:\\\/\\\/peter-faessler.spschweiz.ch\\\/?s={search_term_string}\"},\"query-input\":{\"@type\":\"PropertyValueSpecification\",\"valueRequired\":true,\"valueName\":\"search_term_string\"}}],\"inLanguage\":\"de\"},{\"@type\":\"Person\",\"@id\":\"https:\\\/\\\/peter-faessler.spschweiz.ch\\\/#\\\/schema\\\/person\\\/7ac2f764b1930b731c670e8a2393b60e\",\"name\":\"Peter F\u00e4ssler\",\"image\":{\"@type\":\"ImageObject\",\"inLanguage\":\"de\",\"@id\":\"https:\\\/\\\/secure.gravatar.com\\\/avatar\\\/9da8604da19b11812517d76f206166d47c5e180a26df2de36b8649168e128572?s=96&d=blank&r=g\",\"url\":\"https:\\\/\\\/secure.gravatar.com\\\/avatar\\\/9da8604da19b11812517d76f206166d47c5e180a26df2de36b8649168e128572?s=96&d=blank&r=g\",\"contentUrl\":\"https:\\\/\\\/secure.gravatar.com\\\/avatar\\\/9da8604da19b11812517d76f206166d47c5e180a26df2de36b8649168e128572?s=96&d=blank&r=g\",\"caption\":\"Peter F\u00e4ssler\"},\"description\":\"Peter F\u00e4ssler Schibiweg 7 6006 Luzern\",\"sameAs\":[\"www.facebook.com\\\/peter.fassler.31\",\"https:\\\/\\\/www.instagram.com\\\/peter.fassler.31\\\/\",\"https:\\\/\\\/www.linkedin.com\\\/in\\\/peter-fssler-2518a782\\\/\",\"https:\\\/\\\/x.com\\\/pfaessler56\"],\"url\":\"https:\\\/\\\/peter-faessler.spschweiz.ch\\\/?author=19\"}]}<\/script>\n<!-- \/ Yoast SEO plugin. -->","yoast_head_json":{"title":"Wieder physische Veranstaltungen in der Politik m\u00f6glich - Peter F\u00e4ssler","robots":{"index":"index","follow":"follow","max-snippet":"max-snippet:-1","max-image-preview":"max-image-preview:large","max-video-preview":"max-video-preview:-1"},"canonical":"https:\/\/peter-faessler.spschweiz.ch\/?p=4305","og_locale":"de_DE","og_type":"article","og_title":"Wieder physische Veranstaltungen in der Politik m\u00f6glich - Peter F\u00e4ssler","og_description":"LuzernPlus Gebietsmanagments-Ap\u00e9ro im S\u00fcdpol\u00a0vom 1. September 2021 LuzernPlus Netzwerkanlass im Hotel Montana vom 4. November 2021 https:\/\/www.luzernplus.ch\/luzernplus\/veranstaltungen &nbsp; Industrie und Handelskammer Zentralschweiz IHZ Lean Management...","og_url":"https:\/\/peter-faessler.spschweiz.ch\/?p=4305","og_site_name":"Peter F\u00e4ssler","article_author":"www.facebook.com\/peter.fassler.31","article_published_time":"2021-12-04T12:48:53+00:00","article_modified_time":"2021-12-06T08:37:05+00:00","og_image":[{"width":1200,"height":800,"url":"http:\/\/peter-faessler.spschweiz.ch\/wp-content\/uploads\/sites\/15\/2021\/12\/fbc697b85d830eb11cbc2c3f3dd2c002.jpg","type":"image\/jpeg"}],"author":"Peter F\u00e4ssler","twitter_misc":{"Verfasst von":"Peter F\u00e4ssler","Gesch\u00e4tzte Lesezeit":"1\u00a0Minute"},"schema":{"@context":"https:\/\/schema.org","@graph":[{"@type":"Article","@id":"https:\/\/peter-faessler.spschweiz.ch\/?p=4305#article","isPartOf":{"@id":"https:\/\/peter-faessler.spschweiz.ch\/?p=4305"},"author":{"name":"Peter F\u00e4ssler","@id":"https:\/\/peter-faessler.spschweiz.ch\/#\/schema\/person\/7ac2f764b1930b731c670e8a2393b60e"},"headline":"Wieder physische Veranstaltungen in der Politik m\u00f6glich","datePublished":"2021-12-04T12:48:53+00:00","dateModified":"2021-12-06T08:37:05+00:00","mainEntityOfPage":{"@id":"https:\/\/peter-faessler.spschweiz.ch\/?p=4305"},"wordCount":86,"commentCount":0,"image":{"@id":"https:\/\/peter-faessler.spschweiz.ch\/?p=4305#primaryimage"},"thumbnailUrl":"https:\/\/peter-faessler.spschweiz.ch\/wp-content\/uploads\/sites\/15\/2021\/12\/fbc697b85d830eb11cbc2c3f3dd2c002.jpg","keywords":["IHZ","Politik und Wirtschaft","Veranstaltungen"],"articleSection":["Kantonsrat Luzern","Parlament","Politik","Veranstaltungen"],"inLanguage":"de","potentialAction":[{"@type":"CommentAction","name":"Comment","target":["https:\/\/peter-faessler.spschweiz.ch\/?p=4305#respond"]}]},{"@type":"WebPage","@id":"https:\/\/peter-faessler.spschweiz.ch\/?p=4305","url":"https:\/\/peter-faessler.spschweiz.ch\/?p=4305","name":"Wieder physische Veranstaltungen in der Politik m\u00f6glich - Peter F\u00e4ssler","isPartOf":{"@id":"https:\/\/peter-faessler.spschweiz.ch\/#website"},"primaryImageOfPage":{"@id":"https:\/\/peter-faessler.spschweiz.ch\/?p=4305#primaryimage"},"image":{"@id":"https:\/\/peter-faessler.spschweiz.ch\/?p=4305#primaryimage"},"thumbnailUrl":"https:\/\/peter-faessler.spschweiz.ch\/wp-content\/uploads\/sites\/15\/2021\/12\/fbc697b85d830eb11cbc2c3f3dd2c002.jpg","datePublished":"2021-12-04T12:48:53+00:00","dateModified":"2021-12-06T08:37:05+00:00","author":{"@id":"https:\/\/peter-faessler.spschweiz.ch\/#\/schema\/person\/7ac2f764b1930b731c670e8a2393b60e"},"breadcrumb":{"@id":"https:\/\/peter-faessler.spschweiz.ch\/?p=4305#breadcrumb"},"inLanguage":"de","potentialAction":[{"@type":"ReadAction","target":["https:\/\/peter-faessler.spschweiz.ch\/?p=4305"]}]},{"@type":"ImageObject","inLanguage":"de","@id":"https:\/\/peter-faessler.spschweiz.ch\/?p=4305#primaryimage","url":"https:\/\/peter-faessler.spschweiz.ch\/wp-content\/uploads\/sites\/15\/2021\/12\/fbc697b85d830eb11cbc2c3f3dd2c002.jpg","contentUrl":"https:\/\/peter-faessler.spschweiz.ch\/wp-content\/uploads\/sites\/15\/2021\/12\/fbc697b85d830eb11cbc2c3f3dd2c002.jpg","width":1200,"height":800},{"@type":"BreadcrumbList","@id":"https:\/\/peter-faessler.spschweiz.ch\/?p=4305#breadcrumb","itemListElement":[{"@type":"ListItem","position":1,"name":"Startseite","item":"https:\/\/peter-faessler.spschweiz.ch\/"},{"@type":"ListItem","position":2,"name":"Wieder physische Veranstaltungen in der Politik m\u00f6glich"}]},{"@type":"WebSite","@id":"https:\/\/peter-faessler.spschweiz.ch\/#website","url":"https:\/\/peter-faessler.spschweiz.ch\/","name":"Peter F\u00e4ssler","description":"SP Kantonsrat Kanton Luzern","potentialAction":[{"@type":"SearchAction","target":{"@type":"EntryPoint","urlTemplate":"https:\/\/peter-faessler.spschweiz.ch\/?s={search_term_string}"},"query-input":{"@type":"PropertyValueSpecification","valueRequired":true,"valueName":"search_term_string"}}],"inLanguage":"de"},{"@type":"Person","@id":"https:\/\/peter-faessler.spschweiz.ch\/#\/schema\/person\/7ac2f764b1930b731c670e8a2393b60e","name":"Peter F\u00e4ssler","image":{"@type":"ImageObject","inLanguage":"de","@id":"https:\/\/secure.gravatar.com\/avatar\/9da8604da19b11812517d76f206166d47c5e180a26df2de36b8649168e128572?s=96&d=blank&r=g","url":"https:\/\/secure.gravatar.com\/avatar\/9da8604da19b11812517d76f206166d47c5e180a26df2de36b8649168e128572?s=96&d=blank&r=g","contentUrl":"https:\/\/secure.gravatar.com\/avatar\/9da8604da19b11812517d76f206166d47c5e180a26df2de36b8649168e128572?s=96&d=blank&r=g","caption":"Peter F\u00e4ssler"},"description":"Peter F\u00e4ssler Schibiweg 7 6006 Luzern","sameAs":["www.facebook.com\/peter.fassler.31","https:\/\/www.instagram.com\/peter.fassler.31\/","https:\/\/www.linkedin.com\/in\/peter-fssler-2518a782\/","https:\/\/x.com\/pfaessler56"],"url":"https:\/\/peter-faessler.spschweiz.ch\/?author=19"}]}},"_links":{"self":[{"href":"https:\/\/peter-faessler.spschweiz.ch\/index.php?rest_route=\/wp\/v2\/posts\/4305","targetHints":{"allow":["GET"]}}],"collection":[{"href":"https:\/\/peter-faessler.spschweiz.ch\/index.php?rest_route=\/wp\/v2\/posts"}],"about":[{"href":"https:\/\/peter-faessler.spschweiz.ch\/index.php?rest_route=\/wp\/v2\/types\/post"}],"author":[{"embeddable":true,"href":"https:\/\/peter-faessler.spschweiz.ch\/index.php?rest_route=\/wp\/v2\/users\/19"}],"replies":[{"embeddable":true,"href":"https:\/\/peter-faessler.spschweiz.ch\/index.php?rest_route=%2Fwp%2Fv2%2Fcomments&post=4305"}],"version-history":[{"count":5,"href":"https:\/\/peter-faessler.spschweiz.ch\/index.php?rest_route=\/wp\/v2\/posts\/4305\/revisions"}],"predecessor-version":[{"id":4331,"href":"https:\/\/peter-faessler.spschweiz.ch\/index.php?rest_route=\/wp\/v2\/posts\/4305\/revisions\/4331"}],"wp:featuredmedia":[{"embeddable":true,"href":"https:\/\/peter-faessler.spschweiz.ch\/index.php?rest_route=\/wp\/v2\/media\/4310"}],"wp:attachment":[{"href":"https:\/\/peter-faessler.spschweiz.ch\/index.php?rest_route=%2Fwp%2Fv2%2Fmedia&parent=4305"}],"wp:term":[{"taxonomy":"category","embeddable":true,"href":"https:\/\/peter-faessler.spschweiz.ch\/index.php?rest_route=%2Fwp%2Fv2%2Fcategories&post=4305"},{"taxonomy":"post_tag","embeddable":true,"href":"https:\/\/peter-faessler.spschweiz.ch\/index.php?rest_route=%2Fwp%2Fv2%2Ftags&post=4305"}],"curies":[{"name":"wp","href":"https:\/\/api.w.org\/{rel}","templated":true}]}}