{"id":4827,"date":"2022-09-19T09:49:06","date_gmt":"2022-09-19T07:49:06","guid":{"rendered":"https:\/\/peter-faessler.spschweiz.ch\/?p=4827"},"modified":"2022-09-20T14:42:16","modified_gmt":"2022-09-20T12:42:16","slug":"september-session-2022-des-luzerner-kantonsrats-vom-12-13-und-19-september-2022-3-sessionstag-vom-19-09-2022","status":"publish","type":"post","link":"https:\/\/peter-faessler.spschweiz.ch\/?p=4827","title":{"rendered":"September-Session 2022 des Luzerner Kantonsrats  vom 12., 13. und 19. September 2022, 3. Sessionstag vom 19.09.2022"},"content":{"rendered":"<h1>Dritter Sessionstag vom 19. September 2022<\/h1>\n<p>Hier geht es zur <a href=\"https:\/\/www.lu.ch\/kr\/Sessionen\/sessionsdaten_2022\/detail?guid=305e048375f948c7b1e6089541dac629&amp;cal=F49AC8F5210E4A1D9FC3DCAFA8C80FA3\" target=\"_blank\" rel=\"noopener\">Traktandenliste<\/a>, den Kurzprotokollen, den Anwesenheitslisten und den Abstimmungsresultaten. Die Traktandenliste umfasst 65 Traktanden sowie 15 als dringlich eingereichte Vorst\u00f6sse und Anfragen.<\/p>\n<p><a href=\"https:\/\/www.lu.ch\/kr\/Sessionen\/sessionsdaten_2022\" target=\"_blank\" rel=\"noopener\">Livestream<\/a> der Kantonsrat-Sessionen<\/p>\n<p>Wir beginnen den zweiten Sessionstag mit der Behandlung des<\/p>\n<h3>Dringlichen Vorstoss<\/h3>\n<p><a href=\"https:\/\/www.lu.ch\/kr\/parlamentsgeschaefte\/detail?ges=f5713c8b60824ef19666edbb401a68e0&amp;back=1&amp;geschaeftsnr=A%20954&amp;art=-0-1-2-3&amp;bart=-0-1-2-3-4&amp;vart=-0-1-2-3&amp;wart=1&amp;gart=1&amp;status=-0-1\" target=\"_blank\" rel=\"noopener\"><strong>A 954 Anfrage Schnydrig Monika und Mit. \u00fcber die Einsch\u00e4tzung und Handhabung des erheblich erh\u00f6hten Tuberkulose-Krankheitsrisikos von Fl\u00fcchtlingen, insbesondere auch von ukrainischen Fl\u00fcchtlingen, durch die kantonalen Gesundheitsbeh\u00f6rden zum Schutz der Bev\u00f6lkerung.<\/strong><\/a><br \/>\nDie Anfrage wurde vom Regierungsrat schriftlich beantwortet. Die Anfragende ist mit der Antwort teilweise zufrieden. Diskussion.<\/p>\n<p>Weiter gehts mit Behandlung der<\/p>\n<h3>Botschaften und Vorst\u00f6ssen<\/h3>\n<div id=\"attachment_4843\" style=\"width: 310px\" class=\"wp-caption alignright\"><img loading=\"lazy\" decoding=\"async\" aria-describedby=\"caption-attachment-4843\" class=\"size-medium wp-image-4843\" src=\"http:\/\/peter-faessler.spschweiz.ch\/wp-content\/uploads\/sites\/15\/2022\/09\/unilu-300x200.jpg\" alt=\"\" width=\"300\" height=\"200\" srcset=\"https:\/\/peter-faessler.spschweiz.ch\/wp-content\/uploads\/sites\/15\/2022\/09\/unilu-300x200.jpg 300w, https:\/\/peter-faessler.spschweiz.ch\/wp-content\/uploads\/sites\/15\/2022\/09\/unilu-150x100.jpg 150w, https:\/\/peter-faessler.spschweiz.ch\/wp-content\/uploads\/sites\/15\/2022\/09\/unilu.jpg 474w\" sizes=\"auto, (max-width: 300px) 100vw, 300px\" \/><p id=\"caption-attachment-4843\" class=\"wp-caption-text\">Bild: unilu.ch<\/p><\/div>\n<p>Trakt. 11 <a href=\"https:\/\/www.lu.ch\/kr\/parlamentsgeschaefte\/detail?ges=cf0a9c97e7d74635a7bc363ebe7137fe&amp;back=1&amp;geschaeftsnr=B%20114&amp;art=-0-1-2-3&amp;bart=-0-1-2-3-4&amp;vart=-0-1-2-3&amp;wart=1&amp;gart=1&amp;status=-0-1\" target=\"_blank\" rel=\"noopener\"><strong>B 114 Universit\u00e4t Luzern: Gr\u00fcndung von zwei neuen Fakult\u00e4ten; Entwurf \u00c4nderung des Universit\u00e4tsgesetzes<\/strong><\/a><br \/>\nBildungs- und Kulturdepartement, 1. Beratung<br \/>\nKommission Erziehung, Bildung und Kultur<br \/>\nDie Beratung wird nun fortgesetzt.<br \/>\nDer Botschaft wird mit 88 zu 21 Stimmen zugestimmt.<\/p>\n<p>Trakt. 12 <a href=\"https:\/\/www.lu.ch\/kr\/parlamentsgeschaefte\/detail?ges=99ccec1e19f94fd1acd3c12f7bb9e33d&amp;back=1&amp;geschaeftsnr=A%20883&amp;art=-0-1-2-3&amp;bart=-0-1-2-3-4&amp;vart=-0-1-2-3&amp;wart=1&amp;gart=1&amp;status=-0-1\" target=\"_blank\" rel=\"noopener\"><strong>A 883 Anfrage Hunkeler Yvonne und Mit. \u00fcber die Positionierung der Fakult\u00e4ten der Universit\u00e4t Luzern, die Zusammenarbeit zwischen der Universit\u00e4t und der Hochschule Luzern und die Eigenkapitalfinanzierung der Hochschulen<\/strong><\/a><br \/>\nBildungs- und Kulturdepartement<br \/>\nDie Anfrage wurde vom Regierungsrat schriftlich beantwortet. Die Anfragende ist mit der Antwort teilweise zufrieden. Diskussion.<\/p>\n<p><img loading=\"lazy\" decoding=\"async\" class=\"size-medium wp-image-3438 alignright\" src=\"http:\/\/peter-faessler.spschweiz.ch\/wp-content\/uploads\/sites\/15\/2020\/10\/Geld-142x300.jpg\" alt=\"\" width=\"142\" height=\"300\" srcset=\"https:\/\/peter-faessler.spschweiz.ch\/wp-content\/uploads\/sites\/15\/2020\/10\/Geld-142x300.jpg 142w, https:\/\/peter-faessler.spschweiz.ch\/wp-content\/uploads\/sites\/15\/2020\/10\/Geld-485x1024.jpg 485w, https:\/\/peter-faessler.spschweiz.ch\/wp-content\/uploads\/sites\/15\/2020\/10\/Geld-71x150.jpg 71w, https:\/\/peter-faessler.spschweiz.ch\/wp-content\/uploads\/sites\/15\/2020\/10\/Geld-768x1623.jpg 768w, https:\/\/peter-faessler.spschweiz.ch\/wp-content\/uploads\/sites\/15\/2020\/10\/Geld-727x1536.jpg 727w, https:\/\/peter-faessler.spschweiz.ch\/wp-content\/uploads\/sites\/15\/2020\/10\/Geld-969x2048.jpg 969w, https:\/\/peter-faessler.spschweiz.ch\/wp-content\/uploads\/sites\/15\/2020\/10\/Geld-scaled.jpg 1211w\" sizes=\"auto, (max-width: 142px) 100vw, 142px\" \/>Trakt. 13: <a href=\"https:\/\/www.lu.ch\/kr\/parlamentsgeschaefte\/detail?ges=58dd886ac09349258fa503e30bdcd8d2&amp;back=1&amp;geschaeftsnr=B%20118&amp;art=-0-1-2-3&amp;bart=-0-1-2-3-4&amp;vart=-0-1-2-3&amp;wart=1&amp;gart=1&amp;status=-0-1\" target=\"_blank\" rel=\"noopener\"><strong>B 118 Finanzierung der Erg\u00e4nzungsleistungen zur AHV f\u00fcr Heimbewohnerinnen und -bewohner; Entw\u00fcrfe \u00c4nderungen des kantonalen Erg\u00e4nzungsleistungsgesetzes und des Betreuungs- und Pflegegesetzes<\/strong><\/a><br \/>\nGesundheitsund Sozialdepartement, 1. Beratung<br \/>\nKommission Gesundheit, Arbeit und soziale Sicherheit<br \/>\nBeschlussfassung des Kantonsrates: 83 zu 18 Stimmen Zustimmung.<\/p>\n<p>Trakt. 14: <a href=\"https:\/\/www.lu.ch\/kr\/parlamentsgeschaefte\/detail?ges=0f3bda81986b4d0aaf68dd555b97c542&amp;back=1&amp;geschaeftsnr=P%20693&amp;art=-0-1-2-3&amp;bart=-0-1-2-3-4&amp;vart=-0-1-2-3&amp;wart=1&amp;gart=1&amp;status=-0-1\" target=\"_blank\" rel=\"noopener\"><strong>P 693 Postulat Schneider Andy und Mit. \u00fcber den Verzicht auf Demenzzuschl\u00e4ge gem\u00e4ss kantonaler Demenzstrategie Ziel 4<\/strong><\/a><br \/>\nGesundheits- und Sozialdepartement<br \/>\nAntrag RR: Erheblicherkl\u00e4rung<br \/>\nBeschluss des Kantonsrates: Erheblicherkl\u00e4rung.<\/p>\n<p>Trakt.15: <a href=\"https:\/\/www.lu.ch\/kr\/parlamentsgeschaefte\/detail?ges=6d102fb8d4284350b5017cbf20b7afdb&amp;back=1&amp;geschaeftsnr=B%20115&amp;art=-0-1-2-3&amp;bart=-0-1-2-3-4&amp;vart=-0-1-2-3&amp;wart=1&amp;gart=1&amp;status=-0-1\" target=\"_blank\" rel=\"noopener\"><strong>B 115 Miete von R\u00e4umen und Infrastruktur f\u00fcr Verkehrspr\u00fcfungen des Strassenverkehrsamtes; Entwurf Dekret \u00fcber einen Sonderkredit<\/strong><\/a><br \/>\nFinanzdepartement<br \/>\nKommission Verkehr und Bau<br \/>\nBeschlussfassung des Kantonsrates: 90 zu 0 Stimmen Zustimmung.<\/p>\n<p>Trakt. 16: <a href=\"https:\/\/www.lu.ch\/kr\/parlamentsgeschaefte\/detail?ges=a8d6321cb0b14775ab9b5c80eeab18e1&amp;back=1&amp;geschaeftsnr=B%20117&amp;art=-0-1-2-3&amp;bart=-0-1-2-3-4&amp;vart=-0-1-2-3&amp;wart=1&amp;gart=1&amp;status=-0-1\" target=\"_blank\" rel=\"noopener\"><strong>B 117 \u00c4nderung der Kantonsstrasse K 10 und L\u00e4rmsanierungsprojekt, Abschnitt Wiggen bis zur Grenze Kanton Bern, Gemeinde Escholzmatt-Marbach; Entwurf Dekret \u00fcber einen Sonderkredit<\/strong><\/a><br \/>\nBau-, Umwelt- und Wirtschaftsdepartement<br \/>\nKommission Verkehr und Bau<br \/>\nBeschlussfassung des Kantonsrates: 93 zu 0 Stimmen Zustimmung.<\/p>\n<div id=\"attachment_4890\" style=\"width: 310px\" class=\"wp-caption alignleft\"><img loading=\"lazy\" decoding=\"async\" aria-describedby=\"caption-attachment-4890\" class=\"size-medium wp-image-4890\" src=\"http:\/\/peter-faessler.spschweiz.ch\/wp-content\/uploads\/sites\/15\/2022\/09\/885b2_img_3111_14mittel-300x200.jpg\" alt=\"\" width=\"300\" height=\"200\" srcset=\"https:\/\/peter-faessler.spschweiz.ch\/wp-content\/uploads\/sites\/15\/2022\/09\/885b2_img_3111_14mittel-300x200.jpg 300w, https:\/\/peter-faessler.spschweiz.ch\/wp-content\/uploads\/sites\/15\/2022\/09\/885b2_img_3111_14mittel-1024x683.jpg 1024w, https:\/\/peter-faessler.spschweiz.ch\/wp-content\/uploads\/sites\/15\/2022\/09\/885b2_img_3111_14mittel-150x100.jpg 150w, https:\/\/peter-faessler.spschweiz.ch\/wp-content\/uploads\/sites\/15\/2022\/09\/885b2_img_3111_14mittel-768x512.jpg 768w, https:\/\/peter-faessler.spschweiz.ch\/wp-content\/uploads\/sites\/15\/2022\/09\/885b2_img_3111_14mittel.jpg 1152w\" sizes=\"auto, (max-width: 300px) 100vw, 300px\" \/><p id=\"caption-attachment-4890\" class=\"wp-caption-text\">Bild: Lignum Zentralschweiz<\/p><\/div>\n<p>W\u00e4hrend der<\/p>\n<h3>Mittagspause<\/h3>\n<p>trafen wir uns zum Lignum<\/p>\n<h3><strong>Holz-Politik-Ap\u00e9ro im Regierungsgeb\u00e4ude Luzern<\/strong><\/h3>\n<p>Bereits zum vierten Mal trafen sich Vertreter aus der Politik mit der Wald- und Holzbranche zum Holz-Politik-Ap\u00e9ro im Luzerner Regierungsgeb\u00e4ude. Auch bei der aktuellen Ausgabe hatte der Anlass den Fokus auf der F\u00f6rderung eines aktiven Austauschs. Die Referenten des Mittags r\u00fcckten hierzu den Wald \u2013 und somit den Rohstoff Holz \u2013 ganz ins Zentrum des Geschehens.<br \/>\nHier der ganze Text mit Fotos: <a href=\"https:\/\/lignum-zentral.ch\/de\/151\/events\/event\/91\/holz-politik-apero-im-regierungsgebaeude-luzern\/\" target=\"_blank\" rel=\"noopener\">https:\/\/lignum-zentral.ch\/de\/151\/events\/event\/91\/holz-politik-apero-im-regierungsgebaeude-luzern\/<\/a><\/p>\n<p>&nbsp;<\/p>\n<p>Trakt. 17: <strong><a href=\"https:\/\/www.lu.ch\/kr\/parlamentsgeschaefte\/detail?ges=119c37678e9849c6aee6d1282a6962eb&amp;back=1&amp;geschaeftsnr=B%20109&amp;art=-0-1-2-3&amp;bart=-0-1-2-3-4&amp;vart=-0-1-2-3&amp;wart=1&amp;gart=1&amp;status=-0-1\" target=\"_blank\" rel=\"noopener\">B 109 Wirkungsbericht Existenzsicherung 2021; Entwurf Kantonsratsbeschluss \u00fcber die Kenntnisnahme<\/a><br \/>\n<\/strong>Gesundheits- und Sozialdepartement<br \/>\nKommission Gesundheit, Arbeit und soziale Sicherheit<br \/>\nBeschlussfassung des Kantonsrates: 85 zu 21 Stimmen Zustimmung.<\/p>\n<div id=\"attachment_4861\" style=\"width: 310px\" class=\"wp-caption alignleft\"><img loading=\"lazy\" decoding=\"async\" aria-describedby=\"caption-attachment-4861\" class=\"size-medium wp-image-4861\" src=\"http:\/\/peter-faessler.spschweiz.ch\/wp-content\/uploads\/sites\/15\/2022\/09\/zhb-300x168.jpg\" alt=\"\" width=\"300\" height=\"168\" srcset=\"https:\/\/peter-faessler.spschweiz.ch\/wp-content\/uploads\/sites\/15\/2022\/09\/zhb-300x168.jpg 300w, https:\/\/peter-faessler.spschweiz.ch\/wp-content\/uploads\/sites\/15\/2022\/09\/zhb-150x84.jpg 150w, https:\/\/peter-faessler.spschweiz.ch\/wp-content\/uploads\/sites\/15\/2022\/09\/zhb.jpg 474w\" sizes=\"auto, (max-width: 300px) 100vw, 300px\" \/><p id=\"caption-attachment-4861\" class=\"wp-caption-text\">Bild: www.zentralplus.ch<\/p><\/div>\n<p>Trakt. 18: <a href=\"https:\/\/www.lu.ch\/kr\/parlamentsgeschaefte\/detail?ges=e9e1f4a990eb441f87dd9156b313318e&amp;back=1&amp;geschaeftsnr=B%20116&amp;art=-0-1-2-3&amp;bart=-0-1-2-3-4&amp;vart=-0-1-2-3&amp;wart=1&amp;gart=1&amp;status=-0-1\" target=\"_blank\" rel=\"noopener\"><strong>B 116 Abrechnung \u00fcber die Sanierung und den Umbau der Zentral- und Hochschulbibliothek Luzern; Entwurf Kantonsratsbeschluss \u00fcber die Genehmigung<\/strong><\/a><br \/>\nFinanzdepartement<br \/>\nKommission Verkehr und Bau<br \/>\nBeschlussfassung des Kantonsrates:<\/p>\n<p>Trakt. 19: <strong>Universit\u00e4t Luzern; Jahresbericht 2021<br \/>\n<\/strong><a href=\"http:\/\/peter-faessler.spschweiz.ch\/wp-content\/uploads\/sites\/15\/2022\/09\/Jahresbericht_2021_Universitaet_Luzern.pdf\">Jahresbericht_2021_Universit\u00e4t_Luzern<\/a><br \/>\nBildungs- und Kulturdepartement<br \/>\nPlanungs- und Finanzkommission<br \/>\nBeschlussfassung des Kantonsrates:<\/p>\n<p>Trakt. 20: <strong>P\u00e4dagogische Hochschule Luzern; T\u00e4tigkeitsbericht 2021<\/strong><br \/>\n<a href=\"http:\/\/peter-faessler.spschweiz.ch\/wp-content\/uploads\/sites\/15\/2022\/09\/PHLU_Taetigkeitsbericht-2021.pdf\">PHLU_T\u00e4tigkeitsbericht-2021<\/a><br \/>\nBildungs- und Kulturdepartement<br \/>\nPlanungs- und Finanzkommission<br \/>\nBeschlussfassung des Kantonsrates:<\/p>\n<p>Trakt. 21: <strong>Wahl einer Stimmenz\u00e4hlerin \/ eines Stimmenz\u00e4hlers des Kantonsrates f\u00fcr den Rest der Amtsdauer 2019\u20132023<\/strong><br \/>\nGew\u00e4hlt ist: Daniel R\u00fcttimann, Hochdorf<\/p>\n<p>Trakt. 22: <strong>Wahl einer frei einsetzbaren Richterin \/ eines frei einsetzbaren Richters der erstinstanzlichen Gerichte f\u00fcr den Rest der Amtsdauer 2019\u20132022 sowie f\u00fcr die Amtsdauer 2023\u20132026 (Nachfolge Sereina M\u00fcller)<\/strong><br \/>\nGew\u00e4hlt ist: Silja Tolusso, Luzern<\/p>\n<p>Trakt. 23: <strong>Wahl eines Mitglieds der parit\u00e4tischen Schlichtungsbeh\u00f6rde Miete und Pacht f\u00fcr die Amtsdauer 2023\u20132026 (Nachfolge Luzia Vetterli)<\/strong><br \/>\nGew\u00e4hlt ist: Simon Odermatt, Luzern<\/p>\n<p><img loading=\"lazy\" decoding=\"async\" class=\" wp-image-4871 alignleft\" src=\"http:\/\/peter-faessler.spschweiz.ch\/wp-content\/uploads\/sites\/15\/2022\/09\/KONFEREN-300x290.png\" alt=\"\" width=\"134\" height=\"129\" srcset=\"https:\/\/peter-faessler.spschweiz.ch\/wp-content\/uploads\/sites\/15\/2022\/09\/KONFEREN-300x290.png 300w, https:\/\/peter-faessler.spschweiz.ch\/wp-content\/uploads\/sites\/15\/2022\/09\/KONFEREN-150x145.png 150w, https:\/\/peter-faessler.spschweiz.ch\/wp-content\/uploads\/sites\/15\/2022\/09\/KONFEREN.png 459w\" sizes=\"auto, (max-width: 134px) 100vw, 134px\" \/>Trakt. 24: <strong>Wechsel in st\u00e4ndigen Kommissionen der Legislatur 2019\u20132023<\/strong><br \/>\nBeschlussfassung des Kantonsrates:<br \/>\nAufsichts- und Kontrollkommission<br \/>\nPeter Zurkirchen Die Mitte (anstelle Markus Gehrig)<br \/>\nBeatrix K\u00fcttel Die Mitte (anstelle Claudia Bernasconi)<br \/>\nKommission Justiz und Sicherheit<br \/>\nClaudia Wedekind Die Mitte (anstelle Markus Gehrig)<\/p>\n<h3>Parlamentarische Vorst\u00f6sse<\/h3>\n<p>(* Diese Gesch\u00e4fte waren bereits an der Juni-Session 2022 traktandiert.)<\/p>\n<p><img loading=\"lazy\" decoding=\"async\" class=\"size-medium wp-image-4457 alignright\" src=\"http:\/\/peter-faessler.spschweiz.ch\/wp-content\/uploads\/sites\/15\/2022\/01\/SCMT0038-300x240.jpg\" alt=\"\" width=\"300\" height=\"240\" srcset=\"https:\/\/peter-faessler.spschweiz.ch\/wp-content\/uploads\/sites\/15\/2022\/01\/SCMT0038-300x240.jpg 300w, https:\/\/peter-faessler.spschweiz.ch\/wp-content\/uploads\/sites\/15\/2022\/01\/SCMT0038-1024x819.jpg 1024w, https:\/\/peter-faessler.spschweiz.ch\/wp-content\/uploads\/sites\/15\/2022\/01\/SCMT0038-150x120.jpg 150w, https:\/\/peter-faessler.spschweiz.ch\/wp-content\/uploads\/sites\/15\/2022\/01\/SCMT0038-768x614.jpg 768w, https:\/\/peter-faessler.spschweiz.ch\/wp-content\/uploads\/sites\/15\/2022\/01\/SCMT0038.jpg 1200w\" sizes=\"auto, (max-width: 300px) 100vw, 300px\" \/>Trak. 25: <a href=\"https:\/\/www.lu.ch\/kr\/parlamentsgeschaefte\/detail?ges=5a3e24a492a342e58f0b928c849eaf8e&amp;back=1&amp;geschaeftsnr=P%20648&amp;art=-0-1-2-3&amp;bart=-0-1-2-3-4&amp;vart=-0-1-2-3&amp;wart=1&amp;gart=1&amp;status=-0-1\" target=\"_blank\" rel=\"noopener\"><strong>P 648 *Postulat Candan Hasan und Mit. \u00fcber die Anpassung der R\u00fcckzonungsstrategie zur Sicherung der Fruchtfolgefl\u00e4chen sowie Natur und Landschaft<\/strong><\/a><br \/>\nBau-, Umwelt- und Wirtschaftsdepartement<br \/>\nAntrag RR: Ablehnung<br \/>\nAntrag G\/JG: Teilweise Erheblicherkl\u00e4rung<br \/>\nBeschluss des Kantonsrates: 79 zu 28 Stimmen Ablehnung<\/p>\n<p>Trakt. 26: <a href=\"https:\/\/www.lu.ch\/kr\/parlamentsgeschaefte\/detail?ges=228446b5a54148c5844c5591dfa3f2b3&amp;back=1&amp;geschaeftsnr=M%20668&amp;art=-0-1-2-3&amp;bart=-0-1-2-3-4&amp;vart=-0-1-2-3&amp;wart=1&amp;gart=1&amp;status=-0-1\" target=\"_blank\" rel=\"noopener\"><strong>M 668 *Motion Birrer Martin und Mit. \u00fcber die Sicherstellung ausreichender Parkplatzkapazit\u00e4ten in den Gemeinden<\/strong><\/a><br \/>\nBau-, Umwelt- und Wirtschaftsdepartement<br \/>\nAntrag RR: Erheblicherkl\u00e4rung als Postulat<br \/>\nBeschluss des Kantonsrates: 70 zu 43 als Postulat Erheblich.<\/p>\n<p><img loading=\"lazy\" decoding=\"async\" class=\"size-medium wp-image-2247 alignright\" src=\"http:\/\/peter-faessler.spschweiz.ch\/wp-content\/uploads\/sites\/15\/2019\/02\/170502_ubersicht_gesamtsystem_bypass-158x300.jpg\" alt=\"\" width=\"158\" height=\"300\" srcset=\"https:\/\/peter-faessler.spschweiz.ch\/wp-content\/uploads\/sites\/15\/2019\/02\/170502_ubersicht_gesamtsystem_bypass-158x300.jpg 158w, https:\/\/peter-faessler.spschweiz.ch\/wp-content\/uploads\/sites\/15\/2019\/02\/170502_ubersicht_gesamtsystem_bypass-79x150.jpg 79w, https:\/\/peter-faessler.spschweiz.ch\/wp-content\/uploads\/sites\/15\/2019\/02\/170502_ubersicht_gesamtsystem_bypass-539x1024.jpg 539w, https:\/\/peter-faessler.spschweiz.ch\/wp-content\/uploads\/sites\/15\/2019\/02\/170502_ubersicht_gesamtsystem_bypass.jpg 580w\" sizes=\"auto, (max-width: 158px) 100vw, 158px\" \/>Trakt. 27: <a href=\"https:\/\/www.lu.ch\/kr\/parlamentsgeschaefte\/detail?ges=c9bc13925ba3456595ba59a925799e0d&amp;back=1&amp;geschaeftsnr=A%20749&amp;art=-0-1-2-3&amp;bart=-0-1-2-3-4&amp;vart=-0-1-2-3&amp;wart=1&amp;gart=1&amp;status=-0-1\" target=\"_blank\" rel=\"noopener\"><strong>A 749 *Anfrage Schmutz Judith und Mit. \u00fcber den Einfluss der Verkehrsperspektiven 2050 des Bundes<\/strong><\/a><br \/>\nBau-, Umwelt- und Wirtschaftsdepartement<br \/>\nDie Anfrage wurde vom Regierungsrat schriftlich beantwortet. Diskussion.<\/p>\n<p>Trakt. 28: <a href=\"https:\/\/www.lu.ch\/kr\/parlamentsgeschaefte\/detail?ges=99291e81b58442f9b51765b8d96cb10e&amp;back=1&amp;geschaeftsnr=A%20757&amp;art=-0-1-2-3&amp;bart=-0-1-2-3-4&amp;vart=-0-1-2-3&amp;wart=1&amp;gart=1&amp;status=-0-1\" target=\"_blank\" rel=\"noopener\"><strong>A 757 *Anfrage Spring Laura und Mit. \u00fcber die Verkehrsgrundlagen f\u00fcr den Bypass<\/strong><\/a><br \/>\nBau-, Umwelt- und Wirtschaftsdepartement<br \/>\nDie Anfrage wurde vom Regierungsrat schriftlich beantwortet. Diskussion.<\/p>\n<p>Trakt. 29: <a href=\"https:\/\/www.lu.ch\/kr\/parlamentsgeschaefte\/detail?ges=c51789d25ff64a529aa2cece7126f51a&amp;back=1&amp;geschaeftsnr=P%20661&amp;art=-0-1-2-3&amp;bart=-0-1-2-3-4&amp;vart=-0-1-2-3&amp;wart=1&amp;gart=1&amp;status=-0-1\" target=\"_blank\" rel=\"noopener\"><strong>P 661 *Postulat Koch Hannes und Mit. \u00fcber Green IT in der kantonalen Verwaltung<\/strong><\/a><br \/>\nFinanzdepartement<br \/>\nAntrag RR: Ablehnung wegen Erf\u00fcllung<br \/>\nBeschluss des Kantonsrates: 64 zu 23 Stimmen Ablehnung<\/p>\n<p>Trakt. 30: <a href=\"https:\/\/www.lu.ch\/kr\/parlamentsgeschaefte\/detail?ges=65aaeeb6fd444de4b6ce3e9adadafece&amp;back=1&amp;geschaeftsnr=M%20687&amp;art=-0-1-2-3&amp;bart=-0-1-2-3-4&amp;vart=-0-1-2-3&amp;wart=1&amp;gart=1&amp;status=-0-1\" target=\"_blank\" rel=\"noopener\"><strong>M 687 *Motion Frey Maurus und Mit. \u00fcber zwingend \u00f6ffentliche Ausschreibung von Kaderstellen der kantonalen Verwaltung<\/strong><\/a><br \/>\nFinanzdepartement<br \/>\nAntrag RR: Ablehnung<br \/>\nBeschluss des Kantonsrates: 72 zu 29 Stimmen Ablehmung.<\/p>\n<p>Trakt. 31: <a href=\"https:\/\/www.lu.ch\/kr\/parlamentsgeschaefte\/detail?ges=726c9c15157c41f586f54e488f84190f&amp;back=1&amp;geschaeftsnr=P%20711&amp;art=-0-1-2-3&amp;bart=-0-1-2-3-4&amp;vart=-0-1-2-3&amp;wart=1&amp;gart=1&amp;status=-0-1\" target=\"_blank\" rel=\"noopener\"><strong>P 711 *Postulat Candan Hasan und Mit. \u00fcber klima-, umwelt- und biodiversit\u00e4tsf\u00f6rdernde Pachtvertr\u00e4ge<\/strong><\/a><br \/>\nFinanzdepartement<br \/>\nAntrag RR: Teilweise Erheblicherkl\u00e4rung<br \/>\nBeschluss des Kantonsrates: 71 zu 36 Stimmen teilweise Erheblich<\/p>\n<div id=\"attachment_2024\" style=\"width: 310px\" class=\"wp-caption alignleft\"><img loading=\"lazy\" decoding=\"async\" aria-describedby=\"caption-attachment-2024\" class=\"size-medium wp-image-2024\" src=\"http:\/\/peter-faessler.spschweiz.ch\/wp-content\/uploads\/sites\/15\/2018\/12\/Geld-CH-300x200.jpg\" alt=\"\" width=\"300\" height=\"200\" srcset=\"https:\/\/peter-faessler.spschweiz.ch\/wp-content\/uploads\/sites\/15\/2018\/12\/Geld-CH-300x200.jpg 300w, https:\/\/peter-faessler.spschweiz.ch\/wp-content\/uploads\/sites\/15\/2018\/12\/Geld-CH-150x100.jpg 150w, https:\/\/peter-faessler.spschweiz.ch\/wp-content\/uploads\/sites\/15\/2018\/12\/Geld-CH.jpg 640w\" sizes=\"auto, (max-width: 300px) 100vw, 300px\" \/><p id=\"caption-attachment-2024\" class=\"wp-caption-text\">Bild: der.bund.ch<\/p><\/div>\n<p>Trakt. 32: <a href=\"https:\/\/www.lu.ch\/kr\/parlamentsgeschaefte\/detail?ges=1214608c37914d849991a1b35749f297&amp;back=1&amp;geschaeftsnr=A%20716&amp;art=-0-1-2-3&amp;bart=-0-1-2-3-4&amp;vart=-0-1-2-3&amp;wart=1&amp;gart=1&amp;status=-0-1\" target=\"_blank\" rel=\"noopener\"><strong>A 716 *Anfrage Meyer J\u00f6rg und Mit. \u00fcber angemessene Geb\u00fchren<\/strong><\/a><br \/>\nFinanzdepartement i. V. mit Justiz- und Sicherheitsdepartement<br \/>\nDie Anfrage wurde vom Regierungsrat schriftlich beantwortet. Diskussion.<\/p>\n<p>Trakt. 33: <a href=\"https:\/\/www.lu.ch\/kr\/parlamentsgeschaefte\/detail?ges=47647467e0ab4ed781663ef45bf3151a&amp;back=1&amp;geschaeftsnr=A%20789&amp;art=-0-1-2-3&amp;bart=-0-1-2-3-4&amp;vart=-0-1-2-3&amp;wart=1&amp;gart=1&amp;status=-0-1\" target=\"_blank\" rel=\"noopener\"><strong>A 789 *Anfrage M\u00fcller Guido und Mit. \u00fcber die Kontrolle der Geb\u00fchrenh\u00f6hen und die Verf\u00fcgung von Korrekturmassnahmen bei Nicht-Einhaltung der gesetzlichen Vorgaben<\/strong><\/a><br \/>\nFinanzdepartement<br \/>\nDie Anfrage wurde vom Regierungsrat schriftlich beantwortet. Diskussion.<\/p>\n<p>Trakt. 34: <strong><a href=\"https:\/\/www.lu.ch\/kr\/parlamentsgeschaefte\/detail?ges=8244d018c84542a1a01fdc82f94d4453&amp;back=1&amp;geschaeftsnr=P%20726&amp;art=-0-1-2-3&amp;bart=-0-1-2-3-4&amp;vart=-0-1-2-3&amp;wart=1&amp;gart=1&amp;status=-0-1\" target=\"_blank\" rel=\"noopener\">P 726 *Postulat Candan Hasan und Mit. \u00fcber die \u00dcberpr\u00fcfung des Steuerwerts von Privatautos<\/a><\/strong><br \/>\nFinanzdepartement<br \/>\nAntrag RR: Ablehnung<br \/>\nBeschluss des Kantonsrates: 65 zu 34 Stimmen Ablehnung.<\/p>\n<p>Trakt. 35:<a href=\"https:\/\/www.lu.ch\/kr\/parlamentsgeschaefte\/detail?ges=46f0a52a91f745d29abb84bf95306bff&amp;back=1&amp;geschaeftsnr=M%20777&amp;art=-0-1-2-3&amp;bart=-0-1-2-3-4&amp;vart=-0-1-2-3&amp;wart=1&amp;gart=1&amp;status=-0-1\" target=\"_blank\" rel=\"noopener\"><strong> M 777 *Motion Cozzio Mario und Mit. \u00fcber die Schaffung positiver Steueranreize f\u00fcr Vorsorgebeitr\u00e4ge an die zweite und dritte S\u00e4ule<\/strong><\/a><br \/>\nFinanzdepartement<br \/>\nAntrag RR: Erheblicherkl\u00e4rung als Postulat<br \/>\nBeschluss des Kantonsrates: 74 zu 31 Stimmen als Postulat Erheblich.<\/p>\n<p>Trakt. 36: <a href=\"https:\/\/www.lu.ch\/kr\/parlamentsgeschaefte\/detail?ges=af2301707c2646ecb8d6b40b4b0facd8&amp;back=1&amp;geschaeftsnr=A%20800&amp;art=-0-1-2-3&amp;bart=-0-1-2-3-4&amp;vart=-0-1-2-3&amp;wart=1&amp;gart=1&amp;status=-0-1\" target=\"_blank\" rel=\"noopener\"><strong>A 800 *Anfrage Brunner Simone und Mit. \u00fcber das Auskunftsbegehen der Wettbewerbskommission zur Luzerner Steuersoftware<\/strong><\/a><br \/>\nFinanzdepartement<br \/>\nDie Anfrage wurde vom Regierungsrat schriftlich beantwortet. Diskussion.<\/p>\n<p>Die Traktanden 37 bis 65 werden in der Oktober-Session behandelt.<\/p>\n<p>&nbsp;<\/p>\n","protected":false},"excerpt":{"rendered":"<p>Dritter Sessionstag vom 19. September 2022 Hier geht es zur Traktandenliste, den Kurzprotokollen, den Anwesenheitslisten und den Abstimmungsresultaten. Die Traktandenliste umfasst 65 Traktanden sowie 15&#8230;<\/p>\n","protected":false},"author":19,"featured_media":2675,"comment_status":"open","ping_status":"open","sticky":false,"template":"","format":"standard","meta":{"footnotes":""},"categories":[22,23,30,21,25,127,128],"tags":[8,9,16,19,26,31,7,10,15],"class_list":["post-4827","post","type-post","status-publish","format-standard","has-post-thumbnail","hentry","category-kantonsrat-luzern","category-kantonsratsession","category-parlament","category-politik","category-session-kantonsrat-luzern","category-sp-kanton-luzern","category-sp-kantonsratsfraktion","tag-kanton-luzern","tag-kantonsrat","tag-kantonsrat-kanton-luzern","tag-kantonsrat-luzern","tag-kantonsratssession","tag-parlament","tag-politik","tag-session","tag-sp"],"yoast_head":"<!-- This site is optimized with the Yoast SEO plugin v27.5 - https:\/\/yoast.com\/product\/yoast-seo-wordpress\/ -->\n<title>September-Session 2022 des Luzerner Kantonsrats vom 12., 13. und 19. September 2022, 3. Sessionstag vom 19.09.2022 - Peter F\u00e4ssler<\/title>\n<meta name=\"robots\" content=\"index, follow, max-snippet:-1, max-image-preview:large, max-video-preview:-1\" \/>\n<link rel=\"canonical\" href=\"https:\/\/peter-faessler.spschweiz.ch\/?p=4827\" \/>\n<meta property=\"og:locale\" content=\"de_DE\" \/>\n<meta property=\"og:type\" content=\"article\" \/>\n<meta property=\"og:title\" content=\"September-Session 2022 des Luzerner Kantonsrats vom 12., 13. und 19. September 2022, 3. Sessionstag vom 19.09.2022 - Peter F\u00e4ssler\" \/>\n<meta property=\"og:description\" content=\"Dritter Sessionstag vom 19. September 2022 Hier geht es zur Traktandenliste, den Kurzprotokollen, den Anwesenheitslisten und den Abstimmungsresultaten. Die Traktandenliste umfasst 65 Traktanden sowie 15...\" \/>\n<meta property=\"og:url\" content=\"https:\/\/peter-faessler.spschweiz.ch\/?p=4827\" \/>\n<meta property=\"og:site_name\" content=\"Peter F\u00e4ssler\" \/>\n<meta property=\"article:author\" content=\"www.facebook.com\/peter.fassler.31\" \/>\n<meta property=\"article:published_time\" content=\"2022-09-19T07:49:06+00:00\" \/>\n<meta property=\"article:modified_time\" content=\"2022-09-20T12:42:16+00:00\" \/>\n<meta property=\"og:image\" content=\"http:\/\/peter-faessler.spschweiz.ch\/wp-content\/uploads\/sites\/15\/2019\/06\/IMG-20190624-WA0000-2.jpg\" \/>\n\t<meta property=\"og:image:width\" content=\"1024\" \/>\n\t<meta property=\"og:image:height\" content=\"768\" \/>\n\t<meta property=\"og:image:type\" content=\"image\/jpeg\" \/>\n<meta name=\"author\" content=\"Peter F\u00e4ssler\" \/>\n<meta name=\"twitter:label1\" content=\"Verfasst von\" \/>\n\t<meta name=\"twitter:data1\" content=\"Peter F\u00e4ssler\" \/>\n\t<meta name=\"twitter:label2\" content=\"Gesch\u00e4tzte Lesezeit\" \/>\n\t<meta name=\"twitter:data2\" content=\"8\u00a0Minuten\" \/>\n<script type=\"application\/ld+json\" class=\"yoast-schema-graph\">{\"@context\":\"https:\\\/\\\/schema.org\",\"@graph\":[{\"@type\":\"Article\",\"@id\":\"https:\\\/\\\/peter-faessler.spschweiz.ch\\\/?p=4827#article\",\"isPartOf\":{\"@id\":\"https:\\\/\\\/peter-faessler.spschweiz.ch\\\/?p=4827\"},\"author\":{\"name\":\"Peter F\u00e4ssler\",\"@id\":\"https:\\\/\\\/peter-faessler.spschweiz.ch\\\/#\\\/schema\\\/person\\\/7ac2f764b1930b731c670e8a2393b60e\"},\"headline\":\"September-Session 2022 des Luzerner Kantonsrats vom 12., 13. und 19. September 2022, 3. Sessionstag vom 19.09.2022\",\"datePublished\":\"2022-09-19T07:49:06+00:00\",\"dateModified\":\"2022-09-20T12:42:16+00:00\",\"mainEntityOfPage\":{\"@id\":\"https:\\\/\\\/peter-faessler.spschweiz.ch\\\/?p=4827\"},\"wordCount\":1055,\"commentCount\":0,\"image\":{\"@id\":\"https:\\\/\\\/peter-faessler.spschweiz.ch\\\/?p=4827#primaryimage\"},\"thumbnailUrl\":\"https:\\\/\\\/peter-faessler.spschweiz.ch\\\/wp-content\\\/uploads\\\/sites\\\/15\\\/2019\\\/06\\\/IMG-20190624-WA0000-2.jpg\",\"keywords\":[\"Kanton Luzern\",\"Kantonsrat\",\"Kantonsrat Kanton Luzern\",\"Kantonsrat Luzern\",\"Kantonsratssession\",\"Parlament\",\"Politik\",\"Session\",\"SP\"],\"articleSection\":[\"Kantonsrat Luzern\",\"Kantonsratsession\",\"Parlament\",\"Politik\",\"Session Kantonsrat Luzern\",\"SP Kanton Luzern\",\"SP Kantonsratsfraktion\"],\"inLanguage\":\"de\",\"potentialAction\":[{\"@type\":\"CommentAction\",\"name\":\"Comment\",\"target\":[\"https:\\\/\\\/peter-faessler.spschweiz.ch\\\/?p=4827#respond\"]}]},{\"@type\":\"WebPage\",\"@id\":\"https:\\\/\\\/peter-faessler.spschweiz.ch\\\/?p=4827\",\"url\":\"https:\\\/\\\/peter-faessler.spschweiz.ch\\\/?p=4827\",\"name\":\"September-Session 2022 des Luzerner Kantonsrats vom 12., 13. und 19. September 2022, 3. Sessionstag vom 19.09.2022 - Peter F\u00e4ssler\",\"isPartOf\":{\"@id\":\"https:\\\/\\\/peter-faessler.spschweiz.ch\\\/#website\"},\"primaryImageOfPage\":{\"@id\":\"https:\\\/\\\/peter-faessler.spschweiz.ch\\\/?p=4827#primaryimage\"},\"image\":{\"@id\":\"https:\\\/\\\/peter-faessler.spschweiz.ch\\\/?p=4827#primaryimage\"},\"thumbnailUrl\":\"https:\\\/\\\/peter-faessler.spschweiz.ch\\\/wp-content\\\/uploads\\\/sites\\\/15\\\/2019\\\/06\\\/IMG-20190624-WA0000-2.jpg\",\"datePublished\":\"2022-09-19T07:49:06+00:00\",\"dateModified\":\"2022-09-20T12:42:16+00:00\",\"author\":{\"@id\":\"https:\\\/\\\/peter-faessler.spschweiz.ch\\\/#\\\/schema\\\/person\\\/7ac2f764b1930b731c670e8a2393b60e\"},\"breadcrumb\":{\"@id\":\"https:\\\/\\\/peter-faessler.spschweiz.ch\\\/?p=4827#breadcrumb\"},\"inLanguage\":\"de\",\"potentialAction\":[{\"@type\":\"ReadAction\",\"target\":[\"https:\\\/\\\/peter-faessler.spschweiz.ch\\\/?p=4827\"]}]},{\"@type\":\"ImageObject\",\"inLanguage\":\"de\",\"@id\":\"https:\\\/\\\/peter-faessler.spschweiz.ch\\\/?p=4827#primaryimage\",\"url\":\"https:\\\/\\\/peter-faessler.spschweiz.ch\\\/wp-content\\\/uploads\\\/sites\\\/15\\\/2019\\\/06\\\/IMG-20190624-WA0000-2.jpg\",\"contentUrl\":\"https:\\\/\\\/peter-faessler.spschweiz.ch\\\/wp-content\\\/uploads\\\/sites\\\/15\\\/2019\\\/06\\\/IMG-20190624-WA0000-2.jpg\",\"width\":1024,\"height\":768},{\"@type\":\"BreadcrumbList\",\"@id\":\"https:\\\/\\\/peter-faessler.spschweiz.ch\\\/?p=4827#breadcrumb\",\"itemListElement\":[{\"@type\":\"ListItem\",\"position\":1,\"name\":\"Startseite\",\"item\":\"https:\\\/\\\/peter-faessler.spschweiz.ch\\\/\"},{\"@type\":\"ListItem\",\"position\":2,\"name\":\"September-Session 2022 des Luzerner Kantonsrats vom 12., 13. und 19. September 2022, 3. Sessionstag vom 19.09.2022\"}]},{\"@type\":\"WebSite\",\"@id\":\"https:\\\/\\\/peter-faessler.spschweiz.ch\\\/#website\",\"url\":\"https:\\\/\\\/peter-faessler.spschweiz.ch\\\/\",\"name\":\"Peter F\u00e4ssler\",\"description\":\"SP Kantonsrat Kanton Luzern\",\"potentialAction\":[{\"@type\":\"SearchAction\",\"target\":{\"@type\":\"EntryPoint\",\"urlTemplate\":\"https:\\\/\\\/peter-faessler.spschweiz.ch\\\/?s={search_term_string}\"},\"query-input\":{\"@type\":\"PropertyValueSpecification\",\"valueRequired\":true,\"valueName\":\"search_term_string\"}}],\"inLanguage\":\"de\"},{\"@type\":\"Person\",\"@id\":\"https:\\\/\\\/peter-faessler.spschweiz.ch\\\/#\\\/schema\\\/person\\\/7ac2f764b1930b731c670e8a2393b60e\",\"name\":\"Peter F\u00e4ssler\",\"image\":{\"@type\":\"ImageObject\",\"inLanguage\":\"de\",\"@id\":\"https:\\\/\\\/secure.gravatar.com\\\/avatar\\\/9da8604da19b11812517d76f206166d47c5e180a26df2de36b8649168e128572?s=96&d=blank&r=g\",\"url\":\"https:\\\/\\\/secure.gravatar.com\\\/avatar\\\/9da8604da19b11812517d76f206166d47c5e180a26df2de36b8649168e128572?s=96&d=blank&r=g\",\"contentUrl\":\"https:\\\/\\\/secure.gravatar.com\\\/avatar\\\/9da8604da19b11812517d76f206166d47c5e180a26df2de36b8649168e128572?s=96&d=blank&r=g\",\"caption\":\"Peter F\u00e4ssler\"},\"description\":\"Peter F\u00e4ssler Schibiweg 7 6006 Luzern\",\"sameAs\":[\"www.facebook.com\\\/peter.fassler.31\",\"https:\\\/\\\/www.instagram.com\\\/peter.fassler.31\\\/\",\"https:\\\/\\\/www.linkedin.com\\\/in\\\/peter-fssler-2518a782\\\/\",\"https:\\\/\\\/x.com\\\/pfaessler56\"],\"url\":\"https:\\\/\\\/peter-faessler.spschweiz.ch\\\/?author=19\"}]}<\/script>\n<!-- \/ Yoast SEO plugin. -->","yoast_head_json":{"title":"September-Session 2022 des Luzerner Kantonsrats vom 12., 13. und 19. September 2022, 3. Sessionstag vom 19.09.2022 - Peter F\u00e4ssler","robots":{"index":"index","follow":"follow","max-snippet":"max-snippet:-1","max-image-preview":"max-image-preview:large","max-video-preview":"max-video-preview:-1"},"canonical":"https:\/\/peter-faessler.spschweiz.ch\/?p=4827","og_locale":"de_DE","og_type":"article","og_title":"September-Session 2022 des Luzerner Kantonsrats vom 12., 13. und 19. September 2022, 3. Sessionstag vom 19.09.2022 - Peter F\u00e4ssler","og_description":"Dritter Sessionstag vom 19. September 2022 Hier geht es zur Traktandenliste, den Kurzprotokollen, den Anwesenheitslisten und den Abstimmungsresultaten. Die Traktandenliste umfasst 65 Traktanden sowie 15...","og_url":"https:\/\/peter-faessler.spschweiz.ch\/?p=4827","og_site_name":"Peter F\u00e4ssler","article_author":"www.facebook.com\/peter.fassler.31","article_published_time":"2022-09-19T07:49:06+00:00","article_modified_time":"2022-09-20T12:42:16+00:00","og_image":[{"width":1024,"height":768,"url":"http:\/\/peter-faessler.spschweiz.ch\/wp-content\/uploads\/sites\/15\/2019\/06\/IMG-20190624-WA0000-2.jpg","type":"image\/jpeg"}],"author":"Peter F\u00e4ssler","twitter_misc":{"Verfasst von":"Peter F\u00e4ssler","Gesch\u00e4tzte Lesezeit":"8\u00a0Minuten"},"schema":{"@context":"https:\/\/schema.org","@graph":[{"@type":"Article","@id":"https:\/\/peter-faessler.spschweiz.ch\/?p=4827#article","isPartOf":{"@id":"https:\/\/peter-faessler.spschweiz.ch\/?p=4827"},"author":{"name":"Peter F\u00e4ssler","@id":"https:\/\/peter-faessler.spschweiz.ch\/#\/schema\/person\/7ac2f764b1930b731c670e8a2393b60e"},"headline":"September-Session 2022 des Luzerner Kantonsrats vom 12., 13. und 19. September 2022, 3. Sessionstag vom 19.09.2022","datePublished":"2022-09-19T07:49:06+00:00","dateModified":"2022-09-20T12:42:16+00:00","mainEntityOfPage":{"@id":"https:\/\/peter-faessler.spschweiz.ch\/?p=4827"},"wordCount":1055,"commentCount":0,"image":{"@id":"https:\/\/peter-faessler.spschweiz.ch\/?p=4827#primaryimage"},"thumbnailUrl":"https:\/\/peter-faessler.spschweiz.ch\/wp-content\/uploads\/sites\/15\/2019\/06\/IMG-20190624-WA0000-2.jpg","keywords":["Kanton Luzern","Kantonsrat","Kantonsrat Kanton Luzern","Kantonsrat Luzern","Kantonsratssession","Parlament","Politik","Session","SP"],"articleSection":["Kantonsrat Luzern","Kantonsratsession","Parlament","Politik","Session Kantonsrat Luzern","SP Kanton Luzern","SP Kantonsratsfraktion"],"inLanguage":"de","potentialAction":[{"@type":"CommentAction","name":"Comment","target":["https:\/\/peter-faessler.spschweiz.ch\/?p=4827#respond"]}]},{"@type":"WebPage","@id":"https:\/\/peter-faessler.spschweiz.ch\/?p=4827","url":"https:\/\/peter-faessler.spschweiz.ch\/?p=4827","name":"September-Session 2022 des Luzerner Kantonsrats vom 12., 13. und 19. September 2022, 3. Sessionstag vom 19.09.2022 - Peter F\u00e4ssler","isPartOf":{"@id":"https:\/\/peter-faessler.spschweiz.ch\/#website"},"primaryImageOfPage":{"@id":"https:\/\/peter-faessler.spschweiz.ch\/?p=4827#primaryimage"},"image":{"@id":"https:\/\/peter-faessler.spschweiz.ch\/?p=4827#primaryimage"},"thumbnailUrl":"https:\/\/peter-faessler.spschweiz.ch\/wp-content\/uploads\/sites\/15\/2019\/06\/IMG-20190624-WA0000-2.jpg","datePublished":"2022-09-19T07:49:06+00:00","dateModified":"2022-09-20T12:42:16+00:00","author":{"@id":"https:\/\/peter-faessler.spschweiz.ch\/#\/schema\/person\/7ac2f764b1930b731c670e8a2393b60e"},"breadcrumb":{"@id":"https:\/\/peter-faessler.spschweiz.ch\/?p=4827#breadcrumb"},"inLanguage":"de","potentialAction":[{"@type":"ReadAction","target":["https:\/\/peter-faessler.spschweiz.ch\/?p=4827"]}]},{"@type":"ImageObject","inLanguage":"de","@id":"https:\/\/peter-faessler.spschweiz.ch\/?p=4827#primaryimage","url":"https:\/\/peter-faessler.spschweiz.ch\/wp-content\/uploads\/sites\/15\/2019\/06\/IMG-20190624-WA0000-2.jpg","contentUrl":"https:\/\/peter-faessler.spschweiz.ch\/wp-content\/uploads\/sites\/15\/2019\/06\/IMG-20190624-WA0000-2.jpg","width":1024,"height":768},{"@type":"BreadcrumbList","@id":"https:\/\/peter-faessler.spschweiz.ch\/?p=4827#breadcrumb","itemListElement":[{"@type":"ListItem","position":1,"name":"Startseite","item":"https:\/\/peter-faessler.spschweiz.ch\/"},{"@type":"ListItem","position":2,"name":"September-Session 2022 des Luzerner Kantonsrats vom 12., 13. und 19. September 2022, 3. Sessionstag vom 19.09.2022"}]},{"@type":"WebSite","@id":"https:\/\/peter-faessler.spschweiz.ch\/#website","url":"https:\/\/peter-faessler.spschweiz.ch\/","name":"Peter F\u00e4ssler","description":"SP Kantonsrat Kanton Luzern","potentialAction":[{"@type":"SearchAction","target":{"@type":"EntryPoint","urlTemplate":"https:\/\/peter-faessler.spschweiz.ch\/?s={search_term_string}"},"query-input":{"@type":"PropertyValueSpecification","valueRequired":true,"valueName":"search_term_string"}}],"inLanguage":"de"},{"@type":"Person","@id":"https:\/\/peter-faessler.spschweiz.ch\/#\/schema\/person\/7ac2f764b1930b731c670e8a2393b60e","name":"Peter F\u00e4ssler","image":{"@type":"ImageObject","inLanguage":"de","@id":"https:\/\/secure.gravatar.com\/avatar\/9da8604da19b11812517d76f206166d47c5e180a26df2de36b8649168e128572?s=96&d=blank&r=g","url":"https:\/\/secure.gravatar.com\/avatar\/9da8604da19b11812517d76f206166d47c5e180a26df2de36b8649168e128572?s=96&d=blank&r=g","contentUrl":"https:\/\/secure.gravatar.com\/avatar\/9da8604da19b11812517d76f206166d47c5e180a26df2de36b8649168e128572?s=96&d=blank&r=g","caption":"Peter F\u00e4ssler"},"description":"Peter F\u00e4ssler Schibiweg 7 6006 Luzern","sameAs":["www.facebook.com\/peter.fassler.31","https:\/\/www.instagram.com\/peter.fassler.31\/","https:\/\/www.linkedin.com\/in\/peter-fssler-2518a782\/","https:\/\/x.com\/pfaessler56"],"url":"https:\/\/peter-faessler.spschweiz.ch\/?author=19"}]}},"_links":{"self":[{"href":"https:\/\/peter-faessler.spschweiz.ch\/index.php?rest_route=\/wp\/v2\/posts\/4827","targetHints":{"allow":["GET"]}}],"collection":[{"href":"https:\/\/peter-faessler.spschweiz.ch\/index.php?rest_route=\/wp\/v2\/posts"}],"about":[{"href":"https:\/\/peter-faessler.spschweiz.ch\/index.php?rest_route=\/wp\/v2\/types\/post"}],"author":[{"embeddable":true,"href":"https:\/\/peter-faessler.spschweiz.ch\/index.php?rest_route=\/wp\/v2\/users\/19"}],"replies":[{"embeddable":true,"href":"https:\/\/peter-faessler.spschweiz.ch\/index.php?rest_route=%2Fwp%2Fv2%2Fcomments&post=4827"}],"version-history":[{"count":52,"href":"https:\/\/peter-faessler.spschweiz.ch\/index.php?rest_route=\/wp\/v2\/posts\/4827\/revisions"}],"predecessor-version":[{"id":4891,"href":"https:\/\/peter-faessler.spschweiz.ch\/index.php?rest_route=\/wp\/v2\/posts\/4827\/revisions\/4891"}],"wp:featuredmedia":[{"embeddable":true,"href":"https:\/\/peter-faessler.spschweiz.ch\/index.php?rest_route=\/wp\/v2\/media\/2675"}],"wp:attachment":[{"href":"https:\/\/peter-faessler.spschweiz.ch\/index.php?rest_route=%2Fwp%2Fv2%2Fmedia&parent=4827"}],"wp:term":[{"taxonomy":"category","embeddable":true,"href":"https:\/\/peter-faessler.spschweiz.ch\/index.php?rest_route=%2Fwp%2Fv2%2Fcategories&post=4827"},{"taxonomy":"post_tag","embeddable":true,"href":"https:\/\/peter-faessler.spschweiz.ch\/index.php?rest_route=%2Fwp%2Fv2%2Ftags&post=4827"}],"curies":[{"name":"wp","href":"https:\/\/api.w.org\/{rel}","templated":true}]}}