{"id":4930,"date":"2022-10-29T15:00:27","date_gmt":"2022-10-29T13:00:27","guid":{"rendered":"https:\/\/peter-faessler.spschweiz.ch\/?p=4930"},"modified":"2022-10-31T10:53:30","modified_gmt":"2022-10-31T09:53:30","slug":"parteitag-der-sp-schweiz-in-basel-vom-29-bis-30-oktober-2022-der-10-punkte-plan-fuer-eine-wirksame-und-sozial-gerechte-sp-klima-und-energiepolitik","status":"publish","type":"post","link":"https:\/\/peter-faessler.spschweiz.ch\/?p=4930","title":{"rendered":"Parteitag der SP Schweiz in Basel vom 29. bis 30. Oktober 2022: Der 10-Punkte-Plan f\u00fcr eine wirksame und sozial gerechte SP Klima- und Energiepolitik"},"content":{"rendered":"<h1><span class=\"fontstyle0\">Der 10-Punkte-Plan f\u00fcr eine wirksame und sozial gerechte SP Klima- und Energiepolitik<\/span><\/h1>\n<p>Seit September 2022 bin ich Mitglied der SPS Fachgruppe Klima und Energie. Diese Gruppe arbeitete den 10-Punkte-Plan f\u00fcr eine wirksame und sozial gerechte SP Klima- und Energiepolitik.<\/p>\n<p><a href=\"http:\/\/peter-faessler.spschweiz.ch\/wp-content\/uploads\/sites\/15\/2022\/10\/10-Punkte-Plan-SP-Klima-und-Energiepolitik.pdf\">10 Punkte Plan SP Klima und Energiepolitik<\/a><\/p>\n<p>Dieses wurde nun am <a href=\"https:\/\/www.sp-ps.ch\/veranstaltung\/parteitag-basel-2\/\" target=\"_blank\" rel=\"noopener\">SPS-Parteitag in Basel<\/a> vom 28. und 29. Oktober 2022 besprochen und genehmigt. Ich durfte am Parteitag ein Votum zu einem Teilaspekt dieses Papiers halten. Hier ist es:<\/p>\n<p><img loading=\"lazy\" decoding=\"async\" class=\"size-medium wp-image-4940 alignright\" src=\"http:\/\/peter-faessler.spschweiz.ch\/wp-content\/uploads\/sites\/15\/2022\/10\/IMG-20221029-WA0002-300x225.jpg\" alt=\"\" width=\"300\" height=\"225\" srcset=\"https:\/\/peter-faessler.spschweiz.ch\/wp-content\/uploads\/sites\/15\/2022\/10\/IMG-20221029-WA0002-300x225.jpg 300w, https:\/\/peter-faessler.spschweiz.ch\/wp-content\/uploads\/sites\/15\/2022\/10\/IMG-20221029-WA0002-150x113.jpg 150w, https:\/\/peter-faessler.spschweiz.ch\/wp-content\/uploads\/sites\/15\/2022\/10\/IMG-20221029-WA0002-768x576.jpg 768w, https:\/\/peter-faessler.spschweiz.ch\/wp-content\/uploads\/sites\/15\/2022\/10\/IMG-20221029-WA0002.jpg 1024w\" sizes=\"auto, (max-width: 300px) 100vw, 300px\" \/>Genossinnen und Genossen<br \/>\nDie Schweiz braucht neue, nachhaltige und erneuerbare Energieerzeugungsanlagen. Und wir brauchen gleichzeitig neue und nachhaltige Energieverbrauchsanlagen, speziell f\u00fcr Heizsysteme und Warmwasseraufbereitungsanlagen. Dieser Umbau des Energiesystems wird teuer werden, weil die Politik dies allzu lange verschlafen hat. Und gleichzeitig schnellen nun die Preise der vorhandenen Energieformen wie Gas, \u00d6l und Elektrizit\u00e4t in nie dagewesene H\u00f6hen.<br \/>\nWer bezahlt das? Ohne Gegenmassnahmen sind wir das, wir Mieterinnen und Mieter, wir Konsumentinnen und Konsumenten, etc.<br \/>\nWer kann das verhindern, wenn nicht wir von der SP. Deshalb ist es von gr\u00f6sster Wichtigkeit, dass sich die SP priorit\u00e4r daf\u00fcr einsetzt, dass dieser Umbau auf erneuerbare Energien sozialvertr\u00e4glich gestaltet wird. Das die Wertsch\u00f6pfung aus diesem Umbau in der Schweiz bleibt, indem neue Arbeitspl\u00e4tze geschaffen werden. Indem gen\u00fcgend Fachleute ausgebildet werden k\u00f6nnen.<br \/>\nFachleute, die heute auf dem Arbeitsmarkt fehlen, k\u00f6nnen nicht einfach herbeigezaubert werden. Daher wird es eminent wichtig werden, dass wir Umschulungsprogramme speziell f\u00fcr beruflich wenig qualifizierte Personen bereitstellen und finanziell unterst\u00fctzen. Damit diese m\u00f6glichst kurzfristig dem Segment erneuerbare Energien des Arbeitsmarktes zur Verf\u00fcgung stehen.<br \/>\nDie SP muss sich gleichzeitig daf\u00fcr stark machen, dass die Mehrkosten aus dem Energiebereich gerecht und sozialvertr\u00e4glich verteilt werden.<br \/>\nDaher bitte ich euch, Genossinnen und Genossen, unserem 10-Punkte-Plan f\u00fcr eine wirksame und sozial gerechte SP Klima- und Energiepolitik zuzustimmen.<\/p>\n","protected":false},"excerpt":{"rendered":"<p>Der 10-Punkte-Plan f\u00fcr eine wirksame und sozial gerechte SP Klima- und Energiepolitik Seit September 2022 bin ich Mitglied der SPS Fachgruppe Klima und Energie. Diese&#8230;<\/p>\n","protected":false},"author":19,"featured_media":4934,"comment_status":"open","ping_status":"open","sticky":false,"template":"","format":"standard","meta":{"footnotes":""},"categories":[79,21,44],"tags":[7,15],"class_list":["post-4930","post","type-post","status-publish","format-standard","has-post-thumbnail","hentry","category-klima","category-politik","category-sp-schweiz","tag-politik","tag-sp"],"yoast_head":"<!-- This site is optimized with the Yoast SEO plugin v27.5 - https:\/\/yoast.com\/product\/yoast-seo-wordpress\/ -->\n<title>Parteitag der SP Schweiz in Basel vom 29. bis 30. Oktober 2022: Der 10-Punkte-Plan f\u00fcr eine wirksame und sozial gerechte SP Klima- und Energiepolitik - Peter F\u00e4ssler<\/title>\n<meta name=\"robots\" content=\"index, follow, max-snippet:-1, max-image-preview:large, max-video-preview:-1\" \/>\n<link rel=\"canonical\" href=\"https:\/\/peter-faessler.spschweiz.ch\/?p=4930\" \/>\n<meta property=\"og:locale\" content=\"de_DE\" \/>\n<meta property=\"og:type\" content=\"article\" \/>\n<meta property=\"og:title\" content=\"Parteitag der SP Schweiz in Basel vom 29. bis 30. Oktober 2022: Der 10-Punkte-Plan f\u00fcr eine wirksame und sozial gerechte SP Klima- und Energiepolitik - Peter F\u00e4ssler\" \/>\n<meta property=\"og:description\" content=\"Der 10-Punkte-Plan f\u00fcr eine wirksame und sozial gerechte SP Klima- und Energiepolitik Seit September 2022 bin ich Mitglied der SPS Fachgruppe Klima und Energie. Diese...\" \/>\n<meta property=\"og:url\" content=\"https:\/\/peter-faessler.spschweiz.ch\/?p=4930\" \/>\n<meta property=\"og:site_name\" content=\"Peter F\u00e4ssler\" \/>\n<meta property=\"article:author\" content=\"www.facebook.com\/peter.fassler.31\" \/>\n<meta property=\"article:published_time\" content=\"2022-10-29T13:00:27+00:00\" \/>\n<meta property=\"article:modified_time\" content=\"2022-10-31T09:53:30+00:00\" \/>\n<meta property=\"og:image\" content=\"http:\/\/peter-faessler.spschweiz.ch\/wp-content\/uploads\/sites\/15\/2022\/10\/IMG-20221029-WA0008.jpg\" \/>\n\t<meta property=\"og:image:width\" content=\"1024\" \/>\n\t<meta property=\"og:image:height\" content=\"768\" \/>\n\t<meta property=\"og:image:type\" content=\"image\/jpeg\" \/>\n<meta name=\"author\" content=\"Peter F\u00e4ssler\" \/>\n<meta name=\"twitter:label1\" content=\"Verfasst von\" \/>\n\t<meta name=\"twitter:data1\" content=\"Peter F\u00e4ssler\" \/>\n\t<meta name=\"twitter:label2\" content=\"Gesch\u00e4tzte Lesezeit\" \/>\n\t<meta name=\"twitter:data2\" content=\"2\u00a0Minuten\" \/>\n<script type=\"application\/ld+json\" class=\"yoast-schema-graph\">{\"@context\":\"https:\\\/\\\/schema.org\",\"@graph\":[{\"@type\":\"Article\",\"@id\":\"https:\\\/\\\/peter-faessler.spschweiz.ch\\\/?p=4930#article\",\"isPartOf\":{\"@id\":\"https:\\\/\\\/peter-faessler.spschweiz.ch\\\/?p=4930\"},\"author\":{\"name\":\"Peter F\u00e4ssler\",\"@id\":\"https:\\\/\\\/peter-faessler.spschweiz.ch\\\/#\\\/schema\\\/person\\\/7ac2f764b1930b731c670e8a2393b60e\"},\"headline\":\"Parteitag der SP Schweiz in Basel vom 29. bis 30. Oktober 2022: Der 10-Punkte-Plan f\u00fcr eine wirksame und sozial gerechte SP Klima- und Energiepolitik\",\"datePublished\":\"2022-10-29T13:00:27+00:00\",\"dateModified\":\"2022-10-31T09:53:30+00:00\",\"mainEntityOfPage\":{\"@id\":\"https:\\\/\\\/peter-faessler.spschweiz.ch\\\/?p=4930\"},\"wordCount\":325,\"commentCount\":0,\"image\":{\"@id\":\"https:\\\/\\\/peter-faessler.spschweiz.ch\\\/?p=4930#primaryimage\"},\"thumbnailUrl\":\"https:\\\/\\\/peter-faessler.spschweiz.ch\\\/wp-content\\\/uploads\\\/sites\\\/15\\\/2022\\\/10\\\/IMG-20221029-WA0008.jpg\",\"keywords\":[\"Politik\",\"SP\"],\"articleSection\":[\"Klima\",\"Politik\",\"SP Schweiz\"],\"inLanguage\":\"de\",\"potentialAction\":[{\"@type\":\"CommentAction\",\"name\":\"Comment\",\"target\":[\"https:\\\/\\\/peter-faessler.spschweiz.ch\\\/?p=4930#respond\"]}]},{\"@type\":\"WebPage\",\"@id\":\"https:\\\/\\\/peter-faessler.spschweiz.ch\\\/?p=4930\",\"url\":\"https:\\\/\\\/peter-faessler.spschweiz.ch\\\/?p=4930\",\"name\":\"Parteitag der SP Schweiz in Basel vom 29. bis 30. Oktober 2022: Der 10-Punkte-Plan f\u00fcr eine wirksame und sozial gerechte SP Klima- und Energiepolitik - Peter F\u00e4ssler\",\"isPartOf\":{\"@id\":\"https:\\\/\\\/peter-faessler.spschweiz.ch\\\/#website\"},\"primaryImageOfPage\":{\"@id\":\"https:\\\/\\\/peter-faessler.spschweiz.ch\\\/?p=4930#primaryimage\"},\"image\":{\"@id\":\"https:\\\/\\\/peter-faessler.spschweiz.ch\\\/?p=4930#primaryimage\"},\"thumbnailUrl\":\"https:\\\/\\\/peter-faessler.spschweiz.ch\\\/wp-content\\\/uploads\\\/sites\\\/15\\\/2022\\\/10\\\/IMG-20221029-WA0008.jpg\",\"datePublished\":\"2022-10-29T13:00:27+00:00\",\"dateModified\":\"2022-10-31T09:53:30+00:00\",\"author\":{\"@id\":\"https:\\\/\\\/peter-faessler.spschweiz.ch\\\/#\\\/schema\\\/person\\\/7ac2f764b1930b731c670e8a2393b60e\"},\"breadcrumb\":{\"@id\":\"https:\\\/\\\/peter-faessler.spschweiz.ch\\\/?p=4930#breadcrumb\"},\"inLanguage\":\"de\",\"potentialAction\":[{\"@type\":\"ReadAction\",\"target\":[\"https:\\\/\\\/peter-faessler.spschweiz.ch\\\/?p=4930\"]}]},{\"@type\":\"ImageObject\",\"inLanguage\":\"de\",\"@id\":\"https:\\\/\\\/peter-faessler.spschweiz.ch\\\/?p=4930#primaryimage\",\"url\":\"https:\\\/\\\/peter-faessler.spschweiz.ch\\\/wp-content\\\/uploads\\\/sites\\\/15\\\/2022\\\/10\\\/IMG-20221029-WA0008.jpg\",\"contentUrl\":\"https:\\\/\\\/peter-faessler.spschweiz.ch\\\/wp-content\\\/uploads\\\/sites\\\/15\\\/2022\\\/10\\\/IMG-20221029-WA0008.jpg\",\"width\":1024,\"height\":768},{\"@type\":\"BreadcrumbList\",\"@id\":\"https:\\\/\\\/peter-faessler.spschweiz.ch\\\/?p=4930#breadcrumb\",\"itemListElement\":[{\"@type\":\"ListItem\",\"position\":1,\"name\":\"Startseite\",\"item\":\"https:\\\/\\\/peter-faessler.spschweiz.ch\\\/\"},{\"@type\":\"ListItem\",\"position\":2,\"name\":\"Parteitag der SP Schweiz in Basel vom 29. bis 30. Oktober 2022: Der 10-Punkte-Plan f\u00fcr eine wirksame und sozial gerechte SP Klima- und Energiepolitik\"}]},{\"@type\":\"WebSite\",\"@id\":\"https:\\\/\\\/peter-faessler.spschweiz.ch\\\/#website\",\"url\":\"https:\\\/\\\/peter-faessler.spschweiz.ch\\\/\",\"name\":\"Peter F\u00e4ssler\",\"description\":\"SP Kantonsrat Kanton Luzern\",\"potentialAction\":[{\"@type\":\"SearchAction\",\"target\":{\"@type\":\"EntryPoint\",\"urlTemplate\":\"https:\\\/\\\/peter-faessler.spschweiz.ch\\\/?s={search_term_string}\"},\"query-input\":{\"@type\":\"PropertyValueSpecification\",\"valueRequired\":true,\"valueName\":\"search_term_string\"}}],\"inLanguage\":\"de\"},{\"@type\":\"Person\",\"@id\":\"https:\\\/\\\/peter-faessler.spschweiz.ch\\\/#\\\/schema\\\/person\\\/7ac2f764b1930b731c670e8a2393b60e\",\"name\":\"Peter F\u00e4ssler\",\"image\":{\"@type\":\"ImageObject\",\"inLanguage\":\"de\",\"@id\":\"https:\\\/\\\/secure.gravatar.com\\\/avatar\\\/9da8604da19b11812517d76f206166d47c5e180a26df2de36b8649168e128572?s=96&d=blank&r=g\",\"url\":\"https:\\\/\\\/secure.gravatar.com\\\/avatar\\\/9da8604da19b11812517d76f206166d47c5e180a26df2de36b8649168e128572?s=96&d=blank&r=g\",\"contentUrl\":\"https:\\\/\\\/secure.gravatar.com\\\/avatar\\\/9da8604da19b11812517d76f206166d47c5e180a26df2de36b8649168e128572?s=96&d=blank&r=g\",\"caption\":\"Peter F\u00e4ssler\"},\"description\":\"Peter F\u00e4ssler Schibiweg 7 6006 Luzern\",\"sameAs\":[\"www.facebook.com\\\/peter.fassler.31\",\"https:\\\/\\\/www.instagram.com\\\/peter.fassler.31\\\/\",\"https:\\\/\\\/www.linkedin.com\\\/in\\\/peter-fssler-2518a782\\\/\",\"https:\\\/\\\/x.com\\\/pfaessler56\"],\"url\":\"https:\\\/\\\/peter-faessler.spschweiz.ch\\\/?author=19\"}]}<\/script>\n<!-- \/ Yoast SEO plugin. -->","yoast_head_json":{"title":"Parteitag der SP Schweiz in Basel vom 29. bis 30. Oktober 2022: Der 10-Punkte-Plan f\u00fcr eine wirksame und sozial gerechte SP Klima- und Energiepolitik - Peter F\u00e4ssler","robots":{"index":"index","follow":"follow","max-snippet":"max-snippet:-1","max-image-preview":"max-image-preview:large","max-video-preview":"max-video-preview:-1"},"canonical":"https:\/\/peter-faessler.spschweiz.ch\/?p=4930","og_locale":"de_DE","og_type":"article","og_title":"Parteitag der SP Schweiz in Basel vom 29. bis 30. Oktober 2022: Der 10-Punkte-Plan f\u00fcr eine wirksame und sozial gerechte SP Klima- und Energiepolitik - Peter F\u00e4ssler","og_description":"Der 10-Punkte-Plan f\u00fcr eine wirksame und sozial gerechte SP Klima- und Energiepolitik Seit September 2022 bin ich Mitglied der SPS Fachgruppe Klima und Energie. Diese...","og_url":"https:\/\/peter-faessler.spschweiz.ch\/?p=4930","og_site_name":"Peter F\u00e4ssler","article_author":"www.facebook.com\/peter.fassler.31","article_published_time":"2022-10-29T13:00:27+00:00","article_modified_time":"2022-10-31T09:53:30+00:00","og_image":[{"width":1024,"height":768,"url":"http:\/\/peter-faessler.spschweiz.ch\/wp-content\/uploads\/sites\/15\/2022\/10\/IMG-20221029-WA0008.jpg","type":"image\/jpeg"}],"author":"Peter F\u00e4ssler","twitter_misc":{"Verfasst von":"Peter F\u00e4ssler","Gesch\u00e4tzte Lesezeit":"2\u00a0Minuten"},"schema":{"@context":"https:\/\/schema.org","@graph":[{"@type":"Article","@id":"https:\/\/peter-faessler.spschweiz.ch\/?p=4930#article","isPartOf":{"@id":"https:\/\/peter-faessler.spschweiz.ch\/?p=4930"},"author":{"name":"Peter F\u00e4ssler","@id":"https:\/\/peter-faessler.spschweiz.ch\/#\/schema\/person\/7ac2f764b1930b731c670e8a2393b60e"},"headline":"Parteitag der SP Schweiz in Basel vom 29. bis 30. Oktober 2022: Der 10-Punkte-Plan f\u00fcr eine wirksame und sozial gerechte SP Klima- und Energiepolitik","datePublished":"2022-10-29T13:00:27+00:00","dateModified":"2022-10-31T09:53:30+00:00","mainEntityOfPage":{"@id":"https:\/\/peter-faessler.spschweiz.ch\/?p=4930"},"wordCount":325,"commentCount":0,"image":{"@id":"https:\/\/peter-faessler.spschweiz.ch\/?p=4930#primaryimage"},"thumbnailUrl":"https:\/\/peter-faessler.spschweiz.ch\/wp-content\/uploads\/sites\/15\/2022\/10\/IMG-20221029-WA0008.jpg","keywords":["Politik","SP"],"articleSection":["Klima","Politik","SP Schweiz"],"inLanguage":"de","potentialAction":[{"@type":"CommentAction","name":"Comment","target":["https:\/\/peter-faessler.spschweiz.ch\/?p=4930#respond"]}]},{"@type":"WebPage","@id":"https:\/\/peter-faessler.spschweiz.ch\/?p=4930","url":"https:\/\/peter-faessler.spschweiz.ch\/?p=4930","name":"Parteitag der SP Schweiz in Basel vom 29. bis 30. Oktober 2022: Der 10-Punkte-Plan f\u00fcr eine wirksame und sozial gerechte SP Klima- und Energiepolitik - Peter F\u00e4ssler","isPartOf":{"@id":"https:\/\/peter-faessler.spschweiz.ch\/#website"},"primaryImageOfPage":{"@id":"https:\/\/peter-faessler.spschweiz.ch\/?p=4930#primaryimage"},"image":{"@id":"https:\/\/peter-faessler.spschweiz.ch\/?p=4930#primaryimage"},"thumbnailUrl":"https:\/\/peter-faessler.spschweiz.ch\/wp-content\/uploads\/sites\/15\/2022\/10\/IMG-20221029-WA0008.jpg","datePublished":"2022-10-29T13:00:27+00:00","dateModified":"2022-10-31T09:53:30+00:00","author":{"@id":"https:\/\/peter-faessler.spschweiz.ch\/#\/schema\/person\/7ac2f764b1930b731c670e8a2393b60e"},"breadcrumb":{"@id":"https:\/\/peter-faessler.spschweiz.ch\/?p=4930#breadcrumb"},"inLanguage":"de","potentialAction":[{"@type":"ReadAction","target":["https:\/\/peter-faessler.spschweiz.ch\/?p=4930"]}]},{"@type":"ImageObject","inLanguage":"de","@id":"https:\/\/peter-faessler.spschweiz.ch\/?p=4930#primaryimage","url":"https:\/\/peter-faessler.spschweiz.ch\/wp-content\/uploads\/sites\/15\/2022\/10\/IMG-20221029-WA0008.jpg","contentUrl":"https:\/\/peter-faessler.spschweiz.ch\/wp-content\/uploads\/sites\/15\/2022\/10\/IMG-20221029-WA0008.jpg","width":1024,"height":768},{"@type":"BreadcrumbList","@id":"https:\/\/peter-faessler.spschweiz.ch\/?p=4930#breadcrumb","itemListElement":[{"@type":"ListItem","position":1,"name":"Startseite","item":"https:\/\/peter-faessler.spschweiz.ch\/"},{"@type":"ListItem","position":2,"name":"Parteitag der SP Schweiz in Basel vom 29. bis 30. Oktober 2022: Der 10-Punkte-Plan f\u00fcr eine wirksame und sozial gerechte SP Klima- und Energiepolitik"}]},{"@type":"WebSite","@id":"https:\/\/peter-faessler.spschweiz.ch\/#website","url":"https:\/\/peter-faessler.spschweiz.ch\/","name":"Peter F\u00e4ssler","description":"SP Kantonsrat Kanton Luzern","potentialAction":[{"@type":"SearchAction","target":{"@type":"EntryPoint","urlTemplate":"https:\/\/peter-faessler.spschweiz.ch\/?s={search_term_string}"},"query-input":{"@type":"PropertyValueSpecification","valueRequired":true,"valueName":"search_term_string"}}],"inLanguage":"de"},{"@type":"Person","@id":"https:\/\/peter-faessler.spschweiz.ch\/#\/schema\/person\/7ac2f764b1930b731c670e8a2393b60e","name":"Peter F\u00e4ssler","image":{"@type":"ImageObject","inLanguage":"de","@id":"https:\/\/secure.gravatar.com\/avatar\/9da8604da19b11812517d76f206166d47c5e180a26df2de36b8649168e128572?s=96&d=blank&r=g","url":"https:\/\/secure.gravatar.com\/avatar\/9da8604da19b11812517d76f206166d47c5e180a26df2de36b8649168e128572?s=96&d=blank&r=g","contentUrl":"https:\/\/secure.gravatar.com\/avatar\/9da8604da19b11812517d76f206166d47c5e180a26df2de36b8649168e128572?s=96&d=blank&r=g","caption":"Peter F\u00e4ssler"},"description":"Peter F\u00e4ssler Schibiweg 7 6006 Luzern","sameAs":["www.facebook.com\/peter.fassler.31","https:\/\/www.instagram.com\/peter.fassler.31\/","https:\/\/www.linkedin.com\/in\/peter-fssler-2518a782\/","https:\/\/x.com\/pfaessler56"],"url":"https:\/\/peter-faessler.spschweiz.ch\/?author=19"}]}},"_links":{"self":[{"href":"https:\/\/peter-faessler.spschweiz.ch\/index.php?rest_route=\/wp\/v2\/posts\/4930","targetHints":{"allow":["GET"]}}],"collection":[{"href":"https:\/\/peter-faessler.spschweiz.ch\/index.php?rest_route=\/wp\/v2\/posts"}],"about":[{"href":"https:\/\/peter-faessler.spschweiz.ch\/index.php?rest_route=\/wp\/v2\/types\/post"}],"author":[{"embeddable":true,"href":"https:\/\/peter-faessler.spschweiz.ch\/index.php?rest_route=\/wp\/v2\/users\/19"}],"replies":[{"embeddable":true,"href":"https:\/\/peter-faessler.spschweiz.ch\/index.php?rest_route=%2Fwp%2Fv2%2Fcomments&post=4930"}],"version-history":[{"count":5,"href":"https:\/\/peter-faessler.spschweiz.ch\/index.php?rest_route=\/wp\/v2\/posts\/4930\/revisions"}],"predecessor-version":[{"id":4956,"href":"https:\/\/peter-faessler.spschweiz.ch\/index.php?rest_route=\/wp\/v2\/posts\/4930\/revisions\/4956"}],"wp:featuredmedia":[{"embeddable":true,"href":"https:\/\/peter-faessler.spschweiz.ch\/index.php?rest_route=\/wp\/v2\/media\/4934"}],"wp:attachment":[{"href":"https:\/\/peter-faessler.spschweiz.ch\/index.php?rest_route=%2Fwp%2Fv2%2Fmedia&parent=4930"}],"wp:term":[{"taxonomy":"category","embeddable":true,"href":"https:\/\/peter-faessler.spschweiz.ch\/index.php?rest_route=%2Fwp%2Fv2%2Fcategories&post=4930"},{"taxonomy":"post_tag","embeddable":true,"href":"https:\/\/peter-faessler.spschweiz.ch\/index.php?rest_route=%2Fwp%2Fv2%2Ftags&post=4930"}],"curies":[{"name":"wp","href":"https:\/\/api.w.org\/{rel}","templated":true}]}}