{"id":4952,"date":"2022-10-31T10:59:21","date_gmt":"2022-10-31T09:59:21","guid":{"rendered":"https:\/\/peter-faessler.spschweiz.ch\/?p=4952"},"modified":"2022-10-31T20:53:19","modified_gmt":"2022-10-31T19:53:19","slug":"oktober-session-2022-des-luzerner-kantonsrats-vom-24-25-und-31-oktober-2022-3-sessionstag-vom-30-10-2022","status":"publish","type":"post","link":"https:\/\/peter-faessler.spschweiz.ch\/?p=4952","title":{"rendered":"Oktober-Session 2022 des Luzerner Kantonsrats  vom 24., 25. und 31. Oktober 2022, 3. Sessionstag vom 30.10.2022"},"content":{"rendered":"<h1>Dritter Sessionstag vom 30. Oktober 2022<\/h1>\n<div id=\"attachment_4968\" style=\"width: 310px\" class=\"wp-caption alignleft\"><img loading=\"lazy\" decoding=\"async\" aria-describedby=\"caption-attachment-4968\" class=\"size-medium wp-image-4968\" src=\"http:\/\/peter-faessler.spschweiz.ch\/wp-content\/uploads\/sites\/15\/2022\/10\/full_width_kanton-300x124.jpg\" alt=\"\" width=\"300\" height=\"124\" srcset=\"https:\/\/peter-faessler.spschweiz.ch\/wp-content\/uploads\/sites\/15\/2022\/10\/full_width_kanton-300x124.jpg 300w, https:\/\/peter-faessler.spschweiz.ch\/wp-content\/uploads\/sites\/15\/2022\/10\/full_width_kanton-1024x422.jpg 1024w, https:\/\/peter-faessler.spschweiz.ch\/wp-content\/uploads\/sites\/15\/2022\/10\/full_width_kanton-150x62.jpg 150w, https:\/\/peter-faessler.spschweiz.ch\/wp-content\/uploads\/sites\/15\/2022\/10\/full_width_kanton-768x317.jpg 768w, https:\/\/peter-faessler.spschweiz.ch\/wp-content\/uploads\/sites\/15\/2022\/10\/full_width_kanton-1536x634.jpg 1536w, https:\/\/peter-faessler.spschweiz.ch\/wp-content\/uploads\/sites\/15\/2022\/10\/full_width_kanton.jpg 1600w\" sizes=\"auto, (max-width: 300px) 100vw, 300px\" \/><p id=\"caption-attachment-4968\" class=\"wp-caption-text\">Bild: www.luzern.ch<\/p><\/div>\n<p>Seit der Mai-Session 2022 trifft sich der Luzerner Kantonsrat wieder\u00a0 im Regierungsgeb\u00e4ude in Luzern. Hier die <a href=\"https:\/\/www.lu.ch\/kr\/mitglieder_und_organe\/sitzordnung\" target=\"_blank\" rel=\"noopener\">Sitzordnung<\/a>.<\/p>\n<p>Hier geht es zur <a href=\"https:\/\/www.lu.ch\/kr\/Sessionen\/sessionsdaten_2022\/detail?guid=53f459067bdb4d1d9779f51ba6e0add4&amp;cal=F49AC8F5210E4A1D9FC3DCAFA8C80FA3\" target=\"_blank\" rel=\"noopener\">Traktandenliste<\/a>, den Kurzprotokollen, den Anwesenheitslisten und den Abstimmungsresultaten. Die Traktandenliste umfasst 65 Traktandensowie 15 als dringlich eingereichte Vorst\u00f6sse und Anfragen.<\/p>\n<p><a href=\"https:\/\/www.lu.ch\/kr\/Sessionen\/videoaufnahmen?keyword=Session\" target=\"_blank\" rel=\"noopener\">Livestream-Verzeichnis<\/a> der Kantonsrat-Sessionen<\/p>\n<p>&nbsp;<\/p>\n<h2>Kurzprotokoll<\/h2>\n<p>Es geht heute weiter mit der Behandlung von<\/p>\n<h3>Botschaften<\/h3>\n<ol start=\"15\">\n<li>\n<div id=\"attachment_4975\" style=\"width: 310px\" class=\"wp-caption alignright\"><img loading=\"lazy\" decoding=\"async\" aria-describedby=\"caption-attachment-4975\" class=\"size-medium wp-image-4975\" src=\"http:\/\/peter-faessler.spschweiz.ch\/wp-content\/uploads\/sites\/15\/2022\/10\/Polizei1-300x169.jpg\" alt=\"\" width=\"300\" height=\"169\" srcset=\"https:\/\/peter-faessler.spschweiz.ch\/wp-content\/uploads\/sites\/15\/2022\/10\/Polizei1-300x169.jpg 300w, https:\/\/peter-faessler.spschweiz.ch\/wp-content\/uploads\/sites\/15\/2022\/10\/Polizei1-1024x576.jpg 1024w, https:\/\/peter-faessler.spschweiz.ch\/wp-content\/uploads\/sites\/15\/2022\/10\/Polizei1-150x84.jpg 150w, https:\/\/peter-faessler.spschweiz.ch\/wp-content\/uploads\/sites\/15\/2022\/10\/Polizei1-768x432.jpg 768w, https:\/\/peter-faessler.spschweiz.ch\/wp-content\/uploads\/sites\/15\/2022\/10\/Polizei1.jpg 1280w\" sizes=\"auto, (max-width: 300px) 100vw, 300px\" \/><p id=\"caption-attachment-4975\" class=\"wp-caption-text\">Bild: srf news<\/p><\/div>\n<p><strong>B 131 Planungsbericht \u00fcber die Leistungen und Ressourcen der Luzerner Polizei (Planungsbericht Lupol 2022); Entwurf Kantonsratsbeschluss \u00fcber die Kenntnisnahme<\/strong><br \/>\nJustiz- und Sicherheitsdepartement<br \/>\nKommission Justiz und Sicherheit<\/li>\n<\/ol>\n<p><strong>Beschluss Kantonsrat: Zustimmung mit 92 zu 8 Stimmen.<\/strong><\/p>\n<ol start=\"16\">\n<li><strong>B 119 Sicherstellung der politischen Rechte in ausserordentlichen Situationen; Entwurf \u00c4nderung des Stimmrechtsgesetzes<\/strong><br \/>\nJustiz- und Sicherheitsdepartement, 1. Beratung<br \/>\nStaatspolitische Kommission<\/li>\n<\/ol>\n<p><strong>Beschluss Kantonsrat: Zustimmung mit 103 zu 0 Stimmen.<\/strong><\/p>\n<ol start=\"17\">\n<li><strong>B 123 \u00c4nderung der Kantonsstrasse K 4, Zentrum (exkl.) \u2013 Einm\u00fcndung Hergiswaldstrasse, Stadt Kriens; Entwurf Dekret \u00fcber einen Sonderkredit<\/strong><br \/>\nBau-,Umwelt- und Wirtschaftsdepartement<br \/>\nKommission Verkehr und Bau<\/li>\n<\/ol>\n<p><strong>Beschluss Kantonsrat: Zustimmung mit 91 zu 16 Stimmen. Das Dekret unterliegt dem fakultativen Referendum.<\/strong><\/p>\n<ol start=\"18\">\n<li><strong>B 124 Hochwasserschutz und Renaturierung Kleine Emme, Los 2, Abschnitt 8 West, R\u00fcmligm\u00fcndung, Gemeinden Werthenstein und Malters; Entwurf Dekret \u00fcber einen Sonderkredit<\/strong><br \/>\nBau-, Umwelt- und Wirtschaftsdepartement<br \/>\nKommission Verkehr und Bau<\/li>\n<\/ol>\n<p><strong>Beschluss Kantonsrat: Zustimmung mit 87 zu 0 Stimmen. Das Dekret unterliegt dem fakultativen Referendum.<\/strong><\/p>\n<ol start=\"19\">\n<li>\n<div id=\"attachment_3550\" style=\"width: 310px\" class=\"wp-caption alignright\"><img loading=\"lazy\" decoding=\"async\" aria-describedby=\"caption-attachment-3550\" class=\"size-medium wp-image-3550\" src=\"http:\/\/peter-faessler.spschweiz.ch\/wp-content\/uploads\/sites\/15\/2020\/11\/Corona-Wirtschaft-300x158.jpg\" alt=\"\" width=\"300\" height=\"158\" srcset=\"https:\/\/peter-faessler.spschweiz.ch\/wp-content\/uploads\/sites\/15\/2020\/11\/Corona-Wirtschaft-300x158.jpg 300w, https:\/\/peter-faessler.spschweiz.ch\/wp-content\/uploads\/sites\/15\/2020\/11\/Corona-Wirtschaft-150x79.jpg 150w, https:\/\/peter-faessler.spschweiz.ch\/wp-content\/uploads\/sites\/15\/2020\/11\/Corona-Wirtschaft.jpg 310w\" sizes=\"auto, (max-width: 300px) 100vw, 300px\" \/><p id=\"caption-attachment-3550\" class=\"wp-caption-text\">Bild: economiesuisse.ch<\/p><\/div>\n<p><strong>B 129 A Ausfallentsch\u00e4digungen im Kulturbereich aufgrund der Corona-Epidemie und Nachtragskredite zum Voranschlag 2022; Entw\u00fcrfe Dekret \u00fcber einen Sonderkredit (Kulturbereich) und Kantonsratsbeschluss \u00fcber Nachtragskredite \u2013 Dekret<\/strong><br \/>\nFinanzdepartement<br \/>\nPlanungs- und Finanzkommission<\/li>\n<\/ol>\n<p><strong>Beschluss Kantonsrat: Zustimmung mit 90 zu 18 Stimmen. Das Dekret unterliegt dem fakultativen Referendum.<\/strong><\/p>\n<ol start=\"20\">\n<li><strong>B 129 B Ausfallentsch\u00e4digungen im Kulturbereich aufgrund der Corona-Epidemie und Nachtragskredite zum Voranschlag 2022; Entw\u00fcrfe Dekret \u00fcber einen Sonderkredit (Kulturbereich) und Kantonsratsbeschluss \u00fcber Nachtragskredite \u2013 Kantonsratsbeschluss<\/strong><br \/>\nFinanzdepartement<br \/>\nPlanungs- und Finanzkommission<\/li>\n<\/ol>\n<p><strong>Beschluss Kantonsrat: Zustimmung mit 89 zu 18 Stimmen.<\/strong><\/p>\n<ol start=\"21\">\n<li><strong>B 130 Verteilung der Sitze auf die sechs Kantonsratswahlkreise; Entwurf Kantonsratsbeschluss<\/strong><br \/>\nJustiz- und Sicherheitsdepartement<br \/>\nStaatspolitische Kommission<\/li>\n<\/ol>\n<p><strong>Beschluss Kantonsrat: Zustimmung mit 112 zu 0 Stimmen.<\/strong><\/p>\n<ol start=\"22\">\n<li><em><strong>B 94 Finanzierung der Stiftung Rosengart \u00fcber den Zweckverband Grosse Kulturbetriebe; Entwurf Kantonsratsbeschluss \u00fcber die Genehmigung der Ausrichtung von Beitr\u00e4gen<\/strong><\/em><br \/>\nBildungs- und Kulturdepartement<br \/>\nKommission Erziehung, Bildung und Kultur<\/li>\n<\/ol>\n<p><em><strong>Beschluss Kantonsrat: Behandlung in der November-Session 2022<\/strong><\/em><\/p>\n<ol start=\"23\">\n<li><em><strong>E 417 Einzelinitiative Wimmer-L\u00f6tscher Marianne und Mit. \u00fcber die Erweiterung der Gemeindeautonomie betreffend Vergabe des Stimm- und Wahlrechts auf kommunaler Ebene<\/strong><\/em><br \/>\nJustiz- und Sicherheitsdepartement<br \/>\nAntrag SPK: Ablehnung<\/li>\n<\/ol>\n<p><em><strong>Beschluss Kantonsrat: Behandlung in der November-Session 2022<\/strong><\/em><\/p>\n<ol start=\"24\">\n<li><strong>Wahl einer Richterin \/ eines Richters am Bezirksgericht Luzern f\u00fcr die Amtsdauer 2023\u20132026 (Nachfolge Stefan Wipr\u00e4chtiger)<\/strong><br \/>\nGew\u00e4hlt ist: Matthias Retsch, Rothenburg, SP<\/li>\n<li><strong>Wahl einer frei einsetzbaren Richterin \/ Richters der erstinstanzlichen Gerichte f\u00fcr die Amtsdauer 2023\u20132026 (Nachfolge Daniel Mengolian)<\/strong><br \/>\nGew\u00e4hlt ist: Lena Hafen, Luzern, SP<\/li>\n<li><strong>Wahl eines Mitglieds der Sch\u00e4tzungskommission nach Enteignungsgesetz f\u00fcr den Rest der Amtsdauer 2019\u20132022 sowie f\u00fcr die Amtsdauer 2023\u20132026 (Nachfolge Martin Roos)<\/strong><br \/>\nStaatskanzlei<br \/>\nGew\u00e4hlt ist: Hanspeter Bucheli, Ruswil, Die Mitte<\/li>\n<li><strong>Wechsel in st\u00e4ndigen Kommissionen der Legislatur 2019\u20132023<\/strong><\/li>\n<\/ol>\n<p>Beschluss Kantonsrat:<br \/>\nAufsichts- und Kontrollkommission<br \/>\nCarlo Piani, Die Mitte (anstelle Christina Kaufmann-Wolf)<\/p>\n<h3>Parlamentarische Vorst\u00f6sse<\/h3>\n<ol start=\"28\">\n<li><strong>P 761 *Postulat Hartmann Armin und Mit. \u00fcber die vorzeitige \u00dcberf\u00fchrung der Aufwertungsreserve der Luzerner Gemeinden in das Eigenkapital<\/strong><br \/>\nFinanzdepartement<br \/>\nAntrag Regierungsrat: Teilweise Erheblicherkl\u00e4rung<\/li>\n<\/ol>\n<p><strong>Beschluss Kantonsrat: Teilweise Erheblicherkl\u00e4rung<\/strong><\/p>\n<ol start=\"29\">\n<li>\n<div id=\"attachment_3579\" style=\"width: 285px\" class=\"wp-caption alignright\"><img loading=\"lazy\" decoding=\"async\" aria-describedby=\"caption-attachment-3579\" class=\"size-full wp-image-3579\" src=\"http:\/\/peter-faessler.spschweiz.ch\/wp-content\/uploads\/sites\/15\/2020\/11\/hslu.jpg\" alt=\"\" width=\"275\" height=\"183\" srcset=\"https:\/\/peter-faessler.spschweiz.ch\/wp-content\/uploads\/sites\/15\/2020\/11\/hslu.jpg 275w, https:\/\/peter-faessler.spschweiz.ch\/wp-content\/uploads\/sites\/15\/2020\/11\/hslu-150x100.jpg 150w\" sizes=\"auto, (max-width: 275px) 100vw, 275px\" \/><p id=\"caption-attachment-3579\" class=\"wp-caption-text\">Bild: hslu.ch<\/p><\/div>\n<p><strong>A 809 *Anfrage Schneider Andy und Mit. \u00fcber den Hochschulcampus Horw \u2013 Infrastruktur im Hochschulsport<\/strong><br \/>\nFinanzdepartement i. V. mit Bildungs- und Kulturdepartement<\/li>\n<\/ol>\n<p><strong>Die Anfrage wurde vom Regierungsrat schriftlich beantwortet.<\/strong><\/p>\n<ol start=\"30\">\n<li><strong>P 677 *Postulat Sp\u00f6rri Angelina und Mit. \u00fcber CO2-Messger\u00e4te an Luzerner Schulen<\/strong><br \/>\nBildungs- und Kulturdepartement<br \/>\nAntrag Regierungsrat: Ablehnung<\/li>\n<\/ol>\n<p><strong>Beschluss Kantonsrat: Ablehnung<\/strong><\/p>\n<ol start=\"31\">\n<li><strong>P 685 *Postulat Muff Sara und Mit. \u00fcber BLS-Kurse an Schulen<\/strong><br \/>\nBildungs- und Kulturdepartement<br \/>\nAntrag Regierungsrat: Teilweise Erheblicherkl\u00e4rung<\/li>\n<\/ol>\n<p><strong>Beschluss Kantonsrat: Teilweise Erheblicherkl\u00e4rung<\/strong><\/p>\n<ol start=\"32\">\n<li><strong>P 790 *Postulat Ledergerber Michael und Mit. \u00fcber die Laufzeitbeschr\u00e4nkung bei IS\/B&amp;U Sprachentwicklung<\/strong><br \/>\nBildungs- und Kulturdepartement<br \/>\nAntrag Regierungsrat: Ablehnung<\/li>\n<\/ol>\n<p><strong>Beschluss Kantonsrat: Erheblicherkl\u00e4rung<\/strong><\/p>\n<ol start=\"33\">\n<li><strong>A 829 *Anfrage Meier Anja und Mit. \u00fcber Sexualaufkl\u00e4rung an Luzerner Schulen<\/strong><br \/>\nBildungs- und Kulturdepartement<\/li>\n<\/ol>\n<p><strong>Die Anfrage wurde vom Regierungsrat schriftlich beantwortet.<\/strong><\/p>\n<ol start=\"34\">\n<li><strong>A 850 *Anfrage H\u00e4fliger-Kunz Priska und Mit. \u00fcber den Bedarf der Schulsozialarbeit im gymnasialen Bereich und in der beruflichen Grundbildung (SEK II)<\/strong><br \/>\nBildungs- und Kulturdepartement<\/li>\n<\/ol>\n<p><strong>Die Anfrage wurde vom Regierungsrat schriftlich beantwortet.<\/strong><\/p>\n<ol start=\"35\">\n<li>\n<div id=\"attachment_1645\" style=\"width: 243px\" class=\"wp-caption alignright\"><img loading=\"lazy\" decoding=\"async\" aria-describedby=\"caption-attachment-1645\" class=\"size-medium wp-image-1645\" src=\"http:\/\/peter-faessler.spschweiz.ch\/wp-content\/uploads\/sites\/15\/2018\/06\/wira_broschuere-233x300.png\" alt=\"\" width=\"233\" height=\"300\" srcset=\"https:\/\/peter-faessler.spschweiz.ch\/wp-content\/uploads\/sites\/15\/2018\/06\/wira_broschuere-233x300.png 233w, https:\/\/peter-faessler.spschweiz.ch\/wp-content\/uploads\/sites\/15\/2018\/06\/wira_broschuere-116x150.png 116w, https:\/\/peter-faessler.spschweiz.ch\/wp-content\/uploads\/sites\/15\/2018\/06\/wira_broschuere.png 300w\" sizes=\"auto, (max-width: 233px) 100vw, 233px\" \/><p id=\"caption-attachment-1645\" class=\"wp-caption-text\">(Foto: Kt. Luzern, wira)<\/p><\/div>\n<p><strong>P 629 *Postulat Galliker-T\u00f6nz Gertrud und Mit. \u00fcber Bildungsgutscheine f\u00fcr fachliche Umschulungen und Weiterbildungen zur Erhaltung und F\u00f6rderung der beruflichen Qualifikationen vor allem auch in zukunftsgerichteten Technologien<\/strong><br \/>\nBildungs- und Kulturdepartement<br \/>\nAntrag Regierungsrat: Erheblicherkl\u00e4rung<\/li>\n<\/ol>\n<p><strong>Beschluss Kantonsrat: Erheblicherkl\u00e4rung<\/strong><\/p>\n<ol start=\"36\">\n<li><strong>A 817 *Anfrage Setz Isenegger Melanie und Mit. \u00fcber die \u00dcberpr\u00fcfung der Qualit\u00e4t in den schul- und familienerg\u00e4nzenden Tagesstrukturen<\/strong><br \/>\nBildungs- und Kulturdepartement<\/li>\n<\/ol>\n<p><strong>Die Anfrage wurde vom Regierungsrat schriftlich beantwortet.<\/strong><\/p>\n<ol start=\"37\">\n<li><strong>M 688 *Motion Wedekind Claudia und Mit. \u00fcber die Steuerbefreiung von Assistenzhunden<\/strong><br \/>\nGesundheits- und Sozialdepartement<br \/>\nAntrag Regierungsrat: Erheblicherkl\u00e4rung<\/li>\n<\/ol>\n<p><strong>Beschluss Kantonsrat: Erheblicherkl\u00e4rung<\/strong><\/p>\n<ol start=\"38\">\n<li><strong>P 855 *Postulat Roth David und Mit. \u00fcber Kaufkraft erhalten \u2013 Pr\u00e4mienschock abfedern<\/strong><br \/>\nGesundheits- und Sozialdepartement<br \/>\nAntrag Regierungsrat: Ablehnung wegen Erf\u00fcllung<\/li>\n<\/ol>\n<p><strong>Beschluss Kantonsrat: Ablehnung<\/strong><\/p>\n<ol start=\"39\">\n<li><strong>A 818 *Anfrage Setz Isenegger Melanie und Mit. \u00fcber eine \u00dcbergangsbegleitung f\u00fcr Careleaver:innen<\/strong><br \/>\nGesundheits- und Sozialdepartement<\/li>\n<\/ol>\n<p><strong>Die Anfrage wurde vom Regierungsrat schriftlich beantwortet.<\/strong><\/p>\n<ol start=\"40\">\n<li><strong>A 910 *Anfrage Spring Laura und Mit. \u00fcber die Schaffung eines Freibetrages bei der Aufrechnung von Lohnbez\u00fcgen bei der Asylsozialhilfe<\/strong><br \/>\nGesundheitsund Sozialdepartement<\/li>\n<\/ol>\n<p><strong>Die Anfrage wurde vom Regierungsrat schriftlich beantwortet.<\/strong><\/p>\n<ol start=\"41\">\n<li><strong>P 735 *Postulat Sager Urban namens der Redaktionskommission \u00fcber eine \u00c4nderung der Richtlinien \u00fcber die Gesetzestechnik zur schnelleren Umsetzung der geschlechtergerechten Sprache in allen Luzerner Erlassen<\/strong><br \/>\nStaatskanzlei<br \/>\nAntrag Regierungsrat: Erheblicherkl\u00e4rung<\/li>\n<\/ol>\n<p><strong>Beschluss Kantonsrat: Erheblicherkl\u00e4rung<\/strong><\/p>\n<ol start=\"42\">\n<li><strong>A 734 *Anfrage Sager Urban namens der Redaktionskommission \u00fcber einen Mantelerlass zur Umsetzung der geschlechtergerechten Sprache in allen Luzerner Erlassen<\/strong><br \/>\nStaatskanzlei<\/li>\n<\/ol>\n<p><strong>Die Anfrage wurde vom Regierungsrat schriftlich beantwortet.<\/strong><\/p>\n<ol start=\"43\">\n<li>\n<div id=\"attachment_1748\" style=\"width: 310px\" class=\"wp-caption alignright\"><img loading=\"lazy\" decoding=\"async\" aria-describedby=\"caption-attachment-1748\" class=\"size-medium wp-image-1748\" src=\"http:\/\/peter-faessler.spschweiz.ch\/wp-content\/uploads\/sites\/15\/2018\/09\/Bergbauern-7412_1-300x198.jpg\" alt=\"\" width=\"300\" height=\"198\" srcset=\"https:\/\/peter-faessler.spschweiz.ch\/wp-content\/uploads\/sites\/15\/2018\/09\/Bergbauern-7412_1-300x198.jpg 300w, https:\/\/peter-faessler.spschweiz.ch\/wp-content\/uploads\/sites\/15\/2018\/09\/Bergbauern-7412_1-150x99.jpg 150w, https:\/\/peter-faessler.spschweiz.ch\/wp-content\/uploads\/sites\/15\/2018\/09\/Bergbauern-7412_1.jpg 620w\" sizes=\"auto, (max-width: 300px) 100vw, 300px\" \/><p id=\"caption-attachment-1748\" class=\"wp-caption-text\">Bild: schweizerbauer.ch<\/p><\/div>\n<p><strong>P 689 *Postulat Candan Hasan und Mit. \u00fcber die F\u00f6rderung der Alpwirtschaft und der Biodiversit\u00e4t<\/strong><br \/>\nBau-, Umwelt- und Wirtschaftsdepartement<br \/>\nAntrag Regierungsrat: Ablehnung wegen Erf\u00fcllung<\/li>\n<\/ol>\n<p><strong>Beschluss Kantonsrat: Ablehnung<\/strong><\/p>\n<ol start=\"44\">\n<li><strong>P 713 *Postulat Candan Hasan und Mit. \u00fcber Massnahmen zur Reduktion der Pestizide im Wald<\/strong><br \/>\nBau-, Umwelt- und Wirtschaftsdepartement<br \/>\nAntrag Regierungsrat: Ablehnung wegen Erf\u00fcllung<\/li>\n<\/ol>\n<p><strong>Beschluss Kantonsrat: Ablehnung<\/strong><\/p>\n<p><span class=\"fontstyle0\">* Diese Gesch\u00e4fte waren bereits an der September Session 2022 traktandiert.<\/span><\/p>\n<p>Traktanden 45 bis 73 werden an der Dezember Session behandelt.<\/p>\n","protected":false},"excerpt":{"rendered":"<p>Dritter Sessionstag vom 30. Oktober 2022 Seit der Mai-Session 2022 trifft sich der Luzerner Kantonsrat wieder\u00a0 im Regierungsgeb\u00e4ude in Luzern. Hier die Sitzordnung. Hier geht&#8230;<\/p>\n","protected":false},"author":19,"featured_media":2588,"comment_status":"open","ping_status":"open","sticky":false,"template":"","format":"standard","meta":{"footnotes":""},"categories":[22,23,30,21,25,128],"tags":[8,9,16,19,26,31,7,10,15],"class_list":["post-4952","post","type-post","status-publish","format-standard","has-post-thumbnail","hentry","category-kantonsrat-luzern","category-kantonsratsession","category-parlament","category-politik","category-session-kantonsrat-luzern","category-sp-kantonsratsfraktion","tag-kanton-luzern","tag-kantonsrat","tag-kantonsrat-kanton-luzern","tag-kantonsrat-luzern","tag-kantonsratssession","tag-parlament","tag-politik","tag-session","tag-sp"],"yoast_head":"<!-- This site is optimized with the Yoast SEO plugin v27.5 - https:\/\/yoast.com\/product\/yoast-seo-wordpress\/ -->\n<title>Oktober-Session 2022 des Luzerner Kantonsrats vom 24., 25. und 31. Oktober 2022, 3. Sessionstag vom 30.10.2022 - Peter F\u00e4ssler<\/title>\n<meta name=\"robots\" content=\"index, follow, max-snippet:-1, max-image-preview:large, max-video-preview:-1\" \/>\n<link rel=\"canonical\" href=\"https:\/\/peter-faessler.spschweiz.ch\/?p=4952\" \/>\n<meta property=\"og:locale\" content=\"de_DE\" \/>\n<meta property=\"og:type\" content=\"article\" \/>\n<meta property=\"og:title\" content=\"Oktober-Session 2022 des Luzerner Kantonsrats vom 24., 25. und 31. Oktober 2022, 3. Sessionstag vom 30.10.2022 - Peter F\u00e4ssler\" \/>\n<meta property=\"og:description\" content=\"Dritter Sessionstag vom 30. Oktober 2022 Seit der Mai-Session 2022 trifft sich der Luzerner Kantonsrat wieder\u00a0 im Regierungsgeb\u00e4ude in Luzern. Hier die Sitzordnung. Hier geht...\" \/>\n<meta property=\"og:url\" content=\"https:\/\/peter-faessler.spschweiz.ch\/?p=4952\" \/>\n<meta property=\"og:site_name\" content=\"Peter F\u00e4ssler\" \/>\n<meta property=\"article:author\" content=\"www.facebook.com\/peter.fassler.31\" \/>\n<meta property=\"article:published_time\" content=\"2022-10-31T09:59:21+00:00\" \/>\n<meta property=\"article:modified_time\" content=\"2022-10-31T19:53:19+00:00\" \/>\n<meta property=\"og:image\" content=\"http:\/\/peter-faessler.spschweiz.ch\/wp-content\/uploads\/sites\/15\/2019\/06\/DSC_4010-1024x576.jpg\" \/>\n\t<meta property=\"og:image:width\" content=\"1024\" \/>\n\t<meta property=\"og:image:height\" content=\"576\" \/>\n\t<meta property=\"og:image:type\" content=\"image\/jpeg\" \/>\n<meta name=\"author\" content=\"Peter F\u00e4ssler\" \/>\n<meta name=\"twitter:label1\" content=\"Verfasst von\" \/>\n\t<meta name=\"twitter:data1\" content=\"Peter F\u00e4ssler\" \/>\n\t<meta name=\"twitter:label2\" content=\"Gesch\u00e4tzte Lesezeit\" \/>\n\t<meta name=\"twitter:data2\" content=\"7\u00a0Minuten\" \/>\n<script type=\"application\/ld+json\" class=\"yoast-schema-graph\">{\"@context\":\"https:\\\/\\\/schema.org\",\"@graph\":[{\"@type\":\"Article\",\"@id\":\"https:\\\/\\\/peter-faessler.spschweiz.ch\\\/?p=4952#article\",\"isPartOf\":{\"@id\":\"https:\\\/\\\/peter-faessler.spschweiz.ch\\\/?p=4952\"},\"author\":{\"name\":\"Peter F\u00e4ssler\",\"@id\":\"https:\\\/\\\/peter-faessler.spschweiz.ch\\\/#\\\/schema\\\/person\\\/7ac2f764b1930b731c670e8a2393b60e\"},\"headline\":\"Oktober-Session 2022 des Luzerner Kantonsrats vom 24., 25. und 31. Oktober 2022, 3. Sessionstag vom 30.10.2022\",\"datePublished\":\"2022-10-31T09:59:21+00:00\",\"dateModified\":\"2022-10-31T19:53:19+00:00\",\"mainEntityOfPage\":{\"@id\":\"https:\\\/\\\/peter-faessler.spschweiz.ch\\\/?p=4952\"},\"wordCount\":1012,\"commentCount\":0,\"image\":{\"@id\":\"https:\\\/\\\/peter-faessler.spschweiz.ch\\\/?p=4952#primaryimage\"},\"thumbnailUrl\":\"https:\\\/\\\/peter-faessler.spschweiz.ch\\\/wp-content\\\/uploads\\\/sites\\\/15\\\/2019\\\/06\\\/DSC_4010.jpg\",\"keywords\":[\"Kanton Luzern\",\"Kantonsrat\",\"Kantonsrat Kanton Luzern\",\"Kantonsrat Luzern\",\"Kantonsratssession\",\"Parlament\",\"Politik\",\"Session\",\"SP\"],\"articleSection\":[\"Kantonsrat Luzern\",\"Kantonsratsession\",\"Parlament\",\"Politik\",\"Session Kantonsrat Luzern\",\"SP Kantonsratsfraktion\"],\"inLanguage\":\"de\",\"potentialAction\":[{\"@type\":\"CommentAction\",\"name\":\"Comment\",\"target\":[\"https:\\\/\\\/peter-faessler.spschweiz.ch\\\/?p=4952#respond\"]}]},{\"@type\":\"WebPage\",\"@id\":\"https:\\\/\\\/peter-faessler.spschweiz.ch\\\/?p=4952\",\"url\":\"https:\\\/\\\/peter-faessler.spschweiz.ch\\\/?p=4952\",\"name\":\"Oktober-Session 2022 des Luzerner Kantonsrats vom 24., 25. und 31. Oktober 2022, 3. Sessionstag vom 30.10.2022 - Peter F\u00e4ssler\",\"isPartOf\":{\"@id\":\"https:\\\/\\\/peter-faessler.spschweiz.ch\\\/#website\"},\"primaryImageOfPage\":{\"@id\":\"https:\\\/\\\/peter-faessler.spschweiz.ch\\\/?p=4952#primaryimage\"},\"image\":{\"@id\":\"https:\\\/\\\/peter-faessler.spschweiz.ch\\\/?p=4952#primaryimage\"},\"thumbnailUrl\":\"https:\\\/\\\/peter-faessler.spschweiz.ch\\\/wp-content\\\/uploads\\\/sites\\\/15\\\/2019\\\/06\\\/DSC_4010.jpg\",\"datePublished\":\"2022-10-31T09:59:21+00:00\",\"dateModified\":\"2022-10-31T19:53:19+00:00\",\"author\":{\"@id\":\"https:\\\/\\\/peter-faessler.spschweiz.ch\\\/#\\\/schema\\\/person\\\/7ac2f764b1930b731c670e8a2393b60e\"},\"breadcrumb\":{\"@id\":\"https:\\\/\\\/peter-faessler.spschweiz.ch\\\/?p=4952#breadcrumb\"},\"inLanguage\":\"de\",\"potentialAction\":[{\"@type\":\"ReadAction\",\"target\":[\"https:\\\/\\\/peter-faessler.spschweiz.ch\\\/?p=4952\"]}]},{\"@type\":\"ImageObject\",\"inLanguage\":\"de\",\"@id\":\"https:\\\/\\\/peter-faessler.spschweiz.ch\\\/?p=4952#primaryimage\",\"url\":\"https:\\\/\\\/peter-faessler.spschweiz.ch\\\/wp-content\\\/uploads\\\/sites\\\/15\\\/2019\\\/06\\\/DSC_4010.jpg\",\"contentUrl\":\"https:\\\/\\\/peter-faessler.spschweiz.ch\\\/wp-content\\\/uploads\\\/sites\\\/15\\\/2019\\\/06\\\/DSC_4010.jpg\",\"width\":3840,\"height\":2160},{\"@type\":\"BreadcrumbList\",\"@id\":\"https:\\\/\\\/peter-faessler.spschweiz.ch\\\/?p=4952#breadcrumb\",\"itemListElement\":[{\"@type\":\"ListItem\",\"position\":1,\"name\":\"Startseite\",\"item\":\"https:\\\/\\\/peter-faessler.spschweiz.ch\\\/\"},{\"@type\":\"ListItem\",\"position\":2,\"name\":\"Oktober-Session 2022 des Luzerner Kantonsrats vom 24., 25. und 31. Oktober 2022, 3. Sessionstag vom 30.10.2022\"}]},{\"@type\":\"WebSite\",\"@id\":\"https:\\\/\\\/peter-faessler.spschweiz.ch\\\/#website\",\"url\":\"https:\\\/\\\/peter-faessler.spschweiz.ch\\\/\",\"name\":\"Peter F\u00e4ssler\",\"description\":\"SP Kantonsrat Kanton Luzern\",\"potentialAction\":[{\"@type\":\"SearchAction\",\"target\":{\"@type\":\"EntryPoint\",\"urlTemplate\":\"https:\\\/\\\/peter-faessler.spschweiz.ch\\\/?s={search_term_string}\"},\"query-input\":{\"@type\":\"PropertyValueSpecification\",\"valueRequired\":true,\"valueName\":\"search_term_string\"}}],\"inLanguage\":\"de\"},{\"@type\":\"Person\",\"@id\":\"https:\\\/\\\/peter-faessler.spschweiz.ch\\\/#\\\/schema\\\/person\\\/7ac2f764b1930b731c670e8a2393b60e\",\"name\":\"Peter F\u00e4ssler\",\"image\":{\"@type\":\"ImageObject\",\"inLanguage\":\"de\",\"@id\":\"https:\\\/\\\/secure.gravatar.com\\\/avatar\\\/9da8604da19b11812517d76f206166d47c5e180a26df2de36b8649168e128572?s=96&d=blank&r=g\",\"url\":\"https:\\\/\\\/secure.gravatar.com\\\/avatar\\\/9da8604da19b11812517d76f206166d47c5e180a26df2de36b8649168e128572?s=96&d=blank&r=g\",\"contentUrl\":\"https:\\\/\\\/secure.gravatar.com\\\/avatar\\\/9da8604da19b11812517d76f206166d47c5e180a26df2de36b8649168e128572?s=96&d=blank&r=g\",\"caption\":\"Peter F\u00e4ssler\"},\"description\":\"Peter F\u00e4ssler Schibiweg 7 6006 Luzern\",\"sameAs\":[\"www.facebook.com\\\/peter.fassler.31\",\"https:\\\/\\\/www.instagram.com\\\/peter.fassler.31\\\/\",\"https:\\\/\\\/www.linkedin.com\\\/in\\\/peter-fssler-2518a782\\\/\",\"https:\\\/\\\/x.com\\\/pfaessler56\"],\"url\":\"https:\\\/\\\/peter-faessler.spschweiz.ch\\\/?author=19\"}]}<\/script>\n<!-- \/ Yoast SEO plugin. -->","yoast_head_json":{"title":"Oktober-Session 2022 des Luzerner Kantonsrats vom 24., 25. und 31. Oktober 2022, 3. Sessionstag vom 30.10.2022 - Peter F\u00e4ssler","robots":{"index":"index","follow":"follow","max-snippet":"max-snippet:-1","max-image-preview":"max-image-preview:large","max-video-preview":"max-video-preview:-1"},"canonical":"https:\/\/peter-faessler.spschweiz.ch\/?p=4952","og_locale":"de_DE","og_type":"article","og_title":"Oktober-Session 2022 des Luzerner Kantonsrats vom 24., 25. und 31. Oktober 2022, 3. Sessionstag vom 30.10.2022 - Peter F\u00e4ssler","og_description":"Dritter Sessionstag vom 30. Oktober 2022 Seit der Mai-Session 2022 trifft sich der Luzerner Kantonsrat wieder\u00a0 im Regierungsgeb\u00e4ude in Luzern. Hier die Sitzordnung. Hier geht...","og_url":"https:\/\/peter-faessler.spschweiz.ch\/?p=4952","og_site_name":"Peter F\u00e4ssler","article_author":"www.facebook.com\/peter.fassler.31","article_published_time":"2022-10-31T09:59:21+00:00","article_modified_time":"2022-10-31T19:53:19+00:00","og_image":[{"width":1024,"height":576,"url":"http:\/\/peter-faessler.spschweiz.ch\/wp-content\/uploads\/sites\/15\/2019\/06\/DSC_4010-1024x576.jpg","type":"image\/jpeg"}],"author":"Peter F\u00e4ssler","twitter_misc":{"Verfasst von":"Peter F\u00e4ssler","Gesch\u00e4tzte Lesezeit":"7\u00a0Minuten"},"schema":{"@context":"https:\/\/schema.org","@graph":[{"@type":"Article","@id":"https:\/\/peter-faessler.spschweiz.ch\/?p=4952#article","isPartOf":{"@id":"https:\/\/peter-faessler.spschweiz.ch\/?p=4952"},"author":{"name":"Peter F\u00e4ssler","@id":"https:\/\/peter-faessler.spschweiz.ch\/#\/schema\/person\/7ac2f764b1930b731c670e8a2393b60e"},"headline":"Oktober-Session 2022 des Luzerner Kantonsrats vom 24., 25. und 31. Oktober 2022, 3. Sessionstag vom 30.10.2022","datePublished":"2022-10-31T09:59:21+00:00","dateModified":"2022-10-31T19:53:19+00:00","mainEntityOfPage":{"@id":"https:\/\/peter-faessler.spschweiz.ch\/?p=4952"},"wordCount":1012,"commentCount":0,"image":{"@id":"https:\/\/peter-faessler.spschweiz.ch\/?p=4952#primaryimage"},"thumbnailUrl":"https:\/\/peter-faessler.spschweiz.ch\/wp-content\/uploads\/sites\/15\/2019\/06\/DSC_4010.jpg","keywords":["Kanton Luzern","Kantonsrat","Kantonsrat Kanton Luzern","Kantonsrat Luzern","Kantonsratssession","Parlament","Politik","Session","SP"],"articleSection":["Kantonsrat Luzern","Kantonsratsession","Parlament","Politik","Session Kantonsrat Luzern","SP Kantonsratsfraktion"],"inLanguage":"de","potentialAction":[{"@type":"CommentAction","name":"Comment","target":["https:\/\/peter-faessler.spschweiz.ch\/?p=4952#respond"]}]},{"@type":"WebPage","@id":"https:\/\/peter-faessler.spschweiz.ch\/?p=4952","url":"https:\/\/peter-faessler.spschweiz.ch\/?p=4952","name":"Oktober-Session 2022 des Luzerner Kantonsrats vom 24., 25. und 31. Oktober 2022, 3. Sessionstag vom 30.10.2022 - Peter F\u00e4ssler","isPartOf":{"@id":"https:\/\/peter-faessler.spschweiz.ch\/#website"},"primaryImageOfPage":{"@id":"https:\/\/peter-faessler.spschweiz.ch\/?p=4952#primaryimage"},"image":{"@id":"https:\/\/peter-faessler.spschweiz.ch\/?p=4952#primaryimage"},"thumbnailUrl":"https:\/\/peter-faessler.spschweiz.ch\/wp-content\/uploads\/sites\/15\/2019\/06\/DSC_4010.jpg","datePublished":"2022-10-31T09:59:21+00:00","dateModified":"2022-10-31T19:53:19+00:00","author":{"@id":"https:\/\/peter-faessler.spschweiz.ch\/#\/schema\/person\/7ac2f764b1930b731c670e8a2393b60e"},"breadcrumb":{"@id":"https:\/\/peter-faessler.spschweiz.ch\/?p=4952#breadcrumb"},"inLanguage":"de","potentialAction":[{"@type":"ReadAction","target":["https:\/\/peter-faessler.spschweiz.ch\/?p=4952"]}]},{"@type":"ImageObject","inLanguage":"de","@id":"https:\/\/peter-faessler.spschweiz.ch\/?p=4952#primaryimage","url":"https:\/\/peter-faessler.spschweiz.ch\/wp-content\/uploads\/sites\/15\/2019\/06\/DSC_4010.jpg","contentUrl":"https:\/\/peter-faessler.spschweiz.ch\/wp-content\/uploads\/sites\/15\/2019\/06\/DSC_4010.jpg","width":3840,"height":2160},{"@type":"BreadcrumbList","@id":"https:\/\/peter-faessler.spschweiz.ch\/?p=4952#breadcrumb","itemListElement":[{"@type":"ListItem","position":1,"name":"Startseite","item":"https:\/\/peter-faessler.spschweiz.ch\/"},{"@type":"ListItem","position":2,"name":"Oktober-Session 2022 des Luzerner Kantonsrats vom 24., 25. und 31. Oktober 2022, 3. Sessionstag vom 30.10.2022"}]},{"@type":"WebSite","@id":"https:\/\/peter-faessler.spschweiz.ch\/#website","url":"https:\/\/peter-faessler.spschweiz.ch\/","name":"Peter F\u00e4ssler","description":"SP Kantonsrat Kanton Luzern","potentialAction":[{"@type":"SearchAction","target":{"@type":"EntryPoint","urlTemplate":"https:\/\/peter-faessler.spschweiz.ch\/?s={search_term_string}"},"query-input":{"@type":"PropertyValueSpecification","valueRequired":true,"valueName":"search_term_string"}}],"inLanguage":"de"},{"@type":"Person","@id":"https:\/\/peter-faessler.spschweiz.ch\/#\/schema\/person\/7ac2f764b1930b731c670e8a2393b60e","name":"Peter F\u00e4ssler","image":{"@type":"ImageObject","inLanguage":"de","@id":"https:\/\/secure.gravatar.com\/avatar\/9da8604da19b11812517d76f206166d47c5e180a26df2de36b8649168e128572?s=96&d=blank&r=g","url":"https:\/\/secure.gravatar.com\/avatar\/9da8604da19b11812517d76f206166d47c5e180a26df2de36b8649168e128572?s=96&d=blank&r=g","contentUrl":"https:\/\/secure.gravatar.com\/avatar\/9da8604da19b11812517d76f206166d47c5e180a26df2de36b8649168e128572?s=96&d=blank&r=g","caption":"Peter F\u00e4ssler"},"description":"Peter F\u00e4ssler Schibiweg 7 6006 Luzern","sameAs":["www.facebook.com\/peter.fassler.31","https:\/\/www.instagram.com\/peter.fassler.31\/","https:\/\/www.linkedin.com\/in\/peter-fssler-2518a782\/","https:\/\/x.com\/pfaessler56"],"url":"https:\/\/peter-faessler.spschweiz.ch\/?author=19"}]}},"_links":{"self":[{"href":"https:\/\/peter-faessler.spschweiz.ch\/index.php?rest_route=\/wp\/v2\/posts\/4952","targetHints":{"allow":["GET"]}}],"collection":[{"href":"https:\/\/peter-faessler.spschweiz.ch\/index.php?rest_route=\/wp\/v2\/posts"}],"about":[{"href":"https:\/\/peter-faessler.spschweiz.ch\/index.php?rest_route=\/wp\/v2\/types\/post"}],"author":[{"embeddable":true,"href":"https:\/\/peter-faessler.spschweiz.ch\/index.php?rest_route=\/wp\/v2\/users\/19"}],"replies":[{"embeddable":true,"href":"https:\/\/peter-faessler.spschweiz.ch\/index.php?rest_route=%2Fwp%2Fv2%2Fcomments&post=4952"}],"version-history":[{"count":12,"href":"https:\/\/peter-faessler.spschweiz.ch\/index.php?rest_route=\/wp\/v2\/posts\/4952\/revisions"}],"predecessor-version":[{"id":4977,"href":"https:\/\/peter-faessler.spschweiz.ch\/index.php?rest_route=\/wp\/v2\/posts\/4952\/revisions\/4977"}],"wp:featuredmedia":[{"embeddable":true,"href":"https:\/\/peter-faessler.spschweiz.ch\/index.php?rest_route=\/wp\/v2\/media\/2588"}],"wp:attachment":[{"href":"https:\/\/peter-faessler.spschweiz.ch\/index.php?rest_route=%2Fwp%2Fv2%2Fmedia&parent=4952"}],"wp:term":[{"taxonomy":"category","embeddable":true,"href":"https:\/\/peter-faessler.spschweiz.ch\/index.php?rest_route=%2Fwp%2Fv2%2Fcategories&post=4952"},{"taxonomy":"post_tag","embeddable":true,"href":"https:\/\/peter-faessler.spschweiz.ch\/index.php?rest_route=%2Fwp%2Fv2%2Ftags&post=4952"}],"curies":[{"name":"wp","href":"https:\/\/api.w.org\/{rel}","templated":true}]}}