{"id":5236,"date":"2023-02-20T12:48:18","date_gmt":"2023-02-20T11:48:18","guid":{"rendered":"https:\/\/peter-faessler.spschweiz.ch\/?p=5236"},"modified":"2023-02-20T12:48:18","modified_gmt":"2023-02-20T11:48:18","slug":"fragen-an-mich-auf-der-homepage-der-sp-kriens","status":"publish","type":"post","link":"https:\/\/peter-faessler.spschweiz.ch\/?p=5236","title":{"rendered":"Fragen an mich auf der Homepage der SP Kriens"},"content":{"rendered":"<p><em><strong>Was machst du am liebsten nach Feierabend?<br \/>\n<\/strong><\/em>Eine Runde im Quartier laufen und sp\u00e4ter in einem Buch lesen.<\/p>\n<p><em><strong>Welches Talent m\u00f6chtest du gerne?<br \/>\n<\/strong><\/em>Fremdsprachen schnell erlernen.<\/p>\n<p><em><strong>Lieblingsessen und Getr\u00e4nk?<br \/>\n<\/strong><\/em>Moules frites mit einem k\u00fchlen Glas Weisswein in der Bretagne.<\/p>\n<p><em><strong>Wie sehen f\u00fcr dich perfekte Sommerferien aus?<br \/>\n<\/strong><\/em>Mit dem Zelt auf einem kleinen Campingplatz in der N\u00e4he eines k\u00fchlen Flusses oder des Meeres.<\/p>\n<p><em><strong>Was bringt dich am Morgen in Schwung?<br \/>\n<\/strong><\/em>Ein schwarzer Kaffee aus meinem Bialetti-Kaffeekocher.<\/p>\n<p><em><strong>Was war dein 1. Job und was machst du heute?<br \/>\n<\/strong><\/em>Ich arbeitete in meinem Erstberuf als gelernter Elektriker und wechselte danach in die Entwicklung von Elektroger\u00e4ten. In einem weiteren Berufsfeld arbeitete ich mit Personen mit einer Hirnsch\u00e4digung an der beruflichen Wiedereingliederung. Meine berufliche Erfahrung stellte ich in den letzten gut 20 Jahren als Personalberater in den Dienst der beruflichen Wiedereingliederung von arbeitslosen Personen im RAV.<\/p>\n<p><em><strong>Wenn du morgen eine neue Sprache sprechen k\u00f6nntest, welche w\u00e4re es?<br \/>\n<\/strong><\/em>Franz\u00f6sisch und Englisch perfekt beherrschen.<\/p>\n<p><em><strong>Was macht dich besonders?<br \/>\n<\/strong><\/em>Jeder Mensch ist einzigartig in seinem Wesen.<\/p>\n<p><strong><em>Wie w\u00fcrdest du ein Haustier nennen und welches w\u00e4re es?<br \/>\n<\/em><\/strong>Die Spinnen in meinem Zimmer kann ich nicht auseinanderhalten und ihnen daher keinen Namen geben.<\/p>\n<p><em><strong>Singst du (Dusche) oder sonstwo?<br \/>\n<\/strong><\/em>Leider geh\u00f6rt das Singen nicht zu meinen Talenten.<\/p>\n<p><em><strong>An welchem Ort bist du am gl\u00fccklichsten?<br \/>\n<\/strong><\/em>Mit meiner Partnerin in der Natur.<\/p>\n<p><strong><em>Wie beschreibst du deine Familie?<br \/>\n<\/em><\/strong>Kunterbunt!<\/p>\n","protected":false},"excerpt":{"rendered":"<p>Was machst du am liebsten nach Feierabend? Eine Runde im Quartier laufen und sp\u00e4ter in einem Buch lesen. Welches Talent m\u00f6chtest du gerne? Fremdsprachen schnell&#8230;<\/p>\n","protected":false},"author":19,"featured_media":5234,"comment_status":"open","ping_status":"open","sticky":false,"template":"","format":"standard","meta":{"footnotes":""},"categories":[22,1,153],"tags":[16,31,7,15,159],"class_list":["post-5236","post","type-post","status-publish","format-standard","has-post-thumbnail","hentry","category-kantonsrat-luzern","category-sp-kriens","category-wahlen-kantonsrat-2023","tag-kantonsrat-kanton-luzern","tag-parlament","tag-politik","tag-sp","tag-wahlen-kantonsrat-2023"],"yoast_head":"<!-- This site is optimized with the Yoast SEO plugin v27.5 - https:\/\/yoast.com\/product\/yoast-seo-wordpress\/ -->\n<title>Fragen an mich auf der Homepage der SP Kriens - Peter F\u00e4ssler<\/title>\n<meta name=\"robots\" content=\"index, follow, max-snippet:-1, max-image-preview:large, max-video-preview:-1\" \/>\n<link rel=\"canonical\" href=\"https:\/\/peter-faessler.spschweiz.ch\/?p=5236\" \/>\n<meta property=\"og:locale\" content=\"de_DE\" \/>\n<meta property=\"og:type\" content=\"article\" \/>\n<meta property=\"og:title\" content=\"Fragen an mich auf der Homepage der SP Kriens - Peter F\u00e4ssler\" \/>\n<meta property=\"og:description\" content=\"Was machst du am liebsten nach Feierabend? Eine Runde im Quartier laufen und sp\u00e4ter in einem Buch lesen. Welches Talent m\u00f6chtest du gerne? Fremdsprachen schnell...\" \/>\n<meta property=\"og:url\" content=\"https:\/\/peter-faessler.spschweiz.ch\/?p=5236\" \/>\n<meta property=\"og:site_name\" content=\"Peter F\u00e4ssler\" \/>\n<meta property=\"article:author\" content=\"www.facebook.com\/peter.fassler.31\" \/>\n<meta property=\"article:published_time\" content=\"2023-02-20T11:48:18+00:00\" \/>\n<meta property=\"og:image\" content=\"http:\/\/peter-faessler.spschweiz.ch\/wp-content\/uploads\/sites\/15\/2023\/02\/Postkarten_Land19.jpg\" \/>\n\t<meta property=\"og:image:width\" content=\"1240\" \/>\n\t<meta property=\"og:image:height\" content=\"1748\" \/>\n\t<meta property=\"og:image:type\" content=\"image\/jpeg\" \/>\n<meta name=\"author\" content=\"Peter F\u00e4ssler\" \/>\n<meta name=\"twitter:label1\" content=\"Verfasst von\" \/>\n\t<meta name=\"twitter:data1\" content=\"Peter F\u00e4ssler\" \/>\n\t<meta name=\"twitter:label2\" content=\"Gesch\u00e4tzte Lesezeit\" \/>\n\t<meta name=\"twitter:data2\" content=\"2\u00a0Minuten\" \/>\n<script type=\"application\/ld+json\" class=\"yoast-schema-graph\">{\"@context\":\"https:\\\/\\\/schema.org\",\"@graph\":[{\"@type\":\"Article\",\"@id\":\"https:\\\/\\\/peter-faessler.spschweiz.ch\\\/?p=5236#article\",\"isPartOf\":{\"@id\":\"https:\\\/\\\/peter-faessler.spschweiz.ch\\\/?p=5236\"},\"author\":{\"name\":\"Peter F\u00e4ssler\",\"@id\":\"https:\\\/\\\/peter-faessler.spschweiz.ch\\\/#\\\/schema\\\/person\\\/7ac2f764b1930b731c670e8a2393b60e\"},\"headline\":\"Fragen an mich auf der Homepage der SP Kriens\",\"datePublished\":\"2023-02-20T11:48:18+00:00\",\"mainEntityOfPage\":{\"@id\":\"https:\\\/\\\/peter-faessler.spschweiz.ch\\\/?p=5236\"},\"wordCount\":247,\"commentCount\":0,\"image\":{\"@id\":\"https:\\\/\\\/peter-faessler.spschweiz.ch\\\/?p=5236#primaryimage\"},\"thumbnailUrl\":\"https:\\\/\\\/peter-faessler.spschweiz.ch\\\/wp-content\\\/uploads\\\/sites\\\/15\\\/2023\\\/02\\\/Postkarten_Land19.jpg\",\"keywords\":[\"Kantonsrat Kanton Luzern\",\"Parlament\",\"Politik\",\"SP\",\"Wahlen Kantonsrat 2023\"],\"articleSection\":[\"Kantonsrat Luzern\",\"SP Kriens\",\"Wahlen Kantonsrat 2023\"],\"inLanguage\":\"de\",\"potentialAction\":[{\"@type\":\"CommentAction\",\"name\":\"Comment\",\"target\":[\"https:\\\/\\\/peter-faessler.spschweiz.ch\\\/?p=5236#respond\"]}]},{\"@type\":\"WebPage\",\"@id\":\"https:\\\/\\\/peter-faessler.spschweiz.ch\\\/?p=5236\",\"url\":\"https:\\\/\\\/peter-faessler.spschweiz.ch\\\/?p=5236\",\"name\":\"Fragen an mich auf der Homepage der SP Kriens - Peter F\u00e4ssler\",\"isPartOf\":{\"@id\":\"https:\\\/\\\/peter-faessler.spschweiz.ch\\\/#website\"},\"primaryImageOfPage\":{\"@id\":\"https:\\\/\\\/peter-faessler.spschweiz.ch\\\/?p=5236#primaryimage\"},\"image\":{\"@id\":\"https:\\\/\\\/peter-faessler.spschweiz.ch\\\/?p=5236#primaryimage\"},\"thumbnailUrl\":\"https:\\\/\\\/peter-faessler.spschweiz.ch\\\/wp-content\\\/uploads\\\/sites\\\/15\\\/2023\\\/02\\\/Postkarten_Land19.jpg\",\"datePublished\":\"2023-02-20T11:48:18+00:00\",\"author\":{\"@id\":\"https:\\\/\\\/peter-faessler.spschweiz.ch\\\/#\\\/schema\\\/person\\\/7ac2f764b1930b731c670e8a2393b60e\"},\"breadcrumb\":{\"@id\":\"https:\\\/\\\/peter-faessler.spschweiz.ch\\\/?p=5236#breadcrumb\"},\"inLanguage\":\"de\",\"potentialAction\":[{\"@type\":\"ReadAction\",\"target\":[\"https:\\\/\\\/peter-faessler.spschweiz.ch\\\/?p=5236\"]}]},{\"@type\":\"ImageObject\",\"inLanguage\":\"de\",\"@id\":\"https:\\\/\\\/peter-faessler.spschweiz.ch\\\/?p=5236#primaryimage\",\"url\":\"https:\\\/\\\/peter-faessler.spschweiz.ch\\\/wp-content\\\/uploads\\\/sites\\\/15\\\/2023\\\/02\\\/Postkarten_Land19.jpg\",\"contentUrl\":\"https:\\\/\\\/peter-faessler.spschweiz.ch\\\/wp-content\\\/uploads\\\/sites\\\/15\\\/2023\\\/02\\\/Postkarten_Land19.jpg\",\"width\":1240,\"height\":1748},{\"@type\":\"BreadcrumbList\",\"@id\":\"https:\\\/\\\/peter-faessler.spschweiz.ch\\\/?p=5236#breadcrumb\",\"itemListElement\":[{\"@type\":\"ListItem\",\"position\":1,\"name\":\"Startseite\",\"item\":\"https:\\\/\\\/peter-faessler.spschweiz.ch\\\/\"},{\"@type\":\"ListItem\",\"position\":2,\"name\":\"Fragen an mich auf der Homepage der SP Kriens\"}]},{\"@type\":\"WebSite\",\"@id\":\"https:\\\/\\\/peter-faessler.spschweiz.ch\\\/#website\",\"url\":\"https:\\\/\\\/peter-faessler.spschweiz.ch\\\/\",\"name\":\"Peter F\u00e4ssler\",\"description\":\"SP Kantonsrat Kanton Luzern\",\"potentialAction\":[{\"@type\":\"SearchAction\",\"target\":{\"@type\":\"EntryPoint\",\"urlTemplate\":\"https:\\\/\\\/peter-faessler.spschweiz.ch\\\/?s={search_term_string}\"},\"query-input\":{\"@type\":\"PropertyValueSpecification\",\"valueRequired\":true,\"valueName\":\"search_term_string\"}}],\"inLanguage\":\"de\"},{\"@type\":\"Person\",\"@id\":\"https:\\\/\\\/peter-faessler.spschweiz.ch\\\/#\\\/schema\\\/person\\\/7ac2f764b1930b731c670e8a2393b60e\",\"name\":\"Peter F\u00e4ssler\",\"image\":{\"@type\":\"ImageObject\",\"inLanguage\":\"de\",\"@id\":\"https:\\\/\\\/secure.gravatar.com\\\/avatar\\\/9da8604da19b11812517d76f206166d47c5e180a26df2de36b8649168e128572?s=96&d=blank&r=g\",\"url\":\"https:\\\/\\\/secure.gravatar.com\\\/avatar\\\/9da8604da19b11812517d76f206166d47c5e180a26df2de36b8649168e128572?s=96&d=blank&r=g\",\"contentUrl\":\"https:\\\/\\\/secure.gravatar.com\\\/avatar\\\/9da8604da19b11812517d76f206166d47c5e180a26df2de36b8649168e128572?s=96&d=blank&r=g\",\"caption\":\"Peter F\u00e4ssler\"},\"description\":\"Peter F\u00e4ssler Schibiweg 7 6006 Luzern\",\"sameAs\":[\"www.facebook.com\\\/peter.fassler.31\",\"https:\\\/\\\/www.instagram.com\\\/peter.fassler.31\\\/\",\"https:\\\/\\\/www.linkedin.com\\\/in\\\/peter-fssler-2518a782\\\/\",\"https:\\\/\\\/x.com\\\/pfaessler56\"],\"url\":\"https:\\\/\\\/peter-faessler.spschweiz.ch\\\/?author=19\"}]}<\/script>\n<!-- \/ Yoast SEO plugin. -->","yoast_head_json":{"title":"Fragen an mich auf der Homepage der SP Kriens - Peter F\u00e4ssler","robots":{"index":"index","follow":"follow","max-snippet":"max-snippet:-1","max-image-preview":"max-image-preview:large","max-video-preview":"max-video-preview:-1"},"canonical":"https:\/\/peter-faessler.spschweiz.ch\/?p=5236","og_locale":"de_DE","og_type":"article","og_title":"Fragen an mich auf der Homepage der SP Kriens - Peter F\u00e4ssler","og_description":"Was machst du am liebsten nach Feierabend? Eine Runde im Quartier laufen und sp\u00e4ter in einem Buch lesen. Welches Talent m\u00f6chtest du gerne? Fremdsprachen schnell...","og_url":"https:\/\/peter-faessler.spschweiz.ch\/?p=5236","og_site_name":"Peter F\u00e4ssler","article_author":"www.facebook.com\/peter.fassler.31","article_published_time":"2023-02-20T11:48:18+00:00","og_image":[{"width":1240,"height":1748,"url":"http:\/\/peter-faessler.spschweiz.ch\/wp-content\/uploads\/sites\/15\/2023\/02\/Postkarten_Land19.jpg","type":"image\/jpeg"}],"author":"Peter F\u00e4ssler","twitter_misc":{"Verfasst von":"Peter F\u00e4ssler","Gesch\u00e4tzte Lesezeit":"2\u00a0Minuten"},"schema":{"@context":"https:\/\/schema.org","@graph":[{"@type":"Article","@id":"https:\/\/peter-faessler.spschweiz.ch\/?p=5236#article","isPartOf":{"@id":"https:\/\/peter-faessler.spschweiz.ch\/?p=5236"},"author":{"name":"Peter F\u00e4ssler","@id":"https:\/\/peter-faessler.spschweiz.ch\/#\/schema\/person\/7ac2f764b1930b731c670e8a2393b60e"},"headline":"Fragen an mich auf der Homepage der SP Kriens","datePublished":"2023-02-20T11:48:18+00:00","mainEntityOfPage":{"@id":"https:\/\/peter-faessler.spschweiz.ch\/?p=5236"},"wordCount":247,"commentCount":0,"image":{"@id":"https:\/\/peter-faessler.spschweiz.ch\/?p=5236#primaryimage"},"thumbnailUrl":"https:\/\/peter-faessler.spschweiz.ch\/wp-content\/uploads\/sites\/15\/2023\/02\/Postkarten_Land19.jpg","keywords":["Kantonsrat Kanton Luzern","Parlament","Politik","SP","Wahlen Kantonsrat 2023"],"articleSection":["Kantonsrat Luzern","SP Kriens","Wahlen Kantonsrat 2023"],"inLanguage":"de","potentialAction":[{"@type":"CommentAction","name":"Comment","target":["https:\/\/peter-faessler.spschweiz.ch\/?p=5236#respond"]}]},{"@type":"WebPage","@id":"https:\/\/peter-faessler.spschweiz.ch\/?p=5236","url":"https:\/\/peter-faessler.spschweiz.ch\/?p=5236","name":"Fragen an mich auf der Homepage der SP Kriens - Peter F\u00e4ssler","isPartOf":{"@id":"https:\/\/peter-faessler.spschweiz.ch\/#website"},"primaryImageOfPage":{"@id":"https:\/\/peter-faessler.spschweiz.ch\/?p=5236#primaryimage"},"image":{"@id":"https:\/\/peter-faessler.spschweiz.ch\/?p=5236#primaryimage"},"thumbnailUrl":"https:\/\/peter-faessler.spschweiz.ch\/wp-content\/uploads\/sites\/15\/2023\/02\/Postkarten_Land19.jpg","datePublished":"2023-02-20T11:48:18+00:00","author":{"@id":"https:\/\/peter-faessler.spschweiz.ch\/#\/schema\/person\/7ac2f764b1930b731c670e8a2393b60e"},"breadcrumb":{"@id":"https:\/\/peter-faessler.spschweiz.ch\/?p=5236#breadcrumb"},"inLanguage":"de","potentialAction":[{"@type":"ReadAction","target":["https:\/\/peter-faessler.spschweiz.ch\/?p=5236"]}]},{"@type":"ImageObject","inLanguage":"de","@id":"https:\/\/peter-faessler.spschweiz.ch\/?p=5236#primaryimage","url":"https:\/\/peter-faessler.spschweiz.ch\/wp-content\/uploads\/sites\/15\/2023\/02\/Postkarten_Land19.jpg","contentUrl":"https:\/\/peter-faessler.spschweiz.ch\/wp-content\/uploads\/sites\/15\/2023\/02\/Postkarten_Land19.jpg","width":1240,"height":1748},{"@type":"BreadcrumbList","@id":"https:\/\/peter-faessler.spschweiz.ch\/?p=5236#breadcrumb","itemListElement":[{"@type":"ListItem","position":1,"name":"Startseite","item":"https:\/\/peter-faessler.spschweiz.ch\/"},{"@type":"ListItem","position":2,"name":"Fragen an mich auf der Homepage der SP Kriens"}]},{"@type":"WebSite","@id":"https:\/\/peter-faessler.spschweiz.ch\/#website","url":"https:\/\/peter-faessler.spschweiz.ch\/","name":"Peter F\u00e4ssler","description":"SP Kantonsrat Kanton Luzern","potentialAction":[{"@type":"SearchAction","target":{"@type":"EntryPoint","urlTemplate":"https:\/\/peter-faessler.spschweiz.ch\/?s={search_term_string}"},"query-input":{"@type":"PropertyValueSpecification","valueRequired":true,"valueName":"search_term_string"}}],"inLanguage":"de"},{"@type":"Person","@id":"https:\/\/peter-faessler.spschweiz.ch\/#\/schema\/person\/7ac2f764b1930b731c670e8a2393b60e","name":"Peter F\u00e4ssler","image":{"@type":"ImageObject","inLanguage":"de","@id":"https:\/\/secure.gravatar.com\/avatar\/9da8604da19b11812517d76f206166d47c5e180a26df2de36b8649168e128572?s=96&d=blank&r=g","url":"https:\/\/secure.gravatar.com\/avatar\/9da8604da19b11812517d76f206166d47c5e180a26df2de36b8649168e128572?s=96&d=blank&r=g","contentUrl":"https:\/\/secure.gravatar.com\/avatar\/9da8604da19b11812517d76f206166d47c5e180a26df2de36b8649168e128572?s=96&d=blank&r=g","caption":"Peter F\u00e4ssler"},"description":"Peter F\u00e4ssler Schibiweg 7 6006 Luzern","sameAs":["www.facebook.com\/peter.fassler.31","https:\/\/www.instagram.com\/peter.fassler.31\/","https:\/\/www.linkedin.com\/in\/peter-fssler-2518a782\/","https:\/\/x.com\/pfaessler56"],"url":"https:\/\/peter-faessler.spschweiz.ch\/?author=19"}]}},"_links":{"self":[{"href":"https:\/\/peter-faessler.spschweiz.ch\/index.php?rest_route=\/wp\/v2\/posts\/5236","targetHints":{"allow":["GET"]}}],"collection":[{"href":"https:\/\/peter-faessler.spschweiz.ch\/index.php?rest_route=\/wp\/v2\/posts"}],"about":[{"href":"https:\/\/peter-faessler.spschweiz.ch\/index.php?rest_route=\/wp\/v2\/types\/post"}],"author":[{"embeddable":true,"href":"https:\/\/peter-faessler.spschweiz.ch\/index.php?rest_route=\/wp\/v2\/users\/19"}],"replies":[{"embeddable":true,"href":"https:\/\/peter-faessler.spschweiz.ch\/index.php?rest_route=%2Fwp%2Fv2%2Fcomments&post=5236"}],"version-history":[{"count":1,"href":"https:\/\/peter-faessler.spschweiz.ch\/index.php?rest_route=\/wp\/v2\/posts\/5236\/revisions"}],"predecessor-version":[{"id":5237,"href":"https:\/\/peter-faessler.spschweiz.ch\/index.php?rest_route=\/wp\/v2\/posts\/5236\/revisions\/5237"}],"wp:featuredmedia":[{"embeddable":true,"href":"https:\/\/peter-faessler.spschweiz.ch\/index.php?rest_route=\/wp\/v2\/media\/5234"}],"wp:attachment":[{"href":"https:\/\/peter-faessler.spschweiz.ch\/index.php?rest_route=%2Fwp%2Fv2%2Fmedia&parent=5236"}],"wp:term":[{"taxonomy":"category","embeddable":true,"href":"https:\/\/peter-faessler.spschweiz.ch\/index.php?rest_route=%2Fwp%2Fv2%2Fcategories&post=5236"},{"taxonomy":"post_tag","embeddable":true,"href":"https:\/\/peter-faessler.spschweiz.ch\/index.php?rest_route=%2Fwp%2Fv2%2Ftags&post=5236"}],"curies":[{"name":"wp","href":"https:\/\/api.w.org\/{rel}","templated":true}]}}