{"id":549,"date":"2016-12-16T18:59:11","date_gmt":"2016-12-16T17:59:11","guid":{"rendered":"http:\/\/peter-faessler.spschweiz.ch\/?p=549"},"modified":"2016-12-16T18:59:11","modified_gmt":"2016-12-16T17:59:11","slug":"rueckblick-auf-die-kantonsrat-session-vom-12-und-13-dezember-2016","status":"publish","type":"post","link":"https:\/\/peter-faessler.spschweiz.ch\/?p=549","title":{"rendered":"R\u00fcckblick auf die Kantonsrat Session vom 12. und 13. Dezember 2016"},"content":{"rendered":"<p>F\u00fcr mich war die Kantonsrat Session vom 12. und 13. Dezember eine gute Session. Gut deshalb, weil ich einige Gesch\u00e4fte vertreten und dazu Voten halten konnte. Zwei Tag im Rat zu sitzen ohne etwas zur Debatte beizutragen ist sehr m\u00fchsam und auch erm\u00fcdend. Nat\u00fcrlich heisst das, dass das Wochenende vor der Session der Politik geh\u00f6rt: Akten studieren und Voten verfassen. Meine n\u00e4chsten Angeh\u00f6rigen sind dies unterdessen so gewohnt. Ein Spaziergang in der Natur muss aber trotzdem drin liegen.<\/p>\n<p>Eine erste Debatte fand zu Beginn schon mal nicht statt. Die Anfrage zu Hundekursen wurde als nichtdringlich eingestuft und kommt erst sp\u00e4ter in den Rat. Ebenfalls keine Debatte gab es zur Anfrage \u00fcber die 3. Fahrpr\u00fcfung, die in Luzern durchgef\u00fchrt wird. Der Anfragende war mit der Antwort teilweise zufrieden und w\u00fcnschte keine Diskussion.<\/p>\n<p>Die Botschaft <a href=\"http:\/\/www.lu.ch\/kr\/parlamentsgeschaefte\/detail?ges=b6e9f5a2ff9142e887108e05ce110171&amp;back=1&amp;geschaeftsnr=b 50&amp;art=-0-1-2&amp;bart=-0-1-2-3-4&amp;vart=-0-1-2-3&amp;gart=1&amp;status=-0-1\">B 50<\/a> betreffend KESB gab in der 2. Lesung zu diskutieren. Nachtr\u00e4glich kam der Antrag hinzu, dass die KESB automatisch Zugriff auf die Sozialversicherungsnummer zur Identifikation ihres Klientel&#8217;s haben sollten. Bedenken gab es speziell von den Gr\u00fcnen wegen dem Datenschutz. In der Schlussabstimmung wurde das Gesch\u00e4ft mit 100 Ja-Stimmen zu 3 Enthaltungen genehmigt.<\/p>\n<p>Die Botschaft <a href=\"http:\/\/www.lu.ch\/kr\/parlamentsgeschaefte\/detail?ges=dab19f8c81d041dfb491305f34492f52&amp;back=1&amp;geschaeftsnr=b 54&amp;art=-0-1-2&amp;bart=-0-1-2-3-4&amp;vart=-0-1-2-3&amp;gart=1&amp;status=-0-1\">B 54<\/a> wurde hingegen in der 2. Lesung kontroverserer diskutiert. Der Rat beschloss in der 1. Lesung dem Antrag der Gerichte zu folgen, die Einzelrichter nur bei Delikten mit einem Strafmass bis zu 1 Jahr Freiheitsentzug vorsehen. Alle andern Delikte sollen weiterhin von einem Dreier-Richtergremium beurteilt werden. Die SP ist auch gegen diese Regelung. Wir m\u00f6chten weiterhin, dass auch Delikte mit dem Strafmass bis 1 Jahr von 3 Richtenden beurteilt wird. In der Schlussabstimmung unterlagen wir mit 17 Nein zu 87 Ja-Stimmen.<\/p>\n<p>Den grossen Rest der Zeit der beiden Sessionstage nahm das Konsolidierungsprogramm KP 17 (<a href=\"http:\/\/www.lu.ch\/kr\/parlamentsgeschaefte\/detail?ges=fdc8bfd3eaf742b9aa68039eba6d99ab&amp;back=1&amp;geschaeftsnr=b 55&amp;art=-0-1-2&amp;bart=-0-1-2-3-4&amp;vart=-0-1-2-3&amp;gart=1&amp;status=-0-1\">B 55<\/a>) sowie die AFP (Aufgaben- und Finanzplan 2017-2020)- und Budgetdiskussion (<a href=\"http:\/\/www.lu.ch\/kr\/parlamentsgeschaefte\/detail?ges=5af2191705c447ae917a5d3e5b32af8a&amp;back=1&amp;geschaeftsnr=b 63&amp;art=-0-1-2&amp;bart=-0-1-2-3-4&amp;vart=-0-1-2-3&amp;gart=1&amp;status=-0-1\">B 63<\/a>) ein.<\/p>\n<p>Ich vertrat bei der Botschaft B 55 (KP 17) die zustimmende Meinung beim Gesch\u00e4ft &#8222;Zusammenf\u00fchrung der Konkurs\u00e4mter&#8220;. Gegen die geballte Ablehnung von Seiten SVP und CVP hatte es diese Gesetzes\u00e4nderung schwer. Sie wurde ganz knapp mit 56 zu 54 Stimmen abgelehnt. Das G\u00e4rtchendenken hat wieder einmal gesiegt.<\/p>\n<p>Bei der Debatte zum AFP (<a href=\"http:\/\/www.lu.ch\/kr\/parlamentsgeschaefte\/detail?ges=5af2191705c447ae917a5d3e5b32af8a&amp;back=1&amp;geschaeftsnr=b 63&amp;art=-0-1-2&amp;bart=-0-1-2-3-4&amp;vart=-0-1-2-3&amp;gart=1&amp;status=-0-1\">B 63<\/a>) vertrat ich den Verzicht auf die K\u00fcrzung der Mittel im Bereich h\u00e4uslicher Gewalt. Leider erfolglos. Die Meinungen waren gemacht, das Links-Rechts-Schema bei den Abstimmungen funktionierte tadellos!<\/p>\n<p>Leider spielte dies auch in weiteren f\u00fcr uns wichtigen Bereichen. So konnten wir in den Bereichen Personal und Kultur keinen Kompromiss erreichen. Alle Sparvorlagen wurden mit der b\u00fcrgerlichen Mehrheit verabschiedet.<\/p>\n<p>Als Erfolg f\u00fcr die SP kann sicher der Kompromiss mit CVP und FDP angesehen werden, in 4 Bereichen nicht mehr Leistungen zu k\u00fcrzen. Der Kompromiss lautete wie folgt:<br \/>\n&#8211; Keine weiteren K\u00fcrzungen bei Pr\u00e4mienverbilligung<br \/>\n&#8211; Keine weiteren K\u00fcrzungen bei sozialen Einrichtungen (SEG)<br \/>\n&#8211; Keine weitere Erh\u00f6hung der Studien- und Schulgeb\u00fchren<br \/>\n&#8211; Keine weitere K\u00fcrzung der Stipendien<\/p>\n<p>Er wurde grossmehrheitlich im Rat eingehalten. Dies machte f\u00fcr uns den Weg frei f\u00fcr ein Ja zur Steuererh\u00f6hung. Ich stimmt dem allerdings nur dem Kompromiss zu liebe zu. Zwei weitere Mitglieder der Fraktion enthielten sich der Stimme, und zwei lehnten die Steuererh\u00f6hung ab. In der Schlussabstimmung wurde die Steuererh\u00f6hung dann gutgeheissen, mit Stimmen der CVP, der FDP, Gr\u00fcnen, GLP und der SP gegen die Stimmen der SVP.<\/p>\n<p>Wir machten uns f\u00fcr das obligatorische Referendum stark, damit der budgetlose Zustand nicht allzu lange dauern w\u00fcrde. Die b\u00fcrgerliche Mehrheit zog aber das fakultative Referendum vor. So hat die SVP nun 60 Tage Zeit, die geforderten 3000 Stimmen zu sammeln. Die Abstimmung \u00fcber das Budget findet deshalb erst im Mai statt. Bis dahin hat der Kanton Luzern kein Budget und kann nur das allern\u00f6tigste finanzieren.<\/p>\n<div id=\"kpm_content_wrapper\" class=\"notranslate\"><\/div>\n","protected":false},"excerpt":{"rendered":"<p>F\u00fcr mich war die Kantonsrat Session vom 12. und 13. Dezember eine gute Session. Gut deshalb, weil ich einige Gesch\u00e4fte vertreten und dazu Voten halten&#8230;<\/p>\n","protected":false},"author":19,"featured_media":0,"comment_status":"open","ping_status":"open","sticky":false,"template":"","format":"standard","meta":{"footnotes":""},"categories":[1],"tags":[],"class_list":["post-549","post","type-post","status-publish","format-standard","hentry","category-sp-kriens"],"yoast_head":"<!-- This site is optimized with the Yoast SEO plugin v27.5 - https:\/\/yoast.com\/product\/yoast-seo-wordpress\/ -->\n<title>R\u00fcckblick auf die Kantonsrat Session vom 12. und 13. Dezember 2016 - Peter F\u00e4ssler<\/title>\n<meta name=\"robots\" content=\"index, follow, max-snippet:-1, max-image-preview:large, max-video-preview:-1\" \/>\n<link rel=\"canonical\" href=\"https:\/\/peter-faessler.spschweiz.ch\/?p=549\" \/>\n<meta property=\"og:locale\" content=\"de_DE\" \/>\n<meta property=\"og:type\" content=\"article\" \/>\n<meta property=\"og:title\" content=\"R\u00fcckblick auf die Kantonsrat Session vom 12. und 13. Dezember 2016 - Peter F\u00e4ssler\" \/>\n<meta property=\"og:description\" content=\"F\u00fcr mich war die Kantonsrat Session vom 12. und 13. Dezember eine gute Session. Gut deshalb, weil ich einige Gesch\u00e4fte vertreten und dazu Voten halten...\" \/>\n<meta property=\"og:url\" content=\"https:\/\/peter-faessler.spschweiz.ch\/?p=549\" \/>\n<meta property=\"og:site_name\" content=\"Peter F\u00e4ssler\" \/>\n<meta property=\"article:author\" content=\"www.facebook.com\/peter.fassler.31\" \/>\n<meta property=\"article:published_time\" content=\"2016-12-16T17:59:11+00:00\" \/>\n<meta name=\"author\" content=\"Peter F\u00e4ssler\" \/>\n<meta name=\"twitter:label1\" content=\"Verfasst von\" \/>\n\t<meta name=\"twitter:data1\" content=\"Peter F\u00e4ssler\" \/>\n\t<meta name=\"twitter:label2\" content=\"Gesch\u00e4tzte Lesezeit\" \/>\n\t<meta name=\"twitter:data2\" content=\"3\u00a0Minuten\" \/>\n<script type=\"application\/ld+json\" class=\"yoast-schema-graph\">{\"@context\":\"https:\\\/\\\/schema.org\",\"@graph\":[{\"@type\":\"Article\",\"@id\":\"https:\\\/\\\/peter-faessler.spschweiz.ch\\\/?p=549#article\",\"isPartOf\":{\"@id\":\"https:\\\/\\\/peter-faessler.spschweiz.ch\\\/?p=549\"},\"author\":{\"name\":\"Peter F\u00e4ssler\",\"@id\":\"https:\\\/\\\/peter-faessler.spschweiz.ch\\\/#\\\/schema\\\/person\\\/7ac2f764b1930b731c670e8a2393b60e\"},\"headline\":\"R\u00fcckblick auf die Kantonsrat Session vom 12. und 13. Dezember 2016\",\"datePublished\":\"2016-12-16T17:59:11+00:00\",\"mainEntityOfPage\":{\"@id\":\"https:\\\/\\\/peter-faessler.spschweiz.ch\\\/?p=549\"},\"wordCount\":623,\"commentCount\":0,\"articleSection\":[\"SP Kriens\"],\"inLanguage\":\"de\",\"potentialAction\":[{\"@type\":\"CommentAction\",\"name\":\"Comment\",\"target\":[\"https:\\\/\\\/peter-faessler.spschweiz.ch\\\/?p=549#respond\"]}]},{\"@type\":\"WebPage\",\"@id\":\"https:\\\/\\\/peter-faessler.spschweiz.ch\\\/?p=549\",\"url\":\"https:\\\/\\\/peter-faessler.spschweiz.ch\\\/?p=549\",\"name\":\"R\u00fcckblick auf die Kantonsrat Session vom 12. und 13. Dezember 2016 - Peter F\u00e4ssler\",\"isPartOf\":{\"@id\":\"https:\\\/\\\/peter-faessler.spschweiz.ch\\\/#website\"},\"datePublished\":\"2016-12-16T17:59:11+00:00\",\"author\":{\"@id\":\"https:\\\/\\\/peter-faessler.spschweiz.ch\\\/#\\\/schema\\\/person\\\/7ac2f764b1930b731c670e8a2393b60e\"},\"breadcrumb\":{\"@id\":\"https:\\\/\\\/peter-faessler.spschweiz.ch\\\/?p=549#breadcrumb\"},\"inLanguage\":\"de\",\"potentialAction\":[{\"@type\":\"ReadAction\",\"target\":[\"https:\\\/\\\/peter-faessler.spschweiz.ch\\\/?p=549\"]}]},{\"@type\":\"BreadcrumbList\",\"@id\":\"https:\\\/\\\/peter-faessler.spschweiz.ch\\\/?p=549#breadcrumb\",\"itemListElement\":[{\"@type\":\"ListItem\",\"position\":1,\"name\":\"Startseite\",\"item\":\"https:\\\/\\\/peter-faessler.spschweiz.ch\\\/\"},{\"@type\":\"ListItem\",\"position\":2,\"name\":\"R\u00fcckblick auf die Kantonsrat Session vom 12. und 13. Dezember 2016\"}]},{\"@type\":\"WebSite\",\"@id\":\"https:\\\/\\\/peter-faessler.spschweiz.ch\\\/#website\",\"url\":\"https:\\\/\\\/peter-faessler.spschweiz.ch\\\/\",\"name\":\"Peter F\u00e4ssler\",\"description\":\"SP Kantonsrat Kanton Luzern\",\"potentialAction\":[{\"@type\":\"SearchAction\",\"target\":{\"@type\":\"EntryPoint\",\"urlTemplate\":\"https:\\\/\\\/peter-faessler.spschweiz.ch\\\/?s={search_term_string}\"},\"query-input\":{\"@type\":\"PropertyValueSpecification\",\"valueRequired\":true,\"valueName\":\"search_term_string\"}}],\"inLanguage\":\"de\"},{\"@type\":\"Person\",\"@id\":\"https:\\\/\\\/peter-faessler.spschweiz.ch\\\/#\\\/schema\\\/person\\\/7ac2f764b1930b731c670e8a2393b60e\",\"name\":\"Peter F\u00e4ssler\",\"image\":{\"@type\":\"ImageObject\",\"inLanguage\":\"de\",\"@id\":\"https:\\\/\\\/secure.gravatar.com\\\/avatar\\\/9da8604da19b11812517d76f206166d47c5e180a26df2de36b8649168e128572?s=96&d=blank&r=g\",\"url\":\"https:\\\/\\\/secure.gravatar.com\\\/avatar\\\/9da8604da19b11812517d76f206166d47c5e180a26df2de36b8649168e128572?s=96&d=blank&r=g\",\"contentUrl\":\"https:\\\/\\\/secure.gravatar.com\\\/avatar\\\/9da8604da19b11812517d76f206166d47c5e180a26df2de36b8649168e128572?s=96&d=blank&r=g\",\"caption\":\"Peter F\u00e4ssler\"},\"description\":\"Peter F\u00e4ssler Schibiweg 7 6006 Luzern\",\"sameAs\":[\"www.facebook.com\\\/peter.fassler.31\",\"https:\\\/\\\/www.instagram.com\\\/peter.fassler.31\\\/\",\"https:\\\/\\\/www.linkedin.com\\\/in\\\/peter-fssler-2518a782\\\/\",\"https:\\\/\\\/x.com\\\/pfaessler56\"],\"url\":\"https:\\\/\\\/peter-faessler.spschweiz.ch\\\/?author=19\"}]}<\/script>\n<!-- \/ Yoast SEO plugin. -->","yoast_head_json":{"title":"R\u00fcckblick auf die Kantonsrat Session vom 12. und 13. Dezember 2016 - Peter F\u00e4ssler","robots":{"index":"index","follow":"follow","max-snippet":"max-snippet:-1","max-image-preview":"max-image-preview:large","max-video-preview":"max-video-preview:-1"},"canonical":"https:\/\/peter-faessler.spschweiz.ch\/?p=549","og_locale":"de_DE","og_type":"article","og_title":"R\u00fcckblick auf die Kantonsrat Session vom 12. und 13. Dezember 2016 - Peter F\u00e4ssler","og_description":"F\u00fcr mich war die Kantonsrat Session vom 12. und 13. Dezember eine gute Session. Gut deshalb, weil ich einige Gesch\u00e4fte vertreten und dazu Voten halten...","og_url":"https:\/\/peter-faessler.spschweiz.ch\/?p=549","og_site_name":"Peter F\u00e4ssler","article_author":"www.facebook.com\/peter.fassler.31","article_published_time":"2016-12-16T17:59:11+00:00","author":"Peter F\u00e4ssler","twitter_misc":{"Verfasst von":"Peter F\u00e4ssler","Gesch\u00e4tzte Lesezeit":"3\u00a0Minuten"},"schema":{"@context":"https:\/\/schema.org","@graph":[{"@type":"Article","@id":"https:\/\/peter-faessler.spschweiz.ch\/?p=549#article","isPartOf":{"@id":"https:\/\/peter-faessler.spschweiz.ch\/?p=549"},"author":{"name":"Peter F\u00e4ssler","@id":"https:\/\/peter-faessler.spschweiz.ch\/#\/schema\/person\/7ac2f764b1930b731c670e8a2393b60e"},"headline":"R\u00fcckblick auf die Kantonsrat Session vom 12. und 13. Dezember 2016","datePublished":"2016-12-16T17:59:11+00:00","mainEntityOfPage":{"@id":"https:\/\/peter-faessler.spschweiz.ch\/?p=549"},"wordCount":623,"commentCount":0,"articleSection":["SP Kriens"],"inLanguage":"de","potentialAction":[{"@type":"CommentAction","name":"Comment","target":["https:\/\/peter-faessler.spschweiz.ch\/?p=549#respond"]}]},{"@type":"WebPage","@id":"https:\/\/peter-faessler.spschweiz.ch\/?p=549","url":"https:\/\/peter-faessler.spschweiz.ch\/?p=549","name":"R\u00fcckblick auf die Kantonsrat Session vom 12. und 13. Dezember 2016 - Peter F\u00e4ssler","isPartOf":{"@id":"https:\/\/peter-faessler.spschweiz.ch\/#website"},"datePublished":"2016-12-16T17:59:11+00:00","author":{"@id":"https:\/\/peter-faessler.spschweiz.ch\/#\/schema\/person\/7ac2f764b1930b731c670e8a2393b60e"},"breadcrumb":{"@id":"https:\/\/peter-faessler.spschweiz.ch\/?p=549#breadcrumb"},"inLanguage":"de","potentialAction":[{"@type":"ReadAction","target":["https:\/\/peter-faessler.spschweiz.ch\/?p=549"]}]},{"@type":"BreadcrumbList","@id":"https:\/\/peter-faessler.spschweiz.ch\/?p=549#breadcrumb","itemListElement":[{"@type":"ListItem","position":1,"name":"Startseite","item":"https:\/\/peter-faessler.spschweiz.ch\/"},{"@type":"ListItem","position":2,"name":"R\u00fcckblick auf die Kantonsrat Session vom 12. und 13. Dezember 2016"}]},{"@type":"WebSite","@id":"https:\/\/peter-faessler.spschweiz.ch\/#website","url":"https:\/\/peter-faessler.spschweiz.ch\/","name":"Peter F\u00e4ssler","description":"SP Kantonsrat Kanton Luzern","potentialAction":[{"@type":"SearchAction","target":{"@type":"EntryPoint","urlTemplate":"https:\/\/peter-faessler.spschweiz.ch\/?s={search_term_string}"},"query-input":{"@type":"PropertyValueSpecification","valueRequired":true,"valueName":"search_term_string"}}],"inLanguage":"de"},{"@type":"Person","@id":"https:\/\/peter-faessler.spschweiz.ch\/#\/schema\/person\/7ac2f764b1930b731c670e8a2393b60e","name":"Peter F\u00e4ssler","image":{"@type":"ImageObject","inLanguage":"de","@id":"https:\/\/secure.gravatar.com\/avatar\/9da8604da19b11812517d76f206166d47c5e180a26df2de36b8649168e128572?s=96&d=blank&r=g","url":"https:\/\/secure.gravatar.com\/avatar\/9da8604da19b11812517d76f206166d47c5e180a26df2de36b8649168e128572?s=96&d=blank&r=g","contentUrl":"https:\/\/secure.gravatar.com\/avatar\/9da8604da19b11812517d76f206166d47c5e180a26df2de36b8649168e128572?s=96&d=blank&r=g","caption":"Peter F\u00e4ssler"},"description":"Peter F\u00e4ssler Schibiweg 7 6006 Luzern","sameAs":["www.facebook.com\/peter.fassler.31","https:\/\/www.instagram.com\/peter.fassler.31\/","https:\/\/www.linkedin.com\/in\/peter-fssler-2518a782\/","https:\/\/x.com\/pfaessler56"],"url":"https:\/\/peter-faessler.spschweiz.ch\/?author=19"}]}},"_links":{"self":[{"href":"https:\/\/peter-faessler.spschweiz.ch\/index.php?rest_route=\/wp\/v2\/posts\/549","targetHints":{"allow":["GET"]}}],"collection":[{"href":"https:\/\/peter-faessler.spschweiz.ch\/index.php?rest_route=\/wp\/v2\/posts"}],"about":[{"href":"https:\/\/peter-faessler.spschweiz.ch\/index.php?rest_route=\/wp\/v2\/types\/post"}],"author":[{"embeddable":true,"href":"https:\/\/peter-faessler.spschweiz.ch\/index.php?rest_route=\/wp\/v2\/users\/19"}],"replies":[{"embeddable":true,"href":"https:\/\/peter-faessler.spschweiz.ch\/index.php?rest_route=%2Fwp%2Fv2%2Fcomments&post=549"}],"version-history":[{"count":1,"href":"https:\/\/peter-faessler.spschweiz.ch\/index.php?rest_route=\/wp\/v2\/posts\/549\/revisions"}],"predecessor-version":[{"id":550,"href":"https:\/\/peter-faessler.spschweiz.ch\/index.php?rest_route=\/wp\/v2\/posts\/549\/revisions\/550"}],"wp:attachment":[{"href":"https:\/\/peter-faessler.spschweiz.ch\/index.php?rest_route=%2Fwp%2Fv2%2Fmedia&parent=549"}],"wp:term":[{"taxonomy":"category","embeddable":true,"href":"https:\/\/peter-faessler.spschweiz.ch\/index.php?rest_route=%2Fwp%2Fv2%2Fcategories&post=549"},{"taxonomy":"post_tag","embeddable":true,"href":"https:\/\/peter-faessler.spschweiz.ch\/index.php?rest_route=%2Fwp%2Fv2%2Ftags&post=549"}],"curies":[{"name":"wp","href":"https:\/\/api.w.org\/{rel}","templated":true}]}}