{"id":5635,"date":"2024-03-20T16:18:26","date_gmt":"2024-03-20T15:18:26","guid":{"rendered":"https:\/\/peter-faessler.spschweiz.ch\/?p=5635"},"modified":"2024-03-20T16:18:26","modified_gmt":"2024-03-20T15:18:26","slug":"maerzsession-des-kantonsrats-luzern-vom-18-19-und-25-maerz-2024-2-tag-19-maerz-2024","status":"publish","type":"post","link":"https:\/\/peter-faessler.spschweiz.ch\/?p=5635","title":{"rendered":"M\u00e4rzsession des Kantonsrats Luzern vom 18., 19. und 25. M\u00e4rz 2024: 2. Tag 19. M\u00e4rz 2024"},"content":{"rendered":"<p>Der Luzerner Kantonsrat trifft sich zur M\u00e4rz-Session im Regierungsgeb\u00e4ude in Luzern. Es sind 3 Sessionstage vorgesehen, die wir vermutlich auch brauchen.\u00a0 Allerdings habe ich mich get\u00e4uscht mit meiner Vorhersage. Da am Ende dieses Tages nur noch 8 Vorst\u00f6sse unbehandelt waren, wurde der Montag als Sessiostag gestrichen.Hier der Link zum <a href=\"https:\/\/www.lu.ch\/kr\/mitglieder_und_organe\/sitzordnung\" target=\"_blank\" rel=\"noopener\">Sitzplan<\/a> im Kantonsrat sowie der Link zur <a href=\"https:\/\/www.lu.ch\/kr\/Sessionen\/sessionsdaten_2024\/detail?guid=aad0de2810ce4811b32943b21ffe0929&amp;cal=AE2C4F5C48D0479AA29D298BBCBE9177\">Traktandenliste<\/a>\u00a0 und den <a href=\"https:\/\/www.lu.ch\/kr\/Sessionen\/videoaufnahmen?keyword=Session&amp;sessionoverview=true\" target=\"_blank\" rel=\"noopener\">Videoaufnahmen<\/a>.<\/p>\n<h2>Kurzprotokoll Session vom 18.\/19. und 25. M\u00e4rz 2024, Stand 19. M\u00e4rz 2024<\/h2>\n<h3>Traktanden<\/h3>\n<h4>Sachgesch\u00e4fte und dazugeh\u00f6rende parlamentarische Vorst\u00f6sse<\/h4>\n<ol start=\"10\">\n<li>\n<div id=\"attachment_3543\" style=\"width: 286px\" class=\"wp-caption alignright\"><img loading=\"lazy\" decoding=\"async\" aria-describedby=\"caption-attachment-3543\" class=\"size-full wp-image-3543\" src=\"http:\/\/peter-faessler.spschweiz.ch\/wp-content\/uploads\/sites\/15\/2020\/11\/Weiterbildung-Aerzte.jpg\" alt=\"\" width=\"276\" height=\"182\" srcset=\"https:\/\/peter-faessler.spschweiz.ch\/wp-content\/uploads\/sites\/15\/2020\/11\/Weiterbildung-Aerzte.jpg 276w, https:\/\/peter-faessler.spschweiz.ch\/wp-content\/uploads\/sites\/15\/2020\/11\/Weiterbildung-Aerzte-150x99.jpg 150w\" sizes=\"auto, (max-width: 276px) 100vw, 276px\" \/><p id=\"caption-attachment-3543\" class=\"wp-caption-text\">Bild: LUKS<\/p><\/div>\n<p><strong>E 1036 Einzelinitiativen \u00fcber die Grund- und Notfallversorgung an den Spitalstandorten<\/strong> \/ Kommission Gesundheit, Arbeit und soziale Sicherheit<br \/>\n1. Beratung<br \/>\nBeschluss Kantonsrat: Zustimmung<\/li>\n<li><strong>E 1038 Einzelinitiativen \u00fcber die Grund- und Notfallversorgung an den Spitalstandorten<\/strong> \/ Kommission Gesundheit, Arbeit und soziale Sicherheit<br \/>\n1. Beratung<br \/>\nBeschluss Kantonsrat: Zustimmung<\/li>\n<li><strong>E 1039 Einzelinitiativen \u00fcber die Grund- und Notfallversorgung an den Spitalstandorten<\/strong> \/ Kommission Gesundheit, Arbeit und soziale Sicherheit<br \/>\n1. Beratung<br \/>\nBeschluss Kantonsrat: Zustimmung<\/li>\n<li><strong>E 1040 Einzelinitiativen \u00fcber die Grund- und Notfallversorgung an den Spitalstandorten<\/strong> \/ Kommission Gesundheit, Arbeit und soziale Sicherheit<br \/>\n1. Beratung<br \/>\nBeschluss Kantonsrat: Zustimmung<\/li>\n<li><strong>E 1042 Einzelinitiativen \u00fcber die Grund- und Notfallversorgung an den Spitalstandorten<\/strong> \/ Kommission Gesundheit, Arbeit und soziale Sicherheit<br \/>\n1. Beratung<br \/>\nBeschluss Kantonsrat: Zustimmung<\/li>\n<li><strong>B 14 Wirkungen und Zielerreichung der Aufgaben- und Finanzreform 18 (Wirkungsbericht AFR18); Entwurf Kantonsratsbeschluss \u00fcber die Kenntnisnahme<\/strong> \/ Finanzdepartement<br \/>\nKommission Wirtschaft und Abgaben<br \/>\nBeschluss Kantonsrat: Zustimmung<\/li>\n<li><strong>B 11 Abrechnung \u00fcber den Sonderkredit f\u00fcr die Abl\u00f6sung der traditionellen Telefonie durch eine UCC-L\u00f6sung; Entwurf Kantonsratsbeschluss \u00fcber die Genehmigung<\/strong> \/ Finanzdepartement<br \/>\nStaatspolitische Kommission<br \/>\nBeschluss Kantonsrat: Zustimmung<\/li>\n<\/ol>\n<h4>Wahlen<\/h4>\n<ol start=\"21\">\n<li>Wahl einer Staatsanw\u00e4ltin \/ eines Staatsanwalts f\u00fcr den Rest der Amtsdauer 2023\u20132026 (Nachfolge Christoph Ritzmann, SVP)<br \/>\nGew\u00e4hlt ist: Michelle Kuoni, Luzern, SVP<\/li>\n<li>Wahl des Pr\u00e4sidiums der Sch\u00e4tzungskommission nach Enteignungsgesetz f\u00fcr den Rest der Amtsdauer 2023\u20132026 (Nachfolge Andr\u00e9 Zumthurm)<br \/>\nGew\u00e4hlt ist: Jonas Rohrer, Luzern, Gr\u00fcne<\/li>\n<li>Wahl des Vizepr\u00e4sidiums der Sch\u00e4tzungskommission nach Enteignungsgesetz f\u00fcr den Rest der Amtsdauer 2023\u20132026 (Nachfolge Edith Burri)<br \/>\nGew\u00e4hlt ist: Matthias Retsch, Rothenburg, SP<\/li>\n<li>Wahl zweier Ersatzrichterinnen \/ Ersatzrichter am Kantonsgericht Luzern f\u00fcr den Rest der Amtsdauer 2021\u20132025<br \/>\nGew\u00e4hlt sind: Susanne Litschi, Kriens, SVP<br \/>\nFlorian Marfurt, Luzern, SVP<\/li>\n<li>Wahl einer ausserordentlichen Ersatzrichterin \/ eines ausserordentlichen Ersatzrichters am Kantonsgericht Luzern f\u00fcr den Rest der Amtsdauer 2021\u20132025<br \/>\nGew\u00e4hlt ist: Kurt Weingand, Kriens, SP<\/li>\n<\/ol>\n<h4>Parlamentarische Vorst\u00f6sse<\/h4>\n<ol start=\"26\">\n<li><strong>P 110 Postulat Schumacher Urs Christian und Mit. \u00fcber ein mRNA-Impfmoratorium im Kanton Luzern<\/strong> \/ Gesundheits- und Sozialdepartement<br \/>\nAntrag Regierungsrat: Ablehnung<br \/>\nBeschluss Kantonsrat: Ablehnung<\/li>\n<li><strong><img loading=\"lazy\" decoding=\"async\" class=\"size-medium wp-image-3438 alignright\" src=\"http:\/\/peter-faessler.spschweiz.ch\/wp-content\/uploads\/sites\/15\/2020\/10\/Geld-142x300.jpg\" alt=\"\" width=\"142\" height=\"300\" srcset=\"https:\/\/peter-faessler.spschweiz.ch\/wp-content\/uploads\/sites\/15\/2020\/10\/Geld-142x300.jpg 142w, https:\/\/peter-faessler.spschweiz.ch\/wp-content\/uploads\/sites\/15\/2020\/10\/Geld-485x1024.jpg 485w, https:\/\/peter-faessler.spschweiz.ch\/wp-content\/uploads\/sites\/15\/2020\/10\/Geld-71x150.jpg 71w, https:\/\/peter-faessler.spschweiz.ch\/wp-content\/uploads\/sites\/15\/2020\/10\/Geld-768x1623.jpg 768w, https:\/\/peter-faessler.spschweiz.ch\/wp-content\/uploads\/sites\/15\/2020\/10\/Geld-727x1536.jpg 727w, https:\/\/peter-faessler.spschweiz.ch\/wp-content\/uploads\/sites\/15\/2020\/10\/Geld-969x2048.jpg 969w, https:\/\/peter-faessler.spschweiz.ch\/wp-content\/uploads\/sites\/15\/2020\/10\/Geld-scaled.jpg 1211w\" sizes=\"auto, (max-width: 142px) 100vw, 142px\" \/>A 39 Anfrage Sch\u00e4rli Stephan und Mit. \u00fcber Eidgen\u00f6ssisches Parlament will Pr\u00e4mienzahlende entlasten: Was hat das f\u00fcr Folgen f\u00fcr den Kanton Luzern?<\/strong> \/ Gesundheits- und Sozialdepartement<br \/>\nDie Anfrage wurde vom Regierungsrat schriftlich beantwortet. Der Anfragende ist mit der Antwort zufrieden. Keine Diskussion.<\/li>\n<li><strong>A 40 Anfrage Roth David und Mit. \u00fcber die Entwicklung der individuellen Pr\u00e4mienverbilligung im Kanton Luzern und die Auswirkungen des Entscheides des Bundesparlaments<\/strong> \/ Gesundheits- und Sozialdepartement<br \/>\nDie Anfrage wurde vom Regierungsrat schriftlich beantwortet. Der<br \/>\nAnfragende ist mit der Antwort teilweise zufrieden. Diskussion.<\/li>\n<li><strong>A 25 Anfrage R\u00fcttimann Daniel und Mit. \u00fcber die zunehmende Verschiebungvon station\u00e4ren Spitalleistungen in die ambulanten Bereiche und \u00fcber deren Auswirkungen<\/strong> \/ Gesundheits- und Sozialdepartement<br \/>\nDie Anfrage wurde vom Regierungsrat schriftlich beantwortet. Der Anfragende ist mit der Antwort teilweise zufrieden. Diskussion.<\/li>\n<\/ol>\n<ol start=\"30\">\n<li><strong>P 83 Postulat Koch Hannes und Mit. \u00fcber die Pr\u00fcfung der Empfehlungen 1 und 3 aus der Evaluation der KLV-Regelung \u00abAmbulant vor Station\u00e4r\u00bb im Rahmen der Erarbeitung des Planungsberichtes Gesundheitsversorgung<\/strong> \/ Gesundheits- und Sozialdepartement Antrag Regierungsrat: Erheblicherkl\u00e4rung<br \/>\nBeschluss Kantonsrat: Erheblicherkl\u00e4rung<\/li>\n<li><strong>P 84 Postulat Koch Hannes und Mit. \u00fcber die Pr\u00fcfung der Regulierungen in Bezug auf den Personentransportanbieter Uber<\/strong> \/ Gesundheits- und Sozialdepartement<br \/>\nAntrag Regierungsrat: Erheblicherkl\u00e4rung<br \/>\nBeschluss Kantonsrat: Erheblicherkl\u00e4rung<\/li>\n<li><strong><img loading=\"lazy\" decoding=\"async\" class=\"size-medium wp-image-5655 alignright\" src=\"http:\/\/peter-faessler.spschweiz.ch\/wp-content\/uploads\/sites\/15\/2024\/03\/PLPF0040-300x240.jpg\" alt=\"\" width=\"300\" height=\"240\" srcset=\"https:\/\/peter-faessler.spschweiz.ch\/wp-content\/uploads\/sites\/15\/2024\/03\/PLPF0040-300x240.jpg 300w, https:\/\/peter-faessler.spschweiz.ch\/wp-content\/uploads\/sites\/15\/2024\/03\/PLPF0040-1024x819.jpg 1024w, https:\/\/peter-faessler.spschweiz.ch\/wp-content\/uploads\/sites\/15\/2024\/03\/PLPF0040-150x120.jpg 150w, https:\/\/peter-faessler.spschweiz.ch\/wp-content\/uploads\/sites\/15\/2024\/03\/PLPF0040-768x614.jpg 768w, https:\/\/peter-faessler.spschweiz.ch\/wp-content\/uploads\/sites\/15\/2024\/03\/PLPF0040.jpg 1200w\" sizes=\"auto, (max-width: 300px) 100vw, 300px\" \/>A 89 Anfrage Sager Urban und Mit. \u00fcber die Qualit\u00e4t der fr\u00fchkindlichen Bildung, Betreuung und Erziehung im Kanton Luzern<\/strong> \/ Gesundheits- und Sozialdepartement i. V. mit Bildungs- und Kulturdepartement<br \/>\nDie Anfrage wurde vom Regierungsrat schriftlich beantwortet. Der Anfragende ist mit der Antwort nicht zufrieden. Diskussion.<\/li>\n<\/ol>\n<ol start=\"33\">\n<li><strong>A 46 Anfrage Pilotto Maria und Mit. \u00fcber die Wirkung der Finanzhilfen f\u00fcr familienerg\u00e4nzende Kinderbetreuung im Kanton Luzern<\/strong> \/ Gesundheitsund Sozialdepartement<br \/>\nDie Anfrage wurde vom Regierungsrat schriftlich beantwortet. Die Anfragende ist mit der Antwort teilweise zufrieden. Diskussion.<\/li>\n<li><strong>A 45 Anfrage Hodel Thomas Alois und Mit. \u00fcber die Risiken bei Br\u00e4nden von Photovoltaikanlagen<\/strong> \/ Bau-, Umwelt- und Wirtschaftsdepartement i. V. mit Justiz- und Sicherheitsdepartement<br \/>\nDie Anfrage wurde vom Regierungsrat schriftlich beantwortet. Der Anfragende ist mit der Antwort teilweise zufrieden. Diskussion.<\/li>\n<li><strong>A 27 Anfrage Zemp Gaudenz und Mit. \u00fcber die Wettbewerbsf\u00e4higkeit des Kantons Luzern<\/strong> \/ Bau-, Umwelt- und Wirtschaftsdepartement i. V. mit Finanzdepartement<br \/>\nDie Anfrage wurde vom Regierungsrat schriftlich beantwortet. Der Anfragende ist mit der Antwort teilweise zufrieden. Keine Diskussion.<\/li>\n<li><strong>P 41 Postulat Amrein Ruedi und Mit. \u00fcber die Pr\u00fcfung von Massnahmen zur Reduktion des Wilddruckes zum Schutze einer nachhaltigen Waldentwicklung<\/strong> \/ Zuweisung pendent<br \/>\nAntrag Regierungsrat: Erheblicherkl\u00e4rung<br \/>\nBeschluss Kantonsrat: Ablehnung<\/li>\n<li><strong>A 74 Anfrage Roos Guido und Mit. \u00fcber die Umsetzung des Waldgesetzes im Kanton Luzern<\/strong> \/ Bau-, Umwelt- und Wirtschaftsdepartement<br \/>\nDie Anfrage wurde vom Regierungsrat schriftlich beantwortet. Der Anfragende ist mit der Antwort teilweise zufrieden. Diskussion.<\/li>\n<li>\n<div id=\"attachment_5625\" style=\"width: 310px\" class=\"wp-caption alignright\"><img loading=\"lazy\" decoding=\"async\" aria-describedby=\"caption-attachment-5625\" class=\"size-medium wp-image-5625\" src=\"http:\/\/peter-faessler.spschweiz.ch\/wp-content\/uploads\/sites\/15\/2024\/01\/Autobahn_Bypass_Verkehr1-300x225.jpeg\" alt=\"\" width=\"300\" height=\"225\" srcset=\"https:\/\/peter-faessler.spschweiz.ch\/wp-content\/uploads\/sites\/15\/2024\/01\/Autobahn_Bypass_Verkehr1-300x225.jpeg 300w, https:\/\/peter-faessler.spschweiz.ch\/wp-content\/uploads\/sites\/15\/2024\/01\/Autobahn_Bypass_Verkehr1-1024x768.jpeg 1024w, https:\/\/peter-faessler.spschweiz.ch\/wp-content\/uploads\/sites\/15\/2024\/01\/Autobahn_Bypass_Verkehr1-150x113.jpeg 150w, https:\/\/peter-faessler.spschweiz.ch\/wp-content\/uploads\/sites\/15\/2024\/01\/Autobahn_Bypass_Verkehr1-768x576.jpeg 768w, https:\/\/peter-faessler.spschweiz.ch\/wp-content\/uploads\/sites\/15\/2024\/01\/Autobahn_Bypass_Verkehr1-1536x1152.jpeg 1536w, https:\/\/peter-faessler.spschweiz.ch\/wp-content\/uploads\/sites\/15\/2024\/01\/Autobahn_Bypass_Verkehr1-2048x1536.jpeg 2048w\" sizes=\"auto, (max-width: 300px) 100vw, 300px\" \/><p id=\"caption-attachment-5625\" class=\"wp-caption-text\">Bild: https:\/\/ueberdeckung-a2-luzernsued.lu.ch\/<\/p><\/div>\n<p><strong>A 93 Anfrage Albrecht Mich\u00e8le und Mit. \u00fcber den Stand der Dinge beim Bypass-Projekt im Abschnitt zwischen Sonnenberg- und Schlundtunnel<\/strong> \/ Bau-, Umwelt- und Wirtschaftsdepartement<br \/>\nDie Anfrage wurde vom Regierungsrat schriftlich beantwortet. Die Anfragende ist mit der Antwort teilweise zufrieden. Diskussion.<\/li>\n<li><strong>A 81 Anfrage Schumacher Urs Christian und Mit. \u00fcber die Kl\u00e4rung der demokratischen Legitimation und der gesellschaftlichen und wirtschaftlichen Chancen und Risiken der Agenda 2030 im Kanton Luzern<\/strong> \/ Staatskanzlei<br \/>\nDie Anfrage wurde vom Regierungsrat schriftlich beantwortet. Der Anfragende ist mit der Antwort nicht zufrieden. Diskussion.<\/li>\n<\/ol>\n<h4>Dringliche Vorst\u00f6sse<\/h4>\n<ol start=\"53\">\n<li><strong>A 156 Anfrage Schaller Riccarda und Mit. \u00fcber die Kostenfolgen und die Notwendigkeit eines obligatorischen Finanzreferendums bei der Spitalgesetzrevision<\/strong> (Einzelinitiativen) \/ Gesundheits- und Sozialdepartement<br \/>\nDie Anfrage wurde vom Regierungsrat schriftlich beantwortet. Die Anfragende ist mit der Antwort teilweise zufrieden. Keine Diskussion.<\/li>\n<li><strong>P 158 Postulat Nussbaum Adrian namens der Mitte-Fraktion, L\u00fcthold Angela namens der SVP-Fraktion und Dubach Georg namens der FDP-Fraktion \u00fcber die kantonale L\u00f6sung bez\u00fcglich der bedingten Gewinnbeteiligung bei H\u00e4rtefallgeldern<\/strong> \/ Bau-, Umwelt- und Wirtschaftsdepartement i. V. mit Finanzdepartement<br \/>\nAntrag Regierungsrat: Erheblicherkl\u00e4rung<br \/>\nBeschluss Kantonsrat: Erheblicherkl\u00e4rung<\/li>\n<li><strong>P 161 Postulat Steiner Bernhard und Mit. \u00fcber die definitive Ausstattung der interdisziplin\u00e4ren Notfall- und Intensivpflegestation am LUKS-Standort Wolhusen<\/strong> \/ Gesundheits- und Sozialdepartement<br \/>\nAntrag Regierungsrat: Teilweise Erheblicherkl\u00e4rung<br \/>\nBeschluss Kantonsrat: Teilweise Erheblicherkl\u00e4rung<\/li>\n<li><strong>A 162 Anfrage Pardini Gianluca und Mit. \u00fcber die R\u00fcckforderungspraxis von Covid-19-H\u00e4rtefallhilfen<\/strong> \/ Bau-, Umwelt- und Wirtschaftsdepartement i. V. mit Finanzdepartement<br \/>\nDie Anfrage wurde vom Regierungsrat schriftlich beantwortet. Der Anfragende ist mit der Antwort teilweise zufrieden. Diskussion.<\/li>\n<\/ol>\n","protected":false},"excerpt":{"rendered":"<p>Der Luzerner Kantonsrat trifft sich zur M\u00e4rz-Session im Regierungsgeb\u00e4ude in Luzern. Es sind 3 Sessionstage vorgesehen, die wir vermutlich auch brauchen.\u00a0 Allerdings habe ich mich&#8230;<\/p>\n","protected":false},"author":19,"featured_media":0,"comment_status":"open","ping_status":"open","sticky":false,"template":"","format":"standard","meta":{"footnotes":""},"categories":[126,22,23,30,21,25,127,128,1,27],"tags":[8,9,16,19,26,31,7,10,15,28],"class_list":["post-5635","post","type-post","status-publish","format-standard","hentry","category-bypass","category-kantonsrat-luzern","category-kantonsratsession","category-parlament","category-politik","category-session-kantonsrat-luzern","category-sp-kanton-luzern","category-sp-kantonsratsfraktion","category-sp-kriens","category-vorstoss-kantonsrat","tag-kanton-luzern","tag-kantonsrat","tag-kantonsrat-kanton-luzern","tag-kantonsrat-luzern","tag-kantonsratssession","tag-parlament","tag-politik","tag-session","tag-sp","tag-vorstoss-kantonsrat"],"yoast_head":"<!-- This site is optimized with the Yoast SEO plugin v27.5 - https:\/\/yoast.com\/product\/yoast-seo-wordpress\/ -->\n<title>M\u00e4rzsession des Kantonsrats Luzern vom 18., 19. und 25. M\u00e4rz 2024: 2. Tag 19. M\u00e4rz 2024 - Peter F\u00e4ssler<\/title>\n<meta name=\"robots\" content=\"index, follow, max-snippet:-1, max-image-preview:large, max-video-preview:-1\" \/>\n<link rel=\"canonical\" href=\"https:\/\/peter-faessler.spschweiz.ch\/?p=5635\" \/>\n<meta property=\"og:locale\" content=\"de_DE\" \/>\n<meta property=\"og:type\" content=\"article\" \/>\n<meta property=\"og:title\" content=\"M\u00e4rzsession des Kantonsrats Luzern vom 18., 19. und 25. M\u00e4rz 2024: 2. Tag 19. M\u00e4rz 2024 - Peter F\u00e4ssler\" \/>\n<meta property=\"og:description\" content=\"Der Luzerner Kantonsrat trifft sich zur M\u00e4rz-Session im Regierungsgeb\u00e4ude in Luzern. Es sind 3 Sessionstage vorgesehen, die wir vermutlich auch brauchen.\u00a0 Allerdings habe ich mich...\" \/>\n<meta property=\"og:url\" content=\"https:\/\/peter-faessler.spschweiz.ch\/?p=5635\" \/>\n<meta property=\"og:site_name\" content=\"Peter F\u00e4ssler\" \/>\n<meta property=\"article:author\" content=\"www.facebook.com\/peter.fassler.31\" \/>\n<meta property=\"article:published_time\" content=\"2024-03-20T15:18:26+00:00\" \/>\n<meta property=\"og:image\" content=\"http:\/\/peter-faessler.spschweiz.ch\/wp-content\/uploads\/sites\/15\/2020\/11\/Weiterbildung-Aerzte.jpg\" \/>\n<meta name=\"author\" content=\"Peter F\u00e4ssler\" \/>\n<meta name=\"twitter:label1\" content=\"Verfasst von\" \/>\n\t<meta name=\"twitter:data1\" content=\"Peter F\u00e4ssler\" \/>\n\t<meta name=\"twitter:label2\" content=\"Gesch\u00e4tzte Lesezeit\" \/>\n\t<meta name=\"twitter:data2\" content=\"7\u00a0Minuten\" \/>\n<script type=\"application\/ld+json\" class=\"yoast-schema-graph\">{\"@context\":\"https:\\\/\\\/schema.org\",\"@graph\":[{\"@type\":\"Article\",\"@id\":\"https:\\\/\\\/peter-faessler.spschweiz.ch\\\/?p=5635#article\",\"isPartOf\":{\"@id\":\"https:\\\/\\\/peter-faessler.spschweiz.ch\\\/?p=5635\"},\"author\":{\"name\":\"Peter F\u00e4ssler\",\"@id\":\"https:\\\/\\\/peter-faessler.spschweiz.ch\\\/#\\\/schema\\\/person\\\/7ac2f764b1930b731c670e8a2393b60e\"},\"headline\":\"M\u00e4rzsession des Kantonsrats Luzern vom 18., 19. und 25. M\u00e4rz 2024: 2. Tag 19. M\u00e4rz 2024\",\"datePublished\":\"2024-03-20T15:18:26+00:00\",\"mainEntityOfPage\":{\"@id\":\"https:\\\/\\\/peter-faessler.spschweiz.ch\\\/?p=5635\"},\"wordCount\":1079,\"commentCount\":0,\"image\":{\"@id\":\"https:\\\/\\\/peter-faessler.spschweiz.ch\\\/?p=5635#primaryimage\"},\"thumbnailUrl\":\"http:\\\/\\\/peter-faessler.spschweiz.ch\\\/wp-content\\\/uploads\\\/sites\\\/15\\\/2020\\\/11\\\/Weiterbildung-Aerzte.jpg\",\"keywords\":[\"Kanton Luzern\",\"Kantonsrat\",\"Kantonsrat Kanton Luzern\",\"Kantonsrat Luzern\",\"Kantonsratssession\",\"Parlament\",\"Politik\",\"Session\",\"SP\",\"Vorstoss Kantonsrat\"],\"articleSection\":[\"Bypass\",\"Kantonsrat Luzern\",\"Kantonsratsession\",\"Parlament\",\"Politik\",\"Session Kantonsrat Luzern\",\"SP Kanton Luzern\",\"SP Kantonsratsfraktion\",\"SP Kriens\",\"Vorstoss Kantonsrat\"],\"inLanguage\":\"de\",\"potentialAction\":[{\"@type\":\"CommentAction\",\"name\":\"Comment\",\"target\":[\"https:\\\/\\\/peter-faessler.spschweiz.ch\\\/?p=5635#respond\"]}]},{\"@type\":\"WebPage\",\"@id\":\"https:\\\/\\\/peter-faessler.spschweiz.ch\\\/?p=5635\",\"url\":\"https:\\\/\\\/peter-faessler.spschweiz.ch\\\/?p=5635\",\"name\":\"M\u00e4rzsession des Kantonsrats Luzern vom 18., 19. und 25. M\u00e4rz 2024: 2. Tag 19. M\u00e4rz 2024 - Peter F\u00e4ssler\",\"isPartOf\":{\"@id\":\"https:\\\/\\\/peter-faessler.spschweiz.ch\\\/#website\"},\"primaryImageOfPage\":{\"@id\":\"https:\\\/\\\/peter-faessler.spschweiz.ch\\\/?p=5635#primaryimage\"},\"image\":{\"@id\":\"https:\\\/\\\/peter-faessler.spschweiz.ch\\\/?p=5635#primaryimage\"},\"thumbnailUrl\":\"http:\\\/\\\/peter-faessler.spschweiz.ch\\\/wp-content\\\/uploads\\\/sites\\\/15\\\/2020\\\/11\\\/Weiterbildung-Aerzte.jpg\",\"datePublished\":\"2024-03-20T15:18:26+00:00\",\"author\":{\"@id\":\"https:\\\/\\\/peter-faessler.spschweiz.ch\\\/#\\\/schema\\\/person\\\/7ac2f764b1930b731c670e8a2393b60e\"},\"breadcrumb\":{\"@id\":\"https:\\\/\\\/peter-faessler.spschweiz.ch\\\/?p=5635#breadcrumb\"},\"inLanguage\":\"de\",\"potentialAction\":[{\"@type\":\"ReadAction\",\"target\":[\"https:\\\/\\\/peter-faessler.spschweiz.ch\\\/?p=5635\"]}]},{\"@type\":\"ImageObject\",\"inLanguage\":\"de\",\"@id\":\"https:\\\/\\\/peter-faessler.spschweiz.ch\\\/?p=5635#primaryimage\",\"url\":\"http:\\\/\\\/peter-faessler.spschweiz.ch\\\/wp-content\\\/uploads\\\/sites\\\/15\\\/2020\\\/11\\\/Weiterbildung-Aerzte.jpg\",\"contentUrl\":\"http:\\\/\\\/peter-faessler.spschweiz.ch\\\/wp-content\\\/uploads\\\/sites\\\/15\\\/2020\\\/11\\\/Weiterbildung-Aerzte.jpg\"},{\"@type\":\"BreadcrumbList\",\"@id\":\"https:\\\/\\\/peter-faessler.spschweiz.ch\\\/?p=5635#breadcrumb\",\"itemListElement\":[{\"@type\":\"ListItem\",\"position\":1,\"name\":\"Startseite\",\"item\":\"https:\\\/\\\/peter-faessler.spschweiz.ch\\\/\"},{\"@type\":\"ListItem\",\"position\":2,\"name\":\"M\u00e4rzsession des Kantonsrats Luzern vom 18., 19. und 25. M\u00e4rz 2024: 2. Tag 19. M\u00e4rz 2024\"}]},{\"@type\":\"WebSite\",\"@id\":\"https:\\\/\\\/peter-faessler.spschweiz.ch\\\/#website\",\"url\":\"https:\\\/\\\/peter-faessler.spschweiz.ch\\\/\",\"name\":\"Peter F\u00e4ssler\",\"description\":\"SP Kantonsrat Kanton Luzern\",\"potentialAction\":[{\"@type\":\"SearchAction\",\"target\":{\"@type\":\"EntryPoint\",\"urlTemplate\":\"https:\\\/\\\/peter-faessler.spschweiz.ch\\\/?s={search_term_string}\"},\"query-input\":{\"@type\":\"PropertyValueSpecification\",\"valueRequired\":true,\"valueName\":\"search_term_string\"}}],\"inLanguage\":\"de\"},{\"@type\":\"Person\",\"@id\":\"https:\\\/\\\/peter-faessler.spschweiz.ch\\\/#\\\/schema\\\/person\\\/7ac2f764b1930b731c670e8a2393b60e\",\"name\":\"Peter F\u00e4ssler\",\"image\":{\"@type\":\"ImageObject\",\"inLanguage\":\"de\",\"@id\":\"https:\\\/\\\/secure.gravatar.com\\\/avatar\\\/9da8604da19b11812517d76f206166d47c5e180a26df2de36b8649168e128572?s=96&d=blank&r=g\",\"url\":\"https:\\\/\\\/secure.gravatar.com\\\/avatar\\\/9da8604da19b11812517d76f206166d47c5e180a26df2de36b8649168e128572?s=96&d=blank&r=g\",\"contentUrl\":\"https:\\\/\\\/secure.gravatar.com\\\/avatar\\\/9da8604da19b11812517d76f206166d47c5e180a26df2de36b8649168e128572?s=96&d=blank&r=g\",\"caption\":\"Peter F\u00e4ssler\"},\"description\":\"Peter F\u00e4ssler Schibiweg 7 6006 Luzern\",\"sameAs\":[\"www.facebook.com\\\/peter.fassler.31\",\"https:\\\/\\\/www.instagram.com\\\/peter.fassler.31\\\/\",\"https:\\\/\\\/www.linkedin.com\\\/in\\\/peter-fssler-2518a782\\\/\",\"https:\\\/\\\/x.com\\\/pfaessler56\"],\"url\":\"https:\\\/\\\/peter-faessler.spschweiz.ch\\\/?author=19\"}]}<\/script>\n<!-- \/ Yoast SEO plugin. -->","yoast_head_json":{"title":"M\u00e4rzsession des Kantonsrats Luzern vom 18., 19. und 25. M\u00e4rz 2024: 2. Tag 19. M\u00e4rz 2024 - Peter F\u00e4ssler","robots":{"index":"index","follow":"follow","max-snippet":"max-snippet:-1","max-image-preview":"max-image-preview:large","max-video-preview":"max-video-preview:-1"},"canonical":"https:\/\/peter-faessler.spschweiz.ch\/?p=5635","og_locale":"de_DE","og_type":"article","og_title":"M\u00e4rzsession des Kantonsrats Luzern vom 18., 19. und 25. M\u00e4rz 2024: 2. Tag 19. M\u00e4rz 2024 - Peter F\u00e4ssler","og_description":"Der Luzerner Kantonsrat trifft sich zur M\u00e4rz-Session im Regierungsgeb\u00e4ude in Luzern. Es sind 3 Sessionstage vorgesehen, die wir vermutlich auch brauchen.\u00a0 Allerdings habe ich mich...","og_url":"https:\/\/peter-faessler.spschweiz.ch\/?p=5635","og_site_name":"Peter F\u00e4ssler","article_author":"www.facebook.com\/peter.fassler.31","article_published_time":"2024-03-20T15:18:26+00:00","og_image":[{"url":"http:\/\/peter-faessler.spschweiz.ch\/wp-content\/uploads\/sites\/15\/2020\/11\/Weiterbildung-Aerzte.jpg","type":"","width":"","height":""}],"author":"Peter F\u00e4ssler","twitter_misc":{"Verfasst von":"Peter F\u00e4ssler","Gesch\u00e4tzte Lesezeit":"7\u00a0Minuten"},"schema":{"@context":"https:\/\/schema.org","@graph":[{"@type":"Article","@id":"https:\/\/peter-faessler.spschweiz.ch\/?p=5635#article","isPartOf":{"@id":"https:\/\/peter-faessler.spschweiz.ch\/?p=5635"},"author":{"name":"Peter F\u00e4ssler","@id":"https:\/\/peter-faessler.spschweiz.ch\/#\/schema\/person\/7ac2f764b1930b731c670e8a2393b60e"},"headline":"M\u00e4rzsession des Kantonsrats Luzern vom 18., 19. und 25. M\u00e4rz 2024: 2. Tag 19. M\u00e4rz 2024","datePublished":"2024-03-20T15:18:26+00:00","mainEntityOfPage":{"@id":"https:\/\/peter-faessler.spschweiz.ch\/?p=5635"},"wordCount":1079,"commentCount":0,"image":{"@id":"https:\/\/peter-faessler.spschweiz.ch\/?p=5635#primaryimage"},"thumbnailUrl":"http:\/\/peter-faessler.spschweiz.ch\/wp-content\/uploads\/sites\/15\/2020\/11\/Weiterbildung-Aerzte.jpg","keywords":["Kanton Luzern","Kantonsrat","Kantonsrat Kanton Luzern","Kantonsrat Luzern","Kantonsratssession","Parlament","Politik","Session","SP","Vorstoss Kantonsrat"],"articleSection":["Bypass","Kantonsrat Luzern","Kantonsratsession","Parlament","Politik","Session Kantonsrat Luzern","SP Kanton Luzern","SP Kantonsratsfraktion","SP Kriens","Vorstoss Kantonsrat"],"inLanguage":"de","potentialAction":[{"@type":"CommentAction","name":"Comment","target":["https:\/\/peter-faessler.spschweiz.ch\/?p=5635#respond"]}]},{"@type":"WebPage","@id":"https:\/\/peter-faessler.spschweiz.ch\/?p=5635","url":"https:\/\/peter-faessler.spschweiz.ch\/?p=5635","name":"M\u00e4rzsession des Kantonsrats Luzern vom 18., 19. und 25. M\u00e4rz 2024: 2. Tag 19. M\u00e4rz 2024 - Peter F\u00e4ssler","isPartOf":{"@id":"https:\/\/peter-faessler.spschweiz.ch\/#website"},"primaryImageOfPage":{"@id":"https:\/\/peter-faessler.spschweiz.ch\/?p=5635#primaryimage"},"image":{"@id":"https:\/\/peter-faessler.spschweiz.ch\/?p=5635#primaryimage"},"thumbnailUrl":"http:\/\/peter-faessler.spschweiz.ch\/wp-content\/uploads\/sites\/15\/2020\/11\/Weiterbildung-Aerzte.jpg","datePublished":"2024-03-20T15:18:26+00:00","author":{"@id":"https:\/\/peter-faessler.spschweiz.ch\/#\/schema\/person\/7ac2f764b1930b731c670e8a2393b60e"},"breadcrumb":{"@id":"https:\/\/peter-faessler.spschweiz.ch\/?p=5635#breadcrumb"},"inLanguage":"de","potentialAction":[{"@type":"ReadAction","target":["https:\/\/peter-faessler.spschweiz.ch\/?p=5635"]}]},{"@type":"ImageObject","inLanguage":"de","@id":"https:\/\/peter-faessler.spschweiz.ch\/?p=5635#primaryimage","url":"http:\/\/peter-faessler.spschweiz.ch\/wp-content\/uploads\/sites\/15\/2020\/11\/Weiterbildung-Aerzte.jpg","contentUrl":"http:\/\/peter-faessler.spschweiz.ch\/wp-content\/uploads\/sites\/15\/2020\/11\/Weiterbildung-Aerzte.jpg"},{"@type":"BreadcrumbList","@id":"https:\/\/peter-faessler.spschweiz.ch\/?p=5635#breadcrumb","itemListElement":[{"@type":"ListItem","position":1,"name":"Startseite","item":"https:\/\/peter-faessler.spschweiz.ch\/"},{"@type":"ListItem","position":2,"name":"M\u00e4rzsession des Kantonsrats Luzern vom 18., 19. und 25. M\u00e4rz 2024: 2. Tag 19. M\u00e4rz 2024"}]},{"@type":"WebSite","@id":"https:\/\/peter-faessler.spschweiz.ch\/#website","url":"https:\/\/peter-faessler.spschweiz.ch\/","name":"Peter F\u00e4ssler","description":"SP Kantonsrat Kanton Luzern","potentialAction":[{"@type":"SearchAction","target":{"@type":"EntryPoint","urlTemplate":"https:\/\/peter-faessler.spschweiz.ch\/?s={search_term_string}"},"query-input":{"@type":"PropertyValueSpecification","valueRequired":true,"valueName":"search_term_string"}}],"inLanguage":"de"},{"@type":"Person","@id":"https:\/\/peter-faessler.spschweiz.ch\/#\/schema\/person\/7ac2f764b1930b731c670e8a2393b60e","name":"Peter F\u00e4ssler","image":{"@type":"ImageObject","inLanguage":"de","@id":"https:\/\/secure.gravatar.com\/avatar\/9da8604da19b11812517d76f206166d47c5e180a26df2de36b8649168e128572?s=96&d=blank&r=g","url":"https:\/\/secure.gravatar.com\/avatar\/9da8604da19b11812517d76f206166d47c5e180a26df2de36b8649168e128572?s=96&d=blank&r=g","contentUrl":"https:\/\/secure.gravatar.com\/avatar\/9da8604da19b11812517d76f206166d47c5e180a26df2de36b8649168e128572?s=96&d=blank&r=g","caption":"Peter F\u00e4ssler"},"description":"Peter F\u00e4ssler Schibiweg 7 6006 Luzern","sameAs":["www.facebook.com\/peter.fassler.31","https:\/\/www.instagram.com\/peter.fassler.31\/","https:\/\/www.linkedin.com\/in\/peter-fssler-2518a782\/","https:\/\/x.com\/pfaessler56"],"url":"https:\/\/peter-faessler.spschweiz.ch\/?author=19"}]}},"_links":{"self":[{"href":"https:\/\/peter-faessler.spschweiz.ch\/index.php?rest_route=\/wp\/v2\/posts\/5635","targetHints":{"allow":["GET"]}}],"collection":[{"href":"https:\/\/peter-faessler.spschweiz.ch\/index.php?rest_route=\/wp\/v2\/posts"}],"about":[{"href":"https:\/\/peter-faessler.spschweiz.ch\/index.php?rest_route=\/wp\/v2\/types\/post"}],"author":[{"embeddable":true,"href":"https:\/\/peter-faessler.spschweiz.ch\/index.php?rest_route=\/wp\/v2\/users\/19"}],"replies":[{"embeddable":true,"href":"https:\/\/peter-faessler.spschweiz.ch\/index.php?rest_route=%2Fwp%2Fv2%2Fcomments&post=5635"}],"version-history":[{"count":5,"href":"https:\/\/peter-faessler.spschweiz.ch\/index.php?rest_route=\/wp\/v2\/posts\/5635\/revisions"}],"predecessor-version":[{"id":5656,"href":"https:\/\/peter-faessler.spschweiz.ch\/index.php?rest_route=\/wp\/v2\/posts\/5635\/revisions\/5656"}],"wp:attachment":[{"href":"https:\/\/peter-faessler.spschweiz.ch\/index.php?rest_route=%2Fwp%2Fv2%2Fmedia&parent=5635"}],"wp:term":[{"taxonomy":"category","embeddable":true,"href":"https:\/\/peter-faessler.spschweiz.ch\/index.php?rest_route=%2Fwp%2Fv2%2Fcategories&post=5635"},{"taxonomy":"post_tag","embeddable":true,"href":"https:\/\/peter-faessler.spschweiz.ch\/index.php?rest_route=%2Fwp%2Fv2%2Ftags&post=5635"}],"curies":[{"name":"wp","href":"https:\/\/api.w.org\/{rel}","templated":true}]}}