{"id":5670,"date":"2024-06-17T15:14:38","date_gmt":"2024-06-17T13:14:38","guid":{"rendered":"https:\/\/peter-faessler.spschweiz.ch\/?p=5670"},"modified":"2024-06-18T07:39:33","modified_gmt":"2024-06-18T05:39:33","slug":"juni-session-des-luzerner-kantonsrates-vom-17-und-18-juni-2024-1-tag-17-juni-2024","status":"publish","type":"post","link":"https:\/\/peter-faessler.spschweiz.ch\/?p=5670","title":{"rendered":"Juni-Session des Luzerner Kantonsrates vom 17. und 18. Juni 2024, 1. Tag 17. Juni 2024"},"content":{"rendered":"<p>Der Luzerner Kantonsrat trifft sich zur Juni-Session wie gewohnt im Regierungsgeb\u00e4ude in Luzern. Es sind 2 Sessionstage vorgesehen.\u00a0 Hier der Link zum <a href=\"https:\/\/www.lu.ch\/kr\/mitglieder_und_organe\/sitzordnung\" target=\"_blank\" rel=\"noopener\">Sitzplan<\/a> im Kantonsrat sowie der Link zur <a href=\"https:\/\/www.lu.ch\/kr\/parlamentsgeschaefte\/CdwsFiles?fileid=719ec052be674cc6beb8bcf7ea5742db\">Traktandenliste<\/a>\u00a0 und den <a href=\"https:\/\/www.lu.ch\/kr\/Sessionen\/videoaufnahmen?keyword=Session&amp;sessionoverview=true\" target=\"_blank\" rel=\"noopener\">Videoaufnahmen<\/a>.<\/p>\n<h2>Traktanden<\/h2>\n<h3>Sachgesch\u00e4fte und dazugeh\u00f6rende parlamentarische Vorst\u00f6sse<\/h3>\n<ol>\n<li><strong>Er\u00f6ffnungen<\/strong><\/li>\n<li><strong>Beschlussfassung \u00fcber die dringliche Behandlung parlamentarischer Vorst\u00f6sse<\/strong><\/li>\n<li>\n<div id=\"attachment_5674\" style=\"width: 310px\" class=\"wp-caption alignright\"><img loading=\"lazy\" decoding=\"async\" aria-describedby=\"caption-attachment-5674\" class=\"size-medium wp-image-5674\" src=\"http:\/\/peter-faessler.spschweiz.ch\/wp-content\/uploads\/sites\/15\/2024\/06\/Solaranlage1-300x169.jpg\" alt=\"\" width=\"300\" height=\"169\" srcset=\"https:\/\/peter-faessler.spschweiz.ch\/wp-content\/uploads\/sites\/15\/2024\/06\/Solaranlage1-300x169.jpg 300w, https:\/\/peter-faessler.spschweiz.ch\/wp-content\/uploads\/sites\/15\/2024\/06\/Solaranlage1-150x85.jpg 150w, https:\/\/peter-faessler.spschweiz.ch\/wp-content\/uploads\/sites\/15\/2024\/06\/Solaranlage1.jpg 568w\" sizes=\"auto, (max-width: 300px) 100vw, 300px\" \/><p id=\"caption-attachment-5674\" class=\"wp-caption-text\">www.ndr.de<\/p><\/div>\n<p><a href=\"https:\/\/www.lu.ch\/kr\/parlamentsgeschaefte\/detail\/AbstimmungsresultatDetail?TraktandumGuid=9e674386-cb0b-4947-abfc-b81e2cd55d46&amp;guid=f2c7b9b6d179493a9c62be565736c758\" target=\"_blank\" rel=\"noopener\"><strong>B 17 Ausbau Stromproduktion aus erneuerbarer Energie und Stromversorgungssicherheit; Entwurf \u00c4nderung des Kantonalen Energiegesetzes<\/strong><\/a> \/ Bau-, Umwelt- und Wirtschaftsdepartement, 2. Beratung, Kommission Raumplanung, Umwelt und Energie<br \/>\n<strong><em>Der vorliegende Entwurf einer \u00c4nderung des Kantonalen Energiegesetzes er-<br \/>\nm\u00f6glicht den rascheren Ausbau der Stromproduktion aus erneuerbarer Energie<br \/>\nim Kanton Luzern und die Verbesserung der Stromversorgungssicherheit. So<br \/>\nsoll das Stromerzeugungspotenzial von Geb\u00e4uden vermehrt genutzt werden.<br \/>\nDiese Botschaft wurde mit 88 zu 25 Stimmen klar angenommen. Der Ablehnungsantrag der SVP wurde im umgekehrten Verh\u00e4ltnis klar abgelehnt.<\/em><\/strong><\/li>\n<\/ol>\n<ol start=\"4\">\n<li><strong><a href=\"https:\/\/www.lu.ch\/kr\/Parlamentsgeschaefte\/detail?ges=6d430808baea4b14a6ca22eaeba8c00b\" target=\"_blank\" rel=\"noopener\"><img loading=\"lazy\" decoding=\"async\" class=\"size-medium wp-image-5678 alignright\" src=\"http:\/\/peter-faessler.spschweiz.ch\/wp-content\/uploads\/sites\/15\/2024\/06\/Hund-300x240.jpg\" alt=\"\" width=\"300\" height=\"240\" srcset=\"https:\/\/peter-faessler.spschweiz.ch\/wp-content\/uploads\/sites\/15\/2024\/06\/Hund-300x240.jpg 300w, https:\/\/peter-faessler.spschweiz.ch\/wp-content\/uploads\/sites\/15\/2024\/06\/Hund-1024x819.jpg 1024w, https:\/\/peter-faessler.spschweiz.ch\/wp-content\/uploads\/sites\/15\/2024\/06\/Hund-150x120.jpg 150w, https:\/\/peter-faessler.spschweiz.ch\/wp-content\/uploads\/sites\/15\/2024\/06\/Hund-768x614.jpg 768w, https:\/\/peter-faessler.spschweiz.ch\/wp-content\/uploads\/sites\/15\/2024\/06\/Hund.jpg 1200w\" sizes=\"auto, (max-width: 300px) 100vw, 300px\" \/>B 18 Steuerbefreiung Assistenz- und Therapiehunde; Entwurf \u00c4nderung des Gesetzes \u00fcber das Halten von Hunden<\/a> \/<\/strong> Gesundheits- und Sozialdepartement, 1. Beratung<br \/>\nKommission Gesundheit, Arbeit und soziale Sicherheit<br \/>\n<strong><em>Der Regierungsrat legt einen Gesetzes\u00e4nderungsentwurf vor, der eine Steuerbefreiung f\u00fcr Halter von Assistenz- und Therapiehunden sowie verschiedene formelle und inhaltliche Anpassungen des Hundehaltungsgesetzes vorsieht. Der Botschaft wird in der 1. Beratung mit 112 zu 0 Stimmen zugestimmt.<br \/>\n<\/em><\/strong><\/li>\n<\/ol>\n<ol start=\"5\">\n<li><a href=\"https:\/\/www.lu.ch\/kr\/Parlamentsgeschaefte\/detail?ges=a4799ff873f740638d3fc6925f81bb1e\" target=\"_blank\" rel=\"noopener\"><strong>B 21 A Jahresbericht 2023 &#8211; Teil I: Gesch\u00e4ftsbericht (B 21a) \/ Teil II: Jahresrechnung (B 21b) &#8211; Kantonsratsbeschluss \u00fcber die Genehmigung des Jahresberichtes 2023<\/strong><\/a><strong> \/<\/strong> Finanzdepartement<br \/>\nPlanungs- und Finanzkommission<\/li>\n<\/ol>\n<ol start=\"6\">\n<li><strong><a href=\"https:\/\/www.lu.ch\/kr\/Parlamentsgeschaefte\/detail?ges=a4799ff873f740638d3fc6925f81bb1e\" target=\"_blank\" rel=\"noopener\">B 21 B Jahresbericht 2023 &#8211; Teil I: Gesch\u00e4ftsbericht (B 21a) \/ Teil II: Jahresrechnung (B 21b) &#8211; Kantonsratsbeschluss \u00fcber die Abschreibung von Motionen und Postulaten<\/a><\/strong> \/ Finanzdepartement<br \/>\nPlanungs- und Finanzkommission<\/li>\n<\/ol>\n<ol start=\"7\">\n<li><a href=\"https:\/\/www.lu.ch\/kr\/Parlamentsgeschaefte\/detail?ges=a4799ff873f740638d3fc6925f81bb1e\" target=\"_blank\" rel=\"noopener\"><strong>B 21 C Jahresbericht 2023 &#8211; Teil I: Gesch\u00e4ftsbericht (B 21a) \/ Teil II: Jahresrechnung (B 21b)<\/strong> &#8211; Kantonsratsbeschluss \u00fcber die Genehmigung des Berichtes \u00fcber die Umsetzung der Beteiligungsstrategie<\/a> \/ Finanzdepartement<br \/>\nPlanungs- und Finanzkommission<br \/>\n<em><strong>Der Jahresbericht und Jahresrechnung 2023 ist ein Jahresr\u00fcckblick auf das Jahr 2023. Es zeigt auf, wie der Kanton im letzten Jahr &#8222;gearbeitet&#8220; hat.<br \/>\nAllen 3 Punkten wurden grossmehrheitlich zugestimmt.<br \/>\n<\/strong><\/em><\/li>\n<\/ol>\n<ol start=\"8\">\n<li>\n<div id=\"attachment_5686\" style=\"width: 310px\" class=\"wp-caption alignright\"><img loading=\"lazy\" decoding=\"async\" aria-describedby=\"caption-attachment-5686\" class=\"size-medium wp-image-5686\" src=\"http:\/\/peter-faessler.spschweiz.ch\/wp-content\/uploads\/sites\/15\/2024\/06\/Anker-Dorfschule-300x179.jpg\" alt=\"\" width=\"300\" height=\"179\" srcset=\"https:\/\/peter-faessler.spschweiz.ch\/wp-content\/uploads\/sites\/15\/2024\/06\/Anker-Dorfschule-300x179.jpg 300w, https:\/\/peter-faessler.spschweiz.ch\/wp-content\/uploads\/sites\/15\/2024\/06\/Anker-Dorfschule-1024x610.jpg 1024w, https:\/\/peter-faessler.spschweiz.ch\/wp-content\/uploads\/sites\/15\/2024\/06\/Anker-Dorfschule-150x89.jpg 150w, https:\/\/peter-faessler.spschweiz.ch\/wp-content\/uploads\/sites\/15\/2024\/06\/Anker-Dorfschule-768x458.jpg 768w, https:\/\/peter-faessler.spschweiz.ch\/wp-content\/uploads\/sites\/15\/2024\/06\/Anker-Dorfschule-1536x916.jpg 1536w, https:\/\/peter-faessler.spschweiz.ch\/wp-content\/uploads\/sites\/15\/2024\/06\/Anker-Dorfschule-2048x1221.jpg 2048w\" sizes=\"auto, (max-width: 300px) 100vw, 300px\" \/><p id=\"caption-attachment-5686\" class=\"wp-caption-text\">Bild: wikipedia.org<\/p><\/div>\n<p><a href=\"https:\/\/www.lu.ch\/kr\/parlamentsgeschaefte\/detail?ges=07c8ae6281c94237a2087e74ea7ed159&amp;back=1&amp;geschaeftsnr=b%2019&amp;art=-0-1-2-3&amp;bart=-0-1-2-3-4&amp;vart=-0-1-2-3&amp;wart=1&amp;gart=1&amp;status=-0-1\" target=\"_blank\" rel=\"noopener\"><strong>B 19 Abrechnung \u00fcber den Sonderkredit f\u00fcr die Beschaffung, den Aufbau und den Betrieb einer Schuladministrationssoftware f\u00fcr die Volksschulen des Kantons Luzern; Entwurf Kantonsratsbeschluss \u00fcber die Genehmigung<\/strong><\/a> \/ Bildungs- und Kulturdepartement<br \/>\nKommission Erziehung, Bildung und Kultur<br \/>\n<em><strong>Der Regierungsrat unterbreitet dem Kantonsrat den Entwurf eines Kantonsratsbeschlusses \u00fcber die Genehmigung der Abrechnung \u00fcber den Sonderkredit f\u00fcr die Beschaffung, den Aufbau und den Betrieb einer Schuladministrationssoftware f\u00fcr die Volksschulen des Kantons Luzern. Den Sonderkredit von 3,78 Millionen Franken beschloss der Kantonsrat am 7. November 2016. Unter<\/strong><\/em><em><strong>schiedliche Auffassungen \u00fcber Inhalt und Zeitplan f\u00fchrten Anfang 2022 zum Abbruch des Projekts. Bis zur Beendigung entstanden f\u00fcr den Kanton Kosten von 1&#8217;684&#8217;050 Franken.<br \/>\nDiese Botschaft wurde mit 104 Ja zu 4 Nein bei 4 Enthaltungen \u00fcberwiesen.<br \/>\n<\/strong><\/em><\/li>\n<\/ol>\n<ol start=\"9\">\n<li><a href=\"https:\/\/www.lu.ch\/kr\/parlamentsgeschaefte\/detail?ges=0c7445703ed646cb912c951c8e767b3b&amp;back=1&amp;geschaeftsnr=B%2020&amp;art=-0-1-2-3&amp;bart=-0-1-2-3-4&amp;vart=-0-1-2-3&amp;wart=1&amp;gart=1&amp;status=-0-1\" target=\"_blank\" rel=\"noopener\"><strong>B 20 Beschaffung, Umsetzung und Betrieb einer einheitlichen Schuladministrationssoftware f\u00fcr die Luzerner Volksschulen; Entwurf Dekret \u00fcber einen Sonderkredit<\/strong><\/a> \/ Bildungs- und Kulturdepartement<br \/>\nKommission Erziehung, Bildung und Kultur<br \/>\n<em><strong>Der Regierungsrat beantragt dem Kantonsrat einen Sonderkredit von 8,76 Mil<\/strong><\/em><em><strong>lionen Franken f\u00fcr die Beschaffung einer einheitlichen Schuladministrations<\/strong><\/em><em><strong>software an den Luzerner Volksschulen sowie f\u00fcr deren Betrieb w\u00e4hrend der <\/strong><\/em><em><strong>n\u00e4chsten zehn Jahre. Damit erf\u00fcllt der Kanton seinen gesetzlichen Auftrag, zu<\/strong><\/em><em><strong>sammen mit den Gemeinden f\u00fcr eine einheitliche Schuladministrationssoft<\/strong><\/em><em><strong>ware zu sorgen. Der Kanton f\u00fchrt das Projekt in enger Zusammenarbeit mit <\/strong><\/em><em><strong>den Luzerner Gemeinden, tr\u00e4gt die Investitions- und Wartungskosten f\u00fcr die <\/strong><\/em><em><strong>Software und \u00fcbernimmt f\u00fcr die Gemeinden gegen Entsch\u00e4digung die Applika<\/strong><\/em><em><strong>tions- und Betriebsverantwortung.<br \/>\nDiese Botschaft wurde vom Kantonsrat mit 103 zu 1\u00a0 Stimme \u00fcberwiesen.<br \/>\n<\/strong><\/em><\/li>\n<\/ol>\n<ol start=\"10\">\n<li><a href=\"https:\/\/www.lu.ch\/kr\/parlamentsgeschaefte\/detail?ges=94ea5e30ddfa4eaeb439ee1e024ce1df&amp;back=1&amp;geschaeftsnr=B%2023&amp;art=-0-1-2-3&amp;bart=-0-1-2-3-4&amp;vart=-0-1-2-3&amp;wart=1&amp;gart=1&amp;status=-0-1\" target=\"_blank\" rel=\"noopener\"><strong>B 23 Zweite Verl\u00e4ngerung der Frist zur Unterbreitung der Botschaft und eines Gegenentwurfs zur Volksinitiative \u00abBezahlbare Kitas f\u00fcr alle\u00bb; Entwurf Kantonsratsbeschluss<\/strong><\/a> \/ Gesundheits- und Sozialdepartement<br \/>\nKommission Gesundheit, Arbeit und soziale Sicherheit<\/p>\n<div id=\"attachment_5690\" style=\"width: 310px\" class=\"wp-caption alignright\"><img loading=\"lazy\" decoding=\"async\" aria-describedby=\"caption-attachment-5690\" class=\"size-medium wp-image-5690\" src=\"http:\/\/peter-faessler.spschweiz.ch\/wp-content\/uploads\/sites\/15\/2024\/06\/Kita-300x169.jpg\" alt=\"\" width=\"300\" height=\"169\" srcset=\"https:\/\/peter-faessler.spschweiz.ch\/wp-content\/uploads\/sites\/15\/2024\/06\/Kita-300x169.jpg 300w, https:\/\/peter-faessler.spschweiz.ch\/wp-content\/uploads\/sites\/15\/2024\/06\/Kita-1024x576.jpg 1024w, https:\/\/peter-faessler.spschweiz.ch\/wp-content\/uploads\/sites\/15\/2024\/06\/Kita-150x84.jpg 150w, https:\/\/peter-faessler.spschweiz.ch\/wp-content\/uploads\/sites\/15\/2024\/06\/Kita-768x432.jpg 768w, https:\/\/peter-faessler.spschweiz.ch\/wp-content\/uploads\/sites\/15\/2024\/06\/Kita-1536x864.jpg 1536w, https:\/\/peter-faessler.spschweiz.ch\/wp-content\/uploads\/sites\/15\/2024\/06\/Kita.jpg 1920w\" sizes=\"auto, (max-width: 300px) 100vw, 300px\" \/><p id=\"caption-attachment-5690\" class=\"wp-caption-text\">Bild: www.tagesschau.de<\/p><\/div>\n<p><em><strong>Der Kantonsrat hat die Frist f\u00fcr die Vorlage eines Gegenentwurfs zur Volksinitiative \u00abBezahlbare Kitas f\u00fcr alle\u00bb bis Ende Juli 2024 verl\u00e4ngert, und der Regierungsrat hat ein Vernehmlassungsverfahren zum Gesetzesentwurf \u00fcber familienerg\u00e4nzende Kinderbetreuung bis zum 28. Juni 2024 er\u00f6ffnet. Der Regierungsrat beantragt nun eine weitere Fristverl\u00e4ngerung bis Ende Dezember 2024, um die Vernehmlassungsantworten f\u00fcr den Gegenentwurf angemessen ber\u00fccksichtigen zu k\u00f6nnen. Die SP Fraktion ist mit dieser Aussage der Regierung nicht zufrieden. Es ist nicht nachvollziehbar, dass dem Regierungsrat erst nach Ablauf der ersten Fristverl\u00e4ngerung bewusstwird, dass es sich um ein komplexes Thema handelt. Wichtig f\u00fcr uns, dass das Inkrafttreten per 1. Januar 2026 fixiert bleibt und eingel\u00f6st wird.<br \/>\nDie Botschaft wurde mit 88 zu 18 Stimmen \u00fcberwiesen, gegen die Stimmen der SP.<br \/>\n<\/strong><\/em><\/li>\n<\/ol>\n<ol start=\"11\">\n<li><a href=\"https:\/\/www.lu.ch\/kr\/parlamentsgeschaefte\/detail?ges=510806bb42b14c20a8b4260042c6895c&amp;back=1&amp;geschaeftsnr=b%2022&amp;art=-0-1-2-3&amp;bart=-0-1-2-3-4&amp;vart=-0-1-2-3&amp;wart=1&amp;gart=1&amp;status=-0-1\" target=\"_blank\" rel=\"noopener\"><strong>B 22 A Vereinigung der Gemeinden Honau und Root; Entw\u00fcrfe Kantonsratsbeschl\u00fcsse &#8211; Kantonsratsbeschluss \u00fcber die Genehmigung der Vereinigung der Gemeinden Honau und Root<\/strong><\/a> \/ Justiz- und Sicherheitsdepartement<br \/>\nStaatspolitische Kommission<\/p>\n<div id=\"attachment_5699\" style=\"width: 356px\" class=\"wp-caption alignright\"><img loading=\"lazy\" decoding=\"async\" aria-describedby=\"caption-attachment-5699\" class=\" wp-image-5699\" src=\"http:\/\/peter-faessler.spschweiz.ch\/wp-content\/uploads\/sites\/15\/2024\/06\/Honau-Root-1-1-300x215.jpg\" alt=\"\" width=\"346\" height=\"248\" srcset=\"https:\/\/peter-faessler.spschweiz.ch\/wp-content\/uploads\/sites\/15\/2024\/06\/Honau-Root-1-1-300x215.jpg 300w, https:\/\/peter-faessler.spschweiz.ch\/wp-content\/uploads\/sites\/15\/2024\/06\/Honau-Root-1-1-1024x733.jpg 1024w, https:\/\/peter-faessler.spschweiz.ch\/wp-content\/uploads\/sites\/15\/2024\/06\/Honau-Root-1-1-150x107.jpg 150w, https:\/\/peter-faessler.spschweiz.ch\/wp-content\/uploads\/sites\/15\/2024\/06\/Honau-Root-1-1-768x550.jpg 768w, https:\/\/peter-faessler.spschweiz.ch\/wp-content\/uploads\/sites\/15\/2024\/06\/Honau-Root-1-1.jpg 1105w\" sizes=\"auto, (max-width: 346px) 100vw, 346px\" \/><p id=\"caption-attachment-5699\" class=\"wp-caption-text\">Bild: www.gemeindereform.lu.ch<\/p><\/div>\n<p><em><strong>Der Regierungsrat beantragt dem Kantonsrat die Genehmigung der Vereini<\/strong><\/em><em><strong>gung der Gemeinden Honau und Root. Die Stimmberechtigten der beiden Ge<\/strong><\/em><em><strong>meinden haben am 3. M\u00e4rz 2024 in getrennten Urnenabstimmungen mit deut<\/strong><\/em><em><strong>lichen Mehrheiten dem Vertrag \u00fcber die Vereinigung der Gemeinden zuge<\/strong><\/em><em><strong>stimmt und damit die Vereinigung zu einer einzigen Einwohnergemeinde mit <\/strong><\/em><em><strong>dem Namen Root auf den 1. Januar 2025 beschlossen. Im Zusammenhang mit <\/strong><\/em><em><strong>der Gemeindevereinigung ist der Amtsantritt des Gemeinderates der vereinig<\/strong><\/em><em><strong>ten Einwohnergemeinde festzulegen und die Zuteilung der Gemeinden zu den <\/strong><\/em><em><strong>Wahlkreisen sowie die Umschreibung des Gerichtsbezirkes Hochdorf und des <\/strong><\/em><em><strong>Grundbuchkreises Luzern Ost in den entsprechenden Erlassen anzupassen.<\/strong><\/em><br \/>\n<em><strong>Diesem Botschaftpunkt wurde mit 104 zu 0 Stimmen zugestimmt.<br \/>\n<\/strong><\/em><\/li>\n<\/ol>\n<ol start=\"12\">\n<li><strong>B 22 B Vereinigung der Gemeinden Honau und Root; Entw\u00fcrfe Kantonsratsbeschl\u00fcsse &#8211; Kantonsratsbeschluss \u00fcber die Zuteilung der Gemeinden zu den Wahlkreisen der Kantonsratswahlen<\/strong> \/ Justiz- und Sicherheitsdepartement<br \/>\nStaatspolitische Kommission<br \/>\n<em><strong>Diesem Botschaftspunkt wurde mit 101 zu 0 Stimmen zugestimmt.<\/strong><\/em><\/li>\n<\/ol>\n<ol start=\"13\">\n<li>\n<div id=\"attachment_5701\" style=\"width: 225px\" class=\"wp-caption alignright\"><img loading=\"lazy\" decoding=\"async\" aria-describedby=\"caption-attachment-5701\" class=\"size-medium wp-image-5701\" src=\"http:\/\/peter-faessler.spschweiz.ch\/wp-content\/uploads\/sites\/15\/2024\/06\/Root-215x300.jpg\" alt=\"\" width=\"215\" height=\"300\" srcset=\"https:\/\/peter-faessler.spschweiz.ch\/wp-content\/uploads\/sites\/15\/2024\/06\/Root-215x300.jpg 215w, https:\/\/peter-faessler.spschweiz.ch\/wp-content\/uploads\/sites\/15\/2024\/06\/Root-107x150.jpg 107w, https:\/\/peter-faessler.spschweiz.ch\/wp-content\/uploads\/sites\/15\/2024\/06\/Root.jpg 505w\" sizes=\"auto, (max-width: 215px) 100vw, 215px\" \/><p id=\"caption-attachment-5701\" class=\"wp-caption-text\">Bild: Gemeinde Root<\/p><\/div>\n<p><strong>B 22 C Vereinigung der Gemeinden Honau und Root; Entw\u00fcrfe Kantonsratsbeschl\u00fcsse &#8211; \u00c4nderung des Kantonsratsbeschlusses \u00fcber die Grundbuchkreise<\/strong> \/ Justiz- und SicherheitsdepartementStaatspolitische Kommission<br \/>\n<em><strong>Diesem Botschaftspunkt wurde mit 105 zu 0 Stimmen zugestimmt.<\/strong><\/em><\/li>\n<\/ol>\n<ol start=\"14\">\n<li><strong>B 22 D Vereinigung der Gemeinden Honau und Root; Entw\u00fcrfe Kantonsratsbeschl\u00fcsse &#8211; \u00c4nderung des Kantonsratsbeschlusses die Sitze der Gerichte und Schlichtungsbeh\u00f6rden und die Einteilung des Kantons in Gerichtsbezirke<\/strong> \/ Justiz- und Sicherheitsdepartement<br \/>\nStaatspolitische Kommission<br \/>\n<em><strong>Diesem Botschaftspunkt wurde mit 105 zu 0 Stimmen zugestimmt.<\/strong><\/em><\/li>\n<\/ol>\n<ol start=\"15\">\n<li><strong>AKK-T\u00e4tigkeitsbericht 2023 \/ 2024<\/strong><br \/>\n<em><em><strong>Der AKK-T\u00e4tigkeitsbericht unterliegt dem Amtsgeheimnis. Er ist daher f\u00fcr die \u00d6ffentlichkeit nicht einsehbar<\/strong><\/em><strong>. Der Kantonsrat nimmt den Bericht zur Kenntnis.<\/strong><\/em><\/li>\n<li><a href=\"https:\/\/www.lups.ch\/portrait\/geschaeftsbericht\/\" target=\"_blank\" rel=\"noopener\"><strong>Gesch\u00e4ftsbericht 2023 der Luzerner Psychiatrie<\/strong><\/a> \/ Gesundheits- und Sozialdepartement<br \/>\nPlanungs- und Finanzkommission<br \/>\n<em><strong>Der Kantonsrat nimmt den Bericht zur Kenntnis.<\/strong><\/em><\/li>\n<\/ol>\n<ol start=\"18\">\n<li><a href=\"https:\/\/www.luks.ch\/jahresbericht-2023\" target=\"_blank\" rel=\"noopener\"><strong>Jahresbericht 2023 der Luzerner Kantonsspital AG (LUKS)<\/strong> <\/a>\/ Gesundheits- und Sozialdepartement<br \/>\nPlanungs- und Finanzkommission<br \/>\n<em><strong>Der Kantonsrat nimmt den Bericht zur Kenntnis.<\/strong><\/em><\/li>\n<li><a href=\"https:\/\/www.lu.ch\/kr\/parlamentsgeschaefte\/detail?ges=40ef9a34aa45407abb9e2ae972dbee5d&amp;back=1&amp;text=petition&amp;art=-3&amp;bart=-0-1-2-3-4&amp;vart=-0-1-2-3&amp;wart=1&amp;gart=1&amp;status=-0-1\" target=\"_blank\" rel=\"noopener\"><strong>Petition \u00abFach Politische Bildung\u00bb Kommission Erziehung, Bildung und Kultur<\/strong><\/a>\n<div id=\"attachment_5706\" style=\"width: 310px\" class=\"wp-caption alignright\"><img loading=\"lazy\" decoding=\"async\" aria-describedby=\"caption-attachment-5706\" class=\"size-medium wp-image-5706\" src=\"http:\/\/peter-faessler.spschweiz.ch\/wp-content\/uploads\/sites\/15\/2024\/06\/Volksschule-300x104.jpg\" alt=\"\" width=\"300\" height=\"104\" srcset=\"https:\/\/peter-faessler.spschweiz.ch\/wp-content\/uploads\/sites\/15\/2024\/06\/Volksschule-300x104.jpg 300w, https:\/\/peter-faessler.spschweiz.ch\/wp-content\/uploads\/sites\/15\/2024\/06\/Volksschule-1024x353.jpg 1024w, https:\/\/peter-faessler.spschweiz.ch\/wp-content\/uploads\/sites\/15\/2024\/06\/Volksschule-150x52.jpg 150w, https:\/\/peter-faessler.spschweiz.ch\/wp-content\/uploads\/sites\/15\/2024\/06\/Volksschule-768x265.jpg 768w, https:\/\/peter-faessler.spschweiz.ch\/wp-content\/uploads\/sites\/15\/2024\/06\/Volksschule.jpg 1420w\" sizes=\"auto, (max-width: 300px) 100vw, 300px\" \/><p id=\"caption-attachment-5706\" class=\"wp-caption-text\">Bild: Stadt Luzern<\/p><\/div>\n<p><em><em><em><strong>Inhalt: <\/strong><\/em><strong>Am 3.11.2023 hat die kantonale Jugendsession die Petition eingereicht. Sie fordert die Vermittlung des Fachs \u00abPolitische Bildung\u00bb ab der Sekundarstufe I, im Umfang von einer Lektion pro Woche, erstreckt \u00fcber drei Schuljahre. Weiter wird eine kompetente Ausbildung der Lehrpersonen im Bereich der politischen Bildung verlangt. Der Schulstoff f\u00fcr das Fach soll einheitlicher und klar definiert werden, insbesondere was den Fokus der zu vermittelnden Inhalte anbelangt.<br \/>\nDie Petition wird mit 107 zu 0 Stimmen zur Kenntnis genommen.<br \/>\n<\/strong><\/em><\/em><\/li>\n<li><a href=\"https:\/\/www.lu.ch\/kr\/parlamentsgeschaefte\/detail?ges=2e1e93928510468faff0da923a128d88&amp;back=1&amp;text=Petition&amp;art=-3&amp;bart=-0-1-2-3-4&amp;vart=-0-1-2-3&amp;wart=1&amp;gart=1&amp;status=-0-1\" target=\"_blank\" rel=\"noopener\"><strong>Petition \u00abSchutzbed\u00fcrftige aus der Ukraine mit Aufenthaltsstatus S\u00bb<\/strong><\/a>\n<div id=\"attachment_5711\" style=\"width: 310px\" class=\"wp-caption alignright\"><img loading=\"lazy\" decoding=\"async\" aria-describedby=\"caption-attachment-5711\" class=\"size-medium wp-image-5711\" src=\"http:\/\/peter-faessler.spschweiz.ch\/wp-content\/uploads\/sites\/15\/2024\/06\/Ukraine-300x200.jpg\" alt=\"\" width=\"300\" height=\"200\" srcset=\"https:\/\/peter-faessler.spschweiz.ch\/wp-content\/uploads\/sites\/15\/2024\/06\/Ukraine-300x200.jpg 300w, https:\/\/peter-faessler.spschweiz.ch\/wp-content\/uploads\/sites\/15\/2024\/06\/Ukraine-150x100.jpg 150w, https:\/\/peter-faessler.spschweiz.ch\/wp-content\/uploads\/sites\/15\/2024\/06\/Ukraine.jpg 612w\" sizes=\"auto, (max-width: 300px) 100vw, 300px\" \/><p id=\"caption-attachment-5711\" class=\"wp-caption-text\">Foto: www.istockphoto.com<\/p><\/div>\n<p><em><strong>Die Forderungen lauten: Gleichstellung der Motivationszulage f\u00fcr teilzeitbesch\u00e4ftigte Schutzbed\u00fcrftige aus der Ukraine mit Aufenthaltsstatus S, die Sozialhilfe beziehen, mit den beim RAV angemeldeten Arbeitslosen. Recht auf Wohnsitzwechsel f\u00fcr Schutzbed\u00fcrftige mit Status S bei Anstellung in einem anderen Kanton, wenn der t\u00e4gliche Weg l\u00e4nger als 2 Stunden dauert. Empfehlung an das DAF, keinen Wohnsitzwechsel f\u00fcr Schutzbed\u00fcrftige mit Status S bei Anstellung in einem anderen Kanton anzuordnen, um lange Pendelzeiten zu vermeiden. Stundung der R\u00fcckzahlung von Sozialhilfe f\u00fcr teilzeitbesch\u00e4ftigte Schutzbed\u00fcrftige mit Status S, bis ihr Einkommen ausreicht, um die t\u00e4glichen Kosten und die zur\u00fcckgeforderten Betr\u00e4ge zu decken. \u00dcberpr\u00fcfung und Anpassung der Stellenanforderungen f\u00fcr Sozialbeamte, die mit Schutzbed\u00fcrftigen aus der Ukraine arbeiten, um weiteres Trauma zu vermeiden und eine transparente Dokumentationsordnung zu gew\u00e4hrleisten.<br \/>\nDie Petition wird mit 106 zu 0 Stimmen zur Kenntnis genommen.<\/strong><\/em><br \/>\nKommission Gesundheit, Arbeit und soziale Sicherheit<\/li>\n<\/ol>\n<h3>Parlamentarische Vorst\u00f6sse<\/h3>\n<ol start=\"24\">\n<li><a href=\"https:\/\/www.lu.ch\/kr\/parlamentsgeschaefte\/detail?ges=bf8b271fa8774d9eadf8af3b4952a889&amp;back=1&amp;geschaeftsnr=a%2038&amp;art=-0-1-2-3&amp;bart=-0-1-2-3-4&amp;vart=-0-1-2-3&amp;wart=1&amp;gart=1&amp;status=-0-1\" target=\"_blank\" rel=\"noopener\"><strong>A 38 *Anfrage Muff Sara und Mit. \u00fcber die Umweltberichterstattung Kanton Luzern<\/strong><\/a> \/ Bau-, Umwelt- und Wirtschaftsdepartement<br \/>\n<em><em><em><em><strong>\u00a0<span class=\"fontstyle0\">Der letzte Umweltbericht des Kantons Luzern wurde im Jahr 2018 ver\u00f6ffentlich. Darin wurde der damalige Zustand festgehalten. Zu den verschiedenen umweltrelevanten Aktivit\u00e4ten und Umweltbereichen wurden jeweils mehrere Ziele festgelegt, welche bis ins Jahr 2030 erreicht werden sollten.<\/span> Zu der Umweltberichterstattung hat Sara Muff verschiedene Fragen und verlangte die Diskussion, da sie mit den Antworten nicht zufrieden war. Die Anfrage ist danach erledigt.<\/strong><\/em><\/em><\/em><\/em><\/li>\n<li><a href=\"https:\/\/www.lu.ch\/kr\/parlamentsgeschaefte\/detail?ges=b412016ceadb46c1afe89d7df686f0a9&amp;back=1&amp;geschaeftsnr=p%2034&amp;art=-0-1-2-3&amp;bart=-0-1-2-3-4&amp;vart=-0-1-2-3&amp;wart=1&amp;gart=1&amp;status=-0-1\" target=\"_blank\" rel=\"noopener\"><strong>P 34 *Postulat Arnold Robi und Mit. \u00fcber sind die strategischen Arbeitsgebiete im Kanton Luzern noch zeitgem\u00e4ss?<\/strong><\/a> \/ Bau-,Umwelt- und Wirtschaftsdepartement\n<div id=\"attachment_5726\" style=\"width: 310px\" class=\"wp-caption alignright\"><img loading=\"lazy\" decoding=\"async\" aria-describedby=\"caption-attachment-5726\" class=\"size-medium wp-image-5726\" src=\"http:\/\/peter-faessler.spschweiz.ch\/wp-content\/uploads\/sites\/15\/2024\/06\/foto_sachplan_fruchtfolgeflaechen_2-2123738396-300x188.jpg\" alt=\"\" width=\"300\" height=\"188\" srcset=\"https:\/\/peter-faessler.spschweiz.ch\/wp-content\/uploads\/sites\/15\/2024\/06\/foto_sachplan_fruchtfolgeflaechen_2-2123738396-300x188.jpg 300w, https:\/\/peter-faessler.spschweiz.ch\/wp-content\/uploads\/sites\/15\/2024\/06\/foto_sachplan_fruchtfolgeflaechen_2-2123738396-150x94.jpg 150w, https:\/\/peter-faessler.spschweiz.ch\/wp-content\/uploads\/sites\/15\/2024\/06\/foto_sachplan_fruchtfolgeflaechen_2-2123738396-768x480.jpg 768w, https:\/\/peter-faessler.spschweiz.ch\/wp-content\/uploads\/sites\/15\/2024\/06\/foto_sachplan_fruchtfolgeflaechen_2-2123738396.jpg 1024w\" sizes=\"auto, (max-width: 300px) 100vw, 300px\" \/><p id=\"caption-attachment-5726\" class=\"wp-caption-text\">Bild: are.admin.ch<\/p><\/div>\n<p>Antrag RR: Ablehnung<br \/>\n<em><em><em><em><strong>Inhalt: <span class=\"fontstyle0\">Strategisches Arbeitsgebiet (SAG), welches sich im Kanton auf bestem Ackerland als Fruchtfolgefl\u00e4che befindet, sei im Hinblick auf die Ern\u00e4hrungssicherheit und die Sicherstellung von Fruchtfolgefl\u00e4chen f\u00fcr die Zukunft nicht mehr gerechtfertigt.<\/span> <span class=\"fontstyle0\">Der Regierungsrat wird beauftragt, neue L\u00f6sungsans\u00e4tze zu pr\u00fcfen und den Richtplan entsprechend zu \u00e4ndern.<\/span><\/strong><\/em><\/em><\/em><\/em><em><em><em><strong><br \/>\nDie SP lehnt dieses Postulat mehrheitlich ab. Hier die Gr\u00fcnde in mein Votum (<a href=\"http:\/\/peter-faessler.spschweiz.ch\/wp-content\/uploads\/sites\/15\/2024\/06\/P-34-Votum-strategischen-Arbeitsgebiete-SAG.pdf\">P 34 Votum strategischen Arbeitsgebiete SAG<\/a>). Das Postulat wurde mit 67 zu 38 Stimmen bei 4 Enthaltungen abgelehnt.<\/strong><\/em><\/em><\/em><\/li>\n<li><a href=\"https:\/\/www.lu.ch\/kr\/parlamentsgeschaefte\/detail?ges=8be50fbf0b004855b3466e6de9695f5f&amp;back=1&amp;geschaeftsnr=p%20121&amp;art=-0-1-2-3&amp;bart=-0-1-2-3-4&amp;vart=-0-1-2-3&amp;wart=1&amp;gart=1&amp;status=-0-1\" target=\"_blank\" rel=\"noopener\"><strong>P 121 *Postulat Bossart Rolf und Mit. \u00fcber die \u00dcberpr\u00fcfung der Ursachen der wiederholten \u00dcberschwemmungen rund um den Sempachersee und Massnahmen zu deren Verhinderung<\/strong><\/a> \/ Bau-, Umwelt- und Wirtschaftsdepartement<br \/>\nAntrag RR: Erheblicherkl\u00e4rung<br \/>\n<em><strong>Inhalt: <span class=\"fontstyle0\">Im Zusammenhang mit den wiederholten massiven \u00dcberschwemmungen in den letzten Jahren, auch rund um den Sempachersee, ist zu pr\u00fcfen, welche Ursachen daf\u00fcr verantwortlich sind. Im Anschluss sind entsprechende Massnahmen zu ergreifen, damit die \u00dcberschwemmungssch\u00e4den verhindert werden.<\/span><\/strong><\/em><br \/>\n<em><strong>Das Postulat wurde mit 81 zu 28 Stimmen \u00fcberwiesen. Dies gegen den Willen der linken Parteien, die bef\u00fcrchten, die Renaturierungsmassnahmen w\u00fcrden darunter leiden.<\/strong><\/em><\/li>\n<li><a href=\"https:\/\/www.lu.ch\/kr\/parlamentsgeschaefte\/detail?ges=54b4d3d324974f4cab13d3527b3a7edc&amp;back=1&amp;geschaeftsnr=m%201088&amp;art=-0-1-2-3&amp;bart=-0-1-2-3-4&amp;vart=-0-1-2-3&amp;wart=1&amp;gart=1&amp;status=-0-1\" target=\"_blank\" rel=\"noopener\"><strong>M 1088 *Motion Stutz Hans und Mit. \u00fcber die St\u00e4rkung der Aufsichts- und Kontrollkommission (AKK)<\/strong><\/a> \/ Staatskanzlei<br \/>\nAntrag RR: Ablehnung<br \/>\n<em><strong>Inhalt: <span class=\"fontstyle0\"><span class=\"fontstyle0\">Der Kanton Luzern geh\u00f6rt weiterhin zu jenen Kantonen, deren Strukturen von obrigkeitsgef\u00e4lligen Regelungen gepr\u00e4gt sind. Noch immer hat er keine Ombudsstelle. Noch immer ist das \u00d6ffentlichkeitsprinzip nicht umgesetzt, obwohl die Mehrheit des Kantonsrats dessen Einf\u00fchrung bef\u00fcrwortet hat. Noch immer erfahren die B\u00fcrger*innen nicht, was die Organe der Oberaufsicht \u00fcber Regierung und Verwaltung kontrolliert haben und zu welchen Einsch\u00e4tzungen sie dabei gekommen sind. Die Motion verlangt folgendes: 1. die Aufsichts- und Kontrollkommission (AKK) j\u00e4hrlich einen T\u00e4tigkeitsbericht erstellt, in <\/span><\/span><span class=\"fontstyle0\"><span class=\"fontstyle0\">dem sie \u00fcber den Umfang und die Schwerpunkte ihrer Aufsichtst\u00e4tigkeit orientiert, <\/span><\/span><span class=\"fontstyle0\"><span class=\"fontstyle0\">ebenso \u00fcber wichtige Feststellungen und Beurteilungen, <\/span><\/span><\/strong><\/em><span class=\"fontstyle0\"><span class=\"fontstyle0\"><em><strong>2. dieser Bericht zu ver\u00f6ffentlichen ist.<\/strong> <\/em><br \/>\n<em><strong>Die Motion wurde mit 80 zu 32 Stimmen abgelehnt. Die Linksparteien waren daf\u00fcr.<\/strong><\/em><\/span><\/span><\/li>\n<li><a href=\"https:\/\/www.lu.ch\/kr\/parlamentsgeschaefte\/detail?ges=4b7fbeaae76b421fb524b7a1340b0675&amp;back=1&amp;geschaeftsnr=p%2079&amp;art=-0-1-2-3&amp;bart=-0-1-2-3-4&amp;vart=-0-1-2-3&amp;wart=1&amp;gart=1&amp;status=-0-1\" target=\"_blank\" rel=\"noopener\"><strong>P 79 *Postulat Piazza Daniel und Mit. \u00fcber eine \u00dcbersicht \u00fcber traktandierte Gesch\u00e4fte mit finanziellen Auswirkungen<\/strong><\/a> \/ Staatskanzlei i. V. mit Finanzdepartement\n<div id=\"attachment_2024\" style=\"width: 310px\" class=\"wp-caption alignright\"><img loading=\"lazy\" decoding=\"async\" aria-describedby=\"caption-attachment-2024\" class=\"size-medium wp-image-2024\" src=\"http:\/\/peter-faessler.spschweiz.ch\/wp-content\/uploads\/sites\/15\/2018\/12\/Geld-CH-300x200.jpg\" alt=\"\" width=\"300\" height=\"200\" srcset=\"https:\/\/peter-faessler.spschweiz.ch\/wp-content\/uploads\/sites\/15\/2018\/12\/Geld-CH-300x200.jpg 300w, https:\/\/peter-faessler.spschweiz.ch\/wp-content\/uploads\/sites\/15\/2018\/12\/Geld-CH-150x100.jpg 150w, https:\/\/peter-faessler.spschweiz.ch\/wp-content\/uploads\/sites\/15\/2018\/12\/Geld-CH.jpg 640w\" sizes=\"auto, (max-width: 300px) 100vw, 300px\" \/><p id=\"caption-attachment-2024\" class=\"wp-caption-text\">Bild: der.bund.ch<\/p><\/div>\n<p>Antrag RR: Teilweise Erheblicherkl\u00e4rung<br \/>\n<em><strong>Inhalt: <span class=\"fontstyle0\">Zu Beginn jeder Session ist eine Liste \u00fcber alle neuen Ausgaben und\/oder neuen Investitionen sowie \u2013 sofern m\u00f6glich und sinnvoll \u2013 neuen Stellen zu erstellen, die mit den an der Session traktandierten Gesch\u00e4ften in Zusammenhang stehen.<\/span>\u00a0<\/strong><\/em><br \/>\n<em><strong>Das Postulat wurde mit 62 zu 49 Stimmen abgelehnt. Dies mit den Stimmen der GLP, SP, Gr\u00fcne und SVP.<\/strong><\/em><\/li>\n<\/ol>\n<p><span class=\"fontstyle0\">* Diese Gesch\u00e4fte waren bereits an der Mai-Session 2024 traktandiert.<\/span><\/p>\n","protected":false},"excerpt":{"rendered":"<p>Der Luzerner Kantonsrat trifft sich zur Juni-Session wie gewohnt im Regierungsgeb\u00e4ude in Luzern. Es sind 2 Sessionstage vorgesehen.\u00a0 Hier der Link zum Sitzplan im Kantonsrat&#8230;<\/p>\n","protected":false},"author":19,"featured_media":5663,"comment_status":"open","ping_status":"open","sticky":false,"template":"","format":"standard","meta":{"footnotes":""},"categories":[22,23,79,30,21,97,25,127,128],"tags":[8,9,16,19,26,31,7,10,15],"class_list":["post-5670","post","type-post","status-publish","format-standard","has-post-thumbnail","hentry","category-kantonsrat-luzern","category-kantonsratsession","category-klima","category-parlament","category-politik","category-ruek","category-session-kantonsrat-luzern","category-sp-kanton-luzern","category-sp-kantonsratsfraktion","tag-kanton-luzern","tag-kantonsrat","tag-kantonsrat-kanton-luzern","tag-kantonsrat-luzern","tag-kantonsratssession","tag-parlament","tag-politik","tag-session","tag-sp"],"yoast_head":"<!-- This site is optimized with the Yoast SEO plugin v27.5 - https:\/\/yoast.com\/product\/yoast-seo-wordpress\/ -->\n<title>Juni-Session des Luzerner Kantonsrates vom 17. und 18. Juni 2024, 1. Tag 17. Juni 2024 - Peter F\u00e4ssler<\/title>\n<meta name=\"robots\" content=\"index, follow, max-snippet:-1, max-image-preview:large, max-video-preview:-1\" \/>\n<link rel=\"canonical\" href=\"https:\/\/peter-faessler.spschweiz.ch\/?p=5670\" \/>\n<meta property=\"og:locale\" content=\"de_DE\" \/>\n<meta property=\"og:type\" content=\"article\" \/>\n<meta property=\"og:title\" content=\"Juni-Session des Luzerner Kantonsrates vom 17. und 18. Juni 2024, 1. Tag 17. Juni 2024 - Peter F\u00e4ssler\" \/>\n<meta property=\"og:description\" content=\"Der Luzerner Kantonsrat trifft sich zur Juni-Session wie gewohnt im Regierungsgeb\u00e4ude in Luzern. Es sind 2 Sessionstage vorgesehen.\u00a0 Hier der Link zum Sitzplan im Kantonsrat...\" \/>\n<meta property=\"og:url\" content=\"https:\/\/peter-faessler.spschweiz.ch\/?p=5670\" \/>\n<meta property=\"og:site_name\" content=\"Peter F\u00e4ssler\" \/>\n<meta property=\"article:author\" content=\"www.facebook.com\/peter.fassler.31\" \/>\n<meta property=\"article:published_time\" content=\"2024-06-17T13:14:38+00:00\" \/>\n<meta property=\"article:modified_time\" content=\"2024-06-18T05:39:33+00:00\" \/>\n<meta property=\"og:image\" content=\"http:\/\/peter-faessler.spschweiz.ch\/wp-content\/uploads\/sites\/15\/2024\/05\/KR_Parlamentsgeschaefte.jpg\" \/>\n\t<meta property=\"og:image:width\" content=\"1280\" \/>\n\t<meta property=\"og:image:height\" content=\"720\" \/>\n\t<meta property=\"og:image:type\" content=\"image\/jpeg\" \/>\n<meta name=\"author\" content=\"Peter F\u00e4ssler\" \/>\n<meta name=\"twitter:label1\" content=\"Verfasst von\" \/>\n\t<meta name=\"twitter:data1\" content=\"Peter F\u00e4ssler\" \/>\n\t<meta name=\"twitter:label2\" content=\"Gesch\u00e4tzte Lesezeit\" \/>\n\t<meta name=\"twitter:data2\" content=\"13\u00a0Minuten\" \/>\n<script type=\"application\/ld+json\" class=\"yoast-schema-graph\">{\"@context\":\"https:\\\/\\\/schema.org\",\"@graph\":[{\"@type\":\"Article\",\"@id\":\"https:\\\/\\\/peter-faessler.spschweiz.ch\\\/?p=5670#article\",\"isPartOf\":{\"@id\":\"https:\\\/\\\/peter-faessler.spschweiz.ch\\\/?p=5670\"},\"author\":{\"name\":\"Peter F\u00e4ssler\",\"@id\":\"https:\\\/\\\/peter-faessler.spschweiz.ch\\\/#\\\/schema\\\/person\\\/7ac2f764b1930b731c670e8a2393b60e\"},\"headline\":\"Juni-Session des Luzerner Kantonsrates vom 17. und 18. Juni 2024, 1. Tag 17. Juni 2024\",\"datePublished\":\"2024-06-17T13:14:38+00:00\",\"dateModified\":\"2024-06-18T05:39:33+00:00\",\"mainEntityOfPage\":{\"@id\":\"https:\\\/\\\/peter-faessler.spschweiz.ch\\\/?p=5670\"},\"wordCount\":1868,\"commentCount\":0,\"image\":{\"@id\":\"https:\\\/\\\/peter-faessler.spschweiz.ch\\\/?p=5670#primaryimage\"},\"thumbnailUrl\":\"https:\\\/\\\/peter-faessler.spschweiz.ch\\\/wp-content\\\/uploads\\\/sites\\\/15\\\/2024\\\/05\\\/KR_Parlamentsgeschaefte.jpg\",\"keywords\":[\"Kanton Luzern\",\"Kantonsrat\",\"Kantonsrat Kanton Luzern\",\"Kantonsrat Luzern\",\"Kantonsratssession\",\"Parlament\",\"Politik\",\"Session\",\"SP\"],\"articleSection\":[\"Kantonsrat Luzern\",\"Kantonsratsession\",\"Klima\",\"Parlament\",\"Politik\",\"RUEK\",\"Session Kantonsrat Luzern\",\"SP Kanton Luzern\",\"SP Kantonsratsfraktion\"],\"inLanguage\":\"de\",\"potentialAction\":[{\"@type\":\"CommentAction\",\"name\":\"Comment\",\"target\":[\"https:\\\/\\\/peter-faessler.spschweiz.ch\\\/?p=5670#respond\"]}]},{\"@type\":\"WebPage\",\"@id\":\"https:\\\/\\\/peter-faessler.spschweiz.ch\\\/?p=5670\",\"url\":\"https:\\\/\\\/peter-faessler.spschweiz.ch\\\/?p=5670\",\"name\":\"Juni-Session des Luzerner Kantonsrates vom 17. und 18. Juni 2024, 1. Tag 17. Juni 2024 - Peter F\u00e4ssler\",\"isPartOf\":{\"@id\":\"https:\\\/\\\/peter-faessler.spschweiz.ch\\\/#website\"},\"primaryImageOfPage\":{\"@id\":\"https:\\\/\\\/peter-faessler.spschweiz.ch\\\/?p=5670#primaryimage\"},\"image\":{\"@id\":\"https:\\\/\\\/peter-faessler.spschweiz.ch\\\/?p=5670#primaryimage\"},\"thumbnailUrl\":\"https:\\\/\\\/peter-faessler.spschweiz.ch\\\/wp-content\\\/uploads\\\/sites\\\/15\\\/2024\\\/05\\\/KR_Parlamentsgeschaefte.jpg\",\"datePublished\":\"2024-06-17T13:14:38+00:00\",\"dateModified\":\"2024-06-18T05:39:33+00:00\",\"author\":{\"@id\":\"https:\\\/\\\/peter-faessler.spschweiz.ch\\\/#\\\/schema\\\/person\\\/7ac2f764b1930b731c670e8a2393b60e\"},\"breadcrumb\":{\"@id\":\"https:\\\/\\\/peter-faessler.spschweiz.ch\\\/?p=5670#breadcrumb\"},\"inLanguage\":\"de\",\"potentialAction\":[{\"@type\":\"ReadAction\",\"target\":[\"https:\\\/\\\/peter-faessler.spschweiz.ch\\\/?p=5670\"]}]},{\"@type\":\"ImageObject\",\"inLanguage\":\"de\",\"@id\":\"https:\\\/\\\/peter-faessler.spschweiz.ch\\\/?p=5670#primaryimage\",\"url\":\"https:\\\/\\\/peter-faessler.spschweiz.ch\\\/wp-content\\\/uploads\\\/sites\\\/15\\\/2024\\\/05\\\/KR_Parlamentsgeschaefte.jpg\",\"contentUrl\":\"https:\\\/\\\/peter-faessler.spschweiz.ch\\\/wp-content\\\/uploads\\\/sites\\\/15\\\/2024\\\/05\\\/KR_Parlamentsgeschaefte.jpg\",\"width\":1280,\"height\":720,\"caption\":\"Bild: Kanton Luzern\"},{\"@type\":\"BreadcrumbList\",\"@id\":\"https:\\\/\\\/peter-faessler.spschweiz.ch\\\/?p=5670#breadcrumb\",\"itemListElement\":[{\"@type\":\"ListItem\",\"position\":1,\"name\":\"Startseite\",\"item\":\"https:\\\/\\\/peter-faessler.spschweiz.ch\\\/\"},{\"@type\":\"ListItem\",\"position\":2,\"name\":\"Juni-Session des Luzerner Kantonsrates vom 17. und 18. Juni 2024, 1. Tag 17. Juni 2024\"}]},{\"@type\":\"WebSite\",\"@id\":\"https:\\\/\\\/peter-faessler.spschweiz.ch\\\/#website\",\"url\":\"https:\\\/\\\/peter-faessler.spschweiz.ch\\\/\",\"name\":\"Peter F\u00e4ssler\",\"description\":\"SP Kantonsrat Kanton Luzern\",\"potentialAction\":[{\"@type\":\"SearchAction\",\"target\":{\"@type\":\"EntryPoint\",\"urlTemplate\":\"https:\\\/\\\/peter-faessler.spschweiz.ch\\\/?s={search_term_string}\"},\"query-input\":{\"@type\":\"PropertyValueSpecification\",\"valueRequired\":true,\"valueName\":\"search_term_string\"}}],\"inLanguage\":\"de\"},{\"@type\":\"Person\",\"@id\":\"https:\\\/\\\/peter-faessler.spschweiz.ch\\\/#\\\/schema\\\/person\\\/7ac2f764b1930b731c670e8a2393b60e\",\"name\":\"Peter F\u00e4ssler\",\"image\":{\"@type\":\"ImageObject\",\"inLanguage\":\"de\",\"@id\":\"https:\\\/\\\/secure.gravatar.com\\\/avatar\\\/9da8604da19b11812517d76f206166d47c5e180a26df2de36b8649168e128572?s=96&d=blank&r=g\",\"url\":\"https:\\\/\\\/secure.gravatar.com\\\/avatar\\\/9da8604da19b11812517d76f206166d47c5e180a26df2de36b8649168e128572?s=96&d=blank&r=g\",\"contentUrl\":\"https:\\\/\\\/secure.gravatar.com\\\/avatar\\\/9da8604da19b11812517d76f206166d47c5e180a26df2de36b8649168e128572?s=96&d=blank&r=g\",\"caption\":\"Peter F\u00e4ssler\"},\"description\":\"Peter F\u00e4ssler Schibiweg 7 6006 Luzern\",\"sameAs\":[\"www.facebook.com\\\/peter.fassler.31\",\"https:\\\/\\\/www.instagram.com\\\/peter.fassler.31\\\/\",\"https:\\\/\\\/www.linkedin.com\\\/in\\\/peter-fssler-2518a782\\\/\",\"https:\\\/\\\/x.com\\\/pfaessler56\"],\"url\":\"https:\\\/\\\/peter-faessler.spschweiz.ch\\\/?author=19\"}]}<\/script>\n<!-- \/ Yoast SEO plugin. -->","yoast_head_json":{"title":"Juni-Session des Luzerner Kantonsrates vom 17. und 18. Juni 2024, 1. Tag 17. Juni 2024 - Peter F\u00e4ssler","robots":{"index":"index","follow":"follow","max-snippet":"max-snippet:-1","max-image-preview":"max-image-preview:large","max-video-preview":"max-video-preview:-1"},"canonical":"https:\/\/peter-faessler.spschweiz.ch\/?p=5670","og_locale":"de_DE","og_type":"article","og_title":"Juni-Session des Luzerner Kantonsrates vom 17. und 18. Juni 2024, 1. Tag 17. Juni 2024 - Peter F\u00e4ssler","og_description":"Der Luzerner Kantonsrat trifft sich zur Juni-Session wie gewohnt im Regierungsgeb\u00e4ude in Luzern. Es sind 2 Sessionstage vorgesehen.\u00a0 Hier der Link zum Sitzplan im Kantonsrat...","og_url":"https:\/\/peter-faessler.spschweiz.ch\/?p=5670","og_site_name":"Peter F\u00e4ssler","article_author":"www.facebook.com\/peter.fassler.31","article_published_time":"2024-06-17T13:14:38+00:00","article_modified_time":"2024-06-18T05:39:33+00:00","og_image":[{"width":1280,"height":720,"url":"http:\/\/peter-faessler.spschweiz.ch\/wp-content\/uploads\/sites\/15\/2024\/05\/KR_Parlamentsgeschaefte.jpg","type":"image\/jpeg"}],"author":"Peter F\u00e4ssler","twitter_misc":{"Verfasst von":"Peter F\u00e4ssler","Gesch\u00e4tzte Lesezeit":"13\u00a0Minuten"},"schema":{"@context":"https:\/\/schema.org","@graph":[{"@type":"Article","@id":"https:\/\/peter-faessler.spschweiz.ch\/?p=5670#article","isPartOf":{"@id":"https:\/\/peter-faessler.spschweiz.ch\/?p=5670"},"author":{"name":"Peter F\u00e4ssler","@id":"https:\/\/peter-faessler.spschweiz.ch\/#\/schema\/person\/7ac2f764b1930b731c670e8a2393b60e"},"headline":"Juni-Session des Luzerner Kantonsrates vom 17. und 18. Juni 2024, 1. Tag 17. Juni 2024","datePublished":"2024-06-17T13:14:38+00:00","dateModified":"2024-06-18T05:39:33+00:00","mainEntityOfPage":{"@id":"https:\/\/peter-faessler.spschweiz.ch\/?p=5670"},"wordCount":1868,"commentCount":0,"image":{"@id":"https:\/\/peter-faessler.spschweiz.ch\/?p=5670#primaryimage"},"thumbnailUrl":"https:\/\/peter-faessler.spschweiz.ch\/wp-content\/uploads\/sites\/15\/2024\/05\/KR_Parlamentsgeschaefte.jpg","keywords":["Kanton Luzern","Kantonsrat","Kantonsrat Kanton Luzern","Kantonsrat Luzern","Kantonsratssession","Parlament","Politik","Session","SP"],"articleSection":["Kantonsrat Luzern","Kantonsratsession","Klima","Parlament","Politik","RUEK","Session Kantonsrat Luzern","SP Kanton Luzern","SP Kantonsratsfraktion"],"inLanguage":"de","potentialAction":[{"@type":"CommentAction","name":"Comment","target":["https:\/\/peter-faessler.spschweiz.ch\/?p=5670#respond"]}]},{"@type":"WebPage","@id":"https:\/\/peter-faessler.spschweiz.ch\/?p=5670","url":"https:\/\/peter-faessler.spschweiz.ch\/?p=5670","name":"Juni-Session des Luzerner Kantonsrates vom 17. und 18. Juni 2024, 1. Tag 17. Juni 2024 - Peter F\u00e4ssler","isPartOf":{"@id":"https:\/\/peter-faessler.spschweiz.ch\/#website"},"primaryImageOfPage":{"@id":"https:\/\/peter-faessler.spschweiz.ch\/?p=5670#primaryimage"},"image":{"@id":"https:\/\/peter-faessler.spschweiz.ch\/?p=5670#primaryimage"},"thumbnailUrl":"https:\/\/peter-faessler.spschweiz.ch\/wp-content\/uploads\/sites\/15\/2024\/05\/KR_Parlamentsgeschaefte.jpg","datePublished":"2024-06-17T13:14:38+00:00","dateModified":"2024-06-18T05:39:33+00:00","author":{"@id":"https:\/\/peter-faessler.spschweiz.ch\/#\/schema\/person\/7ac2f764b1930b731c670e8a2393b60e"},"breadcrumb":{"@id":"https:\/\/peter-faessler.spschweiz.ch\/?p=5670#breadcrumb"},"inLanguage":"de","potentialAction":[{"@type":"ReadAction","target":["https:\/\/peter-faessler.spschweiz.ch\/?p=5670"]}]},{"@type":"ImageObject","inLanguage":"de","@id":"https:\/\/peter-faessler.spschweiz.ch\/?p=5670#primaryimage","url":"https:\/\/peter-faessler.spschweiz.ch\/wp-content\/uploads\/sites\/15\/2024\/05\/KR_Parlamentsgeschaefte.jpg","contentUrl":"https:\/\/peter-faessler.spschweiz.ch\/wp-content\/uploads\/sites\/15\/2024\/05\/KR_Parlamentsgeschaefte.jpg","width":1280,"height":720,"caption":"Bild: Kanton Luzern"},{"@type":"BreadcrumbList","@id":"https:\/\/peter-faessler.spschweiz.ch\/?p=5670#breadcrumb","itemListElement":[{"@type":"ListItem","position":1,"name":"Startseite","item":"https:\/\/peter-faessler.spschweiz.ch\/"},{"@type":"ListItem","position":2,"name":"Juni-Session des Luzerner Kantonsrates vom 17. und 18. Juni 2024, 1. Tag 17. Juni 2024"}]},{"@type":"WebSite","@id":"https:\/\/peter-faessler.spschweiz.ch\/#website","url":"https:\/\/peter-faessler.spschweiz.ch\/","name":"Peter F\u00e4ssler","description":"SP Kantonsrat Kanton Luzern","potentialAction":[{"@type":"SearchAction","target":{"@type":"EntryPoint","urlTemplate":"https:\/\/peter-faessler.spschweiz.ch\/?s={search_term_string}"},"query-input":{"@type":"PropertyValueSpecification","valueRequired":true,"valueName":"search_term_string"}}],"inLanguage":"de"},{"@type":"Person","@id":"https:\/\/peter-faessler.spschweiz.ch\/#\/schema\/person\/7ac2f764b1930b731c670e8a2393b60e","name":"Peter F\u00e4ssler","image":{"@type":"ImageObject","inLanguage":"de","@id":"https:\/\/secure.gravatar.com\/avatar\/9da8604da19b11812517d76f206166d47c5e180a26df2de36b8649168e128572?s=96&d=blank&r=g","url":"https:\/\/secure.gravatar.com\/avatar\/9da8604da19b11812517d76f206166d47c5e180a26df2de36b8649168e128572?s=96&d=blank&r=g","contentUrl":"https:\/\/secure.gravatar.com\/avatar\/9da8604da19b11812517d76f206166d47c5e180a26df2de36b8649168e128572?s=96&d=blank&r=g","caption":"Peter F\u00e4ssler"},"description":"Peter F\u00e4ssler Schibiweg 7 6006 Luzern","sameAs":["www.facebook.com\/peter.fassler.31","https:\/\/www.instagram.com\/peter.fassler.31\/","https:\/\/www.linkedin.com\/in\/peter-fssler-2518a782\/","https:\/\/x.com\/pfaessler56"],"url":"https:\/\/peter-faessler.spschweiz.ch\/?author=19"}]}},"_links":{"self":[{"href":"https:\/\/peter-faessler.spschweiz.ch\/index.php?rest_route=\/wp\/v2\/posts\/5670","targetHints":{"allow":["GET"]}}],"collection":[{"href":"https:\/\/peter-faessler.spschweiz.ch\/index.php?rest_route=\/wp\/v2\/posts"}],"about":[{"href":"https:\/\/peter-faessler.spschweiz.ch\/index.php?rest_route=\/wp\/v2\/types\/post"}],"author":[{"embeddable":true,"href":"https:\/\/peter-faessler.spschweiz.ch\/index.php?rest_route=\/wp\/v2\/users\/19"}],"replies":[{"embeddable":true,"href":"https:\/\/peter-faessler.spschweiz.ch\/index.php?rest_route=%2Fwp%2Fv2%2Fcomments&post=5670"}],"version-history":[{"count":48,"href":"https:\/\/peter-faessler.spschweiz.ch\/index.php?rest_route=\/wp\/v2\/posts\/5670\/revisions"}],"predecessor-version":[{"id":5733,"href":"https:\/\/peter-faessler.spschweiz.ch\/index.php?rest_route=\/wp\/v2\/posts\/5670\/revisions\/5733"}],"wp:featuredmedia":[{"embeddable":true,"href":"https:\/\/peter-faessler.spschweiz.ch\/index.php?rest_route=\/wp\/v2\/media\/5663"}],"wp:attachment":[{"href":"https:\/\/peter-faessler.spschweiz.ch\/index.php?rest_route=%2Fwp%2Fv2%2Fmedia&parent=5670"}],"wp:term":[{"taxonomy":"category","embeddable":true,"href":"https:\/\/peter-faessler.spschweiz.ch\/index.php?rest_route=%2Fwp%2Fv2%2Fcategories&post=5670"},{"taxonomy":"post_tag","embeddable":true,"href":"https:\/\/peter-faessler.spschweiz.ch\/index.php?rest_route=%2Fwp%2Fv2%2Ftags&post=5670"}],"curies":[{"name":"wp","href":"https:\/\/api.w.org\/{rel}","templated":true}]}}