{"id":582,"date":"2017-01-30T11:06:07","date_gmt":"2017-01-30T10:06:07","guid":{"rendered":"http:\/\/peter-faessler.spschweiz.ch\/?p=582"},"modified":"2017-01-30T20:07:35","modified_gmt":"2017-01-30T19:07:35","slug":"30-01-2017-kantonsratssession","status":"publish","type":"post","link":"https:\/\/peter-faessler.spschweiz.ch\/?p=582","title":{"rendered":"30.01.2017 Kantonsratssession Kantonsrat Luzern"},"content":{"rendered":"<p>Die erste <a href=\"http:\/\/www.lu.ch\/kr\/sessionen\/sessionsdaten_2017\/detail?guid=d5e63b410b2546b29459ae7f7d623f57&amp;cal=4302A37117284C32A900B105A4E47D5B\" target=\"_blank\">Kantonsrat-Session<\/a> im Jahr 2017 dauert nur einen Tag. Auf der <a href=\"http:\/\/www.lu.ch\/kr\/parlamentsgeschaefte\/CdwsFiles?fileid=afca46e5dca8453aa88896b9bc47eb5f-332&amp;version=3\" target=\"_blank\">Traktandenliste<\/a> stehen regul\u00e4re 13 Gesch\u00e4fte und 13 dringliche Vorst\u00f6sse.<\/p>\n<p>Zu Beginn der Session wird der R\u00fccktritt von unserem Kantonsratsmitglied <a href=\"http:\/\/peter-faessler.spschweiz.ch\/wp-content\/uploads\/sites\/15\/2017\/01\/MENNEL_JACQUELINE_01_cmyk.jpg\" target=\"_blank\">Jacqueline Mennel Kaeslin<\/a> nach 9 Jahren im Kantonsrat verk\u00fcndet. Ihr Nachfolger wird der Hitzkircher <a href=\"http:\/\/peter-faessler.spschweiz.ch\/wp-content\/uploads\/sites\/15\/2017\/01\/SCHULER_JOSEF_02_cmyk.jpg\" target=\"_blank\">Josef Schuler<\/a> sein. <a href=\"http:\/\/peter-faessler.spschweiz.ch\/wp-content\/uploads\/sites\/15\/2017\/01\/2017_01_30_MM-Personelle-Vera\u0308nderungen.pdf\" target=\"_blank\">Medienmitteilung der SP Kanton Luzern.<\/a><\/p>\n<p>Folgende Vorst\u00f6sse wurden vom RR dringlich erkl\u00e4rt und werden je als Paket IPV (Individuelle Pr\u00e4mienverbilligung) und ZHB (Zentral- und Hochschulbibliothek) behandelt. Die Abstimmungen dar\u00fcber ergab folgendes Bild:<br \/>\n-Motion <a href=\"http:\/\/www.lu.ch\/kr\/parlamentsgeschaefte\/detail?ges=111a3bafe4784bb2aa6c11aedfc4a382&amp;back=1&amp;geschaeftsnr=M 254&amp;art=-0-1-2&amp;bart=-0-1-2-3-4&amp;vart=-0-1-2-3&amp;gart=1&amp;status=-0-1\" target=\"_blank\">M 254 Auszahlung Pr\u00e4mienverbilligung bei budgetlosem Zustand<\/a> von J\u00f6rg Meyer, <strong>Dringlichkeit bejaht. <\/strong>Die Regierung beantragt Ablehnung.<br \/>\n-Motion <a href=\"http:\/\/www.lu.ch\/kr\/parlamentsgeschaefte\/detail?ges=90d9678cea384a07986ca8993801e275&amp;back=1&amp;geschaeftsnr=m 255&amp;art=-0-1-2&amp;bart=-0-1-2-3-4&amp;vart=-0-1-2-3&amp;gart=1&amp;status=-0-1\" target=\"_blank\">M 255 Die Pr\u00e4mienverbilligung soll trotz budgetlosem Zustand bezahlt werden<\/a> von Helen Schurtenberger, <strong>Dringlichkeit bejaht.\u00a0<\/strong>Die Regierung empfiehlt den Vorstoss als Postulat zu \u00fcberweisen.<br \/>\n-Anfrage <a href=\"http:\/\/www.lu.ch\/kr\/parlamentsgeschaefte\/detail?ges=76fd217de74c4c02a62d947549ef967f&amp;back=1&amp;geschaeftsnr=a 256&amp;art=-0-1-2&amp;bart=-0-1-2-3-4&amp;vart=-0-1-2-3&amp;gart=1&amp;status=-0-1\" target=\"_blank\">A 256 Auswirkung der verz\u00f6gerten IPV-Auszahlung auf Gemeinden usw.<\/a> von J\u00f6rg Meyer, <strong>Dringlichkeit bejaht<\/strong><br \/>\nJ\u00f6rg Meyer ist mit der Antwort zufrieden, keine Diskussion.<br \/>\n-Motion <a href=\"http:\/\/www.lu.ch\/kr\/parlamentsgeschaefte\/detail?ges=c311c9f46ac64bc6b996961f15acdad2&amp;back=1&amp;geschaeftsnr=m 257&amp;art=-0-1-2&amp;bart=-0-1-2-3-4&amp;vart=-0-1-2-3&amp;gart=1&amp;status=-0-1\" target=\"_blank\">M 257 Sofortige Berechnung und Auszahlung Pr\u00e4mienverbilligung 2017<\/a> von J\u00f6rg Meyer, <strong>Dringlichkeit bejaht. <\/strong>J\u00f6rg Meyer ist zufrieden mit der \u00dcberweisung als Postulat, wie es die Regierung vorschl\u00e4gt.<br \/>\n-Motion <a href=\"http:\/\/www.lu.ch\/kr\/parlamentsgeschaefte\/detail?ges=880e0572dd5f4fc6a805ca65853a0391&amp;back=1&amp;geschaeftsnr=m 262&amp;art=-0-1-2&amp;bart=-0-1-2-3-4&amp;vart=-0-1-2-3&amp;gart=1&amp;status=-0-1\" target=\"_blank\">M 262 Dringliche\u00a0Motion\u00a0\u00fcber\u00a0die\u00a0sofortige\u00a0Wiederaufnahme\u00a0der\u00a0ZHB\u2010Sanierung von<\/a> Urban Sager, <strong>Dringlichkeit abgelehnt<\/strong><br \/>\n-Anfrage <a href=\"http:\/\/www.lu.ch\/kr\/parlamentsgeschaefte\/detail?ges=f60ce544295a4987902228c52db29336&amp;back=1&amp;geschaeftsnr=a 263&amp;art=-0-1-2&amp;bart=-0-1-2-3-4&amp;vart=-0-1-2-3&amp;gart=1&amp;status=-0-1\" target=\"_blank\">A 263 Dringliche\u00a0Anfrage\u00a0\u00fcber\u00a0die\u00a0Sistierung\u00a0der\u00a0ZHB\u2010Sanierung\u00a0und\u00a0die\u00a0Verletzung\u00a0des\u00a0 Bibliotheksgesetzes<\/a> von Urban Sager, <strong>Dringlichkeit abgelehnt<\/strong><br \/>\n-Postulat <a href=\"http:\/\/www.lu.ch\/kr\/parlamentsgeschaefte\/detail?ges=dfe5d2b0995b43349efe8d467d2539c9&amp;back=1&amp;geschaeftsnr=p 267&amp;art=-0-1-2&amp;bart=-0-1-2-3-4&amp;vart=-0-1-2-3&amp;gart=1&amp;status=-0-1\" target=\"_blank\">P 267 Pr\u00fcfung von Massnahmen zur \u00dcberbr\u00fcckung des budgetlosen Zustandes bei der IPV<\/a> von Marlis Roos Willi, <strong>Dringlichkeit <\/strong><strong>bejaht. <\/strong>Die Regierung empfiehlt die Erheblichkeitserkl\u00e4hrung.<strong><br \/>\n<\/strong><\/p>\n<p>F\u00fcr diese Vorst\u00f6sse lehnt RR Dringlichkeit ab:<br \/>\n-Einzelinitiative E 264 Dringliche\u00a0Einzelinitiative\u00a0zum\u00a0Steuergesetz\u00a0\u2013\u00a0\u00fcber\u00a0die\u00a0\u00a0 Verhinderung\u00a0eines\u00a0automatischen\u00a0budgetlosen\u00a0Zustandes von Charly Freitag, Dringlichkeit zur\u00fcckgezogen<br \/>\n-Anfrage <a href=\"http:\/\/www.lu.ch\/kr\/parlamentsgeschaefte\/detail?ges=ebf4704d79034374935e7f1b9db10e89&amp;back=1&amp;geschaeftsnr=a 265&amp;art=-0-1-2&amp;bart=-0-1-2-3-4&amp;vart=-0-1-2-3&amp;gart=1&amp;status=-0-1\" target=\"_blank\">A 265 Dringliche Anfrage zum Pnos-Konzert in Willisau<\/a> von Peter F\u00e4ssler, Dringlichkeit abgelehnt<br \/>\n-Postulat <a href=\"http:\/\/www.lu.ch\/kr\/parlamentsgeschaefte\/detail?ges=cada7d3dd6c949bf97d78f8018f3b780&amp;back=1&amp;geschaeftsnr=p 269&amp;art=-0-1-2&amp;bart=-0-1-2-3-4&amp;vart=-0-1-2-3&amp;gart=1&amp;status=-0-1\" target=\"_blank\">P 269 Wahl\u00a0LUKB\u2010Verwaltungsratspr\u00e4sidium:\u00a0M\u00f6gliche\u00a0Interessenskonflikte\u00a0verhindern<\/a> von David Roth, Dringlichkeit abgelehnt<br \/>\n-Motion <a href=\"http:\/\/www.lu.ch\/kr\/parlamentsgeschaefte\/detail?ges=ea9052b679cc4a928433a650b2f7460e&amp;back=1&amp;geschaeftsnr=m 271&amp;art=-0-1-2&amp;bart=-0-1-2-3-4&amp;vart=-0-1-2-3&amp;gart=1&amp;status=-0-1\" target=\"_blank\">M 271 Dringliche Motion f\u00fcr eine Teilrevision des Gastgewerbegesetzes (GaG)<\/a> von Giorgio Pardini, Dringlichkeit zur\u00fcckgezogen<br \/>\n-Motion <a href=\"http:\/\/www.lu.ch\/kr\/parlamentsgeschaefte\/detail?ges=bbc4767cbc8f4965b3823bbf1dbeb722&amp;back=1&amp;geschaeftsnr=m 273&amp;art=-0-1-2&amp;bart=-0-1-2-3-4&amp;vart=-0-1-2-3&amp;gart=1&amp;status=-0-1\" target=\"_blank\">M 273 Dringliche Motion zur Vorverschiebung der Genehmigung des Budgets und Steuerfusses<\/a> von Angela Lu\u0308thold, Dringlichkeit abgelehnt<br \/>\n-Motion <a href=\"http:\/\/www.lu.ch\/kr\/parlamentsgeschaefte\/detail?ges=bbc157891ba94f47960ffa43532d166d&amp;back=1&amp;geschaeftsnr=m 274&amp;art=-0-1-2&amp;bart=-0-1-2-3-4&amp;vart=-0-1-2-3&amp;gart=1&amp;status=-0-1\" target=\"_blank\">M 274 Vorverlegung der Budgetberatung<\/a> von Michael Ledergerber, Dringlichkeit abgelehnt<\/p>\n<p>Meine dringliche Anfrage fand keine Mehrheit betreffend Dringlichkeit. Mein <a href=\"http:\/\/peter-faessler.spschweiz.ch\/wp-content\/uploads\/sites\/15\/2017\/01\/A-265-Pnos-Konzert-Willisau-Dringlichkeit.pdf\" target=\"_blank\">Votum<\/a> zur Dringlichkeit fand keine Mehrheit. Ein Votum zur Sache schrieb ich noch nicht, da ich die Antwort der Regierung kennen m\u00fcsste, um darauf einzugehen.<\/p>\n<p>&nbsp;<\/p>\n<p>Als erstes Gesch\u00e4ft wird die Botschaft <strong><a href=\"http:\/\/www.lu.ch\/kr\/parlamentsgeschaefte\/detail?ges=7b5cdee468c04abcb39b7c97d00eb85c&amp;back=1&amp;geschaeftsnr=B 65&amp;art=-0-1-2&amp;bart=-0-1-2-3-4&amp;vart=-0-1-2-3&amp;gart=1&amp;status=-0-1\" target=\"_blank\">B 65 Erg\u00e4nzungsbotschaft zu B 8 \u00fcber die Volksinitiative &#8222;Eine Fremdsprache auf der Primarstufe&#8220;; Entwurf neuer Kantonsratsbeschluss<\/a><\/strong> behandelt.<\/p>\n<p>Das Eintreten auf dieses Gesch\u00e4ft ist unbestritten.<\/p>\n<p>Die Volksinitiative m\u00f6chte erreichen, dass auf der Primarschule nur noch eine Fremdsprache unterrichtet wird. Welche Sprache dies sein k\u00f6nnte, wird nicht verlangt.<br \/>\n<strong>Die Hauptanliegen sind:<\/strong><br \/>\n-Unterricht in der zweiten Fremdsprache erst auf der Stufe Sek I<br \/>\n-Deutsche Sprache soll wieder mehr Gewicht erhalten<br \/>\n-Sprachenlastige Primarschule benachteilige Knaben, fremdsprachige und lernschwache Kinder, so die Argumente des Initiativkomitees<br \/>\n-Mehr Gewicht auf die naturwissenschaftlichen und technischen F\u00e4cher legen<\/p>\n<p>Die Intiative wurde von der Bildungskommission knapp abgelehnt.<\/p>\n<p><strong>Was spricht aus Sicht der SP f\u00fcr diese Initiative:<\/strong><br \/>\n-Es gibt zahlreiche Studien, welche das fr\u00fche bzw. sp\u00e4te Fremdsprachenlernen unterst\u00fctzen. Dies erschwert eine Beurteilung<br \/>\n-Mit Lehrplan 21 gibt es neu 3 Lektionen Franz\u00f6sisch: Tropfen auf heissem Stein, bringt nicht viel. Fr\u00fches -Fremdsprachenlernen kann durch Mehrlektionen nicht aufgeholt werden<br \/>\n-An der P\u00e4dagogischen Hochschule wird Franz\u00f6sisch eher selten gew\u00e4hlt &gt; zu wenig kompetente Lehrpersonen an Primarschule<br \/>\n&#8211; F\u00fcr fremdsprachige und lernschwache Sch\u00fclerinnen und Sch\u00fcler sind drei Fremdsprachen (Deutsch ist f\u00fcr viele ebenfalls eine Fremdsprache!) eine \u00dcberforderung<br \/>\n&#8211; Es gibt keinen Hindernisgrund, mit Englisch\/Franz\u00f6sisch erst auf der Sek I zu beginnen. Im Gegenteil: Abstraktes Denken ist erst ab ca. 12 Jahren voll ausgereift und somit ist das Erlernen der Grammatik besser verstehbar<\/p>\n<p><strong>Was spricht gegen die Initiative:<\/strong><br \/>\n-Keine Insell\u00f6sung anstreben<br \/>\n-Abstimmung in mehreren Kantonen zugunsten Sprachenkonzept<br \/>\n-Ausbildung Lehrpersonen, Lehrmittel sowie Ausbildung an PH sind weit fortgeschritten<br \/>\n-Lernen einer Fremdsprache beg\u00fcnstigt das Erlernen einer weiteren Fremdsprache<br \/>\n-Es konnte keine \u00dcberforderung der Sch\u00fclerinnen und Sch\u00fcler durch das Erlernen mehrerer Fremdsprachen nachgewiesen werden<br \/>\n-Es gibt keine wissenschaftliche Begr\u00fcndung f\u00fcr die ideale Sprachenabfolge<br \/>\n-Es gibt keine wissenschaftliche Begr\u00fcndung f\u00fcr das sp\u00e4tere Lernen einer Fremdsprache<\/p>\n<p><strong>Die einzelnen Parteien<\/strong> sind gespalten in der Beurteilung der Initiative. Die CVP ist mehrheitlich gegen diese. Die SVP dagegen spricht sich f\u00fcr die Initiative aus. Auch die FDP ist mit 1\/3 zu 2\/3 gegen diese Initiative. Die Gr\u00fcnen lehnen diese Initiative ab und sind f\u00fcr die Botschaft. Auch die GLP wird die Initiative grossmehrheitlich ablehnen.<\/p>\n<p>Verschiedene Einzelsprechende \u00e4ussern sich f\u00fcr und gegen diese Intiative. Zuletzt spricht Regierungsrat Wyss, der die Annahme der Botschaft und somit die Ablehnung der Initiative empfiehlt.<\/p>\n<p><strong>Die Schlussabstimmung ergibt folgendes Resultat: 72 zu 42 zugestimmt. Die Initiative ist somit abgelehnt.<\/strong><\/p>\n<p>&nbsp;<\/p>\n<p>Die Botschaft <strong><a href=\"http:\/\/www.lu.ch\/kr\/parlamentsgeschaefte\/detail?ges=37806b990c9244278d06953d68a47ca1&amp;back=1&amp;geschaeftsnr=b 66&amp;art=-0-1-2&amp;bart=-0-1-2-3-4&amp;vart=-0-1-2-3&amp;gart=1&amp;status=-0-1\" target=\"_blank\">B 66 Ausbau des H\u00fcrnbachs, Abschnitte Kanzleiweg\u2013Schmittengasse und Z\u00fcgholzstrasse, Gemeinde Dagmersellen; Entwurf Dekret \u00fcber einen Sonderkredit<\/a><\/strong><br \/>\nDas Gesch\u00e4ft war in der SP Fraktion unbestritten. Mit diesem Projekt wird der Hochwasserschutz in dieser Gegend ausgebaut. Positiv wird auch der Finanzierungsschl\u00fcssel erw\u00e4hnt.<\/p>\n<p><strong>Die Schlussabstimmung ergibt folgendes Ergebnis: Einstimmig mit 107 Stimmen zugestimmt.<\/strong><\/p>\n<p>&nbsp;<\/p>\n<p>Es stehen Erneuerungswahlen des Kantonsgerichtes f\u00fcr die Amtsdauer 2017 bis 2021 an. Zur Wahl stehen 17 vollamtliche Richterinnen und Richter, 7 hauptamtliche Richterinnen und Richter, 15 Ersatzrichterinnen und -richter sowie 20 Fachrichterinnen und -richter.<\/p>\n<p>&nbsp;<\/p>\n<p>Postulat <strong><a href=\"http:\/\/www.lu.ch\/kr\/parlamentsgeschaefte\/detail?ges=5cd9f365077a4ce2ba758debd65c6069&amp;back=1&amp;geschaeftsnr=p 221&amp;art=-0-1-2&amp;bart=-0-1-2-3-4&amp;vart=-0-1-2-3&amp;gart=1&amp;status=-0-1\" target=\"_blank\">P 221 Postulat Zehnder Ferdinand und Mit. \u00fcber die Einbindung der Zentralschweiz ins (inter)nationale Bahnverkehrssystem<\/a><\/strong><br \/>\nDer Regierungsrat beantragt Ablehnung wegen Erf\u00fcllung. Die CVP beantragt \u00dcberweisung resp. die volle Erheblichkeit. Die SVP, die Gr\u00fcnen, die SP und die GLP sind der gleichen Meinung. Guido M\u00fcller von der SVP ist jedoch damit nicht einverstanden.<br \/>\nRegierungsrat K\u00fcng dankt dem Rat, dass wir uns einig seien betreffend <a href=\"http:\/\/www.sbb.ch\/home.html\" target=\"_blank\">Zugsverbindung<\/a> in den S\u00fcden. Diese sind unbefriedigend mit dem Umsteigen in Arth-Goldau.<br \/>\nDas Postulat wird mit 100 zu 13 Stimmen \u00fcberwiesen.<\/p>\n<p>Nun gibts ein gemeinsames Mittagessen mit Fraktion und unseren Kantonsrichter und unserer Kantonsrichterin.<\/p>\n<p>Am Nachmittag gehts mit den <strong>Ergebnissen der Richterinnen- und Richterwahlen<\/strong> weiter. Neu ist Kurt Weingand, Kriens, als Kantonsrichter gew\u00e4hlt.<\/p>\n<p>Nun folgt die <strong>Behandlung der dringlichen Vorst\u00f6sse zum Thema individueller Pr\u00e4mienverbilligung IPV<\/strong>. Gesch\u00e4fte siehe am Berichtsanfang. Alle Vorst\u00f6sse werden \u00fcberwiesen, die IPV k\u00f6nnen nun bis September 2017 ausbezahlt werden. Ein sch\u00f6ner Erfolg.<\/p>\n<p>Die Abstimmungen der dringlichen Vorst\u00f6sse dauern bis fast um drei Uhr. Und dann muss ich schnellstens vor das Regierungsgeb\u00e4ude.<strong> Das Komitee &#8222;Bypass &#8211; so nicht&#8220; \u00fcbergibt seine Petition dem Kanton.<\/strong> Anwesend sind Vertreterinnen und Vertreter aller Krienser Parteien. Die Medien sind ebenfalls anwesend. Daf\u00fcr verpasse ich die Debatte um die Motion M 219.<\/p>\n<p>&nbsp;<\/p>\n<p>Motion <strong><a href=\"http:\/\/www.lu.ch\/kr\/parlamentsgeschaefte\/detail?ges=3b7c4fdd278c418e8b8d19f69167dd5e&amp;back=1&amp;geschaeftsnr=m 219&amp;art=-0-1-2&amp;bart=-0-1-2-3-4&amp;vart=-0-1-2-3&amp;gart=1&amp;status=-0-1\" target=\"_blank\">M 219 Motion Celik Ali R. und Mit. \u00fcber einen automatisierten freiwilligen Direktabzug der direkten Steuern vom Lohn<\/a><\/strong><br \/>\nAbstimmung Motion zu Postulat 27 : 80 Stimmen. Postulat gegen Ablehnung 18 : 91 Stimmen Ablehnung.<\/p>\n<p>Motion <strong><a href=\"http:\/\/www.lu.ch\/kr\/parlamentsgeschaefte\/detail?ges=007c26676ccd4b6a924c9ebf4b8eb909&amp;back=1&amp;geschaeftsnr=m 232&amp;art=-0-1-2&amp;bart=-0-1-2-3-4&amp;vart=-0-1-2-3&amp;gart=1&amp;status=-0-1\" target=\"_blank\">M 232 Motion M\u00fcller Guido und Mit. \u00fcber die Anpassung von \u00a7 4 des Kantonsratsbeschlusses \u00fcber die Entsch\u00e4digung der Mitglieder und der Fraktionen des Kantonsrates (SRL Nr. 70)<\/a><\/strong><br \/>\nDie SVP lehnte einen Vorstoss der SP zum Budget 2017 zur Reduktion von Regierungs- und Kantonsrat ab. Nun kommt sie mit einem \u00e4hnlichen Vorstoss und erwartet, dass wir dem zustimmen. Ebenfalls bem\u00e4ngelt die SVP, dass SP und Gr\u00fcne je zwei Fraktionssitzungen durchf\u00fchren w\u00fcrde. Dabei verkennen sie offenbar, dass die Arbeit in kleinen Fraktionen auf weniger Schultern verteilt werden. Zudem haben wir keine &#8222;Vorstoss-Sponsoren&#8220; wie Gewerbeverband, etc. Der Betrag, um den es hier geht, ist 6&#8217;000 Franken. Wir lehnen diesen Vorstoss ganz klar ab.<br \/>\nDer Vorstoss wird mit 83 zu 28 Stimmen abgelehnt.<\/p>\n<p>Anfrage <strong><a href=\"http:\/\/www.lu.ch\/kr\/parlamentsgeschaefte\/detail?ges=a261fb0e83964b02a8b5de35ab61a802&amp;back=1&amp;geschaeftsnr=a 189&amp;art=-0-1-2&amp;bart=-0-1-2-3-4&amp;vart=-0-1-2-3&amp;gart=1&amp;status=-0-1\" target=\"_blank\">A 189 Anfrage Arnold Robi und Mit. \u00fcber unbegleitete minderj\u00e4hrige Asylsuchende (UMA) in unserem Kanton, ein Sicherheitsrisiko?<\/a><\/strong><br \/>\nRobi Arnold ist mit der Antwort nur teilweise zufrieden. Diskussion wird verlangt und erfolgt auch. Robi Arnold st\u00f6rt sich an der Zahl der Delikten, die UMA&#8217;s ver\u00fcbt haben. Dabei sind diese Zahlen nicht aussagekr\u00e4ftig. Die Antwort der Regierung zeigt auf, dass von dieser Personengruppe keine Gefahr ausgeht. Mit diesen Jugendlichen gibt es sehr wenig Probleme. Ihre Betreuung ist gut geregelt.<\/p>\n<p>Anfrage <a href=\"http:\/\/www.lu.ch\/kr\/parlamentsgeschaefte\/detail?ges=bc80e4908b3b4fb6a75c7948b1efb276&amp;back=1&amp;geschaeftsnr=A 196&amp;art=-0-1-2&amp;bart=-0-1-2-3-4&amp;vart=-0-1-2-3&amp;gart=1&amp;status=-0-1\" target=\"_blank\"><strong>A 196 Anfrage Frey Monique und Mit. \u00fcber die Winterolympiade 2026 in der Schweiz<\/strong> <\/a><br \/>\nMonique Frey ist mit der Antwort zufrieden, keine Diskussion.<\/p>\n<p>Anfrage\u00a0 <strong><a href=\"http:\/\/www.lu.ch\/kr\/parlamentsgeschaefte\/detail?ges=b2ef46f63c6349ad92486d775f019fbc&amp;back=1&amp;geschaeftsnr=a 203&amp;art=-0-1-2&amp;bart=-0-1-2-3-4&amp;vart=-0-1-2-3&amp;gart=1&amp;status=-0-1\" target=\"_blank\">A 203 Anfrage Candan Hasan und Mit. \u00fcber die Zunahme von jugendlichen IV-Bez\u00fcgerinnen und IV-Bez\u00fcgern<\/a><\/strong><br \/>\nHasan Candan ist mit der Antwort teilweise zufrieden. Diskussion wird verlangt und gef\u00fchrt. Hasan Candan ist aus folgendem Grund unzufrieden: Er bem\u00e4ngelt die Zahlen des Anstieges von jugendlichen IV-Beziehenden. Diese Entwickung sieht er als sehr gef\u00e4hrlich an. Er hat das Gef\u00fchlt, die Regierung nimmt diese Tatsache zu wenig ernst. Im ist es wichtig, dass diese Jugendlichen gut aufgefangen werden.<\/p>\n<p>Anfrage <a href=\"http:\/\/www.lu.ch\/kr\/parlamentsgeschaefte\/detail?ges=e0ee049d84bb46cfbbc07348df416b29&amp;back=1&amp;geschaeftsnr=a 227&amp;art=-0-1-2&amp;bart=-0-1-2-3-4&amp;vart=-0-1-2-3&amp;gart=1&amp;status=-0-1\" target=\"_blank\"><strong>A 227 Anfrage Wolanin Jim und Mit. \u00fcber die Abschaffung der obligatorischen Hundekurse<\/strong><br \/>\n<\/a>Jim Wolanin ist mit der Antwort zufrieden, keine Diskussion. Und somit habe ich mein <a href=\"http:\/\/peter-faessler.spschweiz.ch\/wp-content\/uploads\/sites\/15\/2017\/01\/A-227-Anfrage-Wolanin-Jim-und-Mit.-\u00fcber-die-Abschaffung-der-obligatorischen-Hundekurse.pdf\" target=\"_blank\">Votum<\/a> vergebens geschrieben.<\/p>\n<p>Robert K\u00fcng bringt mir noch das Sackmesser vom Kanton Luzern, das ich am <a href=\"http:\/\/peter-faessler.spschweiz.ch\/events\/event\/mobilitaetskongress-2017\/\">Mobilit\u00e4tskongress<\/a> durch meine Frage aus dem Publikum gewonnen habe.<\/p>\n<p>Es werden Hedy Eggenschwiler (CVP) und Katharina Meile (Gr\u00fcne) aus dem Rat verabschiedet.<\/p>\n<p>Zum Schluss wird <a href=\"http:\/\/www.gruene-luzern.ch\/#_\" target=\"_blank\">Urban Frye<\/a> vereidigt. Er ist Nachfolger von Katharina Meile von den Gr\u00fcnen.<\/p>\n<p>Die Session ist bereits um viertel nach Vier beendet.<\/p>\n<div id=\"kpm_content_wrapper\" class=\"notranslate\"><\/div>\n","protected":false},"excerpt":{"rendered":"<p>Die erste Kantonsrat-Session im Jahr 2017 dauert nur einen Tag. Auf der Traktandenliste stehen regul\u00e4re 13 Gesch\u00e4fte und 13 dringliche Vorst\u00f6sse. Zu Beginn der Session&#8230;<\/p>\n","protected":false},"author":19,"featured_media":0,"comment_status":"open","ping_status":"open","sticky":false,"template":"","format":"standard","meta":{"footnotes":""},"categories":[24,22,23,21],"tags":[],"class_list":["post-582","post","type-post","status-publish","format-standard","hentry","category-bildung","category-kantonsrat-luzern","category-kantonsratsession","category-politik"],"yoast_head":"<!-- This site is optimized with the Yoast SEO plugin v27.5 - https:\/\/yoast.com\/product\/yoast-seo-wordpress\/ -->\n<title>30.01.2017 Kantonsratssession Kantonsrat Luzern - Peter F\u00e4ssler<\/title>\n<meta name=\"robots\" content=\"index, follow, max-snippet:-1, max-image-preview:large, max-video-preview:-1\" \/>\n<link rel=\"canonical\" href=\"https:\/\/peter-faessler.spschweiz.ch\/?p=582\" \/>\n<meta property=\"og:locale\" content=\"de_DE\" \/>\n<meta property=\"og:type\" content=\"article\" \/>\n<meta property=\"og:title\" content=\"30.01.2017 Kantonsratssession Kantonsrat Luzern - Peter F\u00e4ssler\" \/>\n<meta property=\"og:description\" content=\"Die erste Kantonsrat-Session im Jahr 2017 dauert nur einen Tag. Auf der Traktandenliste stehen regul\u00e4re 13 Gesch\u00e4fte und 13 dringliche Vorst\u00f6sse. Zu Beginn der Session...\" \/>\n<meta property=\"og:url\" content=\"https:\/\/peter-faessler.spschweiz.ch\/?p=582\" \/>\n<meta property=\"og:site_name\" content=\"Peter F\u00e4ssler\" \/>\n<meta property=\"article:author\" content=\"www.facebook.com\/peter.fassler.31\" \/>\n<meta property=\"article:published_time\" content=\"2017-01-30T10:06:07+00:00\" \/>\n<meta property=\"article:modified_time\" content=\"2017-01-30T19:07:35+00:00\" \/>\n<meta name=\"author\" content=\"Peter F\u00e4ssler\" \/>\n<meta name=\"twitter:label1\" content=\"Verfasst von\" \/>\n\t<meta name=\"twitter:data1\" content=\"Peter F\u00e4ssler\" \/>\n\t<meta name=\"twitter:label2\" content=\"Gesch\u00e4tzte Lesezeit\" \/>\n\t<meta name=\"twitter:data2\" content=\"8\u00a0Minuten\" \/>\n<script type=\"application\/ld+json\" class=\"yoast-schema-graph\">{\"@context\":\"https:\\\/\\\/schema.org\",\"@graph\":[{\"@type\":\"Article\",\"@id\":\"https:\\\/\\\/peter-faessler.spschweiz.ch\\\/?p=582#article\",\"isPartOf\":{\"@id\":\"https:\\\/\\\/peter-faessler.spschweiz.ch\\\/?p=582\"},\"author\":{\"name\":\"Peter F\u00e4ssler\",\"@id\":\"https:\\\/\\\/peter-faessler.spschweiz.ch\\\/#\\\/schema\\\/person\\\/7ac2f764b1930b731c670e8a2393b60e\"},\"headline\":\"30.01.2017 Kantonsratssession Kantonsrat Luzern\",\"datePublished\":\"2017-01-30T10:06:07+00:00\",\"dateModified\":\"2017-01-30T19:07:35+00:00\",\"mainEntityOfPage\":{\"@id\":\"https:\\\/\\\/peter-faessler.spschweiz.ch\\\/?p=582\"},\"wordCount\":1524,\"commentCount\":0,\"articleSection\":[\"Bildung\",\"Kantonsrat Luzern\",\"Kantonsratsession\",\"Politik\"],\"inLanguage\":\"de\",\"potentialAction\":[{\"@type\":\"CommentAction\",\"name\":\"Comment\",\"target\":[\"https:\\\/\\\/peter-faessler.spschweiz.ch\\\/?p=582#respond\"]}]},{\"@type\":\"WebPage\",\"@id\":\"https:\\\/\\\/peter-faessler.spschweiz.ch\\\/?p=582\",\"url\":\"https:\\\/\\\/peter-faessler.spschweiz.ch\\\/?p=582\",\"name\":\"30.01.2017 Kantonsratssession Kantonsrat Luzern - Peter F\u00e4ssler\",\"isPartOf\":{\"@id\":\"https:\\\/\\\/peter-faessler.spschweiz.ch\\\/#website\"},\"datePublished\":\"2017-01-30T10:06:07+00:00\",\"dateModified\":\"2017-01-30T19:07:35+00:00\",\"author\":{\"@id\":\"https:\\\/\\\/peter-faessler.spschweiz.ch\\\/#\\\/schema\\\/person\\\/7ac2f764b1930b731c670e8a2393b60e\"},\"breadcrumb\":{\"@id\":\"https:\\\/\\\/peter-faessler.spschweiz.ch\\\/?p=582#breadcrumb\"},\"inLanguage\":\"de\",\"potentialAction\":[{\"@type\":\"ReadAction\",\"target\":[\"https:\\\/\\\/peter-faessler.spschweiz.ch\\\/?p=582\"]}]},{\"@type\":\"BreadcrumbList\",\"@id\":\"https:\\\/\\\/peter-faessler.spschweiz.ch\\\/?p=582#breadcrumb\",\"itemListElement\":[{\"@type\":\"ListItem\",\"position\":1,\"name\":\"Startseite\",\"item\":\"https:\\\/\\\/peter-faessler.spschweiz.ch\\\/\"},{\"@type\":\"ListItem\",\"position\":2,\"name\":\"30.01.2017 Kantonsratssession Kantonsrat Luzern\"}]},{\"@type\":\"WebSite\",\"@id\":\"https:\\\/\\\/peter-faessler.spschweiz.ch\\\/#website\",\"url\":\"https:\\\/\\\/peter-faessler.spschweiz.ch\\\/\",\"name\":\"Peter F\u00e4ssler\",\"description\":\"SP Kantonsrat Kanton Luzern\",\"potentialAction\":[{\"@type\":\"SearchAction\",\"target\":{\"@type\":\"EntryPoint\",\"urlTemplate\":\"https:\\\/\\\/peter-faessler.spschweiz.ch\\\/?s={search_term_string}\"},\"query-input\":{\"@type\":\"PropertyValueSpecification\",\"valueRequired\":true,\"valueName\":\"search_term_string\"}}],\"inLanguage\":\"de\"},{\"@type\":\"Person\",\"@id\":\"https:\\\/\\\/peter-faessler.spschweiz.ch\\\/#\\\/schema\\\/person\\\/7ac2f764b1930b731c670e8a2393b60e\",\"name\":\"Peter F\u00e4ssler\",\"image\":{\"@type\":\"ImageObject\",\"inLanguage\":\"de\",\"@id\":\"https:\\\/\\\/secure.gravatar.com\\\/avatar\\\/9da8604da19b11812517d76f206166d47c5e180a26df2de36b8649168e128572?s=96&d=blank&r=g\",\"url\":\"https:\\\/\\\/secure.gravatar.com\\\/avatar\\\/9da8604da19b11812517d76f206166d47c5e180a26df2de36b8649168e128572?s=96&d=blank&r=g\",\"contentUrl\":\"https:\\\/\\\/secure.gravatar.com\\\/avatar\\\/9da8604da19b11812517d76f206166d47c5e180a26df2de36b8649168e128572?s=96&d=blank&r=g\",\"caption\":\"Peter F\u00e4ssler\"},\"description\":\"Peter F\u00e4ssler Schibiweg 7 6006 Luzern\",\"sameAs\":[\"www.facebook.com\\\/peter.fassler.31\",\"https:\\\/\\\/www.instagram.com\\\/peter.fassler.31\\\/\",\"https:\\\/\\\/www.linkedin.com\\\/in\\\/peter-fssler-2518a782\\\/\",\"https:\\\/\\\/x.com\\\/pfaessler56\"],\"url\":\"https:\\\/\\\/peter-faessler.spschweiz.ch\\\/?author=19\"}]}<\/script>\n<!-- \/ Yoast SEO plugin. -->","yoast_head_json":{"title":"30.01.2017 Kantonsratssession Kantonsrat Luzern - Peter F\u00e4ssler","robots":{"index":"index","follow":"follow","max-snippet":"max-snippet:-1","max-image-preview":"max-image-preview:large","max-video-preview":"max-video-preview:-1"},"canonical":"https:\/\/peter-faessler.spschweiz.ch\/?p=582","og_locale":"de_DE","og_type":"article","og_title":"30.01.2017 Kantonsratssession Kantonsrat Luzern - Peter F\u00e4ssler","og_description":"Die erste Kantonsrat-Session im Jahr 2017 dauert nur einen Tag. Auf der Traktandenliste stehen regul\u00e4re 13 Gesch\u00e4fte und 13 dringliche Vorst\u00f6sse. Zu Beginn der Session...","og_url":"https:\/\/peter-faessler.spschweiz.ch\/?p=582","og_site_name":"Peter F\u00e4ssler","article_author":"www.facebook.com\/peter.fassler.31","article_published_time":"2017-01-30T10:06:07+00:00","article_modified_time":"2017-01-30T19:07:35+00:00","author":"Peter F\u00e4ssler","twitter_misc":{"Verfasst von":"Peter F\u00e4ssler","Gesch\u00e4tzte Lesezeit":"8\u00a0Minuten"},"schema":{"@context":"https:\/\/schema.org","@graph":[{"@type":"Article","@id":"https:\/\/peter-faessler.spschweiz.ch\/?p=582#article","isPartOf":{"@id":"https:\/\/peter-faessler.spschweiz.ch\/?p=582"},"author":{"name":"Peter F\u00e4ssler","@id":"https:\/\/peter-faessler.spschweiz.ch\/#\/schema\/person\/7ac2f764b1930b731c670e8a2393b60e"},"headline":"30.01.2017 Kantonsratssession Kantonsrat Luzern","datePublished":"2017-01-30T10:06:07+00:00","dateModified":"2017-01-30T19:07:35+00:00","mainEntityOfPage":{"@id":"https:\/\/peter-faessler.spschweiz.ch\/?p=582"},"wordCount":1524,"commentCount":0,"articleSection":["Bildung","Kantonsrat Luzern","Kantonsratsession","Politik"],"inLanguage":"de","potentialAction":[{"@type":"CommentAction","name":"Comment","target":["https:\/\/peter-faessler.spschweiz.ch\/?p=582#respond"]}]},{"@type":"WebPage","@id":"https:\/\/peter-faessler.spschweiz.ch\/?p=582","url":"https:\/\/peter-faessler.spschweiz.ch\/?p=582","name":"30.01.2017 Kantonsratssession Kantonsrat Luzern - Peter F\u00e4ssler","isPartOf":{"@id":"https:\/\/peter-faessler.spschweiz.ch\/#website"},"datePublished":"2017-01-30T10:06:07+00:00","dateModified":"2017-01-30T19:07:35+00:00","author":{"@id":"https:\/\/peter-faessler.spschweiz.ch\/#\/schema\/person\/7ac2f764b1930b731c670e8a2393b60e"},"breadcrumb":{"@id":"https:\/\/peter-faessler.spschweiz.ch\/?p=582#breadcrumb"},"inLanguage":"de","potentialAction":[{"@type":"ReadAction","target":["https:\/\/peter-faessler.spschweiz.ch\/?p=582"]}]},{"@type":"BreadcrumbList","@id":"https:\/\/peter-faessler.spschweiz.ch\/?p=582#breadcrumb","itemListElement":[{"@type":"ListItem","position":1,"name":"Startseite","item":"https:\/\/peter-faessler.spschweiz.ch\/"},{"@type":"ListItem","position":2,"name":"30.01.2017 Kantonsratssession Kantonsrat Luzern"}]},{"@type":"WebSite","@id":"https:\/\/peter-faessler.spschweiz.ch\/#website","url":"https:\/\/peter-faessler.spschweiz.ch\/","name":"Peter F\u00e4ssler","description":"SP Kantonsrat Kanton Luzern","potentialAction":[{"@type":"SearchAction","target":{"@type":"EntryPoint","urlTemplate":"https:\/\/peter-faessler.spschweiz.ch\/?s={search_term_string}"},"query-input":{"@type":"PropertyValueSpecification","valueRequired":true,"valueName":"search_term_string"}}],"inLanguage":"de"},{"@type":"Person","@id":"https:\/\/peter-faessler.spschweiz.ch\/#\/schema\/person\/7ac2f764b1930b731c670e8a2393b60e","name":"Peter F\u00e4ssler","image":{"@type":"ImageObject","inLanguage":"de","@id":"https:\/\/secure.gravatar.com\/avatar\/9da8604da19b11812517d76f206166d47c5e180a26df2de36b8649168e128572?s=96&d=blank&r=g","url":"https:\/\/secure.gravatar.com\/avatar\/9da8604da19b11812517d76f206166d47c5e180a26df2de36b8649168e128572?s=96&d=blank&r=g","contentUrl":"https:\/\/secure.gravatar.com\/avatar\/9da8604da19b11812517d76f206166d47c5e180a26df2de36b8649168e128572?s=96&d=blank&r=g","caption":"Peter F\u00e4ssler"},"description":"Peter F\u00e4ssler Schibiweg 7 6006 Luzern","sameAs":["www.facebook.com\/peter.fassler.31","https:\/\/www.instagram.com\/peter.fassler.31\/","https:\/\/www.linkedin.com\/in\/peter-fssler-2518a782\/","https:\/\/x.com\/pfaessler56"],"url":"https:\/\/peter-faessler.spschweiz.ch\/?author=19"}]}},"_links":{"self":[{"href":"https:\/\/peter-faessler.spschweiz.ch\/index.php?rest_route=\/wp\/v2\/posts\/582","targetHints":{"allow":["GET"]}}],"collection":[{"href":"https:\/\/peter-faessler.spschweiz.ch\/index.php?rest_route=\/wp\/v2\/posts"}],"about":[{"href":"https:\/\/peter-faessler.spschweiz.ch\/index.php?rest_route=\/wp\/v2\/types\/post"}],"author":[{"embeddable":true,"href":"https:\/\/peter-faessler.spschweiz.ch\/index.php?rest_route=\/wp\/v2\/users\/19"}],"replies":[{"embeddable":true,"href":"https:\/\/peter-faessler.spschweiz.ch\/index.php?rest_route=%2Fwp%2Fv2%2Fcomments&post=582"}],"version-history":[{"count":66,"href":"https:\/\/peter-faessler.spschweiz.ch\/index.php?rest_route=\/wp\/v2\/posts\/582\/revisions"}],"predecessor-version":[{"id":655,"href":"https:\/\/peter-faessler.spschweiz.ch\/index.php?rest_route=\/wp\/v2\/posts\/582\/revisions\/655"}],"wp:attachment":[{"href":"https:\/\/peter-faessler.spschweiz.ch\/index.php?rest_route=%2Fwp%2Fv2%2Fmedia&parent=582"}],"wp:term":[{"taxonomy":"category","embeddable":true,"href":"https:\/\/peter-faessler.spschweiz.ch\/index.php?rest_route=%2Fwp%2Fv2%2Fcategories&post=582"},{"taxonomy":"post_tag","embeddable":true,"href":"https:\/\/peter-faessler.spschweiz.ch\/index.php?rest_route=%2Fwp%2Fv2%2Ftags&post=582"}],"curies":[{"name":"wp","href":"https:\/\/api.w.org\/{rel}","templated":true}]}}