{"id":5928,"date":"2025-05-26T20:51:48","date_gmt":"2025-05-26T18:51:48","guid":{"rendered":"https:\/\/peter-faessler.spschweiz.ch\/?p=5928"},"modified":"2025-05-26T20:57:45","modified_gmt":"2025-05-26T18:57:45","slug":"neues-aus-dem-kantonsrat-luzern","status":"publish","type":"post","link":"https:\/\/peter-faessler.spschweiz.ch\/?p=5928","title":{"rendered":"Neues aus dem Kantonsrat Luzern"},"content":{"rendered":"<table width=\"100%\">\n<tbody>\n<tr>\n<td>\n<table width=\"100%\">\n<tbody>\n<tr>\n<td><strong>\u00abKitaf\u00f6rderung ist auch Wirtschaftsf\u00f6rderung \u2013 darum muss sich die Wirtschaft auch an der Finanzierung beteiligen! Im Gegensatz zum Gegenvorschlag fordert unsere Initiative genau dies.\u00bb \u2013 Marcel Budmiger, Pr\u00e4sident SP Fraktion in der Debatte<\/strong><\/td>\n<\/tr>\n<\/tbody>\n<\/table>\n<\/td>\n<\/tr>\n<\/tbody>\n<\/table>\n<table width=\"100%\">\n<tbody>\n<tr>\n<td>\n<table width=\"100%\">\n<tbody>\n<tr>\n<td><img loading=\"lazy\" decoding=\"async\" class=\"alignnone size-medium wp-image-5905\" src=\"http:\/\/peter-faessler.spschweiz.ch\/wp-content\/uploads\/sites\/15\/2025\/03\/KR-Maerz-300x100.png\" alt=\"\" width=\"300\" height=\"100\" srcset=\"https:\/\/peter-faessler.spschweiz.ch\/wp-content\/uploads\/sites\/15\/2025\/03\/KR-Maerz-300x100.png 300w, https:\/\/peter-faessler.spschweiz.ch\/wp-content\/uploads\/sites\/15\/2025\/03\/KR-Maerz-150x50.png 150w, https:\/\/peter-faessler.spschweiz.ch\/wp-content\/uploads\/sites\/15\/2025\/03\/KR-Maerz.png 600w\" sizes=\"auto, (max-width: 300px) 100vw, 300px\" \/><\/td>\n<\/tr>\n<\/tbody>\n<\/table>\n<\/td>\n<\/tr>\n<\/tbody>\n<\/table>\n<table width=\"100%\">\n<tbody>\n<tr>\n<td>\n<table width=\"100%\">\n<tbody>\n<tr>\n<td>In der Mai-Session gelangte unsere Kita-Initiative endlich in die politische Debatte. Als letzter Kanton in der Schweiz soll nun auch der Kanton Luzern ein Kinderbetreuungsgesetz erhalten. Zwar wurde die Initiative vom Rat abgelehnt, der Gegenvorschlag erhielt jedoch eine breite Unterst\u00fctzung.<\/p>\n<p>Mit diesem Gesetz soll es in allen Gemeinden ein Kinderbetreuungsangebot und einheitliche Betreuungsbeitr\u00e4ge geben. Gleichzeitig hat der Kantonsrat ein wichtiges Zeichen gesetzt, indem er die teilweise ausbeuterischen Vorpraktika nicht l\u00e4nger auf den Betreuungsschl\u00fcssel anrechnen l\u00e4sst.<\/p>\n<p>Ein grosser Erfolg f\u00fcr ein Anliegen, das die SP Luzern seit Jahren mit viel Herzblut verfolgt. In der zweiten Lesung am 16. Juni setzen wir uns f\u00fcr weitere Verbesserungen ein \u2013 und steuern danach entschlossen auf die Abstimmung vom 30. November 2025 zu.<\/p>\n<p>Weniger erfreulich: Der Kantonsrat hat einem Vorstoss der Mitte zum Tracking von Asylbewerber*innen zugestimmt \u2013 trotz unserer deutlichen Warnungen vor den rechtsstaatlichen, sozialen, praktischen und finanziellen Risiken davon.<\/p>\n<table width=\"600\">\n<tbody>\n<tr>\n<td>\n<table width=\"600\">\n<tbody>\n<tr>\n<td>\n<table width=\"100%\">\n<tbody>\n<tr>\n<td>\n<table width=\"100%\">\n<tbody>\n<tr>\n<td><img loading=\"lazy\" decoding=\"async\" class=\"alignnone size-medium wp-image-5934\" src=\"http:\/\/peter-faessler.spschweiz.ch\/wp-content\/uploads\/sites\/15\/2025\/05\/faba9786-0a18-f100-1692-ff31afc5979a-300x169.png\" alt=\"\" width=\"300\" height=\"169\" srcset=\"https:\/\/peter-faessler.spschweiz.ch\/wp-content\/uploads\/sites\/15\/2025\/05\/faba9786-0a18-f100-1692-ff31afc5979a-300x169.png 300w, https:\/\/peter-faessler.spschweiz.ch\/wp-content\/uploads\/sites\/15\/2025\/05\/faba9786-0a18-f100-1692-ff31afc5979a-1024x576.png 1024w, https:\/\/peter-faessler.spschweiz.ch\/wp-content\/uploads\/sites\/15\/2025\/05\/faba9786-0a18-f100-1692-ff31afc5979a-150x84.png 150w, https:\/\/peter-faessler.spschweiz.ch\/wp-content\/uploads\/sites\/15\/2025\/05\/faba9786-0a18-f100-1692-ff31afc5979a-768x432.png 768w, https:\/\/peter-faessler.spschweiz.ch\/wp-content\/uploads\/sites\/15\/2025\/05\/faba9786-0a18-f100-1692-ff31afc5979a.png 1200w\" sizes=\"auto, (max-width: 300px) 100vw, 300px\" \/><\/td>\n<\/tr>\n<\/tbody>\n<\/table>\n<\/td>\n<\/tr>\n<\/tbody>\n<\/table>\n<table width=\"100%\">\n<tbody>\n<tr>\n<td>\n<table width=\"100%\">\n<tbody>\n<tr>\n<td><\/td>\n<\/tr>\n<\/tbody>\n<\/table>\n<\/td>\n<\/tr>\n<\/tbody>\n<\/table>\n<table width=\"100%\">\n<tbody>\n<tr>\n<td>\n<table width=\"100%\">\n<tbody>\n<tr>\n<td>\n<h3><strong>Fraktionsmitglied\u00a0im Fokus<\/strong><\/h3>\n<\/td>\n<\/tr>\n<\/tbody>\n<\/table>\n<\/td>\n<\/tr>\n<\/tbody>\n<\/table>\n<table width=\"100%\">\n<tbody>\n<tr>\n<td>\n<table width=\"100%\">\n<tbody>\n<tr>\n<td>\n<table style=\"height: 33px\" width=\"326\">\n<tbody>\n<tr>\n<td><\/td>\n<\/tr>\n<\/tbody>\n<\/table>\n<table style=\"height: 231px\" width=\"576\">\n<tbody>\n<tr>\n<td>\ud83d\udc64 Josef (J\u00f6sy) Schuler<img loading=\"lazy\" decoding=\"async\" class=\"size-medium wp-image-5933 alignright\" src=\"http:\/\/peter-faessler.spschweiz.ch\/wp-content\/uploads\/sites\/15\/2025\/05\/33b4fe6b-c297-c4fe-49c7-a5c75dfb2bb9-300x300.jpg\" alt=\"\" width=\"300\" height=\"300\" srcset=\"https:\/\/peter-faessler.spschweiz.ch\/wp-content\/uploads\/sites\/15\/2025\/05\/33b4fe6b-c297-c4fe-49c7-a5c75dfb2bb9-300x300.jpg 300w, https:\/\/peter-faessler.spschweiz.ch\/wp-content\/uploads\/sites\/15\/2025\/05\/33b4fe6b-c297-c4fe-49c7-a5c75dfb2bb9-1024x1024.jpg 1024w, https:\/\/peter-faessler.spschweiz.ch\/wp-content\/uploads\/sites\/15\/2025\/05\/33b4fe6b-c297-c4fe-49c7-a5c75dfb2bb9-150x150.jpg 150w, https:\/\/peter-faessler.spschweiz.ch\/wp-content\/uploads\/sites\/15\/2025\/05\/33b4fe6b-c297-c4fe-49c7-a5c75dfb2bb9-768x768.jpg 768w, https:\/\/peter-faessler.spschweiz.ch\/wp-content\/uploads\/sites\/15\/2025\/05\/33b4fe6b-c297-c4fe-49c7-a5c75dfb2bb9.jpg 1200w\" sizes=\"auto, (max-width: 300px) 100vw, 300px\" \/><\/p>\n<p>\ud83d\uddc2 Schwerpunkte:<\/p>\n<p>\u23f3 Im Kantonsrat seit: 2017 | Politisch aktiv seit: ca. 30 Jahre<\/p>\n<p>\ud83c\udfdb Kommission: Aufsichts- und Kontrollkommission<\/td>\n<\/tr>\n<\/tbody>\n<\/table>\n<\/td>\n<\/tr>\n<\/tbody>\n<\/table>\n<\/td>\n<\/tr>\n<\/tbody>\n<\/table>\n<table width=\"100%\">\n<tbody>\n<tr>\n<td>\n<table width=\"100%\">\n<tbody>\n<tr>\n<td>\n<h3><strong>Detailinfos<\/strong><\/h3>\n<\/td>\n<\/tr>\n<\/tbody>\n<\/table>\n<\/td>\n<\/tr>\n<\/tbody>\n<\/table>\n<table width=\"100%\">\n<tbody>\n<tr>\n<td>\n<table width=\"100%\">\n<tbody>\n<tr>\n<td><a href=\"https:\/\/sp-luzern.us7.list-manage.com\/track\/click?u=1c75a693e6a3fa0fefc76964f&amp;id=109a85b5d7&amp;e=17d5d268fb\">Hier findest Du die Traktandenliste der Session und kannst auch die Ratsdebatte im Video nachschauen.<\/a><\/td>\n<\/tr>\n<\/tbody>\n<\/table>\n<\/td>\n<\/tr>\n<\/tbody>\n<\/table>\n<table width=\"100%\">\n<tbody>\n<tr>\n<td>\n<table width=\"100%\">\n<tbody>\n<tr>\n<td>\n<h3><strong>Vorst\u00f6sse<\/strong><\/h3>\n<\/td>\n<\/tr>\n<\/tbody>\n<\/table>\n<\/td>\n<\/tr>\n<\/tbody>\n<\/table>\n<table width=\"100%\">\n<tbody>\n<tr>\n<td>\n<table width=\"100%\">\n<tbody>\n<tr>\n<td>Neben der Arbeit im Parlament gestalten unsere Fraktionsmitglieder mit Vorst\u00f6ssen den Kanton Luzern mit. Hier eine Auswahl aktueller Vorst\u00f6sse (wenn du auf den Link klickst, \u00f6ffnet sich der jeweilige Vorstoss):<\/td>\n<\/tr>\n<\/tbody>\n<\/table>\n<\/td>\n<\/tr>\n<\/tbody>\n<\/table>\n<table width=\"100%\">\n<tbody>\n<tr>\n<td>\n<table width=\"100%\">\n<tbody>\n<tr>\n<td>\n<ul>\n<li><strong><a href=\"https:\/\/sp-luzern.us7.list-manage.com\/track\/click?u=1c75a693e6a3fa0fefc76964f&amp;id=8b00360c53&amp;e=17d5d268fb\">[M 441] &#8211; Motion Meier Anja und Mit. \u00fcber eine Optimierung des Luzerner Bedrohungsmanagements durch einen automatischen Vollzug ausserkantonaler Anordnungen im Bereich des Gewaltschutzes<\/a><\/strong><\/li>\n<li><strong><a href=\"https:\/\/sp-luzern.us7.list-manage.com\/track\/click?u=1c75a693e6a3fa0fefc76964f&amp;id=4a5d1dc52c&amp;e=17d5d268fb\">[A 457] &#8211; Anfrage Pilotto Maria und Mit. \u00fcber die Fr\u00fchf\u00f6rderung von geh\u00f6rlosen und h\u00f6rbehinderten Kindern im Kanton Luzern<\/a><\/strong><\/li>\n<li><strong><a href=\"https:\/\/sp-luzern.us7.list-manage.com\/track\/click?u=1c75a693e6a3fa0fefc76964f&amp;id=2d590af8a1&amp;e=17d5d268fb\">[A 438] &#8211; Anfrage Brunner Simone und Mit. \u00fcber die Verletzung der Abstimmungsfreiheit und die k\u00fcnftigen Lehren daraus<\/a><\/strong><\/li>\n<li><strong><a href=\"https:\/\/sp-luzern.us7.list-manage.com\/track\/click?u=1c75a693e6a3fa0fefc76964f&amp;id=dd4a3b81ac&amp;e=17d5d268fb\">[P 436] &#8211; Postulat Brunner Simone und Mit. \u00fcber die Intensivierung der Testk\u00e4ufe im Bereich Alkohol- und Tabakabgabe<\/a><\/strong><\/li>\n<li><strong><a href=\"https:\/\/sp-luzern.us7.list-manage.com\/track\/click?u=1c75a693e6a3fa0fefc76964f&amp;id=042b3b3548&amp;e=17d5d268fb\">[A 435] &#8211; Anfrage Brunner Simone und Mit. \u00fcber die Pl\u00e4ne f\u00fcr einen Verzicht auf die OECD-Mindessteuer<\/a><\/strong><\/li>\n<li><strong><a href=\"https:\/\/sp-luzern.us7.list-manage.com\/track\/click?u=1c75a693e6a3fa0fefc76964f&amp;id=45f8cfc1ef&amp;e=17d5d268fb\">[P 437] &#8211; Postulat Brunner Simone und Mit. \u00fcber die ad\u00e4quate Verzinsung der Mietzinsdepots auf die Mietzinskautionskonti der Luzerner Kantonalbank<\/a><\/strong><\/li>\n<\/ul>\n<\/td>\n<\/tr>\n<\/tbody>\n<\/table>\n<\/td>\n<\/tr>\n<\/tbody>\n<\/table>\n<table width=\"100%\">\n<tbody>\n<tr>\n<td>\n<table width=\"100%\">\n<tbody>\n<tr>\n<td>Hast du Ideen oder Anliegen, die dir wichtig sind? Melde dich bei unserem Sekretariat unter <a href=\"mailto:info@sp-luzern.ch\">info@sp-luzern.ch<\/a> und unterst\u00fctze uns dabei, den Kanton Luzern mitzugestalten.<\/p>\n<p>Solidarische Gr\u00fcsse<\/td>\n<\/tr>\n<\/tbody>\n<\/table>\n<\/td>\n<\/tr>\n<\/tbody>\n<\/table>\n<\/td>\n<\/tr>\n<\/tbody>\n<\/table>\n<\/td>\n<\/tr>\n<tr>\n<td>\n<table width=\"600\">\n<tbody>\n<tr>\n<td>\n<table width=\"100%\">\n<tbody>\n<tr>\n<td>\n<table width=\"273\">\n<tbody>\n<tr>\n<td><\/td>\n<\/tr>\n<\/tbody>\n<\/table>\n<table width=\"273\">\n<tbody>\n<tr>\n<td><\/td>\n<\/tr>\n<\/tbody>\n<\/table>\n<\/td>\n<\/tr>\n<\/tbody>\n<\/table>\n<table width=\"100%\">\n<tbody>\n<tr>\n<td>\n<table width=\"100%\">\n<tbody>\n<tr>\n<td>Marc Horat<\/td>\n<\/tr>\n<\/tbody>\n<\/table>\n<table width=\"100%\">\n<tbody>\n<tr>\n<td>Sara Muff<\/td>\n<\/tr>\n<\/tbody>\n<\/table>\n<\/td>\n<\/tr>\n<\/tbody>\n<\/table>\n<\/td>\n<\/tr>\n<\/tbody>\n<\/table>\n<\/td>\n<\/tr>\n<\/tbody>\n<\/table>\n<\/td>\n<\/tr>\n<\/tbody>\n<\/table>\n<\/td>\n<\/tr>\n<\/tbody>\n<\/table>\n","protected":false},"excerpt":{"rendered":"<p>\u00abKitaf\u00f6rderung ist auch Wirtschaftsf\u00f6rderung \u2013 darum muss sich die Wirtschaft auch an der Finanzierung beteiligen! Im Gegensatz zum Gegenvorschlag fordert unsere Initiative genau dies.\u00bb \u2013&#8230;<\/p>\n","protected":false},"author":19,"featured_media":0,"comment_status":"open","ping_status":"open","sticky":false,"template":"","format":"standard","meta":{"footnotes":""},"categories":[169,22,23,30,21,127,128],"tags":[8,9,16,19,26,179,31,7,10,15],"class_list":["post-5928","post","type-post","status-publish","format-standard","hentry","category-initiative","category-kantonsrat-luzern","category-kantonsratsession","category-parlament","category-politik","category-sp-kanton-luzern","category-sp-kantonsratsfraktion","tag-kanton-luzern","tag-kantonsrat","tag-kantonsrat-kanton-luzern","tag-kantonsrat-luzern","tag-kantonsratssession","tag-kita-initiative","tag-parlament","tag-politik","tag-session","tag-sp"],"yoast_head":"<!-- This site is optimized with the Yoast SEO plugin v27.5 - https:\/\/yoast.com\/product\/yoast-seo-wordpress\/ -->\n<title>Neues aus dem Kantonsrat Luzern - Peter F\u00e4ssler<\/title>\n<meta name=\"robots\" content=\"index, follow, max-snippet:-1, max-image-preview:large, max-video-preview:-1\" \/>\n<link rel=\"canonical\" href=\"https:\/\/peter-faessler.spschweiz.ch\/?p=5928\" \/>\n<meta property=\"og:locale\" content=\"de_DE\" \/>\n<meta property=\"og:type\" content=\"article\" \/>\n<meta property=\"og:title\" content=\"Neues aus dem Kantonsrat Luzern - Peter F\u00e4ssler\" \/>\n<meta property=\"og:description\" content=\"\u00abKitaf\u00f6rderung ist auch Wirtschaftsf\u00f6rderung \u2013 darum muss sich die Wirtschaft auch an der Finanzierung beteiligen! Im Gegensatz zum Gegenvorschlag fordert unsere Initiative genau dies.\u00bb \u2013...\" \/>\n<meta property=\"og:url\" content=\"https:\/\/peter-faessler.spschweiz.ch\/?p=5928\" \/>\n<meta property=\"og:site_name\" content=\"Peter F\u00e4ssler\" \/>\n<meta property=\"article:author\" content=\"www.facebook.com\/peter.fassler.31\" \/>\n<meta property=\"article:published_time\" content=\"2025-05-26T18:51:48+00:00\" \/>\n<meta property=\"article:modified_time\" content=\"2025-05-26T18:57:45+00:00\" \/>\n<meta property=\"og:image\" content=\"https:\/\/peter-faessler.spschweiz.ch\/wp-content\/uploads\/sites\/15\/2025\/03\/KR-Maerz.png\" \/>\n\t<meta property=\"og:image:width\" content=\"600\" \/>\n\t<meta property=\"og:image:height\" content=\"200\" \/>\n\t<meta property=\"og:image:type\" content=\"image\/png\" \/>\n<meta name=\"author\" content=\"Peter F\u00e4ssler\" \/>\n<meta name=\"twitter:label1\" content=\"Verfasst von\" \/>\n\t<meta name=\"twitter:data1\" content=\"Peter F\u00e4ssler\" \/>\n\t<meta name=\"twitter:label2\" content=\"Gesch\u00e4tzte Lesezeit\" \/>\n\t<meta name=\"twitter:data2\" content=\"3\u00a0Minuten\" \/>\n<script type=\"application\/ld+json\" class=\"yoast-schema-graph\">{\"@context\":\"https:\\\/\\\/schema.org\",\"@graph\":[{\"@type\":\"Article\",\"@id\":\"https:\\\/\\\/peter-faessler.spschweiz.ch\\\/?p=5928#article\",\"isPartOf\":{\"@id\":\"https:\\\/\\\/peter-faessler.spschweiz.ch\\\/?p=5928\"},\"author\":{\"name\":\"Peter F\u00e4ssler\",\"@id\":\"https:\\\/\\\/peter-faessler.spschweiz.ch\\\/#\\\/schema\\\/person\\\/7ac2f764b1930b731c670e8a2393b60e\"},\"headline\":\"Neues aus dem Kantonsrat Luzern\",\"datePublished\":\"2025-05-26T18:51:48+00:00\",\"dateModified\":\"2025-05-26T18:57:45+00:00\",\"mainEntityOfPage\":{\"@id\":\"https:\\\/\\\/peter-faessler.spschweiz.ch\\\/?p=5928\"},\"wordCount\":411,\"commentCount\":0,\"image\":{\"@id\":\"https:\\\/\\\/peter-faessler.spschweiz.ch\\\/?p=5928#primaryimage\"},\"thumbnailUrl\":\"http:\\\/\\\/peter-faessler.spschweiz.ch\\\/wp-content\\\/uploads\\\/sites\\\/15\\\/2025\\\/03\\\/KR-Maerz-300x100.png\",\"keywords\":[\"Kanton Luzern\",\"Kantonsrat\",\"Kantonsrat Kanton Luzern\",\"Kantonsrat Luzern\",\"Kantonsratssession\",\"Kita-Initiative\",\"Parlament\",\"Politik\",\"Session\",\"SP\"],\"articleSection\":[\"Initiative\",\"Kantonsrat Luzern\",\"Kantonsratsession\",\"Parlament\",\"Politik\",\"SP Kanton Luzern\",\"SP Kantonsratsfraktion\"],\"inLanguage\":\"de\",\"potentialAction\":[{\"@type\":\"CommentAction\",\"name\":\"Comment\",\"target\":[\"https:\\\/\\\/peter-faessler.spschweiz.ch\\\/?p=5928#respond\"]}]},{\"@type\":\"WebPage\",\"@id\":\"https:\\\/\\\/peter-faessler.spschweiz.ch\\\/?p=5928\",\"url\":\"https:\\\/\\\/peter-faessler.spschweiz.ch\\\/?p=5928\",\"name\":\"Neues aus dem Kantonsrat Luzern - Peter F\u00e4ssler\",\"isPartOf\":{\"@id\":\"https:\\\/\\\/peter-faessler.spschweiz.ch\\\/#website\"},\"primaryImageOfPage\":{\"@id\":\"https:\\\/\\\/peter-faessler.spschweiz.ch\\\/?p=5928#primaryimage\"},\"image\":{\"@id\":\"https:\\\/\\\/peter-faessler.spschweiz.ch\\\/?p=5928#primaryimage\"},\"thumbnailUrl\":\"http:\\\/\\\/peter-faessler.spschweiz.ch\\\/wp-content\\\/uploads\\\/sites\\\/15\\\/2025\\\/03\\\/KR-Maerz-300x100.png\",\"datePublished\":\"2025-05-26T18:51:48+00:00\",\"dateModified\":\"2025-05-26T18:57:45+00:00\",\"author\":{\"@id\":\"https:\\\/\\\/peter-faessler.spschweiz.ch\\\/#\\\/schema\\\/person\\\/7ac2f764b1930b731c670e8a2393b60e\"},\"breadcrumb\":{\"@id\":\"https:\\\/\\\/peter-faessler.spschweiz.ch\\\/?p=5928#breadcrumb\"},\"inLanguage\":\"de\",\"potentialAction\":[{\"@type\":\"ReadAction\",\"target\":[\"https:\\\/\\\/peter-faessler.spschweiz.ch\\\/?p=5928\"]}]},{\"@type\":\"ImageObject\",\"inLanguage\":\"de\",\"@id\":\"https:\\\/\\\/peter-faessler.spschweiz.ch\\\/?p=5928#primaryimage\",\"url\":\"https:\\\/\\\/peter-faessler.spschweiz.ch\\\/wp-content\\\/uploads\\\/sites\\\/15\\\/2025\\\/03\\\/KR-Maerz.png\",\"contentUrl\":\"https:\\\/\\\/peter-faessler.spschweiz.ch\\\/wp-content\\\/uploads\\\/sites\\\/15\\\/2025\\\/03\\\/KR-Maerz.png\",\"width\":600,\"height\":200},{\"@type\":\"BreadcrumbList\",\"@id\":\"https:\\\/\\\/peter-faessler.spschweiz.ch\\\/?p=5928#breadcrumb\",\"itemListElement\":[{\"@type\":\"ListItem\",\"position\":1,\"name\":\"Startseite\",\"item\":\"https:\\\/\\\/peter-faessler.spschweiz.ch\\\/\"},{\"@type\":\"ListItem\",\"position\":2,\"name\":\"Neues aus dem Kantonsrat Luzern\"}]},{\"@type\":\"WebSite\",\"@id\":\"https:\\\/\\\/peter-faessler.spschweiz.ch\\\/#website\",\"url\":\"https:\\\/\\\/peter-faessler.spschweiz.ch\\\/\",\"name\":\"Peter F\u00e4ssler\",\"description\":\"SP Kantonsrat Kanton Luzern\",\"potentialAction\":[{\"@type\":\"SearchAction\",\"target\":{\"@type\":\"EntryPoint\",\"urlTemplate\":\"https:\\\/\\\/peter-faessler.spschweiz.ch\\\/?s={search_term_string}\"},\"query-input\":{\"@type\":\"PropertyValueSpecification\",\"valueRequired\":true,\"valueName\":\"search_term_string\"}}],\"inLanguage\":\"de\"},{\"@type\":\"Person\",\"@id\":\"https:\\\/\\\/peter-faessler.spschweiz.ch\\\/#\\\/schema\\\/person\\\/7ac2f764b1930b731c670e8a2393b60e\",\"name\":\"Peter F\u00e4ssler\",\"image\":{\"@type\":\"ImageObject\",\"inLanguage\":\"de\",\"@id\":\"https:\\\/\\\/secure.gravatar.com\\\/avatar\\\/9da8604da19b11812517d76f206166d47c5e180a26df2de36b8649168e128572?s=96&d=blank&r=g\",\"url\":\"https:\\\/\\\/secure.gravatar.com\\\/avatar\\\/9da8604da19b11812517d76f206166d47c5e180a26df2de36b8649168e128572?s=96&d=blank&r=g\",\"contentUrl\":\"https:\\\/\\\/secure.gravatar.com\\\/avatar\\\/9da8604da19b11812517d76f206166d47c5e180a26df2de36b8649168e128572?s=96&d=blank&r=g\",\"caption\":\"Peter F\u00e4ssler\"},\"description\":\"Peter F\u00e4ssler Schibiweg 7 6006 Luzern\",\"sameAs\":[\"www.facebook.com\\\/peter.fassler.31\",\"https:\\\/\\\/www.instagram.com\\\/peter.fassler.31\\\/\",\"https:\\\/\\\/www.linkedin.com\\\/in\\\/peter-fssler-2518a782\\\/\",\"https:\\\/\\\/x.com\\\/pfaessler56\"],\"url\":\"https:\\\/\\\/peter-faessler.spschweiz.ch\\\/?author=19\"}]}<\/script>\n<!-- \/ Yoast SEO plugin. -->","yoast_head_json":{"title":"Neues aus dem Kantonsrat Luzern - Peter F\u00e4ssler","robots":{"index":"index","follow":"follow","max-snippet":"max-snippet:-1","max-image-preview":"max-image-preview:large","max-video-preview":"max-video-preview:-1"},"canonical":"https:\/\/peter-faessler.spschweiz.ch\/?p=5928","og_locale":"de_DE","og_type":"article","og_title":"Neues aus dem Kantonsrat Luzern - Peter F\u00e4ssler","og_description":"\u00abKitaf\u00f6rderung ist auch Wirtschaftsf\u00f6rderung \u2013 darum muss sich die Wirtschaft auch an der Finanzierung beteiligen! Im Gegensatz zum Gegenvorschlag fordert unsere Initiative genau dies.\u00bb \u2013...","og_url":"https:\/\/peter-faessler.spschweiz.ch\/?p=5928","og_site_name":"Peter F\u00e4ssler","article_author":"www.facebook.com\/peter.fassler.31","article_published_time":"2025-05-26T18:51:48+00:00","article_modified_time":"2025-05-26T18:57:45+00:00","og_image":[{"width":600,"height":200,"url":"https:\/\/peter-faessler.spschweiz.ch\/wp-content\/uploads\/sites\/15\/2025\/03\/KR-Maerz.png","type":"image\/png"}],"author":"Peter F\u00e4ssler","twitter_misc":{"Verfasst von":"Peter F\u00e4ssler","Gesch\u00e4tzte Lesezeit":"3\u00a0Minuten"},"schema":{"@context":"https:\/\/schema.org","@graph":[{"@type":"Article","@id":"https:\/\/peter-faessler.spschweiz.ch\/?p=5928#article","isPartOf":{"@id":"https:\/\/peter-faessler.spschweiz.ch\/?p=5928"},"author":{"name":"Peter F\u00e4ssler","@id":"https:\/\/peter-faessler.spschweiz.ch\/#\/schema\/person\/7ac2f764b1930b731c670e8a2393b60e"},"headline":"Neues aus dem Kantonsrat Luzern","datePublished":"2025-05-26T18:51:48+00:00","dateModified":"2025-05-26T18:57:45+00:00","mainEntityOfPage":{"@id":"https:\/\/peter-faessler.spschweiz.ch\/?p=5928"},"wordCount":411,"commentCount":0,"image":{"@id":"https:\/\/peter-faessler.spschweiz.ch\/?p=5928#primaryimage"},"thumbnailUrl":"http:\/\/peter-faessler.spschweiz.ch\/wp-content\/uploads\/sites\/15\/2025\/03\/KR-Maerz-300x100.png","keywords":["Kanton Luzern","Kantonsrat","Kantonsrat Kanton Luzern","Kantonsrat Luzern","Kantonsratssession","Kita-Initiative","Parlament","Politik","Session","SP"],"articleSection":["Initiative","Kantonsrat Luzern","Kantonsratsession","Parlament","Politik","SP Kanton Luzern","SP Kantonsratsfraktion"],"inLanguage":"de","potentialAction":[{"@type":"CommentAction","name":"Comment","target":["https:\/\/peter-faessler.spschweiz.ch\/?p=5928#respond"]}]},{"@type":"WebPage","@id":"https:\/\/peter-faessler.spschweiz.ch\/?p=5928","url":"https:\/\/peter-faessler.spschweiz.ch\/?p=5928","name":"Neues aus dem Kantonsrat Luzern - Peter F\u00e4ssler","isPartOf":{"@id":"https:\/\/peter-faessler.spschweiz.ch\/#website"},"primaryImageOfPage":{"@id":"https:\/\/peter-faessler.spschweiz.ch\/?p=5928#primaryimage"},"image":{"@id":"https:\/\/peter-faessler.spschweiz.ch\/?p=5928#primaryimage"},"thumbnailUrl":"http:\/\/peter-faessler.spschweiz.ch\/wp-content\/uploads\/sites\/15\/2025\/03\/KR-Maerz-300x100.png","datePublished":"2025-05-26T18:51:48+00:00","dateModified":"2025-05-26T18:57:45+00:00","author":{"@id":"https:\/\/peter-faessler.spschweiz.ch\/#\/schema\/person\/7ac2f764b1930b731c670e8a2393b60e"},"breadcrumb":{"@id":"https:\/\/peter-faessler.spschweiz.ch\/?p=5928#breadcrumb"},"inLanguage":"de","potentialAction":[{"@type":"ReadAction","target":["https:\/\/peter-faessler.spschweiz.ch\/?p=5928"]}]},{"@type":"ImageObject","inLanguage":"de","@id":"https:\/\/peter-faessler.spschweiz.ch\/?p=5928#primaryimage","url":"https:\/\/peter-faessler.spschweiz.ch\/wp-content\/uploads\/sites\/15\/2025\/03\/KR-Maerz.png","contentUrl":"https:\/\/peter-faessler.spschweiz.ch\/wp-content\/uploads\/sites\/15\/2025\/03\/KR-Maerz.png","width":600,"height":200},{"@type":"BreadcrumbList","@id":"https:\/\/peter-faessler.spschweiz.ch\/?p=5928#breadcrumb","itemListElement":[{"@type":"ListItem","position":1,"name":"Startseite","item":"https:\/\/peter-faessler.spschweiz.ch\/"},{"@type":"ListItem","position":2,"name":"Neues aus dem Kantonsrat Luzern"}]},{"@type":"WebSite","@id":"https:\/\/peter-faessler.spschweiz.ch\/#website","url":"https:\/\/peter-faessler.spschweiz.ch\/","name":"Peter F\u00e4ssler","description":"SP Kantonsrat Kanton Luzern","potentialAction":[{"@type":"SearchAction","target":{"@type":"EntryPoint","urlTemplate":"https:\/\/peter-faessler.spschweiz.ch\/?s={search_term_string}"},"query-input":{"@type":"PropertyValueSpecification","valueRequired":true,"valueName":"search_term_string"}}],"inLanguage":"de"},{"@type":"Person","@id":"https:\/\/peter-faessler.spschweiz.ch\/#\/schema\/person\/7ac2f764b1930b731c670e8a2393b60e","name":"Peter F\u00e4ssler","image":{"@type":"ImageObject","inLanguage":"de","@id":"https:\/\/secure.gravatar.com\/avatar\/9da8604da19b11812517d76f206166d47c5e180a26df2de36b8649168e128572?s=96&d=blank&r=g","url":"https:\/\/secure.gravatar.com\/avatar\/9da8604da19b11812517d76f206166d47c5e180a26df2de36b8649168e128572?s=96&d=blank&r=g","contentUrl":"https:\/\/secure.gravatar.com\/avatar\/9da8604da19b11812517d76f206166d47c5e180a26df2de36b8649168e128572?s=96&d=blank&r=g","caption":"Peter F\u00e4ssler"},"description":"Peter F\u00e4ssler Schibiweg 7 6006 Luzern","sameAs":["www.facebook.com\/peter.fassler.31","https:\/\/www.instagram.com\/peter.fassler.31\/","https:\/\/www.linkedin.com\/in\/peter-fssler-2518a782\/","https:\/\/x.com\/pfaessler56"],"url":"https:\/\/peter-faessler.spschweiz.ch\/?author=19"}]}},"_links":{"self":[{"href":"https:\/\/peter-faessler.spschweiz.ch\/index.php?rest_route=\/wp\/v2\/posts\/5928","targetHints":{"allow":["GET"]}}],"collection":[{"href":"https:\/\/peter-faessler.spschweiz.ch\/index.php?rest_route=\/wp\/v2\/posts"}],"about":[{"href":"https:\/\/peter-faessler.spschweiz.ch\/index.php?rest_route=\/wp\/v2\/types\/post"}],"author":[{"embeddable":true,"href":"https:\/\/peter-faessler.spschweiz.ch\/index.php?rest_route=\/wp\/v2\/users\/19"}],"replies":[{"embeddable":true,"href":"https:\/\/peter-faessler.spschweiz.ch\/index.php?rest_route=%2Fwp%2Fv2%2Fcomments&post=5928"}],"version-history":[{"count":5,"href":"https:\/\/peter-faessler.spschweiz.ch\/index.php?rest_route=\/wp\/v2\/posts\/5928\/revisions"}],"predecessor-version":[{"id":5935,"href":"https:\/\/peter-faessler.spschweiz.ch\/index.php?rest_route=\/wp\/v2\/posts\/5928\/revisions\/5935"}],"wp:attachment":[{"href":"https:\/\/peter-faessler.spschweiz.ch\/index.php?rest_route=%2Fwp%2Fv2%2Fmedia&parent=5928"}],"wp:term":[{"taxonomy":"category","embeddable":true,"href":"https:\/\/peter-faessler.spschweiz.ch\/index.php?rest_route=%2Fwp%2Fv2%2Fcategories&post=5928"},{"taxonomy":"post_tag","embeddable":true,"href":"https:\/\/peter-faessler.spschweiz.ch\/index.php?rest_route=%2Fwp%2Fv2%2Ftags&post=5928"}],"curies":[{"name":"wp","href":"https:\/\/api.w.org\/{rel}","templated":true}]}}