{"id":664,"date":"2017-03-27T11:26:18","date_gmt":"2017-03-27T09:26:18","guid":{"rendered":"http:\/\/peter-faessler.spschweiz.ch\/?p=664"},"modified":"2017-03-27T18:03:38","modified_gmt":"2017-03-27T16:03:38","slug":"kantonsrat-session-vom-27-03-2017","status":"publish","type":"post","link":"https:\/\/peter-faessler.spschweiz.ch\/?p=664","title":{"rendered":"Kantonsrat Session vom 27.03.2017"},"content":{"rendered":"<p>Die Session war urspr\u00fcnglich w\u00e4hrend zwei Tagen geplant, wurde aber mangels Gesch\u00e4ften auf einen Tag gek\u00fcrzt. Die Traktandenliste und die Abstimmungsresultate sind unter folgendem <a href=\"http:\/\/www.lu.ch\/kr\/sessionen\/sessionsdaten_2017\/detail?guid=0fb70d689c6c4e4b9bcb2f6681199690&amp;cal=4302A37117284C32A900B105A4E47D5B\" target=\"_blank\">Link<\/a> einsehbar.<\/p>\n<p>Es werden heute nur zwei Botschaften behandelt:<br \/>\n&#8211; <a href=\"http:\/\/www.lu.ch\/kr\/parlamentsgeschaefte\/detail?ges=215c35c46cc149878d403f3c5fec5917&amp;back=1&amp;geschaeftsnr=B 67&amp;art=-0-1-2&amp;bart=-0-1-2-3-4&amp;vart=-0-1-2-3&amp;gart=1&amp;status=-0-1\"><strong>B 67<\/strong> Pr\u00e4zisierung der Verantwortungs- und Zust\u00e4ndigkeitsbereiche der Departements- und der Dienststellenleitungen; Entwurf \u00c4nderung des Organisationsgesetzes und weiterer Gesetze<\/a>. Diese Botschaft wurde mit 1 Gegenstimme angenommen.<br \/>\nDie Hauptanliegen\u00a0aus Sicht der SP sind folgende :<br \/>\n&#8211; F\u00fchrungsgrunds\u00e4tze sollen \u00fcberarbeitet und in den bestehenden Gesetzen besser abgebildet werden<br \/>\n&#8211; Verh\u00e4ltnis von Departementsleitung und Dienststellenleitung soll besser gekl\u00e4rt werden<br \/>\n&#8211; Insbesondere die Organisationsfreiheit der Dienststellen soll \u00fcberpr\u00fcft und angepasst werden.<\/p>\n<p>&#8211; <a href=\"http:\/\/Totalrevision des B\u00fcrgerrechtsgesetzes; Entwurf\"><strong>B 68<\/strong> Totalrevision des B\u00fcrgerrechtsgesetzes; Entwurf<\/a> . Dieses Gesch\u00e4ft gibt viel zu diskutieren. Es liegen 12 \u00c4nderungsantr\u00e4ge von SP, Gr\u00fcnen und GLP vor.<\/p>\n<p>Hier die Haltung der SP:<br \/>\n<strong>SP fordert faire Einb\u00fcrgerungsverfahren<\/strong><br \/>\nDie SP fordert im totalrevidierten kantonalen Einb\u00fcrgerungsgesetz, dass Einb\u00fcrgerungsentscheide ausschliesslich vom Gemeinderat oder einer Kommission getroffen werden. Ausserdem soll die geforderte Aufenthaltsdauer in der Gemeinde von drei auf zwei Jahren gesenkt werden und die Verfahrensdauer innerhalb von 18 Monaten abgewickelt werden. Verst\u00f6sse gegen \u00f6ffentlich-rechtliche oder privatrechtliche Verpflichtungen sollen nur dann ein Einb\u00fcrgerungshindernis darstellen, wenn diese \u00abmutwillig\u00bb begangen wurden.<br \/>\nDas nationale B\u00fcrgerrechtsgesetz, welches per 1. Januar 2018 in Kraft tritt, bietet den Kantonen nur wenig Handlungsspielraum. Die SP bedauert viele der beschlossenen Versch\u00e4rfungen im nationalen Gesetz. Trotz vieler Versch\u00e4rfungen auf nationaler Ebene besteht insbesondere in Bezug auf die Verfahren von Einb\u00fcrgerungen noch Handlungsspielraum f\u00fcr die Kantone. \u00abDer Kanton Luzern nutzt seinen Gestaltungsspielraum kaum aus und setzt sich zu wenig f\u00fcr fairere Einb\u00fcrgerungsverfahren ein\u00bb, sagt Sara Agner, SP-Kantonsr\u00e4tin aus Dagmersellen.<br \/>\nNamentlich fordert die SP, dass Einb\u00fcrgerungsentscheide ausschliesslich vom Gemeinderat oder einer Kommission getroffen werden. Gemeindeversammlungen sollen in Zukunft keine Einb\u00fcrgerungsentscheide mehr treffen k\u00f6nnen. Weiter soll die geforderte Aufenthaltsdauer in der Gemeinde von drei auf zwei Jahre gesenkt werden, denn der Aufenthalt in ein und derselben Gemeinde ist kein Kriterium f\u00fcr die erfolgreiche Integration einer Person. Verst\u00f6sse gegen \u00f6ffentlich-rechtliche oder privatrechtliche Verpflichtungen sollen nur dann ein Einb\u00fcrgerungshindernis darstellen, wenn diese \u00abmutwillig\u00bb begangen wurden. Es ist f\u00fcr die SP nicht nachvollziehbar, warum das wichtige Kriterium der \u00abMutwilligkeit\u00bb nicht aus der Bundesvorgabe \u00fcbernommen wurde.<br \/>\nDamit m\u00f6glichst faire Einb\u00fcrgerungsverfahren garantiert werden k\u00f6nnen, fordert die SP zudem eine Wegleitung f\u00fcr die Gemeinden. Diese soll dar\u00fcber Auskunft geben, wie die Fragen zu den Verh\u00e4ltnissen am Ort und \u00fcber das Vertrautsein mit den schweizerischen Lebensverh\u00e4ltnissen in Bezug auf Verst\u00e4ndlichkeit und Schwierigkeitsgrad gestellt werden sollen. Damit kann die Chancengleichheit und die Transparenz des Verfahrens deutlich erh\u00f6ht werden.<br \/>\nZudem fehlt f\u00fcr die SP im neuen B\u00fcrgerrechtsgesetz eine Garantie auf eine n\u00fctzliche Frist der Verfahrensdauer. Der Entscheid \u00fcber die Einb\u00fcrgerung einer Person soll innerhalb von 18 Monaten gef\u00e4llt werden.<\/p>\n<p>Die Vorlage wurde gegen die Stimmen von SP und Gr\u00fcne angenommen und geht in die 2. Beratung.<\/p>\n<p>Es geht mit den weiteren Traktanden weiter.<\/p>\n<p>Folgende <strong>Jahresberichte<\/strong> werden zur Kenntnis genommen: P\u00e4dagogische Hochschule Luzern (PH); T\u00e4tigkeitsbericht 2015 sowie\u00a0 Universit\u00e4t Luzern: Jahresbericht 2015.<\/p>\n<p>Nun folgen die Beratungen der <strong>parlamentarischen Vorst\u00f6sse<\/strong> im Rat, doch davor noch die Mittagspause.<\/p>\n<p><img loading=\"lazy\" decoding=\"async\" class=\"alignnone size-medium wp-image-672\" src=\"http:\/\/peter-faessler.spschweiz.ch\/wp-content\/uploads\/sites\/15\/2017\/03\/IMG-20170327-WA0000-300x225.jpg\" alt=\"\" width=\"300\" height=\"225\" srcset=\"https:\/\/peter-faessler.spschweiz.ch\/wp-content\/uploads\/sites\/15\/2017\/03\/IMG-20170327-WA0000-300x225.jpg 300w, https:\/\/peter-faessler.spschweiz.ch\/wp-content\/uploads\/sites\/15\/2017\/03\/IMG-20170327-WA0000-768x576.jpg 768w, https:\/\/peter-faessler.spschweiz.ch\/wp-content\/uploads\/sites\/15\/2017\/03\/IMG-20170327-WA0000-1024x768.jpg 1024w, https:\/\/peter-faessler.spschweiz.ch\/wp-content\/uploads\/sites\/15\/2017\/03\/IMG-20170327-WA0000.jpg 1600w\" sizes=\"auto, (max-width: 300px) 100vw, 300px\" \/><\/p>\n<p>Und dies nach der Mittagspause. Heute hat <a id=\"js_1ea\" class=\"profileLink\" href=\"https:\/\/www.facebook.com\/jacqueline.mennel\">Jacqueline Mennel<\/a> ihren letzten Sessionstag im Kantonsrat.<\/p>\n<p>Als erstes Gesch\u00e4ft am Nachmittag werden die neuen Kantonsrichter vereidigt. Kurt Weingang von der SP ist nun neu Kantonsrichter. Kurt ist ein Krienser und und h\u00e4ufiger Gast an den Parteiveranstaltungen.<\/p>\n<p>Zu Reden gaben die Motion Sager Urban und Mit. <a href=\"http:\/\/www.lu.ch\/kr\/parlamentsgeschaefte\/detail?ges=880e0572dd5f4fc6a805ca65853a0391&amp;back=1&amp;geschaeftsnr=m 262&amp;art=-0-1-2&amp;bart=-0-1-2-3-4&amp;vart=-0-1-2-3&amp;gart=1&amp;status=-0-1\" target=\"_blank\"><strong>(M 262)<\/strong><\/a> \u00fcber die sofortige <strong>Wiederaufnahme der ZHB-Sanierung<\/strong> sowie die Anfrage Sager Urban und Mit. <a href=\"http:\/\/www.lu.ch\/kr\/parlamentsgeschaefte\/detail?ges=f60ce544295a4987902228c52db29336&amp;back=1&amp;geschaeftsnr=a 263&amp;art=-0-1-2&amp;bart=-0-1-2-3-4&amp;vart=-0-1-2-3&amp;gart=1&amp;status=-0-1\" target=\"_blank\"><strong>(A 263)<\/strong><\/a> \u00fcber die Sistierung der ZHB-Sanierung und die <strong>Verletzung des Bibliotheksgesetzes<\/strong>. Die Motion wurde vom Rat mit grosser (b\u00fcrgerlicher) Mehrheit abgelehnt.<\/p>\n<p>Weiter geht&#8217;s mit der Motion Graber Mich\u00e8le und Mit. <strong><a href=\"http:\/\/www.lu.ch\/kr\/parlamentsgeschaefte\/detail?ges=6f0c6f9db3334168b9768a857cf80825&amp;back=1&amp;geschaeftsnr=m 180&amp;art=-0-1-2&amp;bart=-0-1-2-3-4&amp;vart=-0-1-2-3&amp;gart=1&amp;status=-0-1\" target=\"_blank\">(M 180)<\/a><\/strong> \u00fcber die <strong>Abschaffung des Salzregals<\/strong>. Es ist zwar ein alter Zopf, doch ist sich der Rat gr\u00f6sstenteils einig, dass es in diesem Fall einen Sinn macht, das Salzregal zu behalten. Von alle andern Parteien abgelehnt.<\/p>\n<p>Das Postulat Candan Hasan und Mit. <a href=\"http:\/\/www.lu.ch\/kr\/parlamentsgeschaefte\/detail?ges=776ff09a811241b2b17930591ac56a04&amp;back=1&amp;geschaeftsnr=P 201&amp;art=-0-1-2&amp;bart=-0-1-2-3-4&amp;vart=-0-1-2-3&amp;gart=1&amp;status=-0-1\" target=\"_blank\"><strong>(P 201)<\/strong><\/a> \u00fcber die Verwendung von Luzerner Holz bei der Realisierung des zentralen Verwaltungsgeb\u00e4udes am Seetalplatz (Waffel), Luzern Nord und das Postulat Bucheli Hanspeter und Mit. <a href=\"http:\/\/www.lu.ch\/kr\/parlamentsgeschaefte\/detail?ges=753704017b0048a6a905e62c2cad385a&amp;back=1&amp;geschaeftsnr=P 222&amp;art=-0-1-2&amp;bart=-0-1-2-3-4&amp;vart=-0-1-2-3&amp;gart=1&amp;status=-0-1\" target=\"_blank\"><strong>(P 222)<\/strong><\/a> \u00fcber ein zentrales Verwaltungsgeb\u00e4ude am Seetalplatz (Waffel) in Holzbauweise beinhalten das gleiche Anliegen. Beide Postulate werden \u00fcberwiesen. Bravo Hasan!<\/p>\n<p>Traktandum 16 bis 19 werden als Paket behandelt: Motion Graber Mich\u00e8le und Mit. <a href=\"http:\/\/www.lu.ch\/kr\/parlamentsgeschaefte\/detail?ges=c6325657a58c4963ae88f124bf7e33bb&amp;back=1&amp;geschaeftsnr=M 250&amp;art=-0-1-2&amp;bart=-0-1-2-3-4&amp;vart=-0-1-2-3&amp;gart=1&amp;status=-0-1\" target=\"_blank\"><strong>(M 250)<\/strong><\/a> \u00fcber das <strong>fakultative Referendum f\u00fcr Steuerfuss\u00e4nderungen von mehr als 1\/20 der Steuereinheit,<\/strong> Einzelinitiative Freitag Charly und Mit. <a href=\"http:\/\/www.lu.ch\/kr\/parlamentsgeschaefte\/detail?ges=6b54ef1f6ae247dd881ba8ac6587548a&amp;back=1&amp;geschaeftsnr=e 264&amp;art=-0-1-2&amp;bart=-0-1-2-3-4&amp;vart=-0-1-2-3&amp;gart=1&amp;status=-0-1\" target=\"_blank\"><strong>(E 264)<\/strong><\/a> \u00fcber eine <strong>\u00c4nderung des Steuergesetzes zur Verhinderung eines automatischen budgetlosen Zustandes<\/strong>, Motion L\u00fcthold Angela und Mit. <a href=\"http:\/\/www.lu.ch\/kr\/parlamentsgeschaefte\/detail?ges=bbc4767cbc8f4965b3823bbf1dbeb722&amp;back=1&amp;geschaeftsnr=m 273&amp;art=-0-1-2&amp;bart=-0-1-2-3-4&amp;vart=-0-1-2-3&amp;gart=1&amp;status=-0-1\" target=\"_blank\"><strong>(M 273)<\/strong><\/a> \u00fcber die <strong>Vorverschiebung der Genehmigung des Budgets und des Steuerfusses<\/strong>, Motion Ledergerber Michael und Mit. <a href=\"http:\/\/www.lu.ch\/kr\/parlamentsgeschaefte\/detail?ges=bbc157891ba94f47960ffa43532d166d&amp;back=1&amp;geschaeftsnr=m 274&amp;art=-0-1-2&amp;bart=-0-1-2-3-4&amp;vart=-0-1-2-3&amp;gart=1&amp;status=-0-1\" target=\"_blank\"><strong>(M 274)<\/strong><\/a> \u00fcber die <strong>Vorverlegung der Budgetberatung<\/strong>.<\/p>\n<p>M 250 wird als Postulat \u00fcberwiesen, E 264 wird zur\u00fcckgezogen. M 273 und M 274 werden \u00fcberwiesen.<\/p>\n<p>Mit der Anfrage Hunkeler Yvonne und Mit. <a href=\"http:\/\/www.lu.ch\/kr\/parlamentsgeschaefte\/detail?ges=fe9bde4896d3442f92d10834d449c846&amp;back=1&amp;geschaeftsnr=a 276&amp;art=-0-1-2&amp;bart=-0-1-2-3-4&amp;vart=-0-1-2-3&amp;gart=1&amp;status=-0-1\" target=\"_blank\"><strong>(A 276)<\/strong><\/a> \u00fcber <strong>konkrete Sparmassnahmen als Alternativen zur Steuererh\u00f6hung<\/strong> geht es weiter. Yvonne Hunkeler ist mit der Antwort nicht zufrieden und f\u00fchrt dies aus. Es erfolgt eine Diskussion \u00fcber das Sparen und das Schuldenmachen.<\/p>\n<p>Als n\u00e4chstes Gesch\u00e4ft folgt Postulat Roth David und Mit. <a href=\"http:\/\/www.lu.ch\/kr\/parlamentsgeschaefte\/detail?ges=cada7d3dd6c949bf97d78f8018f3b780&amp;back=1&amp;geschaeftsnr=P 269&amp;art=-0-1-2&amp;bart=-0-1-2-3-4&amp;vart=-0-1-2-3&amp;gart=1&amp;status=-0-1\" target=\"_blank\"><strong>(P 269)<\/strong><\/a> \u00fcber die <strong>Wahl des LUKB-Verwaltungsratspr\u00e4sidiums<\/strong>: M\u00f6gliche Interessenkonflikte verhindern. Es folgt eine intensive Diskussion \u00fcber Interessenskonflikte und Befangenheiten und Glaubw\u00fcrdigkeiten. David Roth baut eine Br\u00fccke, in dem er als Kompromiss die teilweise Erheblichkeit anbietet. Die teilweise Erheblichkeit wird mit 2 Stimmen Differenz abgelehnt.<\/p>\n<p>Das Postulat Baumann Markus und Mit. <a href=\"http:\/\/www.lu.ch\/kr\/parlamentsgeschaefte\/detail?ges=3eeebb3da54140c9a74791c54bc4f552&amp;back=1&amp;geschaeftsnr=P 199&amp;art=-0-1-2&amp;bart=-0-1-2-3-4&amp;vart=-0-1-2-3&amp;gart=1&amp;status=-0-1\" target=\"_blank\"><strong>(P 199)<\/strong><\/a> \u00fcber die Pr\u00fcfung der E<strong>ntwicklung der Anzahl Ausbildungspl\u00e4tze in Lehrbetrieben der Informatikbranche<\/strong> nach Errichtung der Informatikmittelschul, wird mit grosser Mehrheit \u00fcberwiesen.<\/p>\n<p>Weiter mit dem Postulat Baumann Markus und Mit. <a href=\"http:\/\/www.lu.ch\/kr\/parlamentsgeschaefte\/detail?ges=70d94f2b79f04414bdacd8f9076238d0&amp;back=1&amp;geschaeftsnr=P 198&amp;art=-0-1-2&amp;bart=-0-1-2-3-4&amp;vart=-0-1-2-3&amp;gart=1&amp;status=-0-1\" target=\"_blank\"><strong>(P 198)<\/strong><\/a> \u00fcber die Pr\u00fcfung einer <strong>Auslagerung des Instrumental- und Vokalunterricht der Kantonsschulen an die Musikschulen der Gemeinde<\/strong>. Es liegt der Gegenantrag der SP vor, das Postulat abzulehnen. Wir vermuten ein Sparprogramm bei den L\u00f6hnen der Musikschullehrpersonen. Die Abstimmung ergibt 71 zu 30 Stimmen Zustimmung. Das gleiche Resultat ergibt die Abstimmung zum Postulat zum geichen Thema\u00a0 Postulat Zurbriggen Roger und Mit.<strong> (<a href=\"http:\/\/www.lu.ch\/kr\/parlamentsgeschaefte\/detail?ges=9019762d83c6404ba47a017d4cf85241&amp;back=1&amp;geschaeftsnr=P%20218&amp;art=-0-1-2&amp;bart=-0-1-2-3-4&amp;vart=-0-1-2-3&amp;gart=1&amp;status=-0-1\" target=\"_blank\">P 218<\/a> )<\/strong> \u00fcber die Abkl\u00e4rung einer <strong>Eingliederung der gymnasialen Musikschulen in die kommunalen zwecks Vereinfachung der Strukturen, Kostenreduktion und Qualit\u00e4tssteigerung.<\/strong><\/p>\n<p>Anfrage Schmid-Ambauen Rosy und Mit. <a href=\"http:\/\/www.lu.ch\/kr\/parlamentsgeschaefte\/detail?ges=d34e8e97b84645ce8c5c8501bc41c625&amp;back=1&amp;geschaeftsnr=a 288&amp;art=-0-1-2&amp;bart=-0-1-2-3-4&amp;vart=-0-1-2-3&amp;gart=1&amp;status=-0-1\" target=\"_blank\"><strong>(A 288)<\/strong><\/a> \u00fcber die <strong>Kosten und die kostenneutrale Einf\u00fchrung des Lehrplanes 21<\/strong> im Kanton Luzern. Rosy Schmid-Ambauen ist mit der Antwort nicht zufrieden und w\u00fcnscht Diskussion.<\/p>\n<p>Das Postulat Reusser Christina und Mit.<a href=\"http:\/\/www.lu.ch\/kr\/parlamentsgeschaefte\/detail?ges=d7dce4d26e5d49bb868ebc5eb3f83cfe&amp;back=1&amp;geschaeftsnr=p 150&amp;art=-0-1-2&amp;bart=-0-1-2-3-4&amp;vart=-0-1-2-3&amp;gart=1&amp;status=-0-1\" target=\"_blank\"> <strong>(P 150)<\/strong><\/a> \u00fcber die <strong>Erh\u00f6hung der Einkommensgrenze bei der Alimentenbevorschussung<\/strong> und die Motion Reusser Christina und Mit. <a href=\"http:\/\/www.lu.ch\/kr\/parlamentsgeschaefte\/detail?ges=905faa9d46084f34a610d25a84c619fa&amp;back=1&amp;geschaeftsnr=m 151&amp;art=-0-1-2&amp;bart=-0-1-2-3-4&amp;vart=-0-1-2-3&amp;gart=1&amp;status=-0-1\" target=\"_blank\"><strong>(M 151)<\/strong><\/a> \u00fcber die <strong>Einf\u00fchrung der Teilbevorschussung der Kinderalimente<\/strong> werden als Paket behandelt. P150 wird \u00fcberwiesen. M 151 wird als Postulat \u00fcberwiesen.<\/p>\n<p>Zum Abschluss wird unser Fraktionsmitglied Jacqueline Mennel verabschiedet. Sie war seit 2008 im Kantonsrat.<\/p>\n<div id=\"kpm_content_wrapper\" class=\"notranslate\"><\/div>\n","protected":false},"excerpt":{"rendered":"<p>Die Session war urspr\u00fcnglich w\u00e4hrend zwei Tagen geplant, wurde aber mangels Gesch\u00e4ften auf einen Tag gek\u00fcrzt. Die Traktandenliste und die Abstimmungsresultate sind unter folgendem Link&#8230;<\/p>\n","protected":false},"author":19,"featured_media":0,"comment_status":"open","ping_status":"open","sticky":false,"template":"","format":"standard","meta":{"footnotes":""},"categories":[22,23,21,1],"tags":[],"class_list":["post-664","post","type-post","status-publish","format-standard","hentry","category-kantonsrat-luzern","category-kantonsratsession","category-politik","category-sp-kriens"],"yoast_head":"<!-- This site is optimized with the Yoast SEO plugin v27.5 - https:\/\/yoast.com\/product\/yoast-seo-wordpress\/ -->\n<title>Kantonsrat Session vom 27.03.2017 - Peter F\u00e4ssler<\/title>\n<meta name=\"robots\" content=\"index, follow, max-snippet:-1, max-image-preview:large, max-video-preview:-1\" \/>\n<link rel=\"canonical\" href=\"https:\/\/peter-faessler.spschweiz.ch\/?p=664\" \/>\n<meta property=\"og:locale\" content=\"de_DE\" \/>\n<meta property=\"og:type\" content=\"article\" \/>\n<meta property=\"og:title\" content=\"Kantonsrat Session vom 27.03.2017 - Peter F\u00e4ssler\" \/>\n<meta property=\"og:description\" content=\"Die Session war urspr\u00fcnglich w\u00e4hrend zwei Tagen geplant, wurde aber mangels Gesch\u00e4ften auf einen Tag gek\u00fcrzt. Die Traktandenliste und die Abstimmungsresultate sind unter folgendem Link...\" \/>\n<meta property=\"og:url\" content=\"https:\/\/peter-faessler.spschweiz.ch\/?p=664\" \/>\n<meta property=\"og:site_name\" content=\"Peter F\u00e4ssler\" \/>\n<meta property=\"article:author\" content=\"www.facebook.com\/peter.fassler.31\" \/>\n<meta property=\"article:published_time\" content=\"2017-03-27T09:26:18+00:00\" \/>\n<meta property=\"article:modified_time\" content=\"2017-03-27T16:03:38+00:00\" \/>\n<meta property=\"og:image\" content=\"http:\/\/peter-faessler.spschweiz.ch\/wp-content\/uploads\/sites\/15\/2017\/03\/IMG-20170327-WA0000-300x225.jpg\" \/>\n<meta name=\"author\" content=\"Peter F\u00e4ssler\" \/>\n<meta name=\"twitter:label1\" content=\"Verfasst von\" \/>\n\t<meta name=\"twitter:data1\" content=\"Peter F\u00e4ssler\" \/>\n\t<meta name=\"twitter:label2\" content=\"Gesch\u00e4tzte Lesezeit\" \/>\n\t<meta name=\"twitter:data2\" content=\"6\u00a0Minuten\" \/>\n<script type=\"application\/ld+json\" class=\"yoast-schema-graph\">{\"@context\":\"https:\\\/\\\/schema.org\",\"@graph\":[{\"@type\":\"Article\",\"@id\":\"https:\\\/\\\/peter-faessler.spschweiz.ch\\\/?p=664#article\",\"isPartOf\":{\"@id\":\"https:\\\/\\\/peter-faessler.spschweiz.ch\\\/?p=664\"},\"author\":{\"name\":\"Peter F\u00e4ssler\",\"@id\":\"https:\\\/\\\/peter-faessler.spschweiz.ch\\\/#\\\/schema\\\/person\\\/7ac2f764b1930b731c670e8a2393b60e\"},\"headline\":\"Kantonsrat Session vom 27.03.2017\",\"datePublished\":\"2017-03-27T09:26:18+00:00\",\"dateModified\":\"2017-03-27T16:03:38+00:00\",\"mainEntityOfPage\":{\"@id\":\"https:\\\/\\\/peter-faessler.spschweiz.ch\\\/?p=664\"},\"wordCount\":1124,\"commentCount\":0,\"image\":{\"@id\":\"https:\\\/\\\/peter-faessler.spschweiz.ch\\\/?p=664#primaryimage\"},\"thumbnailUrl\":\"http:\\\/\\\/peter-faessler.spschweiz.ch\\\/wp-content\\\/uploads\\\/sites\\\/15\\\/2017\\\/03\\\/IMG-20170327-WA0000-300x225.jpg\",\"articleSection\":[\"Kantonsrat Luzern\",\"Kantonsratsession\",\"Politik\",\"SP Kriens\"],\"inLanguage\":\"de\",\"potentialAction\":[{\"@type\":\"CommentAction\",\"name\":\"Comment\",\"target\":[\"https:\\\/\\\/peter-faessler.spschweiz.ch\\\/?p=664#respond\"]}]},{\"@type\":\"WebPage\",\"@id\":\"https:\\\/\\\/peter-faessler.spschweiz.ch\\\/?p=664\",\"url\":\"https:\\\/\\\/peter-faessler.spschweiz.ch\\\/?p=664\",\"name\":\"Kantonsrat Session vom 27.03.2017 - Peter F\u00e4ssler\",\"isPartOf\":{\"@id\":\"https:\\\/\\\/peter-faessler.spschweiz.ch\\\/#website\"},\"primaryImageOfPage\":{\"@id\":\"https:\\\/\\\/peter-faessler.spschweiz.ch\\\/?p=664#primaryimage\"},\"image\":{\"@id\":\"https:\\\/\\\/peter-faessler.spschweiz.ch\\\/?p=664#primaryimage\"},\"thumbnailUrl\":\"http:\\\/\\\/peter-faessler.spschweiz.ch\\\/wp-content\\\/uploads\\\/sites\\\/15\\\/2017\\\/03\\\/IMG-20170327-WA0000-300x225.jpg\",\"datePublished\":\"2017-03-27T09:26:18+00:00\",\"dateModified\":\"2017-03-27T16:03:38+00:00\",\"author\":{\"@id\":\"https:\\\/\\\/peter-faessler.spschweiz.ch\\\/#\\\/schema\\\/person\\\/7ac2f764b1930b731c670e8a2393b60e\"},\"breadcrumb\":{\"@id\":\"https:\\\/\\\/peter-faessler.spschweiz.ch\\\/?p=664#breadcrumb\"},\"inLanguage\":\"de\",\"potentialAction\":[{\"@type\":\"ReadAction\",\"target\":[\"https:\\\/\\\/peter-faessler.spschweiz.ch\\\/?p=664\"]}]},{\"@type\":\"ImageObject\",\"inLanguage\":\"de\",\"@id\":\"https:\\\/\\\/peter-faessler.spschweiz.ch\\\/?p=664#primaryimage\",\"url\":\"http:\\\/\\\/peter-faessler.spschweiz.ch\\\/wp-content\\\/uploads\\\/sites\\\/15\\\/2017\\\/03\\\/IMG-20170327-WA0000-300x225.jpg\",\"contentUrl\":\"http:\\\/\\\/peter-faessler.spschweiz.ch\\\/wp-content\\\/uploads\\\/sites\\\/15\\\/2017\\\/03\\\/IMG-20170327-WA0000-300x225.jpg\"},{\"@type\":\"BreadcrumbList\",\"@id\":\"https:\\\/\\\/peter-faessler.spschweiz.ch\\\/?p=664#breadcrumb\",\"itemListElement\":[{\"@type\":\"ListItem\",\"position\":1,\"name\":\"Startseite\",\"item\":\"https:\\\/\\\/peter-faessler.spschweiz.ch\\\/\"},{\"@type\":\"ListItem\",\"position\":2,\"name\":\"Kantonsrat Session vom 27.03.2017\"}]},{\"@type\":\"WebSite\",\"@id\":\"https:\\\/\\\/peter-faessler.spschweiz.ch\\\/#website\",\"url\":\"https:\\\/\\\/peter-faessler.spschweiz.ch\\\/\",\"name\":\"Peter F\u00e4ssler\",\"description\":\"SP Kantonsrat Kanton Luzern\",\"potentialAction\":[{\"@type\":\"SearchAction\",\"target\":{\"@type\":\"EntryPoint\",\"urlTemplate\":\"https:\\\/\\\/peter-faessler.spschweiz.ch\\\/?s={search_term_string}\"},\"query-input\":{\"@type\":\"PropertyValueSpecification\",\"valueRequired\":true,\"valueName\":\"search_term_string\"}}],\"inLanguage\":\"de\"},{\"@type\":\"Person\",\"@id\":\"https:\\\/\\\/peter-faessler.spschweiz.ch\\\/#\\\/schema\\\/person\\\/7ac2f764b1930b731c670e8a2393b60e\",\"name\":\"Peter F\u00e4ssler\",\"image\":{\"@type\":\"ImageObject\",\"inLanguage\":\"de\",\"@id\":\"https:\\\/\\\/secure.gravatar.com\\\/avatar\\\/9da8604da19b11812517d76f206166d47c5e180a26df2de36b8649168e128572?s=96&d=blank&r=g\",\"url\":\"https:\\\/\\\/secure.gravatar.com\\\/avatar\\\/9da8604da19b11812517d76f206166d47c5e180a26df2de36b8649168e128572?s=96&d=blank&r=g\",\"contentUrl\":\"https:\\\/\\\/secure.gravatar.com\\\/avatar\\\/9da8604da19b11812517d76f206166d47c5e180a26df2de36b8649168e128572?s=96&d=blank&r=g\",\"caption\":\"Peter F\u00e4ssler\"},\"description\":\"Peter F\u00e4ssler Schibiweg 7 6006 Luzern\",\"sameAs\":[\"www.facebook.com\\\/peter.fassler.31\",\"https:\\\/\\\/www.instagram.com\\\/peter.fassler.31\\\/\",\"https:\\\/\\\/www.linkedin.com\\\/in\\\/peter-fssler-2518a782\\\/\",\"https:\\\/\\\/x.com\\\/pfaessler56\"],\"url\":\"https:\\\/\\\/peter-faessler.spschweiz.ch\\\/?author=19\"}]}<\/script>\n<!-- \/ Yoast SEO plugin. -->","yoast_head_json":{"title":"Kantonsrat Session vom 27.03.2017 - Peter F\u00e4ssler","robots":{"index":"index","follow":"follow","max-snippet":"max-snippet:-1","max-image-preview":"max-image-preview:large","max-video-preview":"max-video-preview:-1"},"canonical":"https:\/\/peter-faessler.spschweiz.ch\/?p=664","og_locale":"de_DE","og_type":"article","og_title":"Kantonsrat Session vom 27.03.2017 - Peter F\u00e4ssler","og_description":"Die Session war urspr\u00fcnglich w\u00e4hrend zwei Tagen geplant, wurde aber mangels Gesch\u00e4ften auf einen Tag gek\u00fcrzt. Die Traktandenliste und die Abstimmungsresultate sind unter folgendem Link...","og_url":"https:\/\/peter-faessler.spschweiz.ch\/?p=664","og_site_name":"Peter F\u00e4ssler","article_author":"www.facebook.com\/peter.fassler.31","article_published_time":"2017-03-27T09:26:18+00:00","article_modified_time":"2017-03-27T16:03:38+00:00","og_image":[{"url":"http:\/\/peter-faessler.spschweiz.ch\/wp-content\/uploads\/sites\/15\/2017\/03\/IMG-20170327-WA0000-300x225.jpg","type":"","width":"","height":""}],"author":"Peter F\u00e4ssler","twitter_misc":{"Verfasst von":"Peter F\u00e4ssler","Gesch\u00e4tzte Lesezeit":"6\u00a0Minuten"},"schema":{"@context":"https:\/\/schema.org","@graph":[{"@type":"Article","@id":"https:\/\/peter-faessler.spschweiz.ch\/?p=664#article","isPartOf":{"@id":"https:\/\/peter-faessler.spschweiz.ch\/?p=664"},"author":{"name":"Peter F\u00e4ssler","@id":"https:\/\/peter-faessler.spschweiz.ch\/#\/schema\/person\/7ac2f764b1930b731c670e8a2393b60e"},"headline":"Kantonsrat Session vom 27.03.2017","datePublished":"2017-03-27T09:26:18+00:00","dateModified":"2017-03-27T16:03:38+00:00","mainEntityOfPage":{"@id":"https:\/\/peter-faessler.spschweiz.ch\/?p=664"},"wordCount":1124,"commentCount":0,"image":{"@id":"https:\/\/peter-faessler.spschweiz.ch\/?p=664#primaryimage"},"thumbnailUrl":"http:\/\/peter-faessler.spschweiz.ch\/wp-content\/uploads\/sites\/15\/2017\/03\/IMG-20170327-WA0000-300x225.jpg","articleSection":["Kantonsrat Luzern","Kantonsratsession","Politik","SP Kriens"],"inLanguage":"de","potentialAction":[{"@type":"CommentAction","name":"Comment","target":["https:\/\/peter-faessler.spschweiz.ch\/?p=664#respond"]}]},{"@type":"WebPage","@id":"https:\/\/peter-faessler.spschweiz.ch\/?p=664","url":"https:\/\/peter-faessler.spschweiz.ch\/?p=664","name":"Kantonsrat Session vom 27.03.2017 - Peter F\u00e4ssler","isPartOf":{"@id":"https:\/\/peter-faessler.spschweiz.ch\/#website"},"primaryImageOfPage":{"@id":"https:\/\/peter-faessler.spschweiz.ch\/?p=664#primaryimage"},"image":{"@id":"https:\/\/peter-faessler.spschweiz.ch\/?p=664#primaryimage"},"thumbnailUrl":"http:\/\/peter-faessler.spschweiz.ch\/wp-content\/uploads\/sites\/15\/2017\/03\/IMG-20170327-WA0000-300x225.jpg","datePublished":"2017-03-27T09:26:18+00:00","dateModified":"2017-03-27T16:03:38+00:00","author":{"@id":"https:\/\/peter-faessler.spschweiz.ch\/#\/schema\/person\/7ac2f764b1930b731c670e8a2393b60e"},"breadcrumb":{"@id":"https:\/\/peter-faessler.spschweiz.ch\/?p=664#breadcrumb"},"inLanguage":"de","potentialAction":[{"@type":"ReadAction","target":["https:\/\/peter-faessler.spschweiz.ch\/?p=664"]}]},{"@type":"ImageObject","inLanguage":"de","@id":"https:\/\/peter-faessler.spschweiz.ch\/?p=664#primaryimage","url":"http:\/\/peter-faessler.spschweiz.ch\/wp-content\/uploads\/sites\/15\/2017\/03\/IMG-20170327-WA0000-300x225.jpg","contentUrl":"http:\/\/peter-faessler.spschweiz.ch\/wp-content\/uploads\/sites\/15\/2017\/03\/IMG-20170327-WA0000-300x225.jpg"},{"@type":"BreadcrumbList","@id":"https:\/\/peter-faessler.spschweiz.ch\/?p=664#breadcrumb","itemListElement":[{"@type":"ListItem","position":1,"name":"Startseite","item":"https:\/\/peter-faessler.spschweiz.ch\/"},{"@type":"ListItem","position":2,"name":"Kantonsrat Session vom 27.03.2017"}]},{"@type":"WebSite","@id":"https:\/\/peter-faessler.spschweiz.ch\/#website","url":"https:\/\/peter-faessler.spschweiz.ch\/","name":"Peter F\u00e4ssler","description":"SP Kantonsrat Kanton Luzern","potentialAction":[{"@type":"SearchAction","target":{"@type":"EntryPoint","urlTemplate":"https:\/\/peter-faessler.spschweiz.ch\/?s={search_term_string}"},"query-input":{"@type":"PropertyValueSpecification","valueRequired":true,"valueName":"search_term_string"}}],"inLanguage":"de"},{"@type":"Person","@id":"https:\/\/peter-faessler.spschweiz.ch\/#\/schema\/person\/7ac2f764b1930b731c670e8a2393b60e","name":"Peter F\u00e4ssler","image":{"@type":"ImageObject","inLanguage":"de","@id":"https:\/\/secure.gravatar.com\/avatar\/9da8604da19b11812517d76f206166d47c5e180a26df2de36b8649168e128572?s=96&d=blank&r=g","url":"https:\/\/secure.gravatar.com\/avatar\/9da8604da19b11812517d76f206166d47c5e180a26df2de36b8649168e128572?s=96&d=blank&r=g","contentUrl":"https:\/\/secure.gravatar.com\/avatar\/9da8604da19b11812517d76f206166d47c5e180a26df2de36b8649168e128572?s=96&d=blank&r=g","caption":"Peter F\u00e4ssler"},"description":"Peter F\u00e4ssler Schibiweg 7 6006 Luzern","sameAs":["www.facebook.com\/peter.fassler.31","https:\/\/www.instagram.com\/peter.fassler.31\/","https:\/\/www.linkedin.com\/in\/peter-fssler-2518a782\/","https:\/\/x.com\/pfaessler56"],"url":"https:\/\/peter-faessler.spschweiz.ch\/?author=19"}]}},"_links":{"self":[{"href":"https:\/\/peter-faessler.spschweiz.ch\/index.php?rest_route=\/wp\/v2\/posts\/664","targetHints":{"allow":["GET"]}}],"collection":[{"href":"https:\/\/peter-faessler.spschweiz.ch\/index.php?rest_route=\/wp\/v2\/posts"}],"about":[{"href":"https:\/\/peter-faessler.spschweiz.ch\/index.php?rest_route=\/wp\/v2\/types\/post"}],"author":[{"embeddable":true,"href":"https:\/\/peter-faessler.spschweiz.ch\/index.php?rest_route=\/wp\/v2\/users\/19"}],"replies":[{"embeddable":true,"href":"https:\/\/peter-faessler.spschweiz.ch\/index.php?rest_route=%2Fwp%2Fv2%2Fcomments&post=664"}],"version-history":[{"count":30,"href":"https:\/\/peter-faessler.spschweiz.ch\/index.php?rest_route=\/wp\/v2\/posts\/664\/revisions"}],"predecessor-version":[{"id":701,"href":"https:\/\/peter-faessler.spschweiz.ch\/index.php?rest_route=\/wp\/v2\/posts\/664\/revisions\/701"}],"wp:attachment":[{"href":"https:\/\/peter-faessler.spschweiz.ch\/index.php?rest_route=%2Fwp%2Fv2%2Fmedia&parent=664"}],"wp:term":[{"taxonomy":"category","embeddable":true,"href":"https:\/\/peter-faessler.spschweiz.ch\/index.php?rest_route=%2Fwp%2Fv2%2Fcategories&post=664"},{"taxonomy":"post_tag","embeddable":true,"href":"https:\/\/peter-faessler.spschweiz.ch\/index.php?rest_route=%2Fwp%2Fv2%2Ftags&post=664"}],"curies":[{"name":"wp","href":"https:\/\/api.w.org\/{rel}","templated":true}]}}