{"id":687,"date":"2017-03-27T16:54:05","date_gmt":"2017-03-27T14:54:05","guid":{"rendered":"http:\/\/peter-faessler.spschweiz.ch\/?p=687"},"modified":"2017-03-27T16:54:05","modified_gmt":"2017-03-27T14:54:05","slug":"a-297-anfrage-faessler-peter-und-mit-ueber-geburten-im-gefaengnis","status":"publish","type":"post","link":"https:\/\/peter-faessler.spschweiz.ch\/?p=687","title":{"rendered":"A 297 Anfrage F\u00e4ssler Peter und Mit. \u00fcber Geburten im Gef\u00e4ngnis"},"content":{"rendered":"<p><strong>Anfrage zu Geburten im Gef\u00e4ngnis<\/strong><\/p>\n<p>Ende Januar 2017 gebar im Z\u00fcricher Untersuchungsgef\u00e4ngnis laut Artikel im Tagesanzeiger eine Frau ohne fremde Hilfe ein Kind. In diesem Artikel heisst es weiter, \u201elaut Angaben einer Mitinsassin hatte sie erfolglos den Notfallknopf gedr\u00fcckt sowie nach den W\u00e4chtern gerufen. Das Gef\u00e4ngnispersonal und der Krankenwagen seien allerdings erst nach der Geburt erschienen. Die Nabelschnur sei mit einer Schere des Gef\u00e4ngnisses durchtrennt worden. Die Kommunikationsstelle des kantonalen Amts f\u00fcr Justizvollzug best\u00e4tigt den Vorfall: \u00abDa die Zeit zwischen den ersten Wehen und der Geburt extrem kurz war, traf die Sanit\u00e4t erst kurz nach der Geburt des Kindes ein.\u00bb\u201c \u00a0\u00a0Weiter hiess es in diesem Artikel, dass in Deutschland jedes Jahr rund 60 Frauen im Gef\u00e4ngnis Kinder geb\u00e4ren w\u00fcrden.<br \/>\n(Link zum Online-Artikel : <a href=\"https:\/\/www.nzz.ch\/zuerich\/u-haft-zuerich-frau-gebaert-eigenstaendig-kind-in-gefaengniszelle-ld.143376\">https:\/\/www.nzz.ch\/zuerich\/u-haft-zuerich-frau-gebaert-eigenstaendig-kind-in-gefaengniszelle-ld.143376<\/a> )<\/p>\n<p>Diese Mitteilung veranlasst die SP Fraktion zu folgenden Fragen:<\/p>\n<ol>\n<li>Gab es im Kanton Luzern ebenfalls solche \u201eeinsame\u201c Geburten in den Gef\u00e4ngnissen? Wenn ja, wie oft kommt dies vor?<\/li>\n<li>Wie oft sind schwangere Frauen in Untersuchungshaft oder verb\u00fcssen Haftstrafen in Luzerner Gef\u00e4ngnissen?<\/li>\n<li>Wie werden schwangere Frauen in Untersuchungshaft oder im Gef\u00e4ngnis betreut?<\/li>\n<li>Wie oft kommen Geburten von inhaftierten Frauen vor?<\/li>\n<li>Wo k\u00f6nnen inhaftierte Frauen geb\u00e4ren? In der Haftanstalt selber oder in einem Spital?<\/li>\n<li>Was geschieht mit den neugeborenen Kindern solcher Frauen? Gibt es dazu gesamtschweizerische oder kantonale Richtlinien?<\/li>\n<li>Was geschieht mit den Frauen nach der Geburt?<\/li>\n<li>Wie geht man mit weiteren Angeh\u00f6rigen wie V\u00e4ter, Ehem\u00e4nnern oder weiteren Kindern in solchen Situationen um?<\/li>\n<\/ol>\n<p>F\u00fcr die Beantwortung dieser Fragen bedanken wir uns.<\/p>\n<p>Peter F\u00e4ssler<\/p>\n<div id=\"kpm_content_wrapper\" class=\"notranslate\"><\/div>\n","protected":false},"excerpt":{"rendered":"<p>Anfrage zu Geburten im Gef\u00e4ngnis Ende Januar 2017 gebar im Z\u00fcricher Untersuchungsgef\u00e4ngnis laut Artikel im Tagesanzeiger eine Frau ohne fremde Hilfe ein Kind. In diesem&#8230;<\/p>\n","protected":false},"author":19,"featured_media":0,"comment_status":"open","ping_status":"open","sticky":false,"template":"","format":"standard","meta":{"footnotes":""},"categories":[1],"tags":[],"class_list":["post-687","post","type-post","status-publish","format-standard","hentry","category-sp-kriens"],"yoast_head":"<!-- This site is optimized with the Yoast SEO plugin v27.5 - https:\/\/yoast.com\/product\/yoast-seo-wordpress\/ -->\n<title>A 297 Anfrage F\u00e4ssler Peter und Mit. \u00fcber Geburten im Gef\u00e4ngnis - Peter F\u00e4ssler<\/title>\n<meta name=\"robots\" content=\"index, follow, max-snippet:-1, max-image-preview:large, max-video-preview:-1\" \/>\n<link rel=\"canonical\" href=\"https:\/\/peter-faessler.spschweiz.ch\/?p=687\" \/>\n<meta property=\"og:locale\" content=\"de_DE\" \/>\n<meta property=\"og:type\" content=\"article\" \/>\n<meta property=\"og:title\" content=\"A 297 Anfrage F\u00e4ssler Peter und Mit. \u00fcber Geburten im Gef\u00e4ngnis - Peter F\u00e4ssler\" \/>\n<meta property=\"og:description\" content=\"Anfrage zu Geburten im Gef\u00e4ngnis Ende Januar 2017 gebar im Z\u00fcricher Untersuchungsgef\u00e4ngnis laut Artikel im Tagesanzeiger eine Frau ohne fremde Hilfe ein Kind. In diesem...\" \/>\n<meta property=\"og:url\" content=\"https:\/\/peter-faessler.spschweiz.ch\/?p=687\" \/>\n<meta property=\"og:site_name\" content=\"Peter F\u00e4ssler\" \/>\n<meta property=\"article:author\" content=\"www.facebook.com\/peter.fassler.31\" \/>\n<meta property=\"article:published_time\" content=\"2017-03-27T14:54:05+00:00\" \/>\n<meta name=\"author\" content=\"Peter F\u00e4ssler\" \/>\n<meta name=\"twitter:label1\" content=\"Verfasst von\" \/>\n\t<meta name=\"twitter:data1\" content=\"Peter F\u00e4ssler\" \/>\n\t<meta name=\"twitter:label2\" content=\"Gesch\u00e4tzte Lesezeit\" \/>\n\t<meta name=\"twitter:data2\" content=\"1\u00a0Minute\" \/>\n<script type=\"application\/ld+json\" class=\"yoast-schema-graph\">{\"@context\":\"https:\\\/\\\/schema.org\",\"@graph\":[{\"@type\":\"Article\",\"@id\":\"https:\\\/\\\/peter-faessler.spschweiz.ch\\\/?p=687#article\",\"isPartOf\":{\"@id\":\"https:\\\/\\\/peter-faessler.spschweiz.ch\\\/?p=687\"},\"author\":{\"name\":\"Peter F\u00e4ssler\",\"@id\":\"https:\\\/\\\/peter-faessler.spschweiz.ch\\\/#\\\/schema\\\/person\\\/7ac2f764b1930b731c670e8a2393b60e\"},\"headline\":\"A 297 Anfrage F\u00e4ssler Peter und Mit. \u00fcber Geburten im Gef\u00e4ngnis\",\"datePublished\":\"2017-03-27T14:54:05+00:00\",\"mainEntityOfPage\":{\"@id\":\"https:\\\/\\\/peter-faessler.spschweiz.ch\\\/?p=687\"},\"wordCount\":283,\"commentCount\":0,\"articleSection\":[\"SP Kriens\"],\"inLanguage\":\"de\",\"potentialAction\":[{\"@type\":\"CommentAction\",\"name\":\"Comment\",\"target\":[\"https:\\\/\\\/peter-faessler.spschweiz.ch\\\/?p=687#respond\"]}]},{\"@type\":\"WebPage\",\"@id\":\"https:\\\/\\\/peter-faessler.spschweiz.ch\\\/?p=687\",\"url\":\"https:\\\/\\\/peter-faessler.spschweiz.ch\\\/?p=687\",\"name\":\"A 297 Anfrage F\u00e4ssler Peter und Mit. \u00fcber Geburten im Gef\u00e4ngnis - Peter F\u00e4ssler\",\"isPartOf\":{\"@id\":\"https:\\\/\\\/peter-faessler.spschweiz.ch\\\/#website\"},\"datePublished\":\"2017-03-27T14:54:05+00:00\",\"author\":{\"@id\":\"https:\\\/\\\/peter-faessler.spschweiz.ch\\\/#\\\/schema\\\/person\\\/7ac2f764b1930b731c670e8a2393b60e\"},\"breadcrumb\":{\"@id\":\"https:\\\/\\\/peter-faessler.spschweiz.ch\\\/?p=687#breadcrumb\"},\"inLanguage\":\"de\",\"potentialAction\":[{\"@type\":\"ReadAction\",\"target\":[\"https:\\\/\\\/peter-faessler.spschweiz.ch\\\/?p=687\"]}]},{\"@type\":\"BreadcrumbList\",\"@id\":\"https:\\\/\\\/peter-faessler.spschweiz.ch\\\/?p=687#breadcrumb\",\"itemListElement\":[{\"@type\":\"ListItem\",\"position\":1,\"name\":\"Startseite\",\"item\":\"https:\\\/\\\/peter-faessler.spschweiz.ch\\\/\"},{\"@type\":\"ListItem\",\"position\":2,\"name\":\"A 297 Anfrage F\u00e4ssler Peter und Mit. \u00fcber Geburten im Gef\u00e4ngnis\"}]},{\"@type\":\"WebSite\",\"@id\":\"https:\\\/\\\/peter-faessler.spschweiz.ch\\\/#website\",\"url\":\"https:\\\/\\\/peter-faessler.spschweiz.ch\\\/\",\"name\":\"Peter F\u00e4ssler\",\"description\":\"SP Kantonsrat Kanton Luzern\",\"potentialAction\":[{\"@type\":\"SearchAction\",\"target\":{\"@type\":\"EntryPoint\",\"urlTemplate\":\"https:\\\/\\\/peter-faessler.spschweiz.ch\\\/?s={search_term_string}\"},\"query-input\":{\"@type\":\"PropertyValueSpecification\",\"valueRequired\":true,\"valueName\":\"search_term_string\"}}],\"inLanguage\":\"de\"},{\"@type\":\"Person\",\"@id\":\"https:\\\/\\\/peter-faessler.spschweiz.ch\\\/#\\\/schema\\\/person\\\/7ac2f764b1930b731c670e8a2393b60e\",\"name\":\"Peter F\u00e4ssler\",\"image\":{\"@type\":\"ImageObject\",\"inLanguage\":\"de\",\"@id\":\"https:\\\/\\\/secure.gravatar.com\\\/avatar\\\/9da8604da19b11812517d76f206166d47c5e180a26df2de36b8649168e128572?s=96&d=blank&r=g\",\"url\":\"https:\\\/\\\/secure.gravatar.com\\\/avatar\\\/9da8604da19b11812517d76f206166d47c5e180a26df2de36b8649168e128572?s=96&d=blank&r=g\",\"contentUrl\":\"https:\\\/\\\/secure.gravatar.com\\\/avatar\\\/9da8604da19b11812517d76f206166d47c5e180a26df2de36b8649168e128572?s=96&d=blank&r=g\",\"caption\":\"Peter F\u00e4ssler\"},\"description\":\"Peter F\u00e4ssler Schibiweg 7 6006 Luzern\",\"sameAs\":[\"www.facebook.com\\\/peter.fassler.31\",\"https:\\\/\\\/www.instagram.com\\\/peter.fassler.31\\\/\",\"https:\\\/\\\/www.linkedin.com\\\/in\\\/peter-fssler-2518a782\\\/\",\"https:\\\/\\\/x.com\\\/pfaessler56\"],\"url\":\"https:\\\/\\\/peter-faessler.spschweiz.ch\\\/?author=19\"}]}<\/script>\n<!-- \/ Yoast SEO plugin. -->","yoast_head_json":{"title":"A 297 Anfrage F\u00e4ssler Peter und Mit. \u00fcber Geburten im Gef\u00e4ngnis - Peter F\u00e4ssler","robots":{"index":"index","follow":"follow","max-snippet":"max-snippet:-1","max-image-preview":"max-image-preview:large","max-video-preview":"max-video-preview:-1"},"canonical":"https:\/\/peter-faessler.spschweiz.ch\/?p=687","og_locale":"de_DE","og_type":"article","og_title":"A 297 Anfrage F\u00e4ssler Peter und Mit. \u00fcber Geburten im Gef\u00e4ngnis - Peter F\u00e4ssler","og_description":"Anfrage zu Geburten im Gef\u00e4ngnis Ende Januar 2017 gebar im Z\u00fcricher Untersuchungsgef\u00e4ngnis laut Artikel im Tagesanzeiger eine Frau ohne fremde Hilfe ein Kind. In diesem...","og_url":"https:\/\/peter-faessler.spschweiz.ch\/?p=687","og_site_name":"Peter F\u00e4ssler","article_author":"www.facebook.com\/peter.fassler.31","article_published_time":"2017-03-27T14:54:05+00:00","author":"Peter F\u00e4ssler","twitter_misc":{"Verfasst von":"Peter F\u00e4ssler","Gesch\u00e4tzte Lesezeit":"1\u00a0Minute"},"schema":{"@context":"https:\/\/schema.org","@graph":[{"@type":"Article","@id":"https:\/\/peter-faessler.spschweiz.ch\/?p=687#article","isPartOf":{"@id":"https:\/\/peter-faessler.spschweiz.ch\/?p=687"},"author":{"name":"Peter F\u00e4ssler","@id":"https:\/\/peter-faessler.spschweiz.ch\/#\/schema\/person\/7ac2f764b1930b731c670e8a2393b60e"},"headline":"A 297 Anfrage F\u00e4ssler Peter und Mit. \u00fcber Geburten im Gef\u00e4ngnis","datePublished":"2017-03-27T14:54:05+00:00","mainEntityOfPage":{"@id":"https:\/\/peter-faessler.spschweiz.ch\/?p=687"},"wordCount":283,"commentCount":0,"articleSection":["SP Kriens"],"inLanguage":"de","potentialAction":[{"@type":"CommentAction","name":"Comment","target":["https:\/\/peter-faessler.spschweiz.ch\/?p=687#respond"]}]},{"@type":"WebPage","@id":"https:\/\/peter-faessler.spschweiz.ch\/?p=687","url":"https:\/\/peter-faessler.spschweiz.ch\/?p=687","name":"A 297 Anfrage F\u00e4ssler Peter und Mit. \u00fcber Geburten im Gef\u00e4ngnis - Peter F\u00e4ssler","isPartOf":{"@id":"https:\/\/peter-faessler.spschweiz.ch\/#website"},"datePublished":"2017-03-27T14:54:05+00:00","author":{"@id":"https:\/\/peter-faessler.spschweiz.ch\/#\/schema\/person\/7ac2f764b1930b731c670e8a2393b60e"},"breadcrumb":{"@id":"https:\/\/peter-faessler.spschweiz.ch\/?p=687#breadcrumb"},"inLanguage":"de","potentialAction":[{"@type":"ReadAction","target":["https:\/\/peter-faessler.spschweiz.ch\/?p=687"]}]},{"@type":"BreadcrumbList","@id":"https:\/\/peter-faessler.spschweiz.ch\/?p=687#breadcrumb","itemListElement":[{"@type":"ListItem","position":1,"name":"Startseite","item":"https:\/\/peter-faessler.spschweiz.ch\/"},{"@type":"ListItem","position":2,"name":"A 297 Anfrage F\u00e4ssler Peter und Mit. \u00fcber Geburten im Gef\u00e4ngnis"}]},{"@type":"WebSite","@id":"https:\/\/peter-faessler.spschweiz.ch\/#website","url":"https:\/\/peter-faessler.spschweiz.ch\/","name":"Peter F\u00e4ssler","description":"SP Kantonsrat Kanton Luzern","potentialAction":[{"@type":"SearchAction","target":{"@type":"EntryPoint","urlTemplate":"https:\/\/peter-faessler.spschweiz.ch\/?s={search_term_string}"},"query-input":{"@type":"PropertyValueSpecification","valueRequired":true,"valueName":"search_term_string"}}],"inLanguage":"de"},{"@type":"Person","@id":"https:\/\/peter-faessler.spschweiz.ch\/#\/schema\/person\/7ac2f764b1930b731c670e8a2393b60e","name":"Peter F\u00e4ssler","image":{"@type":"ImageObject","inLanguage":"de","@id":"https:\/\/secure.gravatar.com\/avatar\/9da8604da19b11812517d76f206166d47c5e180a26df2de36b8649168e128572?s=96&d=blank&r=g","url":"https:\/\/secure.gravatar.com\/avatar\/9da8604da19b11812517d76f206166d47c5e180a26df2de36b8649168e128572?s=96&d=blank&r=g","contentUrl":"https:\/\/secure.gravatar.com\/avatar\/9da8604da19b11812517d76f206166d47c5e180a26df2de36b8649168e128572?s=96&d=blank&r=g","caption":"Peter F\u00e4ssler"},"description":"Peter F\u00e4ssler Schibiweg 7 6006 Luzern","sameAs":["www.facebook.com\/peter.fassler.31","https:\/\/www.instagram.com\/peter.fassler.31\/","https:\/\/www.linkedin.com\/in\/peter-fssler-2518a782\/","https:\/\/x.com\/pfaessler56"],"url":"https:\/\/peter-faessler.spschweiz.ch\/?author=19"}]}},"_links":{"self":[{"href":"https:\/\/peter-faessler.spschweiz.ch\/index.php?rest_route=\/wp\/v2\/posts\/687","targetHints":{"allow":["GET"]}}],"collection":[{"href":"https:\/\/peter-faessler.spschweiz.ch\/index.php?rest_route=\/wp\/v2\/posts"}],"about":[{"href":"https:\/\/peter-faessler.spschweiz.ch\/index.php?rest_route=\/wp\/v2\/types\/post"}],"author":[{"embeddable":true,"href":"https:\/\/peter-faessler.spschweiz.ch\/index.php?rest_route=\/wp\/v2\/users\/19"}],"replies":[{"embeddable":true,"href":"https:\/\/peter-faessler.spschweiz.ch\/index.php?rest_route=%2Fwp%2Fv2%2Fcomments&post=687"}],"version-history":[{"count":2,"href":"https:\/\/peter-faessler.spschweiz.ch\/index.php?rest_route=\/wp\/v2\/posts\/687\/revisions"}],"predecessor-version":[{"id":690,"href":"https:\/\/peter-faessler.spschweiz.ch\/index.php?rest_route=\/wp\/v2\/posts\/687\/revisions\/690"}],"wp:attachment":[{"href":"https:\/\/peter-faessler.spschweiz.ch\/index.php?rest_route=%2Fwp%2Fv2%2Fmedia&parent=687"}],"wp:term":[{"taxonomy":"category","embeddable":true,"href":"https:\/\/peter-faessler.spschweiz.ch\/index.php?rest_route=%2Fwp%2Fv2%2Fcategories&post=687"},{"taxonomy":"post_tag","embeddable":true,"href":"https:\/\/peter-faessler.spschweiz.ch\/index.php?rest_route=%2Fwp%2Fv2%2Ftags&post=687"}],"curies":[{"name":"wp","href":"https:\/\/api.w.org\/{rel}","templated":true}]}}