{"id":710,"date":"2017-05-15T10:03:52","date_gmt":"2017-05-15T08:03:52","guid":{"rendered":"http:\/\/peter-faessler.spschweiz.ch\/?p=710"},"modified":"2017-05-16T07:13:58","modified_gmt":"2017-05-16T05:13:58","slug":"kantonsratssession-vom-15-mai-2017","status":"publish","type":"post","link":"https:\/\/peter-faessler.spschweiz.ch\/?p=710","title":{"rendered":"Kantonsratssession vom 15. Mai 2017"},"content":{"rendered":"<p>Die Kantonstratssession ist auf 1 1\/2 Tage angesetzt. Die <a href=\"http:\/\/www.lu.ch\/kr\/parlamentsgeschaefte\/CdwsFiles?fileid=c81e0906d4b7449a8fbcb43c9a0fcf89-332&amp;version=4\" target=\"_blank\" rel=\"noopener noreferrer\">Traktandenliste<\/a> ist mit 44 Traktanden reich best\u00fcckt. Abstimmungsresultate, Kurzprotokoll und Anwesenheitsliste ist <a href=\"http:\/\/www.lu.ch\/kr\/sessionen\/sessionsdaten_2017\/detail?guid=98106e493fcc4315922e6f7ef7b020b0&amp;cal=4302A37117284C32A900B105A4E47D5B\">hier<\/a> ersichtlich.<\/p>\n<p>Gleich zu Beginn der Ratssitzung wird unser neuer SP Fraktionskollege <a href=\"http:\/\/peter-faessler.spschweiz.ch\/wp-admin\/upload.php?item=604\">Josef Schuler<\/a> aus Hitzkirch vereidigt und in den Rat aufgenommen. Er tritt die Nachfolge von Jaqueline Mennel an.<br \/>\n<img loading=\"lazy\" decoding=\"async\" class=\"alignnone size-medium wp-image-604\" src=\"http:\/\/peter-faessler.spschweiz.ch\/wp-content\/uploads\/sites\/15\/2017\/01\/SCHULER_JOSEF_02_cmyk-200x300.jpg\" alt=\"\" width=\"200\" height=\"300\" srcset=\"https:\/\/peter-faessler.spschweiz.ch\/wp-content\/uploads\/sites\/15\/2017\/01\/SCHULER_JOSEF_02_cmyk-200x300.jpg 200w, https:\/\/peter-faessler.spschweiz.ch\/wp-content\/uploads\/sites\/15\/2017\/01\/SCHULER_JOSEF_02_cmyk-768x1154.jpg 768w, https:\/\/peter-faessler.spschweiz.ch\/wp-content\/uploads\/sites\/15\/2017\/01\/SCHULER_JOSEF_02_cmyk-681x1024.jpg 681w\" sizes=\"auto, (max-width: 200px) 100vw, 200px\" \/>\u00a0 <img loading=\"lazy\" decoding=\"async\" class=\"alignnone size-medium wp-image-603\" src=\"http:\/\/peter-faessler.spschweiz.ch\/wp-content\/uploads\/sites\/15\/2017\/01\/MENNEL_JACQUELINE_01_cmyk-198x300.jpg\" alt=\"\" width=\"198\" height=\"300\" srcset=\"https:\/\/peter-faessler.spschweiz.ch\/wp-content\/uploads\/sites\/15\/2017\/01\/MENNEL_JACQUELINE_01_cmyk-198x300.jpg 198w, https:\/\/peter-faessler.spschweiz.ch\/wp-content\/uploads\/sites\/15\/2017\/01\/MENNEL_JACQUELINE_01_cmyk-768x1162.jpg 768w, https:\/\/peter-faessler.spschweiz.ch\/wp-content\/uploads\/sites\/15\/2017\/01\/MENNEL_JACQUELINE_01_cmyk-677x1024.jpg 677w\" sizes=\"auto, (max-width: 198px) 100vw, 198px\" \/><\/p>\n<p>Und es folgt eine weitere personelle \u00c4nderung innerhalb der SP Fraktion. Marlene Odermatt wird aus dem Rat zur\u00fccktreten. F\u00fcr sie wird Marianne Wimmer-L\u00f6tscher in den Rat folgen. <a href=\"http:\/\/peter-faessler.spschweiz.ch\/wp-content\/uploads\/sites\/15\/2017\/05\/2017_05_15_MM-Personelle-Vera\u0308nderungen.pdf\">Hier die Medienmitteilung der SP.<\/a><br \/>\n<img loading=\"lazy\" decoding=\"async\" class=\"alignnone size-medium wp-image-722\" src=\"http:\/\/peter-faessler.spschweiz.ch\/wp-content\/uploads\/sites\/15\/2017\/05\/ODERMATT_MARLENE_01_cmyk-200x300.jpg\" alt=\"\" width=\"200\" height=\"300\" srcset=\"https:\/\/peter-faessler.spschweiz.ch\/wp-content\/uploads\/sites\/15\/2017\/05\/ODERMATT_MARLENE_01_cmyk-200x300.jpg 200w, https:\/\/peter-faessler.spschweiz.ch\/wp-content\/uploads\/sites\/15\/2017\/05\/ODERMATT_MARLENE_01_cmyk-768x1154.jpg 768w, https:\/\/peter-faessler.spschweiz.ch\/wp-content\/uploads\/sites\/15\/2017\/05\/ODERMATT_MARLENE_01_cmyk-681x1024.jpg 681w\" sizes=\"auto, (max-width: 200px) 100vw, 200px\" \/>\u00a0\u00a0 <img loading=\"lazy\" decoding=\"async\" class=\"alignnone size-medium wp-image-723\" src=\"http:\/\/peter-faessler.spschweiz.ch\/wp-content\/uploads\/sites\/15\/2017\/05\/WIMMER-LOETSCHER_MARIANNE_03_cmyk-200x300.jpg\" alt=\"\" width=\"200\" height=\"300\" srcset=\"https:\/\/peter-faessler.spschweiz.ch\/wp-content\/uploads\/sites\/15\/2017\/05\/WIMMER-LOETSCHER_MARIANNE_03_cmyk-200x300.jpg 200w, https:\/\/peter-faessler.spschweiz.ch\/wp-content\/uploads\/sites\/15\/2017\/05\/WIMMER-LOETSCHER_MARIANNE_03_cmyk-768x1154.jpg 768w, https:\/\/peter-faessler.spschweiz.ch\/wp-content\/uploads\/sites\/15\/2017\/05\/WIMMER-LOETSCHER_MARIANNE_03_cmyk-681x1024.jpg 681w\" sizes=\"auto, (max-width: 200px) 100vw, 200px\" \/><\/p>\n<p>Weiter wird \u00fcber die Dringlichkeit der dringlichen Vorst\u00f6sse abgestimmt. Der Rat folgt der Regierung. Das dringliche <a href=\"http:\/\/www.lu.ch\/kr\/parlamentsgeschaefte\/detail?ges=78655cd0092f4fe89f1a9736c7d119f4&amp;back=1&amp;geschaeftsnr=p 335&amp;art=-0-1-2&amp;bart=-0-1-2-3-4&amp;vart=-0-1-2-3&amp;gart=1&amp;status=-0-1\">Postulat P 335<\/a> von Candan Hasan und Mit. \u00fcber die Zulassung von drei Insektenarten zum Verkauf als Lebensmittel wird als nicht dringlich eingestuft.<\/p>\n<p>Die Botschaft <a href=\"http:\/\/www.lu.ch\/kr\/parlamentsgeschaefte\/detail?ges=215c35c46cc149878d403f3c5fec5917&amp;back=1&amp;geschaeftsnr=B 67&amp;art=-0-1-2&amp;bart=-0-1-2-3-4&amp;vart=-0-1-2-3&amp;gart=1&amp;status=-0-1\">B 67<\/a> \u00fcber die P<span id=\"maincontent_0_lstAbstimmungsresultate_lblTraktandumValue_5\">r\u00e4zisierung der Verantwortungs- und Zust\u00e4ndigkeitsbereiche der Departements- und der Dienststellenleitungen; Entwurf \u00c4nderung des Organisationsgesetzes und weiterer Gesetze, wird in 2. Lesung einstimmig angenommen.<br \/>\n<\/span><\/p>\n<p>Die Botschaft <a href=\"http:\/\/www.lu.ch\/kr\/parlamentsgeschaefte\/detail?ges=3c18aa820e4c4f259ae892b97d3e96e3&amp;back=1&amp;geschaeftsnr=B 68&amp;art=-0-1-2&amp;bart=-0-1-2-3-4&amp;vart=-0-1-2-3&amp;gart=1&amp;status=-0-1\">B 68<\/a> \u00fcber die Totalrevision des B\u00fcrgerrechtsgesetzes von der SP abgelehnt. Die Botschaft wird im Rat mit 89 zu 21 Stimmen angenommen. Unsere Antr\u00e4ge<br \/>\n-Entscheide m\u00fcssen zwingend von einer Kommission oder dem Gemeinderat getroffen werden<br \/>\n-Frist von 18 Monaten bis Einb\u00fcrgerungsentscheide getroffen werden<br \/>\n-Mindestaufenthaltsdauer soll von 3 auf 2 Jahre gesenkt werde-Ver\u00f6ffentlichung der Namen der Gesuchstellenden erst nach Abschluss der getroffenen Abkl\u00e4rungen<br \/>\nwurden abgelehnt. Deshalb war es uns nicht m\u00f6glich, diesem Gesetz zuzustimmen.<\/p>\n<p>Die Botschaft <a href=\"http:\/\/www.lu.ch\/kr\/parlamentsgeschaefte\/detail?ges=029419a30a60456b9c35af6fad21cc8f&amp;back=1&amp;geschaeftsnr=B 72&amp;art=-0-1-2&amp;bart=-0-1-2-3-4&amp;vart=-0-1-2-3&amp;gart=1&amp;status=-0-1\">B 72<\/a> \u00fcber die \u00c4nderung des Planungs- und Baugesetzes mit Schwerpunkt Mehrwertausgleich; Entwurf \u00c4nderung von PBG und Enteignungsgesetz kommt in die 1. Lesung. Knackpunkt ist die Mehrwertabgabe auf Auf- und Umzonungen. Dies wird von der SVP als einzige Partei abgelehnt. Dahinter stehen der Hauseigent\u00fcmerverband, der B\u00e4uerinnen- und Bauernverband sowie der Gewerbeverband. Aber auch Mitglieder der FDP stehen nicht geeint hinter der Mehrwertabgabe auf Auf- und Umzonungen.<br \/>\n&#8211; Der Antrag auf Streichung der Mehrwertabgabe bei Um- und Aufzonungen wird mit 67 zu 43 Stimmen abgelehnt.<br \/>\n&#8211; Der Antrag auf Senkung des Mindestmehrwertbetrag von Fr. 100&#8217;000 auf 50&#8217;000 der Gr\u00fcnen wird abgelehnt.<br \/>\n&#8211; Der Antrag auf Beteiligung an \u00f6ffentlichen Einrichtungen und Anlagen von kommunaler<br \/>\n&#8211; Bedeutung f\u00fcr Soziales, Gesundheit und Bildung <strong>und erneuerbare Energien<\/strong> der GLP wird zugestimmt.<br \/>\n&#8211; Der Antrag der Gr\u00fcnen &#8222;Die H\u00f6he der Mehrwertabgabe betr\u00e4gt bei Einzonungen 50 Prozent des Mehrwerts.<br \/>\nDie H\u00f6he der Mehrwertabgabe bei Um- und Aufzonungen________ sowie bei Erlass<br \/>\noder \u00c4nderung eines Bebauungsplanes 20 Prozent des Mehrwerts.&#8220; wird auch von uns abgelent.<br \/>\n&#8211; Der Antrag der SP, dass die Gemeinden in einem Reglement f\u00fcr den Ausgleich von Vorteilen aufgrund kommunaler Planungen einen h\u00f6heren Satz festlegen k\u00f6nne, wird von Hasan Candan gestellt. Es gibt Disskussion \u00fcber die R\u00fccknahme in die Kommission RUEK. Der R\u00fccknahme wird opponiert. Es gibt eine Abstimmung. R\u00fccknahme wird abgelehnt, der Antrag ebenfalls.<br \/>\n&#8211; Der Antrag der SVP &#8222;Bei teilweiser \u00dcberbauung eines eingezonten Grundst\u00fccks ______ wird die ______<br \/>\nMehrwertabgabe anteilsm\u00e4ssig f\u00e4llig&#8220; wird vom Rat abgelehnt.<\/p>\n<p>Die Schlussabstimmung gibt folgendes Resultat: Zustimmung 64 zu 31 bei 16 Enthaltungen. Die SP enth\u00e4lt sich geschlossen der Stimme.<\/p>\n<p>Der <a href=\"http:\/\/www.lu.ch\/kr\/parlamentsgeschaefte\/detail?ges=8d94e0eef3a14ae6aa207c44b15bbdd0&amp;back=1&amp;geschaeftsnr=B 70&amp;art=-0-1-2&amp;bart=-0-1-2-3-4&amp;vart=-0-1-2-3&amp;gart=1&amp;status=-0-1\">Botschaft B 70<\/a> \u00fcber den Hochwasserschutz an der Kleinen Emme, Los 1, Abschnitt Swiss Steel, Gemeinden Luzern und Emmen; Entwurf Dekret \u00fcber einen Sonderkredit,\u00a0 wird einstimmig zugestimmt.<\/p>\n<p>Die <a href=\"http:\/\/www.lu.ch\/kr\/parlamentsgeschaefte\/detail?ges=dae6d6fd436e49caa740e02108bf1b83&amp;back=1&amp;geschaeftsnr=B 71&amp;art=-0-1-2&amp;bart=-0-1-2-3-4&amp;vart=-0-1-2-3&amp;gart=1&amp;status=-0-1\">Botschaft B 71<\/a> \u00fcber die Abrechnung \u00fcber die Planung des Projekts K 13 Knoten Emmen-Littau (Seetalplatz) und der Leistungssteigerung des Gesamtverkehrssystems von Luzern Kasernenplatz bis Rothenburg; Entwurf Kantonsratsbeschluss \u00fcber die Genehmigung, wird einstimmung zugestimmt.<\/p>\n<p>Der <a href=\"http:\/\/www.lu.ch\/kr\/parlamentsgeschaefte\/detail?ges=4bd37c6e696145aea266e5b4f3074666&amp;back=1&amp;geschaeftsnr=b 73&amp;art=-0-1-2&amp;bart=-0-1-2-3-4&amp;vart=-0-1-2-3&amp;gart=1&amp;status=-0-1\">Botschaft B 73<\/a> \u00fcber die Umwandlung der Korporation Oberebersol in eine \u00f6ffentlich-rechtliche Genossenschaft; Entwurf Kantonsratsbeschluss \u00fcber die Genehmigung, wird einstimmung zugestimmt.<\/p>\n<p>Mittagspause des ersten Sessionstags.<\/p>\n<p>Nach der Mittagspause geht es wieder in den Ratssaal.<\/p>\n<p>Zu Beginn wird \u00fcber die <a href=\"http:\/\/www.lu.ch\/kr\/parlamentsgeschaefte\/detail?ges=78c29d9bfa944b06baf138e2f4e72be9&amp;back=1&amp;text=Petition&amp;art=-0-1-2&amp;bart=-0-1-2-3-4&amp;vart=-0-1-2-3&amp;gart=1&amp;status=-0-1\">Petition<\/a> &#8222;Kosteng\u00fcnstiges und attraktives Passepartout&#8220;, die aus dem Jugendparlament kommt, debattiert. Die Petition wird mit 1 Gegenstimme zur Kenntnis genommen.<\/p>\n<p>Es folgt nun die Behandlung der parlamentarischen Vorst\u00f6sse. Es wird nur \u00fcber jene Anfragen debattiert, bei welchen die Anfragenden mit der Antwort nicht oder nur teilweise zufrieden sind. Abstimmungen erfolgen nicht. Postulate und Motionen werden auf jeden Fall behandelt.<\/p>\n<p><a href=\"http:\/\/www.lu.ch\/kr\/parlamentsgeschaefte\/detail?ges=62982655e97348dcae2168244cb0b254&amp;back=1&amp;geschaeftsnr=a 197&amp;art=-0-1-2&amp;bart=-0-1-2-3-4&amp;vart=-0-1-2-3&amp;gart=1&amp;status=-0-1\">Anfrage A 197<\/a> Frey Monique und Mit. \u00fcber die Winteruniversiade 2021 in der Zentralschweiz.<\/p>\n<p><a href=\"http:\/\/www.lu.ch\/kr\/parlamentsgeschaefte\/detail?ges=31de034eec974e2abc58f331f35dcd38&amp;back=1&amp;geschaeftsnr=P 224&amp;art=-0-1-2&amp;bart=-0-1-2-3-4&amp;vart=-0-1-2-3&amp;gart=1&amp;status=-0-1\">Das Postulat P 224<\/a> Roth David und Mit. \u00fcber die Sistierung des zinslosen Darlehens f\u00fcr das geplante Shuttleschiff zwischen Luzern und B\u00fcrgenstock nach einem Votum von David Roth von diesem zur\u00fcckgezogen. Weitere Voten k\u00f6nnen so nicht gehalten werden k\u00f6nnen. Das Gesch\u00e4ft ist erledigt.<\/p>\n<p><a href=\"http:\/\/www.lu.ch\/kr\/parlamentsgeschaefte\/detail?ges=2a0154c039fc4a239867a36734bd77c0&amp;back=1&amp;geschaeftsnr=p 246&amp;art=-0-1-2&amp;bart=-0-1-2-3-4&amp;vart=-0-1-2-3&amp;gart=1&amp;status=-0-1\">Postulat P246<\/a> Frey Monique und Mit. \u00fcber Pflege, Erhalt und Ausbau von \u00f6kologisch wertvollem Lebensraum bei Strassenbegleitfl\u00e4chen.<\/p>\n<p><a href=\"http:\/\/www.lu.ch\/kr\/parlamentsgeschaefte\/detail?ges=42a0c0992cdd470cb3c85a5b08096b72&amp;back=1&amp;geschaeftsnr=a 216&amp;art=-0-1-2&amp;bart=-0-1-2-3-4&amp;vart=-0-1-2-3&amp;gart=1&amp;status=-0-1\">Anfrage A 216<\/a> Fanaj Ylfete und Mit. \u00fcber die Haftbedingungen in der Untersuchungshaft.<\/p>\n<p><a href=\"http:\/\/www.lu.ch\/kr\/parlamentsgeschaefte\/detail?ges=a06bebface6e43a69c28a14347eb1de0&amp;back=1&amp;geschaeftsnr=a 249&amp;art=-0-1-2&amp;bart=-0-1-2-3-4&amp;vart=-0-1-2-3&amp;gart=1&amp;status=-0-1\">Anfrage A 249<\/a> Zanolla Lisa und Mit. \u00fcber die Sicherheit in der Touristenstadt Luzern. Mein Votum zu diesem Gesch\u00e4ft ist<a href=\"http:\/\/Anfrage Zanolla Lisa und Mit. \u00fcber die Sicherheit in der Touristenstadt Luzern\"> hier<\/a> ersichtlich.<\/p>\n<p><a href=\"http:\/\/www.lu.ch\/kr\/parlamentsgeschaefte\/detail?ges=db9060ad36e3450d81eb6aecee572636&amp;back=1&amp;geschaeftsnr=p 200&amp;art=-0-1-2&amp;bart=-0-1-2-3-4&amp;vart=-0-1-2-3&amp;gart=1&amp;status=-0-1\">Postulat P 200<\/a> Frey Monique und Mit. \u00fcber die Sicherheit der Bev\u00f6lkerung vor der Patrouille Suisse<br \/>\n<a href=\"http:\/\/www.lu.ch\/kr\/parlamentsgeschaefte\/detail?ges=ef6a3a33bc594b2e960e20513ed509bd&amp;back=1&amp;geschaeftsnr=a 301&amp;art=-0-1-2&amp;bart=-0-1-2-3-4&amp;vart=-0-1-2-3&amp;gart=1&amp;status=-0-1\">Anfrage A 301<\/a> Frey Monique und Mit. \u00fcber die vom VBS angek\u00fcndigte Erh\u00f6hung der Flugbewegungen auf dem Milit\u00e4rflugplatz Emmen<br \/>\nDas Postulat wird abgelehnt, gegen die Stimmen von Links. Da ich meinen Batch nicht gesteckt hatte, z\u00e4hlte meine Stimme nicht.<\/p>\n<p><a href=\"http:\/\/www.lu.ch\/kr\/parlamentsgeschaefte\/detail?ges=dd87b6db20954f0695045a63b1fa232a&amp;back=1&amp;geschaeftsnr=p 247&amp;art=-0-1-2&amp;bart=-0-1-2-3-4&amp;vart=-0-1-2-3&amp;gart=1&amp;status=-0-1\">Postulat P 247<\/a> Stutz Hans und Mit. \u00fcber eine proaktive Kommunikation betreffend Einb\u00fcrgerung mit B- und F-Aufenthaltsbewilligung. Das Postulat wird abgelehnt, gegen die Stimmen von Links.<\/p>\n<p><a href=\"http:\/\/www.lu.ch\/kr\/parlamentsgeschaefte\/detail?ges=ea9052b679cc4a928433a650b2f7460e&amp;back=1&amp;geschaeftsnr=M 271&amp;art=-0-1-2&amp;bart=-0-1-2-3-4&amp;vart=-0-1-2-3&amp;gart=1&amp;status=-0-1\">Motion M 271<\/a> Pardini Giorgio und Mit. \u00fcber eine Teilrevision des Gastgewerbegesetzes. Es geht um die Unisex WC im Hotel Anker. Ein Ablehmungsantrag kommt von der SVP, von einem Vetreter der Gastro Luzern. Der Motion\u00e4r zieht die Motion zugunsten eines Postulats zur\u00fcck. Das Postulat wird mit 3 Gegenstimmen \u00fcberwiesen.<\/p>\n<p><a href=\"http:\/\/www.lu.ch\/kr\/parlamentsgeschaefte\/detail?ges=1af3427e7e814537bbd67985706174ce&amp;back=1&amp;geschaeftsnr=a 215&amp;art=-0-1-2&amp;bart=-0-1-2-3-4&amp;vart=-0-1-2-3&amp;gart=1&amp;status=-0-1\">Anfrage A 215<\/a> Frank Reto und Mit. \u00fcber die Umsetzung des Weiterbildungsgesetzes (WeBiG) im Kanton Luzern. Hier geht es um das Problem von fehlenden oder ungen\u00fcgenden Grundkompetenzen wie das des Illetrismus.<\/p>\n<p><a href=\"http:\/\/www.lu.ch\/kr\/parlamentsgeschaefte\/detail?ges=5a3329cae34a4016b5487dd291365005&amp;back=1&amp;geschaeftsnr=a 233&amp;art=-0-1-2&amp;bart=-0-1-2-3-4&amp;vart=-0-1-2-3&amp;gart=1&amp;status=-0-1\">Anfrage A 233<\/a> M\u00fcller Guido und Mit. \u00fcber Klarheit schaffen \u00fcber die Integrationsm\u00f6glichkeiten von anerkannten Fl\u00fcchtlingen in der Wirtschaft und die Zust\u00e4ndigkeiten der involvierten Beh\u00f6rden und Organisationen.<\/p>\n<p><a href=\"http:\/\/www.lu.ch\/kr\/parlamentsgeschaefte\/detail?ges=6de233e2e4364dcd886c98f1bfda0abf&amp;back=1&amp;geschaeftsnr=a 278&amp;art=-0-1-2&amp;bart=-0-1-2-3-4&amp;vart=-0-1-2-3&amp;gart=1&amp;status=-0-1\">Anfrage A 278<\/a> Odermatt Marlene und Mit. \u00fcber die Koordination der Freiwilligenarbeit im Kanton Luzern.<\/p>\n<p><a href=\"http:\/\/www.lu.ch\/kr\/parlamentsgeschaefte\/detail?ges=b5b378eb79fa43d88bbc98aaed49fb10&amp;back=1&amp;geschaeftsnr=p 185&amp;art=-0-1-2&amp;bart=-0-1-2-3-4&amp;vart=-0-1-2-3&amp;gart=1&amp;status=-0-1\">Postulat P 185<\/a> Jung Gerda und Mit. \u00fcber eine patientenorientierte Palliativversorgung im vertrauten Umfeld. Ein Ablehnungsantrag kommt von der SVP. Das Postulat wird mit 81 zu 24 bei 3 Enthaltungen \u00fcberwiesen.<\/p>\n<p><a href=\"http:\/\/www.lu.ch\/kr\/parlamentsgeschaefte\/detail?ges=c5efd9217fcd4e7184b1a3ee32702fa9&amp;back=1&amp;geschaeftsnr=p 252&amp;art=-0-1-2&amp;bart=-0-1-2-3-4&amp;vart=-0-1-2-3&amp;gart=1&amp;status=-0-1\">Postulat P 252<\/a> Klein Corinna und Mit. \u00fcber den Notstand medizinische Grundversorgung in der Luzerner Landschaft. Hier ist das Thema Haus\u00e4rzte\/Allgemeinpraktiker. Das Postulat wird abgelehnt, mit unserer Stimme.<\/p>\n<p>Am Ende des ersten Sessionstages werden Richter, die in Pension gehen, verabschiedet. Hier ein Teil unserer Fraktion bei der Verabschiedung von Bruno R\u00f6lli, ein SP Kantonsrichter. <img loading=\"lazy\" decoding=\"async\" class=\"alignnone size-medium wp-image-758\" src=\"http:\/\/peter-faessler.spschweiz.ch\/wp-content\/uploads\/sites\/15\/2017\/05\/18556942_1435054899888150_3688851614268400843_n-300x225.jpg\" alt=\"\" width=\"300\" height=\"225\" srcset=\"https:\/\/peter-faessler.spschweiz.ch\/wp-content\/uploads\/sites\/15\/2017\/05\/18556942_1435054899888150_3688851614268400843_n-300x225.jpg 300w, https:\/\/peter-faessler.spschweiz.ch\/wp-content\/uploads\/sites\/15\/2017\/05\/18556942_1435054899888150_3688851614268400843_n.jpg 526w\" sizes=\"auto, (max-width: 300px) 100vw, 300px\" \/><\/p>\n<form id=\"mainform\" action=\"\/kr\/sessionen\/Abstimmungsresultate?guid=98106e493fcc4315922e6f7ef7b020b0&amp;main=47FB88B7692B4109B9077E6FA66F7D3F&amp;cal=4302A37117284C32A900B105A4E47D5B\" method=\"post\">\n<div id=\"pageHolder\">\n<div id=\"mobileContentHolder\">\n<div id=\"main\">\n<div id=\"mainContent\" class=\"large\">\n<div id=\"maincontent_0_htmlDivPortletHolder\" class=\"form portletid_0758F4AE82C24C068AFB7DF54FD7AA64\">\n<div id=\"maincontent_0_divResult\">\n<table class=\"footable manualBreaks desktop footable-loaded\">\n<tbody>\n<tr>\n<td class=\"expand\"><\/td>\n<\/tr>\n<\/tbody>\n<\/table>\n<\/div>\n<\/div>\n<\/div>\n<\/div>\n<\/div>\n<\/div>\n<\/form>\n","protected":false},"excerpt":{"rendered":"<p>Die Kantonstratssession ist auf 1 1\/2 Tage angesetzt. Die Traktandenliste ist mit 44 Traktanden reich best\u00fcckt. Abstimmungsresultate, Kurzprotokoll und Anwesenheitsliste ist hier ersichtlich. Gleich zu&#8230;<\/p>\n","protected":false},"author":19,"featured_media":0,"comment_status":"open","ping_status":"open","sticky":false,"template":"","format":"standard","meta":{"footnotes":""},"categories":[22,23,21,1],"tags":[],"class_list":["post-710","post","type-post","status-publish","format-standard","hentry","category-kantonsrat-luzern","category-kantonsratsession","category-politik","category-sp-kriens"],"yoast_head":"<!-- This site is optimized with the Yoast SEO plugin v27.5 - https:\/\/yoast.com\/product\/yoast-seo-wordpress\/ -->\n<title>Kantonsratssession vom 15. Mai 2017 - Peter F\u00e4ssler<\/title>\n<meta name=\"robots\" content=\"index, follow, max-snippet:-1, max-image-preview:large, max-video-preview:-1\" \/>\n<link rel=\"canonical\" href=\"https:\/\/peter-faessler.spschweiz.ch\/?p=710\" \/>\n<meta property=\"og:locale\" content=\"de_DE\" \/>\n<meta property=\"og:type\" content=\"article\" \/>\n<meta property=\"og:title\" content=\"Kantonsratssession vom 15. Mai 2017 - Peter F\u00e4ssler\" \/>\n<meta property=\"og:description\" content=\"Die Kantonstratssession ist auf 1 1\/2 Tage angesetzt. Die Traktandenliste ist mit 44 Traktanden reich best\u00fcckt. Abstimmungsresultate, Kurzprotokoll und Anwesenheitsliste ist hier ersichtlich. Gleich zu...\" \/>\n<meta property=\"og:url\" content=\"https:\/\/peter-faessler.spschweiz.ch\/?p=710\" \/>\n<meta property=\"og:site_name\" content=\"Peter F\u00e4ssler\" \/>\n<meta property=\"article:author\" content=\"www.facebook.com\/peter.fassler.31\" \/>\n<meta property=\"article:published_time\" content=\"2017-05-15T08:03:52+00:00\" \/>\n<meta property=\"article:modified_time\" content=\"2017-05-16T05:13:58+00:00\" \/>\n<meta property=\"og:image\" content=\"http:\/\/peter-faessler.spschweiz.ch\/wp-content\/uploads\/sites\/15\/2017\/01\/SCHULER_JOSEF_02_cmyk-200x300.jpg\" \/>\n<meta name=\"author\" content=\"Peter F\u00e4ssler\" \/>\n<meta name=\"twitter:label1\" content=\"Verfasst von\" \/>\n\t<meta name=\"twitter:data1\" content=\"Peter F\u00e4ssler\" \/>\n\t<meta name=\"twitter:label2\" content=\"Gesch\u00e4tzte Lesezeit\" \/>\n\t<meta name=\"twitter:data2\" content=\"5\u00a0Minuten\" \/>\n<script type=\"application\/ld+json\" class=\"yoast-schema-graph\">{\"@context\":\"https:\\\/\\\/schema.org\",\"@graph\":[{\"@type\":\"Article\",\"@id\":\"https:\\\/\\\/peter-faessler.spschweiz.ch\\\/?p=710#article\",\"isPartOf\":{\"@id\":\"https:\\\/\\\/peter-faessler.spschweiz.ch\\\/?p=710\"},\"author\":{\"name\":\"Peter F\u00e4ssler\",\"@id\":\"https:\\\/\\\/peter-faessler.spschweiz.ch\\\/#\\\/schema\\\/person\\\/7ac2f764b1930b731c670e8a2393b60e\"},\"headline\":\"Kantonsratssession vom 15. Mai 2017\",\"datePublished\":\"2017-05-15T08:03:52+00:00\",\"dateModified\":\"2017-05-16T05:13:58+00:00\",\"mainEntityOfPage\":{\"@id\":\"https:\\\/\\\/peter-faessler.spschweiz.ch\\\/?p=710\"},\"wordCount\":1060,\"commentCount\":0,\"image\":{\"@id\":\"https:\\\/\\\/peter-faessler.spschweiz.ch\\\/?p=710#primaryimage\"},\"thumbnailUrl\":\"http:\\\/\\\/peter-faessler.spschweiz.ch\\\/wp-content\\\/uploads\\\/sites\\\/15\\\/2017\\\/01\\\/SCHULER_JOSEF_02_cmyk-200x300.jpg\",\"articleSection\":[\"Kantonsrat Luzern\",\"Kantonsratsession\",\"Politik\",\"SP Kriens\"],\"inLanguage\":\"de\",\"potentialAction\":[{\"@type\":\"CommentAction\",\"name\":\"Comment\",\"target\":[\"https:\\\/\\\/peter-faessler.spschweiz.ch\\\/?p=710#respond\"]}]},{\"@type\":\"WebPage\",\"@id\":\"https:\\\/\\\/peter-faessler.spschweiz.ch\\\/?p=710\",\"url\":\"https:\\\/\\\/peter-faessler.spschweiz.ch\\\/?p=710\",\"name\":\"Kantonsratssession vom 15. Mai 2017 - Peter F\u00e4ssler\",\"isPartOf\":{\"@id\":\"https:\\\/\\\/peter-faessler.spschweiz.ch\\\/#website\"},\"primaryImageOfPage\":{\"@id\":\"https:\\\/\\\/peter-faessler.spschweiz.ch\\\/?p=710#primaryimage\"},\"image\":{\"@id\":\"https:\\\/\\\/peter-faessler.spschweiz.ch\\\/?p=710#primaryimage\"},\"thumbnailUrl\":\"http:\\\/\\\/peter-faessler.spschweiz.ch\\\/wp-content\\\/uploads\\\/sites\\\/15\\\/2017\\\/01\\\/SCHULER_JOSEF_02_cmyk-200x300.jpg\",\"datePublished\":\"2017-05-15T08:03:52+00:00\",\"dateModified\":\"2017-05-16T05:13:58+00:00\",\"author\":{\"@id\":\"https:\\\/\\\/peter-faessler.spschweiz.ch\\\/#\\\/schema\\\/person\\\/7ac2f764b1930b731c670e8a2393b60e\"},\"breadcrumb\":{\"@id\":\"https:\\\/\\\/peter-faessler.spschweiz.ch\\\/?p=710#breadcrumb\"},\"inLanguage\":\"de\",\"potentialAction\":[{\"@type\":\"ReadAction\",\"target\":[\"https:\\\/\\\/peter-faessler.spschweiz.ch\\\/?p=710\"]}]},{\"@type\":\"ImageObject\",\"inLanguage\":\"de\",\"@id\":\"https:\\\/\\\/peter-faessler.spschweiz.ch\\\/?p=710#primaryimage\",\"url\":\"http:\\\/\\\/peter-faessler.spschweiz.ch\\\/wp-content\\\/uploads\\\/sites\\\/15\\\/2017\\\/01\\\/SCHULER_JOSEF_02_cmyk-200x300.jpg\",\"contentUrl\":\"http:\\\/\\\/peter-faessler.spschweiz.ch\\\/wp-content\\\/uploads\\\/sites\\\/15\\\/2017\\\/01\\\/SCHULER_JOSEF_02_cmyk-200x300.jpg\"},{\"@type\":\"BreadcrumbList\",\"@id\":\"https:\\\/\\\/peter-faessler.spschweiz.ch\\\/?p=710#breadcrumb\",\"itemListElement\":[{\"@type\":\"ListItem\",\"position\":1,\"name\":\"Startseite\",\"item\":\"https:\\\/\\\/peter-faessler.spschweiz.ch\\\/\"},{\"@type\":\"ListItem\",\"position\":2,\"name\":\"Kantonsratssession vom 15. Mai 2017\"}]},{\"@type\":\"WebSite\",\"@id\":\"https:\\\/\\\/peter-faessler.spschweiz.ch\\\/#website\",\"url\":\"https:\\\/\\\/peter-faessler.spschweiz.ch\\\/\",\"name\":\"Peter F\u00e4ssler\",\"description\":\"SP Kantonsrat Kanton Luzern\",\"potentialAction\":[{\"@type\":\"SearchAction\",\"target\":{\"@type\":\"EntryPoint\",\"urlTemplate\":\"https:\\\/\\\/peter-faessler.spschweiz.ch\\\/?s={search_term_string}\"},\"query-input\":{\"@type\":\"PropertyValueSpecification\",\"valueRequired\":true,\"valueName\":\"search_term_string\"}}],\"inLanguage\":\"de\"},{\"@type\":\"Person\",\"@id\":\"https:\\\/\\\/peter-faessler.spschweiz.ch\\\/#\\\/schema\\\/person\\\/7ac2f764b1930b731c670e8a2393b60e\",\"name\":\"Peter F\u00e4ssler\",\"image\":{\"@type\":\"ImageObject\",\"inLanguage\":\"de\",\"@id\":\"https:\\\/\\\/secure.gravatar.com\\\/avatar\\\/9da8604da19b11812517d76f206166d47c5e180a26df2de36b8649168e128572?s=96&d=blank&r=g\",\"url\":\"https:\\\/\\\/secure.gravatar.com\\\/avatar\\\/9da8604da19b11812517d76f206166d47c5e180a26df2de36b8649168e128572?s=96&d=blank&r=g\",\"contentUrl\":\"https:\\\/\\\/secure.gravatar.com\\\/avatar\\\/9da8604da19b11812517d76f206166d47c5e180a26df2de36b8649168e128572?s=96&d=blank&r=g\",\"caption\":\"Peter F\u00e4ssler\"},\"description\":\"Peter F\u00e4ssler Schibiweg 7 6006 Luzern\",\"sameAs\":[\"www.facebook.com\\\/peter.fassler.31\",\"https:\\\/\\\/www.instagram.com\\\/peter.fassler.31\\\/\",\"https:\\\/\\\/www.linkedin.com\\\/in\\\/peter-fssler-2518a782\\\/\",\"https:\\\/\\\/x.com\\\/pfaessler56\"],\"url\":\"https:\\\/\\\/peter-faessler.spschweiz.ch\\\/?author=19\"}]}<\/script>\n<!-- \/ Yoast SEO plugin. -->","yoast_head_json":{"title":"Kantonsratssession vom 15. Mai 2017 - Peter F\u00e4ssler","robots":{"index":"index","follow":"follow","max-snippet":"max-snippet:-1","max-image-preview":"max-image-preview:large","max-video-preview":"max-video-preview:-1"},"canonical":"https:\/\/peter-faessler.spschweiz.ch\/?p=710","og_locale":"de_DE","og_type":"article","og_title":"Kantonsratssession vom 15. Mai 2017 - Peter F\u00e4ssler","og_description":"Die Kantonstratssession ist auf 1 1\/2 Tage angesetzt. Die Traktandenliste ist mit 44 Traktanden reich best\u00fcckt. Abstimmungsresultate, Kurzprotokoll und Anwesenheitsliste ist hier ersichtlich. Gleich zu...","og_url":"https:\/\/peter-faessler.spschweiz.ch\/?p=710","og_site_name":"Peter F\u00e4ssler","article_author":"www.facebook.com\/peter.fassler.31","article_published_time":"2017-05-15T08:03:52+00:00","article_modified_time":"2017-05-16T05:13:58+00:00","og_image":[{"url":"http:\/\/peter-faessler.spschweiz.ch\/wp-content\/uploads\/sites\/15\/2017\/01\/SCHULER_JOSEF_02_cmyk-200x300.jpg","type":"","width":"","height":""}],"author":"Peter F\u00e4ssler","twitter_misc":{"Verfasst von":"Peter F\u00e4ssler","Gesch\u00e4tzte Lesezeit":"5\u00a0Minuten"},"schema":{"@context":"https:\/\/schema.org","@graph":[{"@type":"Article","@id":"https:\/\/peter-faessler.spschweiz.ch\/?p=710#article","isPartOf":{"@id":"https:\/\/peter-faessler.spschweiz.ch\/?p=710"},"author":{"name":"Peter F\u00e4ssler","@id":"https:\/\/peter-faessler.spschweiz.ch\/#\/schema\/person\/7ac2f764b1930b731c670e8a2393b60e"},"headline":"Kantonsratssession vom 15. Mai 2017","datePublished":"2017-05-15T08:03:52+00:00","dateModified":"2017-05-16T05:13:58+00:00","mainEntityOfPage":{"@id":"https:\/\/peter-faessler.spschweiz.ch\/?p=710"},"wordCount":1060,"commentCount":0,"image":{"@id":"https:\/\/peter-faessler.spschweiz.ch\/?p=710#primaryimage"},"thumbnailUrl":"http:\/\/peter-faessler.spschweiz.ch\/wp-content\/uploads\/sites\/15\/2017\/01\/SCHULER_JOSEF_02_cmyk-200x300.jpg","articleSection":["Kantonsrat Luzern","Kantonsratsession","Politik","SP Kriens"],"inLanguage":"de","potentialAction":[{"@type":"CommentAction","name":"Comment","target":["https:\/\/peter-faessler.spschweiz.ch\/?p=710#respond"]}]},{"@type":"WebPage","@id":"https:\/\/peter-faessler.spschweiz.ch\/?p=710","url":"https:\/\/peter-faessler.spschweiz.ch\/?p=710","name":"Kantonsratssession vom 15. Mai 2017 - Peter F\u00e4ssler","isPartOf":{"@id":"https:\/\/peter-faessler.spschweiz.ch\/#website"},"primaryImageOfPage":{"@id":"https:\/\/peter-faessler.spschweiz.ch\/?p=710#primaryimage"},"image":{"@id":"https:\/\/peter-faessler.spschweiz.ch\/?p=710#primaryimage"},"thumbnailUrl":"http:\/\/peter-faessler.spschweiz.ch\/wp-content\/uploads\/sites\/15\/2017\/01\/SCHULER_JOSEF_02_cmyk-200x300.jpg","datePublished":"2017-05-15T08:03:52+00:00","dateModified":"2017-05-16T05:13:58+00:00","author":{"@id":"https:\/\/peter-faessler.spschweiz.ch\/#\/schema\/person\/7ac2f764b1930b731c670e8a2393b60e"},"breadcrumb":{"@id":"https:\/\/peter-faessler.spschweiz.ch\/?p=710#breadcrumb"},"inLanguage":"de","potentialAction":[{"@type":"ReadAction","target":["https:\/\/peter-faessler.spschweiz.ch\/?p=710"]}]},{"@type":"ImageObject","inLanguage":"de","@id":"https:\/\/peter-faessler.spschweiz.ch\/?p=710#primaryimage","url":"http:\/\/peter-faessler.spschweiz.ch\/wp-content\/uploads\/sites\/15\/2017\/01\/SCHULER_JOSEF_02_cmyk-200x300.jpg","contentUrl":"http:\/\/peter-faessler.spschweiz.ch\/wp-content\/uploads\/sites\/15\/2017\/01\/SCHULER_JOSEF_02_cmyk-200x300.jpg"},{"@type":"BreadcrumbList","@id":"https:\/\/peter-faessler.spschweiz.ch\/?p=710#breadcrumb","itemListElement":[{"@type":"ListItem","position":1,"name":"Startseite","item":"https:\/\/peter-faessler.spschweiz.ch\/"},{"@type":"ListItem","position":2,"name":"Kantonsratssession vom 15. Mai 2017"}]},{"@type":"WebSite","@id":"https:\/\/peter-faessler.spschweiz.ch\/#website","url":"https:\/\/peter-faessler.spschweiz.ch\/","name":"Peter F\u00e4ssler","description":"SP Kantonsrat Kanton Luzern","potentialAction":[{"@type":"SearchAction","target":{"@type":"EntryPoint","urlTemplate":"https:\/\/peter-faessler.spschweiz.ch\/?s={search_term_string}"},"query-input":{"@type":"PropertyValueSpecification","valueRequired":true,"valueName":"search_term_string"}}],"inLanguage":"de"},{"@type":"Person","@id":"https:\/\/peter-faessler.spschweiz.ch\/#\/schema\/person\/7ac2f764b1930b731c670e8a2393b60e","name":"Peter F\u00e4ssler","image":{"@type":"ImageObject","inLanguage":"de","@id":"https:\/\/secure.gravatar.com\/avatar\/9da8604da19b11812517d76f206166d47c5e180a26df2de36b8649168e128572?s=96&d=blank&r=g","url":"https:\/\/secure.gravatar.com\/avatar\/9da8604da19b11812517d76f206166d47c5e180a26df2de36b8649168e128572?s=96&d=blank&r=g","contentUrl":"https:\/\/secure.gravatar.com\/avatar\/9da8604da19b11812517d76f206166d47c5e180a26df2de36b8649168e128572?s=96&d=blank&r=g","caption":"Peter F\u00e4ssler"},"description":"Peter F\u00e4ssler Schibiweg 7 6006 Luzern","sameAs":["www.facebook.com\/peter.fassler.31","https:\/\/www.instagram.com\/peter.fassler.31\/","https:\/\/www.linkedin.com\/in\/peter-fssler-2518a782\/","https:\/\/x.com\/pfaessler56"],"url":"https:\/\/peter-faessler.spschweiz.ch\/?author=19"}]}},"_links":{"self":[{"href":"https:\/\/peter-faessler.spschweiz.ch\/index.php?rest_route=\/wp\/v2\/posts\/710","targetHints":{"allow":["GET"]}}],"collection":[{"href":"https:\/\/peter-faessler.spschweiz.ch\/index.php?rest_route=\/wp\/v2\/posts"}],"about":[{"href":"https:\/\/peter-faessler.spschweiz.ch\/index.php?rest_route=\/wp\/v2\/types\/post"}],"author":[{"embeddable":true,"href":"https:\/\/peter-faessler.spschweiz.ch\/index.php?rest_route=\/wp\/v2\/users\/19"}],"replies":[{"embeddable":true,"href":"https:\/\/peter-faessler.spschweiz.ch\/index.php?rest_route=%2Fwp%2Fv2%2Fcomments&post=710"}],"version-history":[{"count":41,"href":"https:\/\/peter-faessler.spschweiz.ch\/index.php?rest_route=\/wp\/v2\/posts\/710\/revisions"}],"predecessor-version":[{"id":760,"href":"https:\/\/peter-faessler.spschweiz.ch\/index.php?rest_route=\/wp\/v2\/posts\/710\/revisions\/760"}],"wp:attachment":[{"href":"https:\/\/peter-faessler.spschweiz.ch\/index.php?rest_route=%2Fwp%2Fv2%2Fmedia&parent=710"}],"wp:term":[{"taxonomy":"category","embeddable":true,"href":"https:\/\/peter-faessler.spschweiz.ch\/index.php?rest_route=%2Fwp%2Fv2%2Fcategories&post=710"},{"taxonomy":"post_tag","embeddable":true,"href":"https:\/\/peter-faessler.spschweiz.ch\/index.php?rest_route=%2Fwp%2Fv2%2Ftags&post=710"}],"curies":[{"name":"wp","href":"https:\/\/api.w.org\/{rel}","templated":true}]}}