{"id":2455,"date":"2019-03-26T08:52:58","date_gmt":"2019-03-26T07:52:58","guid":{"rendered":"https:\/\/peter-faessler.spschweiz.ch\/?p=2455"},"modified":"2019-03-26T15:05:31","modified_gmt":"2019-03-26T14:05:31","slug":"maerz-session-des-kantonsrats-kanton-luzern-vom-25-und-26-03-2019-2-sessionstag","status":"publish","type":"post","link":"https:\/\/peter-faessler.spschweiz.ch\/?p=2455","title":{"rendered":"M\u00e4rz-Session des Kantonsrats Kanton Luzern vom 25. und 26.03.2019, 2. Sessionstag"},"content":{"rendered":"<p>Der zweite und letzte Sessionstag geht weiter mit den Vorst\u00f6ssen laut <a href=\"https:\/\/www.lu.ch\/kr\/sessionen\/sessionsdaten_2019\/detail?guid=daa2ffba179f4d00a32bdb3222e2153a&amp;cal=76EC2D472DD4461BBBB06D15F032B660\" target=\"_blank\" rel=\"noopener noreferrer\">Traktandenliste<\/a><\/p>\n<p><strong><img loading=\"lazy\" decoding=\"async\" class=\"size-medium wp-image-2103 alignright\" src=\"http:\/\/peter-faessler.spschweiz.ch\/wp-content\/uploads\/sites\/15\/2019\/01\/pf1-PK_Peter_Faessler_Page_1-213x300.png\" alt=\"\" width=\"213\" height=\"300\" srcset=\"https:\/\/peter-faessler.spschweiz.ch\/wp-content\/uploads\/sites\/15\/2019\/01\/pf1-PK_Peter_Faessler_Page_1-213x300.png 213w, https:\/\/peter-faessler.spschweiz.ch\/wp-content\/uploads\/sites\/15\/2019\/01\/pf1-PK_Peter_Faessler_Page_1-106x150.png 106w, https:\/\/peter-faessler.spschweiz.ch\/wp-content\/uploads\/sites\/15\/2019\/01\/pf1-PK_Peter_Faessler_Page_1-768x1083.png 768w, https:\/\/peter-faessler.spschweiz.ch\/wp-content\/uploads\/sites\/15\/2019\/01\/pf1-PK_Peter_Faessler_Page_1-726x1024.png 726w, https:\/\/peter-faessler.spschweiz.ch\/wp-content\/uploads\/sites\/15\/2019\/01\/pf1-PK_Peter_Faessler_Page_1.png 826w\" sizes=\"auto, (max-width: 213px) 100vw, 213px\" \/>Information<\/strong>: Es liegt eine Beschwerde betreffend <a href=\"https:\/\/www.lu.ch\/kr\/parlamentsgeschaefte\/detail?ges=d202c6b43442436da336991ab4cc6e8e&amp;back=1&amp;text=afr%2018&amp;art=-0-1-2&amp;bart=-0-1-2-3-4&amp;vart=-0-1-2-3&amp;gart=1&amp;status=-0-1\" target=\"_blank\" rel=\"noopener noreferrer\">AFR 18<\/a> beim\u00a0 Bundesgericht vor.<\/p>\n<p>Die <strong>dringlichen<\/strong> <strong>Anfragen<\/strong> werden als erstes behandelt.<\/p>\n<p><strong><a href=\"https:\/\/www.lu.ch\/kr\/parlamentsgeschaefte\/detail?ges=7eaf4f1839074e2e88dcf76ec17068ca&amp;back=1&amp;geschaeftsnr=a%20718&amp;art=-0-1-2&amp;bart=-0-1-2-3-4&amp;vart=-0-1-2-3&amp;gart=1&amp;status=-0-1\" target=\"_blank\" rel=\"noopener noreferrer\">A 718<\/a> Anfrage Keller Daniel und Mit. \u00fcber die geplante unterirdische Velostation sowie den Velotunnel mit Rampe in Luzern.<\/strong> Die Regierung bef\u00fcrwortet die Dringlichkeit. Zustimmung mit 1 Gegenstimme.<\/p>\n<p><strong><a href=\"https:\/\/www.lu.ch\/kr\/parlamentsgeschaefte\/detail?ges=a7592c204a5045899c38c594a444abeb&amp;back=1&amp;geschaeftsnr=a%20719&amp;art=-0-1-2&amp;bart=-0-1-2-3-4&amp;vart=-0-1-2-3&amp;gart=1&amp;status=-0-1\" target=\"_blank\" rel=\"noopener noreferrer\">A 719<\/a> Anfrage Kottmann Raphael und Mit. \u00fcber die Entwicklung, \u00dcberwachung und Bew\u00e4ltigung der aktuellen Waldsch\u00e4den als Folge der adennhalten Witterungsextreme.<\/strong> Die Regierung lehnt die Dringlichkeit ab. Rat stimmt mit 98 zu 11 Stimmen zu.<br \/>\nDieses Gesch\u00e4ft wird rege diskutiert.<\/p>\n<p><strong>Weiter mit den Gesch\u00e4ften auf der Traktandenliste<\/strong><\/p>\n<p>6. <strong>Begnadigungsgesuch<\/strong><br \/>\nEs findet keine Debatte statt, da kein Gegenantrag auf Ablehnung des Kommissionsvorschlages eingereicht wurde.<\/p>\n<p>7. <strong>Ernennung einer externen Revisionsstelle f\u00fcr die Rechnungspr\u00fcfung und die Qualit\u00e4ts- und Leistungsbeurteilung bei der Finanzkontrolle<\/strong><br \/>\nEs findet die Wahl bei verschlossenen T\u00fcren statt.<\/p>\n<p><strong>Weiter mit den Vorst\u00f6ssen<\/strong><\/p>\n<p>27. <strong><a href=\"https:\/\/www.lu.ch\/kr\/parlamentsgeschaefte\/detail?ges=7cae819cfbdf43819283ebe8d18d46ab&amp;back=1&amp;geschaeftsnr=m%20582&amp;art=-0-1-2&amp;bart=-0-1-2-3-4&amp;vart=-0-1-2-3&amp;gart=1&amp;status=-0-1\" target=\"_blank\" rel=\"noopener noreferrer\">M 582<\/a> Motion Arnold Robi und Mit. \u00fcber eine Entlastung des Mittelstandes durch steuerlich vollst\u00e4ndig abziehbare Krankenkassenpr\u00e4mien.<\/strong> Antrag RR: Ablehnung<br \/>\nMeinung SP: Der Mittelstand wird nicht entlastet, Hohe Einkommen profitieren von dem Abzug der OKP mehr als mittlere und tiefe.<br \/>\nDer Motion\u00e4r hat\u00a0 den Vorstoss in ein Postulat umgewandelt. Ablehnung mit 85 zu 18 Stimmen.<\/p>\n<p>28. <strong><a href=\"https:\/\/www.lu.ch\/kr\/parlamentsgeschaefte\/detail?ges=5926f954d2d241989c8bbf2766004d4b&amp;back=1&amp;geschaeftsnr=a%20672&amp;art=-0-1-2&amp;bart=-0-1-2-3-4&amp;vart=-0-1-2-3&amp;gart=1&amp;status=-0-1\" target=\"_blank\" rel=\"noopener noreferrer\">A 672<\/a> Anfrage Candan Hasan und Mit. \u00fcber den Stand der Dinge bei der Projektierung des neuen Verwaltungsgeb\u00e4udes am Seetalplatz<br \/>\n<\/strong>Meinung SP: Beim Campus Bern war es m\u00f6glich, weshalb nicht auch in Luzern. Das Kostenargument ist meines Erachtens nur mangelhaft ausgef\u00fchrt, so wird die lokale Wertsch\u00f6pfung ausgeklammert, welche auch einfliessen muss bei einer Gesamtbeurteilung.<\/p>\n<p>29. <strong><a href=\"https:\/\/www.lu.ch\/kr\/parlamentsgeschaefte\/detail?ges=cb4e2108f7184385af2ce963fc9dff0e&amp;back=1&amp;geschaeftsnr=p%20691&amp;art=-0-1-2&amp;bart=-0-1-2-3-4&amp;vart=-0-1-2-3&amp;gart=1&amp;status=-0-1\" target=\"_blank\" rel=\"noopener noreferrer\">P 691<\/a> Postulat Wimmer-L\u00f6tscher Marianne und Mit. \u00fcber einen Planungsstopp bei der Fusion von Luzerner Kantonsspital und Kantonsspital Nidwalden.<\/strong> Antrag RR: Ablehnung<br \/>\nMeinung SP: Eine Versorgungsplanung Zentralschweiz bildet die Basis f\u00fcr eine sichere, bedarfsgerechte und wirtschaftliche Gesundheitsversorgung. Aufgrund Vorarbeiten und Erfahrungen mit Nidwalden wird Integration OW in Verbund nie so lange dauern. Antwort malt den Teufel an die Wand. Zudem bereits gute Erfahrungen mit LUPS-Verbund mit OW. Antwort gibt zudem zu, dass auch NW einzig ein organisatorisches Projekt ist.<br \/>\nAbstimmung: Ablehnung mit 85 zu 24 Stimmen.<\/p>\n<p>30. <strong><a href=\"https:\/\/www.lu.ch\/kr\/parlamentsgeschaefte\/detail?ges=5a4615b7cce74d9a92f87bedb21ffc58&amp;back=1&amp;geschaeftsnr=p%20591&amp;art=-0-1-2&amp;bart=-0-1-2-3-4&amp;vart=-0-1-2-3&amp;gart=1&amp;status=-0-1\" target=\"_blank\" rel=\"noopener noreferrer\">P 591<\/a> Postulat Pf\u00e4ffli-Oswald Angela und Mit. \u00fcber Mehrwert f\u00fcr Patienten und die \u00f6ffentliche Hand durch transparente Ergebnisqualit\u00e4tsdaten bei Spitaleingriffen.<\/strong> Antrag RR: Teilweise Erheblicherkl\u00e4rung. Ablehnungsantrag von GLP.<br \/>\nMeinung SP: Der RR anerkennt den Handlungsbedarf. Er soll sich f\u00fcr eine schweizweite, koordinierte Qualit\u00e4tssicherung in Spit\u00e4lern und Kliniken einsetzen. Eine entsprechende Vorlage dazu liegt bereits vor und wird zurzeit von den vorberatenden Kommissionen beraten.<br \/>\nAbstimmung: Teilweise Erheblichkeit mit 75 zu 36 Stimmen Zustimmung.<\/p>\n<p>31. <strong><a href=\"https:\/\/www.lu.ch\/kr\/parlamentsgeschaefte\/detail?ges=8a589eda63fc4afe83c60e3e371b0fb2&amp;back=1&amp;geschaeftsnr=m%20583&amp;art=-0-1-2&amp;bart=-0-1-2-3-4&amp;vart=-0-1-2-3&amp;gart=1&amp;status=-0-1\" target=\"_blank\" rel=\"noopener noreferrer\">M 583<\/a> Motion Budmiger Marcel und Mit. \u00fcber tiefere Sozialhilfekosten dank einem kantonalen Mindestlohn.<\/strong> Antrag RR: Ablehnung<br \/>\nSP: Der Lohn einer Vollzeitarbeit soll auch zum Leben reichen. Sonst subventionieren Steuerzahlen die Tieflohnbranchen. W\u00e4re eine gute Chance um auch Gemeinden zu entlasten.\u00a0 Einf\u00fchrung des Mindestlohns in NE war erfolgreich, das ginge auch in Luzern.<br \/>\nAbstimmung: Ablehnung mit 87 zu 23 Stimmen.<\/p>\n<p>32. <strong><a href=\"https:\/\/www.lu.ch\/kr\/parlamentsgeschaefte\/detail?ges=06dd99b684c0482897539526465b9055&amp;back=1&amp;geschaeftsnr=a%20592&amp;art=-0-1-2&amp;bart=-0-1-2-3-4&amp;vart=-0-1-2-3&amp;gart=1&amp;status=-0-1\" target=\"_blank\" rel=\"noopener noreferrer\">A 592<\/a> Anfrage Zemp Gaudenz \u00fcber die Integration von Fl\u00fcchtlingen und vorl\u00e4ufig Aufgenommenen in die Arbeitswelt<\/strong><br \/>\nDer Anfragende ist mit der Antwort zufrieden, es gibt keine Diskussion<\/p>\n<p>33. <strong><a href=\"https:\/\/www.lu.ch\/kr\/parlamentsgeschaefte\/detail?ges=df89269093e2452297dd5fbba4d261ac&amp;back=1&amp;geschaeftsnr=m%20599&amp;art=-0-1-2&amp;bart=-0-1-2-3-4&amp;vart=-0-1-2-3&amp;gart=1&amp;status=-0-1\" target=\"_blank\" rel=\"noopener noreferrer\">M 599<\/a> Motion Reusser Christina und Mit. \u00fcber die Geltendmachung der Familienzulagen durch Dritte.<\/strong> Antrag RR: Erheblicherkl\u00e4rung als Postulat<br \/>\nAbstimmung: Erheblich als Postulat mit 80 zu 28 Stimmen.<\/p>\n<p>34.<strong><a href=\"https:\/\/www.lu.ch\/kr\/parlamentsgeschaefte\/detail?ges=0131b758ad5b45b4a65685b42b124716&amp;back=1&amp;geschaeftsnr=a%20601&amp;art=-0-1-2&amp;bart=-0-1-2-3-4&amp;vart=-0-1-2-3&amp;gart=1&amp;status=-0-1\" target=\"_blank\" rel=\"noopener noreferrer\"> A 601<\/a> Anfrage Gasser Daniel namens der SPK \u00fcber Abkl\u00e4rungen im Zusammenhang mit der Stellung des Jugendparlamentes<br \/>\n<\/strong>SP: Die Fragen \u00fcber den Stellenwert des Jupa kamen auf, weil im KR in der Vergangenheit kaum \u00fcber die Petitionen diskutiert wurde. Dies ist f\u00fcr die TeilnehmerInnen frustrierend. Dabei ist ein Ziel des Jupa, Jugendliche f\u00fcr die Politik zu motivieren. Ein direktes Vorstossrecht sehen wir kritisch und ist gem\u00e4ss Jonas Ineichen auch nicht im Sinn des Jupa, da die Organisation viel aufw\u00e4ndiger w\u00fcrde. Ihr Anliegen ist aber, dass sich der Kantonsrat ernsthaft mit den Forderungen befasst. Dazu braucht es ein freiwilliges Agreement der Parteien, die Forderungen im Rahmen eines Vorstosses aufzunehmen (durch Kommission oder einzelne KR-Mitglieder) oder im Minimum alle Fraktionen Stellung beziehen (Fraktionssprecher). F\u00fcr die politische Meinungsbildung ist wichtig zu erfahren, wie die jeweiligen Parteien zu den Forderungen stehen. Im Vorstand des Jupa werden derzeit weitere Ideen diskutiert (Mitwirkung bei Vernehmlassungen, G\u00f6tti\/Gotti-System). Es bestehen derzeit aber (noch) keine konkreten Forderungen.<strong><br \/>\n<\/strong><\/p>\n<p>35. <strong><a href=\"https:\/\/www.lu.ch\/kr\/parlamentsgeschaefte\/detail?ges=e90b6ef0bb7648e6a5dbced5add8621e&amp;back=1&amp;geschaeftsnr=a%20611&amp;art=-0-1-2&amp;bart=-0-1-2-3-4&amp;vart=-0-1-2-3&amp;gart=1&amp;status=-0-1\" target=\"_blank\" rel=\"noopener noreferrer\">A 611<\/a> Anfrage Wimmer-L\u00f6tscher Marianne und Mit. \u00fcber die F\u00f6rderung intermedi\u00e4rer Strukturen zur Entlastung des Haushaltsbudgets<\/strong><br \/>\nDie Anfragende ist mit der Antwort zufrieden, es gibt keine Diskussion<\/p>\n<p>36. <strong><a href=\"https:\/\/www.lu.ch\/kr\/parlamentsgeschaefte\/detail?ges=de8f9f384ec845ecaa6f5c6f74d5a2b4&amp;back=1&amp;geschaeftsnr=p%20618&amp;art=-0-1-2&amp;bart=-0-1-2-3-4&amp;vart=-0-1-2-3&amp;gart=1&amp;status=-0-1\" target=\"_blank\" rel=\"noopener noreferrer\">P 618<\/a> Postulat Candan Hasan und Mit. \u00fcber die Einf\u00fchrung der Gesundheitsfolgenabsch\u00e4tzung bei politischen Entscheidungen.<\/strong> Antrag RR: Ablehnung<br \/>\nSP: Es war anzunehmen, dass die Regierung die Einf\u00fchrung einer Gesundheitsfolgenabsch\u00e4tzung GFA ablehnen wird, denn so liessen sich viele Sparmassnahmen gar nicht mehr rechtfertigen. Aus der Antwort der Regierung entsteht der Anschein, dass die GFA nicht mehr aktuell ist, das stimmt nicht. Es ist eher umgekehrt und wichtiger denn je. In \u00d6sterreich und Deutschland wird die GFA vorangetrieben. Und eine GFA kann sehr schlank umgesetzt werden ohne langandauernde Prozesse.<br \/>\nAbstimmung: Teilweise erheblich wird mit 75 zu 28 Stimmen abgelehnt.<\/p>\n<p>37. <strong><a href=\"https:\/\/www.lu.ch\/kr\/parlamentsgeschaefte\/detail?ges=9501eb66a9044093b8b01d39c3e387b8&amp;back=1&amp;geschaeftsnr=a%20628&amp;art=-0-1-2&amp;bart=-0-1-2-3-4&amp;vart=-0-1-2-3&amp;gart=1&amp;status=-0-1\" target=\"_blank\" rel=\"noopener noreferrer\">A 628<\/a> Anfrage Ledergerber Michael und Mit. \u00fcber die Umsetzung des Leitbildes Leben mit Behinderungen \u2013 Leitbild f\u00fcr das Zusammenleben im Kanton Luzern<br \/>\n<\/strong>SP: Nichts sagende Antworten, leere Worth\u00fclsen. Keine Angaben oder Ideen wie Umsetzung gemacht wird.<\/p>\n<p>38. <a href=\"https:\/\/www.lu.ch\/kr\/parlamentsgeschaefte\/detail?ges=56b6e081d0b24486a8a396a5bde1e00c&amp;back=1&amp;geschaeftsnr=a%20634&amp;art=-0-1-2&amp;bart=-0-1-2-3-4&amp;vart=-0-1-2-3&amp;gart=1&amp;status=-0-1\" target=\"_blank\" rel=\"noopener noreferrer\"><strong>A 634<\/strong><\/a><strong> Anfrage Zemp Baumgartner Yvonne und Mit. \u00fcber die einheitliche Finanzierung ambulanter und station\u00e4rer Leistungen im Gesundheitswesen, aber ohne Zusatzbelastung f\u00fcr die Pr\u00e4mienzahlerinnen und Pr\u00e4mienzahler<\/strong><\/p>\n<p>39. <strong><a href=\"https:\/\/www.lu.ch\/kr\/parlamentsgeschaefte\/detail?ges=8e5ae537faa54984a98c9576c39e6d51&amp;back=1&amp;geschaeftsnr=a%20674&amp;art=-0-1-2&amp;bart=-0-1-2-3-4&amp;vart=-0-1-2-3&amp;gart=1&amp;status=-0-1\" target=\"_blank\" rel=\"noopener noreferrer\">A 674<\/a> Anfrage Hunkeler Yvonne und Mit. \u00fcber leistungsorientierte Abgeltungen (IBB\/LOA) im Bereich SEG B, im Speziellen f\u00fcr den Bereich \u00abTagesstruktur mit Lohn\u00bb (TSmL)<\/strong><\/p>\n<p>40. <strong><a href=\"https:\/\/www.lu.ch\/kr\/parlamentsgeschaefte\/detail?ges=9b39a9976a494d30960b7084e4448ab7&amp;back=1&amp;geschaeftsnr=p%20684&amp;art=-0-1-2&amp;bart=-0-1-2-3-4&amp;vart=-0-1-2-3&amp;gart=1&amp;status=-0-1\" target=\"_blank\" rel=\"noopener noreferrer\">P 684<\/a> Postulat Pf\u00e4ffli-Oswald Angela und Mit. \u00fcber die Schaffung von Transparenz \u00fcber Kosten im Gesundheitswesen: Preisetikette h\u00e4ufiger medizinisch-technischer Leistungen. Antrag RR:<\/strong> Teilweise Erheblicherkl\u00e4rung. Ablehnungsantrag der SP.<br \/>\nSP: Auch die SP will nachhaltig das Kostenwachstum d\u00e4mpfen. Aktuell wird auf Bundesebene \u00fcber Entlastungsmassnahmen debattiert. Das Eidgen\u00f6ssiche Departement des Innern hat bis Ende 2019 eine Vorlage zu erarbeiten. Daher muss kantonal nicht vorgesprescht werden.<br \/>\nDas Postulat wird mit 91 zu 19 Stimmen teilweise erheblich erkl\u00e4rt.<\/p>\n<p>41. <strong><a href=\"https:\/\/www.lu.ch\/kr\/parlamentsgeschaefte\/detail?ges=ae44702743da414199810687830a5145&amp;back=1&amp;geschaeftsnr=a%20663&amp;art=-0-1-2&amp;bart=-0-1-2-3-4&amp;vart=-0-1-2-3&amp;gart=1&amp;status=-0-1\" target=\"_blank\" rel=\"noopener noreferrer\">A 663<\/a> Anfrage Reusser Christina und Mit. \u00fcber die Bearbeitung von Beschwerden beim Gesundheits- und Sozialdepartement<\/strong><br \/>\nDie Anfragende ist mit der Antwort zufrieden, es gibt keine Diskussion<\/p>\n<p>42. <strong><a href=\"https:\/\/www.lu.ch\/kr\/parlamentsgeschaefte\/detail?ges=ae44702743da414199810687830a5145&amp;back=1&amp;geschaeftsnr=a%20663&amp;art=-0-1-2&amp;bart=-0-1-2-3-4&amp;vart=-0-1-2-3&amp;gart=1&amp;status=-0-1\" target=\"_blank\" rel=\"noopener noreferrer\">A 686<\/a> Anfrage Zehnder Ferdinand und Mit. \u00fcber wie beurteilt der Kanton Luzern die Zukunft der Organisation \u00abDie Dargebotene Hand \u2013 Tel 143\u00bb<br \/>\n<\/strong>SP: Es ist sicherzustellen, dass die Finanzierung der Sorgentelefone auch in Zukunft sichergestellt ist. Nicht nachvollziehbar ist, weshalb eine Mitfinanzierung von der Beteiligung anderer Kantone abh\u00e4ngig gemacht wird.<\/p>\n<p>Somit ist die Trantandenliste abgearbeitet. Es folgen nun die Verabschiedungen der nicht mehr kandidierenden Kantonsr\u00e4tinnen und Kantonsr\u00e4te.<\/p>\n<p><strong>\u00a0<\/strong><\/p>\n","protected":false},"excerpt":{"rendered":"<p>Der zweite und letzte Sessionstag geht weiter mit den Vorst\u00f6ssen laut Traktandenliste Information: Es liegt eine Beschwerde betreffend AFR 18 beim\u00a0 Bundesgericht vor. Die dringlichen&#8230;<\/p>\n","protected":false},"author":19,"featured_media":0,"comment_status":"open","ping_status":"open","sticky":false,"template":"","format":"standard","meta":{"footnotes":""},"categories":[22,23,30,21,25,1,27],"tags":[8,9,16,26,31,7,10,15,28],"class_list":["post-2455","post","type-post","status-publish","format-standard","hentry","category-kantonsrat-luzern","category-kantonsratsession","category-parlament","category-politik","category-session-kantonsrat-luzern","category-sp-kriens","category-vorstoss-kantonsrat","tag-kanton-luzern","tag-kantonsrat","tag-kantonsrat-kanton-luzern","tag-kantonsratssession","tag-parlament","tag-politik","tag-session","tag-sp","tag-vorstoss-kantonsrat"],"yoast_head":"<!-- This site is optimized with the Yoast SEO plugin v27.5 - https:\/\/yoast.com\/product\/yoast-seo-wordpress\/ -->\n<title>M\u00e4rz-Session des Kantonsrats Kanton Luzern vom 25. und 26.03.2019, 2. Sessionstag - Peter F\u00e4ssler<\/title>\n<meta name=\"robots\" content=\"index, follow, max-snippet:-1, max-image-preview:large, max-video-preview:-1\" \/>\n<link rel=\"canonical\" href=\"https:\/\/peter-faessler.spschweiz.ch\/?p=2455\" \/>\n<meta property=\"og:locale\" content=\"de_DE\" \/>\n<meta property=\"og:type\" content=\"article\" \/>\n<meta property=\"og:title\" content=\"M\u00e4rz-Session des Kantonsrats Kanton Luzern vom 25. und 26.03.2019, 2. Sessionstag - Peter F\u00e4ssler\" \/>\n<meta property=\"og:description\" content=\"Der zweite und letzte Sessionstag geht weiter mit den Vorst\u00f6ssen laut Traktandenliste Information: Es liegt eine Beschwerde betreffend AFR 18 beim\u00a0 Bundesgericht vor. Die dringlichen...\" \/>\n<meta property=\"og:url\" content=\"https:\/\/peter-faessler.spschweiz.ch\/?p=2455\" \/>\n<meta property=\"og:site_name\" content=\"Peter F\u00e4ssler\" \/>\n<meta property=\"article:author\" content=\"www.facebook.com\/peter.fassler.31\" \/>\n<meta property=\"article:published_time\" content=\"2019-03-26T07:52:58+00:00\" \/>\n<meta property=\"article:modified_time\" content=\"2019-03-26T14:05:31+00:00\" \/>\n<meta property=\"og:image\" content=\"http:\/\/peter-faessler.spschweiz.ch\/wp-content\/uploads\/sites\/15\/2019\/01\/pf1-PK_Peter_Faessler_Page_1-213x300.png\" \/>\n<meta name=\"author\" content=\"Peter F\u00e4ssler\" \/>\n<meta name=\"twitter:label1\" content=\"Verfasst von\" \/>\n\t<meta name=\"twitter:data1\" content=\"Peter F\u00e4ssler\" \/>\n\t<meta name=\"twitter:label2\" content=\"Gesch\u00e4tzte Lesezeit\" \/>\n\t<meta name=\"twitter:data2\" content=\"5\u00a0Minuten\" \/>\n<script type=\"application\/ld+json\" class=\"yoast-schema-graph\">{\"@context\":\"https:\\\/\\\/schema.org\",\"@graph\":[{\"@type\":\"Article\",\"@id\":\"https:\\\/\\\/peter-faessler.spschweiz.ch\\\/?p=2455#article\",\"isPartOf\":{\"@id\":\"https:\\\/\\\/peter-faessler.spschweiz.ch\\\/?p=2455\"},\"author\":{\"name\":\"Peter F\u00e4ssler\",\"@id\":\"https:\\\/\\\/peter-faessler.spschweiz.ch\\\/#\\\/schema\\\/person\\\/7ac2f764b1930b731c670e8a2393b60e\"},\"headline\":\"M\u00e4rz-Session des Kantonsrats Kanton Luzern vom 25. und 26.03.2019, 2. Sessionstag\",\"datePublished\":\"2019-03-26T07:52:58+00:00\",\"dateModified\":\"2019-03-26T14:05:31+00:00\",\"mainEntityOfPage\":{\"@id\":\"https:\\\/\\\/peter-faessler.spschweiz.ch\\\/?p=2455\"},\"wordCount\":1099,\"commentCount\":1,\"image\":{\"@id\":\"https:\\\/\\\/peter-faessler.spschweiz.ch\\\/?p=2455#primaryimage\"},\"thumbnailUrl\":\"http:\\\/\\\/peter-faessler.spschweiz.ch\\\/wp-content\\\/uploads\\\/sites\\\/15\\\/2019\\\/01\\\/pf1-PK_Peter_Faessler_Page_1-213x300.png\",\"keywords\":[\"Kanton Luzern\",\"Kantonsrat\",\"Kantonsrat Kanton Luzern\",\"Kantonsratssession\",\"Parlament\",\"Politik\",\"Session\",\"SP\",\"Vorstoss Kantonsrat\"],\"articleSection\":[\"Kantonsrat Luzern\",\"Kantonsratsession\",\"Parlament\",\"Politik\",\"Session Kantonsrat Luzern\",\"SP Kriens\",\"Vorstoss Kantonsrat\"],\"inLanguage\":\"de\",\"potentialAction\":[{\"@type\":\"CommentAction\",\"name\":\"Comment\",\"target\":[\"https:\\\/\\\/peter-faessler.spschweiz.ch\\\/?p=2455#respond\"]}]},{\"@type\":\"WebPage\",\"@id\":\"https:\\\/\\\/peter-faessler.spschweiz.ch\\\/?p=2455\",\"url\":\"https:\\\/\\\/peter-faessler.spschweiz.ch\\\/?p=2455\",\"name\":\"M\u00e4rz-Session des Kantonsrats Kanton Luzern vom 25. und 26.03.2019, 2. Sessionstag - Peter F\u00e4ssler\",\"isPartOf\":{\"@id\":\"https:\\\/\\\/peter-faessler.spschweiz.ch\\\/#website\"},\"primaryImageOfPage\":{\"@id\":\"https:\\\/\\\/peter-faessler.spschweiz.ch\\\/?p=2455#primaryimage\"},\"image\":{\"@id\":\"https:\\\/\\\/peter-faessler.spschweiz.ch\\\/?p=2455#primaryimage\"},\"thumbnailUrl\":\"http:\\\/\\\/peter-faessler.spschweiz.ch\\\/wp-content\\\/uploads\\\/sites\\\/15\\\/2019\\\/01\\\/pf1-PK_Peter_Faessler_Page_1-213x300.png\",\"datePublished\":\"2019-03-26T07:52:58+00:00\",\"dateModified\":\"2019-03-26T14:05:31+00:00\",\"author\":{\"@id\":\"https:\\\/\\\/peter-faessler.spschweiz.ch\\\/#\\\/schema\\\/person\\\/7ac2f764b1930b731c670e8a2393b60e\"},\"breadcrumb\":{\"@id\":\"https:\\\/\\\/peter-faessler.spschweiz.ch\\\/?p=2455#breadcrumb\"},\"inLanguage\":\"de\",\"potentialAction\":[{\"@type\":\"ReadAction\",\"target\":[\"https:\\\/\\\/peter-faessler.spschweiz.ch\\\/?p=2455\"]}]},{\"@type\":\"ImageObject\",\"inLanguage\":\"de\",\"@id\":\"https:\\\/\\\/peter-faessler.spschweiz.ch\\\/?p=2455#primaryimage\",\"url\":\"https:\\\/\\\/peter-faessler.spschweiz.ch\\\/wp-content\\\/uploads\\\/sites\\\/15\\\/2019\\\/01\\\/pf1-PK_Peter_Faessler_Page_1.png\",\"contentUrl\":\"https:\\\/\\\/peter-faessler.spschweiz.ch\\\/wp-content\\\/uploads\\\/sites\\\/15\\\/2019\\\/01\\\/pf1-PK_Peter_Faessler_Page_1.png\",\"width\":826,\"height\":1165},{\"@type\":\"BreadcrumbList\",\"@id\":\"https:\\\/\\\/peter-faessler.spschweiz.ch\\\/?p=2455#breadcrumb\",\"itemListElement\":[{\"@type\":\"ListItem\",\"position\":1,\"name\":\"Startseite\",\"item\":\"https:\\\/\\\/peter-faessler.spschweiz.ch\\\/\"},{\"@type\":\"ListItem\",\"position\":2,\"name\":\"M\u00e4rz-Session des Kantonsrats Kanton Luzern vom 25. und 26.03.2019, 2. Sessionstag\"}]},{\"@type\":\"WebSite\",\"@id\":\"https:\\\/\\\/peter-faessler.spschweiz.ch\\\/#website\",\"url\":\"https:\\\/\\\/peter-faessler.spschweiz.ch\\\/\",\"name\":\"Peter F\u00e4ssler\",\"description\":\"SP Kantonsrat Kanton Luzern\",\"potentialAction\":[{\"@type\":\"SearchAction\",\"target\":{\"@type\":\"EntryPoint\",\"urlTemplate\":\"https:\\\/\\\/peter-faessler.spschweiz.ch\\\/?s={search_term_string}\"},\"query-input\":{\"@type\":\"PropertyValueSpecification\",\"valueRequired\":true,\"valueName\":\"search_term_string\"}}],\"inLanguage\":\"de\"},{\"@type\":\"Person\",\"@id\":\"https:\\\/\\\/peter-faessler.spschweiz.ch\\\/#\\\/schema\\\/person\\\/7ac2f764b1930b731c670e8a2393b60e\",\"name\":\"Peter F\u00e4ssler\",\"image\":{\"@type\":\"ImageObject\",\"inLanguage\":\"de\",\"@id\":\"https:\\\/\\\/secure.gravatar.com\\\/avatar\\\/9da8604da19b11812517d76f206166d47c5e180a26df2de36b8649168e128572?s=96&d=blank&r=g\",\"url\":\"https:\\\/\\\/secure.gravatar.com\\\/avatar\\\/9da8604da19b11812517d76f206166d47c5e180a26df2de36b8649168e128572?s=96&d=blank&r=g\",\"contentUrl\":\"https:\\\/\\\/secure.gravatar.com\\\/avatar\\\/9da8604da19b11812517d76f206166d47c5e180a26df2de36b8649168e128572?s=96&d=blank&r=g\",\"caption\":\"Peter F\u00e4ssler\"},\"description\":\"Peter F\u00e4ssler Schibiweg 7 6006 Luzern\",\"sameAs\":[\"www.facebook.com\\\/peter.fassler.31\",\"https:\\\/\\\/www.instagram.com\\\/peter.fassler.31\\\/\",\"https:\\\/\\\/www.linkedin.com\\\/in\\\/peter-fssler-2518a782\\\/\",\"https:\\\/\\\/x.com\\\/pfaessler56\"],\"url\":\"https:\\\/\\\/peter-faessler.spschweiz.ch\\\/?author=19\"}]}<\/script>\n<!-- \/ Yoast SEO plugin. -->","yoast_head_json":{"title":"M\u00e4rz-Session des Kantonsrats Kanton Luzern vom 25. und 26.03.2019, 2. Sessionstag - Peter F\u00e4ssler","robots":{"index":"index","follow":"follow","max-snippet":"max-snippet:-1","max-image-preview":"max-image-preview:large","max-video-preview":"max-video-preview:-1"},"canonical":"https:\/\/peter-faessler.spschweiz.ch\/?p=2455","og_locale":"de_DE","og_type":"article","og_title":"M\u00e4rz-Session des Kantonsrats Kanton Luzern vom 25. und 26.03.2019, 2. Sessionstag - Peter F\u00e4ssler","og_description":"Der zweite und letzte Sessionstag geht weiter mit den Vorst\u00f6ssen laut Traktandenliste Information: Es liegt eine Beschwerde betreffend AFR 18 beim\u00a0 Bundesgericht vor. Die dringlichen...","og_url":"https:\/\/peter-faessler.spschweiz.ch\/?p=2455","og_site_name":"Peter F\u00e4ssler","article_author":"www.facebook.com\/peter.fassler.31","article_published_time":"2019-03-26T07:52:58+00:00","article_modified_time":"2019-03-26T14:05:31+00:00","og_image":[{"url":"http:\/\/peter-faessler.spschweiz.ch\/wp-content\/uploads\/sites\/15\/2019\/01\/pf1-PK_Peter_Faessler_Page_1-213x300.png","type":"","width":"","height":""}],"author":"Peter F\u00e4ssler","twitter_misc":{"Verfasst von":"Peter F\u00e4ssler","Gesch\u00e4tzte Lesezeit":"5\u00a0Minuten"},"schema":{"@context":"https:\/\/schema.org","@graph":[{"@type":"Article","@id":"https:\/\/peter-faessler.spschweiz.ch\/?p=2455#article","isPartOf":{"@id":"https:\/\/peter-faessler.spschweiz.ch\/?p=2455"},"author":{"name":"Peter F\u00e4ssler","@id":"https:\/\/peter-faessler.spschweiz.ch\/#\/schema\/person\/7ac2f764b1930b731c670e8a2393b60e"},"headline":"M\u00e4rz-Session des Kantonsrats Kanton Luzern vom 25. und 26.03.2019, 2. Sessionstag","datePublished":"2019-03-26T07:52:58+00:00","dateModified":"2019-03-26T14:05:31+00:00","mainEntityOfPage":{"@id":"https:\/\/peter-faessler.spschweiz.ch\/?p=2455"},"wordCount":1099,"commentCount":1,"image":{"@id":"https:\/\/peter-faessler.spschweiz.ch\/?p=2455#primaryimage"},"thumbnailUrl":"http:\/\/peter-faessler.spschweiz.ch\/wp-content\/uploads\/sites\/15\/2019\/01\/pf1-PK_Peter_Faessler_Page_1-213x300.png","keywords":["Kanton Luzern","Kantonsrat","Kantonsrat Kanton Luzern","Kantonsratssession","Parlament","Politik","Session","SP","Vorstoss Kantonsrat"],"articleSection":["Kantonsrat Luzern","Kantonsratsession","Parlament","Politik","Session Kantonsrat Luzern","SP Kriens","Vorstoss Kantonsrat"],"inLanguage":"de","potentialAction":[{"@type":"CommentAction","name":"Comment","target":["https:\/\/peter-faessler.spschweiz.ch\/?p=2455#respond"]}]},{"@type":"WebPage","@id":"https:\/\/peter-faessler.spschweiz.ch\/?p=2455","url":"https:\/\/peter-faessler.spschweiz.ch\/?p=2455","name":"M\u00e4rz-Session des Kantonsrats Kanton Luzern vom 25. und 26.03.2019, 2. Sessionstag - Peter F\u00e4ssler","isPartOf":{"@id":"https:\/\/peter-faessler.spschweiz.ch\/#website"},"primaryImageOfPage":{"@id":"https:\/\/peter-faessler.spschweiz.ch\/?p=2455#primaryimage"},"image":{"@id":"https:\/\/peter-faessler.spschweiz.ch\/?p=2455#primaryimage"},"thumbnailUrl":"http:\/\/peter-faessler.spschweiz.ch\/wp-content\/uploads\/sites\/15\/2019\/01\/pf1-PK_Peter_Faessler_Page_1-213x300.png","datePublished":"2019-03-26T07:52:58+00:00","dateModified":"2019-03-26T14:05:31+00:00","author":{"@id":"https:\/\/peter-faessler.spschweiz.ch\/#\/schema\/person\/7ac2f764b1930b731c670e8a2393b60e"},"breadcrumb":{"@id":"https:\/\/peter-faessler.spschweiz.ch\/?p=2455#breadcrumb"},"inLanguage":"de","potentialAction":[{"@type":"ReadAction","target":["https:\/\/peter-faessler.spschweiz.ch\/?p=2455"]}]},{"@type":"ImageObject","inLanguage":"de","@id":"https:\/\/peter-faessler.spschweiz.ch\/?p=2455#primaryimage","url":"https:\/\/peter-faessler.spschweiz.ch\/wp-content\/uploads\/sites\/15\/2019\/01\/pf1-PK_Peter_Faessler_Page_1.png","contentUrl":"https:\/\/peter-faessler.spschweiz.ch\/wp-content\/uploads\/sites\/15\/2019\/01\/pf1-PK_Peter_Faessler_Page_1.png","width":826,"height":1165},{"@type":"BreadcrumbList","@id":"https:\/\/peter-faessler.spschweiz.ch\/?p=2455#breadcrumb","itemListElement":[{"@type":"ListItem","position":1,"name":"Startseite","item":"https:\/\/peter-faessler.spschweiz.ch\/"},{"@type":"ListItem","position":2,"name":"M\u00e4rz-Session des Kantonsrats Kanton Luzern vom 25. und 26.03.2019, 2. Sessionstag"}]},{"@type":"WebSite","@id":"https:\/\/peter-faessler.spschweiz.ch\/#website","url":"https:\/\/peter-faessler.spschweiz.ch\/","name":"Peter F\u00e4ssler","description":"SP Kantonsrat Kanton Luzern","potentialAction":[{"@type":"SearchAction","target":{"@type":"EntryPoint","urlTemplate":"https:\/\/peter-faessler.spschweiz.ch\/?s={search_term_string}"},"query-input":{"@type":"PropertyValueSpecification","valueRequired":true,"valueName":"search_term_string"}}],"inLanguage":"de"},{"@type":"Person","@id":"https:\/\/peter-faessler.spschweiz.ch\/#\/schema\/person\/7ac2f764b1930b731c670e8a2393b60e","name":"Peter F\u00e4ssler","image":{"@type":"ImageObject","inLanguage":"de","@id":"https:\/\/secure.gravatar.com\/avatar\/9da8604da19b11812517d76f206166d47c5e180a26df2de36b8649168e128572?s=96&d=blank&r=g","url":"https:\/\/secure.gravatar.com\/avatar\/9da8604da19b11812517d76f206166d47c5e180a26df2de36b8649168e128572?s=96&d=blank&r=g","contentUrl":"https:\/\/secure.gravatar.com\/avatar\/9da8604da19b11812517d76f206166d47c5e180a26df2de36b8649168e128572?s=96&d=blank&r=g","caption":"Peter F\u00e4ssler"},"description":"Peter F\u00e4ssler Schibiweg 7 6006 Luzern","sameAs":["www.facebook.com\/peter.fassler.31","https:\/\/www.instagram.com\/peter.fassler.31\/","https:\/\/www.linkedin.com\/in\/peter-fssler-2518a782\/","https:\/\/x.com\/pfaessler56"],"url":"https:\/\/peter-faessler.spschweiz.ch\/?author=19"}]}},"_links":{"self":[{"href":"https:\/\/peter-faessler.spschweiz.ch\/index.php?rest_route=\/wp\/v2\/posts\/2455","targetHints":{"allow":["GET"]}}],"collection":[{"href":"https:\/\/peter-faessler.spschweiz.ch\/index.php?rest_route=\/wp\/v2\/posts"}],"about":[{"href":"https:\/\/peter-faessler.spschweiz.ch\/index.php?rest_route=\/wp\/v2\/types\/post"}],"author":[{"embeddable":true,"href":"https:\/\/peter-faessler.spschweiz.ch\/index.php?rest_route=\/wp\/v2\/users\/19"}],"replies":[{"embeddable":true,"href":"https:\/\/peter-faessler.spschweiz.ch\/index.php?rest_route=%2Fwp%2Fv2%2Fcomments&post=2455"}],"version-history":[{"count":35,"href":"https:\/\/peter-faessler.spschweiz.ch\/index.php?rest_route=\/wp\/v2\/posts\/2455\/revisions"}],"predecessor-version":[{"id":2495,"href":"https:\/\/peter-faessler.spschweiz.ch\/index.php?rest_route=\/wp\/v2\/posts\/2455\/revisions\/2495"}],"wp:attachment":[{"href":"https:\/\/peter-faessler.spschweiz.ch\/index.php?rest_route=%2Fwp%2Fv2%2Fmedia&parent=2455"}],"wp:term":[{"taxonomy":"category","embeddable":true,"href":"https:\/\/peter-faessler.spschweiz.ch\/index.php?rest_route=%2Fwp%2Fv2%2Fcategories&post=2455"},{"taxonomy":"post_tag","embeddable":true,"href":"https:\/\/peter-faessler.spschweiz.ch\/index.php?rest_route=%2Fwp%2Fv2%2Ftags&post=2455"}],"curies":[{"name":"wp","href":"https:\/\/api.w.org\/{rel}","templated":true}]}}