{"id":248,"date":"2015-12-08T06:59:59","date_gmt":"2015-12-08T05:59:59","guid":{"rendered":"http:\/\/peter-faessler.spschweiz.ch\/?p=248"},"modified":"2015-12-11T20:03:56","modified_gmt":"2015-12-11T19:03:56","slug":"kantonsrat-luzern-session-vom-30-11-01-12-und-07-12-2015","status":"publish","type":"post","link":"https:\/\/peter-faessler.spschweiz.ch\/?p=248","title":{"rendered":"Kantonsrat Luzern: Session vom 30.11., 01.12. und 07.12.2015"},"content":{"rendered":"<p>Die letzte Session des Kantonsrates Luzern im 2015 hatte es in sich. Ganze zweieinhalb Tage berieten wir nur \u00fcber den Aufgaben- und Finanzplan 2016-2019 und \u00fcber das Budget 2016. Meine Bilanz f\u00e4llt durchzogen aus.<\/p>\n<p>Beim <a href=\"http:\/\/www.lu.ch\/-\/media\/Kanton\/Dokumente\/FD\/Projekte_und_Themen\/Finanzen\/AFP_2016_2019\/AFP_2016_2019.pdf?la=de-CH\" target=\"_blank\">Aufgaben- und Finanzplan 2016-2019 (B 18)<\/a> konnten wir von der SP Fraktion zusammen mit den Gr\u00fcnen und der CVP in den Bereichen Bildung und Sicherheit einige unsinnige Sparmassnahmen abwenden. Der Aufgaben- und Finanzplan ist ein Teil des Planungs- und F\u00fchrungssystem des Kantons Luzern. Insgesamt wurden \u00fcber 50 Antr\u00e4ge zu diesem Gesch\u00e4ft eingereicht. Mir fiel die Aufgabe zu, mich f\u00fcr die Ablehnung der folgenden Bemerkung der PFK (Planungs- und Finanzkommission) einzusetzen: Die Erh\u00f6hung Pensum Datenschutzbeauftragten ist zu \u00fcberpr\u00fcfen. In meinem Votum (<a href=\"http:\/\/peter-faessler.spschweiz.ch\/wp-content\/uploads\/sites\/15\/2015\/12\/B-18-A-AFP-2016-2019-Datenschutzbeauftragte-Homepage.pdf\" target=\"_blank\">AFP Datenschutzbeauftragte<\/a><a href=\"http:\/\/peter-faessler.spschweiz.ch\/wp-content\/uploads\/sites\/15\/2015\/12\/B-18-A-AFP-2016-2019-Datenschutzbeauftragte.pdf\">)<\/a> berief ich mich auf die schon seit \u00fcber 10 Jahren prek\u00e4ren personellen Ressourcen beim kantonalen Datenschutzbeauftragten. Und dass er dadurch seine Arbeit nicht mehr gesetzeskonform erledigen kann. Leider fand mein Antrag auf Ablehnung keine Mehrheit. Doch auch der gesamte Aufgaben- und Finanzplan 2016-2019 wurde am Schluss vom Kantonsrat abgelehnt. Zufrieden war keine der Fraktionen mit ihm.<\/p>\n<p>Anschliessend wurde \u00fcber das Budget 2016 debattiert. Wiederum mit etwa 50 Antr\u00e4gen. Auch hier erreichten wir mit einer Links-Mitte-Allianz, dass im Bereich Bildung und bei der Polizei die Sparmassnahmen moderater ausfielen. So wurden die K\u00fcrzungen der Polizeipatroulien abgewendet. Auch mein Antrag, das Globalbudget der Polizei um 120&#8217;000 Franken zu erh\u00f6hen und damit auf die Streichung der Bewachung von Kantonsrat und Gerichten zu verzichten, fand eine Mehrheit. In meinem Votum (<a href=\"http:\/\/peter-faessler.spschweiz.ch\/wp-content\/uploads\/sites\/15\/2015\/12\/B-18-B-AFP-2016-2019-Polizei-Bewachung-KR-und-Gerichte-Homepage.pdf\" target=\"_blank\">Budget Polizei Bewachung KR und Gerichte<\/a>) betonte ich vor allem, dass die Sicherheit beim Gericht unbedingt gew\u00e4hrleistet sein muss.<\/p>\n<p>Bei der Budgetdebatte setzte ich mich im Weiteren ein f\u00fcr die Erh\u00f6hung des Personaletats um 150&#8217;000 Franken f\u00fcr den Datenschutzbeauftragten. Leider blieb mein Votum (<a href=\"http:\/\/peter-faessler.spschweiz.ch\/wp-content\/uploads\/sites\/15\/2015\/12\/B-18-B-AFP-2016-2019-Datenschutzbeauftragte-Homepage.pdf\" target=\"_blank\">Budget Datenschutzbeauftragte<\/a>) erfolglos. Die Aufstockung der Ressourcen wird somit weiter vor sich her geschoben.<\/p>\n<p>Leider konnten wir die weiteren Leistungsk\u00fcrzungen im Behindertenbereich, bei den Pr\u00e4mienverbilligungen und im Bildungsbereich (Zwangsferien) nicht verhindern. Das Budget wurde mit 89 zu 23 Stimm<a href=\"http:\/\/peter-faessler.spschweiz.ch\/wp-content\/uploads\/sites\/15\/2015\/12\/DSC_0132.jpg\"><img loading=\"lazy\" decoding=\"async\" class=\"alignleft wp-image-274 size-medium\" src=\"http:\/\/peter-faessler.spschweiz.ch\/wp-content\/uploads\/sites\/15\/2015\/12\/DSC_0132-300x169.jpg\" alt=\"DSC_0132\" width=\"300\" height=\"169\" srcset=\"https:\/\/peter-faessler.spschweiz.ch\/wp-content\/uploads\/sites\/15\/2015\/12\/DSC_0132-300x169.jpg 300w, https:\/\/peter-faessler.spschweiz.ch\/wp-content\/uploads\/sites\/15\/2015\/12\/DSC_0132-1024x576.jpg 1024w\" sizes=\"auto, (max-width: 300px) 100vw, 300px\" \/><\/a>en angenommen. Trotzdem kamen wir in der Fraktion zum Schluss, in den letzten 5 Jahren noch nie so viel erreicht zu haben. Wir sp\u00fcrten auch, dass bei der CVP offenbar ein Umdenken in Sachen Finanzen im Gange ist. Pl\u00f6tzlich wird auch erwogen, dass der Kanton Luzern auch ein Einnahmenproblem haben k\u00f6nnte. Dies sind v\u00f6llig neue T\u00f6ne von dieser Seite, die wir mit Erstaunen und Freude wahrnehmen.<\/p>\n<p>Gefreut haben mich die zahlreichen Menschen am ersten Tag der Budged-Debatte, die vor dem Regierungsratsgeb\u00e4ude lautstark protestiert haben. Es tut gut zu wissen, f\u00fcr was und f\u00fcr wen wir uns einsetzen. Dass Mobilisierung und sich f\u00fcr eine Sache einsetzen erfolgreich sein kann, sahen wir bei der Grafikklasse, die nicht geschlossen wird.<\/p>\n<p>Es wurden nat\u00fcrlich auch noch weitere Gesch\u00e4fte behandelt. Ich vertrat im Rat die <a href=\"http:\/\/www.lu.ch\/downloads\/lu\/kr\/botschaften\/2015-2019\/b_011.pdf\" target=\"_blank\">Botschaft B 11 \u00fcber die Zulassung zu Sachwaltermandaten<\/a>. Es geht darin um eine Vereinfachung der Zulassung zu Sachwaltermandaten in genau festgelegten Situationen. Dadurch k\u00f6nnen gerichtliche Nachlassverfahren von Privatpersonen ohne Konkursbetreibungen, die nach einnehmlichen privaten Schuldensanierungen abgewickelt werden, auch von Fachpersonen ohne Sachwalterpatent durchgef\u00fchrt werden k\u00f6nnen. Dieses Gesch\u00e4ft war in der Kommission und im Rat unbestritten und wurde angenommen. (Mein Votum <a href=\"http:\/\/peter-faessler.spschweiz.ch\/wp-content\/uploads\/sites\/15\/2015\/12\/B-11-Sachwaltermandate-Homepage.pdf\" target=\"_blank\">Sachwaltermandate<\/a>.)<\/p>\n<p>Und dann wurde nach zweimaligem Verschieben doch noch meine Motion M7 \u00fcber einen modifizierten Planungsbericht \u00fcber den Schutz vor Naturgefahren behandelt.\u00a0 Eingereicht hatte ich diese Motion als dringlich im Juni 2015. Sogar das Fernsehen SRF berichtete in der Sendung <a href=\"http:\/\/www.srf.ch\/play\/tv\/schweiz-aktuell\/video\/hochwasserschutz-mittel-fehlen?id=de62dd0d-69e9-42c8-ab42-5b45e77c7402\" target=\"_blank\">Schweiz aktuell<\/a> dar\u00fcber. Nat\u00fcrlich war das Thema jetzt im Dezember 2015 nicht mehr so aktuell wie im Sommer. Doch die Problematik ist nach wie vor aktuell. Ich bin weiterhin der Meinung, dass die finanziellen Mittel f\u00fcr den Schutz vor Naturgefahren verdoppelt werden sollen. So wie sie vor den letzten Spar\u00fcbungen budgetiert waren. Der Regierungsrat sah das nat\u00fcrlich anders, und der Kantonsrat auch. Auch die Umwandlung in ein Postulat hatte keinen Erfolg. (Mein Votum <a href=\"http:\/\/peter-faessler.spschweiz.ch\/wp-content\/uploads\/sites\/15\/2015\/12\/M-7-Dezember-Schutz-vor-Naturgefahren-Votum-151205.pdf\" target=\"_blank\">Schutz vor Naturgefahren<\/a>.)<\/p>\n<p>Und hier noch der\u00a0<a href=\"http:\/\/peter-faessler.spschweiz.ch\/wp-content\/uploads\/sites\/15\/2015\/12\/Newsletter-KR-Fraktion_Budgetdebatte.pdf\" target=\"_blank\">Newsletter<\/a> zur Budgetdebatte der SP Fraktion im Kantonsrat Luzern.<\/p>\n<div style=\"width: 0;height: 0\"><\/div>\n<div style=\"width: 0;height: 0\"><\/div>\n<div style=\"width: 0;height: 0\"><\/div>\n<div style=\"width: 0;height: 0\"><\/div>\n<div style=\"width: 0;height: 0\"><\/div>\n<div style=\"width: 0;height: 0\"><\/div>\n<div style=\"width: 0;height: 0\"><\/div>\n<div style=\"width: 0;height: 0\"><\/div>\n<div style=\"width: 0;height: 0\"><\/div>\n<div style=\"width: 0;height: 0\"><\/div>\n<div style=\"width: 0;height: 0\"><\/div>\n<div style=\"width: 0;height: 0\"><\/div>\n<div style=\"width: 0;height: 0\"><\/div>\n<div style=\"width: 0;height: 0\"><\/div>\n<div style=\"width: 0;height: 0\"><\/div>\n<div style=\"width: 0;height: 0\"><\/div>\n<div style=\"width: 0;height: 0\"><\/div>\n<div style=\"width: 0;height: 0\"><\/div>\n<div style=\"width: 0;height: 0\"><\/div>\n<div style=\"width: 0;height: 0\"><\/div>\n<div style=\"width: 0;height: 0\"><\/div>\n<div style=\"width: 0;height: 0\"><\/div>\n<div style=\"width: 0;height: 0\"><\/div>\n","protected":false},"excerpt":{"rendered":"<p>Die letzte Session des Kantonsrates Luzern im 2015 hatte es in sich. Ganze zweieinhalb Tage berieten wir nur \u00fcber den Aufgaben- und Finanzplan 2016-2019 und&#8230;<\/p>\n","protected":false},"author":19,"featured_media":0,"comment_status":"open","ping_status":"open","sticky":false,"template":"","format":"standard","meta":{"footnotes":""},"categories":[1],"tags":[],"class_list":["post-248","post","type-post","status-publish","format-standard","hentry","category-sp-kriens"],"yoast_head":"<!-- This site is optimized with the Yoast SEO plugin v27.5 - https:\/\/yoast.com\/product\/yoast-seo-wordpress\/ -->\n<title>Kantonsrat Luzern: Session vom 30.11., 01.12. und 07.12.2015 - Peter F\u00e4ssler<\/title>\n<meta name=\"robots\" content=\"index, follow, max-snippet:-1, max-image-preview:large, max-video-preview:-1\" \/>\n<link rel=\"canonical\" href=\"https:\/\/peter-faessler.spschweiz.ch\/?p=248\" \/>\n<meta property=\"og:locale\" content=\"de_DE\" \/>\n<meta property=\"og:type\" content=\"article\" \/>\n<meta property=\"og:title\" content=\"Kantonsrat Luzern: Session vom 30.11., 01.12. und 07.12.2015 - Peter F\u00e4ssler\" \/>\n<meta property=\"og:description\" content=\"Die letzte Session des Kantonsrates Luzern im 2015 hatte es in sich. Ganze zweieinhalb Tage berieten wir nur \u00fcber den Aufgaben- und Finanzplan 2016-2019 und...\" \/>\n<meta property=\"og:url\" content=\"https:\/\/peter-faessler.spschweiz.ch\/?p=248\" \/>\n<meta property=\"og:site_name\" content=\"Peter F\u00e4ssler\" \/>\n<meta property=\"article:author\" content=\"www.facebook.com\/peter.fassler.31\" \/>\n<meta property=\"article:published_time\" content=\"2015-12-08T05:59:59+00:00\" \/>\n<meta property=\"article:modified_time\" content=\"2015-12-11T19:03:56+00:00\" \/>\n<meta property=\"og:image\" content=\"http:\/\/peter-faessler.spschweiz.ch\/wp-content\/uploads\/sites\/15\/2015\/12\/DSC_0132-300x169.jpg\" \/>\n<meta name=\"author\" content=\"Peter F\u00e4ssler\" \/>\n<meta name=\"twitter:label1\" content=\"Verfasst von\" \/>\n\t<meta name=\"twitter:data1\" content=\"Peter F\u00e4ssler\" \/>\n\t<meta name=\"twitter:label2\" content=\"Gesch\u00e4tzte Lesezeit\" \/>\n\t<meta name=\"twitter:data2\" content=\"3\u00a0Minuten\" \/>\n<script type=\"application\/ld+json\" class=\"yoast-schema-graph\">{\"@context\":\"https:\\\/\\\/schema.org\",\"@graph\":[{\"@type\":\"Article\",\"@id\":\"https:\\\/\\\/peter-faessler.spschweiz.ch\\\/?p=248#article\",\"isPartOf\":{\"@id\":\"https:\\\/\\\/peter-faessler.spschweiz.ch\\\/?p=248\"},\"author\":{\"name\":\"Peter F\u00e4ssler\",\"@id\":\"https:\\\/\\\/peter-faessler.spschweiz.ch\\\/#\\\/schema\\\/person\\\/7ac2f764b1930b731c670e8a2393b60e\"},\"headline\":\"Kantonsrat Luzern: Session vom 30.11., 01.12. und 07.12.2015\",\"datePublished\":\"2015-12-08T05:59:59+00:00\",\"dateModified\":\"2015-12-11T19:03:56+00:00\",\"mainEntityOfPage\":{\"@id\":\"https:\\\/\\\/peter-faessler.spschweiz.ch\\\/?p=248\"},\"wordCount\":671,\"commentCount\":0,\"image\":{\"@id\":\"https:\\\/\\\/peter-faessler.spschweiz.ch\\\/?p=248#primaryimage\"},\"thumbnailUrl\":\"http:\\\/\\\/peter-faessler.spschweiz.ch\\\/wp-content\\\/uploads\\\/sites\\\/15\\\/2015\\\/12\\\/DSC_0132-300x169.jpg\",\"articleSection\":[\"SP Kriens\"],\"inLanguage\":\"de\",\"potentialAction\":[{\"@type\":\"CommentAction\",\"name\":\"Comment\",\"target\":[\"https:\\\/\\\/peter-faessler.spschweiz.ch\\\/?p=248#respond\"]}]},{\"@type\":\"WebPage\",\"@id\":\"https:\\\/\\\/peter-faessler.spschweiz.ch\\\/?p=248\",\"url\":\"https:\\\/\\\/peter-faessler.spschweiz.ch\\\/?p=248\",\"name\":\"Kantonsrat Luzern: Session vom 30.11., 01.12. und 07.12.2015 - Peter F\u00e4ssler\",\"isPartOf\":{\"@id\":\"https:\\\/\\\/peter-faessler.spschweiz.ch\\\/#website\"},\"primaryImageOfPage\":{\"@id\":\"https:\\\/\\\/peter-faessler.spschweiz.ch\\\/?p=248#primaryimage\"},\"image\":{\"@id\":\"https:\\\/\\\/peter-faessler.spschweiz.ch\\\/?p=248#primaryimage\"},\"thumbnailUrl\":\"http:\\\/\\\/peter-faessler.spschweiz.ch\\\/wp-content\\\/uploads\\\/sites\\\/15\\\/2015\\\/12\\\/DSC_0132-300x169.jpg\",\"datePublished\":\"2015-12-08T05:59:59+00:00\",\"dateModified\":\"2015-12-11T19:03:56+00:00\",\"author\":{\"@id\":\"https:\\\/\\\/peter-faessler.spschweiz.ch\\\/#\\\/schema\\\/person\\\/7ac2f764b1930b731c670e8a2393b60e\"},\"breadcrumb\":{\"@id\":\"https:\\\/\\\/peter-faessler.spschweiz.ch\\\/?p=248#breadcrumb\"},\"inLanguage\":\"de\",\"potentialAction\":[{\"@type\":\"ReadAction\",\"target\":[\"https:\\\/\\\/peter-faessler.spschweiz.ch\\\/?p=248\"]}]},{\"@type\":\"ImageObject\",\"inLanguage\":\"de\",\"@id\":\"https:\\\/\\\/peter-faessler.spschweiz.ch\\\/?p=248#primaryimage\",\"url\":\"http:\\\/\\\/peter-faessler.spschweiz.ch\\\/wp-content\\\/uploads\\\/sites\\\/15\\\/2015\\\/12\\\/DSC_0132-300x169.jpg\",\"contentUrl\":\"http:\\\/\\\/peter-faessler.spschweiz.ch\\\/wp-content\\\/uploads\\\/sites\\\/15\\\/2015\\\/12\\\/DSC_0132-300x169.jpg\"},{\"@type\":\"BreadcrumbList\",\"@id\":\"https:\\\/\\\/peter-faessler.spschweiz.ch\\\/?p=248#breadcrumb\",\"itemListElement\":[{\"@type\":\"ListItem\",\"position\":1,\"name\":\"Startseite\",\"item\":\"https:\\\/\\\/peter-faessler.spschweiz.ch\\\/\"},{\"@type\":\"ListItem\",\"position\":2,\"name\":\"Kantonsrat Luzern: Session vom 30.11., 01.12. und 07.12.2015\"}]},{\"@type\":\"WebSite\",\"@id\":\"https:\\\/\\\/peter-faessler.spschweiz.ch\\\/#website\",\"url\":\"https:\\\/\\\/peter-faessler.spschweiz.ch\\\/\",\"name\":\"Peter F\u00e4ssler\",\"description\":\"SP Kantonsrat Kanton Luzern\",\"potentialAction\":[{\"@type\":\"SearchAction\",\"target\":{\"@type\":\"EntryPoint\",\"urlTemplate\":\"https:\\\/\\\/peter-faessler.spschweiz.ch\\\/?s={search_term_string}\"},\"query-input\":{\"@type\":\"PropertyValueSpecification\",\"valueRequired\":true,\"valueName\":\"search_term_string\"}}],\"inLanguage\":\"de\"},{\"@type\":\"Person\",\"@id\":\"https:\\\/\\\/peter-faessler.spschweiz.ch\\\/#\\\/schema\\\/person\\\/7ac2f764b1930b731c670e8a2393b60e\",\"name\":\"Peter F\u00e4ssler\",\"image\":{\"@type\":\"ImageObject\",\"inLanguage\":\"de\",\"@id\":\"https:\\\/\\\/secure.gravatar.com\\\/avatar\\\/9da8604da19b11812517d76f206166d47c5e180a26df2de36b8649168e128572?s=96&d=blank&r=g\",\"url\":\"https:\\\/\\\/secure.gravatar.com\\\/avatar\\\/9da8604da19b11812517d76f206166d47c5e180a26df2de36b8649168e128572?s=96&d=blank&r=g\",\"contentUrl\":\"https:\\\/\\\/secure.gravatar.com\\\/avatar\\\/9da8604da19b11812517d76f206166d47c5e180a26df2de36b8649168e128572?s=96&d=blank&r=g\",\"caption\":\"Peter F\u00e4ssler\"},\"description\":\"Peter F\u00e4ssler Schibiweg 7 6006 Luzern\",\"sameAs\":[\"www.facebook.com\\\/peter.fassler.31\",\"https:\\\/\\\/www.instagram.com\\\/peter.fassler.31\\\/\",\"https:\\\/\\\/www.linkedin.com\\\/in\\\/peter-fssler-2518a782\\\/\",\"https:\\\/\\\/x.com\\\/pfaessler56\"],\"url\":\"https:\\\/\\\/peter-faessler.spschweiz.ch\\\/?author=19\"}]}<\/script>\n<!-- \/ Yoast SEO plugin. -->","yoast_head_json":{"title":"Kantonsrat Luzern: Session vom 30.11., 01.12. und 07.12.2015 - Peter F\u00e4ssler","robots":{"index":"index","follow":"follow","max-snippet":"max-snippet:-1","max-image-preview":"max-image-preview:large","max-video-preview":"max-video-preview:-1"},"canonical":"https:\/\/peter-faessler.spschweiz.ch\/?p=248","og_locale":"de_DE","og_type":"article","og_title":"Kantonsrat Luzern: Session vom 30.11., 01.12. und 07.12.2015 - Peter F\u00e4ssler","og_description":"Die letzte Session des Kantonsrates Luzern im 2015 hatte es in sich. Ganze zweieinhalb Tage berieten wir nur \u00fcber den Aufgaben- und Finanzplan 2016-2019 und...","og_url":"https:\/\/peter-faessler.spschweiz.ch\/?p=248","og_site_name":"Peter F\u00e4ssler","article_author":"www.facebook.com\/peter.fassler.31","article_published_time":"2015-12-08T05:59:59+00:00","article_modified_time":"2015-12-11T19:03:56+00:00","og_image":[{"url":"http:\/\/peter-faessler.spschweiz.ch\/wp-content\/uploads\/sites\/15\/2015\/12\/DSC_0132-300x169.jpg","type":"","width":"","height":""}],"author":"Peter F\u00e4ssler","twitter_misc":{"Verfasst von":"Peter F\u00e4ssler","Gesch\u00e4tzte Lesezeit":"3\u00a0Minuten"},"schema":{"@context":"https:\/\/schema.org","@graph":[{"@type":"Article","@id":"https:\/\/peter-faessler.spschweiz.ch\/?p=248#article","isPartOf":{"@id":"https:\/\/peter-faessler.spschweiz.ch\/?p=248"},"author":{"name":"Peter F\u00e4ssler","@id":"https:\/\/peter-faessler.spschweiz.ch\/#\/schema\/person\/7ac2f764b1930b731c670e8a2393b60e"},"headline":"Kantonsrat Luzern: Session vom 30.11., 01.12. und 07.12.2015","datePublished":"2015-12-08T05:59:59+00:00","dateModified":"2015-12-11T19:03:56+00:00","mainEntityOfPage":{"@id":"https:\/\/peter-faessler.spschweiz.ch\/?p=248"},"wordCount":671,"commentCount":0,"image":{"@id":"https:\/\/peter-faessler.spschweiz.ch\/?p=248#primaryimage"},"thumbnailUrl":"http:\/\/peter-faessler.spschweiz.ch\/wp-content\/uploads\/sites\/15\/2015\/12\/DSC_0132-300x169.jpg","articleSection":["SP Kriens"],"inLanguage":"de","potentialAction":[{"@type":"CommentAction","name":"Comment","target":["https:\/\/peter-faessler.spschweiz.ch\/?p=248#respond"]}]},{"@type":"WebPage","@id":"https:\/\/peter-faessler.spschweiz.ch\/?p=248","url":"https:\/\/peter-faessler.spschweiz.ch\/?p=248","name":"Kantonsrat Luzern: Session vom 30.11., 01.12. und 07.12.2015 - Peter F\u00e4ssler","isPartOf":{"@id":"https:\/\/peter-faessler.spschweiz.ch\/#website"},"primaryImageOfPage":{"@id":"https:\/\/peter-faessler.spschweiz.ch\/?p=248#primaryimage"},"image":{"@id":"https:\/\/peter-faessler.spschweiz.ch\/?p=248#primaryimage"},"thumbnailUrl":"http:\/\/peter-faessler.spschweiz.ch\/wp-content\/uploads\/sites\/15\/2015\/12\/DSC_0132-300x169.jpg","datePublished":"2015-12-08T05:59:59+00:00","dateModified":"2015-12-11T19:03:56+00:00","author":{"@id":"https:\/\/peter-faessler.spschweiz.ch\/#\/schema\/person\/7ac2f764b1930b731c670e8a2393b60e"},"breadcrumb":{"@id":"https:\/\/peter-faessler.spschweiz.ch\/?p=248#breadcrumb"},"inLanguage":"de","potentialAction":[{"@type":"ReadAction","target":["https:\/\/peter-faessler.spschweiz.ch\/?p=248"]}]},{"@type":"ImageObject","inLanguage":"de","@id":"https:\/\/peter-faessler.spschweiz.ch\/?p=248#primaryimage","url":"http:\/\/peter-faessler.spschweiz.ch\/wp-content\/uploads\/sites\/15\/2015\/12\/DSC_0132-300x169.jpg","contentUrl":"http:\/\/peter-faessler.spschweiz.ch\/wp-content\/uploads\/sites\/15\/2015\/12\/DSC_0132-300x169.jpg"},{"@type":"BreadcrumbList","@id":"https:\/\/peter-faessler.spschweiz.ch\/?p=248#breadcrumb","itemListElement":[{"@type":"ListItem","position":1,"name":"Startseite","item":"https:\/\/peter-faessler.spschweiz.ch\/"},{"@type":"ListItem","position":2,"name":"Kantonsrat Luzern: Session vom 30.11., 01.12. und 07.12.2015"}]},{"@type":"WebSite","@id":"https:\/\/peter-faessler.spschweiz.ch\/#website","url":"https:\/\/peter-faessler.spschweiz.ch\/","name":"Peter F\u00e4ssler","description":"SP Kantonsrat Kanton Luzern","potentialAction":[{"@type":"SearchAction","target":{"@type":"EntryPoint","urlTemplate":"https:\/\/peter-faessler.spschweiz.ch\/?s={search_term_string}"},"query-input":{"@type":"PropertyValueSpecification","valueRequired":true,"valueName":"search_term_string"}}],"inLanguage":"de"},{"@type":"Person","@id":"https:\/\/peter-faessler.spschweiz.ch\/#\/schema\/person\/7ac2f764b1930b731c670e8a2393b60e","name":"Peter F\u00e4ssler","image":{"@type":"ImageObject","inLanguage":"de","@id":"https:\/\/secure.gravatar.com\/avatar\/9da8604da19b11812517d76f206166d47c5e180a26df2de36b8649168e128572?s=96&d=blank&r=g","url":"https:\/\/secure.gravatar.com\/avatar\/9da8604da19b11812517d76f206166d47c5e180a26df2de36b8649168e128572?s=96&d=blank&r=g","contentUrl":"https:\/\/secure.gravatar.com\/avatar\/9da8604da19b11812517d76f206166d47c5e180a26df2de36b8649168e128572?s=96&d=blank&r=g","caption":"Peter F\u00e4ssler"},"description":"Peter F\u00e4ssler Schibiweg 7 6006 Luzern","sameAs":["www.facebook.com\/peter.fassler.31","https:\/\/www.instagram.com\/peter.fassler.31\/","https:\/\/www.linkedin.com\/in\/peter-fssler-2518a782\/","https:\/\/x.com\/pfaessler56"],"url":"https:\/\/peter-faessler.spschweiz.ch\/?author=19"}]}},"_links":{"self":[{"href":"https:\/\/peter-faessler.spschweiz.ch\/index.php?rest_route=\/wp\/v2\/posts\/248","targetHints":{"allow":["GET"]}}],"collection":[{"href":"https:\/\/peter-faessler.spschweiz.ch\/index.php?rest_route=\/wp\/v2\/posts"}],"about":[{"href":"https:\/\/peter-faessler.spschweiz.ch\/index.php?rest_route=\/wp\/v2\/types\/post"}],"author":[{"embeddable":true,"href":"https:\/\/peter-faessler.spschweiz.ch\/index.php?rest_route=\/wp\/v2\/users\/19"}],"replies":[{"embeddable":true,"href":"https:\/\/peter-faessler.spschweiz.ch\/index.php?rest_route=%2Fwp%2Fv2%2Fcomments&post=248"}],"version-history":[{"count":24,"href":"https:\/\/peter-faessler.spschweiz.ch\/index.php?rest_route=\/wp\/v2\/posts\/248\/revisions"}],"predecessor-version":[{"id":284,"href":"https:\/\/peter-faessler.spschweiz.ch\/index.php?rest_route=\/wp\/v2\/posts\/248\/revisions\/284"}],"wp:attachment":[{"href":"https:\/\/peter-faessler.spschweiz.ch\/index.php?rest_route=%2Fwp%2Fv2%2Fmedia&parent=248"}],"wp:term":[{"taxonomy":"category","embeddable":true,"href":"https:\/\/peter-faessler.spschweiz.ch\/index.php?rest_route=%2Fwp%2Fv2%2Fcategories&post=248"},{"taxonomy":"post_tag","embeddable":true,"href":"https:\/\/peter-faessler.spschweiz.ch\/index.php?rest_route=%2Fwp%2Fv2%2Ftags&post=248"}],"curies":[{"name":"wp","href":"https:\/\/api.w.org\/{rel}","templated":true}]}}