{"id":2550,"date":"2019-06-17T10:59:40","date_gmt":"2019-06-17T08:59:40","guid":{"rendered":"https:\/\/peter-faessler.spschweiz.ch\/?p=2550"},"modified":"2019-06-20T21:14:51","modified_gmt":"2019-06-20T19:14:51","slug":"bericht-aus-der-kantonsratssession-vom-17-juni-2019","status":"publish","type":"post","link":"https:\/\/peter-faessler.spschweiz.ch\/?p=2550","title":{"rendered":"Bericht aus der Kantonsratssession vom 17. Juni 2019"},"content":{"rendered":"<p><strong>Erster Sessionstag der Juni-Session 2019.<\/strong><\/p>\n<p><img loading=\"lazy\" decoding=\"async\" class=\"alignnone size-medium wp-image-2566\" src=\"http:\/\/peter-faessler.spschweiz.ch\/wp-content\/uploads\/sites\/15\/2019\/06\/DSC_4013b-300x182.jpg\" alt=\"\" width=\"300\" height=\"182\" srcset=\"https:\/\/peter-faessler.spschweiz.ch\/wp-content\/uploads\/sites\/15\/2019\/06\/DSC_4013b-300x182.jpg 300w, https:\/\/peter-faessler.spschweiz.ch\/wp-content\/uploads\/sites\/15\/2019\/06\/DSC_4013b-150x91.jpg 150w, https:\/\/peter-faessler.spschweiz.ch\/wp-content\/uploads\/sites\/15\/2019\/06\/DSC_4013b-768x467.jpg 768w, https:\/\/peter-faessler.spschweiz.ch\/wp-content\/uploads\/sites\/15\/2019\/06\/DSC_4013b-1024x622.jpg 1024w\" sizes=\"auto, (max-width: 300px) 100vw, 300px\" \/><\/p>\n<p>Hier ist die <a href=\"https:\/\/www.lu.ch\/kr\/sessionen\/sessionsdaten_2019\/detail?guid=eb4725b22a9048838e879191563a186c&amp;cal=76EC2D472DD4461BBBB06D15F032B660\" target=\"_blank\" rel=\"noopener noreferrer\">Traktandenliste<\/a> der Juni-Session 2019.<\/p>\n<p>Zusammenfassung und H\u00f6hepunkte des heutigen Tages.<\/p>\n<p>Der Kanton Luzern bewegt sich doch!: Oder doch nur ein Traum?<\/p>\n<p><img loading=\"lazy\" decoding=\"async\" class=\"alignnone size-medium wp-image-2557\" src=\"http:\/\/peter-faessler.spschweiz.ch\/wp-content\/uploads\/sites\/15\/2019\/06\/IMG-20190617-WA0001-225x300.jpg\" alt=\"\" width=\"225\" height=\"300\" srcset=\"https:\/\/peter-faessler.spschweiz.ch\/wp-content\/uploads\/sites\/15\/2019\/06\/IMG-20190617-WA0001-225x300.jpg 225w, https:\/\/peter-faessler.spschweiz.ch\/wp-content\/uploads\/sites\/15\/2019\/06\/IMG-20190617-WA0001-113x150.jpg 113w, https:\/\/peter-faessler.spschweiz.ch\/wp-content\/uploads\/sites\/15\/2019\/06\/IMG-20190617-WA0001-768x1024.jpg 768w, https:\/\/peter-faessler.spschweiz.ch\/wp-content\/uploads\/sites\/15\/2019\/06\/IMG-20190617-WA0001.jpg 1440w\" sizes=\"auto, (max-width: 225px) 100vw, 225px\" \/> <img loading=\"lazy\" decoding=\"async\" class=\"alignnone size-medium wp-image-2556\" src=\"http:\/\/peter-faessler.spschweiz.ch\/wp-content\/uploads\/sites\/15\/2019\/06\/IMG-20190617-WA0000-225x300.jpg\" alt=\"\" width=\"225\" height=\"300\" srcset=\"https:\/\/peter-faessler.spschweiz.ch\/wp-content\/uploads\/sites\/15\/2019\/06\/IMG-20190617-WA0000-225x300.jpg 225w, https:\/\/peter-faessler.spschweiz.ch\/wp-content\/uploads\/sites\/15\/2019\/06\/IMG-20190617-WA0000-113x150.jpg 113w, https:\/\/peter-faessler.spschweiz.ch\/wp-content\/uploads\/sites\/15\/2019\/06\/IMG-20190617-WA0000-768x1024.jpg 768w, https:\/\/peter-faessler.spschweiz.ch\/wp-content\/uploads\/sites\/15\/2019\/06\/IMG-20190617-WA0000.jpg 1440w\" sizes=\"auto, (max-width: 225px) 100vw, 225px\" \/><\/p>\n<p>Ein erstes Highlight des Tages ist die Rede des j\u00fcngsten Mitglieds des Kantonsrates. <a href=\"https:\/\/www.lu.ch\/kr\/mitglieder_und_organe\/mitglieder\/mitglieder_detail?Id=db7a2ae2bb9b46c5810e53bd896866b9&amp;Name=zbinden\" target=\"_blank\" rel=\"noopener noreferrer\">Samuel Zbinden<\/a> von den Gr\u00fcnen machte den Klimawandel zum Thema seiner Rede. Er m\u00f6chte, dass die Stimme der Jugend nicht nur auf den Strassen, sondern auch im Rat ihr Geh\u00f6r findet. Aber auch Gleichstellung ist ihm ein wichtiges Anliegen.<\/p>\n<p><img loading=\"lazy\" decoding=\"async\" class=\"size-medium wp-image-2559 alignleft\" src=\"http:\/\/peter-faessler.spschweiz.ch\/wp-content\/uploads\/sites\/15\/2019\/06\/Vicepr\u00e4s-Ylfete2-284x300.jpg\" alt=\"\" width=\"284\" height=\"300\" srcset=\"https:\/\/peter-faessler.spschweiz.ch\/wp-content\/uploads\/sites\/15\/2019\/06\/Vicepr\u00e4s-Ylfete2-284x300.jpg 284w, https:\/\/peter-faessler.spschweiz.ch\/wp-content\/uploads\/sites\/15\/2019\/06\/Vicepr\u00e4s-Ylfete2-142x150.jpg 142w, https:\/\/peter-faessler.spschweiz.ch\/wp-content\/uploads\/sites\/15\/2019\/06\/Vicepr\u00e4s-Ylfete2-768x810.jpg 768w, https:\/\/peter-faessler.spschweiz.ch\/wp-content\/uploads\/sites\/15\/2019\/06\/Vicepr\u00e4s-Ylfete2-971x1024.jpg 971w, https:\/\/peter-faessler.spschweiz.ch\/wp-content\/uploads\/sites\/15\/2019\/06\/Vicepr\u00e4s-Ylfete2.jpg 2032w\" sizes=\"auto, (max-width: 284px) 100vw, 284px\" \/>Mit spannend wurde das Ergebnis der Wahl des Kantonsratspr\u00e4sidiums erwartet. <a href=\"https:\/\/www.lu.ch\/kr\/mitglieder_und_organe\/mitglieder\/mitglieder_detail?Id=4cac59e6b303406d921282e5b0b32c35&amp;Firstname=ylfete\" target=\"_blank\" rel=\"noopener noreferrer\">Ylfete Fanay<\/a> von unserer Fraktion erreichte 91 von 119 Stimmen. <a href=\"https:\/\/www.lu.ch\/kr\/mitglieder_und_organe\/mitglieder\/mitglieder_detail?Id=2bcbc15691344ecbbe42cf98dcd7aa29&amp;Name=wyss\" target=\"_blank\" rel=\"noopener noreferrer\">Josef Wyss<\/a> aus Eschenbach wurde mit 90 von 119 Stimmen als Kantonsratspr\u00e4sident gew\u00e4hlt. Seine Gemeinde Eschenbach ehrte ihn mit einer gesanglichen Einlage.<\/p>\n<p>Die abtretende Kantonsratspr\u00e4sidentin Hildegard Meier sprach unter anderem dem Regierungsrat ins Gewissen, trotz der von vielen Luzernerinnen und Luzernern als ungl\u00fccklich empfunden Departements-Verteilung eine gute Zusammenarbeit zu pflegen.<\/p>\n<p>Das Ablegen des Eides der einen Kantonsr\u00e4tinnen und Kantonsr\u00e4te sowie das Ablegen des Gel\u00fcbtes der anderen R\u00e4tinnen und R\u00e4te ist jedes Mal ein bewegender Moment.<img loading=\"lazy\" decoding=\"async\" class=\"size-medium wp-image-2641 alignright\" src=\"http:\/\/peter-faessler.spschweiz.ch\/wp-content\/uploads\/sites\/15\/2019\/06\/Vereidigung-300x126.jpg\" alt=\"Bild: Willisauer Bote\" width=\"300\" height=\"126\" srcset=\"https:\/\/peter-faessler.spschweiz.ch\/wp-content\/uploads\/sites\/15\/2019\/06\/Vereidigung-300x126.jpg 300w, https:\/\/peter-faessler.spschweiz.ch\/wp-content\/uploads\/sites\/15\/2019\/06\/Vereidigung-150x63.jpg 150w, https:\/\/peter-faessler.spschweiz.ch\/wp-content\/uploads\/sites\/15\/2019\/06\/Vereidigung-768x323.jpg 768w, https:\/\/peter-faessler.spschweiz.ch\/wp-content\/uploads\/sites\/15\/2019\/06\/Vereidigung-1024x430.jpg 1024w\" sizes=\"auto, (max-width: 300px) 100vw, 300px\" \/><\/p>\n<p>Nach der Mittagspause kommen wir zu den Gesch\u00e4ften. Gesprochen habe ich zu Traktandum 24, <em><a href=\"https:\/\/www.lu.ch\/kr\/parlamentsgeschaefte\/detail?ges=c199833d517d42d789f2580da5c339b1&amp;back=1&amp;geschaeftsnr=P%20519&amp;art=-0-1-2-3&amp;bart=-0-1-2-3-4&amp;vart=-0-1-2-3&amp;wart=1&amp;gart=1&amp;status=-0-1\" target=\"_blank\" rel=\"noopener noreferrer\">P 519<\/a> Postulat Odermatt Markus und Mit. \u00fcber eine massvolle Umsetzung von Hochwasserschutzprojekten<\/em>. Ich bin darin mit der Regierung einverstanden, dass das Postulat wegen Erf\u00fcllung abgelehnt werden soll.<\/p>\n<p>Viel zu diskutieren gibt in Traktandum 25 die <em>Steuergesetzrevision 2010, Botschaft <a href=\"https:\/\/www.lu.ch\/kr\/parlamentsgeschaefte\/detail?ges=768dae7382854dd8a6d685f072411075&amp;back=1&amp;geschaeftsnr=b%20147&amp;art=-0-1-2-3&amp;bart=-0-1-2-3-4&amp;vart=-0-1-2-3&amp;wart=1&amp;gart=1&amp;status=-0-1\" target=\"_blank\" rel=\"noopener noreferrer\">B 147<\/a><\/em>. Alle Antr\u00e4ge von linker Seite werden abgelehnt. Die Vorlage wurde so stark verw\u00e4ssert, dass die SP Fraktion nicht mehr hinter dieser Steuerrevison stehen kann. Dies trotz einiger positiven Ans\u00e4tze. Die SP Fraktion enthielt sich bei der Abstimmung geschlossen der Stimme.<\/p>\n<div id=\"attachment_2579\" style=\"width: 310px\" class=\"wp-caption alignright\"><img loading=\"lazy\" decoding=\"async\" aria-describedby=\"caption-attachment-2579\" class=\"size-medium wp-image-2579\" src=\"http:\/\/peter-faessler.spschweiz.ch\/wp-content\/uploads\/sites\/15\/2019\/06\/Foto-LZ-300x169.jpeg\" alt=\"\" width=\"300\" height=\"169\" srcset=\"https:\/\/peter-faessler.spschweiz.ch\/wp-content\/uploads\/sites\/15\/2019\/06\/Foto-LZ-300x169.jpeg 300w, https:\/\/peter-faessler.spschweiz.ch\/wp-content\/uploads\/sites\/15\/2019\/06\/Foto-LZ-150x84.jpeg 150w, https:\/\/peter-faessler.spschweiz.ch\/wp-content\/uploads\/sites\/15\/2019\/06\/Foto-LZ.jpeg 618w\" sizes=\"auto, (max-width: 300px) 100vw, 300px\" \/><p id=\"caption-attachment-2579\" class=\"wp-caption-text\">Bild: Luzerner Zeitung 18.06.2019<\/p><\/div>\n<p>Mein erstes Votum als <a href=\"https:\/\/www.lu.ch\/kr\/mitglieder_und_organe\/kommissionen\/ruek\" target=\"_blank\" rel=\"noopener noreferrer\">RUEK<\/a>-Pr\u00e4sident halte ich bei Traktandum 27. In der Botschaft <em><a href=\"https:\/\/www.lu.ch\/kr\/parlamentsgeschaefte\/detail?ges=7e39262381784eb89edf933064d2b042&amp;back=1&amp;geschaeftsnr=b%20157&amp;art=-0-1-2-3&amp;bart=-0-1-2-3-4&amp;vart=-0-1-2-3&amp;wart=1&amp;gart=1&amp;status=-0-1\" target=\"_blank\" rel=\"noopener noreferrer\">B 157<\/a><\/em> geht es um die <em>Anpassung zur Abgabenbefreiung beim Mehrwertausgleich<\/em>. Der Kanton Luzern muss seine Regelung aufgrund eines Bundesgerichtsurteils bei der Freigrenze den Franken-Freibetrag k\u00fcrzen und den m2-Freibetrag streichen. Das Gesch\u00e4ft war in der Kommission unbestritten. Da der damalige Pr\u00e4sident nicht mehr im Rat ist, vertrete ich als neuer RUEK-Pr\u00e4sident das Gesch\u00e4ft f\u00fcr die Kommission.<\/p>\n<p>Im n\u00e4chsten Traktandum wird \u00fcber die Botschaft <em><a href=\"http:\/\/Regelungen f\u00fcr das Sexgewerbe; Entwurf \u00c4nderung des Gewerbepolizeigesetzes\" target=\"_blank\" rel=\"noopener noreferrer\">B 151<\/a> Regelung f\u00fcr das Sexgewerbe; Entwurf \u00c4nderung des Gewerbepolizeigesetzes<\/em>, debattiert. Um was geht es? Das Gewerbepolizeigesetz soll mit Bestimmungen zum Sexgewerbe erg\u00e4nzt werden. Das F\u00fchren eines Sexbetriebs soll k\u00fcnftig bewilligungspflichtig sein. Zudem erh\u00e4lt die Luzerner Polizei f\u00fcr Kontrollen Zugang zu solchen Betrieben. Das Gesetz zur Sexarbeit wurde 2015 nach der ersten Beratung im Rat abgelehnt.<\/p>\n<p>Die Debatte geht morgen weiter.<\/p>\n<table class=\"NormalTable\">\n<tbody>\n<tr>\n<td width=\"200\"><\/td>\n<\/tr>\n<\/tbody>\n<\/table>\n<p>&nbsp;<\/p>\n<p>&nbsp;<\/p>\n","protected":false},"excerpt":{"rendered":"<p>Erster Sessionstag der Juni-Session 2019. Hier ist die Traktandenliste der Juni-Session 2019. Zusammenfassung und H\u00f6hepunkte des heutigen Tages. Der Kanton Luzern bewegt sich doch!: Oder&#8230;<\/p>\n","protected":false},"author":19,"featured_media":2566,"comment_status":"open","ping_status":"open","sticky":false,"template":"","format":"standard","meta":{"footnotes":""},"categories":[22,23,30,21,25,1],"tags":[8,9,16,26,31,7,78],"class_list":["post-2550","post","type-post","status-publish","format-standard","has-post-thumbnail","hentry","category-kantonsrat-luzern","category-kantonsratsession","category-parlament","category-politik","category-session-kantonsrat-luzern","category-sp-kriens","tag-kanton-luzern","tag-kantonsrat","tag-kantonsrat-kanton-luzern","tag-kantonsratssession","tag-parlament","tag-politik","tag-ruek"],"yoast_head":"<!-- This site is optimized with the Yoast SEO plugin v27.5 - https:\/\/yoast.com\/product\/yoast-seo-wordpress\/ -->\n<title>Bericht aus der Kantonsratssession vom 17. Juni 2019 - Peter F\u00e4ssler<\/title>\n<meta name=\"robots\" content=\"index, follow, max-snippet:-1, max-image-preview:large, max-video-preview:-1\" \/>\n<link rel=\"canonical\" href=\"https:\/\/peter-faessler.spschweiz.ch\/?p=2550\" \/>\n<meta property=\"og:locale\" content=\"de_DE\" \/>\n<meta property=\"og:type\" content=\"article\" \/>\n<meta property=\"og:title\" content=\"Bericht aus der Kantonsratssession vom 17. Juni 2019 - Peter F\u00e4ssler\" \/>\n<meta property=\"og:description\" content=\"Erster Sessionstag der Juni-Session 2019. Hier ist die Traktandenliste der Juni-Session 2019. Zusammenfassung und H\u00f6hepunkte des heutigen Tages. Der Kanton Luzern bewegt sich doch!: Oder...\" \/>\n<meta property=\"og:url\" content=\"https:\/\/peter-faessler.spschweiz.ch\/?p=2550\" \/>\n<meta property=\"og:site_name\" content=\"Peter F\u00e4ssler\" \/>\n<meta property=\"article:author\" content=\"www.facebook.com\/peter.fassler.31\" \/>\n<meta property=\"article:published_time\" content=\"2019-06-17T08:59:40+00:00\" \/>\n<meta property=\"article:modified_time\" content=\"2019-06-20T19:14:51+00:00\" \/>\n<meta property=\"og:image\" content=\"https:\/\/peter-faessler.spschweiz.ch\/wp-content\/uploads\/sites\/15\/2019\/06\/DSC_4013b-1024x622.jpg\" \/>\n\t<meta property=\"og:image:width\" content=\"1024\" \/>\n\t<meta property=\"og:image:height\" content=\"622\" \/>\n\t<meta property=\"og:image:type\" content=\"image\/jpeg\" \/>\n<meta name=\"author\" content=\"Peter F\u00e4ssler\" \/>\n<meta name=\"twitter:label1\" content=\"Verfasst von\" \/>\n\t<meta name=\"twitter:data1\" content=\"Peter F\u00e4ssler\" \/>\n\t<meta name=\"twitter:label2\" content=\"Gesch\u00e4tzte Lesezeit\" \/>\n\t<meta name=\"twitter:data2\" content=\"2\u00a0Minuten\" \/>\n<script type=\"application\/ld+json\" class=\"yoast-schema-graph\">{\"@context\":\"https:\\\/\\\/schema.org\",\"@graph\":[{\"@type\":\"Article\",\"@id\":\"https:\\\/\\\/peter-faessler.spschweiz.ch\\\/?p=2550#article\",\"isPartOf\":{\"@id\":\"https:\\\/\\\/peter-faessler.spschweiz.ch\\\/?p=2550\"},\"author\":{\"name\":\"Peter F\u00e4ssler\",\"@id\":\"https:\\\/\\\/peter-faessler.spschweiz.ch\\\/#\\\/schema\\\/person\\\/7ac2f764b1930b731c670e8a2393b60e\"},\"headline\":\"Bericht aus der Kantonsratssession vom 17. Juni 2019\",\"datePublished\":\"2019-06-17T08:59:40+00:00\",\"dateModified\":\"2019-06-20T19:14:51+00:00\",\"mainEntityOfPage\":{\"@id\":\"https:\\\/\\\/peter-faessler.spschweiz.ch\\\/?p=2550\"},\"wordCount\":446,\"commentCount\":0,\"image\":{\"@id\":\"https:\\\/\\\/peter-faessler.spschweiz.ch\\\/?p=2550#primaryimage\"},\"thumbnailUrl\":\"https:\\\/\\\/peter-faessler.spschweiz.ch\\\/wp-content\\\/uploads\\\/sites\\\/15\\\/2019\\\/06\\\/DSC_4013b.jpg\",\"keywords\":[\"Kanton Luzern\",\"Kantonsrat\",\"Kantonsrat Kanton Luzern\",\"Kantonsratssession\",\"Parlament\",\"Politik\",\"RUEK\"],\"articleSection\":[\"Kantonsrat Luzern\",\"Kantonsratsession\",\"Parlament\",\"Politik\",\"Session Kantonsrat Luzern\",\"SP Kriens\"],\"inLanguage\":\"de\",\"potentialAction\":[{\"@type\":\"CommentAction\",\"name\":\"Comment\",\"target\":[\"https:\\\/\\\/peter-faessler.spschweiz.ch\\\/?p=2550#respond\"]}]},{\"@type\":\"WebPage\",\"@id\":\"https:\\\/\\\/peter-faessler.spschweiz.ch\\\/?p=2550\",\"url\":\"https:\\\/\\\/peter-faessler.spschweiz.ch\\\/?p=2550\",\"name\":\"Bericht aus der Kantonsratssession vom 17. Juni 2019 - Peter F\u00e4ssler\",\"isPartOf\":{\"@id\":\"https:\\\/\\\/peter-faessler.spschweiz.ch\\\/#website\"},\"primaryImageOfPage\":{\"@id\":\"https:\\\/\\\/peter-faessler.spschweiz.ch\\\/?p=2550#primaryimage\"},\"image\":{\"@id\":\"https:\\\/\\\/peter-faessler.spschweiz.ch\\\/?p=2550#primaryimage\"},\"thumbnailUrl\":\"https:\\\/\\\/peter-faessler.spschweiz.ch\\\/wp-content\\\/uploads\\\/sites\\\/15\\\/2019\\\/06\\\/DSC_4013b.jpg\",\"datePublished\":\"2019-06-17T08:59:40+00:00\",\"dateModified\":\"2019-06-20T19:14:51+00:00\",\"author\":{\"@id\":\"https:\\\/\\\/peter-faessler.spschweiz.ch\\\/#\\\/schema\\\/person\\\/7ac2f764b1930b731c670e8a2393b60e\"},\"breadcrumb\":{\"@id\":\"https:\\\/\\\/peter-faessler.spschweiz.ch\\\/?p=2550#breadcrumb\"},\"inLanguage\":\"de\",\"potentialAction\":[{\"@type\":\"ReadAction\",\"target\":[\"https:\\\/\\\/peter-faessler.spschweiz.ch\\\/?p=2550\"]}]},{\"@type\":\"ImageObject\",\"inLanguage\":\"de\",\"@id\":\"https:\\\/\\\/peter-faessler.spschweiz.ch\\\/?p=2550#primaryimage\",\"url\":\"https:\\\/\\\/peter-faessler.spschweiz.ch\\\/wp-content\\\/uploads\\\/sites\\\/15\\\/2019\\\/06\\\/DSC_4013b.jpg\",\"contentUrl\":\"https:\\\/\\\/peter-faessler.spschweiz.ch\\\/wp-content\\\/uploads\\\/sites\\\/15\\\/2019\\\/06\\\/DSC_4013b.jpg\",\"width\":3556,\"height\":2160},{\"@type\":\"BreadcrumbList\",\"@id\":\"https:\\\/\\\/peter-faessler.spschweiz.ch\\\/?p=2550#breadcrumb\",\"itemListElement\":[{\"@type\":\"ListItem\",\"position\":1,\"name\":\"Startseite\",\"item\":\"https:\\\/\\\/peter-faessler.spschweiz.ch\\\/\"},{\"@type\":\"ListItem\",\"position\":2,\"name\":\"Bericht aus der Kantonsratssession vom 17. Juni 2019\"}]},{\"@type\":\"WebSite\",\"@id\":\"https:\\\/\\\/peter-faessler.spschweiz.ch\\\/#website\",\"url\":\"https:\\\/\\\/peter-faessler.spschweiz.ch\\\/\",\"name\":\"Peter F\u00e4ssler\",\"description\":\"SP Kantonsrat Kanton Luzern\",\"potentialAction\":[{\"@type\":\"SearchAction\",\"target\":{\"@type\":\"EntryPoint\",\"urlTemplate\":\"https:\\\/\\\/peter-faessler.spschweiz.ch\\\/?s={search_term_string}\"},\"query-input\":{\"@type\":\"PropertyValueSpecification\",\"valueRequired\":true,\"valueName\":\"search_term_string\"}}],\"inLanguage\":\"de\"},{\"@type\":\"Person\",\"@id\":\"https:\\\/\\\/peter-faessler.spschweiz.ch\\\/#\\\/schema\\\/person\\\/7ac2f764b1930b731c670e8a2393b60e\",\"name\":\"Peter F\u00e4ssler\",\"image\":{\"@type\":\"ImageObject\",\"inLanguage\":\"de\",\"@id\":\"https:\\\/\\\/secure.gravatar.com\\\/avatar\\\/9da8604da19b11812517d76f206166d47c5e180a26df2de36b8649168e128572?s=96&d=blank&r=g\",\"url\":\"https:\\\/\\\/secure.gravatar.com\\\/avatar\\\/9da8604da19b11812517d76f206166d47c5e180a26df2de36b8649168e128572?s=96&d=blank&r=g\",\"contentUrl\":\"https:\\\/\\\/secure.gravatar.com\\\/avatar\\\/9da8604da19b11812517d76f206166d47c5e180a26df2de36b8649168e128572?s=96&d=blank&r=g\",\"caption\":\"Peter F\u00e4ssler\"},\"description\":\"Peter F\u00e4ssler Schibiweg 7 6006 Luzern\",\"sameAs\":[\"www.facebook.com\\\/peter.fassler.31\",\"https:\\\/\\\/www.instagram.com\\\/peter.fassler.31\\\/\",\"https:\\\/\\\/www.linkedin.com\\\/in\\\/peter-fssler-2518a782\\\/\",\"https:\\\/\\\/x.com\\\/pfaessler56\"],\"url\":\"https:\\\/\\\/peter-faessler.spschweiz.ch\\\/?author=19\"}]}<\/script>\n<!-- \/ Yoast SEO plugin. -->","yoast_head_json":{"title":"Bericht aus der Kantonsratssession vom 17. Juni 2019 - Peter F\u00e4ssler","robots":{"index":"index","follow":"follow","max-snippet":"max-snippet:-1","max-image-preview":"max-image-preview:large","max-video-preview":"max-video-preview:-1"},"canonical":"https:\/\/peter-faessler.spschweiz.ch\/?p=2550","og_locale":"de_DE","og_type":"article","og_title":"Bericht aus der Kantonsratssession vom 17. Juni 2019 - Peter F\u00e4ssler","og_description":"Erster Sessionstag der Juni-Session 2019. Hier ist die Traktandenliste der Juni-Session 2019. Zusammenfassung und H\u00f6hepunkte des heutigen Tages. Der Kanton Luzern bewegt sich doch!: Oder...","og_url":"https:\/\/peter-faessler.spschweiz.ch\/?p=2550","og_site_name":"Peter F\u00e4ssler","article_author":"www.facebook.com\/peter.fassler.31","article_published_time":"2019-06-17T08:59:40+00:00","article_modified_time":"2019-06-20T19:14:51+00:00","og_image":[{"width":1024,"height":622,"url":"https:\/\/peter-faessler.spschweiz.ch\/wp-content\/uploads\/sites\/15\/2019\/06\/DSC_4013b-1024x622.jpg","type":"image\/jpeg"}],"author":"Peter F\u00e4ssler","twitter_misc":{"Verfasst von":"Peter F\u00e4ssler","Gesch\u00e4tzte Lesezeit":"2\u00a0Minuten"},"schema":{"@context":"https:\/\/schema.org","@graph":[{"@type":"Article","@id":"https:\/\/peter-faessler.spschweiz.ch\/?p=2550#article","isPartOf":{"@id":"https:\/\/peter-faessler.spschweiz.ch\/?p=2550"},"author":{"name":"Peter F\u00e4ssler","@id":"https:\/\/peter-faessler.spschweiz.ch\/#\/schema\/person\/7ac2f764b1930b731c670e8a2393b60e"},"headline":"Bericht aus der Kantonsratssession vom 17. Juni 2019","datePublished":"2019-06-17T08:59:40+00:00","dateModified":"2019-06-20T19:14:51+00:00","mainEntityOfPage":{"@id":"https:\/\/peter-faessler.spschweiz.ch\/?p=2550"},"wordCount":446,"commentCount":0,"image":{"@id":"https:\/\/peter-faessler.spschweiz.ch\/?p=2550#primaryimage"},"thumbnailUrl":"https:\/\/peter-faessler.spschweiz.ch\/wp-content\/uploads\/sites\/15\/2019\/06\/DSC_4013b.jpg","keywords":["Kanton Luzern","Kantonsrat","Kantonsrat Kanton Luzern","Kantonsratssession","Parlament","Politik","RUEK"],"articleSection":["Kantonsrat Luzern","Kantonsratsession","Parlament","Politik","Session Kantonsrat Luzern","SP Kriens"],"inLanguage":"de","potentialAction":[{"@type":"CommentAction","name":"Comment","target":["https:\/\/peter-faessler.spschweiz.ch\/?p=2550#respond"]}]},{"@type":"WebPage","@id":"https:\/\/peter-faessler.spschweiz.ch\/?p=2550","url":"https:\/\/peter-faessler.spschweiz.ch\/?p=2550","name":"Bericht aus der Kantonsratssession vom 17. Juni 2019 - Peter F\u00e4ssler","isPartOf":{"@id":"https:\/\/peter-faessler.spschweiz.ch\/#website"},"primaryImageOfPage":{"@id":"https:\/\/peter-faessler.spschweiz.ch\/?p=2550#primaryimage"},"image":{"@id":"https:\/\/peter-faessler.spschweiz.ch\/?p=2550#primaryimage"},"thumbnailUrl":"https:\/\/peter-faessler.spschweiz.ch\/wp-content\/uploads\/sites\/15\/2019\/06\/DSC_4013b.jpg","datePublished":"2019-06-17T08:59:40+00:00","dateModified":"2019-06-20T19:14:51+00:00","author":{"@id":"https:\/\/peter-faessler.spschweiz.ch\/#\/schema\/person\/7ac2f764b1930b731c670e8a2393b60e"},"breadcrumb":{"@id":"https:\/\/peter-faessler.spschweiz.ch\/?p=2550#breadcrumb"},"inLanguage":"de","potentialAction":[{"@type":"ReadAction","target":["https:\/\/peter-faessler.spschweiz.ch\/?p=2550"]}]},{"@type":"ImageObject","inLanguage":"de","@id":"https:\/\/peter-faessler.spschweiz.ch\/?p=2550#primaryimage","url":"https:\/\/peter-faessler.spschweiz.ch\/wp-content\/uploads\/sites\/15\/2019\/06\/DSC_4013b.jpg","contentUrl":"https:\/\/peter-faessler.spschweiz.ch\/wp-content\/uploads\/sites\/15\/2019\/06\/DSC_4013b.jpg","width":3556,"height":2160},{"@type":"BreadcrumbList","@id":"https:\/\/peter-faessler.spschweiz.ch\/?p=2550#breadcrumb","itemListElement":[{"@type":"ListItem","position":1,"name":"Startseite","item":"https:\/\/peter-faessler.spschweiz.ch\/"},{"@type":"ListItem","position":2,"name":"Bericht aus der Kantonsratssession vom 17. Juni 2019"}]},{"@type":"WebSite","@id":"https:\/\/peter-faessler.spschweiz.ch\/#website","url":"https:\/\/peter-faessler.spschweiz.ch\/","name":"Peter F\u00e4ssler","description":"SP Kantonsrat Kanton Luzern","potentialAction":[{"@type":"SearchAction","target":{"@type":"EntryPoint","urlTemplate":"https:\/\/peter-faessler.spschweiz.ch\/?s={search_term_string}"},"query-input":{"@type":"PropertyValueSpecification","valueRequired":true,"valueName":"search_term_string"}}],"inLanguage":"de"},{"@type":"Person","@id":"https:\/\/peter-faessler.spschweiz.ch\/#\/schema\/person\/7ac2f764b1930b731c670e8a2393b60e","name":"Peter F\u00e4ssler","image":{"@type":"ImageObject","inLanguage":"de","@id":"https:\/\/secure.gravatar.com\/avatar\/9da8604da19b11812517d76f206166d47c5e180a26df2de36b8649168e128572?s=96&d=blank&r=g","url":"https:\/\/secure.gravatar.com\/avatar\/9da8604da19b11812517d76f206166d47c5e180a26df2de36b8649168e128572?s=96&d=blank&r=g","contentUrl":"https:\/\/secure.gravatar.com\/avatar\/9da8604da19b11812517d76f206166d47c5e180a26df2de36b8649168e128572?s=96&d=blank&r=g","caption":"Peter F\u00e4ssler"},"description":"Peter F\u00e4ssler Schibiweg 7 6006 Luzern","sameAs":["www.facebook.com\/peter.fassler.31","https:\/\/www.instagram.com\/peter.fassler.31\/","https:\/\/www.linkedin.com\/in\/peter-fssler-2518a782\/","https:\/\/x.com\/pfaessler56"],"url":"https:\/\/peter-faessler.spschweiz.ch\/?author=19"}]}},"_links":{"self":[{"href":"https:\/\/peter-faessler.spschweiz.ch\/index.php?rest_route=\/wp\/v2\/posts\/2550","targetHints":{"allow":["GET"]}}],"collection":[{"href":"https:\/\/peter-faessler.spschweiz.ch\/index.php?rest_route=\/wp\/v2\/posts"}],"about":[{"href":"https:\/\/peter-faessler.spschweiz.ch\/index.php?rest_route=\/wp\/v2\/types\/post"}],"author":[{"embeddable":true,"href":"https:\/\/peter-faessler.spschweiz.ch\/index.php?rest_route=\/wp\/v2\/users\/19"}],"replies":[{"embeddable":true,"href":"https:\/\/peter-faessler.spschweiz.ch\/index.php?rest_route=%2Fwp%2Fv2%2Fcomments&post=2550"}],"version-history":[{"count":29,"href":"https:\/\/peter-faessler.spschweiz.ch\/index.php?rest_route=\/wp\/v2\/posts\/2550\/revisions"}],"predecessor-version":[{"id":2642,"href":"https:\/\/peter-faessler.spschweiz.ch\/index.php?rest_route=\/wp\/v2\/posts\/2550\/revisions\/2642"}],"wp:featuredmedia":[{"embeddable":true,"href":"https:\/\/peter-faessler.spschweiz.ch\/index.php?rest_route=\/wp\/v2\/media\/2566"}],"wp:attachment":[{"href":"https:\/\/peter-faessler.spschweiz.ch\/index.php?rest_route=%2Fwp%2Fv2%2Fmedia&parent=2550"}],"wp:term":[{"taxonomy":"category","embeddable":true,"href":"https:\/\/peter-faessler.spschweiz.ch\/index.php?rest_route=%2Fwp%2Fv2%2Fcategories&post=2550"},{"taxonomy":"post_tag","embeddable":true,"href":"https:\/\/peter-faessler.spschweiz.ch\/index.php?rest_route=%2Fwp%2Fv2%2Ftags&post=2550"}],"curies":[{"name":"wp","href":"https:\/\/api.w.org\/{rel}","templated":true}]}}