{"id":2583,"date":"2019-06-18T09:08:01","date_gmt":"2019-06-18T07:08:01","guid":{"rendered":"https:\/\/peter-faessler.spschweiz.ch\/?p=2583"},"modified":"2019-06-20T21:30:14","modified_gmt":"2019-06-20T19:30:14","slug":"2-sessionstag-des-luzerner-kantonsrat-vom-18-06-2019","status":"publish","type":"post","link":"https:\/\/peter-faessler.spschweiz.ch\/?p=2583","title":{"rendered":"2. Sessionstag des Luzerner Kantonsrat vom 18.06.2019"},"content":{"rendered":"<p>Hier ist die <a href=\"https:\/\/www.lu.ch\/kr\/sessionen\/sessionsdaten_2019\/detail?guid=eb4725b22a9048838e879191563a186c&amp;cal=76EC2D472DD4461BBBB06D15F032B660\" target=\"_blank\" rel=\"noopener noreferrer\">Traktandenliste<\/a> der Juni-Session 2019.<\/p>\n<p>Zusammenfassung und H\u00f6hepunkte des zweiten Sessionstags. Mein neuer Sitzplatz in der zweivordersten ist noch etwas ungewohnt.<\/p>\n<p><img loading=\"lazy\" decoding=\"async\" class=\"size-medium wp-image-2593 aligncenter\" src=\"http:\/\/peter-faessler.spschweiz.ch\/wp-content\/uploads\/sites\/15\/2019\/06\/DSC_4013b-1-300x182.jpg\" alt=\"\" width=\"300\" height=\"182\" srcset=\"https:\/\/peter-faessler.spschweiz.ch\/wp-content\/uploads\/sites\/15\/2019\/06\/DSC_4013b-1-300x182.jpg 300w, https:\/\/peter-faessler.spschweiz.ch\/wp-content\/uploads\/sites\/15\/2019\/06\/DSC_4013b-1-150x91.jpg 150w, https:\/\/peter-faessler.spschweiz.ch\/wp-content\/uploads\/sites\/15\/2019\/06\/DSC_4013b-1-768x467.jpg 768w, https:\/\/peter-faessler.spschweiz.ch\/wp-content\/uploads\/sites\/15\/2019\/06\/DSC_4013b-1-1024x622.jpg 1024w\" sizes=\"auto, (max-width: 300px) 100vw, 300px\" \/><\/p>\n<p>Gleich zu Beginn wird <strong>Fabian Peter<\/strong> als neuer <strong>Regierungsrat vereidigt.<\/strong><\/p>\n<h4>Behandlung der Botschaften<\/h4>\n<p>Die Debatte \u00fcber <strong><em>Botschaft <a href=\"http:\/\/Regelungen f\u00fcr das Sexgewerbe; Entwurf \u00c4nderung des Gewerbepolizeigesetzes\" target=\"_blank\" rel=\"noopener noreferrer\">B 151<\/a> Regelung f\u00fcr das Sexgewerbe; Entwurf \u00c4nderung des Gewerbepolizeigesetzes<\/em><\/strong>, geht weiter. Um was geht es? Das Gewerbepolizeigesetz soll mit Bestimmungen zum Sexgewerbe erg\u00e4nzt werden. Das F\u00fchren eines Sexbetriebs soll k\u00fcnftig bewilligungspflichtig sein. Zudem erh\u00e4lt die Luzerner Polizei f\u00fcr Kontrollen Zugang zu solchen Betrieben. Das Gesetz zur Sexarbeit wurde 2015 nach der ersten Beratung im Rat abgelehnt.<br \/>\nEs liegt ein <strong><em>Antrag<\/em><\/strong> der <a href=\"https:\/\/www.lu.ch\/kr\/mitglieder_und_organe\/kommissionen\/jsk\" target=\"_blank\" rel=\"noopener noreferrer\">JSK<\/a> vor, der verlangt, dass bei 2- statt 1-Personenbetriebe eine Ausnahme von der Kontrollpflicht festgelegt wird. Der Antrag wird angenommen.<br \/>\nDer <strong><em>Antrag<\/em><\/strong> von <a href=\"https:\/\/www.lu.ch\/kr\/mitglieder_und_organe\/mitglieder\/mitglieder_detail?Id=d8e5085256b140208685808889e875c7&amp;Name=Setz*\" target=\"_blank\" rel=\"noopener noreferrer\">Melanie Setz<\/a> folgt: &#8222;Die zust\u00e4ndige Beh\u00f6rde kontrolliert, ob die Betriebe vorschriftsgem\u00e4ss gef\u00fchrt und die Ausl\u00e4ndergesetzgebung, die Steuergesetzgebung und die sozialversicherungsrechtlichen Bestimmungen sowie die betrieblichen Mindeststandards eingehalten werden. Bei den Kontrollen wird auch Hinweisen auf Menschenhandel und Ausbeutung nachgegangen.&#8220; Dieser Antrag wird gegen die Stimmen von Links abgelehnt.<br \/>\nDer <em><strong>Antrag<\/strong><\/em> von <a href=\"https:\/\/www.lu.ch\/kr\/mitglieder_und_organe\/mitglieder\/mitglieder_detail?Id=03c3e614a90c4d2993933db79f0ba149&amp;Name=Stutz\" target=\"_blank\" rel=\"noopener noreferrer\">Hans Stutz<\/a> betreffend Geb\u00fchren wird abgelehnt.<br \/>\nDie Gesamtabstimmung nach 1. Lesung ergibt folgendes: Der Vorlage wird mit 95 zu 13 Stimmen zugestimmt.<\/p>\n<p>Auch beim n\u00e4chsten Traktandum 29 war ich in der JSK federf\u00fchrend. Die Botschaft <a href=\"https:\/\/www.lu.ch\/kr\/parlamentsgeschaefte\/detail?ges=40d53a2953af4ac5b064d8757b356b23&amp;back=1&amp;geschaeftsnr=b%20161&amp;art=-0-1-2-3&amp;bart=-0-1-2-3-4&amp;vart=-0-1-2-3&amp;wart=1&amp;gart=1&amp;status=-0-1\" target=\"_blank\" rel=\"noopener noreferrer\"><em><strong>B 161: Einf\u00fchrung des neuen Ordnungsbussenrechts im Kanton Luzern <\/strong><\/em><\/a>war in der Kommission unbestritten. Die Zustimmung im Rat f\u00e4llt daher auch einstimmig aus.<strong><br \/>\n<\/strong><\/p>\n<p>Bild Homepage Spange NoBild Luzerner ZeitungViel zu debattieren gibt das Traktandum 38, <a href=\"https:\/\/www.lu.ch\/kr\/parlamentsgeschaefte\/detail?ges=ac9d0e05191d4729890d52fd30880d8e&amp;back=1&amp;geschaeftsnr=b%20156&amp;art=-0-1-2-3&amp;bart=-0-1-2-3-4&amp;vart=-0-1-2-3&amp;wart=1&amp;gart=1&amp;status=-0-1\" target=\"_blank\" rel=\"noopener noreferrer\"><strong><em>Botschaft<\/em> B 156 \u00c4nderung Kantonsstrasse K 13 im Abschnitt Fluhm\u00fchle-Einm\u00fcndung Lindenstrasse (inkl.) in der Stadt Luzern<\/strong><\/a>.<\/p>\n<p><img loading=\"lazy\" decoding=\"async\" class=\"wp-image-2612 size-medium alignleft\" src=\"http:\/\/peter-faessler.spschweiz.ch\/wp-content\/uploads\/sites\/15\/2019\/06\/Spange-Nord-240x300.jpg\" alt=\"\" width=\"240\" height=\"300\" srcset=\"https:\/\/peter-faessler.spschweiz.ch\/wp-content\/uploads\/sites\/15\/2019\/06\/Spange-Nord-240x300.jpg 240w, https:\/\/peter-faessler.spschweiz.ch\/wp-content\/uploads\/sites\/15\/2019\/06\/Spange-Nord-120x150.jpg 120w, https:\/\/peter-faessler.spschweiz.ch\/wp-content\/uploads\/sites\/15\/2019\/06\/Spange-Nord-768x960.jpg 768w, https:\/\/peter-faessler.spschweiz.ch\/wp-content\/uploads\/sites\/15\/2019\/06\/Spange-Nord-819x1024.jpg 819w, https:\/\/peter-faessler.spschweiz.ch\/wp-content\/uploads\/sites\/15\/2019\/06\/Spange-Nord.jpg 1080w\" sizes=\"auto, (max-width: 240px) 100vw, 240px\" \/><\/p>\n<p><img loading=\"lazy\" decoding=\"async\" class=\"wp-image-2618 size-medium alignleft\" src=\"http:\/\/peter-faessler.spschweiz.ch\/wp-content\/uploads\/sites\/15\/2019\/06\/Fluhm\u00fchlebr\u00fccke-300x158.jpeg\" alt=\"\" width=\"300\" height=\"158\" srcset=\"https:\/\/peter-faessler.spschweiz.ch\/wp-content\/uploads\/sites\/15\/2019\/06\/Fluhm\u00fchlebr\u00fccke-300x158.jpeg 300w, https:\/\/peter-faessler.spschweiz.ch\/wp-content\/uploads\/sites\/15\/2019\/06\/Fluhm\u00fchlebr\u00fccke-150x79.jpeg 150w, https:\/\/peter-faessler.spschweiz.ch\/wp-content\/uploads\/sites\/15\/2019\/06\/Fluhm\u00fchlebr\u00fccke-768x403.jpeg 768w, https:\/\/peter-faessler.spschweiz.ch\/wp-content\/uploads\/sites\/15\/2019\/06\/Fluhm\u00fchlebr\u00fccke-1024x538.jpeg 1024w, https:\/\/peter-faessler.spschweiz.ch\/wp-content\/uploads\/sites\/15\/2019\/06\/Fluhm\u00fchlebr\u00fccke.jpeg 1200w\" sizes=\"auto, (max-width: 300px) 100vw, 300px\" \/><\/p>\n<p>Die <strong>SBB-\u00dcberf\u00fchrung Fluhm\u00fchle<\/strong> \u00fcber das Bahngleis Richtung Wolhusen ist stark sanierungsbed\u00fcrftig und soll in Zusammenarbeit mit der SBB saniert werden. Dabei wird das Lichtbildprofil den heute geltenden Normen angepasst, weshalb die Br\u00fccke angehoben werden muss. Um den Anschluss an die Fluhm\u00fchlebr\u00fccke (Teil der <a href=\"https:\/\/gesamtsystem-bypass.lu.ch\/projekt\/spange_nord_und_oev_massnahmen\" target=\"_blank\" rel=\"noopener noreferrer\">Spange Nord<\/a>) zu gew\u00e4hrleisten, wird die neue Br\u00fccke breiter (Abbiegespur) und noch h\u00f6her als von SBB gefordert. Das Projekt ist kein Pr\u00e4judiz f\u00fcr die Spange, wird aber wegen der Spange anders gebaut. Idealerweise w\u00fcrde Entscheid vertagt, bis klar ist, ob Spange bzw. Fluhm\u00fchlebr\u00fccke kommt. Die SBB ist aber sehr unflexibel, was zeitliche Verschiebungen anbelangt. Eine Verschiebung um ein halbes Jahr k\u00f6nnte eine Verschiebung um bis zu 5 Jahren bedeuten. Die Erh\u00f6hung ist im Quartier grunds\u00e4tzlich <a href=\"https:\/\/www.spange-no.ch\/\" target=\"_blank\" rel=\"noopener noreferrer\">bestritten (Spange No)<\/a>, die Stadt Luzern begr\u00fcsst das Projekt aber.<br \/>\nDie Antr\u00e4ge auf R\u00fcckweisung werden abgelehnt. Die Schlussabstimmung gibt folgendes Bild: Zustimmung mit 78 zu 8 Stimmen, 26 Enthaltungen.<\/p>\n<p>Die <strong>Wahl des Vizepr\u00e4sidenten<\/strong> f\u00fcr den Regierungsrat ergab 71 Stimmen f\u00fcr Reto Wyss. Jene der <strong>Wahl f\u00fcr den Regierungsratspr\u00e4sidenten<\/strong> ergab 71 Stimmen von 113 f\u00fcr Pau Winiker aus Kriens.<\/p>\n<p>Traktandum 39: Die <strong><em>Petition<\/em> &#8222;Schluss mit den Experimenten&#8220; <\/strong>wird vom Kantonsrat einstimmig zur Kenntnis genommen. Dies auf Empfehlung der JSK.<\/p>\n<p>Traktandum 41: Das <em><strong>Begnadigungsgesuch<\/strong><\/em> wir vom Kantonsrat abgelehnt.<\/p>\n<h4>Behandlung der dringlichen Vorst\u00f6sse<\/h4>\n<p>Bei den als dringlich eingereichten Vorst\u00f6ssen gibt Traktandum 86, <em><strong>Postulat P 5 Hofer \u00fcber ein Gesuch f\u00fcr eine nautische Bewilligung in Weggis<\/strong><\/em>, viel zu reden. Es geht um Wasserflugzeugstarts am Rosenfest in Weggis. Die Gr\u00fcnen st\u00f6ren sich an der Bewilligung f\u00fcr diese Starts und Landungen auf dem Vierwaldst\u00e4ttersee. Das Postulat wird mit 72 zu 30 Stimmen abgelehnt.<\/p>\n<h4>Behandlung der ordentlichen Vorst\u00f6sse<\/h4>\n<p>Anfragen, Postulate und Motionen werden behandelt. Wir kommen bis Traktandum 55 von 90 Traktanden. Wobei nicht alle behandelt werden m\u00fcssen. Einige Traktanden sind nicht als dringlich beurteilt. Auch sind einige Anfragen ohne Diskussion erledigt.<\/p>\n<p>Anschliessend an die Session geht es nach Eschenbach LU zur <strong>Kantonsrats-Pr\u00e4sidentenfeier<\/strong>.<br \/>\n<img loading=\"lazy\" decoding=\"async\" class=\"alignnone size-medium wp-image-2645\" src=\"http:\/\/peter-faessler.spschweiz.ch\/wp-content\/uploads\/sites\/15\/2019\/06\/DSC_4020-300x225.jpg\" alt=\"\" width=\"300\" height=\"225\" srcset=\"https:\/\/peter-faessler.spschweiz.ch\/wp-content\/uploads\/sites\/15\/2019\/06\/DSC_4020-300x225.jpg 300w, https:\/\/peter-faessler.spschweiz.ch\/wp-content\/uploads\/sites\/15\/2019\/06\/DSC_4020-150x113.jpg 150w, https:\/\/peter-faessler.spschweiz.ch\/wp-content\/uploads\/sites\/15\/2019\/06\/DSC_4020-768x576.jpg 768w, https:\/\/peter-faessler.spschweiz.ch\/wp-content\/uploads\/sites\/15\/2019\/06\/DSC_4020-1024x768.jpg 1024w\" sizes=\"auto, (max-width: 300px) 100vw, 300px\" \/> <img loading=\"lazy\" decoding=\"async\" class=\"alignnone size-medium wp-image-2646\" src=\"http:\/\/peter-faessler.spschweiz.ch\/wp-content\/uploads\/sites\/15\/2019\/06\/DSC_4038-e1561058862986-225x300.jpg\" alt=\"\" width=\"225\" height=\"300\" srcset=\"https:\/\/peter-faessler.spschweiz.ch\/wp-content\/uploads\/sites\/15\/2019\/06\/DSC_4038-e1561058862986-225x300.jpg 225w, https:\/\/peter-faessler.spschweiz.ch\/wp-content\/uploads\/sites\/15\/2019\/06\/DSC_4038-e1561058862986-113x150.jpg 113w, https:\/\/peter-faessler.spschweiz.ch\/wp-content\/uploads\/sites\/15\/2019\/06\/DSC_4038-e1561058862986-768x1024.jpg 768w\" sizes=\"auto, (max-width: 225px) 100vw, 225px\" \/> <img loading=\"lazy\" decoding=\"async\" class=\"alignnone size-medium wp-image-2647\" src=\"http:\/\/peter-faessler.spschweiz.ch\/wp-content\/uploads\/sites\/15\/2019\/06\/DSC_4040-300x225.jpg\" alt=\"\" width=\"300\" height=\"225\" srcset=\"https:\/\/peter-faessler.spschweiz.ch\/wp-content\/uploads\/sites\/15\/2019\/06\/DSC_4040-300x225.jpg 300w, https:\/\/peter-faessler.spschweiz.ch\/wp-content\/uploads\/sites\/15\/2019\/06\/DSC_4040-150x113.jpg 150w, https:\/\/peter-faessler.spschweiz.ch\/wp-content\/uploads\/sites\/15\/2019\/06\/DSC_4040-768x576.jpg 768w, https:\/\/peter-faessler.spschweiz.ch\/wp-content\/uploads\/sites\/15\/2019\/06\/DSC_4040-1024x768.jpg 1024w\" sizes=\"auto, (max-width: 300px) 100vw, 300px\" \/> <img loading=\"lazy\" decoding=\"async\" class=\"alignnone size-medium wp-image-2648\" src=\"http:\/\/peter-faessler.spschweiz.ch\/wp-content\/uploads\/sites\/15\/2019\/06\/DSC_4042-e1561058903762-225x300.jpg\" alt=\"\" width=\"225\" height=\"300\" srcset=\"https:\/\/peter-faessler.spschweiz.ch\/wp-content\/uploads\/sites\/15\/2019\/06\/DSC_4042-e1561058903762-225x300.jpg 225w, https:\/\/peter-faessler.spschweiz.ch\/wp-content\/uploads\/sites\/15\/2019\/06\/DSC_4042-e1561058903762-113x150.jpg 113w, https:\/\/peter-faessler.spschweiz.ch\/wp-content\/uploads\/sites\/15\/2019\/06\/DSC_4042-e1561058903762-768x1024.jpg 768w\" sizes=\"auto, (max-width: 225px) 100vw, 225px\" \/><\/p>\n<p>&nbsp;<\/p>\n","protected":false},"excerpt":{"rendered":"<p>Hier ist die Traktandenliste der Juni-Session 2019. Zusammenfassung und H\u00f6hepunkte des zweiten Sessionstags. Mein neuer Sitzplatz in der zweivordersten ist noch etwas ungewohnt. Gleich zu&#8230;<\/p>\n","protected":false},"author":19,"featured_media":2591,"comment_status":"open","ping_status":"open","sticky":false,"template":"","format":"standard","meta":{"footnotes":""},"categories":[22,23,30,21,25,1,27],"tags":[8,9,16,19,26,31,7,10],"class_list":["post-2583","post","type-post","status-publish","format-standard","has-post-thumbnail","hentry","category-kantonsrat-luzern","category-kantonsratsession","category-parlament","category-politik","category-session-kantonsrat-luzern","category-sp-kriens","category-vorstoss-kantonsrat","tag-kanton-luzern","tag-kantonsrat","tag-kantonsrat-kanton-luzern","tag-kantonsrat-luzern","tag-kantonsratssession","tag-parlament","tag-politik","tag-session"],"yoast_head":"<!-- This site is optimized with the Yoast SEO plugin v27.5 - https:\/\/yoast.com\/product\/yoast-seo-wordpress\/ -->\n<title>2. Sessionstag des Luzerner Kantonsrat vom 18.06.2019 - Peter F\u00e4ssler<\/title>\n<meta name=\"robots\" content=\"index, follow, max-snippet:-1, max-image-preview:large, max-video-preview:-1\" \/>\n<link rel=\"canonical\" href=\"https:\/\/peter-faessler.spschweiz.ch\/?p=2583\" \/>\n<meta property=\"og:locale\" content=\"de_DE\" \/>\n<meta property=\"og:type\" content=\"article\" \/>\n<meta property=\"og:title\" content=\"2. Sessionstag des Luzerner Kantonsrat vom 18.06.2019 - Peter F\u00e4ssler\" \/>\n<meta property=\"og:description\" content=\"Hier ist die Traktandenliste der Juni-Session 2019. Zusammenfassung und H\u00f6hepunkte des zweiten Sessionstags. Mein neuer Sitzplatz in der zweivordersten ist noch etwas ungewohnt. Gleich zu...\" \/>\n<meta property=\"og:url\" content=\"https:\/\/peter-faessler.spschweiz.ch\/?p=2583\" \/>\n<meta property=\"og:site_name\" content=\"Peter F\u00e4ssler\" \/>\n<meta property=\"article:author\" content=\"www.facebook.com\/peter.fassler.31\" \/>\n<meta property=\"article:published_time\" content=\"2019-06-18T07:08:01+00:00\" \/>\n<meta property=\"article:modified_time\" content=\"2019-06-20T19:30:14+00:00\" \/>\n<meta property=\"og:image\" content=\"https:\/\/peter-faessler.spschweiz.ch\/wp-content\/uploads\/sites\/15\/2019\/06\/DSC_4012b-1024x624.jpg\" \/>\n\t<meta property=\"og:image:width\" content=\"1024\" \/>\n\t<meta property=\"og:image:height\" content=\"624\" \/>\n\t<meta property=\"og:image:type\" content=\"image\/jpeg\" \/>\n<meta name=\"author\" content=\"Peter F\u00e4ssler\" \/>\n<meta name=\"twitter:label1\" content=\"Verfasst von\" \/>\n\t<meta name=\"twitter:data1\" content=\"Peter F\u00e4ssler\" \/>\n\t<meta name=\"twitter:label2\" content=\"Gesch\u00e4tzte Lesezeit\" \/>\n\t<meta name=\"twitter:data2\" content=\"3\u00a0Minuten\" \/>\n<script type=\"application\/ld+json\" class=\"yoast-schema-graph\">{\"@context\":\"https:\\\/\\\/schema.org\",\"@graph\":[{\"@type\":\"Article\",\"@id\":\"https:\\\/\\\/peter-faessler.spschweiz.ch\\\/?p=2583#article\",\"isPartOf\":{\"@id\":\"https:\\\/\\\/peter-faessler.spschweiz.ch\\\/?p=2583\"},\"author\":{\"name\":\"Peter F\u00e4ssler\",\"@id\":\"https:\\\/\\\/peter-faessler.spschweiz.ch\\\/#\\\/schema\\\/person\\\/7ac2f764b1930b731c670e8a2393b60e\"},\"headline\":\"2. Sessionstag des Luzerner Kantonsrat vom 18.06.2019\",\"datePublished\":\"2019-06-18T07:08:01+00:00\",\"dateModified\":\"2019-06-20T19:30:14+00:00\",\"mainEntityOfPage\":{\"@id\":\"https:\\\/\\\/peter-faessler.spschweiz.ch\\\/?p=2583\"},\"wordCount\":611,\"commentCount\":0,\"image\":{\"@id\":\"https:\\\/\\\/peter-faessler.spschweiz.ch\\\/?p=2583#primaryimage\"},\"thumbnailUrl\":\"https:\\\/\\\/peter-faessler.spschweiz.ch\\\/wp-content\\\/uploads\\\/sites\\\/15\\\/2019\\\/06\\\/DSC_4012b.jpg\",\"keywords\":[\"Kanton Luzern\",\"Kantonsrat\",\"Kantonsrat Kanton Luzern\",\"Kantonsrat Luzern\",\"Kantonsratssession\",\"Parlament\",\"Politik\",\"Session\"],\"articleSection\":[\"Kantonsrat Luzern\",\"Kantonsratsession\",\"Parlament\",\"Politik\",\"Session Kantonsrat Luzern\",\"SP Kriens\",\"Vorstoss Kantonsrat\"],\"inLanguage\":\"de\",\"potentialAction\":[{\"@type\":\"CommentAction\",\"name\":\"Comment\",\"target\":[\"https:\\\/\\\/peter-faessler.spschweiz.ch\\\/?p=2583#respond\"]}]},{\"@type\":\"WebPage\",\"@id\":\"https:\\\/\\\/peter-faessler.spschweiz.ch\\\/?p=2583\",\"url\":\"https:\\\/\\\/peter-faessler.spschweiz.ch\\\/?p=2583\",\"name\":\"2. Sessionstag des Luzerner Kantonsrat vom 18.06.2019 - Peter F\u00e4ssler\",\"isPartOf\":{\"@id\":\"https:\\\/\\\/peter-faessler.spschweiz.ch\\\/#website\"},\"primaryImageOfPage\":{\"@id\":\"https:\\\/\\\/peter-faessler.spschweiz.ch\\\/?p=2583#primaryimage\"},\"image\":{\"@id\":\"https:\\\/\\\/peter-faessler.spschweiz.ch\\\/?p=2583#primaryimage\"},\"thumbnailUrl\":\"https:\\\/\\\/peter-faessler.spschweiz.ch\\\/wp-content\\\/uploads\\\/sites\\\/15\\\/2019\\\/06\\\/DSC_4012b.jpg\",\"datePublished\":\"2019-06-18T07:08:01+00:00\",\"dateModified\":\"2019-06-20T19:30:14+00:00\",\"author\":{\"@id\":\"https:\\\/\\\/peter-faessler.spschweiz.ch\\\/#\\\/schema\\\/person\\\/7ac2f764b1930b731c670e8a2393b60e\"},\"breadcrumb\":{\"@id\":\"https:\\\/\\\/peter-faessler.spschweiz.ch\\\/?p=2583#breadcrumb\"},\"inLanguage\":\"de\",\"potentialAction\":[{\"@type\":\"ReadAction\",\"target\":[\"https:\\\/\\\/peter-faessler.spschweiz.ch\\\/?p=2583\"]}]},{\"@type\":\"ImageObject\",\"inLanguage\":\"de\",\"@id\":\"https:\\\/\\\/peter-faessler.spschweiz.ch\\\/?p=2583#primaryimage\",\"url\":\"https:\\\/\\\/peter-faessler.spschweiz.ch\\\/wp-content\\\/uploads\\\/sites\\\/15\\\/2019\\\/06\\\/DSC_4012b.jpg\",\"contentUrl\":\"https:\\\/\\\/peter-faessler.spschweiz.ch\\\/wp-content\\\/uploads\\\/sites\\\/15\\\/2019\\\/06\\\/DSC_4012b.jpg\",\"width\":3547,\"height\":2160},{\"@type\":\"BreadcrumbList\",\"@id\":\"https:\\\/\\\/peter-faessler.spschweiz.ch\\\/?p=2583#breadcrumb\",\"itemListElement\":[{\"@type\":\"ListItem\",\"position\":1,\"name\":\"Startseite\",\"item\":\"https:\\\/\\\/peter-faessler.spschweiz.ch\\\/\"},{\"@type\":\"ListItem\",\"position\":2,\"name\":\"2. Sessionstag des Luzerner Kantonsrat vom 18.06.2019\"}]},{\"@type\":\"WebSite\",\"@id\":\"https:\\\/\\\/peter-faessler.spschweiz.ch\\\/#website\",\"url\":\"https:\\\/\\\/peter-faessler.spschweiz.ch\\\/\",\"name\":\"Peter F\u00e4ssler\",\"description\":\"SP Kantonsrat Kanton Luzern\",\"potentialAction\":[{\"@type\":\"SearchAction\",\"target\":{\"@type\":\"EntryPoint\",\"urlTemplate\":\"https:\\\/\\\/peter-faessler.spschweiz.ch\\\/?s={search_term_string}\"},\"query-input\":{\"@type\":\"PropertyValueSpecification\",\"valueRequired\":true,\"valueName\":\"search_term_string\"}}],\"inLanguage\":\"de\"},{\"@type\":\"Person\",\"@id\":\"https:\\\/\\\/peter-faessler.spschweiz.ch\\\/#\\\/schema\\\/person\\\/7ac2f764b1930b731c670e8a2393b60e\",\"name\":\"Peter F\u00e4ssler\",\"image\":{\"@type\":\"ImageObject\",\"inLanguage\":\"de\",\"@id\":\"https:\\\/\\\/secure.gravatar.com\\\/avatar\\\/9da8604da19b11812517d76f206166d47c5e180a26df2de36b8649168e128572?s=96&d=blank&r=g\",\"url\":\"https:\\\/\\\/secure.gravatar.com\\\/avatar\\\/9da8604da19b11812517d76f206166d47c5e180a26df2de36b8649168e128572?s=96&d=blank&r=g\",\"contentUrl\":\"https:\\\/\\\/secure.gravatar.com\\\/avatar\\\/9da8604da19b11812517d76f206166d47c5e180a26df2de36b8649168e128572?s=96&d=blank&r=g\",\"caption\":\"Peter F\u00e4ssler\"},\"description\":\"Peter F\u00e4ssler Schibiweg 7 6006 Luzern\",\"sameAs\":[\"www.facebook.com\\\/peter.fassler.31\",\"https:\\\/\\\/www.instagram.com\\\/peter.fassler.31\\\/\",\"https:\\\/\\\/www.linkedin.com\\\/in\\\/peter-fssler-2518a782\\\/\",\"https:\\\/\\\/x.com\\\/pfaessler56\"],\"url\":\"https:\\\/\\\/peter-faessler.spschweiz.ch\\\/?author=19\"}]}<\/script>\n<!-- \/ Yoast SEO plugin. -->","yoast_head_json":{"title":"2. Sessionstag des Luzerner Kantonsrat vom 18.06.2019 - Peter F\u00e4ssler","robots":{"index":"index","follow":"follow","max-snippet":"max-snippet:-1","max-image-preview":"max-image-preview:large","max-video-preview":"max-video-preview:-1"},"canonical":"https:\/\/peter-faessler.spschweiz.ch\/?p=2583","og_locale":"de_DE","og_type":"article","og_title":"2. Sessionstag des Luzerner Kantonsrat vom 18.06.2019 - Peter F\u00e4ssler","og_description":"Hier ist die Traktandenliste der Juni-Session 2019. Zusammenfassung und H\u00f6hepunkte des zweiten Sessionstags. Mein neuer Sitzplatz in der zweivordersten ist noch etwas ungewohnt. Gleich zu...","og_url":"https:\/\/peter-faessler.spschweiz.ch\/?p=2583","og_site_name":"Peter F\u00e4ssler","article_author":"www.facebook.com\/peter.fassler.31","article_published_time":"2019-06-18T07:08:01+00:00","article_modified_time":"2019-06-20T19:30:14+00:00","og_image":[{"width":1024,"height":624,"url":"https:\/\/peter-faessler.spschweiz.ch\/wp-content\/uploads\/sites\/15\/2019\/06\/DSC_4012b-1024x624.jpg","type":"image\/jpeg"}],"author":"Peter F\u00e4ssler","twitter_misc":{"Verfasst von":"Peter F\u00e4ssler","Gesch\u00e4tzte Lesezeit":"3\u00a0Minuten"},"schema":{"@context":"https:\/\/schema.org","@graph":[{"@type":"Article","@id":"https:\/\/peter-faessler.spschweiz.ch\/?p=2583#article","isPartOf":{"@id":"https:\/\/peter-faessler.spschweiz.ch\/?p=2583"},"author":{"name":"Peter F\u00e4ssler","@id":"https:\/\/peter-faessler.spschweiz.ch\/#\/schema\/person\/7ac2f764b1930b731c670e8a2393b60e"},"headline":"2. Sessionstag des Luzerner Kantonsrat vom 18.06.2019","datePublished":"2019-06-18T07:08:01+00:00","dateModified":"2019-06-20T19:30:14+00:00","mainEntityOfPage":{"@id":"https:\/\/peter-faessler.spschweiz.ch\/?p=2583"},"wordCount":611,"commentCount":0,"image":{"@id":"https:\/\/peter-faessler.spschweiz.ch\/?p=2583#primaryimage"},"thumbnailUrl":"https:\/\/peter-faessler.spschweiz.ch\/wp-content\/uploads\/sites\/15\/2019\/06\/DSC_4012b.jpg","keywords":["Kanton Luzern","Kantonsrat","Kantonsrat Kanton Luzern","Kantonsrat Luzern","Kantonsratssession","Parlament","Politik","Session"],"articleSection":["Kantonsrat Luzern","Kantonsratsession","Parlament","Politik","Session Kantonsrat Luzern","SP Kriens","Vorstoss Kantonsrat"],"inLanguage":"de","potentialAction":[{"@type":"CommentAction","name":"Comment","target":["https:\/\/peter-faessler.spschweiz.ch\/?p=2583#respond"]}]},{"@type":"WebPage","@id":"https:\/\/peter-faessler.spschweiz.ch\/?p=2583","url":"https:\/\/peter-faessler.spschweiz.ch\/?p=2583","name":"2. Sessionstag des Luzerner Kantonsrat vom 18.06.2019 - Peter F\u00e4ssler","isPartOf":{"@id":"https:\/\/peter-faessler.spschweiz.ch\/#website"},"primaryImageOfPage":{"@id":"https:\/\/peter-faessler.spschweiz.ch\/?p=2583#primaryimage"},"image":{"@id":"https:\/\/peter-faessler.spschweiz.ch\/?p=2583#primaryimage"},"thumbnailUrl":"https:\/\/peter-faessler.spschweiz.ch\/wp-content\/uploads\/sites\/15\/2019\/06\/DSC_4012b.jpg","datePublished":"2019-06-18T07:08:01+00:00","dateModified":"2019-06-20T19:30:14+00:00","author":{"@id":"https:\/\/peter-faessler.spschweiz.ch\/#\/schema\/person\/7ac2f764b1930b731c670e8a2393b60e"},"breadcrumb":{"@id":"https:\/\/peter-faessler.spschweiz.ch\/?p=2583#breadcrumb"},"inLanguage":"de","potentialAction":[{"@type":"ReadAction","target":["https:\/\/peter-faessler.spschweiz.ch\/?p=2583"]}]},{"@type":"ImageObject","inLanguage":"de","@id":"https:\/\/peter-faessler.spschweiz.ch\/?p=2583#primaryimage","url":"https:\/\/peter-faessler.spschweiz.ch\/wp-content\/uploads\/sites\/15\/2019\/06\/DSC_4012b.jpg","contentUrl":"https:\/\/peter-faessler.spschweiz.ch\/wp-content\/uploads\/sites\/15\/2019\/06\/DSC_4012b.jpg","width":3547,"height":2160},{"@type":"BreadcrumbList","@id":"https:\/\/peter-faessler.spschweiz.ch\/?p=2583#breadcrumb","itemListElement":[{"@type":"ListItem","position":1,"name":"Startseite","item":"https:\/\/peter-faessler.spschweiz.ch\/"},{"@type":"ListItem","position":2,"name":"2. Sessionstag des Luzerner Kantonsrat vom 18.06.2019"}]},{"@type":"WebSite","@id":"https:\/\/peter-faessler.spschweiz.ch\/#website","url":"https:\/\/peter-faessler.spschweiz.ch\/","name":"Peter F\u00e4ssler","description":"SP Kantonsrat Kanton Luzern","potentialAction":[{"@type":"SearchAction","target":{"@type":"EntryPoint","urlTemplate":"https:\/\/peter-faessler.spschweiz.ch\/?s={search_term_string}"},"query-input":{"@type":"PropertyValueSpecification","valueRequired":true,"valueName":"search_term_string"}}],"inLanguage":"de"},{"@type":"Person","@id":"https:\/\/peter-faessler.spschweiz.ch\/#\/schema\/person\/7ac2f764b1930b731c670e8a2393b60e","name":"Peter F\u00e4ssler","image":{"@type":"ImageObject","inLanguage":"de","@id":"https:\/\/secure.gravatar.com\/avatar\/9da8604da19b11812517d76f206166d47c5e180a26df2de36b8649168e128572?s=96&d=blank&r=g","url":"https:\/\/secure.gravatar.com\/avatar\/9da8604da19b11812517d76f206166d47c5e180a26df2de36b8649168e128572?s=96&d=blank&r=g","contentUrl":"https:\/\/secure.gravatar.com\/avatar\/9da8604da19b11812517d76f206166d47c5e180a26df2de36b8649168e128572?s=96&d=blank&r=g","caption":"Peter F\u00e4ssler"},"description":"Peter F\u00e4ssler Schibiweg 7 6006 Luzern","sameAs":["www.facebook.com\/peter.fassler.31","https:\/\/www.instagram.com\/peter.fassler.31\/","https:\/\/www.linkedin.com\/in\/peter-fssler-2518a782\/","https:\/\/x.com\/pfaessler56"],"url":"https:\/\/peter-faessler.spschweiz.ch\/?author=19"}]}},"_links":{"self":[{"href":"https:\/\/peter-faessler.spschweiz.ch\/index.php?rest_route=\/wp\/v2\/posts\/2583","targetHints":{"allow":["GET"]}}],"collection":[{"href":"https:\/\/peter-faessler.spschweiz.ch\/index.php?rest_route=\/wp\/v2\/posts"}],"about":[{"href":"https:\/\/peter-faessler.spschweiz.ch\/index.php?rest_route=\/wp\/v2\/types\/post"}],"author":[{"embeddable":true,"href":"https:\/\/peter-faessler.spschweiz.ch\/index.php?rest_route=\/wp\/v2\/users\/19"}],"replies":[{"embeddable":true,"href":"https:\/\/peter-faessler.spschweiz.ch\/index.php?rest_route=%2Fwp%2Fv2%2Fcomments&post=2583"}],"version-history":[{"count":38,"href":"https:\/\/peter-faessler.spschweiz.ch\/index.php?rest_route=\/wp\/v2\/posts\/2583\/revisions"}],"predecessor-version":[{"id":2650,"href":"https:\/\/peter-faessler.spschweiz.ch\/index.php?rest_route=\/wp\/v2\/posts\/2583\/revisions\/2650"}],"wp:featuredmedia":[{"embeddable":true,"href":"https:\/\/peter-faessler.spschweiz.ch\/index.php?rest_route=\/wp\/v2\/media\/2591"}],"wp:attachment":[{"href":"https:\/\/peter-faessler.spschweiz.ch\/index.php?rest_route=%2Fwp%2Fv2%2Fmedia&parent=2583"}],"wp:term":[{"taxonomy":"category","embeddable":true,"href":"https:\/\/peter-faessler.spschweiz.ch\/index.php?rest_route=%2Fwp%2Fv2%2Fcategories&post=2583"},{"taxonomy":"post_tag","embeddable":true,"href":"https:\/\/peter-faessler.spschweiz.ch\/index.php?rest_route=%2Fwp%2Fv2%2Ftags&post=2583"}],"curies":[{"name":"wp","href":"https:\/\/api.w.org\/{rel}","templated":true}]}}