{"id":2651,"date":"2019-06-24T09:22:22","date_gmt":"2019-06-24T07:22:22","guid":{"rendered":"https:\/\/peter-faessler.spschweiz.ch\/?p=2651"},"modified":"2019-06-24T20:30:37","modified_gmt":"2019-06-24T18:30:37","slug":"klima-sondersession-des-luzerner-kantonsrates-vom-24-juni-2019","status":"publish","type":"post","link":"https:\/\/peter-faessler.spschweiz.ch\/?p=2651","title":{"rendered":"Klima-Sondersession des Luzerner Kantonsrates vom 24. Juni 2019"},"content":{"rendered":"<p><img loading=\"lazy\" decoding=\"async\" class=\"alignnone size-medium wp-image-2659\" src=\"http:\/\/peter-faessler.spschweiz.ch\/wp-content\/uploads\/sites\/15\/2019\/06\/DSC_4050-300x225.jpg\" alt=\"\" width=\"300\" height=\"225\" srcset=\"https:\/\/peter-faessler.spschweiz.ch\/wp-content\/uploads\/sites\/15\/2019\/06\/DSC_4050-300x225.jpg 300w, https:\/\/peter-faessler.spschweiz.ch\/wp-content\/uploads\/sites\/15\/2019\/06\/DSC_4050-150x113.jpg 150w, https:\/\/peter-faessler.spschweiz.ch\/wp-content\/uploads\/sites\/15\/2019\/06\/DSC_4050-768x576.jpg 768w, https:\/\/peter-faessler.spschweiz.ch\/wp-content\/uploads\/sites\/15\/2019\/06\/DSC_4050-1024x768.jpg 1024w\" sizes=\"auto, (max-width: 300px) 100vw, 300px\" \/> <img loading=\"lazy\" decoding=\"async\" class=\"alignnone size-medium wp-image-2657\" src=\"http:\/\/peter-faessler.spschweiz.ch\/wp-content\/uploads\/sites\/15\/2019\/06\/DSC_4047-300x225.jpg\" alt=\"\" width=\"300\" height=\"225\" srcset=\"https:\/\/peter-faessler.spschweiz.ch\/wp-content\/uploads\/sites\/15\/2019\/06\/DSC_4047-300x225.jpg 300w, https:\/\/peter-faessler.spschweiz.ch\/wp-content\/uploads\/sites\/15\/2019\/06\/DSC_4047-150x113.jpg 150w, https:\/\/peter-faessler.spschweiz.ch\/wp-content\/uploads\/sites\/15\/2019\/06\/DSC_4047-768x576.jpg 768w, https:\/\/peter-faessler.spschweiz.ch\/wp-content\/uploads\/sites\/15\/2019\/06\/DSC_4047-1024x768.jpg 1024w\" sizes=\"auto, (max-width: 300px) 100vw, 300px\" \/><\/p>\n<p>Der Luzerner Kantonsrat trifft sich heute zu seiner Klimasession. Auf der <a href=\"https:\/\/www.lu.ch\/kr\/sessionen\/sessionsdaten_2019\/detail?guid=d3f6cce96ce14b9fb372b7fccedb5b84&amp;cal=76EC2D472DD4461BBBB06D15F032B660\" target=\"_blank\" rel=\"noopener noreferrer\">Traktandenliste<\/a> stehen 59 Gesch\u00e4fte zum Thema Klima und Klimaschutz.<\/p>\n<p><img loading=\"lazy\" decoding=\"async\" class=\"size-medium wp-image-2663 alignright\" src=\"http:\/\/peter-faessler.spschweiz.ch\/wp-content\/uploads\/sites\/15\/2019\/06\/IMG-20190624-WA0000-300x225.jpg\" alt=\"\" width=\"300\" height=\"225\" srcset=\"https:\/\/peter-faessler.spschweiz.ch\/wp-content\/uploads\/sites\/15\/2019\/06\/IMG-20190624-WA0000-300x225.jpg 300w, https:\/\/peter-faessler.spschweiz.ch\/wp-content\/uploads\/sites\/15\/2019\/06\/IMG-20190624-WA0000-150x113.jpg 150w, https:\/\/peter-faessler.spschweiz.ch\/wp-content\/uploads\/sites\/15\/2019\/06\/IMG-20190624-WA0000-768x576.jpg 768w, https:\/\/peter-faessler.spschweiz.ch\/wp-content\/uploads\/sites\/15\/2019\/06\/IMG-20190624-WA0000.jpg 1024w\" sizes=\"auto, (max-width: 300px) 100vw, 300px\" \/>Begr\u00fcsst wurden wir am Morgen mit einer Demo vor dem Regierungsgeb\u00e4ude. Und im Ratssaal standen auf allen Pulten Becher. Die SP will damit erreichen, dass die Einweg-Plastikbecher aus dem Ratsbetrieb verschwinden. Die Ank\u00fcndigung erfolgte so:<br \/>\n&#8222;Sehr geehrte Regierungsr\u00e4te,<br \/>\nliebe Kantonsr\u00e4tinnen und Kantonsr\u00e4te,<br \/>\nwir verzichten auf einen gedruckten Flyer und schenken ihnen zusammen mit dieser Botschaft einen wiederverwendbaren Becher aus dem Brocki. Falls sie ihn nicht m\u00f6chten, k\u00f6nnen sie ihn bei uns abgeben oder weiter\u00a0verschenken.<br \/>\nLiebe Gr\u00fcsse, SP-Fraktion.<\/p>\n<p>Hier der Link zum <a href=\"https:\/\/www.zentralplus.ch\/de\/news\/politik\/5597365\/Ruft-der-Kanton-Luzern-heute-den-Klimanotstand-aus.htm\" target=\"_blank\" rel=\"noopener noreferrer\">Liveticker von Zentral+<\/a>, hier jener der<a href=\"https:\/\/www.luzernerzeitung.ch\/zentralschweiz\/luzern\/live-ticker-luzerner-kantonsrat-startet-in-die-klima-sondersession-ld.1129702\" target=\"_blank\" rel=\"noopener noreferrer\"> Luzerner Zeitung<\/a>.<\/p>\n<p>In den Eintretensdebatten legen die einzelnen Fraktionen ihren grunds\u00e4tzlichen Standpunkt zur Klimadebatte und Klimaschutz dar. Schon hier treten gewichtige Unterschiede in den Haltungen gegen\u00fcber den Klimaschutzmassnahmen zu Tage.<\/p>\n<p>Anschliessend legt Regierungsrat Robert K\u00fcng die Sicht der Regierung dar. Er verweist darin unter anderem auf den <a href=\"https:\/\/uwe.lu.ch\/Umweltbericht\" target=\"_blank\" rel=\"noopener noreferrer\">Umweltbericht 2018<\/a>. Er verweist auch auf die Homepage <a href=\"https:\/\/klima.lu.ch\/\" target=\"_blank\" rel=\"noopener noreferrer\">klima.lu<\/a> des Kantons Luzern.<\/p>\n<h3>Behandlung der Vorst\u00f6sse<\/h3>\n<p>Bei sehr vielen Vorst\u00f6ssen liegen Antr\u00e4ge der SVP auf Ablehnung vor. Ich gehe hier nicht auf alle Vorst\u00f6sse ein, denn ich m\u00f6chte der Debatte folgen.<\/p>\n<p>Ich spreche zu Traktandum 3, <em><strong><a href=\"https:\/\/www.lu.ch\/kr\/parlamentsgeschaefte\/detail?ges=919feabb4f214962919f96d3a0c32844&amp;back=1&amp;geschaeftsnr=p%20726&amp;art=-0-1-2-3&amp;bart=-0-1-2-3-4&amp;vart=-0-1-2-3&amp;wart=1&amp;gart=1&amp;status=-0-1\" target=\"_blank\" rel=\"noopener noreferrer\">P 726 Postulat Frey Monique und Mit. \u00fcber die Einsetzung einer Spezialkommission, welche Massnahmen zur Reduktion der Emission von Treibhausgasen im Kanton vorschl\u00e4gt<\/a><\/strong><\/em>. Die SP Fraktion spricht sich gegen eine Sonderkommission aus. Wir sind der Meinung, dass dies Aufgabe der Raumplanungs-, Umwelt- und Energiekommission <a href=\"https:\/\/www.lu.ch\/kr\/mitglieder_und_organe\/kommissionen\/ruek\" target=\"_blank\" rel=\"noopener noreferrer\">RUEK<\/a> ist. Das Postulat wird teilweise \u00fcberwiesen, was in unserem Sinn ist.<\/p>\n<p><img loading=\"lazy\" decoding=\"async\" class=\"size-medium wp-image-2673 alignright\" src=\"http:\/\/peter-faessler.spschweiz.ch\/wp-content\/uploads\/sites\/15\/2019\/06\/IMG-20190624-WA0004-225x300.jpg\" alt=\"\" width=\"225\" height=\"300\" srcset=\"https:\/\/peter-faessler.spschweiz.ch\/wp-content\/uploads\/sites\/15\/2019\/06\/IMG-20190624-WA0004-225x300.jpg 225w, https:\/\/peter-faessler.spschweiz.ch\/wp-content\/uploads\/sites\/15\/2019\/06\/IMG-20190624-WA0004-113x150.jpg 113w, https:\/\/peter-faessler.spschweiz.ch\/wp-content\/uploads\/sites\/15\/2019\/06\/IMG-20190624-WA0004-768x1024.jpg 768w, https:\/\/peter-faessler.spschweiz.ch\/wp-content\/uploads\/sites\/15\/2019\/06\/IMG-20190624-WA0004.jpg 1440w\" sizes=\"auto, (max-width: 225px) 100vw, 225px\" \/> <img loading=\"lazy\" decoding=\"async\" class=\"size-medium wp-image-2676 alignright\" src=\"http:\/\/peter-faessler.spschweiz.ch\/wp-content\/uploads\/sites\/15\/2019\/06\/DSC_4051-300x225.jpg\" alt=\"\" width=\"300\" height=\"225\" srcset=\"https:\/\/peter-faessler.spschweiz.ch\/wp-content\/uploads\/sites\/15\/2019\/06\/DSC_4051-300x225.jpg 300w, https:\/\/peter-faessler.spschweiz.ch\/wp-content\/uploads\/sites\/15\/2019\/06\/DSC_4051-150x113.jpg 150w, https:\/\/peter-faessler.spschweiz.ch\/wp-content\/uploads\/sites\/15\/2019\/06\/DSC_4051-768x576.jpg 768w, https:\/\/peter-faessler.spschweiz.ch\/wp-content\/uploads\/sites\/15\/2019\/06\/DSC_4051-1024x768.jpg 1024w\" sizes=\"auto, (max-width: 300px) 100vw, 300px\" \/>Klima-Aktivisten entrollten ein Transparent im Rat. Auf Aufforderung des Ratspr\u00e4sidenten packen sie es sofort wieder ein. Da es regelwidrig ist, werden sie von der Polizei von der Trib\u00fcne weggef\u00fchrt. Ein Antrag von David Roth, SP, die Aktivisten wieder auf der Trib\u00fcne zugelassen, wird vom Rat angenommen.<\/p>\n<p>Mit Traktandum 10\u00a0 und 11 soll der Klimanotstand im Kanton Luzern ausgerufen werden. Mittels <a href=\"https:\/\/www.lu.ch\/kr\/parlamentsgeschaefte\/detail?ges=31e35a698919487e8a688afd4d0e1250&amp;back=1&amp;geschaeftsnr=p%20720&amp;art=-0-1-2-3&amp;bart=-0-1-2-3-4&amp;vart=-0-1-2-3&amp;wart=1&amp;gart=1&amp;status=-0-1\" target=\"_blank\" rel=\"noopener noreferrer\"><em><strong>P 720 &#8211; Postulat Estermann Rahel und Mit. \u00fcber die Ausrufung des Klimanotstands<\/strong><\/em><\/a> von den Gr\u00fcnen. <a href=\"https:\/\/www.lu.ch\/kr\/parlamentsgeschaefte\/detail?ges=d73e43a0cea44a5eb646b404147787d7&amp;back=1&amp;geschaeftsnr=p%2060&amp;art=-0-1-2-3&amp;bart=-0-1-2-3-4&amp;vart=-0-1-2-3&amp;wart=1&amp;gart=1&amp;status=-0-1\" target=\"_blank\" rel=\"noopener noreferrer\"><em><strong>P 60 &#8211; Postulat Peyer Ludwig namens der CVP-Fraktion \u00fcber die symbolische Ausrufung des Klimanotstandes<\/strong><\/em><\/a> zielt in die gleiche Richtung. Auch die FDP steht teilweise hinter P 60. Der Rat streitet dar\u00fcber, ob der Klimanotstand nur symbolisch oder eben nicht nur symbolisch ausgerufen werden soll. Und dazu kommt noch die SVP, die sowieso keinen Notstand sieht. Und schon bald geht es ins Detail des Details: D\u00fcrfen K\u00fche noch auf die Weide wegen den ausgestossenen Gasen&#8230;.etc. Und auch die Frage, wer eine Gl\u00fchbirne im Kopf hat, ist Thema der Diskussion. Mir scheint, die CVP will da einen Zug f\u00fchren, der ihr gar nicht geh\u00f6rt. Und so wird das Postulat P 720 der Gr\u00fcnen nur teilweise und das CVP Postulat ganz \u00fcberwiesen.<\/p>\n<p><img loading=\"lazy\" decoding=\"async\" class=\"size-medium wp-image-2596 alignleft\" src=\"http:\/\/peter-faessler.spschweiz.ch\/wp-content\/uploads\/sites\/15\/2019\/06\/DSC_4015-300x169.jpg\" alt=\"\" width=\"300\" height=\"169\" srcset=\"https:\/\/peter-faessler.spschweiz.ch\/wp-content\/uploads\/sites\/15\/2019\/06\/DSC_4015-300x169.jpg 300w, https:\/\/peter-faessler.spschweiz.ch\/wp-content\/uploads\/sites\/15\/2019\/06\/DSC_4015-150x84.jpg 150w, https:\/\/peter-faessler.spschweiz.ch\/wp-content\/uploads\/sites\/15\/2019\/06\/DSC_4015-768x432.jpg 768w, https:\/\/peter-faessler.spschweiz.ch\/wp-content\/uploads\/sites\/15\/2019\/06\/DSC_4015-1024x576.jpg 1024w\" sizes=\"auto, (max-width: 300px) 100vw, 300px\" \/>Traktandum 13<a href=\"https:\/\/www.lu.ch\/kr\/parlamentsgeschaefte\/detail?ges=e5fcbbf8ea1149a1b6982d0caa3d3f6f&amp;back=1&amp;geschaeftsnr=M%20647&amp;art=-0-1-2-3&amp;bart=-0-1-2-3-4&amp;vart=-0-1-2-3&amp;wart=1&amp;gart=1&amp;status=-0-1\" target=\"_blank\" rel=\"noopener noreferrer\"> <em><strong>M 647 &#8211; Motion Frey Monique und Mit. \u00fcber die Klimavertr\u00e4glichkeitsabsch\u00e4tzung der gesetzlichen Grundlagen<\/strong><\/em><\/a>, habe ich f\u00fcr die Fraktion bearbeitet und das Votum gehalten. Das Ber\u00fccksichtigen der Klimavertr\u00e4glichkeit bei neuen und allenfalls bestehenden Gesetzen sollte heute eine Selbstverst\u00e4ndlichkeit sein. Wir sind in dieser Frage f\u00fcr die volle \u00dcberweisung als Motion. Verabschiedet wurde das Gesch\u00e4ft jedoch nur mit der teilweisen \u00dcberweisung als Postulat.<\/p>\n<p>Wie gew\u00f6hnlich geben die Mobilit\u00e4ts-Vorlagen grosse Diskussion. Dies ist auch hier so. Traktanden 18 bis 32 werden daher sicher l\u00e4ngere Diskussionen ausl\u00f6sen. Wobei die SVP der Meinung ist, wir f\u00fchrten heute nur eine Wohlstandsdebatte.<\/p>\n<p>Wir kommen in der Klimasession bis zum Traktandum 30. Die restlichen Vorst\u00f6sse werden wir in der September-Session behandeln.<\/p>\n<p>Am Schluss des Sessionstags wird Regierungsrat Robert K\u00fcng verabschiedet.<\/p>\n<h3>Schlussgedanke<\/h3>\n<p>Es wird sich in der n\u00e4chsten Zeit zeigen, was diese Klimadebatte bewirkt. Wie und ob all die Vorschl\u00e4ge zum Klimaschutz umgesetzt werden. Super ist, dass in unserem konservativen Kanton der Klimanotstand ausgerufen wird. Auch konnten mit Hilfe unserer SP-Fraktion viele Vorst\u00f6sse \u00fcberwiesen werden. Leider nicht als verbindliche Motionen, sondern nur als unverbindlichere Postulate. Aber immerhin. Ich denke, dies w\u00e4re in der letzten Legislatur nicht m\u00f6glich gewesen. Der Linksrutsch im Luzerner Parlament zeigt hier seine Auswirkungen.<\/p>\n<p>&nbsp;<\/p>\n<p>&nbsp;<\/p>\n<p>&nbsp;<\/p>\n<p>&nbsp;<\/p>\n","protected":false},"excerpt":{"rendered":"<p>Der Luzerner Kantonsrat trifft sich heute zu seiner Klimasession. Auf der Traktandenliste stehen 59 Gesch\u00e4fte zum Thema Klima und Klimaschutz. Begr\u00fcsst wurden wir am Morgen&#8230;<\/p>\n","protected":false},"author":19,"featured_media":2658,"comment_status":"open","ping_status":"open","sticky":false,"template":"","format":"standard","meta":{"footnotes":""},"categories":[22,23,79,30,21,25],"tags":[16,80,81,31,7,10],"class_list":["post-2651","post","type-post","status-publish","format-standard","has-post-thumbnail","hentry","category-kantonsrat-luzern","category-kantonsratsession","category-klima","category-parlament","category-politik","category-session-kantonsrat-luzern","tag-kantonsrat-kanton-luzern","tag-klima","tag-klima-session","tag-parlament","tag-politik","tag-session"],"yoast_head":"<!-- This site is optimized with the Yoast SEO plugin v27.5 - https:\/\/yoast.com\/product\/yoast-seo-wordpress\/ -->\n<title>Klima-Sondersession des Luzerner Kantonsrates vom 24. Juni 2019 - Peter F\u00e4ssler<\/title>\n<meta name=\"robots\" content=\"index, follow, max-snippet:-1, max-image-preview:large, max-video-preview:-1\" \/>\n<link rel=\"canonical\" href=\"https:\/\/peter-faessler.spschweiz.ch\/?p=2651\" \/>\n<meta property=\"og:locale\" content=\"de_DE\" \/>\n<meta property=\"og:type\" content=\"article\" \/>\n<meta property=\"og:title\" content=\"Klima-Sondersession des Luzerner Kantonsrates vom 24. Juni 2019 - Peter F\u00e4ssler\" \/>\n<meta property=\"og:description\" content=\"Der Luzerner Kantonsrat trifft sich heute zu seiner Klimasession. Auf der Traktandenliste stehen 59 Gesch\u00e4fte zum Thema Klima und Klimaschutz. Begr\u00fcsst wurden wir am Morgen...\" \/>\n<meta property=\"og:url\" content=\"https:\/\/peter-faessler.spschweiz.ch\/?p=2651\" \/>\n<meta property=\"og:site_name\" content=\"Peter F\u00e4ssler\" \/>\n<meta property=\"article:author\" content=\"www.facebook.com\/peter.fassler.31\" \/>\n<meta property=\"article:published_time\" content=\"2019-06-24T07:22:22+00:00\" \/>\n<meta property=\"article:modified_time\" content=\"2019-06-24T18:30:37+00:00\" \/>\n<meta property=\"og:image\" content=\"https:\/\/peter-faessler.spschweiz.ch\/wp-content\/uploads\/sites\/15\/2019\/06\/DSC_4049-1024x768.jpg\" \/>\n\t<meta property=\"og:image:width\" content=\"1024\" \/>\n\t<meta property=\"og:image:height\" content=\"768\" \/>\n\t<meta property=\"og:image:type\" content=\"image\/jpeg\" \/>\n<meta name=\"author\" content=\"Peter F\u00e4ssler\" \/>\n<meta name=\"twitter:label1\" content=\"Verfasst von\" \/>\n\t<meta name=\"twitter:data1\" content=\"Peter F\u00e4ssler\" \/>\n\t<meta name=\"twitter:label2\" content=\"Gesch\u00e4tzte Lesezeit\" \/>\n\t<meta name=\"twitter:data2\" content=\"3\u00a0Minuten\" \/>\n<script type=\"application\/ld+json\" class=\"yoast-schema-graph\">{\"@context\":\"https:\\\/\\\/schema.org\",\"@graph\":[{\"@type\":\"Article\",\"@id\":\"https:\\\/\\\/peter-faessler.spschweiz.ch\\\/?p=2651#article\",\"isPartOf\":{\"@id\":\"https:\\\/\\\/peter-faessler.spschweiz.ch\\\/?p=2651\"},\"author\":{\"name\":\"Peter F\u00e4ssler\",\"@id\":\"https:\\\/\\\/peter-faessler.spschweiz.ch\\\/#\\\/schema\\\/person\\\/7ac2f764b1930b731c670e8a2393b60e\"},\"headline\":\"Klima-Sondersession des Luzerner Kantonsrates vom 24. Juni 2019\",\"datePublished\":\"2019-06-24T07:22:22+00:00\",\"dateModified\":\"2019-06-24T18:30:37+00:00\",\"mainEntityOfPage\":{\"@id\":\"https:\\\/\\\/peter-faessler.spschweiz.ch\\\/?p=2651\"},\"wordCount\":701,\"commentCount\":0,\"image\":{\"@id\":\"https:\\\/\\\/peter-faessler.spschweiz.ch\\\/?p=2651#primaryimage\"},\"thumbnailUrl\":\"https:\\\/\\\/peter-faessler.spschweiz.ch\\\/wp-content\\\/uploads\\\/sites\\\/15\\\/2019\\\/06\\\/DSC_4049.jpg\",\"keywords\":[\"Kantonsrat Kanton Luzern\",\"Klima\",\"Klima-Session\",\"Parlament\",\"Politik\",\"Session\"],\"articleSection\":[\"Kantonsrat Luzern\",\"Kantonsratsession\",\"Klima\",\"Parlament\",\"Politik\",\"Session Kantonsrat Luzern\"],\"inLanguage\":\"de\",\"potentialAction\":[{\"@type\":\"CommentAction\",\"name\":\"Comment\",\"target\":[\"https:\\\/\\\/peter-faessler.spschweiz.ch\\\/?p=2651#respond\"]}]},{\"@type\":\"WebPage\",\"@id\":\"https:\\\/\\\/peter-faessler.spschweiz.ch\\\/?p=2651\",\"url\":\"https:\\\/\\\/peter-faessler.spschweiz.ch\\\/?p=2651\",\"name\":\"Klima-Sondersession des Luzerner Kantonsrates vom 24. Juni 2019 - Peter F\u00e4ssler\",\"isPartOf\":{\"@id\":\"https:\\\/\\\/peter-faessler.spschweiz.ch\\\/#website\"},\"primaryImageOfPage\":{\"@id\":\"https:\\\/\\\/peter-faessler.spschweiz.ch\\\/?p=2651#primaryimage\"},\"image\":{\"@id\":\"https:\\\/\\\/peter-faessler.spschweiz.ch\\\/?p=2651#primaryimage\"},\"thumbnailUrl\":\"https:\\\/\\\/peter-faessler.spschweiz.ch\\\/wp-content\\\/uploads\\\/sites\\\/15\\\/2019\\\/06\\\/DSC_4049.jpg\",\"datePublished\":\"2019-06-24T07:22:22+00:00\",\"dateModified\":\"2019-06-24T18:30:37+00:00\",\"author\":{\"@id\":\"https:\\\/\\\/peter-faessler.spschweiz.ch\\\/#\\\/schema\\\/person\\\/7ac2f764b1930b731c670e8a2393b60e\"},\"breadcrumb\":{\"@id\":\"https:\\\/\\\/peter-faessler.spschweiz.ch\\\/?p=2651#breadcrumb\"},\"inLanguage\":\"de\",\"potentialAction\":[{\"@type\":\"ReadAction\",\"target\":[\"https:\\\/\\\/peter-faessler.spschweiz.ch\\\/?p=2651\"]}]},{\"@type\":\"ImageObject\",\"inLanguage\":\"de\",\"@id\":\"https:\\\/\\\/peter-faessler.spschweiz.ch\\\/?p=2651#primaryimage\",\"url\":\"https:\\\/\\\/peter-faessler.spschweiz.ch\\\/wp-content\\\/uploads\\\/sites\\\/15\\\/2019\\\/06\\\/DSC_4049.jpg\",\"contentUrl\":\"https:\\\/\\\/peter-faessler.spschweiz.ch\\\/wp-content\\\/uploads\\\/sites\\\/15\\\/2019\\\/06\\\/DSC_4049.jpg\",\"width\":5520,\"height\":4140},{\"@type\":\"BreadcrumbList\",\"@id\":\"https:\\\/\\\/peter-faessler.spschweiz.ch\\\/?p=2651#breadcrumb\",\"itemListElement\":[{\"@type\":\"ListItem\",\"position\":1,\"name\":\"Startseite\",\"item\":\"https:\\\/\\\/peter-faessler.spschweiz.ch\\\/\"},{\"@type\":\"ListItem\",\"position\":2,\"name\":\"Klima-Sondersession des Luzerner Kantonsrates vom 24. Juni 2019\"}]},{\"@type\":\"WebSite\",\"@id\":\"https:\\\/\\\/peter-faessler.spschweiz.ch\\\/#website\",\"url\":\"https:\\\/\\\/peter-faessler.spschweiz.ch\\\/\",\"name\":\"Peter F\u00e4ssler\",\"description\":\"SP Kantonsrat Kanton Luzern\",\"potentialAction\":[{\"@type\":\"SearchAction\",\"target\":{\"@type\":\"EntryPoint\",\"urlTemplate\":\"https:\\\/\\\/peter-faessler.spschweiz.ch\\\/?s={search_term_string}\"},\"query-input\":{\"@type\":\"PropertyValueSpecification\",\"valueRequired\":true,\"valueName\":\"search_term_string\"}}],\"inLanguage\":\"de\"},{\"@type\":\"Person\",\"@id\":\"https:\\\/\\\/peter-faessler.spschweiz.ch\\\/#\\\/schema\\\/person\\\/7ac2f764b1930b731c670e8a2393b60e\",\"name\":\"Peter F\u00e4ssler\",\"image\":{\"@type\":\"ImageObject\",\"inLanguage\":\"de\",\"@id\":\"https:\\\/\\\/secure.gravatar.com\\\/avatar\\\/9da8604da19b11812517d76f206166d47c5e180a26df2de36b8649168e128572?s=96&d=blank&r=g\",\"url\":\"https:\\\/\\\/secure.gravatar.com\\\/avatar\\\/9da8604da19b11812517d76f206166d47c5e180a26df2de36b8649168e128572?s=96&d=blank&r=g\",\"contentUrl\":\"https:\\\/\\\/secure.gravatar.com\\\/avatar\\\/9da8604da19b11812517d76f206166d47c5e180a26df2de36b8649168e128572?s=96&d=blank&r=g\",\"caption\":\"Peter F\u00e4ssler\"},\"description\":\"Peter F\u00e4ssler Schibiweg 7 6006 Luzern\",\"sameAs\":[\"www.facebook.com\\\/peter.fassler.31\",\"https:\\\/\\\/www.instagram.com\\\/peter.fassler.31\\\/\",\"https:\\\/\\\/www.linkedin.com\\\/in\\\/peter-fssler-2518a782\\\/\",\"https:\\\/\\\/x.com\\\/pfaessler56\"],\"url\":\"https:\\\/\\\/peter-faessler.spschweiz.ch\\\/?author=19\"}]}<\/script>\n<!-- \/ Yoast SEO plugin. -->","yoast_head_json":{"title":"Klima-Sondersession des Luzerner Kantonsrates vom 24. Juni 2019 - Peter F\u00e4ssler","robots":{"index":"index","follow":"follow","max-snippet":"max-snippet:-1","max-image-preview":"max-image-preview:large","max-video-preview":"max-video-preview:-1"},"canonical":"https:\/\/peter-faessler.spschweiz.ch\/?p=2651","og_locale":"de_DE","og_type":"article","og_title":"Klima-Sondersession des Luzerner Kantonsrates vom 24. Juni 2019 - Peter F\u00e4ssler","og_description":"Der Luzerner Kantonsrat trifft sich heute zu seiner Klimasession. Auf der Traktandenliste stehen 59 Gesch\u00e4fte zum Thema Klima und Klimaschutz. Begr\u00fcsst wurden wir am Morgen...","og_url":"https:\/\/peter-faessler.spschweiz.ch\/?p=2651","og_site_name":"Peter F\u00e4ssler","article_author":"www.facebook.com\/peter.fassler.31","article_published_time":"2019-06-24T07:22:22+00:00","article_modified_time":"2019-06-24T18:30:37+00:00","og_image":[{"width":1024,"height":768,"url":"https:\/\/peter-faessler.spschweiz.ch\/wp-content\/uploads\/sites\/15\/2019\/06\/DSC_4049-1024x768.jpg","type":"image\/jpeg"}],"author":"Peter F\u00e4ssler","twitter_misc":{"Verfasst von":"Peter F\u00e4ssler","Gesch\u00e4tzte Lesezeit":"3\u00a0Minuten"},"schema":{"@context":"https:\/\/schema.org","@graph":[{"@type":"Article","@id":"https:\/\/peter-faessler.spschweiz.ch\/?p=2651#article","isPartOf":{"@id":"https:\/\/peter-faessler.spschweiz.ch\/?p=2651"},"author":{"name":"Peter F\u00e4ssler","@id":"https:\/\/peter-faessler.spschweiz.ch\/#\/schema\/person\/7ac2f764b1930b731c670e8a2393b60e"},"headline":"Klima-Sondersession des Luzerner Kantonsrates vom 24. Juni 2019","datePublished":"2019-06-24T07:22:22+00:00","dateModified":"2019-06-24T18:30:37+00:00","mainEntityOfPage":{"@id":"https:\/\/peter-faessler.spschweiz.ch\/?p=2651"},"wordCount":701,"commentCount":0,"image":{"@id":"https:\/\/peter-faessler.spschweiz.ch\/?p=2651#primaryimage"},"thumbnailUrl":"https:\/\/peter-faessler.spschweiz.ch\/wp-content\/uploads\/sites\/15\/2019\/06\/DSC_4049.jpg","keywords":["Kantonsrat Kanton Luzern","Klima","Klima-Session","Parlament","Politik","Session"],"articleSection":["Kantonsrat Luzern","Kantonsratsession","Klima","Parlament","Politik","Session Kantonsrat Luzern"],"inLanguage":"de","potentialAction":[{"@type":"CommentAction","name":"Comment","target":["https:\/\/peter-faessler.spschweiz.ch\/?p=2651#respond"]}]},{"@type":"WebPage","@id":"https:\/\/peter-faessler.spschweiz.ch\/?p=2651","url":"https:\/\/peter-faessler.spschweiz.ch\/?p=2651","name":"Klima-Sondersession des Luzerner Kantonsrates vom 24. Juni 2019 - Peter F\u00e4ssler","isPartOf":{"@id":"https:\/\/peter-faessler.spschweiz.ch\/#website"},"primaryImageOfPage":{"@id":"https:\/\/peter-faessler.spschweiz.ch\/?p=2651#primaryimage"},"image":{"@id":"https:\/\/peter-faessler.spschweiz.ch\/?p=2651#primaryimage"},"thumbnailUrl":"https:\/\/peter-faessler.spschweiz.ch\/wp-content\/uploads\/sites\/15\/2019\/06\/DSC_4049.jpg","datePublished":"2019-06-24T07:22:22+00:00","dateModified":"2019-06-24T18:30:37+00:00","author":{"@id":"https:\/\/peter-faessler.spschweiz.ch\/#\/schema\/person\/7ac2f764b1930b731c670e8a2393b60e"},"breadcrumb":{"@id":"https:\/\/peter-faessler.spschweiz.ch\/?p=2651#breadcrumb"},"inLanguage":"de","potentialAction":[{"@type":"ReadAction","target":["https:\/\/peter-faessler.spschweiz.ch\/?p=2651"]}]},{"@type":"ImageObject","inLanguage":"de","@id":"https:\/\/peter-faessler.spschweiz.ch\/?p=2651#primaryimage","url":"https:\/\/peter-faessler.spschweiz.ch\/wp-content\/uploads\/sites\/15\/2019\/06\/DSC_4049.jpg","contentUrl":"https:\/\/peter-faessler.spschweiz.ch\/wp-content\/uploads\/sites\/15\/2019\/06\/DSC_4049.jpg","width":5520,"height":4140},{"@type":"BreadcrumbList","@id":"https:\/\/peter-faessler.spschweiz.ch\/?p=2651#breadcrumb","itemListElement":[{"@type":"ListItem","position":1,"name":"Startseite","item":"https:\/\/peter-faessler.spschweiz.ch\/"},{"@type":"ListItem","position":2,"name":"Klima-Sondersession des Luzerner Kantonsrates vom 24. Juni 2019"}]},{"@type":"WebSite","@id":"https:\/\/peter-faessler.spschweiz.ch\/#website","url":"https:\/\/peter-faessler.spschweiz.ch\/","name":"Peter F\u00e4ssler","description":"SP Kantonsrat Kanton Luzern","potentialAction":[{"@type":"SearchAction","target":{"@type":"EntryPoint","urlTemplate":"https:\/\/peter-faessler.spschweiz.ch\/?s={search_term_string}"},"query-input":{"@type":"PropertyValueSpecification","valueRequired":true,"valueName":"search_term_string"}}],"inLanguage":"de"},{"@type":"Person","@id":"https:\/\/peter-faessler.spschweiz.ch\/#\/schema\/person\/7ac2f764b1930b731c670e8a2393b60e","name":"Peter F\u00e4ssler","image":{"@type":"ImageObject","inLanguage":"de","@id":"https:\/\/secure.gravatar.com\/avatar\/9da8604da19b11812517d76f206166d47c5e180a26df2de36b8649168e128572?s=96&d=blank&r=g","url":"https:\/\/secure.gravatar.com\/avatar\/9da8604da19b11812517d76f206166d47c5e180a26df2de36b8649168e128572?s=96&d=blank&r=g","contentUrl":"https:\/\/secure.gravatar.com\/avatar\/9da8604da19b11812517d76f206166d47c5e180a26df2de36b8649168e128572?s=96&d=blank&r=g","caption":"Peter F\u00e4ssler"},"description":"Peter F\u00e4ssler Schibiweg 7 6006 Luzern","sameAs":["www.facebook.com\/peter.fassler.31","https:\/\/www.instagram.com\/peter.fassler.31\/","https:\/\/www.linkedin.com\/in\/peter-fssler-2518a782\/","https:\/\/x.com\/pfaessler56"],"url":"https:\/\/peter-faessler.spschweiz.ch\/?author=19"}]}},"_links":{"self":[{"href":"https:\/\/peter-faessler.spschweiz.ch\/index.php?rest_route=\/wp\/v2\/posts\/2651","targetHints":{"allow":["GET"]}}],"collection":[{"href":"https:\/\/peter-faessler.spschweiz.ch\/index.php?rest_route=\/wp\/v2\/posts"}],"about":[{"href":"https:\/\/peter-faessler.spschweiz.ch\/index.php?rest_route=\/wp\/v2\/types\/post"}],"author":[{"embeddable":true,"href":"https:\/\/peter-faessler.spschweiz.ch\/index.php?rest_route=\/wp\/v2\/users\/19"}],"replies":[{"embeddable":true,"href":"https:\/\/peter-faessler.spschweiz.ch\/index.php?rest_route=%2Fwp%2Fv2%2Fcomments&post=2651"}],"version-history":[{"count":32,"href":"https:\/\/peter-faessler.spschweiz.ch\/index.php?rest_route=\/wp\/v2\/posts\/2651\/revisions"}],"predecessor-version":[{"id":2696,"href":"https:\/\/peter-faessler.spschweiz.ch\/index.php?rest_route=\/wp\/v2\/posts\/2651\/revisions\/2696"}],"wp:featuredmedia":[{"embeddable":true,"href":"https:\/\/peter-faessler.spschweiz.ch\/index.php?rest_route=\/wp\/v2\/media\/2658"}],"wp:attachment":[{"href":"https:\/\/peter-faessler.spschweiz.ch\/index.php?rest_route=%2Fwp%2Fv2%2Fmedia&parent=2651"}],"wp:term":[{"taxonomy":"category","embeddable":true,"href":"https:\/\/peter-faessler.spschweiz.ch\/index.php?rest_route=%2Fwp%2Fv2%2Fcategories&post=2651"},{"taxonomy":"post_tag","embeddable":true,"href":"https:\/\/peter-faessler.spschweiz.ch\/index.php?rest_route=%2Fwp%2Fv2%2Ftags&post=2651"}],"curies":[{"name":"wp","href":"https:\/\/api.w.org\/{rel}","templated":true}]}}