{"id":2815,"date":"2019-09-09T07:32:18","date_gmt":"2019-09-09T05:32:18","guid":{"rendered":"https:\/\/peter-faessler.spschweiz.ch\/?p=2815"},"modified":"2019-09-10T08:53:33","modified_gmt":"2019-09-10T06:53:33","slug":"septembersession-kantonsrat-kanton-luzern-vom-9-10-und-16-september-2019","status":"publish","type":"post","link":"https:\/\/peter-faessler.spschweiz.ch\/?p=2815","title":{"rendered":"Septembersession Kantonsrat Kanton Luzern vom 9., 10. und 16. September 2019"},"content":{"rendered":"<p>Die <a href=\"https:\/\/www.lu.ch\/kr\/sessionen\/sessionsdaten_2019\/detail?guid=baf6b2c834b64ccd858d818a6ec889f1&amp;cal=76EC2D472DD4461BBBB06D15F032B660\" target=\"_blank\" rel=\"noopener noreferrer\">Traktandenliste<\/a> der Septembersession des Kantonsrates Luzern ist reich befrachtet: 84 Gesch\u00e4fte sind traktandiert. Davon stammen viele noch von den beiden Juni-Sessionen. Diese wurden damals aus Zeitgr\u00fcnden nicht behandelt.<\/p>\n<p>Nach der Begr\u00fcssung wird \u00fcber die <strong>Dringlichkeit von Vorst\u00f6ssen<\/strong> abgestimmt. Alle Antr\u00e4ge wurden abgelehnt. Sie stammen alle von SP, Gr\u00fcne und GLP.<\/p>\n<p><img loading=\"lazy\" decoding=\"async\" class=\"size-medium wp-image-1520 alignright\" src=\"http:\/\/peter-faessler.spschweiz.ch\/wp-content\/uploads\/sites\/15\/2018\/05\/SP_GROSSRAT_13.web_-300x200.jpg\" alt=\"\" width=\"300\" height=\"200\" srcset=\"https:\/\/peter-faessler.spschweiz.ch\/wp-content\/uploads\/sites\/15\/2018\/05\/SP_GROSSRAT_13.web_-300x200.jpg 300w, https:\/\/peter-faessler.spschweiz.ch\/wp-content\/uploads\/sites\/15\/2018\/05\/SP_GROSSRAT_13.web_-150x100.jpg 150w, https:\/\/peter-faessler.spschweiz.ch\/wp-content\/uploads\/sites\/15\/2018\/05\/SP_GROSSRAT_13.web_-768x511.jpg 768w, https:\/\/peter-faessler.spschweiz.ch\/wp-content\/uploads\/sites\/15\/2018\/05\/SP_GROSSRAT_13.web_-1024x681.jpg 1024w, https:\/\/peter-faessler.spschweiz.ch\/wp-content\/uploads\/sites\/15\/2018\/05\/SP_GROSSRAT_13.web_.jpg 1183w\" sizes=\"auto, (max-width: 300px) 100vw, 300px\" \/>Traktandum 3: <a href=\"https:\/\/www.lu.ch\/kr\/Parlamentsgeschaefte\/detail?ges=7e39262381784eb89edf933064d2b042\" target=\"_blank\" rel=\"noopener noreferrer\">B 157<\/a> <strong>Anpassung der Regelung zur Abgabebefreiung beim Mehrwertausgleich; Entwurf \u00c4nderung des Planungs- und Baugesetzes, 2. Beratung<\/strong><br \/>\nZustimmung einstimmig.<\/p>\n<p>Traktandum 4: <a href=\"https:\/\/www.lu.ch\/kr\/Parlamentsgeschaefte\/detail?ges=c1410d482a1848f2b755a19e974203d1\" target=\"_blank\" rel=\"noopener noreferrer\">B 158<\/a> <strong>Vereinfachung des Schatzungswesens (Projekt LuVal); Entwurf \u00c4nderung des Steuergesetzes, 2. Beratung<\/strong><br \/>\nZustimmung einstimmig.<\/p>\n<p>Traktandum 5: <a href=\"https:\/\/www.lu.ch\/kr\/Parlamentsgeschaefte\/detail?ges=29ba28f002a046ce89ee9bfc0ea1be1b\" target=\"_blank\" rel=\"noopener noreferrer\">B 151<\/a> <strong>Regelungen f\u00fcr das Sexgewerbe; Entwurf \u00c4nderung des Gewerbepolizeigesetzes, 2. Beratung<\/strong><br \/>\nZustimmung mit 100 zu 14 Stimmen. Gegen die Stimmen der Gr\u00fcnen.<\/p>\n<p>Traktandum 6: <a href=\"https:\/\/www.lu.ch\/kr\/Parlamentsgeschaefte\/detail?ges=40d53a2953af4ac5b064d8757b356b23\" target=\"_blank\" rel=\"noopener noreferrer\">B 161<\/a> <strong>Einf\u00fchrung des neuen Ordnungsbussenrechts im Kanton Luzern; Entwurf \u00c4nderung des \u00dcbertretungsstrafgesetzes und weiterer Gesetze, 2. Beratung<\/strong><br \/>\nZustimmung einstimmig.<\/p>\n<p>Traktandum 7: <a href=\"https:\/\/www.lu.ch\/kr\/Parlamentsgeschaefte\/detail?ges=53c89dc98203483d89d3277f6985f0a7\" target=\"_blank\" rel=\"noopener noreferrer\">B 168<\/a>\u00a0 <strong>Volksinitiative \u00abSichere Pr\u00e4mienverbilligung \u2013 Abbau verhindern\u00bb und Gegenvorschlag; Entwurf Kantonsratsbeschluss und Gegenentwurf in der Form einer \u00c4nderung des Pr\u00e4mienverbilligungsgesetzes<br \/>\n<\/strong>SP-Initiative wurde lanciert um Abbau bei IPV f\u00fcr Familien r\u00fcckg\u00e4ngig zu machen und eine R\u00fcckzahlungspflicht der IPV in einem budgetlosen Zustand bzw. bei Beitragsk\u00fcrzungen zu verhindern. Vor Bundesgericht hat die SP aber weitergehende Mindeststandards erstritten, welche in den Gegenvorschlag eingeflossen sind.<br \/>\nInzwischen gilt neues Bundesrecht: F\u00fcr untere und mittlere Einkommen sollen die Pr\u00e4mien der Kinder neu um 80% statt 50% verbilligt werden.<br \/>\nIm Kanton Aargau wurde eine Normen\u00fcberpr\u00fcfung eingeleitet, da Einzelpersonen mit tiefen und mittleren Einkommen unserer Sicht nach zu wenig Unterst\u00fctzung bekommen.<br \/>\nNicht nur WSH-Bez\u00fcgerInnen sollen IPV erhalten, sondern (gem\u00e4ss Bundesgesetz und Bundesgerichtsurteil) auch der Mittelstand.<br \/>\nDie Abstimmung \u00fcber die Volksinitiative findet nach der 2. Lesung statt.<br \/>\nDem Gegenentwurf der Regierung wird einstimmig zugestimmt.<\/p>\n<p>Traktandum 8: <a href=\"https:\/\/www.lu.ch\/kr\/Parlamentsgeschaefte\/detail?ges=27f88c5116b34acc901228f9436e334c\" target=\"_blank\" rel=\"noopener noreferrer\">A 711<\/a>\u00a0 <strong>Anfrage Klein Corinna und Mit. \u00fcber die Pr\u00e4mienverbilligung<\/strong><br \/>\nAnfragende ist mit der Antwort zufrieden, keine Diskussion.<\/p>\n<p><img loading=\"lazy\" decoding=\"async\" class=\"size-medium wp-image-1984 alignright\" src=\"http:\/\/peter-faessler.spschweiz.ch\/wp-content\/uploads\/sites\/15\/2018\/12\/SP_GROSSRAT_39-300x200.jpg\" alt=\"\" width=\"300\" height=\"200\" srcset=\"https:\/\/peter-faessler.spschweiz.ch\/wp-content\/uploads\/sites\/15\/2018\/12\/SP_GROSSRAT_39-300x200.jpg 300w, https:\/\/peter-faessler.spschweiz.ch\/wp-content\/uploads\/sites\/15\/2018\/12\/SP_GROSSRAT_39-150x100.jpg 150w, https:\/\/peter-faessler.spschweiz.ch\/wp-content\/uploads\/sites\/15\/2018\/12\/SP_GROSSRAT_39-768x511.jpg 768w, https:\/\/peter-faessler.spschweiz.ch\/wp-content\/uploads\/sites\/15\/2018\/12\/SP_GROSSRAT_39-1024x682.jpg 1024w\" sizes=\"auto, (max-width: 300px) 100vw, 300px\" \/>Traktandum 9: <a href=\"https:\/\/www.lu.ch\/kr\/Parlamentsgeschaefte\/detail?ges=24348aff188f4d60a321adfb1845b03e\" target=\"_blank\" rel=\"noopener noreferrer\">M 705<\/a>\u00a0 <strong>Motion Wimmer-L\u00f6tscher Marianne und Mit. \u00fcber Optimierung der Pr\u00e4mienverbilligung<\/strong><br \/>\n\u00dcberwiesen als Postulat mit 102 zu 5 Stimmen.<\/p>\n<p>Traktandum 10: <a href=\"https:\/\/www.lu.ch\/kr\/Parlamentsgeschaefte\/detail?ges=032589a5a0e0455c9d193fc5bda6a800\" target=\"_blank\" rel=\"noopener noreferrer\">P 728<\/a>\u00a0 <strong>Postulat Jung Gerda und Mit. \u00fcber die Pr\u00fcfung der Beseitigung einer Heiratsstrafe bei der individuellen Pr\u00e4mienverbilligung (IPV)<\/strong><br \/>\nEinstimmig \u00fcberwiesen.<\/p>\n<p>Traktandum 11: <a href=\"https:\/\/www.lu.ch\/kr\/Parlamentsgeschaefte\/detail?ges=241f1554acae4c8f94ed5a8f2c4058f9\" target=\"_blank\" rel=\"noopener noreferrer\">B 171<\/a> <strong>Weiterentwicklung bedarfsgerechter Angebote f\u00fcr Kinder, Jugendliche und Erwachsene mit besonderem Betreuungsbedarf; Entwurf Teilrevision des Gesetzes \u00fcber soziale Einrichtungen (SEG)<br \/>\n<\/strong>NFA vom Gesetz \u00fcber soziale Einrichtungen (SEG) abgel\u00f6st. \u00a0Damit ging die Kompetenz zur Planung, Finanzierung und Aufsicht \u00fcber Institutionen f\u00fcr Menschen mit Behinderungen per 1.1. 2008 an die Kantone \u00fcber. Gleichzeitig trat das Bundesgesetz \u00fcber die Institutionen f\u00fcr F\u00f6rderung der Eingliederung von invaliden Personen (IFEG) in Kraft. Der Kanton hat zu gew\u00e4hrleisten, dass Angebote an Institutionen zur Verf\u00fcgung stehen, welche den Bed\u00fcrfnissen von invaliden Personen in angemessener Weise entsprechen.<br \/>\nDas SEG stellt sicher, dass ein bedarfsgerechtes Angebot f\u00fcr betreuungsbed\u00fcrftige Kinder und Jugendliche, erwachsenen Personen mit Behinderungen sowie f\u00fcr Menschen mit Suchproblematik vorhanden ist.<br \/>\nMit der Teilrevision sollen neben den station\u00e4r <strong>neu<\/strong> auch die <strong>ambulant <\/strong>erbrachten Leistungen gesetzlich geregelt werden, die f\u00fcr die benannten Personengruppen beim Wohnen, bei der Ausbildung und Erziehung respektive beim Arbeiten und bei einer m\u00f6glichst selbst\u00e4ndigen Lebensf\u00fchrung angeboten werden.<br \/>\nHauptanliegen\/Vorteile:<br \/>\nLeitbild f\u00fcr Menschen mit Behinderung und Uno Behindertenrechtskonvention \u2013 Selbstbestimmung und gesellschaftliche Integration von Menschen mit Behinderung\u2013 nachleben.<br \/>\nWeiterf\u00fchrung Strategie ambulant vor station\u00e4r.<br \/>\nFinanzielle Fehlanreize f\u00fcr Gemeinden werden abgebaut indem die Finanzierung von ambulanten und station\u00e4ren Leistungen gleichgeschaltet wird.<br \/>\nEinf\u00fchrung Fach- und Assistenzleistungen Bereich B f\u00fcr Menschen mit Behinderung.<br \/>\nEinf\u00fchrung amb. Familienhilfen Bereich A und D.<br \/>\nRegelung Bewilligung und Aufsicht.<br \/>\nZustimmung einstimmig.<\/p>\n<p><img loading=\"lazy\" decoding=\"async\" class=\"size-full wp-image-2833 alignright\" src=\"http:\/\/peter-faessler.spschweiz.ch\/wp-content\/uploads\/sites\/15\/2019\/09\/Faire-Mieten.jpg\" alt=\"\" width=\"168\" height=\"223\" srcset=\"https:\/\/peter-faessler.spschweiz.ch\/wp-content\/uploads\/sites\/15\/2019\/09\/Faire-Mieten.jpg 168w, https:\/\/peter-faessler.spschweiz.ch\/wp-content\/uploads\/sites\/15\/2019\/09\/Faire-Mieten-113x150.jpg 113w\" sizes=\"auto, (max-width: 168px) 100vw, 168px\" \/>Traktandum 12: <a href=\"https:\/\/www.lu.ch\/kr\/Parlamentsgeschaefte\/detail?ges=f8f9ad843c894152992de25411c18b92\" target=\"_blank\" rel=\"noopener noreferrer\">B 162<\/a> <strong>Volksinitiative \u00abFair von Anfang an, dank transparenter Vormiete!\u00bb; Entwurf Kantonsratsbeschluss<\/strong><br \/>\nDie Initiative des Mieterinnen- und Mieterverbandes Luzern fordert bei Mietwechsel die Offenlegung der Vormiete, was mit zwei Zahlen und im Falle einer \u00c4nderung mit einer kurzen Begr\u00fcndung erf\u00fcllt werden kann. Die Offenlegungspflicht soll ab einer Leerwohnungsziffer unter 1,5 (Wohnungsmangel gem\u00e4ss Bundesamt f\u00fcr Wohnungswesen) gelten.<br \/>\n2013 beantragte Regierungsrat die Erheblicherkl\u00e4rung eines Vorstosses von Michael T\u00f6ngi zur Offenlegungspflicht der Vormiete, der Kantonsrat lehnte dies aber ab.<br \/>\nAktuell kann Regierungsrat Gebiete bestimmen, in denen die Formularpflicht eingef\u00fchrt wird, er hat dies aber noch nie getan.<br \/>\nMit der Formularpflicht wird Transparenz und Vertrauen im Mietverh\u00e4ltnis geschafften. Sie ist ein gutes pr\u00e4ventives Mittel gegen missbr\u00e4uchliche Mietzinserh\u00f6hungen.<br \/>\n<strong>Speziell:<\/strong> Wenn die Initative abgelehnt werden soll, muss man JA stimmen. Das verstanden viele, speziell b\u00fcrgerliche Parlamentarier, nicht. Daher wurde der Initiative mit einer Stimme unterschied zugestimmt. Ein Erfolg f\u00fcr den Mieterschutz.<br \/>\nEin Ordnungsantrag verlangte jedoch Stimmwiederholung. Dem wurde zugestimmt. Danach hatte die Abstimmung wieder ihr gewohntes Resultat: B\u00fcrgerliche lehnten die Intiative ab, Links stimmte ihr zu.<br \/>\nAblehnung der Initiative mit 71 zu 40 Stimmen.<\/p>\n<p>Traktandum 13: <a href=\"https:\/\/www.lu.ch\/kr\/Parlamentsgeschaefte\/detail?ges=7a094c22303e42b2a539085389ddfb89\" target=\"_blank\" rel=\"noopener noreferrer\">B 164<\/a> <strong>Hochwasserschutz und Revitalisierung Steib\u00e4rebach, Gemeinde Triengen; Entwurf Dekret \u00fcber einen Sonderkredit<\/strong><br \/>\nZustimmung mit 108 zu 1 Stimme.<\/p>\n<p>Traktandum 14: <a href=\"https:\/\/www.lu.ch\/kr\/Parlamentsgeschaefte\/detail?ges=f7c0febd6f1c481781f1a16799fd7962\" target=\"_blank\" rel=\"noopener noreferrer\">B 167<\/a> <strong>Hochwasserschutz und Revitalisierung der Sure sowie Neubau der Wehranlage zur Regulierung des Sempachersees, Gemeinde Oberkirch und Stadt Sursee; Entwurf Dekret \u00fcber einen Sonderkredit<\/strong><br \/>\nAufgrund von Unwetterereignissen in der Vergangenheit kam es in der Stadt Sursee und der Gemeinde Oberkirch zu Unwettersch\u00e4den. Durch die Sanierung und Automatisierung des Wehrs beim Ausfluss des Sempachersee, dem Bau eines Hochwasserr\u00fcckhaltebeckens sowie Anpassungen im Verlauf des Hofbachs und der Sure, soll der Schutz vor Hochwasser gew\u00e4hrleistet und Sch\u00e4den vermieden werden. Hochwasserschutzprojekte sind immer mit Revitalisierungen umzusetzen.<br \/>\nMit den Massnahmen des vorliegenden Projektes wird der Hochwasserschutz im betroffenen Gebiet so sichergestellt, dass ein alle 100 Jahre auftretendes Hochwasser schadenfrei durch Oberkirch und Sursee abgeleitet werden kann. Die Sure wird \u00f6kologisch aufgewertet (Fischg\u00e4ngigkeit).<br \/>\nZustimmung mit 92 zu 15 Stimmen.<\/p>\n<p>Traktandum 15: <strong>P\u00e4dagogische Hochschule Luzern; T\u00e4tigkeitsbericht 2018<\/strong><br \/>\nWird zur Kenntnis genommen.<\/p>\n<p>Traktandum 16: <strong>Universit\u00e4t Luzern; Jahresbericht 2018<\/strong><br \/>\nWird zur Kenntnis genommen.<\/p>\n<p>Traktandum 17: <strong>Mehrj\u00e4hriger Leistungsauftrag der Hochschule Luzern (FH Zentralschweiz) 2020 &#8211; 2023<\/strong><br \/>\nMeinung der SP Fraktion zum Leistungsauftrag: Wir sind f\u00fcr Kenntnisnahme \u00abmit Vorbehalt\u00bb. Einerseits w\u00fcrdigen wir die HSLU als bedeutende Bildungsst\u00e4tte in der Zentralschweiz. Andererseits sind Vorbehalte zu Vorgaben zu \u00abWachstumsbeschr\u00e4nkung\u00bb und vor allem zur ungen\u00fcgenden Finanzierung; der Tr\u00e4gerbeitrag von lediglich 6% ist klar zu tief.<br \/>\nDer Rat nimmt den Leistungsauftrag zur Kenntnisse.<\/p>\n<p><strong>Es folgen die parlamentarischen Vorst\u00f6sse<\/strong><\/p>\n<p>Traktanden 18 bis 35 stammen aus dem \u00dcberhang der ordentlichen Juni-Session.<\/p>\n<p>Traktanden 36 bis 61 stammen aus der Klima-Session im Juni.<\/p>\n<p>Alle Details siehe <a href=\"https:\/\/www.lu.ch\/kr\/sessionen\/sessionsdaten_2019\/detail?guid=baf6b2c834b64ccd858d818a6ec889f1&amp;cal=76EC2D472DD4461BBBB06D15F032B660\" target=\"_blank\" rel=\"noopener noreferrer\">hier<\/a>.<\/p>\n","protected":false},"excerpt":{"rendered":"<p>Die Traktandenliste der Septembersession des Kantonsrates Luzern ist reich befrachtet: 84 Gesch\u00e4fte sind traktandiert. Davon stammen viele noch von den beiden Juni-Sessionen. Diese wurden damals&#8230;<\/p>\n","protected":false},"author":19,"featured_media":2601,"comment_status":"open","ping_status":"open","sticky":false,"template":"","format":"standard","meta":{"footnotes":""},"categories":[22,23,79,30,21,25],"tags":[8,9,26,31,7,10,15],"class_list":["post-2815","post","type-post","status-publish","format-standard","has-post-thumbnail","hentry","category-kantonsrat-luzern","category-kantonsratsession","category-klima","category-parlament","category-politik","category-session-kantonsrat-luzern","tag-kanton-luzern","tag-kantonsrat","tag-kantonsratssession","tag-parlament","tag-politik","tag-session","tag-sp"],"yoast_head":"<!-- This site is optimized with the Yoast SEO plugin v27.5 - https:\/\/yoast.com\/product\/yoast-seo-wordpress\/ -->\n<title>Septembersession Kantonsrat Kanton Luzern vom 9., 10. und 16. September 2019 - Peter F\u00e4ssler<\/title>\n<meta name=\"robots\" content=\"index, follow, max-snippet:-1, max-image-preview:large, max-video-preview:-1\" \/>\n<link rel=\"canonical\" href=\"https:\/\/peter-faessler.spschweiz.ch\/?p=2815\" \/>\n<meta property=\"og:locale\" content=\"de_DE\" \/>\n<meta property=\"og:type\" content=\"article\" \/>\n<meta property=\"og:title\" content=\"Septembersession Kantonsrat Kanton Luzern vom 9., 10. und 16. September 2019 - Peter F\u00e4ssler\" \/>\n<meta property=\"og:description\" content=\"Die Traktandenliste der Septembersession des Kantonsrates Luzern ist reich befrachtet: 84 Gesch\u00e4fte sind traktandiert. Davon stammen viele noch von den beiden Juni-Sessionen. Diese wurden damals...\" \/>\n<meta property=\"og:url\" content=\"https:\/\/peter-faessler.spschweiz.ch\/?p=2815\" \/>\n<meta property=\"og:site_name\" content=\"Peter F\u00e4ssler\" \/>\n<meta property=\"article:author\" content=\"www.facebook.com\/peter.fassler.31\" \/>\n<meta property=\"article:published_time\" content=\"2019-09-09T05:32:18+00:00\" \/>\n<meta property=\"article:modified_time\" content=\"2019-09-10T06:53:33+00:00\" \/>\n<meta property=\"og:image\" content=\"https:\/\/peter-faessler.spschweiz.ch\/wp-content\/uploads\/sites\/15\/2019\/06\/DSC_4017b-1024x606.jpg\" \/>\n\t<meta property=\"og:image:width\" content=\"1024\" \/>\n\t<meta property=\"og:image:height\" content=\"606\" \/>\n\t<meta property=\"og:image:type\" content=\"image\/jpeg\" \/>\n<meta name=\"author\" content=\"Peter F\u00e4ssler\" \/>\n<meta name=\"twitter:label1\" content=\"Verfasst von\" \/>\n\t<meta name=\"twitter:data1\" content=\"Peter F\u00e4ssler\" \/>\n\t<meta name=\"twitter:label2\" content=\"Gesch\u00e4tzte Lesezeit\" \/>\n\t<meta name=\"twitter:data2\" content=\"5\u00a0Minuten\" \/>\n<script type=\"application\/ld+json\" class=\"yoast-schema-graph\">{\"@context\":\"https:\\\/\\\/schema.org\",\"@graph\":[{\"@type\":\"Article\",\"@id\":\"https:\\\/\\\/peter-faessler.spschweiz.ch\\\/?p=2815#article\",\"isPartOf\":{\"@id\":\"https:\\\/\\\/peter-faessler.spschweiz.ch\\\/?p=2815\"},\"author\":{\"name\":\"Peter F\u00e4ssler\",\"@id\":\"https:\\\/\\\/peter-faessler.spschweiz.ch\\\/#\\\/schema\\\/person\\\/7ac2f764b1930b731c670e8a2393b60e\"},\"headline\":\"Septembersession Kantonsrat Kanton Luzern vom 9., 10. und 16. September 2019\",\"datePublished\":\"2019-09-09T05:32:18+00:00\",\"dateModified\":\"2019-09-10T06:53:33+00:00\",\"mainEntityOfPage\":{\"@id\":\"https:\\\/\\\/peter-faessler.spschweiz.ch\\\/?p=2815\"},\"wordCount\":1028,\"commentCount\":0,\"image\":{\"@id\":\"https:\\\/\\\/peter-faessler.spschweiz.ch\\\/?p=2815#primaryimage\"},\"thumbnailUrl\":\"https:\\\/\\\/peter-faessler.spschweiz.ch\\\/wp-content\\\/uploads\\\/sites\\\/15\\\/2019\\\/06\\\/DSC_4017b.jpg\",\"keywords\":[\"Kanton Luzern\",\"Kantonsrat\",\"Kantonsratssession\",\"Parlament\",\"Politik\",\"Session\",\"SP\"],\"articleSection\":[\"Kantonsrat Luzern\",\"Kantonsratsession\",\"Klima\",\"Parlament\",\"Politik\",\"Session Kantonsrat Luzern\"],\"inLanguage\":\"de\",\"potentialAction\":[{\"@type\":\"CommentAction\",\"name\":\"Comment\",\"target\":[\"https:\\\/\\\/peter-faessler.spschweiz.ch\\\/?p=2815#respond\"]}]},{\"@type\":\"WebPage\",\"@id\":\"https:\\\/\\\/peter-faessler.spschweiz.ch\\\/?p=2815\",\"url\":\"https:\\\/\\\/peter-faessler.spschweiz.ch\\\/?p=2815\",\"name\":\"Septembersession Kantonsrat Kanton Luzern vom 9., 10. und 16. September 2019 - Peter F\u00e4ssler\",\"isPartOf\":{\"@id\":\"https:\\\/\\\/peter-faessler.spschweiz.ch\\\/#website\"},\"primaryImageOfPage\":{\"@id\":\"https:\\\/\\\/peter-faessler.spschweiz.ch\\\/?p=2815#primaryimage\"},\"image\":{\"@id\":\"https:\\\/\\\/peter-faessler.spschweiz.ch\\\/?p=2815#primaryimage\"},\"thumbnailUrl\":\"https:\\\/\\\/peter-faessler.spschweiz.ch\\\/wp-content\\\/uploads\\\/sites\\\/15\\\/2019\\\/06\\\/DSC_4017b.jpg\",\"datePublished\":\"2019-09-09T05:32:18+00:00\",\"dateModified\":\"2019-09-10T06:53:33+00:00\",\"author\":{\"@id\":\"https:\\\/\\\/peter-faessler.spschweiz.ch\\\/#\\\/schema\\\/person\\\/7ac2f764b1930b731c670e8a2393b60e\"},\"breadcrumb\":{\"@id\":\"https:\\\/\\\/peter-faessler.spschweiz.ch\\\/?p=2815#breadcrumb\"},\"inLanguage\":\"de\",\"potentialAction\":[{\"@type\":\"ReadAction\",\"target\":[\"https:\\\/\\\/peter-faessler.spschweiz.ch\\\/?p=2815\"]}]},{\"@type\":\"ImageObject\",\"inLanguage\":\"de\",\"@id\":\"https:\\\/\\\/peter-faessler.spschweiz.ch\\\/?p=2815#primaryimage\",\"url\":\"https:\\\/\\\/peter-faessler.spschweiz.ch\\\/wp-content\\\/uploads\\\/sites\\\/15\\\/2019\\\/06\\\/DSC_4017b.jpg\",\"contentUrl\":\"https:\\\/\\\/peter-faessler.spschweiz.ch\\\/wp-content\\\/uploads\\\/sites\\\/15\\\/2019\\\/06\\\/DSC_4017b.jpg\",\"width\":3651,\"height\":2160,\"caption\":\"SP Fraktion nach den Wahlen 2019\"},{\"@type\":\"BreadcrumbList\",\"@id\":\"https:\\\/\\\/peter-faessler.spschweiz.ch\\\/?p=2815#breadcrumb\",\"itemListElement\":[{\"@type\":\"ListItem\",\"position\":1,\"name\":\"Startseite\",\"item\":\"https:\\\/\\\/peter-faessler.spschweiz.ch\\\/\"},{\"@type\":\"ListItem\",\"position\":2,\"name\":\"Septembersession Kantonsrat Kanton Luzern vom 9., 10. und 16. September 2019\"}]},{\"@type\":\"WebSite\",\"@id\":\"https:\\\/\\\/peter-faessler.spschweiz.ch\\\/#website\",\"url\":\"https:\\\/\\\/peter-faessler.spschweiz.ch\\\/\",\"name\":\"Peter F\u00e4ssler\",\"description\":\"SP Kantonsrat Kanton Luzern\",\"potentialAction\":[{\"@type\":\"SearchAction\",\"target\":{\"@type\":\"EntryPoint\",\"urlTemplate\":\"https:\\\/\\\/peter-faessler.spschweiz.ch\\\/?s={search_term_string}\"},\"query-input\":{\"@type\":\"PropertyValueSpecification\",\"valueRequired\":true,\"valueName\":\"search_term_string\"}}],\"inLanguage\":\"de\"},{\"@type\":\"Person\",\"@id\":\"https:\\\/\\\/peter-faessler.spschweiz.ch\\\/#\\\/schema\\\/person\\\/7ac2f764b1930b731c670e8a2393b60e\",\"name\":\"Peter F\u00e4ssler\",\"image\":{\"@type\":\"ImageObject\",\"inLanguage\":\"de\",\"@id\":\"https:\\\/\\\/secure.gravatar.com\\\/avatar\\\/9da8604da19b11812517d76f206166d47c5e180a26df2de36b8649168e128572?s=96&d=blank&r=g\",\"url\":\"https:\\\/\\\/secure.gravatar.com\\\/avatar\\\/9da8604da19b11812517d76f206166d47c5e180a26df2de36b8649168e128572?s=96&d=blank&r=g\",\"contentUrl\":\"https:\\\/\\\/secure.gravatar.com\\\/avatar\\\/9da8604da19b11812517d76f206166d47c5e180a26df2de36b8649168e128572?s=96&d=blank&r=g\",\"caption\":\"Peter F\u00e4ssler\"},\"description\":\"Peter F\u00e4ssler Schibiweg 7 6006 Luzern\",\"sameAs\":[\"www.facebook.com\\\/peter.fassler.31\",\"https:\\\/\\\/www.instagram.com\\\/peter.fassler.31\\\/\",\"https:\\\/\\\/www.linkedin.com\\\/in\\\/peter-fssler-2518a782\\\/\",\"https:\\\/\\\/x.com\\\/pfaessler56\"],\"url\":\"https:\\\/\\\/peter-faessler.spschweiz.ch\\\/?author=19\"}]}<\/script>\n<!-- \/ Yoast SEO plugin. -->","yoast_head_json":{"title":"Septembersession Kantonsrat Kanton Luzern vom 9., 10. und 16. September 2019 - Peter F\u00e4ssler","robots":{"index":"index","follow":"follow","max-snippet":"max-snippet:-1","max-image-preview":"max-image-preview:large","max-video-preview":"max-video-preview:-1"},"canonical":"https:\/\/peter-faessler.spschweiz.ch\/?p=2815","og_locale":"de_DE","og_type":"article","og_title":"Septembersession Kantonsrat Kanton Luzern vom 9., 10. und 16. September 2019 - Peter F\u00e4ssler","og_description":"Die Traktandenliste der Septembersession des Kantonsrates Luzern ist reich befrachtet: 84 Gesch\u00e4fte sind traktandiert. Davon stammen viele noch von den beiden Juni-Sessionen. Diese wurden damals...","og_url":"https:\/\/peter-faessler.spschweiz.ch\/?p=2815","og_site_name":"Peter F\u00e4ssler","article_author":"www.facebook.com\/peter.fassler.31","article_published_time":"2019-09-09T05:32:18+00:00","article_modified_time":"2019-09-10T06:53:33+00:00","og_image":[{"width":1024,"height":606,"url":"https:\/\/peter-faessler.spschweiz.ch\/wp-content\/uploads\/sites\/15\/2019\/06\/DSC_4017b-1024x606.jpg","type":"image\/jpeg"}],"author":"Peter F\u00e4ssler","twitter_misc":{"Verfasst von":"Peter F\u00e4ssler","Gesch\u00e4tzte Lesezeit":"5\u00a0Minuten"},"schema":{"@context":"https:\/\/schema.org","@graph":[{"@type":"Article","@id":"https:\/\/peter-faessler.spschweiz.ch\/?p=2815#article","isPartOf":{"@id":"https:\/\/peter-faessler.spschweiz.ch\/?p=2815"},"author":{"name":"Peter F\u00e4ssler","@id":"https:\/\/peter-faessler.spschweiz.ch\/#\/schema\/person\/7ac2f764b1930b731c670e8a2393b60e"},"headline":"Septembersession Kantonsrat Kanton Luzern vom 9., 10. und 16. September 2019","datePublished":"2019-09-09T05:32:18+00:00","dateModified":"2019-09-10T06:53:33+00:00","mainEntityOfPage":{"@id":"https:\/\/peter-faessler.spschweiz.ch\/?p=2815"},"wordCount":1028,"commentCount":0,"image":{"@id":"https:\/\/peter-faessler.spschweiz.ch\/?p=2815#primaryimage"},"thumbnailUrl":"https:\/\/peter-faessler.spschweiz.ch\/wp-content\/uploads\/sites\/15\/2019\/06\/DSC_4017b.jpg","keywords":["Kanton Luzern","Kantonsrat","Kantonsratssession","Parlament","Politik","Session","SP"],"articleSection":["Kantonsrat Luzern","Kantonsratsession","Klima","Parlament","Politik","Session Kantonsrat Luzern"],"inLanguage":"de","potentialAction":[{"@type":"CommentAction","name":"Comment","target":["https:\/\/peter-faessler.spschweiz.ch\/?p=2815#respond"]}]},{"@type":"WebPage","@id":"https:\/\/peter-faessler.spschweiz.ch\/?p=2815","url":"https:\/\/peter-faessler.spschweiz.ch\/?p=2815","name":"Septembersession Kantonsrat Kanton Luzern vom 9., 10. und 16. September 2019 - Peter F\u00e4ssler","isPartOf":{"@id":"https:\/\/peter-faessler.spschweiz.ch\/#website"},"primaryImageOfPage":{"@id":"https:\/\/peter-faessler.spschweiz.ch\/?p=2815#primaryimage"},"image":{"@id":"https:\/\/peter-faessler.spschweiz.ch\/?p=2815#primaryimage"},"thumbnailUrl":"https:\/\/peter-faessler.spschweiz.ch\/wp-content\/uploads\/sites\/15\/2019\/06\/DSC_4017b.jpg","datePublished":"2019-09-09T05:32:18+00:00","dateModified":"2019-09-10T06:53:33+00:00","author":{"@id":"https:\/\/peter-faessler.spschweiz.ch\/#\/schema\/person\/7ac2f764b1930b731c670e8a2393b60e"},"breadcrumb":{"@id":"https:\/\/peter-faessler.spschweiz.ch\/?p=2815#breadcrumb"},"inLanguage":"de","potentialAction":[{"@type":"ReadAction","target":["https:\/\/peter-faessler.spschweiz.ch\/?p=2815"]}]},{"@type":"ImageObject","inLanguage":"de","@id":"https:\/\/peter-faessler.spschweiz.ch\/?p=2815#primaryimage","url":"https:\/\/peter-faessler.spschweiz.ch\/wp-content\/uploads\/sites\/15\/2019\/06\/DSC_4017b.jpg","contentUrl":"https:\/\/peter-faessler.spschweiz.ch\/wp-content\/uploads\/sites\/15\/2019\/06\/DSC_4017b.jpg","width":3651,"height":2160,"caption":"SP Fraktion nach den Wahlen 2019"},{"@type":"BreadcrumbList","@id":"https:\/\/peter-faessler.spschweiz.ch\/?p=2815#breadcrumb","itemListElement":[{"@type":"ListItem","position":1,"name":"Startseite","item":"https:\/\/peter-faessler.spschweiz.ch\/"},{"@type":"ListItem","position":2,"name":"Septembersession Kantonsrat Kanton Luzern vom 9., 10. und 16. September 2019"}]},{"@type":"WebSite","@id":"https:\/\/peter-faessler.spschweiz.ch\/#website","url":"https:\/\/peter-faessler.spschweiz.ch\/","name":"Peter F\u00e4ssler","description":"SP Kantonsrat Kanton Luzern","potentialAction":[{"@type":"SearchAction","target":{"@type":"EntryPoint","urlTemplate":"https:\/\/peter-faessler.spschweiz.ch\/?s={search_term_string}"},"query-input":{"@type":"PropertyValueSpecification","valueRequired":true,"valueName":"search_term_string"}}],"inLanguage":"de"},{"@type":"Person","@id":"https:\/\/peter-faessler.spschweiz.ch\/#\/schema\/person\/7ac2f764b1930b731c670e8a2393b60e","name":"Peter F\u00e4ssler","image":{"@type":"ImageObject","inLanguage":"de","@id":"https:\/\/secure.gravatar.com\/avatar\/9da8604da19b11812517d76f206166d47c5e180a26df2de36b8649168e128572?s=96&d=blank&r=g","url":"https:\/\/secure.gravatar.com\/avatar\/9da8604da19b11812517d76f206166d47c5e180a26df2de36b8649168e128572?s=96&d=blank&r=g","contentUrl":"https:\/\/secure.gravatar.com\/avatar\/9da8604da19b11812517d76f206166d47c5e180a26df2de36b8649168e128572?s=96&d=blank&r=g","caption":"Peter F\u00e4ssler"},"description":"Peter F\u00e4ssler Schibiweg 7 6006 Luzern","sameAs":["www.facebook.com\/peter.fassler.31","https:\/\/www.instagram.com\/peter.fassler.31\/","https:\/\/www.linkedin.com\/in\/peter-fssler-2518a782\/","https:\/\/x.com\/pfaessler56"],"url":"https:\/\/peter-faessler.spschweiz.ch\/?author=19"}]}},"_links":{"self":[{"href":"https:\/\/peter-faessler.spschweiz.ch\/index.php?rest_route=\/wp\/v2\/posts\/2815","targetHints":{"allow":["GET"]}}],"collection":[{"href":"https:\/\/peter-faessler.spschweiz.ch\/index.php?rest_route=\/wp\/v2\/posts"}],"about":[{"href":"https:\/\/peter-faessler.spschweiz.ch\/index.php?rest_route=\/wp\/v2\/types\/post"}],"author":[{"embeddable":true,"href":"https:\/\/peter-faessler.spschweiz.ch\/index.php?rest_route=\/wp\/v2\/users\/19"}],"replies":[{"embeddable":true,"href":"https:\/\/peter-faessler.spschweiz.ch\/index.php?rest_route=%2Fwp%2Fv2%2Fcomments&post=2815"}],"version-history":[{"count":32,"href":"https:\/\/peter-faessler.spschweiz.ch\/index.php?rest_route=\/wp\/v2\/posts\/2815\/revisions"}],"predecessor-version":[{"id":2850,"href":"https:\/\/peter-faessler.spschweiz.ch\/index.php?rest_route=\/wp\/v2\/posts\/2815\/revisions\/2850"}],"wp:featuredmedia":[{"embeddable":true,"href":"https:\/\/peter-faessler.spschweiz.ch\/index.php?rest_route=\/wp\/v2\/media\/2601"}],"wp:attachment":[{"href":"https:\/\/peter-faessler.spschweiz.ch\/index.php?rest_route=%2Fwp%2Fv2%2Fmedia&parent=2815"}],"wp:term":[{"taxonomy":"category","embeddable":true,"href":"https:\/\/peter-faessler.spschweiz.ch\/index.php?rest_route=%2Fwp%2Fv2%2Fcategories&post=2815"},{"taxonomy":"post_tag","embeddable":true,"href":"https:\/\/peter-faessler.spschweiz.ch\/index.php?rest_route=%2Fwp%2Fv2%2Ftags&post=2815"}],"curies":[{"name":"wp","href":"https:\/\/api.w.org\/{rel}","templated":true}]}}