{"id":290,"date":"2016-03-14T20:12:57","date_gmt":"2016-03-14T19:12:57","guid":{"rendered":"http:\/\/peter-faessler.spschweiz.ch\/?p=290"},"modified":"2016-03-14T20:12:57","modified_gmt":"2016-03-14T19:12:57","slug":"peter-faessler-kandidiert-nicht-mehr-fuer-den-einwohnerrat-kriens","status":"publish","type":"post","link":"https:\/\/peter-faessler.spschweiz.ch\/?p=290","title":{"rendered":"Peter F\u00e4ssler kandidiert nicht mehr f\u00fcr den Einwohnerrat Kriens"},"content":{"rendered":"<p>Ich stelle mich nicht mehr zur Wiederwahl in den Einwohnerrat Kriens. Die grosse zeitliche Arbeitsbelastung mit Arbeitsstelle, Einwohnerrat Kriens und Kantonsrat Luzern haben mich schon Ende letztes Jahres zu diesem Entscheid bewogen.<\/p>\n<p>Der Abschied vom Einwohnerrat f\u00e4llt mir nicht leicht. Als Fraktionschef die Fraktion zu f\u00fchren und Gesch\u00e4fte gegen\u00fcber der Presse zu vertreten machen mir sehr viel Freude. Im Bewusstsein, dass meine Nachfolge im neuen Einwohnerrat ab Sommer 2016 geregelt ist (sofern die bisherigen Mitglieder wieder gew\u00e4hlt werden), kann ich dieses Amt im Juni 2016 getrost ablegen.<\/p>\n<p>Die Aussicht auf mehr Zeit f\u00fcr Beziehungen und die Gesch\u00e4fte im Kantonsrat machen mich sehr froh.<\/p>\n<p>Allen Kandidierenden der SP und der Juso f\u00fcr den Einwohnerrat Kriens w\u00fcnsche ich viel Erfolg f\u00fcr die Wahlen vom 1. Mai 2016.<\/p>\n<p>Peter F\u00e4ssler<\/p>\n<div style=\"width: 0;height: 0\"><\/div>\n<div style=\"width: 0;height: 0\"><\/div>\n","protected":false},"excerpt":{"rendered":"<p>Ich stelle mich nicht mehr zur Wiederwahl in den Einwohnerrat Kriens. Die grosse zeitliche Arbeitsbelastung mit Arbeitsstelle, Einwohnerrat Kriens und Kantonsrat Luzern haben mich schon&#8230;<\/p>\n","protected":false},"author":19,"featured_media":0,"comment_status":"open","ping_status":"open","sticky":false,"template":"","format":"standard","meta":{"footnotes":""},"categories":[1],"tags":[],"class_list":["post-290","post","type-post","status-publish","format-standard","hentry","category-sp-kriens"],"yoast_head":"<!-- This site is optimized with the Yoast SEO plugin v27.5 - https:\/\/yoast.com\/product\/yoast-seo-wordpress\/ -->\n<title>Peter F\u00e4ssler kandidiert nicht mehr f\u00fcr den Einwohnerrat Kriens - Peter F\u00e4ssler<\/title>\n<meta name=\"robots\" content=\"index, follow, max-snippet:-1, max-image-preview:large, max-video-preview:-1\" \/>\n<link rel=\"canonical\" href=\"https:\/\/peter-faessler.spschweiz.ch\/?p=290\" \/>\n<meta property=\"og:locale\" content=\"de_DE\" \/>\n<meta property=\"og:type\" content=\"article\" \/>\n<meta property=\"og:title\" content=\"Peter F\u00e4ssler kandidiert nicht mehr f\u00fcr den Einwohnerrat Kriens - Peter F\u00e4ssler\" \/>\n<meta property=\"og:description\" content=\"Ich stelle mich nicht mehr zur Wiederwahl in den Einwohnerrat Kriens. Die grosse zeitliche Arbeitsbelastung mit Arbeitsstelle, Einwohnerrat Kriens und Kantonsrat Luzern haben mich schon...\" \/>\n<meta property=\"og:url\" content=\"https:\/\/peter-faessler.spschweiz.ch\/?p=290\" \/>\n<meta property=\"og:site_name\" content=\"Peter F\u00e4ssler\" \/>\n<meta property=\"article:author\" content=\"www.facebook.com\/peter.fassler.31\" \/>\n<meta property=\"article:published_time\" content=\"2016-03-14T19:12:57+00:00\" \/>\n<meta name=\"author\" content=\"Peter F\u00e4ssler\" \/>\n<meta name=\"twitter:label1\" content=\"Verfasst von\" \/>\n\t<meta name=\"twitter:data1\" content=\"Peter F\u00e4ssler\" \/>\n\t<meta name=\"twitter:label2\" content=\"Gesch\u00e4tzte Lesezeit\" \/>\n\t<meta name=\"twitter:data2\" content=\"1\u00a0Minute\" \/>\n<script type=\"application\/ld+json\" class=\"yoast-schema-graph\">{\"@context\":\"https:\\\/\\\/schema.org\",\"@graph\":[{\"@type\":\"Article\",\"@id\":\"https:\\\/\\\/peter-faessler.spschweiz.ch\\\/?p=290#article\",\"isPartOf\":{\"@id\":\"https:\\\/\\\/peter-faessler.spschweiz.ch\\\/?p=290\"},\"author\":{\"name\":\"Peter F\u00e4ssler\",\"@id\":\"https:\\\/\\\/peter-faessler.spschweiz.ch\\\/#\\\/schema\\\/person\\\/7ac2f764b1930b731c670e8a2393b60e\"},\"headline\":\"Peter F\u00e4ssler kandidiert nicht mehr f\u00fcr den Einwohnerrat Kriens\",\"datePublished\":\"2016-03-14T19:12:57+00:00\",\"mainEntityOfPage\":{\"@id\":\"https:\\\/\\\/peter-faessler.spschweiz.ch\\\/?p=290\"},\"wordCount\":145,\"commentCount\":0,\"articleSection\":[\"SP Kriens\"],\"inLanguage\":\"de\",\"potentialAction\":[{\"@type\":\"CommentAction\",\"name\":\"Comment\",\"target\":[\"https:\\\/\\\/peter-faessler.spschweiz.ch\\\/?p=290#respond\"]}]},{\"@type\":\"WebPage\",\"@id\":\"https:\\\/\\\/peter-faessler.spschweiz.ch\\\/?p=290\",\"url\":\"https:\\\/\\\/peter-faessler.spschweiz.ch\\\/?p=290\",\"name\":\"Peter F\u00e4ssler kandidiert nicht mehr f\u00fcr den Einwohnerrat Kriens - Peter F\u00e4ssler\",\"isPartOf\":{\"@id\":\"https:\\\/\\\/peter-faessler.spschweiz.ch\\\/#website\"},\"datePublished\":\"2016-03-14T19:12:57+00:00\",\"author\":{\"@id\":\"https:\\\/\\\/peter-faessler.spschweiz.ch\\\/#\\\/schema\\\/person\\\/7ac2f764b1930b731c670e8a2393b60e\"},\"breadcrumb\":{\"@id\":\"https:\\\/\\\/peter-faessler.spschweiz.ch\\\/?p=290#breadcrumb\"},\"inLanguage\":\"de\",\"potentialAction\":[{\"@type\":\"ReadAction\",\"target\":[\"https:\\\/\\\/peter-faessler.spschweiz.ch\\\/?p=290\"]}]},{\"@type\":\"BreadcrumbList\",\"@id\":\"https:\\\/\\\/peter-faessler.spschweiz.ch\\\/?p=290#breadcrumb\",\"itemListElement\":[{\"@type\":\"ListItem\",\"position\":1,\"name\":\"Startseite\",\"item\":\"https:\\\/\\\/peter-faessler.spschweiz.ch\\\/\"},{\"@type\":\"ListItem\",\"position\":2,\"name\":\"Peter F\u00e4ssler kandidiert nicht mehr f\u00fcr den Einwohnerrat Kriens\"}]},{\"@type\":\"WebSite\",\"@id\":\"https:\\\/\\\/peter-faessler.spschweiz.ch\\\/#website\",\"url\":\"https:\\\/\\\/peter-faessler.spschweiz.ch\\\/\",\"name\":\"Peter F\u00e4ssler\",\"description\":\"SP Kantonsrat Kanton Luzern\",\"potentialAction\":[{\"@type\":\"SearchAction\",\"target\":{\"@type\":\"EntryPoint\",\"urlTemplate\":\"https:\\\/\\\/peter-faessler.spschweiz.ch\\\/?s={search_term_string}\"},\"query-input\":{\"@type\":\"PropertyValueSpecification\",\"valueRequired\":true,\"valueName\":\"search_term_string\"}}],\"inLanguage\":\"de\"},{\"@type\":\"Person\",\"@id\":\"https:\\\/\\\/peter-faessler.spschweiz.ch\\\/#\\\/schema\\\/person\\\/7ac2f764b1930b731c670e8a2393b60e\",\"name\":\"Peter F\u00e4ssler\",\"image\":{\"@type\":\"ImageObject\",\"inLanguage\":\"de\",\"@id\":\"https:\\\/\\\/secure.gravatar.com\\\/avatar\\\/9da8604da19b11812517d76f206166d47c5e180a26df2de36b8649168e128572?s=96&d=blank&r=g\",\"url\":\"https:\\\/\\\/secure.gravatar.com\\\/avatar\\\/9da8604da19b11812517d76f206166d47c5e180a26df2de36b8649168e128572?s=96&d=blank&r=g\",\"contentUrl\":\"https:\\\/\\\/secure.gravatar.com\\\/avatar\\\/9da8604da19b11812517d76f206166d47c5e180a26df2de36b8649168e128572?s=96&d=blank&r=g\",\"caption\":\"Peter F\u00e4ssler\"},\"description\":\"Peter F\u00e4ssler Schibiweg 7 6006 Luzern\",\"sameAs\":[\"www.facebook.com\\\/peter.fassler.31\",\"https:\\\/\\\/www.instagram.com\\\/peter.fassler.31\\\/\",\"https:\\\/\\\/www.linkedin.com\\\/in\\\/peter-fssler-2518a782\\\/\",\"https:\\\/\\\/x.com\\\/pfaessler56\"],\"url\":\"https:\\\/\\\/peter-faessler.spschweiz.ch\\\/?author=19\"}]}<\/script>\n<!-- \/ Yoast SEO plugin. -->","yoast_head_json":{"title":"Peter F\u00e4ssler kandidiert nicht mehr f\u00fcr den Einwohnerrat Kriens - Peter F\u00e4ssler","robots":{"index":"index","follow":"follow","max-snippet":"max-snippet:-1","max-image-preview":"max-image-preview:large","max-video-preview":"max-video-preview:-1"},"canonical":"https:\/\/peter-faessler.spschweiz.ch\/?p=290","og_locale":"de_DE","og_type":"article","og_title":"Peter F\u00e4ssler kandidiert nicht mehr f\u00fcr den Einwohnerrat Kriens - Peter F\u00e4ssler","og_description":"Ich stelle mich nicht mehr zur Wiederwahl in den Einwohnerrat Kriens. Die grosse zeitliche Arbeitsbelastung mit Arbeitsstelle, Einwohnerrat Kriens und Kantonsrat Luzern haben mich schon...","og_url":"https:\/\/peter-faessler.spschweiz.ch\/?p=290","og_site_name":"Peter F\u00e4ssler","article_author":"www.facebook.com\/peter.fassler.31","article_published_time":"2016-03-14T19:12:57+00:00","author":"Peter F\u00e4ssler","twitter_misc":{"Verfasst von":"Peter F\u00e4ssler","Gesch\u00e4tzte Lesezeit":"1\u00a0Minute"},"schema":{"@context":"https:\/\/schema.org","@graph":[{"@type":"Article","@id":"https:\/\/peter-faessler.spschweiz.ch\/?p=290#article","isPartOf":{"@id":"https:\/\/peter-faessler.spschweiz.ch\/?p=290"},"author":{"name":"Peter F\u00e4ssler","@id":"https:\/\/peter-faessler.spschweiz.ch\/#\/schema\/person\/7ac2f764b1930b731c670e8a2393b60e"},"headline":"Peter F\u00e4ssler kandidiert nicht mehr f\u00fcr den Einwohnerrat Kriens","datePublished":"2016-03-14T19:12:57+00:00","mainEntityOfPage":{"@id":"https:\/\/peter-faessler.spschweiz.ch\/?p=290"},"wordCount":145,"commentCount":0,"articleSection":["SP Kriens"],"inLanguage":"de","potentialAction":[{"@type":"CommentAction","name":"Comment","target":["https:\/\/peter-faessler.spschweiz.ch\/?p=290#respond"]}]},{"@type":"WebPage","@id":"https:\/\/peter-faessler.spschweiz.ch\/?p=290","url":"https:\/\/peter-faessler.spschweiz.ch\/?p=290","name":"Peter F\u00e4ssler kandidiert nicht mehr f\u00fcr den Einwohnerrat Kriens - Peter F\u00e4ssler","isPartOf":{"@id":"https:\/\/peter-faessler.spschweiz.ch\/#website"},"datePublished":"2016-03-14T19:12:57+00:00","author":{"@id":"https:\/\/peter-faessler.spschweiz.ch\/#\/schema\/person\/7ac2f764b1930b731c670e8a2393b60e"},"breadcrumb":{"@id":"https:\/\/peter-faessler.spschweiz.ch\/?p=290#breadcrumb"},"inLanguage":"de","potentialAction":[{"@type":"ReadAction","target":["https:\/\/peter-faessler.spschweiz.ch\/?p=290"]}]},{"@type":"BreadcrumbList","@id":"https:\/\/peter-faessler.spschweiz.ch\/?p=290#breadcrumb","itemListElement":[{"@type":"ListItem","position":1,"name":"Startseite","item":"https:\/\/peter-faessler.spschweiz.ch\/"},{"@type":"ListItem","position":2,"name":"Peter F\u00e4ssler kandidiert nicht mehr f\u00fcr den Einwohnerrat Kriens"}]},{"@type":"WebSite","@id":"https:\/\/peter-faessler.spschweiz.ch\/#website","url":"https:\/\/peter-faessler.spschweiz.ch\/","name":"Peter F\u00e4ssler","description":"SP Kantonsrat Kanton Luzern","potentialAction":[{"@type":"SearchAction","target":{"@type":"EntryPoint","urlTemplate":"https:\/\/peter-faessler.spschweiz.ch\/?s={search_term_string}"},"query-input":{"@type":"PropertyValueSpecification","valueRequired":true,"valueName":"search_term_string"}}],"inLanguage":"de"},{"@type":"Person","@id":"https:\/\/peter-faessler.spschweiz.ch\/#\/schema\/person\/7ac2f764b1930b731c670e8a2393b60e","name":"Peter F\u00e4ssler","image":{"@type":"ImageObject","inLanguage":"de","@id":"https:\/\/secure.gravatar.com\/avatar\/9da8604da19b11812517d76f206166d47c5e180a26df2de36b8649168e128572?s=96&d=blank&r=g","url":"https:\/\/secure.gravatar.com\/avatar\/9da8604da19b11812517d76f206166d47c5e180a26df2de36b8649168e128572?s=96&d=blank&r=g","contentUrl":"https:\/\/secure.gravatar.com\/avatar\/9da8604da19b11812517d76f206166d47c5e180a26df2de36b8649168e128572?s=96&d=blank&r=g","caption":"Peter F\u00e4ssler"},"description":"Peter F\u00e4ssler Schibiweg 7 6006 Luzern","sameAs":["www.facebook.com\/peter.fassler.31","https:\/\/www.instagram.com\/peter.fassler.31\/","https:\/\/www.linkedin.com\/in\/peter-fssler-2518a782\/","https:\/\/x.com\/pfaessler56"],"url":"https:\/\/peter-faessler.spschweiz.ch\/?author=19"}]}},"_links":{"self":[{"href":"https:\/\/peter-faessler.spschweiz.ch\/index.php?rest_route=\/wp\/v2\/posts\/290","targetHints":{"allow":["GET"]}}],"collection":[{"href":"https:\/\/peter-faessler.spschweiz.ch\/index.php?rest_route=\/wp\/v2\/posts"}],"about":[{"href":"https:\/\/peter-faessler.spschweiz.ch\/index.php?rest_route=\/wp\/v2\/types\/post"}],"author":[{"embeddable":true,"href":"https:\/\/peter-faessler.spschweiz.ch\/index.php?rest_route=\/wp\/v2\/users\/19"}],"replies":[{"embeddable":true,"href":"https:\/\/peter-faessler.spschweiz.ch\/index.php?rest_route=%2Fwp%2Fv2%2Fcomments&post=290"}],"version-history":[{"count":2,"href":"https:\/\/peter-faessler.spschweiz.ch\/index.php?rest_route=\/wp\/v2\/posts\/290\/revisions"}],"predecessor-version":[{"id":292,"href":"https:\/\/peter-faessler.spschweiz.ch\/index.php?rest_route=\/wp\/v2\/posts\/290\/revisions\/292"}],"wp:attachment":[{"href":"https:\/\/peter-faessler.spschweiz.ch\/index.php?rest_route=%2Fwp%2Fv2%2Fmedia&parent=290"}],"wp:term":[{"taxonomy":"category","embeddable":true,"href":"https:\/\/peter-faessler.spschweiz.ch\/index.php?rest_route=%2Fwp%2Fv2%2Fcategories&post=290"},{"taxonomy":"post_tag","embeddable":true,"href":"https:\/\/peter-faessler.spschweiz.ch\/index.php?rest_route=%2Fwp%2Fv2%2Ftags&post=290"}],"curies":[{"name":"wp","href":"https:\/\/api.w.org\/{rel}","templated":true}]}}