{"id":2903,"date":"2019-10-22T09:12:12","date_gmt":"2019-10-22T07:12:12","guid":{"rendered":"https:\/\/peter-faessler.spschweiz.ch\/?p=2903"},"modified":"2019-10-22T18:04:08","modified_gmt":"2019-10-22T16:04:08","slug":"oktobersession-des-kantonsrates-vom-21-22-und-28-10-2019-2-tag","status":"publish","type":"post","link":"https:\/\/peter-faessler.spschweiz.ch\/?p=2903","title":{"rendered":"Oktobersession des Kantonsrates vom 21., 22. und 28.10.2019, 2. Tag"},"content":{"rendered":"<p>Die <a href=\"https:\/\/www.lu.ch\/kr\/parlamentsgeschaefte\/CdwsFiles?fileid=80392d20c3614a8181dc3ed0029b5e53\" target=\"_blank\" rel=\"noopener noreferrer\">Traktandenliste<\/a> der Oktobersession des Kantonsrates Luzern umfasst 49 Traktanden.<\/p>\n<h3>2. Sessionstag vom 22. Oktober 2019<\/h3>\n<p>Traktandum 10-12: <strong><a href=\"https:\/\/www.lu.ch\/kr\/Parlamentsgeschaefte\/detail?ges=3ad3dbbfaf47450780e58e49db58afb3\" target=\"_blank\" rel=\"noopener noreferrer\">B 174 A<\/a> Umsetzung Bundesgesetz \u00fcber Geldspiele; Entw\u00fcrfe Einf\u00fchrungsgesetz zum Bundesgesetz \u00fcber Geldspiele sowie zweier Dekrete \u00fcber die Genehmigung des Beitritts zu ge\u00e4nderten Konkordaten &#8211; Einf\u00fchrungsgesetz zum Bundesgesetz \u00fcber Geldspiele (EGBGS), 1. Lesung.<\/strong><\/p>\n<div id=\"attachment_2024\" style=\"width: 310px\" class=\"wp-caption alignright\"><img loading=\"lazy\" decoding=\"async\" aria-describedby=\"caption-attachment-2024\" class=\"size-medium wp-image-2024\" src=\"http:\/\/peter-faessler.spschweiz.ch\/wp-content\/uploads\/sites\/15\/2018\/12\/Geld-CH-300x200.jpg\" alt=\"\" width=\"300\" height=\"200\" srcset=\"https:\/\/peter-faessler.spschweiz.ch\/wp-content\/uploads\/sites\/15\/2018\/12\/Geld-CH-300x200.jpg 300w, https:\/\/peter-faessler.spschweiz.ch\/wp-content\/uploads\/sites\/15\/2018\/12\/Geld-CH-150x100.jpg 150w, https:\/\/peter-faessler.spschweiz.ch\/wp-content\/uploads\/sites\/15\/2018\/12\/Geld-CH.jpg 640w\" sizes=\"auto, (max-width: 300px) 100vw, 300px\" \/><p id=\"caption-attachment-2024\" class=\"wp-caption-text\">Bild: der.bund.ch<\/p><\/div>\n<p><em>Standpunkt SP: Das vorliegende Einf\u00fchrungsgesetz zum Bundesgesetz \u00fcber Geldspiele stellt den Vollzug des am 01. Januar in Kraft getretenen Bundesgesetzes im Kanton Luzern sicher. Weiter ist, als Grundlage f\u00fcr die interkantonale Zusammenarbeit, der Beitritt des Kantons Luzern zu den beiden Dekreten (Interkantonale Vereinbarung) zu genehmigen.<br \/>\nHauptvorteile: Umsetzung des Bundesgesetzes auf kantonaler Ebene, \u201eLucerne finish\u201c sowie Beitritt zu den Konkordaten. Ziele des Bundesgesetzes sowie des Einf\u00fchrungsgesetzes sind:<br \/>\na) Die Gew\u00e4hrleistung des sicheren und transparenten Betriebs der Geldspiele (Prinzip der Bewilligung und der Aufsicht)<br \/>\nb) Schutz der Bev\u00f6lkerung (Pr\u00e4vention &amp; Behandlung) aufgrund des Gef\u00e4hrdungspotentials der Geldspiele<br \/>\nc) Bek\u00e4mpfung der Kriminalit\u00e4t und illegalem Spielangebot<br \/>\nd) Generierung von Ertr\u00e4gen f\u00fcr das Gemeinwesen (Bruttospielertr\u00e4ge der Spielbanken f\u00fcr die AHV, Reingewinne aus Lotterien und Sportwetten werden vollumf\u00e4nglich f\u00fcr die gemeinn\u00fctzige Zwecke, namentlich in den Bereichen Kultur, Soziales und Sport verwendet)<br \/>\n<\/em>Gefordert wird von Links eine von der Regierung unabh\u00e4ngige Kommission zur Verteilung der Lotteriegelder. 2 Antr\u00e4ge in dieser Richtung gehe in die Kommission zur\u00fcck.<br \/>\nZustimmung mit 70 zu 40 Stimmen, SP enth\u00e4lt sich.<\/p>\n<p>Traktandum 13-15: <strong><a href=\"https:\/\/www.lu.ch\/kr\/Parlamentsgeschaefte\/detail?ges=78b4cf35c1f54cb5af0b2702581751e3\" target=\"_blank\" rel=\"noopener noreferrer\">B 169<\/a> &#8211; Volksinitiativen \u00abLuzerner Kulturlandschaft\u00bb und Gegenvorschlag; Entw\u00fcrfe Kantonsratsbeschl\u00fcsse und Gegenentwurf zur Gesetzesinitiative in der Form einer \u00c4nderung des Planungs- und Baugesetzes<\/strong><br \/>\n<em><img loading=\"lazy\" decoding=\"async\" class=\"size-medium wp-image-2924 alignleft\" src=\"http:\/\/peter-faessler.spschweiz.ch\/wp-content\/uploads\/sites\/15\/2019\/10\/DSC_0021-300x225.jpg\" alt=\"\" width=\"300\" height=\"225\" srcset=\"https:\/\/peter-faessler.spschweiz.ch\/wp-content\/uploads\/sites\/15\/2019\/10\/DSC_0021-300x225.jpg 300w, https:\/\/peter-faessler.spschweiz.ch\/wp-content\/uploads\/sites\/15\/2019\/10\/DSC_0021-150x113.jpg 150w, https:\/\/peter-faessler.spschweiz.ch\/wp-content\/uploads\/sites\/15\/2019\/10\/DSC_0021-768x576.jpg 768w, https:\/\/peter-faessler.spschweiz.ch\/wp-content\/uploads\/sites\/15\/2019\/10\/DSC_0021-1024x768.jpg 1024w\" sizes=\"auto, (max-width: 300px) 100vw, 300px\" \/>Standpunkt SP: Im Mai 2018 wurden die beiden Initiativen \u201eLuzerner Kulturlandschaft\u201c eingereicht. Die Verfassungs- und die Gesetzesinitiative haben zum Ziel den Schutz der Luzerner Kulturlandschaft zu verst\u00e4rken und der weiteren Zersiedlung entgegenzuwirken. Die landwirtschaftlich nutzbaren Fl\u00e4chen, insbesondere Fruchtfolgefl\u00e4chen, sollen umfassend gesch\u00fctzt werden. Die Regierung stellt nur der Gesetzesinitiative einen Gegenvorschlag gegen\u00fcber, jedoch nicht der Verfassungsinitiative.<\/em><br \/>\n<em>Vorteile:<\/em><br \/>\n<em>Raumplanerische Qualit\u00e4t soll zum Schutze des Kulturlandes und der Landschaft gesteigert werden<\/em><br \/>\n<em>Besserer Schutz der landwirtschaftlich nutzbaren B\u00f6den, insbesondere der Fruchtfolgefl\u00e4chen<\/em><br \/>\n<em>Fruchtfolgefl\u00e4chen sollen kartiert und in Zonenpl\u00e4ne der Gemeinden integriert werden<\/em><br \/>\n<em>Eind\u00e4mmung der Zersiedelung<\/em><br \/>\n<em>Bei Beanspruchung von Fruchtfolgefl\u00e4chen sind diese zu kompensieren (R\u00fcckzonung oder Neuerhebung mittels Bodenkartierung von Fruchtfolgefl\u00e4chen)<\/em><br \/>\n<em>Kantonsverfassung und Planungs- und Baugesetz sollen f\u00fcr obige Anliegen angepasst werden<\/em><br \/>\nAls Pr\u00e4sident der RUEK halte ich in meinem Komissionsvotum die politische W\u00fcrdigung und die RUEK-Beratung fest. Es entsteht in der Debatte eine kontroverse Diskussion \u00fcber die beiden Initiativen und dem Gegenvorschlag der Regierung. Zwei Antr\u00e4ge der Gr\u00fcnen werden von der Ratsmehrheit abgelehnt. Ein Ablehnungsantrag der SVP wird mit 61 zu 51 Stimmen knapp abgelehnt. Gehen die Stimmen von Links. Die Schlussabstimmung findet nach der 2. Lesung statt.<\/p>\n<p>Traktandum 14: <strong><a href=\"https:\/\/www.lu.ch\/kr\/Parlamentsgeschaefte\/detail?ges=1aa600d680d643169170645c77f8fbdb\" target=\"_blank\" rel=\"noopener noreferrer\">B 166<\/a> &#8211; Abrechnung \u00fcber den Hochwasserschutz an der Kleinen Emme im Los 1, Abschnitt Rotewald, 1. Etappe, Stadt Luzern und Gemeinde Emmen; Entwurf Kantonsratsbeschluss \u00fcber die Genehmigung<\/strong><br \/>\nAbstimmung: Zustimmung mit 104 Stimmen.<\/p>\n<p>Traktandum 17-18: <strong><a href=\"https:\/\/www.lu.ch\/kr\/parlamentsgeschaefte\/detail?ges=f4c1ad78a63d4744a18b6f129746b59e&amp;back=1&amp;geschaeftsnr=b%202&amp;art=-0-1-2-3&amp;bart=-0-1-2-3-4&amp;vart=-0-1-2-3&amp;wart=1&amp;gart=1&amp;status=-0-1\" target=\"_blank\" rel=\"noopener noreferrer\">B 2 A und B<\/a> \u00c4nderung der Kantonsstrasse K 10, Hackenr\u00fcti\u2013Bahnhof und Umgestaltung Bushof, Park-and-ride-Anlage, Gemeinde Wolhusen; Entw\u00fcrfe zweier Dekrete \u00fcber Sonderkredite &#8211; Dekret \u00fcber einen Sonderkredit f\u00fcr die \u00c4nderung der Kantonsstrasse K 10, Hackenr\u00fcti \u2013 Bahnhof, Gemeinde Wolhusen<\/strong><br \/>\n<em>\u00c4nderung K 10 in Wolhusen vom Bahn\u00fcbergang Hackenr\u00fcti bis Bahnhof Wolhusen mit Sonderkredit von 11, 3 Mio. CHF (Projekt 1). Sonderkredit von 3,8 Mio. CHF f\u00fcr die Umgestaltung des Bushubs und Erstellung Park-and-ride-Anlage (Projekt 2). Das Gebiet um den Bahnhof Wolhusen ist ein wichtiger Verkehrsknotenpunkt f\u00fcr den motorisierten Individualverkehr und f\u00fcr den \u00f6ffent-lichen Verkehr der Region Luzern West.<br \/>\n<\/em>Die SP st\u00f6rt sich, dass die Buskanten nicht behindertengerecht ausgef\u00fchrt werden. Sie reicht einen R\u00fcckweisungsantrag ein.<em> Ablehnung 77 zu 32 Stimmen Ablehnung<br \/>\nSchlussabstimmung B 2A: Zustimmung mit 107 zu 1 Stimme. Schlussabstimmung B2B 84 zu 26 Stimmen Zustimmung.<\/em><\/p>\n<p>Traktandum 19: <strong>Petition Frauen*streik Luzern\u00a0<\/strong><br \/>\nZustimmend zur Kenntnis genommen mit 103 zu 2 Stimmen.<\/p>\n<div id=\"attachment_2054\" style=\"width: 310px\" class=\"wp-caption alignright\"><img loading=\"lazy\" decoding=\"async\" aria-describedby=\"caption-attachment-2054\" class=\"size-medium wp-image-2054\" src=\"http:\/\/peter-faessler.spschweiz.ch\/wp-content\/uploads\/sites\/15\/2018\/12\/justiz-t9417-300x169.jpg\" alt=\"\" width=\"300\" height=\"169\" srcset=\"https:\/\/peter-faessler.spschweiz.ch\/wp-content\/uploads\/sites\/15\/2018\/12\/justiz-t9417-300x169.jpg 300w, https:\/\/peter-faessler.spschweiz.ch\/wp-content\/uploads\/sites\/15\/2018\/12\/justiz-t9417-150x84.jpg 150w, https:\/\/peter-faessler.spschweiz.ch\/wp-content\/uploads\/sites\/15\/2018\/12\/justiz-t9417.jpg 738w\" sizes=\"auto, (max-width: 300px) 100vw, 300px\" \/><p id=\"caption-attachment-2054\" class=\"wp-caption-text\">Bild: rtl.de<\/p><\/div>\n<p>Traktandum 20 &#8211; 23: <strong>Wahl einer Richterin \/ eines Richters am erstinstanzlichen Gericht f\u00fcr den Rest der Amtsdauer 2019\u20132022 (Nachfolge Studer Peter). Wahl einer Abteilungspr\u00e4sidentin \/ eines Abteilungspr\u00e4sidenten am Bezirksgericht Luzern f\u00fcr den Rest der Amtsdauer 2019\u20132022 (Nachfolge Studer Peter). Wahl einer ausserordentlichen Ersatzrichterin und eines ausserordentlichen Ersatzrichters am Kantonsgericht Luzern f\u00fcr den Rest der Amtsdauer 2017\u20132021. Wahl einer Staatsanw\u00e4ltin \/ eines Staatsanwalts f\u00fcr den Rest der Amtsdauer 2019\u20132022 (Nachfolge Imhof Marites Joy).<\/strong><\/p>\n<p>Traktandum 24: <strong>Wechsel in st\u00e4ndigen Kommissionen der Legislatur 2019\u2013 2023<\/strong><\/p>\n<p>Traktandum 25: <strong><a href=\"https:\/\/www.lu.ch\/kr\/Parlamentsgeschaefte\/detail?ges=fc63717f277b49c0a7c377c03ac575b0\" target=\"_blank\" rel=\"noopener noreferrer\">P 577<\/a> &#8211; Postulat Frey Monique und Mit. \u00fcber \u00f6kologische Geb\u00e4udereinigung im Kanton Luzern<\/strong><br \/>\nTeilweise Erheblicherkl\u00e4rung mit 75 zu 28 Stimmen.<\/p>\n<p>Rege Diskussion in der FraktionTraktandum 26: <a href=\"https:\/\/www.lu.ch\/kr\/Parlamentsgeschaefte\/detail?ges=30486b6825f9461992cf48545e2a10bd\" target=\"_blank\" rel=\"noopener noreferrer\"><strong>P 621<\/strong><\/a><strong> &#8211; Postulat Zurbriggen Roger und Mit. \u00fcber die Gleichbehandlung von Staatsangestellten in den Bereichen Schulwesen und Verwaltung hinsichtlich einer Entlastung aus gesundheitlichen Gr\u00fcnden in den f\u00fcnf Jahren vor der Pensionierung<\/strong><br \/>\nZustimmung mit 52 zu 42 Stimmen.<\/p>\n<p>Traktandum 27: <strong><a href=\"https:\/\/www.lu.ch\/kr\/Parlamentsgeschaefte\/detail?ges=b96e7ce5feb843b08a9972624014f8bf\" target=\"_blank\" rel=\"noopener noreferrer\">A 18<\/a> &#8211; Anfrage Hartmann Armin und Mit. \u00fcber die Vernehmlassung zum Bundesgesetz \u00fcber den Systemwechsel bei der Wohneigentumsbesteuerung<\/strong><\/p>\n<p>Traktandum 28: <strong><a href=\"https:\/\/www.lu.ch\/kr\/Parlamentsgeschaefte\/detail?ges=3b151a80eed24ce2a7435efc962be28f\" target=\"_blank\" rel=\"noopener noreferrer\">A 67<\/a> &#8211; Anfrage Meyer J\u00f6rg und Mit. \u00fcber das Ausmass und die Wirkung des geplanten Systemwechsels bei der Eigenmietwertbesteuerung auf die Steuereinnahmen und Immobilienpreise<\/strong><\/p>\n<p>Traktandum 29: <strong><a href=\"https:\/\/www.lu.ch\/kr\/Parlamentsgeschaefte\/detail?ges=badc633445fa4006af024fff3ee9298e\" target=\"_blank\" rel=\"noopener noreferrer\">A 666<\/a> &#8211; Anfrage Agner Sara und Mit. \u00fcber die ambulante Notfallversorgung von Kindern<\/strong><\/p>\n<p><img loading=\"lazy\" decoding=\"async\" class=\"size-medium wp-image-1478 alignright\" src=\"http:\/\/peter-faessler.spschweiz.ch\/wp-content\/uploads\/sites\/15\/2018\/04\/JOERG_MEYER_RATSAAL_14.web_-300x203.jpg\" alt=\"\" width=\"300\" height=\"203\" srcset=\"https:\/\/peter-faessler.spschweiz.ch\/wp-content\/uploads\/sites\/15\/2018\/04\/JOERG_MEYER_RATSAAL_14.web_-300x203.jpg 300w, https:\/\/peter-faessler.spschweiz.ch\/wp-content\/uploads\/sites\/15\/2018\/04\/JOERG_MEYER_RATSAAL_14.web_-150x101.jpg 150w, https:\/\/peter-faessler.spschweiz.ch\/wp-content\/uploads\/sites\/15\/2018\/04\/JOERG_MEYER_RATSAAL_14.web_-768x519.jpg 768w, https:\/\/peter-faessler.spschweiz.ch\/wp-content\/uploads\/sites\/15\/2018\/04\/JOERG_MEYER_RATSAAL_14.web_-1024x692.jpg 1024w, https:\/\/peter-faessler.spschweiz.ch\/wp-content\/uploads\/sites\/15\/2018\/04\/JOERG_MEYER_RATSAAL_14.web_.jpg 1152w\" sizes=\"auto, (max-width: 300px) 100vw, 300px\" \/><\/p>\n<p>Traktandum 30: <strong><a href=\"https:\/\/www.lu.ch\/kr\/Parlamentsgeschaefte\/detail?ges=d7a53dee4e964024a8981b06d6b9c03f\" target=\"_blank\" rel=\"noopener noreferrer\">A 721<\/a> &#8211; Anfrage Huser Barmettler Claudia und Mit. \u00fcber das Ziel und den Auftrag der Dienststelle Soziales und Gesellschaft im Bereich Diversit\u00e4t und Gesellschaft<\/strong><\/p>\n<p>Traktandum 31: <strong><a href=\"https:\/\/www.lu.ch\/kr\/Parlamentsgeschaefte\/detail?ges=51e8ba9a4c524c22bea8b408670aa86d\" target=\"_blank\" rel=\"noopener noreferrer\">P 632<\/a> &#8211; Postulat Hunkeler Yvonne und Mit. \u00fcber die Nutzung des W\u00e4rme- und K\u00e4ltepotenzials des Sempachersees durch das Luzerner Kantonsspital Sursee<br \/>\n<\/strong>\u00dcberweisung mit 87 zu 0 Stimmen.<strong><br \/>\n<\/strong><\/p>\n<p>Traktandum 32: <strong><a href=\"https:\/\/www.lu.ch\/kr\/Parlamentsgeschaefte\/detail?ges=97b1bf88450a4a75ad27acf476f5e0b9\" target=\"_blank\" rel=\"noopener noreferrer\">A 70<\/a> &#8211; Anfrage Lang Barbara und Mit. \u00fcber die extrem geringen Niederschl\u00e4ge und die Folgen f\u00fcr die Fliessgew\u00e4sser<\/strong><br \/>\nKeine Diskussion, da Anfragerin mit Antwort zufrieden ist.<\/p>\n<p>Traktandum 33: <strong><a href=\"https:\/\/www.lu.ch\/kr\/Parlamentsgeschaefte\/detail?ges=44831c7329df4683b8ad1d3210b70e75\" target=\"_blank\" rel=\"noopener noreferrer\">A 75<\/a> &#8211; Anfrage Steiner Bernhard und Mit. \u00fcber \u00fcberforderte Kl\u00e4ranlagen bei \u00dcberlast<\/strong><br \/>\nKeine Diskussion, da Anfrager mit Antwort zufrieden ist. Mein Votum habe ich umsonst geschrieben.<\/p>\n<p>Traktandum 34: <strong><a href=\"https:\/\/www.lu.ch\/kr\/Parlamentsgeschaefte\/detail?ges=12ef366d52864c4fb62d1378bb5e681c\" target=\"_blank\" rel=\"noopener noreferrer\">A 56<\/a> &#8211; Anfrage Arnold Valentin und Mit. \u00fcber Massnahmen beim Boden in Zusammenhang mit Klimaschutz<\/strong><br \/>\nKeine Diskussion, da Anfrager mit Antwort zufrieden ist.<\/p>\n<p>Traktandum 35: <strong><a href=\"https:\/\/www.lu.ch\/kr\/Parlamentsgeschaefte\/detail?ges=ffc6d5c39636444982738c067cf23414\" target=\"_blank\" rel=\"noopener noreferrer\">P 734<\/a> &#8211; Postulat Piazza Daniel und Mit. \u00fcber die \u00dcberpr\u00fcfung der Gr\u00fcnfl\u00e4chenpflege entlang von Kantonsstrassen unter \u00f6konomischen und \u00f6kologischen Aspekten<br \/>\n<\/strong>Erheblicherkl\u00e4rung mit <strong><br \/>\n<\/strong><\/p>\n<p>Traktandum 36: <strong><a href=\"https:\/\/www.lu.ch\/kr\/Parlamentsgeschaefte\/detail?ges=67ed2b2e7dfe47b7bed345a5b7ae0b68\" target=\"_blank\" rel=\"noopener noreferrer\">A 72<\/a> &#8211; Anfrage Lipp Hans und Mit. \u00fcber Standards und Sicherheiten von Kantonsstrassen<\/strong><\/p>\n<p>Traktandum 37: <strong><a href=\"https:\/\/www.lu.ch\/kr\/Parlamentsgeschaefte\/detail?ges=22dc87f1d97a4336837b394f67c95b36\" target=\"_blank\" rel=\"noopener noreferrer\">A 71<\/a> &#8211; Anfrage Lang Barbara und Mit. \u00fcber den Ausbau des 5G-Netzes und die Folgen f\u00fcr die Natur und die Bev\u00f6lkerung im Kanton Luzern<\/strong><\/p>\n<p>Traktandum 38: <strong><a href=\"https:\/\/www.lu.ch\/kr\/Parlamentsgeschaefte\/detail?ges=d24db5079270459aa343afce2740057b\" target=\"_blank\" rel=\"noopener noreferrer\">A 33<\/a> &#8211; Anfrage Meyer Helene und Mit. \u00fcber drohende Qualit\u00e4tseinbussen bei der P\u00e4dagogischen Hochschule Luzern aufgrund eines zu tiefen Tr\u00e4gerschaftsbeitrags<\/strong><\/p>\n<p>Traktandum 39: <strong><a href=\"https:\/\/www.lu.ch\/kr\/Parlamentsgeschaefte\/detail?ges=b0db1c507bb8428a91ff2e580c69d8c5\" target=\"_blank\" rel=\"noopener noreferrer\">A 73<\/a> &#8211; Anfrage Hauser Patrick und Mit. \u00fcber den Finanzbericht 2018 der P\u00e4dagogischen Hochschule (PH) Luzern<br \/>\n<\/strong>Keine Diskussion, da Anfrager mit Antwort zufrieden ist.<strong><br \/>\n<\/strong><\/p>\n<p>Traktandum 40: <strong><a href=\"http:\/\/P 64 - Postulat Candan Hasan und Mit. \u00fcber \u00fcber eine angemessene Ausbildungsfinanzierung\" target=\"_blank\" rel=\"noopener noreferrer\">P 64<\/a> &#8211; Postulat Candan Hasan und Mit. \u00fcber \u00fcber eine angemessene Ausbildungsfinanzierung<br \/>\n<\/strong>\u00dcberweisung mit 71 zu 32 Stimmen als teilweise erheblich.<strong><br \/>\n<\/strong><\/p>\n<p>Traktandum 42: <strong><a href=\"https:\/\/www.lu.ch\/kr\/Parlamentsgeschaefte\/detail?ges=31569d724d544af5a597ca426fba9688\" target=\"_blank\" rel=\"noopener noreferrer\">M 93<\/a> &#8211; Motion Fischer Roland und Mit. \u00fcber die Priorisierung von Klimaschutzmassnahmen im Finanzleitbild<\/strong><br \/>\n<em>Dieses Traktandum wird vorgezogen, weil der Motion\u00e4r den Kantonsrat verl\u00e4sst, da er in den Nationalrat gew\u00e4hlt wurde.<\/em><br \/>\nAblehnung mit 64 zu 36 Stimmen.<\/p>\n<p>Traktandum 41: <strong><a href=\"https:\/\/www.lu.ch\/kr\/Parlamentsgeschaefte\/detail?ges=ec1f82089cd44a17af91d656e4fdb726\" target=\"_blank\" rel=\"noopener noreferrer\">P 681<\/a> &#8211; Postulat Sager Urban und Mit. \u00fcber drei bezahlte Urlaubstage zur Betreuung kranker Kinder und Familienmitglieder<br \/>\n<\/strong>Teilweise \u00dcberweisung mit60 zu 32 Stimmen.<strong><br \/>\n<\/strong><\/p>\n<p>Als Abschluss wird Roland Fischer vom Kantonsrat verabschiedet.<\/p>\n<p><em>Der 3. Sessionstag f\u00e4llt aus, da wir heute mit den Traktanden weit gekommen sind.<\/em><\/p>\n","protected":false},"excerpt":{"rendered":"<p>Die Traktandenliste der Oktobersession des Kantonsrates Luzern umfasst 49 Traktanden. 2. Sessionstag vom 22. Oktober 2019 Traktandum 10-12: B 174 A Umsetzung Bundesgesetz \u00fcber Geldspiele;&#8230;<\/p>\n","protected":false},"author":19,"featured_media":0,"comment_status":"open","ping_status":"open","sticky":false,"template":"","format":"standard","meta":{"footnotes":""},"categories":[22,23,30,21,25,1],"tags":[16,26,31,7,10,15],"class_list":["post-2903","post","type-post","status-publish","format-standard","hentry","category-kantonsrat-luzern","category-kantonsratsession","category-parlament","category-politik","category-session-kantonsrat-luzern","category-sp-kriens","tag-kantonsrat-kanton-luzern","tag-kantonsratssession","tag-parlament","tag-politik","tag-session","tag-sp"],"yoast_head":"<!-- This site is optimized with the Yoast SEO plugin v27.5 - https:\/\/yoast.com\/product\/yoast-seo-wordpress\/ -->\n<title>Oktobersession des Kantonsrates vom 21., 22. und 28.10.2019, 2. Tag - Peter F\u00e4ssler<\/title>\n<meta name=\"robots\" content=\"index, follow, max-snippet:-1, max-image-preview:large, max-video-preview:-1\" \/>\n<link rel=\"canonical\" href=\"https:\/\/peter-faessler.spschweiz.ch\/?p=2903\" \/>\n<meta property=\"og:locale\" content=\"de_DE\" \/>\n<meta property=\"og:type\" content=\"article\" \/>\n<meta property=\"og:title\" content=\"Oktobersession des Kantonsrates vom 21., 22. und 28.10.2019, 2. Tag - Peter F\u00e4ssler\" \/>\n<meta property=\"og:description\" content=\"Die Traktandenliste der Oktobersession des Kantonsrates Luzern umfasst 49 Traktanden. 2. Sessionstag vom 22. Oktober 2019 Traktandum 10-12: B 174 A Umsetzung Bundesgesetz \u00fcber Geldspiele;...\" \/>\n<meta property=\"og:url\" content=\"https:\/\/peter-faessler.spschweiz.ch\/?p=2903\" \/>\n<meta property=\"og:site_name\" content=\"Peter F\u00e4ssler\" \/>\n<meta property=\"article:author\" content=\"www.facebook.com\/peter.fassler.31\" \/>\n<meta property=\"article:published_time\" content=\"2019-10-22T07:12:12+00:00\" \/>\n<meta property=\"article:modified_time\" content=\"2019-10-22T16:04:08+00:00\" \/>\n<meta property=\"og:image\" content=\"http:\/\/peter-faessler.spschweiz.ch\/wp-content\/uploads\/sites\/15\/2018\/12\/Geld-CH-300x200.jpg\" \/>\n<meta name=\"author\" content=\"Peter F\u00e4ssler\" \/>\n<meta name=\"twitter:label1\" content=\"Verfasst von\" \/>\n\t<meta name=\"twitter:data1\" content=\"Peter F\u00e4ssler\" \/>\n\t<meta name=\"twitter:label2\" content=\"Gesch\u00e4tzte Lesezeit\" \/>\n\t<meta name=\"twitter:data2\" content=\"6\u00a0Minuten\" \/>\n<script type=\"application\/ld+json\" class=\"yoast-schema-graph\">{\"@context\":\"https:\\\/\\\/schema.org\",\"@graph\":[{\"@type\":\"Article\",\"@id\":\"https:\\\/\\\/peter-faessler.spschweiz.ch\\\/?p=2903#article\",\"isPartOf\":{\"@id\":\"https:\\\/\\\/peter-faessler.spschweiz.ch\\\/?p=2903\"},\"author\":{\"name\":\"Peter F\u00e4ssler\",\"@id\":\"https:\\\/\\\/peter-faessler.spschweiz.ch\\\/#\\\/schema\\\/person\\\/7ac2f764b1930b731c670e8a2393b60e\"},\"headline\":\"Oktobersession des Kantonsrates vom 21., 22. und 28.10.2019, 2. Tag\",\"datePublished\":\"2019-10-22T07:12:12+00:00\",\"dateModified\":\"2019-10-22T16:04:08+00:00\",\"mainEntityOfPage\":{\"@id\":\"https:\\\/\\\/peter-faessler.spschweiz.ch\\\/?p=2903\"},\"wordCount\":1218,\"commentCount\":0,\"image\":{\"@id\":\"https:\\\/\\\/peter-faessler.spschweiz.ch\\\/?p=2903#primaryimage\"},\"thumbnailUrl\":\"http:\\\/\\\/peter-faessler.spschweiz.ch\\\/wp-content\\\/uploads\\\/sites\\\/15\\\/2018\\\/12\\\/Geld-CH-300x200.jpg\",\"keywords\":[\"Kantonsrat Kanton Luzern\",\"Kantonsratssession\",\"Parlament\",\"Politik\",\"Session\",\"SP\"],\"articleSection\":[\"Kantonsrat Luzern\",\"Kantonsratsession\",\"Parlament\",\"Politik\",\"Session Kantonsrat Luzern\",\"SP Kriens\"],\"inLanguage\":\"de\",\"potentialAction\":[{\"@type\":\"CommentAction\",\"name\":\"Comment\",\"target\":[\"https:\\\/\\\/peter-faessler.spschweiz.ch\\\/?p=2903#respond\"]}]},{\"@type\":\"WebPage\",\"@id\":\"https:\\\/\\\/peter-faessler.spschweiz.ch\\\/?p=2903\",\"url\":\"https:\\\/\\\/peter-faessler.spschweiz.ch\\\/?p=2903\",\"name\":\"Oktobersession des Kantonsrates vom 21., 22. und 28.10.2019, 2. Tag - Peter F\u00e4ssler\",\"isPartOf\":{\"@id\":\"https:\\\/\\\/peter-faessler.spschweiz.ch\\\/#website\"},\"primaryImageOfPage\":{\"@id\":\"https:\\\/\\\/peter-faessler.spschweiz.ch\\\/?p=2903#primaryimage\"},\"image\":{\"@id\":\"https:\\\/\\\/peter-faessler.spschweiz.ch\\\/?p=2903#primaryimage\"},\"thumbnailUrl\":\"http:\\\/\\\/peter-faessler.spschweiz.ch\\\/wp-content\\\/uploads\\\/sites\\\/15\\\/2018\\\/12\\\/Geld-CH-300x200.jpg\",\"datePublished\":\"2019-10-22T07:12:12+00:00\",\"dateModified\":\"2019-10-22T16:04:08+00:00\",\"author\":{\"@id\":\"https:\\\/\\\/peter-faessler.spschweiz.ch\\\/#\\\/schema\\\/person\\\/7ac2f764b1930b731c670e8a2393b60e\"},\"breadcrumb\":{\"@id\":\"https:\\\/\\\/peter-faessler.spschweiz.ch\\\/?p=2903#breadcrumb\"},\"inLanguage\":\"de\",\"potentialAction\":[{\"@type\":\"ReadAction\",\"target\":[\"https:\\\/\\\/peter-faessler.spschweiz.ch\\\/?p=2903\"]}]},{\"@type\":\"ImageObject\",\"inLanguage\":\"de\",\"@id\":\"https:\\\/\\\/peter-faessler.spschweiz.ch\\\/?p=2903#primaryimage\",\"url\":\"https:\\\/\\\/peter-faessler.spschweiz.ch\\\/wp-content\\\/uploads\\\/sites\\\/15\\\/2018\\\/12\\\/Geld-CH.jpg\",\"contentUrl\":\"https:\\\/\\\/peter-faessler.spschweiz.ch\\\/wp-content\\\/uploads\\\/sites\\\/15\\\/2018\\\/12\\\/Geld-CH.jpg\",\"width\":640,\"height\":426,\"caption\":\"Bild: der.bund.ch\"},{\"@type\":\"BreadcrumbList\",\"@id\":\"https:\\\/\\\/peter-faessler.spschweiz.ch\\\/?p=2903#breadcrumb\",\"itemListElement\":[{\"@type\":\"ListItem\",\"position\":1,\"name\":\"Startseite\",\"item\":\"https:\\\/\\\/peter-faessler.spschweiz.ch\\\/\"},{\"@type\":\"ListItem\",\"position\":2,\"name\":\"Oktobersession des Kantonsrates vom 21., 22. und 28.10.2019, 2. Tag\"}]},{\"@type\":\"WebSite\",\"@id\":\"https:\\\/\\\/peter-faessler.spschweiz.ch\\\/#website\",\"url\":\"https:\\\/\\\/peter-faessler.spschweiz.ch\\\/\",\"name\":\"Peter F\u00e4ssler\",\"description\":\"SP Kantonsrat Kanton Luzern\",\"potentialAction\":[{\"@type\":\"SearchAction\",\"target\":{\"@type\":\"EntryPoint\",\"urlTemplate\":\"https:\\\/\\\/peter-faessler.spschweiz.ch\\\/?s={search_term_string}\"},\"query-input\":{\"@type\":\"PropertyValueSpecification\",\"valueRequired\":true,\"valueName\":\"search_term_string\"}}],\"inLanguage\":\"de\"},{\"@type\":\"Person\",\"@id\":\"https:\\\/\\\/peter-faessler.spschweiz.ch\\\/#\\\/schema\\\/person\\\/7ac2f764b1930b731c670e8a2393b60e\",\"name\":\"Peter F\u00e4ssler\",\"image\":{\"@type\":\"ImageObject\",\"inLanguage\":\"de\",\"@id\":\"https:\\\/\\\/secure.gravatar.com\\\/avatar\\\/9da8604da19b11812517d76f206166d47c5e180a26df2de36b8649168e128572?s=96&d=blank&r=g\",\"url\":\"https:\\\/\\\/secure.gravatar.com\\\/avatar\\\/9da8604da19b11812517d76f206166d47c5e180a26df2de36b8649168e128572?s=96&d=blank&r=g\",\"contentUrl\":\"https:\\\/\\\/secure.gravatar.com\\\/avatar\\\/9da8604da19b11812517d76f206166d47c5e180a26df2de36b8649168e128572?s=96&d=blank&r=g\",\"caption\":\"Peter F\u00e4ssler\"},\"description\":\"Peter F\u00e4ssler Schibiweg 7 6006 Luzern\",\"sameAs\":[\"www.facebook.com\\\/peter.fassler.31\",\"https:\\\/\\\/www.instagram.com\\\/peter.fassler.31\\\/\",\"https:\\\/\\\/www.linkedin.com\\\/in\\\/peter-fssler-2518a782\\\/\",\"https:\\\/\\\/x.com\\\/pfaessler56\"],\"url\":\"https:\\\/\\\/peter-faessler.spschweiz.ch\\\/?author=19\"}]}<\/script>\n<!-- \/ Yoast SEO plugin. -->","yoast_head_json":{"title":"Oktobersession des Kantonsrates vom 21., 22. und 28.10.2019, 2. Tag - Peter F\u00e4ssler","robots":{"index":"index","follow":"follow","max-snippet":"max-snippet:-1","max-image-preview":"max-image-preview:large","max-video-preview":"max-video-preview:-1"},"canonical":"https:\/\/peter-faessler.spschweiz.ch\/?p=2903","og_locale":"de_DE","og_type":"article","og_title":"Oktobersession des Kantonsrates vom 21., 22. und 28.10.2019, 2. Tag - Peter F\u00e4ssler","og_description":"Die Traktandenliste der Oktobersession des Kantonsrates Luzern umfasst 49 Traktanden. 2. Sessionstag vom 22. Oktober 2019 Traktandum 10-12: B 174 A Umsetzung Bundesgesetz \u00fcber Geldspiele;...","og_url":"https:\/\/peter-faessler.spschweiz.ch\/?p=2903","og_site_name":"Peter F\u00e4ssler","article_author":"www.facebook.com\/peter.fassler.31","article_published_time":"2019-10-22T07:12:12+00:00","article_modified_time":"2019-10-22T16:04:08+00:00","og_image":[{"url":"http:\/\/peter-faessler.spschweiz.ch\/wp-content\/uploads\/sites\/15\/2018\/12\/Geld-CH-300x200.jpg","type":"","width":"","height":""}],"author":"Peter F\u00e4ssler","twitter_misc":{"Verfasst von":"Peter F\u00e4ssler","Gesch\u00e4tzte Lesezeit":"6\u00a0Minuten"},"schema":{"@context":"https:\/\/schema.org","@graph":[{"@type":"Article","@id":"https:\/\/peter-faessler.spschweiz.ch\/?p=2903#article","isPartOf":{"@id":"https:\/\/peter-faessler.spschweiz.ch\/?p=2903"},"author":{"name":"Peter F\u00e4ssler","@id":"https:\/\/peter-faessler.spschweiz.ch\/#\/schema\/person\/7ac2f764b1930b731c670e8a2393b60e"},"headline":"Oktobersession des Kantonsrates vom 21., 22. und 28.10.2019, 2. Tag","datePublished":"2019-10-22T07:12:12+00:00","dateModified":"2019-10-22T16:04:08+00:00","mainEntityOfPage":{"@id":"https:\/\/peter-faessler.spschweiz.ch\/?p=2903"},"wordCount":1218,"commentCount":0,"image":{"@id":"https:\/\/peter-faessler.spschweiz.ch\/?p=2903#primaryimage"},"thumbnailUrl":"http:\/\/peter-faessler.spschweiz.ch\/wp-content\/uploads\/sites\/15\/2018\/12\/Geld-CH-300x200.jpg","keywords":["Kantonsrat Kanton Luzern","Kantonsratssession","Parlament","Politik","Session","SP"],"articleSection":["Kantonsrat Luzern","Kantonsratsession","Parlament","Politik","Session Kantonsrat Luzern","SP Kriens"],"inLanguage":"de","potentialAction":[{"@type":"CommentAction","name":"Comment","target":["https:\/\/peter-faessler.spschweiz.ch\/?p=2903#respond"]}]},{"@type":"WebPage","@id":"https:\/\/peter-faessler.spschweiz.ch\/?p=2903","url":"https:\/\/peter-faessler.spschweiz.ch\/?p=2903","name":"Oktobersession des Kantonsrates vom 21., 22. und 28.10.2019, 2. Tag - Peter F\u00e4ssler","isPartOf":{"@id":"https:\/\/peter-faessler.spschweiz.ch\/#website"},"primaryImageOfPage":{"@id":"https:\/\/peter-faessler.spschweiz.ch\/?p=2903#primaryimage"},"image":{"@id":"https:\/\/peter-faessler.spschweiz.ch\/?p=2903#primaryimage"},"thumbnailUrl":"http:\/\/peter-faessler.spschweiz.ch\/wp-content\/uploads\/sites\/15\/2018\/12\/Geld-CH-300x200.jpg","datePublished":"2019-10-22T07:12:12+00:00","dateModified":"2019-10-22T16:04:08+00:00","author":{"@id":"https:\/\/peter-faessler.spschweiz.ch\/#\/schema\/person\/7ac2f764b1930b731c670e8a2393b60e"},"breadcrumb":{"@id":"https:\/\/peter-faessler.spschweiz.ch\/?p=2903#breadcrumb"},"inLanguage":"de","potentialAction":[{"@type":"ReadAction","target":["https:\/\/peter-faessler.spschweiz.ch\/?p=2903"]}]},{"@type":"ImageObject","inLanguage":"de","@id":"https:\/\/peter-faessler.spschweiz.ch\/?p=2903#primaryimage","url":"https:\/\/peter-faessler.spschweiz.ch\/wp-content\/uploads\/sites\/15\/2018\/12\/Geld-CH.jpg","contentUrl":"https:\/\/peter-faessler.spschweiz.ch\/wp-content\/uploads\/sites\/15\/2018\/12\/Geld-CH.jpg","width":640,"height":426,"caption":"Bild: der.bund.ch"},{"@type":"BreadcrumbList","@id":"https:\/\/peter-faessler.spschweiz.ch\/?p=2903#breadcrumb","itemListElement":[{"@type":"ListItem","position":1,"name":"Startseite","item":"https:\/\/peter-faessler.spschweiz.ch\/"},{"@type":"ListItem","position":2,"name":"Oktobersession des Kantonsrates vom 21., 22. und 28.10.2019, 2. Tag"}]},{"@type":"WebSite","@id":"https:\/\/peter-faessler.spschweiz.ch\/#website","url":"https:\/\/peter-faessler.spschweiz.ch\/","name":"Peter F\u00e4ssler","description":"SP Kantonsrat Kanton Luzern","potentialAction":[{"@type":"SearchAction","target":{"@type":"EntryPoint","urlTemplate":"https:\/\/peter-faessler.spschweiz.ch\/?s={search_term_string}"},"query-input":{"@type":"PropertyValueSpecification","valueRequired":true,"valueName":"search_term_string"}}],"inLanguage":"de"},{"@type":"Person","@id":"https:\/\/peter-faessler.spschweiz.ch\/#\/schema\/person\/7ac2f764b1930b731c670e8a2393b60e","name":"Peter F\u00e4ssler","image":{"@type":"ImageObject","inLanguage":"de","@id":"https:\/\/secure.gravatar.com\/avatar\/9da8604da19b11812517d76f206166d47c5e180a26df2de36b8649168e128572?s=96&d=blank&r=g","url":"https:\/\/secure.gravatar.com\/avatar\/9da8604da19b11812517d76f206166d47c5e180a26df2de36b8649168e128572?s=96&d=blank&r=g","contentUrl":"https:\/\/secure.gravatar.com\/avatar\/9da8604da19b11812517d76f206166d47c5e180a26df2de36b8649168e128572?s=96&d=blank&r=g","caption":"Peter F\u00e4ssler"},"description":"Peter F\u00e4ssler Schibiweg 7 6006 Luzern","sameAs":["www.facebook.com\/peter.fassler.31","https:\/\/www.instagram.com\/peter.fassler.31\/","https:\/\/www.linkedin.com\/in\/peter-fssler-2518a782\/","https:\/\/x.com\/pfaessler56"],"url":"https:\/\/peter-faessler.spschweiz.ch\/?author=19"}]}},"_links":{"self":[{"href":"https:\/\/peter-faessler.spschweiz.ch\/index.php?rest_route=\/wp\/v2\/posts\/2903","targetHints":{"allow":["GET"]}}],"collection":[{"href":"https:\/\/peter-faessler.spschweiz.ch\/index.php?rest_route=\/wp\/v2\/posts"}],"about":[{"href":"https:\/\/peter-faessler.spschweiz.ch\/index.php?rest_route=\/wp\/v2\/types\/post"}],"author":[{"embeddable":true,"href":"https:\/\/peter-faessler.spschweiz.ch\/index.php?rest_route=\/wp\/v2\/users\/19"}],"replies":[{"embeddable":true,"href":"https:\/\/peter-faessler.spschweiz.ch\/index.php?rest_route=%2Fwp%2Fv2%2Fcomments&post=2903"}],"version-history":[{"count":37,"href":"https:\/\/peter-faessler.spschweiz.ch\/index.php?rest_route=\/wp\/v2\/posts\/2903\/revisions"}],"predecessor-version":[{"id":2941,"href":"https:\/\/peter-faessler.spschweiz.ch\/index.php?rest_route=\/wp\/v2\/posts\/2903\/revisions\/2941"}],"wp:attachment":[{"href":"https:\/\/peter-faessler.spschweiz.ch\/index.php?rest_route=%2Fwp%2Fv2%2Fmedia&parent=2903"}],"wp:term":[{"taxonomy":"category","embeddable":true,"href":"https:\/\/peter-faessler.spschweiz.ch\/index.php?rest_route=%2Fwp%2Fv2%2Fcategories&post=2903"},{"taxonomy":"post_tag","embeddable":true,"href":"https:\/\/peter-faessler.spschweiz.ch\/index.php?rest_route=%2Fwp%2Fv2%2Ftags&post=2903"}],"curies":[{"name":"wp","href":"https:\/\/api.w.org\/{rel}","templated":true}]}}