{"id":2962,"date":"2020-02-17T10:18:18","date_gmt":"2020-02-17T09:18:18","guid":{"rendered":"https:\/\/peter-faessler.spschweiz.ch\/?p=2962"},"modified":"2020-02-17T10:18:18","modified_gmt":"2020-02-17T09:18:18","slug":"seit-8-monaten-praesident-der-kommission-fuer-raumplanung-umwelt-und-energie-ruek","status":"publish","type":"post","link":"https:\/\/peter-faessler.spschweiz.ch\/?p=2962","title":{"rendered":"Seit 8 Monaten Pr\u00e4sident der Kommission f\u00fcr Raumplanung, Umwelt und Energie RUEK"},"content":{"rendered":"<p>Am 17. Juni 2019 ist die neue Legislatur des Kantonsrates Luzern er\u00f6ffnet worden. Wir Kantonsr\u00e4tinnen und Kantonsr\u00e4te sind f\u00fcr 4 Jahre im Amt gew\u00e4hlt. Auch die Kommissionszuteilung wird neu festgelegt.<\/p>\n<blockquote><p><em>\u00a7 21 Kantonsratsgesetz Aufgaben der Kommissionen<\/em><\/p>\n<p><em>1 Die Kommissionen bereiten die Sach- und Aufsichtsgesch\u00e4fte des Kantonsrates sowie die Einzelinitiativen vor. Ausgenommen sind alle andern parlamentarischen Vorst\u00f6sse.<\/em><\/p>\n<p><em>2 Sie beraten die Gesch\u00e4fte vor, machen oder veranlassen die notwendigen Abkl\u00e4rungen, erstatten dem Kantonsrat Bericht und stellen Antrag.<\/em><\/p>\n<p><em>3 Sie wirken beim Abschluss von interkantonalen Vertr\u00e4gen und Vertr\u00e4gen mit rechtsetzendem Inhalt mit, soweit nicht der Regierungsrat allein f\u00fcr den Abschluss zust\u00e4ndig ist (\u00a7 48 Abs. 1 der Kantonsverfassung).<\/em><\/p><\/blockquote>\n<div id=\"attachment_2601\" style=\"width: 310px\" class=\"wp-caption alignright\"><img loading=\"lazy\" decoding=\"async\" aria-describedby=\"caption-attachment-2601\" class=\"size-medium wp-image-2601\" src=\"http:\/\/peter-faessler.spschweiz.ch\/wp-content\/uploads\/sites\/15\/2019\/06\/DSC_4017b-300x177.jpg\" alt=\"\" width=\"300\" height=\"177\" srcset=\"https:\/\/peter-faessler.spschweiz.ch\/wp-content\/uploads\/sites\/15\/2019\/06\/DSC_4017b-300x177.jpg 300w, https:\/\/peter-faessler.spschweiz.ch\/wp-content\/uploads\/sites\/15\/2019\/06\/DSC_4017b-150x89.jpg 150w, https:\/\/peter-faessler.spschweiz.ch\/wp-content\/uploads\/sites\/15\/2019\/06\/DSC_4017b-768x454.jpg 768w, https:\/\/peter-faessler.spschweiz.ch\/wp-content\/uploads\/sites\/15\/2019\/06\/DSC_4017b-1024x606.jpg 1024w\" sizes=\"auto, (max-width: 300px) 100vw, 300px\" \/><p id=\"caption-attachment-2601\" class=\"wp-caption-text\">SP Fraktion nach den Wahlen 2019<\/p><\/div>\n<p>Ob wir in der jeweiligen Kommission der letzen Legislatur bleiben k\u00f6nnen, ist ungewiss. Nach den Wahlen werden die Kommissionssitze anhand der Fraktionsst\u00e4rken neu ausgehandelt und verteilt. Auch wird ausgehandelt, welche Parteien welches Kommissionspr\u00e4sidium erhalten.<\/p>\n<p>Der SP-Fraktion wurde das Pr\u00e4sidium der RUEK zugesprochen. Die Fraktionsleitung war der Meinung, dass ich f\u00fcr dieses Amt die geeignete Person sei. So kam es, dass ich meinen Sitz in der Justiz- und Sicherheitskommission JSK nach 4 Jahren aufgab und das Pr\u00e4sidium der RUEK f\u00fcr die n\u00e4chsten 4 Jahre \u00fcbernahm. Einerseits ist es schade, das Fachwissen einer Kommission nach 4 Jahren aufzugeben. Andererseits wird es spannend, sich in die Thematiken der neuen Kommission einzuarbeiten.<\/p>\n<p><img loading=\"lazy\" decoding=\"async\" class=\"size-medium wp-image-2924 alignright\" src=\"http:\/\/peter-faessler.spschweiz.ch\/wp-content\/uploads\/sites\/15\/2019\/10\/DSC_0021-300x225.jpg\" alt=\"\" width=\"300\" height=\"225\" srcset=\"https:\/\/peter-faessler.spschweiz.ch\/wp-content\/uploads\/sites\/15\/2019\/10\/DSC_0021-300x225.jpg 300w, https:\/\/peter-faessler.spschweiz.ch\/wp-content\/uploads\/sites\/15\/2019\/10\/DSC_0021-150x113.jpg 150w, https:\/\/peter-faessler.spschweiz.ch\/wp-content\/uploads\/sites\/15\/2019\/10\/DSC_0021-768x576.jpg 768w, https:\/\/peter-faessler.spschweiz.ch\/wp-content\/uploads\/sites\/15\/2019\/10\/DSC_0021-1024x768.jpg 1024w\" sizes=\"auto, (max-width: 300px) 100vw, 300px\" \/>Die Kommission Raumplanung, Umwelt und Energie (RUEK) ist zust\u00e4ndig f\u00fcr:<\/p>\n<ul>\n<li>Raumplanung<\/li>\n<li>Baupolizei<\/li>\n<li>Feuerpolizei, Geb\u00e4udeversicherung<\/li>\n<li>Umweltschutz<\/li>\n<li>Natur- und Landschaftsschutz<\/li>\n<li>Landwirtschaft<\/li>\n<li>Waldwirtschaft, Fischerei, Jagd, Tierschutz<\/li>\n<li>Energiefragen<\/li>\n<\/ul>\n<p>Die RUEK in neuer Besetzung umfasst 13 Mitglieder aus allen im Kantonsrat vertretenen Fraktionen. Das ist wichtig, damit alle Fraktionen die Gesch\u00e4fte mitbestimmen k\u00f6nnen.<\/p>\n<p>Wichtige Gesch\u00e4fte waren bisher die <a href=\"https:\/\/www.lu.ch\/kr\/parlamentsgeschaefte\/Overview?geschaeftsnr=B%20169&amp;art=-0-1-2-3&amp;bart=-0-1-2-3-4&amp;vart=-0-1-2-3&amp;wart=1&amp;gart=1&amp;status=-0-1\" target=\"_blank\" rel=\"noopener noreferrer\">Botschaft B 169<\/a> \u00fcber die &#8222;<span class=\"fontstyle0\">Volksinitiativen \u00abLuzerner Kulturlandschaft\u00bb und Gegenvorschlag; Entw\u00fcrfe Kantonsratsbeschl\u00fcsse und Gegenentwurf zur Gesetzesinitiative in der Form einer<br \/>\n\u00c4nderung des Planungs- und Baugesetzes&#8220;.\u00a0<\/span><\/p>\n<p>Ebenfalls viel zu Diskutieren gab in der RUEK der &#8222;<a href=\"https:\/\/www.lu.ch\/kr\/parlamentsgeschaefte\/detail?ges=9cb17d99e80e4f13a8a9ced52fd11659&amp;back=1&amp;geschaeftsnr=b%201&amp;art=-0-1-2-3&amp;bart=-0-1-2-3-4&amp;vart=-0-1-2-3&amp;wart=1&amp;gart=1&amp;status=-0-1\" target=\"_blank\" rel=\"noopener noreferrer\">Planungsbericht B1<\/a> <span class=\"fontstyle0\">\u00fcber die Strategie zur Erhaltung und<br \/>\nF\u00f6rderung der Biodiversit\u00e4t im Kanton Luzern&#8220;.<\/span><\/p>\n<p>Um mich in die vielf\u00e4ltigen Themen einzuarbeiten besuche Tagungen und Veranstaltungen zu diesen Themen.<\/p>\n<p>So zum Beispiel im November 2019 die <a href=\"https:\/\/www.espacesuisse.ch\/sites\/default\/files\/event_external\/documents\/ZVR%20Tagungsprogramm%2015.11.2019.pdf\" target=\"_blank\" rel=\"noopener noreferrer\"><strong>Tagung des ZVR<\/strong><\/a> (Zentralschweizer Vereinigung f\u00fcr Raumplanung) zum Thema <strong>&#8222;Herausforderung Klimawandel&#8220;<\/strong>. Der Tagesfokus lautete wie folgt:<br \/>\n<span class=\"fontstyle1\">Die Folgen des Klimawandels sind real und vielschichtig. Es sind nicht nur schmelzende Gletscher, schneearme Winter und eine zunehmende Hitze und Trockenheit, die uns schon heute zu schaffen machen. Die Liste mit Klimarisiken ist lang und die Auswirkungen werden auch f\u00fcr die Schweiz von erheblicher Bedeutung sein. Neben Naturgefahren \u2013 mit Auswirkungen f\u00fcr die Bev\u00f6lkerung und Wirtschaft \u2013 sind die Folgen f\u00fcr den Tourismus, die Wasserwirtschaft und nicht zuletzt f\u00fcr unsere Gesundheit, bereits heute absehbar.<\/span><\/p>\n<div id=\"attachment_2979\" style=\"width: 310px\" class=\"wp-caption alignleft\"><img loading=\"lazy\" decoding=\"async\" aria-describedby=\"caption-attachment-2979\" class=\"size-medium wp-image-2979\" src=\"http:\/\/peter-faessler.spschweiz.ch\/wp-content\/uploads\/sites\/15\/2020\/02\/Klimawandel-300x142.jpg\" alt=\"\" width=\"300\" height=\"142\" srcset=\"https:\/\/peter-faessler.spschweiz.ch\/wp-content\/uploads\/sites\/15\/2020\/02\/Klimawandel-300x142.jpg 300w, https:\/\/peter-faessler.spschweiz.ch\/wp-content\/uploads\/sites\/15\/2020\/02\/Klimawandel-1024x485.jpg 1024w, https:\/\/peter-faessler.spschweiz.ch\/wp-content\/uploads\/sites\/15\/2020\/02\/Klimawandel-150x71.jpg 150w, https:\/\/peter-faessler.spschweiz.ch\/wp-content\/uploads\/sites\/15\/2020\/02\/Klimawandel-768x363.jpg 768w, https:\/\/peter-faessler.spschweiz.ch\/wp-content\/uploads\/sites\/15\/2020\/02\/Klimawandel-1536x727.jpg 1536w, https:\/\/peter-faessler.spschweiz.ch\/wp-content\/uploads\/sites\/15\/2020\/02\/Klimawandel-2048x969.jpg 2048w\" sizes=\"auto, (max-width: 300px) 100vw, 300px\" \/><p id=\"caption-attachment-2979\" class=\"wp-caption-text\">Wenig Schnee Mitte Februar im Oberengadin<\/p><\/div>\n<p><span class=\"fontstyle1\"><br \/>\nWelche Klima-Szenarien Schweiz sind in den n\u00e4chsten Jahrzehnten zu erwarten? Welches sind die Hauptursachen der Klimaerw\u00e4rmung und wie gehen wir damit um? Welche Massnahmen k\u00f6nnen bzw. m\u00fcssen wir in den Bereichen Mobilit\u00e4t, Geb\u00e4ude, Landwirtschaft, Konsum und Ern\u00e4hrung ergreifen? Welche Auswirkungen sind auf die Siedlungsentwicklung zu erwarten? Wo sollen die Menschen bei Sommertemperaturen von \u00fcber 40\u00b0 wohnen, arbeiten bzw. leben? Welche Strategien und Massnahmen k\u00f6nnen Bund und Kantone im Rahmen der vorsorglichen Raumplanung ergreifen? Welche Rolle kommt den Gemeinden im Rahmen der kommunalen Ortsplanung zu? Wie m\u00fcssen Politik, Wirtschaft und Gesellschaft agieren bzw. reagieren, um die voraussehbaren Auswirkungen des Klimawandels bestm\u00f6glich zu antizipieren bzw. abzumildern?<\/span><\/p>\n<p>Eine andere Veranstaltung fand im Januar 2020 unter dem Titel &#8222;<span class=\"fontstyle0\"><a href=\"https:\/\/luzernplus.ch\/luzernplus\/news\/RK-RSM\" target=\"_blank\" rel=\"noopener noreferrer\">8. Regionalkonferenz Raum-Siedlung-Mobilit\u00e4t<\/a><br \/>\n(RK RSM)&#8220; von <a href=\"https:\/\/luzernplus.ch\/\" target=\"_blank\" rel=\"noopener noreferrer\">Luzern Plus<\/a> statt. Als Schwerpunkt kam insbesondere der Start zur Beh\u00f6rdenmitwirkung zum Agglomerationsprogramm Luzern (AP LU 4G) zur Sprache.<br \/>\n<\/span><\/p>\n<p>Weitere grosse Gesch\u00e4fte werden uns auch in naher Zukunft besch\u00e4ftigen: Kantonale Richtplanrevision, Reusssanierung und Planungsbericht Klima. Dank der guten Diskussionskultur in der RUEK werden wir auch bei diesen Themen ausf\u00fchrlich Pro und Kontra behandeln.<\/p>\n","protected":false},"excerpt":{"rendered":"<p>Am 17. Juni 2019 ist die neue Legislatur des Kantonsrates Luzern er\u00f6ffnet worden. Wir Kantonsr\u00e4tinnen und Kantonsr\u00e4te sind f\u00fcr 4 Jahre im Amt gew\u00e4hlt. Auch&#8230;<\/p>\n","protected":false},"author":19,"featured_media":0,"comment_status":"open","ping_status":"open","sticky":false,"template":"","format":"standard","meta":{"footnotes":""},"categories":[100,22,79,101,30,21,97],"tags":[16,98,31,7,99],"class_list":["post-2962","post","type-post","status-publish","format-standard","hentry","category-biodiversitaet","category-kantonsrat-luzern","category-klima","category-natur","category-parlament","category-politik","category-ruek","tag-kantonsrat-kanton-luzern","tag-kommission-fuer-raumplanung","tag-parlament","tag-politik","tag-umwelt-und-energie-ruek"],"yoast_head":"<!-- This site is optimized with the Yoast SEO plugin v27.5 - https:\/\/yoast.com\/product\/yoast-seo-wordpress\/ -->\n<title>Seit 8 Monaten Pr\u00e4sident der Kommission f\u00fcr Raumplanung, Umwelt und Energie RUEK - Peter F\u00e4ssler<\/title>\n<meta name=\"robots\" content=\"index, follow, max-snippet:-1, max-image-preview:large, max-video-preview:-1\" \/>\n<link rel=\"canonical\" href=\"https:\/\/peter-faessler.spschweiz.ch\/?p=2962\" \/>\n<meta property=\"og:locale\" content=\"de_DE\" \/>\n<meta property=\"og:type\" content=\"article\" \/>\n<meta property=\"og:title\" content=\"Seit 8 Monaten Pr\u00e4sident der Kommission f\u00fcr Raumplanung, Umwelt und Energie RUEK - Peter F\u00e4ssler\" \/>\n<meta property=\"og:description\" content=\"Am 17. Juni 2019 ist die neue Legislatur des Kantonsrates Luzern er\u00f6ffnet worden. Wir Kantonsr\u00e4tinnen und Kantonsr\u00e4te sind f\u00fcr 4 Jahre im Amt gew\u00e4hlt. Auch...\" \/>\n<meta property=\"og:url\" content=\"https:\/\/peter-faessler.spschweiz.ch\/?p=2962\" \/>\n<meta property=\"og:site_name\" content=\"Peter F\u00e4ssler\" \/>\n<meta property=\"article:author\" content=\"www.facebook.com\/peter.fassler.31\" \/>\n<meta property=\"article:published_time\" content=\"2020-02-17T09:18:18+00:00\" \/>\n<meta property=\"og:image\" content=\"http:\/\/peter-faessler.spschweiz.ch\/wp-content\/uploads\/sites\/15\/2019\/06\/DSC_4017b-300x177.jpg\" \/>\n<meta name=\"author\" content=\"Peter F\u00e4ssler\" \/>\n<meta name=\"twitter:label1\" content=\"Verfasst von\" \/>\n\t<meta name=\"twitter:data1\" content=\"Peter F\u00e4ssler\" \/>\n\t<meta name=\"twitter:label2\" content=\"Gesch\u00e4tzte Lesezeit\" \/>\n\t<meta name=\"twitter:data2\" content=\"3\u00a0Minuten\" \/>\n<script type=\"application\/ld+json\" class=\"yoast-schema-graph\">{\"@context\":\"https:\\\/\\\/schema.org\",\"@graph\":[{\"@type\":\"Article\",\"@id\":\"https:\\\/\\\/peter-faessler.spschweiz.ch\\\/?p=2962#article\",\"isPartOf\":{\"@id\":\"https:\\\/\\\/peter-faessler.spschweiz.ch\\\/?p=2962\"},\"author\":{\"name\":\"Peter F\u00e4ssler\",\"@id\":\"https:\\\/\\\/peter-faessler.spschweiz.ch\\\/#\\\/schema\\\/person\\\/7ac2f764b1930b731c670e8a2393b60e\"},\"headline\":\"Seit 8 Monaten Pr\u00e4sident der Kommission f\u00fcr Raumplanung, Umwelt und Energie RUEK\",\"datePublished\":\"2020-02-17T09:18:18+00:00\",\"mainEntityOfPage\":{\"@id\":\"https:\\\/\\\/peter-faessler.spschweiz.ch\\\/?p=2962\"},\"wordCount\":668,\"commentCount\":0,\"image\":{\"@id\":\"https:\\\/\\\/peter-faessler.spschweiz.ch\\\/?p=2962#primaryimage\"},\"thumbnailUrl\":\"http:\\\/\\\/peter-faessler.spschweiz.ch\\\/wp-content\\\/uploads\\\/sites\\\/15\\\/2019\\\/06\\\/DSC_4017b-300x177.jpg\",\"keywords\":[\"Kantonsrat Kanton Luzern\",\"Kommission f\u00fcr Raumplanung\",\"Parlament\",\"Politik\",\"Umwelt und Energie RUEK\"],\"articleSection\":[\"Biodiversit\u00e4t\",\"Kantonsrat Luzern\",\"Klima\",\"Natur\",\"Parlament\",\"Politik\",\"RUEK\"],\"inLanguage\":\"de\",\"potentialAction\":[{\"@type\":\"CommentAction\",\"name\":\"Comment\",\"target\":[\"https:\\\/\\\/peter-faessler.spschweiz.ch\\\/?p=2962#respond\"]}]},{\"@type\":\"WebPage\",\"@id\":\"https:\\\/\\\/peter-faessler.spschweiz.ch\\\/?p=2962\",\"url\":\"https:\\\/\\\/peter-faessler.spschweiz.ch\\\/?p=2962\",\"name\":\"Seit 8 Monaten Pr\u00e4sident der Kommission f\u00fcr Raumplanung, Umwelt und Energie RUEK - Peter F\u00e4ssler\",\"isPartOf\":{\"@id\":\"https:\\\/\\\/peter-faessler.spschweiz.ch\\\/#website\"},\"primaryImageOfPage\":{\"@id\":\"https:\\\/\\\/peter-faessler.spschweiz.ch\\\/?p=2962#primaryimage\"},\"image\":{\"@id\":\"https:\\\/\\\/peter-faessler.spschweiz.ch\\\/?p=2962#primaryimage\"},\"thumbnailUrl\":\"http:\\\/\\\/peter-faessler.spschweiz.ch\\\/wp-content\\\/uploads\\\/sites\\\/15\\\/2019\\\/06\\\/DSC_4017b-300x177.jpg\",\"datePublished\":\"2020-02-17T09:18:18+00:00\",\"author\":{\"@id\":\"https:\\\/\\\/peter-faessler.spschweiz.ch\\\/#\\\/schema\\\/person\\\/7ac2f764b1930b731c670e8a2393b60e\"},\"breadcrumb\":{\"@id\":\"https:\\\/\\\/peter-faessler.spschweiz.ch\\\/?p=2962#breadcrumb\"},\"inLanguage\":\"de\",\"potentialAction\":[{\"@type\":\"ReadAction\",\"target\":[\"https:\\\/\\\/peter-faessler.spschweiz.ch\\\/?p=2962\"]}]},{\"@type\":\"ImageObject\",\"inLanguage\":\"de\",\"@id\":\"https:\\\/\\\/peter-faessler.spschweiz.ch\\\/?p=2962#primaryimage\",\"url\":\"https:\\\/\\\/peter-faessler.spschweiz.ch\\\/wp-content\\\/uploads\\\/sites\\\/15\\\/2019\\\/06\\\/DSC_4017b.jpg\",\"contentUrl\":\"https:\\\/\\\/peter-faessler.spschweiz.ch\\\/wp-content\\\/uploads\\\/sites\\\/15\\\/2019\\\/06\\\/DSC_4017b.jpg\",\"width\":3651,\"height\":2160,\"caption\":\"SP Fraktion nach den Wahlen 2019\"},{\"@type\":\"BreadcrumbList\",\"@id\":\"https:\\\/\\\/peter-faessler.spschweiz.ch\\\/?p=2962#breadcrumb\",\"itemListElement\":[{\"@type\":\"ListItem\",\"position\":1,\"name\":\"Startseite\",\"item\":\"https:\\\/\\\/peter-faessler.spschweiz.ch\\\/\"},{\"@type\":\"ListItem\",\"position\":2,\"name\":\"Seit 8 Monaten Pr\u00e4sident der Kommission f\u00fcr Raumplanung, Umwelt und Energie RUEK\"}]},{\"@type\":\"WebSite\",\"@id\":\"https:\\\/\\\/peter-faessler.spschweiz.ch\\\/#website\",\"url\":\"https:\\\/\\\/peter-faessler.spschweiz.ch\\\/\",\"name\":\"Peter F\u00e4ssler\",\"description\":\"SP Kantonsrat Kanton Luzern\",\"potentialAction\":[{\"@type\":\"SearchAction\",\"target\":{\"@type\":\"EntryPoint\",\"urlTemplate\":\"https:\\\/\\\/peter-faessler.spschweiz.ch\\\/?s={search_term_string}\"},\"query-input\":{\"@type\":\"PropertyValueSpecification\",\"valueRequired\":true,\"valueName\":\"search_term_string\"}}],\"inLanguage\":\"de\"},{\"@type\":\"Person\",\"@id\":\"https:\\\/\\\/peter-faessler.spschweiz.ch\\\/#\\\/schema\\\/person\\\/7ac2f764b1930b731c670e8a2393b60e\",\"name\":\"Peter F\u00e4ssler\",\"image\":{\"@type\":\"ImageObject\",\"inLanguage\":\"de\",\"@id\":\"https:\\\/\\\/secure.gravatar.com\\\/avatar\\\/9da8604da19b11812517d76f206166d47c5e180a26df2de36b8649168e128572?s=96&d=blank&r=g\",\"url\":\"https:\\\/\\\/secure.gravatar.com\\\/avatar\\\/9da8604da19b11812517d76f206166d47c5e180a26df2de36b8649168e128572?s=96&d=blank&r=g\",\"contentUrl\":\"https:\\\/\\\/secure.gravatar.com\\\/avatar\\\/9da8604da19b11812517d76f206166d47c5e180a26df2de36b8649168e128572?s=96&d=blank&r=g\",\"caption\":\"Peter F\u00e4ssler\"},\"description\":\"Peter F\u00e4ssler Schibiweg 7 6006 Luzern\",\"sameAs\":[\"www.facebook.com\\\/peter.fassler.31\",\"https:\\\/\\\/www.instagram.com\\\/peter.fassler.31\\\/\",\"https:\\\/\\\/www.linkedin.com\\\/in\\\/peter-fssler-2518a782\\\/\",\"https:\\\/\\\/x.com\\\/pfaessler56\"],\"url\":\"https:\\\/\\\/peter-faessler.spschweiz.ch\\\/?author=19\"}]}<\/script>\n<!-- \/ Yoast SEO plugin. -->","yoast_head_json":{"title":"Seit 8 Monaten Pr\u00e4sident der Kommission f\u00fcr Raumplanung, Umwelt und Energie RUEK - Peter F\u00e4ssler","robots":{"index":"index","follow":"follow","max-snippet":"max-snippet:-1","max-image-preview":"max-image-preview:large","max-video-preview":"max-video-preview:-1"},"canonical":"https:\/\/peter-faessler.spschweiz.ch\/?p=2962","og_locale":"de_DE","og_type":"article","og_title":"Seit 8 Monaten Pr\u00e4sident der Kommission f\u00fcr Raumplanung, Umwelt und Energie RUEK - Peter F\u00e4ssler","og_description":"Am 17. Juni 2019 ist die neue Legislatur des Kantonsrates Luzern er\u00f6ffnet worden. Wir Kantonsr\u00e4tinnen und Kantonsr\u00e4te sind f\u00fcr 4 Jahre im Amt gew\u00e4hlt. Auch...","og_url":"https:\/\/peter-faessler.spschweiz.ch\/?p=2962","og_site_name":"Peter F\u00e4ssler","article_author":"www.facebook.com\/peter.fassler.31","article_published_time":"2020-02-17T09:18:18+00:00","og_image":[{"url":"http:\/\/peter-faessler.spschweiz.ch\/wp-content\/uploads\/sites\/15\/2019\/06\/DSC_4017b-300x177.jpg","type":"","width":"","height":""}],"author":"Peter F\u00e4ssler","twitter_misc":{"Verfasst von":"Peter F\u00e4ssler","Gesch\u00e4tzte Lesezeit":"3\u00a0Minuten"},"schema":{"@context":"https:\/\/schema.org","@graph":[{"@type":"Article","@id":"https:\/\/peter-faessler.spschweiz.ch\/?p=2962#article","isPartOf":{"@id":"https:\/\/peter-faessler.spschweiz.ch\/?p=2962"},"author":{"name":"Peter F\u00e4ssler","@id":"https:\/\/peter-faessler.spschweiz.ch\/#\/schema\/person\/7ac2f764b1930b731c670e8a2393b60e"},"headline":"Seit 8 Monaten Pr\u00e4sident der Kommission f\u00fcr Raumplanung, Umwelt und Energie RUEK","datePublished":"2020-02-17T09:18:18+00:00","mainEntityOfPage":{"@id":"https:\/\/peter-faessler.spschweiz.ch\/?p=2962"},"wordCount":668,"commentCount":0,"image":{"@id":"https:\/\/peter-faessler.spschweiz.ch\/?p=2962#primaryimage"},"thumbnailUrl":"http:\/\/peter-faessler.spschweiz.ch\/wp-content\/uploads\/sites\/15\/2019\/06\/DSC_4017b-300x177.jpg","keywords":["Kantonsrat Kanton Luzern","Kommission f\u00fcr Raumplanung","Parlament","Politik","Umwelt und Energie RUEK"],"articleSection":["Biodiversit\u00e4t","Kantonsrat Luzern","Klima","Natur","Parlament","Politik","RUEK"],"inLanguage":"de","potentialAction":[{"@type":"CommentAction","name":"Comment","target":["https:\/\/peter-faessler.spschweiz.ch\/?p=2962#respond"]}]},{"@type":"WebPage","@id":"https:\/\/peter-faessler.spschweiz.ch\/?p=2962","url":"https:\/\/peter-faessler.spschweiz.ch\/?p=2962","name":"Seit 8 Monaten Pr\u00e4sident der Kommission f\u00fcr Raumplanung, Umwelt und Energie RUEK - Peter F\u00e4ssler","isPartOf":{"@id":"https:\/\/peter-faessler.spschweiz.ch\/#website"},"primaryImageOfPage":{"@id":"https:\/\/peter-faessler.spschweiz.ch\/?p=2962#primaryimage"},"image":{"@id":"https:\/\/peter-faessler.spschweiz.ch\/?p=2962#primaryimage"},"thumbnailUrl":"http:\/\/peter-faessler.spschweiz.ch\/wp-content\/uploads\/sites\/15\/2019\/06\/DSC_4017b-300x177.jpg","datePublished":"2020-02-17T09:18:18+00:00","author":{"@id":"https:\/\/peter-faessler.spschweiz.ch\/#\/schema\/person\/7ac2f764b1930b731c670e8a2393b60e"},"breadcrumb":{"@id":"https:\/\/peter-faessler.spschweiz.ch\/?p=2962#breadcrumb"},"inLanguage":"de","potentialAction":[{"@type":"ReadAction","target":["https:\/\/peter-faessler.spschweiz.ch\/?p=2962"]}]},{"@type":"ImageObject","inLanguage":"de","@id":"https:\/\/peter-faessler.spschweiz.ch\/?p=2962#primaryimage","url":"https:\/\/peter-faessler.spschweiz.ch\/wp-content\/uploads\/sites\/15\/2019\/06\/DSC_4017b.jpg","contentUrl":"https:\/\/peter-faessler.spschweiz.ch\/wp-content\/uploads\/sites\/15\/2019\/06\/DSC_4017b.jpg","width":3651,"height":2160,"caption":"SP Fraktion nach den Wahlen 2019"},{"@type":"BreadcrumbList","@id":"https:\/\/peter-faessler.spschweiz.ch\/?p=2962#breadcrumb","itemListElement":[{"@type":"ListItem","position":1,"name":"Startseite","item":"https:\/\/peter-faessler.spschweiz.ch\/"},{"@type":"ListItem","position":2,"name":"Seit 8 Monaten Pr\u00e4sident der Kommission f\u00fcr Raumplanung, Umwelt und Energie RUEK"}]},{"@type":"WebSite","@id":"https:\/\/peter-faessler.spschweiz.ch\/#website","url":"https:\/\/peter-faessler.spschweiz.ch\/","name":"Peter F\u00e4ssler","description":"SP Kantonsrat Kanton Luzern","potentialAction":[{"@type":"SearchAction","target":{"@type":"EntryPoint","urlTemplate":"https:\/\/peter-faessler.spschweiz.ch\/?s={search_term_string}"},"query-input":{"@type":"PropertyValueSpecification","valueRequired":true,"valueName":"search_term_string"}}],"inLanguage":"de"},{"@type":"Person","@id":"https:\/\/peter-faessler.spschweiz.ch\/#\/schema\/person\/7ac2f764b1930b731c670e8a2393b60e","name":"Peter F\u00e4ssler","image":{"@type":"ImageObject","inLanguage":"de","@id":"https:\/\/secure.gravatar.com\/avatar\/9da8604da19b11812517d76f206166d47c5e180a26df2de36b8649168e128572?s=96&d=blank&r=g","url":"https:\/\/secure.gravatar.com\/avatar\/9da8604da19b11812517d76f206166d47c5e180a26df2de36b8649168e128572?s=96&d=blank&r=g","contentUrl":"https:\/\/secure.gravatar.com\/avatar\/9da8604da19b11812517d76f206166d47c5e180a26df2de36b8649168e128572?s=96&d=blank&r=g","caption":"Peter F\u00e4ssler"},"description":"Peter F\u00e4ssler Schibiweg 7 6006 Luzern","sameAs":["www.facebook.com\/peter.fassler.31","https:\/\/www.instagram.com\/peter.fassler.31\/","https:\/\/www.linkedin.com\/in\/peter-fssler-2518a782\/","https:\/\/x.com\/pfaessler56"],"url":"https:\/\/peter-faessler.spschweiz.ch\/?author=19"}]}},"_links":{"self":[{"href":"https:\/\/peter-faessler.spschweiz.ch\/index.php?rest_route=\/wp\/v2\/posts\/2962","targetHints":{"allow":["GET"]}}],"collection":[{"href":"https:\/\/peter-faessler.spschweiz.ch\/index.php?rest_route=\/wp\/v2\/posts"}],"about":[{"href":"https:\/\/peter-faessler.spschweiz.ch\/index.php?rest_route=\/wp\/v2\/types\/post"}],"author":[{"embeddable":true,"href":"https:\/\/peter-faessler.spschweiz.ch\/index.php?rest_route=\/wp\/v2\/users\/19"}],"replies":[{"embeddable":true,"href":"https:\/\/peter-faessler.spschweiz.ch\/index.php?rest_route=%2Fwp%2Fv2%2Fcomments&post=2962"}],"version-history":[{"count":16,"href":"https:\/\/peter-faessler.spschweiz.ch\/index.php?rest_route=\/wp\/v2\/posts\/2962\/revisions"}],"predecessor-version":[{"id":2980,"href":"https:\/\/peter-faessler.spschweiz.ch\/index.php?rest_route=\/wp\/v2\/posts\/2962\/revisions\/2980"}],"wp:attachment":[{"href":"https:\/\/peter-faessler.spschweiz.ch\/index.php?rest_route=%2Fwp%2Fv2%2Fmedia&parent=2962"}],"wp:term":[{"taxonomy":"category","embeddable":true,"href":"https:\/\/peter-faessler.spschweiz.ch\/index.php?rest_route=%2Fwp%2Fv2%2Fcategories&post=2962"},{"taxonomy":"post_tag","embeddable":true,"href":"https:\/\/peter-faessler.spschweiz.ch\/index.php?rest_route=%2Fwp%2Fv2%2Ftags&post=2962"}],"curies":[{"name":"wp","href":"https:\/\/api.w.org\/{rel}","templated":true}]}}