{"id":4655,"date":"2022-05-20T11:34:46","date_gmt":"2022-05-20T09:34:46","guid":{"rendered":"https:\/\/peter-faessler.spschweiz.ch\/?p=4655"},"modified":"2022-05-23T11:37:53","modified_gmt":"2022-05-23T09:37:53","slug":"maisession-2022-des-luzerner-kantonsrates-vom-16-17-und-23-ma1-2022-2-sessionstag-vom-17-mai-2022","status":"publish","type":"post","link":"https:\/\/peter-faessler.spschweiz.ch\/?p=4655","title":{"rendered":"Maisession 2022 des Luzerner Kantonsrates vom 16., 17. und 23. Ma1 2022, 2. Sessionstag vom 17. Mai 2022"},"content":{"rendered":"<h1>Zweiter Sessionstag vom 17. Mai 2022<\/h1>\n<div id=\"attachment_4640\" style=\"width: 286px\" class=\"wp-caption alignleft\"><img loading=\"lazy\" decoding=\"async\" aria-describedby=\"caption-attachment-4640\" class=\"size-full wp-image-4640\" src=\"http:\/\/peter-faessler.spschweiz.ch\/wp-content\/uploads\/sites\/15\/2022\/05\/Reggebaeude.jpg\" alt=\"\" width=\"276\" height=\"183\" srcset=\"https:\/\/peter-faessler.spschweiz.ch\/wp-content\/uploads\/sites\/15\/2022\/05\/Reggebaeude.jpg 276w, https:\/\/peter-faessler.spschweiz.ch\/wp-content\/uploads\/sites\/15\/2022\/05\/Reggebaeude-150x99.jpg 150w\" sizes=\"auto, (max-width: 276px) 100vw, 276px\" \/><p id=\"caption-attachment-4640\" class=\"wp-caption-text\">Bild: lu.ch<\/p><\/div>\n<p>Alle Corona-Massnahmen sind aufgehoben. Daher trifft sich der Luzerner Kantonsrat wieder in seinem urspr\u00fcnglichen Tagungsort im Regierungsgeb\u00e4ude in Luzern.<\/p>\n<p>Hier geht es zur <a href=\"https:\/\/www.lu.ch\/kr\/Sessionen\/sessionsdaten_2022\/detail?guid=1459bd5efdf94a73bd9dd6635fe1e59c&amp;cal=F49AC8F5210E4A1D9FC3DCAFA8C80FA3\" target=\"_blank\" rel=\"noopener\">Traktandenliste<\/a>, den Kurzprotokollen, den Anwesenheitslisten und den Abstimmungsresultaten. Die Traktandenliste umfasst 98 Traktanden, inklusive 10 als dringlich erkl\u00e4rten Vorst\u00f6sse und Anfragen. Um den grossen R\u00fcckstand von nichtbehandelten Gesch\u00e4ften aus den letzten 3 ! Sessionen wurden die Tagungszeiten verl\u00e4ngert und zus\u00e4tzliche Sessionstage eingef\u00fcgt.<\/p>\n<p><a href=\"https:\/\/www.lu.ch\/kr\/Sessionen\/videoaufnahmen\/session_20220517_morgens_1\" target=\"_blank\" rel=\"noopener\">Livestream Vormittag 1<\/a>, <a href=\"https:\/\/www.lu.ch\/kr\/Sessionen\/videoaufnahmen\/session_20220517_morgens_2\" target=\"_blank\" rel=\"noopener\">Vormittag 2<\/a>,\u00a0 <a href=\"https:\/\/www.lu.ch\/kr\/Sessionen\/videoaufnahmen\/session_20220517_nachmittags\" target=\"_blank\" rel=\"noopener\">Livestream Nachmittag<\/a><\/p>\n<h2>Sachgesch\u00e4fte und dazugeh\u00f6rende parlamentarische Vorst\u00f6sse<\/h2>\n<p>*** Diese Gesch\u00e4fte waren bereits an der Dezember-Session 2021 traktandiert.<br \/>\n**\u00a0 Diese Gesch\u00e4fte waren bereits an der Januar-Session 2022 traktandiert.<br \/>\n*\u00a0\u00a0 Diese Gesch\u00e4fte waren bereits an der M\u00e4rz-Session 2022 traktandiert.<\/p>\n<ol>\n<li>\n<h3>Er\u00f6ffnungen<\/h3>\n<\/li>\n<\/ol>\n<p>&#8211; Er\u00f6ffnet wurden:<\/p>\n<p>&#8211; 35 Vorst\u00f6sse<\/p>\n<p>&#8211; R\u00fccktritt von Helen Schurtenberger, Menznau, als Stimmenz\u00e4hlerin<\/p>\n<p>&#8211; R\u00fccktritt von Valentin Arnold, H\u00fcswil, als Kantonsrat<\/p>\n<p>&#8211; Motion Claudia Huser und Mit. \u00fcber eine externe Evaluation der IT-Projekte \/ Finanzdepartement (M 823); R\u00fcckzug der Motion durch die Motion\u00e4rin<\/p>\n<p>&#8211; Postulat Meyer J\u00f6rg und Mit. \u00fcber die Sistierung der Erarbeitung der Digitalstrategie \/ Finanzdepartement (P 803); R\u00fcckzug des Postulats durch den Postulanten<\/p>\n<p>&#8211; Verabschiedung von Jim Wolanin, Neuenkirch, als Kantonsrat<\/p>\n<p>&#8211; Verabschiedung von Marianne Wimmer-L\u00f6tscher, Ebikon, als Kantonsr\u00e4tin<\/p>\n<p>&#8211; Vereidigung von Ronny Beck, Ruswil, als Kantonsrat<\/p>\n<ol start=\"2\">\n<li>\n<h3>Beschlussfassung \u00fcber die dringliche Behandlung der parlamentarischen<\/h3>\n<\/li>\n<\/ol>\n<p>Vorst\u00f6sse<\/p>\n<p>Dringlich erkl\u00e4rt wurden: A 868, P 869, A 870, A 871, A 872, A 873, P 874, M 875, A 877, A 878<\/p>\n<ol start=\"88\">\n<li>A 868 Anfrage Koch Hannes und Mit. \u00fcber die Abfolge der Bearbeitungsschritte bei einer vollst\u00e4ndigen \u00dcberweisung der Motion M 658 \/ Gesundheits- und<\/li>\n<\/ol>\n<p>Sozialdepartement<\/p>\n<p>Die Anfrage wurde vom Regierungsrat schriftlich beantwortet. Der Anfragende ist mit der Antwort teilweise zufrieden. Diskussion.<\/p>\n<ol start=\"89\">\n<li>P 869 Postulat Frye Urban und Mit. \u00fcber die Mitfinanzierung des Kantons von arbeitsmarktlichen Massnahmen f\u00fcr Nichtleistungsbeziehende der ALV (Personen mit S-Status) \/ Gesundheits- und Sozialdepartement<\/li>\n<\/ol>\n<p>Antrag RR: Ablehnung wegen Erf\u00fcllung<\/p>\n<p>Beschluss des Kantonsrates: Ablehnung<\/p>\n<ol start=\"90\">\n<li>A 870 Anfrage Engler Pia und Mit. \u00fcber die Herausforderungen des Schutzstatus S und die Unterschiede der verschiedenen Status von Gefl\u00fcchteten \/ Gesundheits- und Sozialdepartement<\/li>\n<\/ol>\n<p>Die Anfrage wurde vom Regierungsrat schriftlich beantwortet. Die Anfragende ist mit der Antwort teilweise zufrieden. Diskussion.<\/p>\n<ol start=\"91\">\n<li>A 871 Anfrage Fanaj Ylfete und Mit. \u00fcber die Sicherstellung der Schulung und der Betreuung gefl\u00fcchteter Kinder und Jugendlicher \/ Bildungs- und Kulturdepartement<\/li>\n<\/ol>\n<p>Die Anfrage wurde vom Regierungsrat schriftlich beantwortet. Die Anfragende ist mit der Antwort teilweise zufrieden. Diskussion.<\/p>\n<ol start=\"92\">\n<li>A 872 Anfrage Hartmann Armin und Mit. \u00fcber eine m\u00f6gliche obligatorische Referendumsabstimmung im Zusammenhang mit der gesetzlichen Verankerung des Leistungsangebotes der Landspit\u00e4ler \/ Gesundheits- und Sozialdepartement<\/li>\n<\/ol>\n<p>Die Anfrage wurde vom Regierungsrat schriftlich beantwortet. Der Anfragende ist mit der Antwort nicht zufrieden. Diskussion.<\/p>\n<ol start=\"93\">\n<li>\n<div id=\"attachment_4673\" style=\"width: 310px\" class=\"wp-caption alignright\"><img loading=\"lazy\" decoding=\"async\" aria-describedby=\"caption-attachment-4673\" class=\"size-medium wp-image-4673\" src=\"http:\/\/peter-faessler.spschweiz.ch\/wp-content\/uploads\/sites\/15\/2022\/05\/Spital-Wolhusen-e63f500a-53bf-436f-9aae-b472145fcb1e-300x169.jpeg\" alt=\"\" width=\"300\" height=\"169\" srcset=\"https:\/\/peter-faessler.spschweiz.ch\/wp-content\/uploads\/sites\/15\/2022\/05\/Spital-Wolhusen-e63f500a-53bf-436f-9aae-b472145fcb1e-300x169.jpeg 300w, https:\/\/peter-faessler.spschweiz.ch\/wp-content\/uploads\/sites\/15\/2022\/05\/Spital-Wolhusen-e63f500a-53bf-436f-9aae-b472145fcb1e-150x84.jpeg 150w, https:\/\/peter-faessler.spschweiz.ch\/wp-content\/uploads\/sites\/15\/2022\/05\/Spital-Wolhusen-e63f500a-53bf-436f-9aae-b472145fcb1e-768x432.jpeg 768w, https:\/\/peter-faessler.spschweiz.ch\/wp-content\/uploads\/sites\/15\/2022\/05\/Spital-Wolhusen-e63f500a-53bf-436f-9aae-b472145fcb1e.jpeg 800w\" sizes=\"auto, (max-width: 300px) 100vw, 300px\" \/><p id=\"caption-attachment-4673\" class=\"wp-caption-text\">Bild: Luzerner Zeitung<\/p><\/div>\n<p>A 873 Anfrage Huser Claudia und Mit. \u00fcber die Auswirkungen einer gesetzlichen Verankerung der Grundversorgung f\u00fcr die weitere Planung des Neubaus des Spitals Wolhusen \/ Gesundheits- und Sozialdepartement<\/li>\n<\/ol>\n<p>Die Anfrage wurde vom Regierungsrat schriftlich beantwortet. Die Anfragende ist mit der Antwort teilweise zufrieden. Diskussion.<\/p>\n<ol start=\"94\">\n<li>P 874 Postulat Meier Anja und Mit. \u00fcber einen Runden Tisch zum Spitalstandort Wolhusen \/ Gesundheits- und Sozialdepartement<\/li>\n<\/ol>\n<p>Antrag RR: Erheblicherkl\u00e4rung<\/p>\n<p>Beschluss des Kantonsrates: Erheblicherkl\u00e4rung<\/p>\n<ol start=\"95\">\n<li>M 875 Motion Budmiger Marcel und Mit. namens der Fraktionen SP und Die Mitte \u00fcber mehr Mitsprache und Verbindlichkeit beim Leistungsangebot der Luzerner Spit\u00e4ler sowie die Kl\u00e4rung des Leistungsangebotes f\u00fcr das Spital Wolhusen \/ Gesundheits- und Sozialdepartement<\/li>\n<\/ol>\n<p>Antrag RR: Erheblicherkl\u00e4rung<\/p>\n<p>Beschluss des Kantonsrates: Erheblicherkl\u00e4rung<\/p>\n<ol start=\"97\">\n<li>A 877 Anfrage Schaller Riccarda und Mit. \u00fcber die Aufnahme und Integration von Fl\u00fcchtlingen mit Schutzstatus S im Kanton Luzern \/ Gesundheits- und Sozialdepartement<\/li>\n<\/ol>\n<p>Die Anfrage wurde vom Regierungsrat schriftlich beantwortet. Die Anfragende ist mit der Antwort zufrieden. Keine Diskussion.<\/p>\n<ol start=\"98\">\n<li>A 878 Anfrage Frey Monique und Mit. \u00fcber die Aufnahme von Menschen aus der Ukraine \/ Gesundheits- und Sozialdepartement<\/li>\n<\/ol>\n<p>Die Anfrage wurde vom Regierungsrat schriftlich beantwortet. Die Anfragende ist mit der Antwort teilweise zufrieden. Diskussion.<\/p>\n<h2>Parlamentarische Vorst\u00f6sse<\/h2>\n<ol start=\"29\">\n<li>M 758 *Motion Cozzio Mario und Mit. \u00fcber eine Kantonsinitiative zum Verbot von Konversionstherapien \/ Gesundheits- und Sozialdepartement<\/li>\n<\/ol>\n<p>Antrag RR: Erheblicherkl\u00e4rung<\/p>\n<p>Beschluss des Kantonsrates: Erheblicherkl\u00e4rung<\/p>\n<ol start=\"30\">\n<li>P 606 *Postulat Setz Isenegger Melanie und Mit. \u00fcber die Pr\u00fcfung einer fl\u00e4chendeckenden Einf\u00fchrung von Tagesschulen im Kanton Luzern \/ Bildungsund Kulturdepartement<\/li>\n<\/ol>\n<p>Antrag RR: Teilweise Erheblicherkl\u00e4rung<\/p>\n<p>Beschluss des Kantonsrates: Teilweise Erheblicherkl\u00e4rung<\/p>\n<ol start=\"31\">\n<li><img loading=\"lazy\" decoding=\"async\" class=\"size-medium wp-image-4675 alignright\" src=\"http:\/\/peter-faessler.spschweiz.ch\/wp-content\/uploads\/sites\/15\/2022\/05\/STMN0030-240x300.jpg\" alt=\"\" width=\"240\" height=\"300\" srcset=\"https:\/\/peter-faessler.spschweiz.ch\/wp-content\/uploads\/sites\/15\/2022\/05\/STMN0030-240x300.jpg 240w, https:\/\/peter-faessler.spschweiz.ch\/wp-content\/uploads\/sites\/15\/2022\/05\/STMN0030-819x1024.jpg 819w, https:\/\/peter-faessler.spschweiz.ch\/wp-content\/uploads\/sites\/15\/2022\/05\/STMN0030-120x150.jpg 120w, https:\/\/peter-faessler.spschweiz.ch\/wp-content\/uploads\/sites\/15\/2022\/05\/STMN0030-768x960.jpg 768w, https:\/\/peter-faessler.spschweiz.ch\/wp-content\/uploads\/sites\/15\/2022\/05\/STMN0030.jpg 960w\" sizes=\"auto, (max-width: 240px) 100vw, 240px\" \/>A 683 *Anfrage Sager Urban und Mit. \u00fcber das Lernen von Franz\u00f6sisch in der Luzerner Volksschule \/ Bildungs- und Kulturdepartement<\/li>\n<\/ol>\n<p>Die Anfrage wurde vom Regierungsrat schriftlich beantwortet. Der Anfragende ist mit der Antwort teilweise zufrieden. Diskussion.<\/p>\n<ol start=\"32\">\n<li>P 664 *Postulat Graber Toni und Mit. \u00fcber eine Weiterf\u00fchrung einer ausgewogenen Ern\u00e4hrung an der Uni-\/PH-Mensa mit Fleisch- und Vegi-Men\u00fcs \/ Bildungs- und Kulturdepartement<\/li>\n<\/ol>\n<p>Antrag RR: Ablehnung<\/p>\n<p>Beschluss des Kantonsrates: Ablehnung<\/p>\n<ol start=\"33\">\n<li>P 709 *Postulat Meyer J\u00f6rg und Mit. \u00fcber eine Erh\u00f6hung der Kursbeitr\u00e4ge an Berufsbildnerinnen und Berufsbildner \/ Bildungs- und Kulturdepartement<\/li>\n<\/ol>\n<p>Antrag RR: Erheblicherkl\u00e4rung<\/p>\n<p>Beschluss des Kantonsrates: Erheblicherkl\u00e4rung<\/p>\n<ol start=\"34\">\n<li>P 670 *Postulat Schmid-Ambauen Rosy und Mit. \u00fcber die Umsetzung der Kantonsvorgaben in ausgelagerten Organisationen (Organisationsgesetz, \/ Bildungs- und Kulturdepartement<\/li>\n<\/ol>\n<p>Antrag RR: Ablehnung<\/p>\n<p>Beschluss des Kantonsrates: Ablehnung<\/p>\n<ol start=\"35\">\n<li>P 772 *Postulat Setz Isenegger Melanie und Mit. \u00fcber vertrauensf\u00f6rdernde Kommunikation in Bezug auf Corona-Massnahmen \/ Staatskanzlei<\/li>\n<\/ol>\n<p>Antrag RR: Ablehnung<\/p>\n<p>Beschluss des Kantonsrates: Ablehnung<\/p>\n<ol start=\"36\">\n<li>M 504 *Motion Stutz Hans und Mit. \u00fcber die Anpassung der Unvereinbarkeitsregelungen an die heute gelebten Verh\u00e4ltnisse \/ Justiz- und Sicherheitsdepartement<\/li>\n<\/ol>\n<p>Antrag RR: Erheblicherkl\u00e4rung<\/p>\n<p>Beschluss des Kantonsrates: Erheblicherkl\u00e4rung<\/p>\n<ol start=\"37\">\n<li>M 636 *Motion Winiger Fredy namens der Staatspolitischen Kommission (SPK) \u00fcber die Einf\u00fchrung des \u00d6ffentlichkeitsprinzips \/ Justiz- und Sicherheitsdepartement<\/li>\n<\/ol>\n<p>Antrag RR: Erheblicherkl\u00e4rung<\/p>\n<p>Beschluss des Kantonsrates: Erheblicherkl\u00e4rung<\/p>\n<ol start=\"38\">\n<li>P 690 *Postulat Setz Isenegger Melanie und Mit. \u00fcber gleiche Massst\u00e4be anwenden bei Demonstrationen und Kundgebungen \/ Justiz- und Sicherheitsdepartement<\/li>\n<\/ol>\n<p>Antrag RR: Ablehnung<\/p>\n<p>Beschluss des Kantonsrates: Ablehnung<\/p>\n<ol start=\"39\">\n<li>A 706 *Anfrage Zehnder Ferdinand und Mit. \u00fcber den Digitalisierungsprozess von Arbeitsbewilligungen im Amt f\u00fcr Migration \/ Justiz- und Sicherheitsdepartement<\/li>\n<\/ol>\n<p>Die Anfrage wurde vom Regierungsrat schriftlich beantwortet. Der Anfragende ist mit der Antwort teilweise zufrieden. Diskussion.<\/p>\n<ol start=\"40\">\n<li><img loading=\"lazy\" decoding=\"async\" class=\"size-medium wp-image-4677 alignright\" src=\"http:\/\/peter-faessler.spschweiz.ch\/wp-content\/uploads\/sites\/15\/2022\/05\/ANML0070-300x240.jpg\" alt=\"\" width=\"300\" height=\"240\" srcset=\"https:\/\/peter-faessler.spschweiz.ch\/wp-content\/uploads\/sites\/15\/2022\/05\/ANML0070-300x240.jpg 300w, https:\/\/peter-faessler.spschweiz.ch\/wp-content\/uploads\/sites\/15\/2022\/05\/ANML0070-1024x819.jpg 1024w, https:\/\/peter-faessler.spschweiz.ch\/wp-content\/uploads\/sites\/15\/2022\/05\/ANML0070-150x120.jpg 150w, https:\/\/peter-faessler.spschweiz.ch\/wp-content\/uploads\/sites\/15\/2022\/05\/ANML0070-768x614.jpg 768w, https:\/\/peter-faessler.spschweiz.ch\/wp-content\/uploads\/sites\/15\/2022\/05\/ANML0070.jpg 1200w\" sizes=\"auto, (max-width: 300px) 100vw, 300px\" \/>P 616 *Postulat Gr\u00fcter Thomas und Mit. \u00fcber eine ressourcenschonende, digitale Landwirtschaft \/ Bau-, Umwelt- und Wirtschaftsdepartement<\/li>\n<\/ol>\n<p>Antrag RR: Teilweise Erheblicherkl\u00e4rung<\/p>\n<p>Beschluss des Kantonsrates: Erheblicherkl\u00e4rung<\/p>\n<ol start=\"41\">\n<li>A 660 *Anfrage Frey Monique und Mit. \u00fcber das Projekt \u00abEmmen am See\u00bb und Renaturierung Reuss \/ Bau-, Umwelt- und Wirtschaftsdepartement<\/li>\n<\/ol>\n<p>Die Anfrage wurde vom Regierungsrat schriftlich beantwortet. Die Anfragende ist mit der Antwort teilweise zufrieden. Keine Diskussion.<\/p>\n<ol start=\"42\">\n<li>A 669 *Anfrage Wyss Josef und Mit. \u00fcber die Effektivit\u00e4t der Hochwasserschutzprojekte bei der Hochwasserperiode 2021 \/ Bau-, Umwelt- und Wirtschaftsdepartement<\/li>\n<\/ol>\n<p>Die Anfrage wurde vom Regierungsrat schriftlich beantwortet. Der Anfragende ist mit der Antwort teilweise zufrieden. Keine Diskussion.<\/p>\n<ol start=\"43\">\n<li>A 673 *Anfrage Marti Urs und Mit. \u00fcber die Handhabung der Mehrwertabsch\u00f6pfung durch die Gemeinden \/ Bau-, Umwelt- und Wirtschaftsdepartement<\/li>\n<\/ol>\n<p>Die Anfrage wurde vom Regierungsrat schriftlich beantwortet. Der Anfragende ist mit der Antwort teilweise zufrieden. Diskussion.<\/p>\n<ol start=\"44\">\n<li>A 684 *Anfrage Bucher Markus und Mit. \u00fcber den Kanton Luzern als Pionier im Bereich \u00abautonomes Fahren\u00bb von Fahrzeugen \/ Bau-, Umwelt- und Wirtschaftsdepartement i. V. mit Justiz- und Sicherheitsdepartement<\/li>\n<\/ol>\n<p>Die Anfrage wurde vom Regierungsrat schriftlich beantwortet. Der Anfragende ist mit der Antwort teilweise zufrieden. Diskussion.<\/p>\n<ol start=\"45\">\n<li>A 686 *Anfrage Cozzio Mario und Mit. \u00fcber Chancen und Risiken von (voll-) autonomen Fahrzeugen \/ Bau-, Umwelt- und Wirtschaftsdepartement i. V. mit Justiz- und Sicherheitsdepartement<\/li>\n<\/ol>\n<p>Die Anfrage wurde vom Regierungsrat schriftlich beantwortet. Der Anfragende ist mit der Antwort teilweise zufrieden. Diskussion.<\/p>\n<ol start=\"46\">\n<li>P 697 *Postulat Budmiger Marcel und Mit. \u00fcber die Einf\u00fchrung eines Stakeholdermanagements beim Bau des Durchgangsbahnhofs Luzern \/ Bau-, Umwelt- und Wirtschaftsdepartement<\/li>\n<\/ol>\n<p>Antrag RR: Ablehnung<\/p>\n<p>Beschluss des Kantonsrates: Ablehnung<\/p>\n<p>Die Traktanden 47 bis 84 werden am n\u00e4chsten Montag behandelt.<\/p>\n","protected":false},"excerpt":{"rendered":"<p>Zweiter Sessionstag vom 17. Mai 2022 Alle Corona-Massnahmen sind aufgehoben. Daher trifft sich der Luzerner Kantonsrat wieder in seinem urspr\u00fcnglichen Tagungsort im Regierungsgeb\u00e4ude in Luzern&#8230;.<\/p>\n","protected":false},"author":19,"featured_media":4683,"comment_status":"open","ping_status":"open","sticky":false,"template":"","format":"standard","meta":{"footnotes":""},"categories":[29,3,129,22,23,30,21,25,127,1,27],"tags":[8,9,16,19,26,31,7,10,15,144,28],"class_list":["post-4655","post","type-post","status-publish","format-standard","has-post-thumbnail","hentry","category-finanzen","category-gesundheit","category-kantonale-verwaltung","category-kantonsrat-luzern","category-kantonsratsession","category-parlament","category-politik","category-session-kantonsrat-luzern","category-sp-kanton-luzern","category-sp-kriens","category-vorstoss-kantonsrat","tag-kanton-luzern","tag-kantonsrat","tag-kantonsrat-kanton-luzern","tag-kantonsrat-luzern","tag-kantonsratssession","tag-parlament","tag-politik","tag-session","tag-sp","tag-spital-wolhusen","tag-vorstoss-kantonsrat"],"yoast_head":"<!-- This site is optimized with the Yoast SEO plugin v27.5 - https:\/\/yoast.com\/product\/yoast-seo-wordpress\/ -->\n<title>Maisession 2022 des Luzerner Kantonsrates vom 16., 17. und 23. Ma1 2022, 2. Sessionstag vom 17. Mai 2022 - Peter F\u00e4ssler<\/title>\n<meta name=\"robots\" content=\"index, follow, max-snippet:-1, max-image-preview:large, max-video-preview:-1\" \/>\n<link rel=\"canonical\" href=\"https:\/\/peter-faessler.spschweiz.ch\/?p=4655\" \/>\n<meta property=\"og:locale\" content=\"de_DE\" \/>\n<meta property=\"og:type\" content=\"article\" \/>\n<meta property=\"og:title\" content=\"Maisession 2022 des Luzerner Kantonsrates vom 16., 17. und 23. Ma1 2022, 2. Sessionstag vom 17. Mai 2022 - Peter F\u00e4ssler\" \/>\n<meta property=\"og:description\" content=\"Zweiter Sessionstag vom 17. Mai 2022 Alle Corona-Massnahmen sind aufgehoben. Daher trifft sich der Luzerner Kantonsrat wieder in seinem urspr\u00fcnglichen Tagungsort im Regierungsgeb\u00e4ude in Luzern....\" \/>\n<meta property=\"og:url\" content=\"https:\/\/peter-faessler.spschweiz.ch\/?p=4655\" \/>\n<meta property=\"og:site_name\" content=\"Peter F\u00e4ssler\" \/>\n<meta property=\"article:author\" content=\"www.facebook.com\/peter.fassler.31\" \/>\n<meta property=\"article:published_time\" content=\"2022-05-20T09:34:46+00:00\" \/>\n<meta property=\"article:modified_time\" content=\"2022-05-23T09:37:53+00:00\" \/>\n<meta property=\"og:image\" content=\"http:\/\/peter-faessler.spschweiz.ch\/wp-content\/uploads\/sites\/15\/2022\/05\/PTTR0003.jpg\" \/>\n\t<meta property=\"og:image:width\" content=\"960\" \/>\n\t<meta property=\"og:image:height\" content=\"1200\" \/>\n\t<meta property=\"og:image:type\" content=\"image\/jpeg\" \/>\n<meta name=\"author\" content=\"Peter F\u00e4ssler\" \/>\n<meta name=\"twitter:label1\" content=\"Verfasst von\" \/>\n\t<meta name=\"twitter:data1\" content=\"Peter F\u00e4ssler\" \/>\n\t<meta name=\"twitter:label2\" content=\"Gesch\u00e4tzte Lesezeit\" \/>\n\t<meta name=\"twitter:data2\" content=\"6\u00a0Minuten\" \/>\n<script type=\"application\/ld+json\" class=\"yoast-schema-graph\">{\"@context\":\"https:\\\/\\\/schema.org\",\"@graph\":[{\"@type\":\"Article\",\"@id\":\"https:\\\/\\\/peter-faessler.spschweiz.ch\\\/?p=4655#article\",\"isPartOf\":{\"@id\":\"https:\\\/\\\/peter-faessler.spschweiz.ch\\\/?p=4655\"},\"author\":{\"name\":\"Peter F\u00e4ssler\",\"@id\":\"https:\\\/\\\/peter-faessler.spschweiz.ch\\\/#\\\/schema\\\/person\\\/7ac2f764b1930b731c670e8a2393b60e\"},\"headline\":\"Maisession 2022 des Luzerner Kantonsrates vom 16., 17. und 23. Ma1 2022, 2. Sessionstag vom 17. Mai 2022\",\"datePublished\":\"2022-05-20T09:34:46+00:00\",\"dateModified\":\"2022-05-23T09:37:53+00:00\",\"mainEntityOfPage\":{\"@id\":\"https:\\\/\\\/peter-faessler.spschweiz.ch\\\/?p=4655\"},\"wordCount\":1227,\"commentCount\":0,\"image\":{\"@id\":\"https:\\\/\\\/peter-faessler.spschweiz.ch\\\/?p=4655#primaryimage\"},\"thumbnailUrl\":\"https:\\\/\\\/peter-faessler.spschweiz.ch\\\/wp-content\\\/uploads\\\/sites\\\/15\\\/2022\\\/05\\\/PTTR0003.jpg\",\"keywords\":[\"Kanton Luzern\",\"Kantonsrat\",\"Kantonsrat Kanton Luzern\",\"Kantonsrat Luzern\",\"Kantonsratssession\",\"Parlament\",\"Politik\",\"Session\",\"SP\",\"Spital Wolhusen\",\"Vorstoss Kantonsrat\"],\"articleSection\":[\"Finanzen\",\"Gesundheit\",\"Kantonale Verwaltung\",\"Kantonsrat Luzern\",\"Kantonsratsession\",\"Parlament\",\"Politik\",\"Session Kantonsrat Luzern\",\"SP Kanton Luzern\",\"SP Kriens\",\"Vorstoss Kantonsrat\"],\"inLanguage\":\"de\",\"potentialAction\":[{\"@type\":\"CommentAction\",\"name\":\"Comment\",\"target\":[\"https:\\\/\\\/peter-faessler.spschweiz.ch\\\/?p=4655#respond\"]}]},{\"@type\":\"WebPage\",\"@id\":\"https:\\\/\\\/peter-faessler.spschweiz.ch\\\/?p=4655\",\"url\":\"https:\\\/\\\/peter-faessler.spschweiz.ch\\\/?p=4655\",\"name\":\"Maisession 2022 des Luzerner Kantonsrates vom 16., 17. und 23. Ma1 2022, 2. Sessionstag vom 17. Mai 2022 - Peter F\u00e4ssler\",\"isPartOf\":{\"@id\":\"https:\\\/\\\/peter-faessler.spschweiz.ch\\\/#website\"},\"primaryImageOfPage\":{\"@id\":\"https:\\\/\\\/peter-faessler.spschweiz.ch\\\/?p=4655#primaryimage\"},\"image\":{\"@id\":\"https:\\\/\\\/peter-faessler.spschweiz.ch\\\/?p=4655#primaryimage\"},\"thumbnailUrl\":\"https:\\\/\\\/peter-faessler.spschweiz.ch\\\/wp-content\\\/uploads\\\/sites\\\/15\\\/2022\\\/05\\\/PTTR0003.jpg\",\"datePublished\":\"2022-05-20T09:34:46+00:00\",\"dateModified\":\"2022-05-23T09:37:53+00:00\",\"author\":{\"@id\":\"https:\\\/\\\/peter-faessler.spschweiz.ch\\\/#\\\/schema\\\/person\\\/7ac2f764b1930b731c670e8a2393b60e\"},\"breadcrumb\":{\"@id\":\"https:\\\/\\\/peter-faessler.spschweiz.ch\\\/?p=4655#breadcrumb\"},\"inLanguage\":\"de\",\"potentialAction\":[{\"@type\":\"ReadAction\",\"target\":[\"https:\\\/\\\/peter-faessler.spschweiz.ch\\\/?p=4655\"]}]},{\"@type\":\"ImageObject\",\"inLanguage\":\"de\",\"@id\":\"https:\\\/\\\/peter-faessler.spschweiz.ch\\\/?p=4655#primaryimage\",\"url\":\"https:\\\/\\\/peter-faessler.spschweiz.ch\\\/wp-content\\\/uploads\\\/sites\\\/15\\\/2022\\\/05\\\/PTTR0003.jpg\",\"contentUrl\":\"https:\\\/\\\/peter-faessler.spschweiz.ch\\\/wp-content\\\/uploads\\\/sites\\\/15\\\/2022\\\/05\\\/PTTR0003.jpg\",\"width\":960,\"height\":1200},{\"@type\":\"BreadcrumbList\",\"@id\":\"https:\\\/\\\/peter-faessler.spschweiz.ch\\\/?p=4655#breadcrumb\",\"itemListElement\":[{\"@type\":\"ListItem\",\"position\":1,\"name\":\"Startseite\",\"item\":\"https:\\\/\\\/peter-faessler.spschweiz.ch\\\/\"},{\"@type\":\"ListItem\",\"position\":2,\"name\":\"Maisession 2022 des Luzerner Kantonsrates vom 16., 17. und 23. Ma1 2022, 2. Sessionstag vom 17. Mai 2022\"}]},{\"@type\":\"WebSite\",\"@id\":\"https:\\\/\\\/peter-faessler.spschweiz.ch\\\/#website\",\"url\":\"https:\\\/\\\/peter-faessler.spschweiz.ch\\\/\",\"name\":\"Peter F\u00e4ssler\",\"description\":\"SP Kantonsrat Kanton Luzern\",\"potentialAction\":[{\"@type\":\"SearchAction\",\"target\":{\"@type\":\"EntryPoint\",\"urlTemplate\":\"https:\\\/\\\/peter-faessler.spschweiz.ch\\\/?s={search_term_string}\"},\"query-input\":{\"@type\":\"PropertyValueSpecification\",\"valueRequired\":true,\"valueName\":\"search_term_string\"}}],\"inLanguage\":\"de\"},{\"@type\":\"Person\",\"@id\":\"https:\\\/\\\/peter-faessler.spschweiz.ch\\\/#\\\/schema\\\/person\\\/7ac2f764b1930b731c670e8a2393b60e\",\"name\":\"Peter F\u00e4ssler\",\"image\":{\"@type\":\"ImageObject\",\"inLanguage\":\"de\",\"@id\":\"https:\\\/\\\/secure.gravatar.com\\\/avatar\\\/9da8604da19b11812517d76f206166d47c5e180a26df2de36b8649168e128572?s=96&d=blank&r=g\",\"url\":\"https:\\\/\\\/secure.gravatar.com\\\/avatar\\\/9da8604da19b11812517d76f206166d47c5e180a26df2de36b8649168e128572?s=96&d=blank&r=g\",\"contentUrl\":\"https:\\\/\\\/secure.gravatar.com\\\/avatar\\\/9da8604da19b11812517d76f206166d47c5e180a26df2de36b8649168e128572?s=96&d=blank&r=g\",\"caption\":\"Peter F\u00e4ssler\"},\"description\":\"Peter F\u00e4ssler Schibiweg 7 6006 Luzern\",\"sameAs\":[\"www.facebook.com\\\/peter.fassler.31\",\"https:\\\/\\\/www.instagram.com\\\/peter.fassler.31\\\/\",\"https:\\\/\\\/www.linkedin.com\\\/in\\\/peter-fssler-2518a782\\\/\",\"https:\\\/\\\/x.com\\\/pfaessler56\"],\"url\":\"https:\\\/\\\/peter-faessler.spschweiz.ch\\\/?author=19\"}]}<\/script>\n<!-- \/ Yoast SEO plugin. -->","yoast_head_json":{"title":"Maisession 2022 des Luzerner Kantonsrates vom 16., 17. und 23. Ma1 2022, 2. Sessionstag vom 17. Mai 2022 - Peter F\u00e4ssler","robots":{"index":"index","follow":"follow","max-snippet":"max-snippet:-1","max-image-preview":"max-image-preview:large","max-video-preview":"max-video-preview:-1"},"canonical":"https:\/\/peter-faessler.spschweiz.ch\/?p=4655","og_locale":"de_DE","og_type":"article","og_title":"Maisession 2022 des Luzerner Kantonsrates vom 16., 17. und 23. Ma1 2022, 2. Sessionstag vom 17. Mai 2022 - Peter F\u00e4ssler","og_description":"Zweiter Sessionstag vom 17. Mai 2022 Alle Corona-Massnahmen sind aufgehoben. Daher trifft sich der Luzerner Kantonsrat wieder in seinem urspr\u00fcnglichen Tagungsort im Regierungsgeb\u00e4ude in Luzern....","og_url":"https:\/\/peter-faessler.spschweiz.ch\/?p=4655","og_site_name":"Peter F\u00e4ssler","article_author":"www.facebook.com\/peter.fassler.31","article_published_time":"2022-05-20T09:34:46+00:00","article_modified_time":"2022-05-23T09:37:53+00:00","og_image":[{"width":960,"height":1200,"url":"http:\/\/peter-faessler.spschweiz.ch\/wp-content\/uploads\/sites\/15\/2022\/05\/PTTR0003.jpg","type":"image\/jpeg"}],"author":"Peter F\u00e4ssler","twitter_misc":{"Verfasst von":"Peter F\u00e4ssler","Gesch\u00e4tzte Lesezeit":"6\u00a0Minuten"},"schema":{"@context":"https:\/\/schema.org","@graph":[{"@type":"Article","@id":"https:\/\/peter-faessler.spschweiz.ch\/?p=4655#article","isPartOf":{"@id":"https:\/\/peter-faessler.spschweiz.ch\/?p=4655"},"author":{"name":"Peter F\u00e4ssler","@id":"https:\/\/peter-faessler.spschweiz.ch\/#\/schema\/person\/7ac2f764b1930b731c670e8a2393b60e"},"headline":"Maisession 2022 des Luzerner Kantonsrates vom 16., 17. und 23. Ma1 2022, 2. Sessionstag vom 17. Mai 2022","datePublished":"2022-05-20T09:34:46+00:00","dateModified":"2022-05-23T09:37:53+00:00","mainEntityOfPage":{"@id":"https:\/\/peter-faessler.spschweiz.ch\/?p=4655"},"wordCount":1227,"commentCount":0,"image":{"@id":"https:\/\/peter-faessler.spschweiz.ch\/?p=4655#primaryimage"},"thumbnailUrl":"https:\/\/peter-faessler.spschweiz.ch\/wp-content\/uploads\/sites\/15\/2022\/05\/PTTR0003.jpg","keywords":["Kanton Luzern","Kantonsrat","Kantonsrat Kanton Luzern","Kantonsrat Luzern","Kantonsratssession","Parlament","Politik","Session","SP","Spital Wolhusen","Vorstoss Kantonsrat"],"articleSection":["Finanzen","Gesundheit","Kantonale Verwaltung","Kantonsrat Luzern","Kantonsratsession","Parlament","Politik","Session Kantonsrat Luzern","SP Kanton Luzern","SP Kriens","Vorstoss Kantonsrat"],"inLanguage":"de","potentialAction":[{"@type":"CommentAction","name":"Comment","target":["https:\/\/peter-faessler.spschweiz.ch\/?p=4655#respond"]}]},{"@type":"WebPage","@id":"https:\/\/peter-faessler.spschweiz.ch\/?p=4655","url":"https:\/\/peter-faessler.spschweiz.ch\/?p=4655","name":"Maisession 2022 des Luzerner Kantonsrates vom 16., 17. und 23. Ma1 2022, 2. Sessionstag vom 17. Mai 2022 - Peter F\u00e4ssler","isPartOf":{"@id":"https:\/\/peter-faessler.spschweiz.ch\/#website"},"primaryImageOfPage":{"@id":"https:\/\/peter-faessler.spschweiz.ch\/?p=4655#primaryimage"},"image":{"@id":"https:\/\/peter-faessler.spschweiz.ch\/?p=4655#primaryimage"},"thumbnailUrl":"https:\/\/peter-faessler.spschweiz.ch\/wp-content\/uploads\/sites\/15\/2022\/05\/PTTR0003.jpg","datePublished":"2022-05-20T09:34:46+00:00","dateModified":"2022-05-23T09:37:53+00:00","author":{"@id":"https:\/\/peter-faessler.spschweiz.ch\/#\/schema\/person\/7ac2f764b1930b731c670e8a2393b60e"},"breadcrumb":{"@id":"https:\/\/peter-faessler.spschweiz.ch\/?p=4655#breadcrumb"},"inLanguage":"de","potentialAction":[{"@type":"ReadAction","target":["https:\/\/peter-faessler.spschweiz.ch\/?p=4655"]}]},{"@type":"ImageObject","inLanguage":"de","@id":"https:\/\/peter-faessler.spschweiz.ch\/?p=4655#primaryimage","url":"https:\/\/peter-faessler.spschweiz.ch\/wp-content\/uploads\/sites\/15\/2022\/05\/PTTR0003.jpg","contentUrl":"https:\/\/peter-faessler.spschweiz.ch\/wp-content\/uploads\/sites\/15\/2022\/05\/PTTR0003.jpg","width":960,"height":1200},{"@type":"BreadcrumbList","@id":"https:\/\/peter-faessler.spschweiz.ch\/?p=4655#breadcrumb","itemListElement":[{"@type":"ListItem","position":1,"name":"Startseite","item":"https:\/\/peter-faessler.spschweiz.ch\/"},{"@type":"ListItem","position":2,"name":"Maisession 2022 des Luzerner Kantonsrates vom 16., 17. und 23. Ma1 2022, 2. Sessionstag vom 17. Mai 2022"}]},{"@type":"WebSite","@id":"https:\/\/peter-faessler.spschweiz.ch\/#website","url":"https:\/\/peter-faessler.spschweiz.ch\/","name":"Peter F\u00e4ssler","description":"SP Kantonsrat Kanton Luzern","potentialAction":[{"@type":"SearchAction","target":{"@type":"EntryPoint","urlTemplate":"https:\/\/peter-faessler.spschweiz.ch\/?s={search_term_string}"},"query-input":{"@type":"PropertyValueSpecification","valueRequired":true,"valueName":"search_term_string"}}],"inLanguage":"de"},{"@type":"Person","@id":"https:\/\/peter-faessler.spschweiz.ch\/#\/schema\/person\/7ac2f764b1930b731c670e8a2393b60e","name":"Peter F\u00e4ssler","image":{"@type":"ImageObject","inLanguage":"de","@id":"https:\/\/secure.gravatar.com\/avatar\/9da8604da19b11812517d76f206166d47c5e180a26df2de36b8649168e128572?s=96&d=blank&r=g","url":"https:\/\/secure.gravatar.com\/avatar\/9da8604da19b11812517d76f206166d47c5e180a26df2de36b8649168e128572?s=96&d=blank&r=g","contentUrl":"https:\/\/secure.gravatar.com\/avatar\/9da8604da19b11812517d76f206166d47c5e180a26df2de36b8649168e128572?s=96&d=blank&r=g","caption":"Peter F\u00e4ssler"},"description":"Peter F\u00e4ssler Schibiweg 7 6006 Luzern","sameAs":["www.facebook.com\/peter.fassler.31","https:\/\/www.instagram.com\/peter.fassler.31\/","https:\/\/www.linkedin.com\/in\/peter-fssler-2518a782\/","https:\/\/x.com\/pfaessler56"],"url":"https:\/\/peter-faessler.spschweiz.ch\/?author=19"}]}},"_links":{"self":[{"href":"https:\/\/peter-faessler.spschweiz.ch\/index.php?rest_route=\/wp\/v2\/posts\/4655","targetHints":{"allow":["GET"]}}],"collection":[{"href":"https:\/\/peter-faessler.spschweiz.ch\/index.php?rest_route=\/wp\/v2\/posts"}],"about":[{"href":"https:\/\/peter-faessler.spschweiz.ch\/index.php?rest_route=\/wp\/v2\/types\/post"}],"author":[{"embeddable":true,"href":"https:\/\/peter-faessler.spschweiz.ch\/index.php?rest_route=\/wp\/v2\/users\/19"}],"replies":[{"embeddable":true,"href":"https:\/\/peter-faessler.spschweiz.ch\/index.php?rest_route=%2Fwp%2Fv2%2Fcomments&post=4655"}],"version-history":[{"count":11,"href":"https:\/\/peter-faessler.spschweiz.ch\/index.php?rest_route=\/wp\/v2\/posts\/4655\/revisions"}],"predecessor-version":[{"id":4678,"href":"https:\/\/peter-faessler.spschweiz.ch\/index.php?rest_route=\/wp\/v2\/posts\/4655\/revisions\/4678"}],"wp:featuredmedia":[{"embeddable":true,"href":"https:\/\/peter-faessler.spschweiz.ch\/index.php?rest_route=\/wp\/v2\/media\/4683"}],"wp:attachment":[{"href":"https:\/\/peter-faessler.spschweiz.ch\/index.php?rest_route=%2Fwp%2Fv2%2Fmedia&parent=4655"}],"wp:term":[{"taxonomy":"category","embeddable":true,"href":"https:\/\/peter-faessler.spschweiz.ch\/index.php?rest_route=%2Fwp%2Fv2%2Fcategories&post=4655"},{"taxonomy":"post_tag","embeddable":true,"href":"https:\/\/peter-faessler.spschweiz.ch\/index.php?rest_route=%2Fwp%2Fv2%2Ftags&post=4655"}],"curies":[{"name":"wp","href":"https:\/\/api.w.org\/{rel}","templated":true}]}}