{"id":4901,"date":"2022-10-24T09:49:12","date_gmt":"2022-10-24T07:49:12","guid":{"rendered":"https:\/\/peter-faessler.spschweiz.ch\/?p=4901"},"modified":"2022-10-31T10:57:29","modified_gmt":"2022-10-31T09:57:29","slug":"oktober-session-2022-des-luzerner-kantonsrats-vom-24-25-und-31-oktober-2022-1-sessionstag-vom-24-10-2022","status":"publish","type":"post","link":"https:\/\/peter-faessler.spschweiz.ch\/?p=4901","title":{"rendered":"Oktober-Session 2022 des Luzerner Kantonsrats  vom 24., 25. und 31. Oktober 2022, 1. Sessionstag vom 24.10.2022"},"content":{"rendered":"<h1>Erster Sessionstag vom 24. Oktober 2022<\/h1>\n<div id=\"attachment_4640\" style=\"width: 286px\" class=\"wp-caption alignleft\"><img loading=\"lazy\" decoding=\"async\" aria-describedby=\"caption-attachment-4640\" class=\"size-full wp-image-4640\" src=\"http:\/\/peter-faessler.spschweiz.ch\/wp-content\/uploads\/sites\/15\/2022\/05\/Reggebaeude.jpg\" alt=\"\" width=\"276\" height=\"183\" srcset=\"https:\/\/peter-faessler.spschweiz.ch\/wp-content\/uploads\/sites\/15\/2022\/05\/Reggebaeude.jpg 276w, https:\/\/peter-faessler.spschweiz.ch\/wp-content\/uploads\/sites\/15\/2022\/05\/Reggebaeude-150x99.jpg 150w\" sizes=\"auto, (max-width: 276px) 100vw, 276px\" \/><p id=\"caption-attachment-4640\" class=\"wp-caption-text\">Bild: lu.ch<\/p><\/div>\n<p>Seit der Mai-Session 2022 trifft sich der Luzerner Kantonsrat wieder in seinem urspr\u00fcnglichen Tagungsort im Regierungsgeb\u00e4ude in Luzern. Hier die <a href=\"https:\/\/www.lu.ch\/kr\/mitglieder_und_organe\/sitzordnung\" target=\"_blank\" rel=\"noopener\">Sitzordnung<\/a>.<\/p>\n<p>Hier geht es zur <a href=\"https:\/\/www.lu.ch\/kr\/Sessionen\/sessionsdaten_2022\/detail?guid=53f459067bdb4d1d9779f51ba6e0add4&amp;cal=F49AC8F5210E4A1D9FC3DCAFA8C80FA3\" target=\"_blank\" rel=\"noopener\">Traktandenliste<\/a>, den Kurzprotokollen, den Anwesenheitslisten und den Abstimmungsresultaten. Die Traktandenliste umfasst 65 Traktandensowie 15 als dringlich eingereichte Vorst\u00f6sse und Anfragen.<\/p>\n<p><a href=\"https:\/\/www.lu.ch\/kr\/Sessionen\/videoaufnahmen?keyword=Session\" target=\"_blank\" rel=\"noopener\">Livestream-Verzeichnis<\/a> der Kantonsrat-Sessionen<\/p>\n<p>&nbsp;<\/p>\n<h2>Kurzprotokoll<\/h2>\n<p>Session vom 24.\/25. und 31. Oktober 2022, Stand: 24. Oktober 2022<\/p>\n<h3>Traktanden<\/h3>\n<p>Sachgesch\u00e4fte und dazugeh\u00f6rende parlamentarische Vorst\u00f6sse<\/p>\n<ol>\n<li><strong>Er\u00f6ffnungen<\/strong><\/li>\n<\/ol>\n<p>Er\u00f6ffnet wurden 22 Vorst\u00f6sse<\/p>\n<ol start=\"2\">\n<li><strong>Beschlussfassung \u00fcber die dringliche Behandlung der parlamentarischen Vorst\u00f6sse<\/strong><\/li>\n<\/ol>\n<p>Dringlich erkl\u00e4rt wurden: <a href=\"https:\/\/www.lu.ch\/kr\/parlamentsgeschaefte\/detail?ges=ae91cafa7abd46cbb8bb3ee27b145e1a&amp;back=1&amp;geschaeftsnr=P%20981&amp;art=-0-1-2-3&amp;bart=-0-1-2-3-4&amp;vart=-0-1-2-3&amp;wart=1&amp;gart=1&amp;status=-0-1\" target=\"_blank\" rel=\"noopener\">P 981<\/a>, <a href=\"https:\/\/www.lu.ch\/kr\/parlamentsgeschaefte\/detail?ges=be8d584d0de54bd3a12da8225c007bd6&amp;back=1&amp;geschaeftsnr=A%20986&amp;art=-0-1-2-3&amp;bart=-0-1-2-3-4&amp;vart=-0-1-2-3&amp;wart=1&amp;gart=1&amp;status=-0-1\" target=\"_blank\" rel=\"noopener\">A 986<\/a>, <a href=\"https:\/\/www.lu.ch\/kr\/parlamentsgeschaefte\/detail?ges=e8c916da095f4fcc85f48be68b9c3980&amp;back=1&amp;geschaeftsnr=A%20990&amp;art=-0-1-2-3&amp;bart=-0-1-2-3-4&amp;vart=-0-1-2-3&amp;wart=1&amp;gart=1&amp;status=-0-1\" target=\"_blank\" rel=\"noopener\">A 990<\/a>, <a href=\"https:\/\/www.lu.ch\/kr\/parlamentsgeschaefte\/detail?ges=52c3f24bbb2e4d8ab8a7aeb14122b87c&amp;back=1&amp;geschaeftsnr=P%20992&amp;art=-0-1-2-3&amp;bart=-0-1-2-3-4&amp;vart=-0-1-2-3&amp;wart=1&amp;gart=1&amp;status=-0-1\" target=\"_blank\" rel=\"noopener\">P 992<\/a>, <a href=\"https:\/\/www.lu.ch\/kr\/parlamentsgeschaefte\/detail?ges=85e5ee19210e470ba488420995c8abae&amp;back=1&amp;geschaeftsnr=A%20994&amp;art=-0-1-2-3&amp;bart=-0-1-2-3-4&amp;vart=-0-1-2-3&amp;wart=1&amp;gart=1&amp;status=-0-1\" target=\"_blank\" rel=\"noopener\">A 994<\/a>, <a href=\"https:\/\/www.lu.ch\/kr\/parlamentsgeschaefte\/detail?ges=0a16c2c035784f2e81f799f4536a6d25&amp;back=1&amp;geschaeftsnr=P%20995&amp;art=-0-1-2-3&amp;bart=-0-1-2-3-4&amp;vart=-0-1-2-3&amp;wart=1&amp;gart=1&amp;status=-0-1\" target=\"_blank\" rel=\"noopener\">P 995<\/a><br \/>\nDie Behandlung der dringlich erkl\u00e4rten Vorst\u00f6sse erfolgt am Dienstag, 25. Oktober 2022, 09:00 Uhr<\/p>\n<div id=\"attachment_4861\" style=\"width: 310px\" class=\"wp-caption alignright\"><img loading=\"lazy\" decoding=\"async\" aria-describedby=\"caption-attachment-4861\" class=\"size-medium wp-image-4861\" src=\"http:\/\/peter-faessler.spschweiz.ch\/wp-content\/uploads\/sites\/15\/2022\/09\/zhb-300x168.jpg\" alt=\"\" width=\"300\" height=\"168\" srcset=\"https:\/\/peter-faessler.spschweiz.ch\/wp-content\/uploads\/sites\/15\/2022\/09\/zhb-300x168.jpg 300w, https:\/\/peter-faessler.spschweiz.ch\/wp-content\/uploads\/sites\/15\/2022\/09\/zhb-150x84.jpg 150w, https:\/\/peter-faessler.spschweiz.ch\/wp-content\/uploads\/sites\/15\/2022\/09\/zhb.jpg 474w\" sizes=\"auto, (max-width: 300px) 100vw, 300px\" \/><p id=\"caption-attachment-4861\" class=\"wp-caption-text\">Bild: www.zentralplus.ch<\/p><\/div>\n<ol start=\"3\">\n<li><strong><a href=\"https:\/\/www.lu.ch\/kr\/parlamentsgeschaefte\/detail?ges=e9e1f4a990eb441f87dd9156b313318e&amp;back=1&amp;geschaeftsnr=B%20116&amp;art=-0-1-2-3&amp;bart=-0-1-2-3-4&amp;vart=-0-1-2-3&amp;wart=1&amp;gart=1&amp;status=-0-1\" target=\"_blank\" rel=\"noopener\">B 116<\/a> Abrechnung \u00fcber die Sanierung und den Umbau der Zentral- und Hochschulbibliothek Luzern; Entwurf Kantonsratsbeschluss \u00fcber die Genehmigung<br \/>\n<\/strong> Finanzdepartement<br \/>\nKommission Verkehr und Bau<\/li>\n<\/ol>\n<h4>Beschluss des Kantonsrates: Zustimmung mit 103 zu 0 Stimmen.<\/h4>\n<ol start=\"4\">\n<li><strong>Universit\u00e4t Luzern; Jahresbericht 2021<\/strong><br \/>\nBildungs- und Kulturdepartement<br \/>\nPlanungs- und Finanzkommission<\/li>\n<\/ol>\n<h4>Beschluss des Kantonsrates: Kenntnisnahme<\/h4>\n<ol start=\"5\">\n<li><strong>P\u00e4dagogische Hochschule Luzern; T\u00e4tigkeitsbericht 2021<\/strong><br \/>\nBildungs- und Kulturdepartement<br \/>\nPlanungs- und Finanzkommission<\/li>\n<\/ol>\n<h4>Beschluss des Kantonsrates: Kenntnisnahme<\/h4>\n<ol start=\"6\">\n<li><strong><a href=\"https:\/\/www.lu.ch\/kr\/parlamentsgeschaefte\/detail?ges=362b9118e75f4165bca4f7dee64549c4&amp;back=1&amp;geschaeftsnr=B%20106&amp;art=-0-1-2-3&amp;bart=-0-1-2-3-4&amp;vart=-0-1-2-3&amp;wart=1&amp;gart=1&amp;status=-0-1\" target=\"_blank\" rel=\"noopener\">B 106<\/a> Teilrevision kantonale Ausf\u00fchrungsbestimmungen zur Arbeitslosenversicherung; Entwurf \u00c4nderung Gesetz \u00fcber die Arbeitslosenversicherung und den Arbeitslosenhilfsfonds, 2. Beratung<\/strong><br \/>\nGesundheits- und Sozialdepartement<br \/>\nKommission Gesundheit, Arbeit und soziale Sicherheit<\/li>\n<\/ol>\n<h4>Beschluss des Kantonsrates: Zustimmung nach 2. Beratung mit 107 zu 0 Stimmen. Die \u00c4nderung unterliegt dem fakultativen Referendum<\/h4>\n<div id=\"attachment_2024\" style=\"width: 310px\" class=\"wp-caption alignright\"><img loading=\"lazy\" decoding=\"async\" aria-describedby=\"caption-attachment-2024\" class=\"size-medium wp-image-2024\" src=\"http:\/\/peter-faessler.spschweiz.ch\/wp-content\/uploads\/sites\/15\/2018\/12\/Geld-CH-300x200.jpg\" alt=\"\" width=\"300\" height=\"200\" srcset=\"https:\/\/peter-faessler.spschweiz.ch\/wp-content\/uploads\/sites\/15\/2018\/12\/Geld-CH-300x200.jpg 300w, https:\/\/peter-faessler.spschweiz.ch\/wp-content\/uploads\/sites\/15\/2018\/12\/Geld-CH-150x100.jpg 150w, https:\/\/peter-faessler.spschweiz.ch\/wp-content\/uploads\/sites\/15\/2018\/12\/Geld-CH.jpg 640w\" sizes=\"auto, (max-width: 300px) 100vw, 300px\" \/><p id=\"caption-attachment-2024\" class=\"wp-caption-text\">Bild: der.bund.ch<\/p><\/div>\n<ol start=\"7\">\n<li><strong><a href=\"https:\/\/www.lu.ch\/kr\/parlamentsgeschaefte\/detail?ges=ebdb1611fa49413686da4da74b97f66a&amp;back=1&amp;geschaeftsnr=B%20110&amp;art=-0-1-2-3&amp;bart=-0-1-2-3-4&amp;vart=-0-1-2-3&amp;wart=1&amp;gart=1&amp;status=-0-1\" target=\"_blank\" rel=\"noopener\">B 110<\/a> Umsetzung Inkassohilfeverordnung; Entwurf \u00c4nderung Sozialhilfegesetz, 2. Beratung<\/strong><br \/>\nGesundheits- und Sozialdepartement<br \/>\nKommission Gesundheit, Arbeit und soziale Sicherheit<\/li>\n<\/ol>\n<h4>Beschluss des Kantonsrates: Zustimmung nach 2. Beratung mit 83 zu 18 Stimmen. Die \u00c4nderung unterliegt dem fakultativen Referendum.<\/h4>\n<ol start=\"8\">\n<li><strong><a href=\"https:\/\/www.lu.ch\/kr\/parlamentsgeschaefte\/detail?ges=79560de8312044029aea9172287f4b11&amp;back=1&amp;geschaeftsnr=B%20107&amp;art=-0-1-2-3&amp;bart=-0-1-2-3-4&amp;vart=-0-1-2-3&amp;wart=1&amp;gart=1&amp;status=-0-1\" target=\"_blank\" rel=\"noopener\">B 107 A<\/a> Einsatz neuer Datenbearbeitungsinstrumente durch die Polizei und erweiterter Polizeigewahrsam; zwei Entw\u00fcrfe von \u00c4nderungen des Gesetzes \u00fcber die Luzerner Polizei &#8211; Polizeigesetz &#8211; neue Datenbearbeitungsinstrumente, 2. Beratung<\/strong><br \/>\nJustiz- und Sicherheitsdepartement<br \/>\nKommission Justiz und Sicherheit<\/li>\n<\/ol>\n<h4>Beschluss des Kantonsrates: Zustimmung nach 2. Beratung mit 76 zu 28 Stimmen. Die \u00c4nderung unterliegt dem fakultativen Referendum.<\/h4>\n<ol start=\"9\">\n<li><strong><a href=\"https:\/\/www.lu.ch\/kr\/parlamentsgeschaefte\/detail?ges=79560de8312044029aea9172287f4b11&amp;back=1&amp;geschaeftsnr=B%20107&amp;art=-0-1-2-3&amp;bart=-0-1-2-3-4&amp;vart=-0-1-2-3&amp;wart=1&amp;gart=1&amp;status=-0-1\" target=\"_blank\" rel=\"noopener\">B 107 B<\/a> Einsatz neuer Datenbearbeitungsinstrumente durch die Polizei und erweiterter Polizeigewahrsam; zwei Entw\u00fcrfe von \u00c4nderungen des Gesetzes \u00fcber die Luzerner Polizei &#8211; Polizeigesetz &#8211; erweiterter Polizeigewahrsam, 2. Beratung<br \/>\n<\/strong>Justiz- und Sicherheitsdepartement<br \/>\nKommission Justiz und Sicherheit<\/li>\n<\/ol>\n<h4>Beschluss des Kantonsrates: Zustimmung nach 2. Beratung mit 107 zu 0 Stimmen. Die \u00c4nderung unterliegt dem fakultativen Referendum.<\/h4>\n<div id=\"attachment_4843\" style=\"width: 310px\" class=\"wp-caption alignright\"><img loading=\"lazy\" decoding=\"async\" aria-describedby=\"caption-attachment-4843\" class=\"size-medium wp-image-4843\" src=\"http:\/\/peter-faessler.spschweiz.ch\/wp-content\/uploads\/sites\/15\/2022\/09\/unilu-300x200.jpg\" alt=\"\" width=\"300\" height=\"200\" srcset=\"https:\/\/peter-faessler.spschweiz.ch\/wp-content\/uploads\/sites\/15\/2022\/09\/unilu-300x200.jpg 300w, https:\/\/peter-faessler.spschweiz.ch\/wp-content\/uploads\/sites\/15\/2022\/09\/unilu-150x100.jpg 150w, https:\/\/peter-faessler.spschweiz.ch\/wp-content\/uploads\/sites\/15\/2022\/09\/unilu.jpg 474w\" sizes=\"auto, (max-width: 300px) 100vw, 300px\" \/><p id=\"caption-attachment-4843\" class=\"wp-caption-text\">Bild: unilu.ch<\/p><\/div>\n<ol start=\"10\">\n<li><strong><a href=\"https:\/\/www.lu.ch\/kr\/parlamentsgeschaefte\/detail?ges=cf0a9c97e7d74635a7bc363ebe7137fe&amp;back=1&amp;geschaeftsnr=B%20114&amp;art=-0-1-2-3&amp;bart=-0-1-2-3-4&amp;vart=-0-1-2-3&amp;wart=1&amp;gart=1&amp;status=-0-1\" target=\"_blank\" rel=\"noopener\">B 114<\/a> Universit\u00e4t Luzern: Gr\u00fcndung von zwei neuen Fakult\u00e4ten; Entwurf \u00c4nderung des Universit\u00e4tsgesetzes, 2. Beratung<br \/>\n<\/strong>\u00a0Bildungs- und Kulturdepartement<br \/>\nKommission Erziehung, Bildung und Kultur<\/li>\n<\/ol>\n<h4>Beschluss des Kantonsrates: Zustimmung nach 2. Beratung mit 82 zu 17 Stimmen. Die \u00c4nderung unterliegt dem fakultativen Referendum.<\/h4>\n<ol start=\"11\">\n<li><strong><a href=\"https:\/\/www.lu.ch\/kr\/parlamentsgeschaefte\/detail?ges=58dd886ac09349258fa503e30bdcd8d2&amp;back=1&amp;geschaeftsnr=B%20118&amp;art=-0-1-2-3&amp;bart=-0-1-2-3-4&amp;vart=-0-1-2-3&amp;wart=1&amp;gart=1&amp;status=-0-1\" target=\"_blank\" rel=\"noopener\">B 118<\/a> Finanzierung der Erg\u00e4nzungsleistungen zur AHV f\u00fcr Heimbewohnerinnen und -bewohner; Entw\u00fcrfe \u00c4nderungen des kantonalen Erg\u00e4nzungsleistungsgesetzes und des Betreuungs- und Pflegegesetzes, 2. Beratung<br \/>\n<\/strong>Gesundheitsund Sozialdepartement<br \/>\nKommission Gesundheit, Arbeit und soziale Sicherheit<\/li>\n<\/ol>\n<h4>Beschluss des Kantonsrates: Zustimmung nach 2. Beratung mit 85 zu 18 Stimmen. Die \u00c4nderung unterliegt dem fakultativen Referendum.<\/h4>\n<ol start=\"12\">\n<li><strong><a href=\"https:\/\/www.lu.ch\/kr\/parlamentsgeschaefte\/detail?ges=33c0fbd905bc4a6983dd555f3edbc807&amp;back=1&amp;geschaeftsnr=B%20128&amp;art=-0-1-2-3&amp;bart=-0-1-2-3-4&amp;vart=-0-1-2-3&amp;wart=1&amp;gart=1&amp;status=-0-1\" target=\"_blank\" rel=\"noopener\">B 128 A<\/a> Aufgaben- und Finanzplan (AFP) 2023\u20132026; mit Entwurf des Voranschlags 2023 &#8211; Kantonsratsbeschluss \u00fcber den Aufgaben- und Finanzplan 2023\u20132026 des Kantons Luzern<\/strong><br \/>\nFinanzdepartement<br \/>\nPlanungs- und Finanzkommission<\/li>\n<\/ol>\n<p>Die Beratung der Botschaft B 128 wird heute Abend unterbrochen und morgen weitergef\u00fchrt.<\/p>\n","protected":false},"excerpt":{"rendered":"<p>Erster Sessionstag vom 24. Oktober 2022 Seit der Mai-Session 2022 trifft sich der Luzerner Kantonsrat wieder in seinem urspr\u00fcnglichen Tagungsort im Regierungsgeb\u00e4ude in Luzern. Hier&#8230;<\/p>\n","protected":false},"author":19,"featured_media":4640,"comment_status":"open","ping_status":"open","sticky":false,"template":"","format":"standard","meta":{"footnotes":""},"categories":[22,23,30,21,127,128],"tags":[8,9,16,19,26,31,7,10,15],"class_list":["post-4901","post","type-post","status-publish","format-standard","has-post-thumbnail","hentry","category-kantonsrat-luzern","category-kantonsratsession","category-parlament","category-politik","category-sp-kanton-luzern","category-sp-kantonsratsfraktion","tag-kanton-luzern","tag-kantonsrat","tag-kantonsrat-kanton-luzern","tag-kantonsrat-luzern","tag-kantonsratssession","tag-parlament","tag-politik","tag-session","tag-sp"],"yoast_head":"<!-- This site is optimized with the Yoast SEO plugin v27.5 - https:\/\/yoast.com\/product\/yoast-seo-wordpress\/ -->\n<title>Oktober-Session 2022 des Luzerner Kantonsrats vom 24., 25. und 31. Oktober 2022, 1. Sessionstag vom 24.10.2022 - Peter F\u00e4ssler<\/title>\n<meta name=\"robots\" content=\"index, follow, max-snippet:-1, max-image-preview:large, max-video-preview:-1\" \/>\n<link rel=\"canonical\" href=\"https:\/\/peter-faessler.spschweiz.ch\/?p=4901\" \/>\n<meta property=\"og:locale\" content=\"de_DE\" \/>\n<meta property=\"og:type\" content=\"article\" \/>\n<meta property=\"og:title\" content=\"Oktober-Session 2022 des Luzerner Kantonsrats vom 24., 25. und 31. Oktober 2022, 1. Sessionstag vom 24.10.2022 - Peter F\u00e4ssler\" \/>\n<meta property=\"og:description\" content=\"Erster Sessionstag vom 24. Oktober 2022 Seit der Mai-Session 2022 trifft sich der Luzerner Kantonsrat wieder in seinem urspr\u00fcnglichen Tagungsort im Regierungsgeb\u00e4ude in Luzern. Hier...\" \/>\n<meta property=\"og:url\" content=\"https:\/\/peter-faessler.spschweiz.ch\/?p=4901\" \/>\n<meta property=\"og:site_name\" content=\"Peter F\u00e4ssler\" \/>\n<meta property=\"article:author\" content=\"www.facebook.com\/peter.fassler.31\" \/>\n<meta property=\"article:published_time\" content=\"2022-10-24T07:49:12+00:00\" \/>\n<meta property=\"article:modified_time\" content=\"2022-10-31T09:57:29+00:00\" \/>\n<meta property=\"og:image\" content=\"http:\/\/peter-faessler.spschweiz.ch\/wp-content\/uploads\/sites\/15\/2022\/05\/Reggebaeude.jpg\" \/>\n\t<meta property=\"og:image:width\" content=\"276\" \/>\n\t<meta property=\"og:image:height\" content=\"183\" \/>\n\t<meta property=\"og:image:type\" content=\"image\/jpeg\" \/>\n<meta name=\"author\" content=\"Peter F\u00e4ssler\" \/>\n<meta name=\"twitter:label1\" content=\"Verfasst von\" \/>\n\t<meta name=\"twitter:data1\" content=\"Peter F\u00e4ssler\" \/>\n\t<meta name=\"twitter:label2\" content=\"Gesch\u00e4tzte Lesezeit\" \/>\n\t<meta name=\"twitter:data2\" content=\"4\u00a0Minuten\" \/>\n<script type=\"application\/ld+json\" class=\"yoast-schema-graph\">{\"@context\":\"https:\\\/\\\/schema.org\",\"@graph\":[{\"@type\":\"Article\",\"@id\":\"https:\\\/\\\/peter-faessler.spschweiz.ch\\\/?p=4901#article\",\"isPartOf\":{\"@id\":\"https:\\\/\\\/peter-faessler.spschweiz.ch\\\/?p=4901\"},\"author\":{\"name\":\"Peter F\u00e4ssler\",\"@id\":\"https:\\\/\\\/peter-faessler.spschweiz.ch\\\/#\\\/schema\\\/person\\\/7ac2f764b1930b731c670e8a2393b60e\"},\"headline\":\"Oktober-Session 2022 des Luzerner Kantonsrats vom 24., 25. und 31. Oktober 2022, 1. Sessionstag vom 24.10.2022\",\"datePublished\":\"2022-10-24T07:49:12+00:00\",\"dateModified\":\"2022-10-31T09:57:29+00:00\",\"mainEntityOfPage\":{\"@id\":\"https:\\\/\\\/peter-faessler.spschweiz.ch\\\/?p=4901\"},\"wordCount\":516,\"commentCount\":0,\"image\":{\"@id\":\"https:\\\/\\\/peter-faessler.spschweiz.ch\\\/?p=4901#primaryimage\"},\"thumbnailUrl\":\"https:\\\/\\\/peter-faessler.spschweiz.ch\\\/wp-content\\\/uploads\\\/sites\\\/15\\\/2022\\\/05\\\/Reggebaeude.jpg\",\"keywords\":[\"Kanton Luzern\",\"Kantonsrat\",\"Kantonsrat Kanton Luzern\",\"Kantonsrat Luzern\",\"Kantonsratssession\",\"Parlament\",\"Politik\",\"Session\",\"SP\"],\"articleSection\":[\"Kantonsrat Luzern\",\"Kantonsratsession\",\"Parlament\",\"Politik\",\"SP Kanton Luzern\",\"SP Kantonsratsfraktion\"],\"inLanguage\":\"de\",\"potentialAction\":[{\"@type\":\"CommentAction\",\"name\":\"Comment\",\"target\":[\"https:\\\/\\\/peter-faessler.spschweiz.ch\\\/?p=4901#respond\"]}]},{\"@type\":\"WebPage\",\"@id\":\"https:\\\/\\\/peter-faessler.spschweiz.ch\\\/?p=4901\",\"url\":\"https:\\\/\\\/peter-faessler.spschweiz.ch\\\/?p=4901\",\"name\":\"Oktober-Session 2022 des Luzerner Kantonsrats vom 24., 25. und 31. Oktober 2022, 1. Sessionstag vom 24.10.2022 - Peter F\u00e4ssler\",\"isPartOf\":{\"@id\":\"https:\\\/\\\/peter-faessler.spschweiz.ch\\\/#website\"},\"primaryImageOfPage\":{\"@id\":\"https:\\\/\\\/peter-faessler.spschweiz.ch\\\/?p=4901#primaryimage\"},\"image\":{\"@id\":\"https:\\\/\\\/peter-faessler.spschweiz.ch\\\/?p=4901#primaryimage\"},\"thumbnailUrl\":\"https:\\\/\\\/peter-faessler.spschweiz.ch\\\/wp-content\\\/uploads\\\/sites\\\/15\\\/2022\\\/05\\\/Reggebaeude.jpg\",\"datePublished\":\"2022-10-24T07:49:12+00:00\",\"dateModified\":\"2022-10-31T09:57:29+00:00\",\"author\":{\"@id\":\"https:\\\/\\\/peter-faessler.spschweiz.ch\\\/#\\\/schema\\\/person\\\/7ac2f764b1930b731c670e8a2393b60e\"},\"breadcrumb\":{\"@id\":\"https:\\\/\\\/peter-faessler.spschweiz.ch\\\/?p=4901#breadcrumb\"},\"inLanguage\":\"de\",\"potentialAction\":[{\"@type\":\"ReadAction\",\"target\":[\"https:\\\/\\\/peter-faessler.spschweiz.ch\\\/?p=4901\"]}]},{\"@type\":\"ImageObject\",\"inLanguage\":\"de\",\"@id\":\"https:\\\/\\\/peter-faessler.spschweiz.ch\\\/?p=4901#primaryimage\",\"url\":\"https:\\\/\\\/peter-faessler.spschweiz.ch\\\/wp-content\\\/uploads\\\/sites\\\/15\\\/2022\\\/05\\\/Reggebaeude.jpg\",\"contentUrl\":\"https:\\\/\\\/peter-faessler.spschweiz.ch\\\/wp-content\\\/uploads\\\/sites\\\/15\\\/2022\\\/05\\\/Reggebaeude.jpg\",\"width\":276,\"height\":183,\"caption\":\"Bild: lu.ch\"},{\"@type\":\"BreadcrumbList\",\"@id\":\"https:\\\/\\\/peter-faessler.spschweiz.ch\\\/?p=4901#breadcrumb\",\"itemListElement\":[{\"@type\":\"ListItem\",\"position\":1,\"name\":\"Startseite\",\"item\":\"https:\\\/\\\/peter-faessler.spschweiz.ch\\\/\"},{\"@type\":\"ListItem\",\"position\":2,\"name\":\"Oktober-Session 2022 des Luzerner Kantonsrats vom 24., 25. und 31. Oktober 2022, 1. Sessionstag vom 24.10.2022\"}]},{\"@type\":\"WebSite\",\"@id\":\"https:\\\/\\\/peter-faessler.spschweiz.ch\\\/#website\",\"url\":\"https:\\\/\\\/peter-faessler.spschweiz.ch\\\/\",\"name\":\"Peter F\u00e4ssler\",\"description\":\"SP Kantonsrat Kanton Luzern\",\"potentialAction\":[{\"@type\":\"SearchAction\",\"target\":{\"@type\":\"EntryPoint\",\"urlTemplate\":\"https:\\\/\\\/peter-faessler.spschweiz.ch\\\/?s={search_term_string}\"},\"query-input\":{\"@type\":\"PropertyValueSpecification\",\"valueRequired\":true,\"valueName\":\"search_term_string\"}}],\"inLanguage\":\"de\"},{\"@type\":\"Person\",\"@id\":\"https:\\\/\\\/peter-faessler.spschweiz.ch\\\/#\\\/schema\\\/person\\\/7ac2f764b1930b731c670e8a2393b60e\",\"name\":\"Peter F\u00e4ssler\",\"image\":{\"@type\":\"ImageObject\",\"inLanguage\":\"de\",\"@id\":\"https:\\\/\\\/secure.gravatar.com\\\/avatar\\\/9da8604da19b11812517d76f206166d47c5e180a26df2de36b8649168e128572?s=96&d=blank&r=g\",\"url\":\"https:\\\/\\\/secure.gravatar.com\\\/avatar\\\/9da8604da19b11812517d76f206166d47c5e180a26df2de36b8649168e128572?s=96&d=blank&r=g\",\"contentUrl\":\"https:\\\/\\\/secure.gravatar.com\\\/avatar\\\/9da8604da19b11812517d76f206166d47c5e180a26df2de36b8649168e128572?s=96&d=blank&r=g\",\"caption\":\"Peter F\u00e4ssler\"},\"description\":\"Peter F\u00e4ssler Schibiweg 7 6006 Luzern\",\"sameAs\":[\"www.facebook.com\\\/peter.fassler.31\",\"https:\\\/\\\/www.instagram.com\\\/peter.fassler.31\\\/\",\"https:\\\/\\\/www.linkedin.com\\\/in\\\/peter-fssler-2518a782\\\/\",\"https:\\\/\\\/x.com\\\/pfaessler56\"],\"url\":\"https:\\\/\\\/peter-faessler.spschweiz.ch\\\/?author=19\"}]}<\/script>\n<!-- \/ Yoast SEO plugin. -->","yoast_head_json":{"title":"Oktober-Session 2022 des Luzerner Kantonsrats vom 24., 25. und 31. Oktober 2022, 1. Sessionstag vom 24.10.2022 - Peter F\u00e4ssler","robots":{"index":"index","follow":"follow","max-snippet":"max-snippet:-1","max-image-preview":"max-image-preview:large","max-video-preview":"max-video-preview:-1"},"canonical":"https:\/\/peter-faessler.spschweiz.ch\/?p=4901","og_locale":"de_DE","og_type":"article","og_title":"Oktober-Session 2022 des Luzerner Kantonsrats vom 24., 25. und 31. Oktober 2022, 1. Sessionstag vom 24.10.2022 - Peter F\u00e4ssler","og_description":"Erster Sessionstag vom 24. Oktober 2022 Seit der Mai-Session 2022 trifft sich der Luzerner Kantonsrat wieder in seinem urspr\u00fcnglichen Tagungsort im Regierungsgeb\u00e4ude in Luzern. Hier...","og_url":"https:\/\/peter-faessler.spschweiz.ch\/?p=4901","og_site_name":"Peter F\u00e4ssler","article_author":"www.facebook.com\/peter.fassler.31","article_published_time":"2022-10-24T07:49:12+00:00","article_modified_time":"2022-10-31T09:57:29+00:00","og_image":[{"width":276,"height":183,"url":"http:\/\/peter-faessler.spschweiz.ch\/wp-content\/uploads\/sites\/15\/2022\/05\/Reggebaeude.jpg","type":"image\/jpeg"}],"author":"Peter F\u00e4ssler","twitter_misc":{"Verfasst von":"Peter F\u00e4ssler","Gesch\u00e4tzte Lesezeit":"4\u00a0Minuten"},"schema":{"@context":"https:\/\/schema.org","@graph":[{"@type":"Article","@id":"https:\/\/peter-faessler.spschweiz.ch\/?p=4901#article","isPartOf":{"@id":"https:\/\/peter-faessler.spschweiz.ch\/?p=4901"},"author":{"name":"Peter F\u00e4ssler","@id":"https:\/\/peter-faessler.spschweiz.ch\/#\/schema\/person\/7ac2f764b1930b731c670e8a2393b60e"},"headline":"Oktober-Session 2022 des Luzerner Kantonsrats vom 24., 25. und 31. Oktober 2022, 1. Sessionstag vom 24.10.2022","datePublished":"2022-10-24T07:49:12+00:00","dateModified":"2022-10-31T09:57:29+00:00","mainEntityOfPage":{"@id":"https:\/\/peter-faessler.spschweiz.ch\/?p=4901"},"wordCount":516,"commentCount":0,"image":{"@id":"https:\/\/peter-faessler.spschweiz.ch\/?p=4901#primaryimage"},"thumbnailUrl":"https:\/\/peter-faessler.spschweiz.ch\/wp-content\/uploads\/sites\/15\/2022\/05\/Reggebaeude.jpg","keywords":["Kanton Luzern","Kantonsrat","Kantonsrat Kanton Luzern","Kantonsrat Luzern","Kantonsratssession","Parlament","Politik","Session","SP"],"articleSection":["Kantonsrat Luzern","Kantonsratsession","Parlament","Politik","SP Kanton Luzern","SP Kantonsratsfraktion"],"inLanguage":"de","potentialAction":[{"@type":"CommentAction","name":"Comment","target":["https:\/\/peter-faessler.spschweiz.ch\/?p=4901#respond"]}]},{"@type":"WebPage","@id":"https:\/\/peter-faessler.spschweiz.ch\/?p=4901","url":"https:\/\/peter-faessler.spschweiz.ch\/?p=4901","name":"Oktober-Session 2022 des Luzerner Kantonsrats vom 24., 25. und 31. Oktober 2022, 1. Sessionstag vom 24.10.2022 - Peter F\u00e4ssler","isPartOf":{"@id":"https:\/\/peter-faessler.spschweiz.ch\/#website"},"primaryImageOfPage":{"@id":"https:\/\/peter-faessler.spschweiz.ch\/?p=4901#primaryimage"},"image":{"@id":"https:\/\/peter-faessler.spschweiz.ch\/?p=4901#primaryimage"},"thumbnailUrl":"https:\/\/peter-faessler.spschweiz.ch\/wp-content\/uploads\/sites\/15\/2022\/05\/Reggebaeude.jpg","datePublished":"2022-10-24T07:49:12+00:00","dateModified":"2022-10-31T09:57:29+00:00","author":{"@id":"https:\/\/peter-faessler.spschweiz.ch\/#\/schema\/person\/7ac2f764b1930b731c670e8a2393b60e"},"breadcrumb":{"@id":"https:\/\/peter-faessler.spschweiz.ch\/?p=4901#breadcrumb"},"inLanguage":"de","potentialAction":[{"@type":"ReadAction","target":["https:\/\/peter-faessler.spschweiz.ch\/?p=4901"]}]},{"@type":"ImageObject","inLanguage":"de","@id":"https:\/\/peter-faessler.spschweiz.ch\/?p=4901#primaryimage","url":"https:\/\/peter-faessler.spschweiz.ch\/wp-content\/uploads\/sites\/15\/2022\/05\/Reggebaeude.jpg","contentUrl":"https:\/\/peter-faessler.spschweiz.ch\/wp-content\/uploads\/sites\/15\/2022\/05\/Reggebaeude.jpg","width":276,"height":183,"caption":"Bild: lu.ch"},{"@type":"BreadcrumbList","@id":"https:\/\/peter-faessler.spschweiz.ch\/?p=4901#breadcrumb","itemListElement":[{"@type":"ListItem","position":1,"name":"Startseite","item":"https:\/\/peter-faessler.spschweiz.ch\/"},{"@type":"ListItem","position":2,"name":"Oktober-Session 2022 des Luzerner Kantonsrats vom 24., 25. und 31. Oktober 2022, 1. Sessionstag vom 24.10.2022"}]},{"@type":"WebSite","@id":"https:\/\/peter-faessler.spschweiz.ch\/#website","url":"https:\/\/peter-faessler.spschweiz.ch\/","name":"Peter F\u00e4ssler","description":"SP Kantonsrat Kanton Luzern","potentialAction":[{"@type":"SearchAction","target":{"@type":"EntryPoint","urlTemplate":"https:\/\/peter-faessler.spschweiz.ch\/?s={search_term_string}"},"query-input":{"@type":"PropertyValueSpecification","valueRequired":true,"valueName":"search_term_string"}}],"inLanguage":"de"},{"@type":"Person","@id":"https:\/\/peter-faessler.spschweiz.ch\/#\/schema\/person\/7ac2f764b1930b731c670e8a2393b60e","name":"Peter F\u00e4ssler","image":{"@type":"ImageObject","inLanguage":"de","@id":"https:\/\/secure.gravatar.com\/avatar\/9da8604da19b11812517d76f206166d47c5e180a26df2de36b8649168e128572?s=96&d=blank&r=g","url":"https:\/\/secure.gravatar.com\/avatar\/9da8604da19b11812517d76f206166d47c5e180a26df2de36b8649168e128572?s=96&d=blank&r=g","contentUrl":"https:\/\/secure.gravatar.com\/avatar\/9da8604da19b11812517d76f206166d47c5e180a26df2de36b8649168e128572?s=96&d=blank&r=g","caption":"Peter F\u00e4ssler"},"description":"Peter F\u00e4ssler Schibiweg 7 6006 Luzern","sameAs":["www.facebook.com\/peter.fassler.31","https:\/\/www.instagram.com\/peter.fassler.31\/","https:\/\/www.linkedin.com\/in\/peter-fssler-2518a782\/","https:\/\/x.com\/pfaessler56"],"url":"https:\/\/peter-faessler.spschweiz.ch\/?author=19"}]}},"_links":{"self":[{"href":"https:\/\/peter-faessler.spschweiz.ch\/index.php?rest_route=\/wp\/v2\/posts\/4901","targetHints":{"allow":["GET"]}}],"collection":[{"href":"https:\/\/peter-faessler.spschweiz.ch\/index.php?rest_route=\/wp\/v2\/posts"}],"about":[{"href":"https:\/\/peter-faessler.spschweiz.ch\/index.php?rest_route=\/wp\/v2\/types\/post"}],"author":[{"embeddable":true,"href":"https:\/\/peter-faessler.spschweiz.ch\/index.php?rest_route=\/wp\/v2\/users\/19"}],"replies":[{"embeddable":true,"href":"https:\/\/peter-faessler.spschweiz.ch\/index.php?rest_route=%2Fwp%2Fv2%2Fcomments&post=4901"}],"version-history":[{"count":20,"href":"https:\/\/peter-faessler.spschweiz.ch\/index.php?rest_route=\/wp\/v2\/posts\/4901\/revisions"}],"predecessor-version":[{"id":4957,"href":"https:\/\/peter-faessler.spschweiz.ch\/index.php?rest_route=\/wp\/v2\/posts\/4901\/revisions\/4957"}],"wp:featuredmedia":[{"embeddable":true,"href":"https:\/\/peter-faessler.spschweiz.ch\/index.php?rest_route=\/wp\/v2\/media\/4640"}],"wp:attachment":[{"href":"https:\/\/peter-faessler.spschweiz.ch\/index.php?rest_route=%2Fwp%2Fv2%2Fmedia&parent=4901"}],"wp:term":[{"taxonomy":"category","embeddable":true,"href":"https:\/\/peter-faessler.spschweiz.ch\/index.php?rest_route=%2Fwp%2Fv2%2Fcategories&post=4901"},{"taxonomy":"post_tag","embeddable":true,"href":"https:\/\/peter-faessler.spschweiz.ch\/index.php?rest_route=%2Fwp%2Fv2%2Ftags&post=4901"}],"curies":[{"name":"wp","href":"https:\/\/api.w.org\/{rel}","templated":true}]}}