{"id":4921,"date":"2022-10-25T15:21:06","date_gmt":"2022-10-25T13:21:06","guid":{"rendered":"https:\/\/peter-faessler.spschweiz.ch\/?p=4921"},"modified":"2022-10-31T15:07:43","modified_gmt":"2022-10-31T14:07:43","slug":"oktober-session-2022-des-luzerner-kantonsrats-vom-24-25-und-31-oktober-2022-2-sessionstag-vom-25-10-2022","status":"publish","type":"post","link":"https:\/\/peter-faessler.spschweiz.ch\/?p=4921","title":{"rendered":"Oktober-Session 2022 des Luzerner Kantonsrats  vom 24., 25. und 31. Oktober 2022, 2. Sessionstag vom 25.10.2022"},"content":{"rendered":"<h1>Zweiter Sessionstag vom 25. Oktober 2022<\/h1>\n<div id=\"attachment_4640\" style=\"width: 286px\" class=\"wp-caption alignleft\"><img loading=\"lazy\" decoding=\"async\" aria-describedby=\"caption-attachment-4640\" class=\"size-full wp-image-4640\" src=\"http:\/\/peter-faessler.spschweiz.ch\/wp-content\/uploads\/sites\/15\/2022\/05\/Reggebaeude.jpg\" alt=\"\" width=\"276\" height=\"183\" srcset=\"https:\/\/peter-faessler.spschweiz.ch\/wp-content\/uploads\/sites\/15\/2022\/05\/Reggebaeude.jpg 276w, https:\/\/peter-faessler.spschweiz.ch\/wp-content\/uploads\/sites\/15\/2022\/05\/Reggebaeude-150x99.jpg 150w\" sizes=\"auto, (max-width: 276px) 100vw, 276px\" \/><p id=\"caption-attachment-4640\" class=\"wp-caption-text\">Bild: lu.ch<\/p><\/div>\n<p>Seit der Mai-Session 2022 trifft sich der Luzerner Kantonsrat wieder\u00a0 im Regierungsgeb\u00e4ude in Luzern. Hier die <a href=\"https:\/\/www.lu.ch\/kr\/mitglieder_und_organe\/sitzordnung\" target=\"_blank\" rel=\"noopener\">Sitzordnung<\/a>.<\/p>\n<p>Hier geht es zur <a href=\"https:\/\/www.lu.ch\/kr\/Sessionen\/sessionsdaten_2022\/detail?guid=53f459067bdb4d1d9779f51ba6e0add4&amp;cal=F49AC8F5210E4A1D9FC3DCAFA8C80FA3\" target=\"_blank\" rel=\"noopener\">Traktandenliste<\/a>, den Kurzprotokollen, den Anwesenheitslisten und den Abstimmungsresultaten. Die Traktandenliste umfasst 65 Traktandensowie 15 als dringlich eingereichte Vorst\u00f6sse und Anfragen.<\/p>\n<p><a href=\"https:\/\/www.lu.ch\/kr\/Sessionen\/videoaufnahmen?keyword=Session\" target=\"_blank\" rel=\"noopener\">Livestream-Verzeichnis<\/a> der Kantonsrat-Sessionen<\/p>\n<p>&nbsp;<\/p>\n<h2>Kurzprotokoll<\/h2>\n<p>Wir beginnen die Dienstagmorgen mit der Behandlung der<\/p>\n<h3>Dringlich erkl\u00e4rten Vorst\u00f6ssse.<\/h3>\n<p>Dringlich erkl\u00e4rt wurden: <a href=\"https:\/\/www.lu.ch\/kr\/parlamentsgeschaefte\/detail?ges=ae91cafa7abd46cbb8bb3ee27b145e1a&amp;back=1&amp;geschaeftsnr=P%20981&amp;art=-0-1-2-3&amp;bart=-0-1-2-3-4&amp;vart=-0-1-2-3&amp;wart=1&amp;gart=1&amp;status=-0-1\" target=\"_blank\" rel=\"noopener\">P 981<\/a>, <a href=\"https:\/\/www.lu.ch\/kr\/parlamentsgeschaefte\/detail?ges=be8d584d0de54bd3a12da8225c007bd6&amp;back=1&amp;geschaeftsnr=A%20986&amp;art=-0-1-2-3&amp;bart=-0-1-2-3-4&amp;vart=-0-1-2-3&amp;wart=1&amp;gart=1&amp;status=-0-1\" target=\"_blank\" rel=\"noopener\">A 986<\/a>, <a href=\"https:\/\/www.lu.ch\/kr\/parlamentsgeschaefte\/detail?ges=e8c916da095f4fcc85f48be68b9c3980&amp;back=1&amp;geschaeftsnr=A%20990&amp;art=-0-1-2-3&amp;bart=-0-1-2-3-4&amp;vart=-0-1-2-3&amp;wart=1&amp;gart=1&amp;status=-0-1\" target=\"_blank\" rel=\"noopener\">A 990<\/a>, P 992, A 994, P 995<\/p>\n<p><strong><a href=\"https:\/\/www.lu.ch\/kr\/parlamentsgeschaefte\/detail?ges=ae91cafa7abd46cbb8bb3ee27b145e1a&amp;back=1&amp;geschaeftsnr=P%20981&amp;art=-0-1-2-3&amp;bart=-0-1-2-3-4&amp;vart=-0-1-2-3&amp;wart=1&amp;gart=1&amp;status=-0-1\" target=\"_blank\" rel=\"noopener\">P 981<\/a> Postulat Frye Urban und Mit. \u00fcber den Einbezug von Privatunterk\u00fcnften bei der Unterbringung von aus der Ukraine gefl\u00fcchteten Personen<\/strong><br \/>\nGesundheits- und Sozialdepartement<br \/>\nAntrag Regierungsrat: Teilweise Erheblicherkl\u00e4rung<br \/>\n<strong>Beschluss Kantonsrat: Teilweise Erheblicherkl\u00e4rung<\/strong><\/p>\n<p><strong><a href=\"https:\/\/www.lu.ch\/kr\/parlamentsgeschaefte\/detail?ges=be8d584d0de54bd3a12da8225c007bd6&amp;back=1&amp;geschaeftsnr=A%20986&amp;art=-0-1-2-3&amp;bart=-0-1-2-3-4&amp;vart=-0-1-2-3&amp;wart=1&amp;gart=1&amp;status=-0-1\" target=\"_blank\" rel=\"noopener\">A 986<\/a> Anfrage Meier Thomas und Mit. \u00fcber die neuste Entwicklung beim FC Luzern<\/strong><br \/>\nGesundheits- und Sozialdepartement i. V. mit Justiz- und Sicherheitsdepartement<br \/>\nDie Anfrage wurde vom Regierungsrat schriftlich beantwortet. Der Anfragende ist mit der Antwort teilweise zufrieden. Diskussion.<\/p>\n<p><strong><a href=\"https:\/\/www.lu.ch\/kr\/parlamentsgeschaefte\/detail?ges=e8c916da095f4fcc85f48be68b9c3980&amp;back=1&amp;geschaeftsnr=A%20990&amp;art=-0-1-2-3&amp;bart=-0-1-2-3-4&amp;vart=-0-1-2-3&amp;wart=1&amp;gart=1&amp;status=-0-1\" target=\"_blank\" rel=\"noopener\"><img loading=\"lazy\" decoding=\"async\" class=\" wp-image-4557 alignright\" src=\"http:\/\/peter-faessler.spschweiz.ch\/wp-content\/uploads\/sites\/15\/2022\/03\/th-300x199.jpg\" alt=\"\" width=\"164\" height=\"109\" srcset=\"https:\/\/peter-faessler.spschweiz.ch\/wp-content\/uploads\/sites\/15\/2022\/03\/th-300x199.jpg 300w, https:\/\/peter-faessler.spschweiz.ch\/wp-content\/uploads\/sites\/15\/2022\/03\/th-150x100.jpg 150w, https:\/\/peter-faessler.spschweiz.ch\/wp-content\/uploads\/sites\/15\/2022\/03\/th.jpg 474w\" sizes=\"auto, (max-width: 164px) 100vw, 164px\" \/>A 990<\/a> Anfrage Frye Urban und Mit. \u00fcber die massiven Beschwerden von in der Marienburg in Wikon untergebrachten aus der Ukraine gefl\u00fcchteten Personen<\/strong><br \/>\nGesundheits- und Sozialdepartement<br \/>\nDie Anfrage wurde vom Regierungsrat schriftlich beantwortet. Der Anfragende ist mit der Antwort nicht zufrieden. Diskussion.<\/p>\n<p><strong><a href=\"https:\/\/www.lu.ch\/kr\/parlamentsgeschaefte\/detail?ges=52c3f24bbb2e4d8ab8a7aeb14122b87c&amp;back=1&amp;geschaeftsnr=P%20992&amp;art=-0-1-2-3&amp;bart=-0-1-2-3-4&amp;vart=-0-1-2-3&amp;wart=1&amp;gart=1&amp;status=-0-1\" target=\"_blank\" rel=\"noopener\">P 992<\/a> Postulat Muff Sara und Mit. \u00fcber tempor\u00e4re \u00f6V-Verg\u00fcnstigungen<\/strong><br \/>\nGesundheits- und Sozialdepartement<br \/>\nAntrag Regierungsrat: Ablehnung<br \/>\n<strong>Beschluss Kantonsrat: Ablehnung<\/strong><\/p>\n<p><strong><a href=\"https:\/\/www.lu.ch\/kr\/parlamentsgeschaefte\/detail?ges=85e5ee19210e470ba488420995c8abae&amp;back=1&amp;geschaeftsnr=A%20994&amp;art=-0-1-2-3&amp;bart=-0-1-2-3-4&amp;vart=-0-1-2-3&amp;wart=1&amp;gart=1&amp;status=-0-1\" target=\"_blank\" rel=\"noopener\">A 994<\/a> Anfrage Betschen Stephan und Mit. \u00fcber die Ukraine-Fl\u00fcchtlingskrise und den in diesem Zusammenhang bestehenden Unklarheiten der Zust\u00e4ndigkeiten und Bef\u00fcrchtungen in den Luzerner Gemeinden<\/strong><br \/>\nGesundheits- und Sozialdepartement<br \/>\nDie Anfrage wurde vom Regierungsrat schriftlich beantwortet. Der Anfragende ist mit der Antwort teilweise zufrieden. Diskussion.<\/p>\n<p><strong><a href=\"https:\/\/www.lu.ch\/kr\/parlamentsgeschaefte\/detail?ges=0a16c2c035784f2e81f799f4536a6d25&amp;back=1&amp;geschaeftsnr=P%20995&amp;art=-0-1-2-3&amp;bart=-0-1-2-3-4&amp;vart=-0-1-2-3&amp;wart=1&amp;gart=1&amp;status=-0-1\" target=\"_blank\" rel=\"noopener\">P 995<\/a> Postulat Budmiger Marcel und Mit. \u00fcber eine faire Ersatzabgabe f\u00fcr Gemeinden mit zu wenig Unterbringungspl\u00e4tzen im Asylbereich<\/strong><br \/>\nGesundheits- und Sozialdepartement<br \/>\nAntrag Regierungsrat: Teilweise Erheblicherkl\u00e4rung<br \/>\n<strong>Beschluss Kantonsrat: Teilweise Erheblicherkl\u00e4rung<\/strong><\/p>\n<p>Danach werden weiter die<\/p>\n<h3>Botschaften beraten<\/h3>\n<ol start=\"12\">\n<li><strong><a href=\"https:\/\/www.lu.ch\/kr\/parlamentsgeschaefte\/detail?ges=33c0fbd905bc4a6983dd555f3edbc807&amp;back=1&amp;geschaeftsnr=B%20128&amp;art=-0-1-2-3&amp;bart=-0-1-2-3-4&amp;vart=-0-1-2-3&amp;wart=1&amp;gart=1&amp;status=-0-1\" target=\"_blank\" rel=\"noopener\">B 128 A<\/a> Aufgaben- und Finanzplan (AFP) 2023\u20132026; mit Entwurf des Voranschlags 2023 &#8211; Kantonsratsbeschluss \u00fcber den Aufgaben- und Finanzplan 2023\u20132026 des Kantons Luzern<\/strong><br \/>\nFinanzdepartement<br \/>\nPlanungs- und Finanzkommission<\/li>\n<\/ol>\n<p><strong>Beschluss Kantonsrat: Ablehnung mit 101 zu 5 Stimmen.<img loading=\"lazy\" decoding=\"async\" class=\"size-medium wp-image-3438 alignright\" src=\"http:\/\/peter-faessler.spschweiz.ch\/wp-content\/uploads\/sites\/15\/2020\/10\/Geld-142x300.jpg\" alt=\"\" width=\"142\" height=\"300\" srcset=\"https:\/\/peter-faessler.spschweiz.ch\/wp-content\/uploads\/sites\/15\/2020\/10\/Geld-142x300.jpg 142w, https:\/\/peter-faessler.spschweiz.ch\/wp-content\/uploads\/sites\/15\/2020\/10\/Geld-485x1024.jpg 485w, https:\/\/peter-faessler.spschweiz.ch\/wp-content\/uploads\/sites\/15\/2020\/10\/Geld-71x150.jpg 71w, https:\/\/peter-faessler.spschweiz.ch\/wp-content\/uploads\/sites\/15\/2020\/10\/Geld-768x1623.jpg 768w, https:\/\/peter-faessler.spschweiz.ch\/wp-content\/uploads\/sites\/15\/2020\/10\/Geld-727x1536.jpg 727w, https:\/\/peter-faessler.spschweiz.ch\/wp-content\/uploads\/sites\/15\/2020\/10\/Geld-969x2048.jpg 969w, https:\/\/peter-faessler.spschweiz.ch\/wp-content\/uploads\/sites\/15\/2020\/10\/Geld-scaled.jpg 1211w\" sizes=\"auto, (max-width: 142px) 100vw, 142px\" \/><\/strong><\/p>\n<ol start=\"13\">\n<li><strong><a href=\"https:\/\/www.lu.ch\/kr\/parlamentsgeschaefte\/detail?ges=33c0fbd905bc4a6983dd555f3edbc807&amp;back=1&amp;geschaeftsnr=B%20128&amp;art=-0-1-2-3&amp;bart=-0-1-2-3-4&amp;vart=-0-1-2-3&amp;wart=1&amp;gart=1&amp;status=-0-1\" target=\"_blank\" rel=\"noopener\">B 128 B<\/a> Aufgaben- und Finanzplan (AFP) 2023\u20132026; mit Entwurf des Voranschlags 2023 &#8211; Kantonsratsbeschluss \u00fcber den Voranschlag 2023 des Kantons Luzern<\/strong><br \/>\nFinanzdepartement<br \/>\nPlanungs- und Finanzkommission<\/li>\n<\/ol>\n<p><strong>Beschluss Kantonsrat: Zustimmung mit 86 zu 22 Stimmen.<\/strong><\/p>\n<ol start=\"14\">\n<li><strong><a href=\"https:\/\/www.lu.ch\/kr\/parlamentsgeschaefte\/detail?ges=33c0fbd905bc4a6983dd555f3edbc807&amp;back=1&amp;geschaeftsnr=B%20128&amp;art=-0-1-2-3&amp;bart=-0-1-2-3-4&amp;vart=-0-1-2-3&amp;wart=1&amp;gart=1&amp;status=-0-1\" target=\"_blank\" rel=\"noopener\">B 128 C<\/a> Aufgaben- und Finanzplan (AFP) 2023\u20132026; mit Entwurf des Voranschlags 2023 &#8211; Kantonsratsbeschluss \u00fcber die Festsetzung des Steuerfusses f\u00fcr die Staatssteuern im Jahr 2023<\/strong><br \/>\nFinanzdepartement<br \/>\nPlanungs- und Finanzkommission<\/li>\n<\/ol>\n<p><strong>Beschluss Kantonsrat: Zustimmung mit 110 zu 0 Stimmen.<\/strong><\/p>\n","protected":false},"excerpt":{"rendered":"<p>Zweiter Sessionstag vom 25. Oktober 2022 Seit der Mai-Session 2022 trifft sich der Luzerner Kantonsrat wieder\u00a0 im Regierungsgeb\u00e4ude in Luzern. Hier die Sitzordnung. Hier geht&#8230;<\/p>\n","protected":false},"author":19,"featured_media":4650,"comment_status":"open","ping_status":"open","sticky":false,"template":"","format":"standard","meta":{"footnotes":""},"categories":[22,23,30,21,25,127,128],"tags":[8,9,16,26,31,7,10,15],"class_list":["post-4921","post","type-post","status-publish","format-standard","has-post-thumbnail","hentry","category-kantonsrat-luzern","category-kantonsratsession","category-parlament","category-politik","category-session-kantonsrat-luzern","category-sp-kanton-luzern","category-sp-kantonsratsfraktion","tag-kanton-luzern","tag-kantonsrat","tag-kantonsrat-kanton-luzern","tag-kantonsratssession","tag-parlament","tag-politik","tag-session","tag-sp"],"yoast_head":"<!-- This site is optimized with the Yoast SEO plugin v27.5 - https:\/\/yoast.com\/product\/yoast-seo-wordpress\/ -->\n<title>Oktober-Session 2022 des Luzerner Kantonsrats vom 24., 25. und 31. Oktober 2022, 2. Sessionstag vom 25.10.2022 - Peter F\u00e4ssler<\/title>\n<meta name=\"robots\" content=\"index, follow, max-snippet:-1, max-image-preview:large, max-video-preview:-1\" \/>\n<link rel=\"canonical\" href=\"https:\/\/peter-faessler.spschweiz.ch\/?p=4921\" \/>\n<meta property=\"og:locale\" content=\"de_DE\" \/>\n<meta property=\"og:type\" content=\"article\" \/>\n<meta property=\"og:title\" content=\"Oktober-Session 2022 des Luzerner Kantonsrats vom 24., 25. und 31. Oktober 2022, 2. Sessionstag vom 25.10.2022 - Peter F\u00e4ssler\" \/>\n<meta property=\"og:description\" content=\"Zweiter Sessionstag vom 25. Oktober 2022 Seit der Mai-Session 2022 trifft sich der Luzerner Kantonsrat wieder\u00a0 im Regierungsgeb\u00e4ude in Luzern. Hier die Sitzordnung. Hier geht...\" \/>\n<meta property=\"og:url\" content=\"https:\/\/peter-faessler.spschweiz.ch\/?p=4921\" \/>\n<meta property=\"og:site_name\" content=\"Peter F\u00e4ssler\" \/>\n<meta property=\"article:author\" content=\"www.facebook.com\/peter.fassler.31\" \/>\n<meta property=\"article:published_time\" content=\"2022-10-25T13:21:06+00:00\" \/>\n<meta property=\"article:modified_time\" content=\"2022-10-31T14:07:43+00:00\" \/>\n<meta property=\"og:image\" content=\"http:\/\/peter-faessler.spschweiz.ch\/wp-content\/uploads\/sites\/15\/2022\/05\/RR-Geb.jpg\" \/>\n\t<meta property=\"og:image:width\" content=\"281\" \/>\n\t<meta property=\"og:image:height\" content=\"179\" \/>\n\t<meta property=\"og:image:type\" content=\"image\/jpeg\" \/>\n<meta name=\"author\" content=\"Peter F\u00e4ssler\" \/>\n<meta name=\"twitter:label1\" content=\"Verfasst von\" \/>\n\t<meta name=\"twitter:data1\" content=\"Peter F\u00e4ssler\" \/>\n\t<meta name=\"twitter:label2\" content=\"Gesch\u00e4tzte Lesezeit\" \/>\n\t<meta name=\"twitter:data2\" content=\"3\u00a0Minuten\" \/>\n<script type=\"application\/ld+json\" class=\"yoast-schema-graph\">{\"@context\":\"https:\\\/\\\/schema.org\",\"@graph\":[{\"@type\":\"Article\",\"@id\":\"https:\\\/\\\/peter-faessler.spschweiz.ch\\\/?p=4921#article\",\"isPartOf\":{\"@id\":\"https:\\\/\\\/peter-faessler.spschweiz.ch\\\/?p=4921\"},\"author\":{\"name\":\"Peter F\u00e4ssler\",\"@id\":\"https:\\\/\\\/peter-faessler.spschweiz.ch\\\/#\\\/schema\\\/person\\\/7ac2f764b1930b731c670e8a2393b60e\"},\"headline\":\"Oktober-Session 2022 des Luzerner Kantonsrats vom 24., 25. und 31. Oktober 2022, 2. Sessionstag vom 25.10.2022\",\"datePublished\":\"2022-10-25T13:21:06+00:00\",\"dateModified\":\"2022-10-31T14:07:43+00:00\",\"mainEntityOfPage\":{\"@id\":\"https:\\\/\\\/peter-faessler.spschweiz.ch\\\/?p=4921\"},\"wordCount\":402,\"commentCount\":0,\"image\":{\"@id\":\"https:\\\/\\\/peter-faessler.spschweiz.ch\\\/?p=4921#primaryimage\"},\"thumbnailUrl\":\"https:\\\/\\\/peter-faessler.spschweiz.ch\\\/wp-content\\\/uploads\\\/sites\\\/15\\\/2022\\\/05\\\/RR-Geb.jpg\",\"keywords\":[\"Kanton Luzern\",\"Kantonsrat\",\"Kantonsrat Kanton Luzern\",\"Kantonsratssession\",\"Parlament\",\"Politik\",\"Session\",\"SP\"],\"articleSection\":[\"Kantonsrat Luzern\",\"Kantonsratsession\",\"Parlament\",\"Politik\",\"Session Kantonsrat Luzern\",\"SP Kanton Luzern\",\"SP Kantonsratsfraktion\"],\"inLanguage\":\"de\",\"potentialAction\":[{\"@type\":\"CommentAction\",\"name\":\"Comment\",\"target\":[\"https:\\\/\\\/peter-faessler.spschweiz.ch\\\/?p=4921#respond\"]}]},{\"@type\":\"WebPage\",\"@id\":\"https:\\\/\\\/peter-faessler.spschweiz.ch\\\/?p=4921\",\"url\":\"https:\\\/\\\/peter-faessler.spschweiz.ch\\\/?p=4921\",\"name\":\"Oktober-Session 2022 des Luzerner Kantonsrats vom 24., 25. und 31. Oktober 2022, 2. Sessionstag vom 25.10.2022 - Peter F\u00e4ssler\",\"isPartOf\":{\"@id\":\"https:\\\/\\\/peter-faessler.spschweiz.ch\\\/#website\"},\"primaryImageOfPage\":{\"@id\":\"https:\\\/\\\/peter-faessler.spschweiz.ch\\\/?p=4921#primaryimage\"},\"image\":{\"@id\":\"https:\\\/\\\/peter-faessler.spschweiz.ch\\\/?p=4921#primaryimage\"},\"thumbnailUrl\":\"https:\\\/\\\/peter-faessler.spschweiz.ch\\\/wp-content\\\/uploads\\\/sites\\\/15\\\/2022\\\/05\\\/RR-Geb.jpg\",\"datePublished\":\"2022-10-25T13:21:06+00:00\",\"dateModified\":\"2022-10-31T14:07:43+00:00\",\"author\":{\"@id\":\"https:\\\/\\\/peter-faessler.spschweiz.ch\\\/#\\\/schema\\\/person\\\/7ac2f764b1930b731c670e8a2393b60e\"},\"breadcrumb\":{\"@id\":\"https:\\\/\\\/peter-faessler.spschweiz.ch\\\/?p=4921#breadcrumb\"},\"inLanguage\":\"de\",\"potentialAction\":[{\"@type\":\"ReadAction\",\"target\":[\"https:\\\/\\\/peter-faessler.spschweiz.ch\\\/?p=4921\"]}]},{\"@type\":\"ImageObject\",\"inLanguage\":\"de\",\"@id\":\"https:\\\/\\\/peter-faessler.spschweiz.ch\\\/?p=4921#primaryimage\",\"url\":\"https:\\\/\\\/peter-faessler.spschweiz.ch\\\/wp-content\\\/uploads\\\/sites\\\/15\\\/2022\\\/05\\\/RR-Geb.jpg\",\"contentUrl\":\"https:\\\/\\\/peter-faessler.spschweiz.ch\\\/wp-content\\\/uploads\\\/sites\\\/15\\\/2022\\\/05\\\/RR-Geb.jpg\",\"width\":281,\"height\":179,\"caption\":\"Bild: Kanton Luzern\"},{\"@type\":\"BreadcrumbList\",\"@id\":\"https:\\\/\\\/peter-faessler.spschweiz.ch\\\/?p=4921#breadcrumb\",\"itemListElement\":[{\"@type\":\"ListItem\",\"position\":1,\"name\":\"Startseite\",\"item\":\"https:\\\/\\\/peter-faessler.spschweiz.ch\\\/\"},{\"@type\":\"ListItem\",\"position\":2,\"name\":\"Oktober-Session 2022 des Luzerner Kantonsrats vom 24., 25. und 31. Oktober 2022, 2. Sessionstag vom 25.10.2022\"}]},{\"@type\":\"WebSite\",\"@id\":\"https:\\\/\\\/peter-faessler.spschweiz.ch\\\/#website\",\"url\":\"https:\\\/\\\/peter-faessler.spschweiz.ch\\\/\",\"name\":\"Peter F\u00e4ssler\",\"description\":\"SP Kantonsrat Kanton Luzern\",\"potentialAction\":[{\"@type\":\"SearchAction\",\"target\":{\"@type\":\"EntryPoint\",\"urlTemplate\":\"https:\\\/\\\/peter-faessler.spschweiz.ch\\\/?s={search_term_string}\"},\"query-input\":{\"@type\":\"PropertyValueSpecification\",\"valueRequired\":true,\"valueName\":\"search_term_string\"}}],\"inLanguage\":\"de\"},{\"@type\":\"Person\",\"@id\":\"https:\\\/\\\/peter-faessler.spschweiz.ch\\\/#\\\/schema\\\/person\\\/7ac2f764b1930b731c670e8a2393b60e\",\"name\":\"Peter F\u00e4ssler\",\"image\":{\"@type\":\"ImageObject\",\"inLanguage\":\"de\",\"@id\":\"https:\\\/\\\/secure.gravatar.com\\\/avatar\\\/9da8604da19b11812517d76f206166d47c5e180a26df2de36b8649168e128572?s=96&d=blank&r=g\",\"url\":\"https:\\\/\\\/secure.gravatar.com\\\/avatar\\\/9da8604da19b11812517d76f206166d47c5e180a26df2de36b8649168e128572?s=96&d=blank&r=g\",\"contentUrl\":\"https:\\\/\\\/secure.gravatar.com\\\/avatar\\\/9da8604da19b11812517d76f206166d47c5e180a26df2de36b8649168e128572?s=96&d=blank&r=g\",\"caption\":\"Peter F\u00e4ssler\"},\"description\":\"Peter F\u00e4ssler Schibiweg 7 6006 Luzern\",\"sameAs\":[\"www.facebook.com\\\/peter.fassler.31\",\"https:\\\/\\\/www.instagram.com\\\/peter.fassler.31\\\/\",\"https:\\\/\\\/www.linkedin.com\\\/in\\\/peter-fssler-2518a782\\\/\",\"https:\\\/\\\/x.com\\\/pfaessler56\"],\"url\":\"https:\\\/\\\/peter-faessler.spschweiz.ch\\\/?author=19\"}]}<\/script>\n<!-- \/ Yoast SEO plugin. -->","yoast_head_json":{"title":"Oktober-Session 2022 des Luzerner Kantonsrats vom 24., 25. und 31. Oktober 2022, 2. Sessionstag vom 25.10.2022 - Peter F\u00e4ssler","robots":{"index":"index","follow":"follow","max-snippet":"max-snippet:-1","max-image-preview":"max-image-preview:large","max-video-preview":"max-video-preview:-1"},"canonical":"https:\/\/peter-faessler.spschweiz.ch\/?p=4921","og_locale":"de_DE","og_type":"article","og_title":"Oktober-Session 2022 des Luzerner Kantonsrats vom 24., 25. und 31. Oktober 2022, 2. Sessionstag vom 25.10.2022 - Peter F\u00e4ssler","og_description":"Zweiter Sessionstag vom 25. Oktober 2022 Seit der Mai-Session 2022 trifft sich der Luzerner Kantonsrat wieder\u00a0 im Regierungsgeb\u00e4ude in Luzern. Hier die Sitzordnung. Hier geht...","og_url":"https:\/\/peter-faessler.spschweiz.ch\/?p=4921","og_site_name":"Peter F\u00e4ssler","article_author":"www.facebook.com\/peter.fassler.31","article_published_time":"2022-10-25T13:21:06+00:00","article_modified_time":"2022-10-31T14:07:43+00:00","og_image":[{"width":281,"height":179,"url":"http:\/\/peter-faessler.spschweiz.ch\/wp-content\/uploads\/sites\/15\/2022\/05\/RR-Geb.jpg","type":"image\/jpeg"}],"author":"Peter F\u00e4ssler","twitter_misc":{"Verfasst von":"Peter F\u00e4ssler","Gesch\u00e4tzte Lesezeit":"3\u00a0Minuten"},"schema":{"@context":"https:\/\/schema.org","@graph":[{"@type":"Article","@id":"https:\/\/peter-faessler.spschweiz.ch\/?p=4921#article","isPartOf":{"@id":"https:\/\/peter-faessler.spschweiz.ch\/?p=4921"},"author":{"name":"Peter F\u00e4ssler","@id":"https:\/\/peter-faessler.spschweiz.ch\/#\/schema\/person\/7ac2f764b1930b731c670e8a2393b60e"},"headline":"Oktober-Session 2022 des Luzerner Kantonsrats vom 24., 25. und 31. Oktober 2022, 2. Sessionstag vom 25.10.2022","datePublished":"2022-10-25T13:21:06+00:00","dateModified":"2022-10-31T14:07:43+00:00","mainEntityOfPage":{"@id":"https:\/\/peter-faessler.spschweiz.ch\/?p=4921"},"wordCount":402,"commentCount":0,"image":{"@id":"https:\/\/peter-faessler.spschweiz.ch\/?p=4921#primaryimage"},"thumbnailUrl":"https:\/\/peter-faessler.spschweiz.ch\/wp-content\/uploads\/sites\/15\/2022\/05\/RR-Geb.jpg","keywords":["Kanton Luzern","Kantonsrat","Kantonsrat Kanton Luzern","Kantonsratssession","Parlament","Politik","Session","SP"],"articleSection":["Kantonsrat Luzern","Kantonsratsession","Parlament","Politik","Session Kantonsrat Luzern","SP Kanton Luzern","SP Kantonsratsfraktion"],"inLanguage":"de","potentialAction":[{"@type":"CommentAction","name":"Comment","target":["https:\/\/peter-faessler.spschweiz.ch\/?p=4921#respond"]}]},{"@type":"WebPage","@id":"https:\/\/peter-faessler.spschweiz.ch\/?p=4921","url":"https:\/\/peter-faessler.spschweiz.ch\/?p=4921","name":"Oktober-Session 2022 des Luzerner Kantonsrats vom 24., 25. und 31. Oktober 2022, 2. Sessionstag vom 25.10.2022 - Peter F\u00e4ssler","isPartOf":{"@id":"https:\/\/peter-faessler.spschweiz.ch\/#website"},"primaryImageOfPage":{"@id":"https:\/\/peter-faessler.spschweiz.ch\/?p=4921#primaryimage"},"image":{"@id":"https:\/\/peter-faessler.spschweiz.ch\/?p=4921#primaryimage"},"thumbnailUrl":"https:\/\/peter-faessler.spschweiz.ch\/wp-content\/uploads\/sites\/15\/2022\/05\/RR-Geb.jpg","datePublished":"2022-10-25T13:21:06+00:00","dateModified":"2022-10-31T14:07:43+00:00","author":{"@id":"https:\/\/peter-faessler.spschweiz.ch\/#\/schema\/person\/7ac2f764b1930b731c670e8a2393b60e"},"breadcrumb":{"@id":"https:\/\/peter-faessler.spschweiz.ch\/?p=4921#breadcrumb"},"inLanguage":"de","potentialAction":[{"@type":"ReadAction","target":["https:\/\/peter-faessler.spschweiz.ch\/?p=4921"]}]},{"@type":"ImageObject","inLanguage":"de","@id":"https:\/\/peter-faessler.spschweiz.ch\/?p=4921#primaryimage","url":"https:\/\/peter-faessler.spschweiz.ch\/wp-content\/uploads\/sites\/15\/2022\/05\/RR-Geb.jpg","contentUrl":"https:\/\/peter-faessler.spschweiz.ch\/wp-content\/uploads\/sites\/15\/2022\/05\/RR-Geb.jpg","width":281,"height":179,"caption":"Bild: Kanton Luzern"},{"@type":"BreadcrumbList","@id":"https:\/\/peter-faessler.spschweiz.ch\/?p=4921#breadcrumb","itemListElement":[{"@type":"ListItem","position":1,"name":"Startseite","item":"https:\/\/peter-faessler.spschweiz.ch\/"},{"@type":"ListItem","position":2,"name":"Oktober-Session 2022 des Luzerner Kantonsrats vom 24., 25. und 31. Oktober 2022, 2. Sessionstag vom 25.10.2022"}]},{"@type":"WebSite","@id":"https:\/\/peter-faessler.spschweiz.ch\/#website","url":"https:\/\/peter-faessler.spschweiz.ch\/","name":"Peter F\u00e4ssler","description":"SP Kantonsrat Kanton Luzern","potentialAction":[{"@type":"SearchAction","target":{"@type":"EntryPoint","urlTemplate":"https:\/\/peter-faessler.spschweiz.ch\/?s={search_term_string}"},"query-input":{"@type":"PropertyValueSpecification","valueRequired":true,"valueName":"search_term_string"}}],"inLanguage":"de"},{"@type":"Person","@id":"https:\/\/peter-faessler.spschweiz.ch\/#\/schema\/person\/7ac2f764b1930b731c670e8a2393b60e","name":"Peter F\u00e4ssler","image":{"@type":"ImageObject","inLanguage":"de","@id":"https:\/\/secure.gravatar.com\/avatar\/9da8604da19b11812517d76f206166d47c5e180a26df2de36b8649168e128572?s=96&d=blank&r=g","url":"https:\/\/secure.gravatar.com\/avatar\/9da8604da19b11812517d76f206166d47c5e180a26df2de36b8649168e128572?s=96&d=blank&r=g","contentUrl":"https:\/\/secure.gravatar.com\/avatar\/9da8604da19b11812517d76f206166d47c5e180a26df2de36b8649168e128572?s=96&d=blank&r=g","caption":"Peter F\u00e4ssler"},"description":"Peter F\u00e4ssler Schibiweg 7 6006 Luzern","sameAs":["www.facebook.com\/peter.fassler.31","https:\/\/www.instagram.com\/peter.fassler.31\/","https:\/\/www.linkedin.com\/in\/peter-fssler-2518a782\/","https:\/\/x.com\/pfaessler56"],"url":"https:\/\/peter-faessler.spschweiz.ch\/?author=19"}]}},"_links":{"self":[{"href":"https:\/\/peter-faessler.spschweiz.ch\/index.php?rest_route=\/wp\/v2\/posts\/4921","targetHints":{"allow":["GET"]}}],"collection":[{"href":"https:\/\/peter-faessler.spschweiz.ch\/index.php?rest_route=\/wp\/v2\/posts"}],"about":[{"href":"https:\/\/peter-faessler.spschweiz.ch\/index.php?rest_route=\/wp\/v2\/types\/post"}],"author":[{"embeddable":true,"href":"https:\/\/peter-faessler.spschweiz.ch\/index.php?rest_route=\/wp\/v2\/users\/19"}],"replies":[{"embeddable":true,"href":"https:\/\/peter-faessler.spschweiz.ch\/index.php?rest_route=%2Fwp%2Fv2%2Fcomments&post=4921"}],"version-history":[{"count":14,"href":"https:\/\/peter-faessler.spschweiz.ch\/index.php?rest_route=\/wp\/v2\/posts\/4921\/revisions"}],"predecessor-version":[{"id":4967,"href":"https:\/\/peter-faessler.spschweiz.ch\/index.php?rest_route=\/wp\/v2\/posts\/4921\/revisions\/4967"}],"wp:featuredmedia":[{"embeddable":true,"href":"https:\/\/peter-faessler.spschweiz.ch\/index.php?rest_route=\/wp\/v2\/media\/4650"}],"wp:attachment":[{"href":"https:\/\/peter-faessler.spschweiz.ch\/index.php?rest_route=%2Fwp%2Fv2%2Fmedia&parent=4921"}],"wp:term":[{"taxonomy":"category","embeddable":true,"href":"https:\/\/peter-faessler.spschweiz.ch\/index.php?rest_route=%2Fwp%2Fv2%2Fcategories&post=4921"},{"taxonomy":"post_tag","embeddable":true,"href":"https:\/\/peter-faessler.spschweiz.ch\/index.php?rest_route=%2Fwp%2Fv2%2Ftags&post=4921"}],"curies":[{"name":"wp","href":"https:\/\/api.w.org\/{rel}","templated":true}]}}