{"id":4979,"date":"2022-11-16T21:25:06","date_gmt":"2022-11-16T20:25:06","guid":{"rendered":"https:\/\/peter-faessler.spschweiz.ch\/?p=4979"},"modified":"2022-11-16T21:26:19","modified_gmt":"2022-11-16T20:26:19","slug":"ihz-anlass-politik-und-wirtschaft-im-dialog","status":"publish","type":"post","link":"https:\/\/peter-faessler.spschweiz.ch\/?p=4979","title":{"rendered":"IHZ-Anlass &#8222;Politik und Wirtschaft im Dialog&#8220;"},"content":{"rendered":"<div class=\"u-gap-top-zero u-gap-bottom-small\">\n<div class=\"c-lead \">\n<div id=\"attachment_4982\" style=\"width: 310px\" class=\"wp-caption alignright\"><img loading=\"lazy\" decoding=\"async\" aria-describedby=\"caption-attachment-4982\" class=\"size-medium wp-image-4982\" src=\"http:\/\/peter-faessler.spschweiz.ch\/wp-content\/uploads\/sites\/15\/2022\/11\/Unbenannt-300x198.png\" alt=\"\" width=\"300\" height=\"198\" srcset=\"https:\/\/peter-faessler.spschweiz.ch\/wp-content\/uploads\/sites\/15\/2022\/11\/Unbenannt-300x198.png 300w, https:\/\/peter-faessler.spschweiz.ch\/wp-content\/uploads\/sites\/15\/2022\/11\/Unbenannt-150x99.png 150w, https:\/\/peter-faessler.spschweiz.ch\/wp-content\/uploads\/sites\/15\/2022\/11\/Unbenannt-768x508.png 768w, https:\/\/peter-faessler.spschweiz.ch\/wp-content\/uploads\/sites\/15\/2022\/11\/Unbenannt.png 1001w\" sizes=\"auto, (max-width: 300px) 100vw, 300px\" \/><p id=\"caption-attachment-4982\" class=\"wp-caption-text\">Bild: IHZ<\/p><\/div>\n<div id=\"attachment_4983\" style=\"width: 310px\" class=\"wp-caption alignleft\"><img loading=\"lazy\" decoding=\"async\" aria-describedby=\"caption-attachment-4983\" class=\"size-medium wp-image-4983\" src=\"http:\/\/peter-faessler.spschweiz.ch\/wp-content\/uploads\/sites\/15\/2022\/11\/Unbenannt2-300x199.png\" alt=\"\" width=\"300\" height=\"199\" srcset=\"https:\/\/peter-faessler.spschweiz.ch\/wp-content\/uploads\/sites\/15\/2022\/11\/Unbenannt2-300x199.png 300w, https:\/\/peter-faessler.spschweiz.ch\/wp-content\/uploads\/sites\/15\/2022\/11\/Unbenannt2-150x100.png 150w, https:\/\/peter-faessler.spschweiz.ch\/wp-content\/uploads\/sites\/15\/2022\/11\/Unbenannt2-768x510.png 768w, https:\/\/peter-faessler.spschweiz.ch\/wp-content\/uploads\/sites\/15\/2022\/11\/Unbenannt2.png 996w\" sizes=\"auto, (max-width: 300px) 100vw, 300px\" \/><p id=\"caption-attachment-4983\" class=\"wp-caption-text\">Bild: IHZ<\/p><\/div>\n<p>Am 14. November 2022 besuchte ich in Stans die diesj\u00e4hrige Ausgabe des Anlasses &#8222;Politik &amp; Wirtschaft im Dialog&#8220; der Industrie- und Handelskammer Zentralschweiz IHZ.\u00a0 Mit weiteren Vertreterinnen und Vertretern aus Zentralschweizer Wirtschaft und Politik sass ich im Landratssaal und h\u00f6rte den Referaten und Diskussionen zum allgegenw\u00e4rtigen Thema Fachkr\u00e4ftemangel zu. Beim anschliessenden Lunch im Hotel Engel gab es interessante Diskussionen.<\/p>\n<p>Hier der <a href=\"https:\/\/www.ihz.ch\/news\/artikel\/politik-and-wirtschaft-im-dialog-2022\/\" target=\"_blank\" rel=\"noopener\">Link zur Veranstaltung<\/a>.<\/p>\n<\/div>\n<\/div>\n<div class=\"u-gap-top-zero u-gap-bottom-default\">\n<div class=\"c-news__yawave\">\n<div class=\"bee-page-container\">\n<div class=\"bee-row bee-row-1\">\n<div class=\"bee-row-content\">\n<div class=\"bee-col bee-col-1 bee-col-w12\">\n<div class=\"bee-block bee-block-1 bee-text\">\n<div class=\"bee-text-content\">\n<p>&nbsp;<\/p>\n<\/div>\n<\/div>\n<\/div>\n<\/div>\n<\/div>\n<\/div>\n<\/div>\n<\/div>\n","protected":false},"excerpt":{"rendered":"<p>Am 14. November 2022 besuchte ich in Stans die diesj\u00e4hrige Ausgabe des Anlasses &#8222;Politik &amp; Wirtschaft im Dialog&#8220; der Industrie- und Handelskammer Zentralschweiz IHZ.\u00a0 Mit&#8230;<\/p>\n","protected":false},"author":19,"featured_media":4982,"comment_status":"open","ping_status":"open","sticky":false,"template":"","format":"standard","meta":{"footnotes":""},"categories":[104,22,30,21,74],"tags":[151,150,16,31,7,15,152],"class_list":["post-4979","post","type-post","status-publish","format-standard","has-post-thumbnail","hentry","category-arbeit","category-kantonsrat-luzern","category-parlament","category-politik","category-veranstaltungen","tag-fachkraeftemangel","tag-ihz-industrie-und-handelskammer-zentralschweiz","tag-kantonsrat-kanton-luzern","tag-parlament","tag-politik","tag-sp","tag-stans"],"yoast_head":"<!-- This site is optimized with the Yoast SEO plugin v27.5 - https:\/\/yoast.com\/product\/yoast-seo-wordpress\/ -->\n<title>IHZ-Anlass &quot;Politik und Wirtschaft im Dialog&quot; - Peter F\u00e4ssler<\/title>\n<meta name=\"description\" content=\"IHZ-Anlass &quot;Politik und Wirtschaft im Dialog&quot;\" \/>\n<meta name=\"robots\" content=\"index, follow, max-snippet:-1, max-image-preview:large, max-video-preview:-1\" \/>\n<link rel=\"canonical\" href=\"https:\/\/peter-faessler.spschweiz.ch\/?p=4979\" \/>\n<meta property=\"og:locale\" content=\"de_DE\" \/>\n<meta property=\"og:type\" content=\"article\" \/>\n<meta property=\"og:title\" content=\"IHZ-Anlass &quot;Politik und Wirtschaft im Dialog&quot; - Peter F\u00e4ssler\" \/>\n<meta property=\"og:description\" content=\"IHZ-Anlass &quot;Politik und Wirtschaft im Dialog&quot;\" \/>\n<meta property=\"og:url\" content=\"https:\/\/peter-faessler.spschweiz.ch\/?p=4979\" \/>\n<meta property=\"og:site_name\" content=\"Peter F\u00e4ssler\" \/>\n<meta property=\"article:author\" content=\"www.facebook.com\/peter.fassler.31\" \/>\n<meta property=\"article:published_time\" content=\"2022-11-16T20:25:06+00:00\" \/>\n<meta property=\"article:modified_time\" content=\"2022-11-16T20:26:19+00:00\" \/>\n<meta property=\"og:image\" content=\"http:\/\/peter-faessler.spschweiz.ch\/wp-content\/uploads\/sites\/15\/2022\/11\/Unbenannt.png\" \/>\n\t<meta property=\"og:image:width\" content=\"1001\" \/>\n\t<meta property=\"og:image:height\" content=\"662\" \/>\n\t<meta property=\"og:image:type\" content=\"image\/png\" \/>\n<meta name=\"author\" content=\"Peter F\u00e4ssler\" \/>\n<meta name=\"twitter:label1\" content=\"Verfasst von\" \/>\n\t<meta name=\"twitter:data1\" content=\"Peter F\u00e4ssler\" \/>\n\t<meta name=\"twitter:label2\" content=\"Gesch\u00e4tzte Lesezeit\" \/>\n\t<meta name=\"twitter:data2\" content=\"1\u00a0Minute\" \/>\n<script type=\"application\/ld+json\" class=\"yoast-schema-graph\">{\"@context\":\"https:\\\/\\\/schema.org\",\"@graph\":[{\"@type\":\"Article\",\"@id\":\"https:\\\/\\\/peter-faessler.spschweiz.ch\\\/?p=4979#article\",\"isPartOf\":{\"@id\":\"https:\\\/\\\/peter-faessler.spschweiz.ch\\\/?p=4979\"},\"author\":{\"name\":\"Peter F\u00e4ssler\",\"@id\":\"https:\\\/\\\/peter-faessler.spschweiz.ch\\\/#\\\/schema\\\/person\\\/7ac2f764b1930b731c670e8a2393b60e\"},\"headline\":\"IHZ-Anlass &#8222;Politik und Wirtschaft im Dialog&#8220;\",\"datePublished\":\"2022-11-16T20:25:06+00:00\",\"dateModified\":\"2022-11-16T20:26:19+00:00\",\"mainEntityOfPage\":{\"@id\":\"https:\\\/\\\/peter-faessler.spschweiz.ch\\\/?p=4979\"},\"wordCount\":91,\"commentCount\":0,\"image\":{\"@id\":\"https:\\\/\\\/peter-faessler.spschweiz.ch\\\/?p=4979#primaryimage\"},\"thumbnailUrl\":\"https:\\\/\\\/peter-faessler.spschweiz.ch\\\/wp-content\\\/uploads\\\/sites\\\/15\\\/2022\\\/11\\\/Unbenannt.png\",\"keywords\":[\"Fachkr\u00e4ftemangel\",\"IHZ (Industrie- und Handelskammer Zentralschweiz\",\"Kantonsrat Kanton Luzern\",\"Parlament\",\"Politik\",\"SP\",\"Stans\"],\"articleSection\":[\"Arbeit\",\"Kantonsrat Luzern\",\"Parlament\",\"Politik\",\"Veranstaltungen\"],\"inLanguage\":\"de\",\"potentialAction\":[{\"@type\":\"CommentAction\",\"name\":\"Comment\",\"target\":[\"https:\\\/\\\/peter-faessler.spschweiz.ch\\\/?p=4979#respond\"]}]},{\"@type\":\"WebPage\",\"@id\":\"https:\\\/\\\/peter-faessler.spschweiz.ch\\\/?p=4979\",\"url\":\"https:\\\/\\\/peter-faessler.spschweiz.ch\\\/?p=4979\",\"name\":\"IHZ-Anlass \\\"Politik und Wirtschaft im Dialog\\\" - Peter F\u00e4ssler\",\"isPartOf\":{\"@id\":\"https:\\\/\\\/peter-faessler.spschweiz.ch\\\/#website\"},\"primaryImageOfPage\":{\"@id\":\"https:\\\/\\\/peter-faessler.spschweiz.ch\\\/?p=4979#primaryimage\"},\"image\":{\"@id\":\"https:\\\/\\\/peter-faessler.spschweiz.ch\\\/?p=4979#primaryimage\"},\"thumbnailUrl\":\"https:\\\/\\\/peter-faessler.spschweiz.ch\\\/wp-content\\\/uploads\\\/sites\\\/15\\\/2022\\\/11\\\/Unbenannt.png\",\"datePublished\":\"2022-11-16T20:25:06+00:00\",\"dateModified\":\"2022-11-16T20:26:19+00:00\",\"author\":{\"@id\":\"https:\\\/\\\/peter-faessler.spschweiz.ch\\\/#\\\/schema\\\/person\\\/7ac2f764b1930b731c670e8a2393b60e\"},\"description\":\"IHZ-Anlass \\\"Politik und Wirtschaft im Dialog\\\"\",\"breadcrumb\":{\"@id\":\"https:\\\/\\\/peter-faessler.spschweiz.ch\\\/?p=4979#breadcrumb\"},\"inLanguage\":\"de\",\"potentialAction\":[{\"@type\":\"ReadAction\",\"target\":[\"https:\\\/\\\/peter-faessler.spschweiz.ch\\\/?p=4979\"]}]},{\"@type\":\"ImageObject\",\"inLanguage\":\"de\",\"@id\":\"https:\\\/\\\/peter-faessler.spschweiz.ch\\\/?p=4979#primaryimage\",\"url\":\"https:\\\/\\\/peter-faessler.spschweiz.ch\\\/wp-content\\\/uploads\\\/sites\\\/15\\\/2022\\\/11\\\/Unbenannt.png\",\"contentUrl\":\"https:\\\/\\\/peter-faessler.spschweiz.ch\\\/wp-content\\\/uploads\\\/sites\\\/15\\\/2022\\\/11\\\/Unbenannt.png\",\"width\":1001,\"height\":662,\"caption\":\"Bild: IHZ\"},{\"@type\":\"BreadcrumbList\",\"@id\":\"https:\\\/\\\/peter-faessler.spschweiz.ch\\\/?p=4979#breadcrumb\",\"itemListElement\":[{\"@type\":\"ListItem\",\"position\":1,\"name\":\"Startseite\",\"item\":\"https:\\\/\\\/peter-faessler.spschweiz.ch\\\/\"},{\"@type\":\"ListItem\",\"position\":2,\"name\":\"IHZ-Anlass &#8222;Politik und Wirtschaft im Dialog&#8220;\"}]},{\"@type\":\"WebSite\",\"@id\":\"https:\\\/\\\/peter-faessler.spschweiz.ch\\\/#website\",\"url\":\"https:\\\/\\\/peter-faessler.spschweiz.ch\\\/\",\"name\":\"Peter F\u00e4ssler\",\"description\":\"SP Kantonsrat Kanton Luzern\",\"potentialAction\":[{\"@type\":\"SearchAction\",\"target\":{\"@type\":\"EntryPoint\",\"urlTemplate\":\"https:\\\/\\\/peter-faessler.spschweiz.ch\\\/?s={search_term_string}\"},\"query-input\":{\"@type\":\"PropertyValueSpecification\",\"valueRequired\":true,\"valueName\":\"search_term_string\"}}],\"inLanguage\":\"de\"},{\"@type\":\"Person\",\"@id\":\"https:\\\/\\\/peter-faessler.spschweiz.ch\\\/#\\\/schema\\\/person\\\/7ac2f764b1930b731c670e8a2393b60e\",\"name\":\"Peter F\u00e4ssler\",\"image\":{\"@type\":\"ImageObject\",\"inLanguage\":\"de\",\"@id\":\"https:\\\/\\\/secure.gravatar.com\\\/avatar\\\/9da8604da19b11812517d76f206166d47c5e180a26df2de36b8649168e128572?s=96&d=blank&r=g\",\"url\":\"https:\\\/\\\/secure.gravatar.com\\\/avatar\\\/9da8604da19b11812517d76f206166d47c5e180a26df2de36b8649168e128572?s=96&d=blank&r=g\",\"contentUrl\":\"https:\\\/\\\/secure.gravatar.com\\\/avatar\\\/9da8604da19b11812517d76f206166d47c5e180a26df2de36b8649168e128572?s=96&d=blank&r=g\",\"caption\":\"Peter F\u00e4ssler\"},\"description\":\"Peter F\u00e4ssler Schibiweg 7 6006 Luzern\",\"sameAs\":[\"www.facebook.com\\\/peter.fassler.31\",\"https:\\\/\\\/www.instagram.com\\\/peter.fassler.31\\\/\",\"https:\\\/\\\/www.linkedin.com\\\/in\\\/peter-fssler-2518a782\\\/\",\"https:\\\/\\\/x.com\\\/pfaessler56\"],\"url\":\"https:\\\/\\\/peter-faessler.spschweiz.ch\\\/?author=19\"}]}<\/script>\n<!-- \/ Yoast SEO plugin. -->","yoast_head_json":{"title":"IHZ-Anlass \"Politik und Wirtschaft im Dialog\" - Peter F\u00e4ssler","description":"IHZ-Anlass \"Politik und Wirtschaft im Dialog\"","robots":{"index":"index","follow":"follow","max-snippet":"max-snippet:-1","max-image-preview":"max-image-preview:large","max-video-preview":"max-video-preview:-1"},"canonical":"https:\/\/peter-faessler.spschweiz.ch\/?p=4979","og_locale":"de_DE","og_type":"article","og_title":"IHZ-Anlass \"Politik und Wirtschaft im Dialog\" - Peter F\u00e4ssler","og_description":"IHZ-Anlass \"Politik und Wirtschaft im Dialog\"","og_url":"https:\/\/peter-faessler.spschweiz.ch\/?p=4979","og_site_name":"Peter F\u00e4ssler","article_author":"www.facebook.com\/peter.fassler.31","article_published_time":"2022-11-16T20:25:06+00:00","article_modified_time":"2022-11-16T20:26:19+00:00","og_image":[{"width":1001,"height":662,"url":"http:\/\/peter-faessler.spschweiz.ch\/wp-content\/uploads\/sites\/15\/2022\/11\/Unbenannt.png","type":"image\/png"}],"author":"Peter F\u00e4ssler","twitter_misc":{"Verfasst von":"Peter F\u00e4ssler","Gesch\u00e4tzte Lesezeit":"1\u00a0Minute"},"schema":{"@context":"https:\/\/schema.org","@graph":[{"@type":"Article","@id":"https:\/\/peter-faessler.spschweiz.ch\/?p=4979#article","isPartOf":{"@id":"https:\/\/peter-faessler.spschweiz.ch\/?p=4979"},"author":{"name":"Peter F\u00e4ssler","@id":"https:\/\/peter-faessler.spschweiz.ch\/#\/schema\/person\/7ac2f764b1930b731c670e8a2393b60e"},"headline":"IHZ-Anlass &#8222;Politik und Wirtschaft im Dialog&#8220;","datePublished":"2022-11-16T20:25:06+00:00","dateModified":"2022-11-16T20:26:19+00:00","mainEntityOfPage":{"@id":"https:\/\/peter-faessler.spschweiz.ch\/?p=4979"},"wordCount":91,"commentCount":0,"image":{"@id":"https:\/\/peter-faessler.spschweiz.ch\/?p=4979#primaryimage"},"thumbnailUrl":"https:\/\/peter-faessler.spschweiz.ch\/wp-content\/uploads\/sites\/15\/2022\/11\/Unbenannt.png","keywords":["Fachkr\u00e4ftemangel","IHZ (Industrie- und Handelskammer Zentralschweiz","Kantonsrat Kanton Luzern","Parlament","Politik","SP","Stans"],"articleSection":["Arbeit","Kantonsrat Luzern","Parlament","Politik","Veranstaltungen"],"inLanguage":"de","potentialAction":[{"@type":"CommentAction","name":"Comment","target":["https:\/\/peter-faessler.spschweiz.ch\/?p=4979#respond"]}]},{"@type":"WebPage","@id":"https:\/\/peter-faessler.spschweiz.ch\/?p=4979","url":"https:\/\/peter-faessler.spschweiz.ch\/?p=4979","name":"IHZ-Anlass \"Politik und Wirtschaft im Dialog\" - Peter F\u00e4ssler","isPartOf":{"@id":"https:\/\/peter-faessler.spschweiz.ch\/#website"},"primaryImageOfPage":{"@id":"https:\/\/peter-faessler.spschweiz.ch\/?p=4979#primaryimage"},"image":{"@id":"https:\/\/peter-faessler.spschweiz.ch\/?p=4979#primaryimage"},"thumbnailUrl":"https:\/\/peter-faessler.spschweiz.ch\/wp-content\/uploads\/sites\/15\/2022\/11\/Unbenannt.png","datePublished":"2022-11-16T20:25:06+00:00","dateModified":"2022-11-16T20:26:19+00:00","author":{"@id":"https:\/\/peter-faessler.spschweiz.ch\/#\/schema\/person\/7ac2f764b1930b731c670e8a2393b60e"},"description":"IHZ-Anlass \"Politik und Wirtschaft im Dialog\"","breadcrumb":{"@id":"https:\/\/peter-faessler.spschweiz.ch\/?p=4979#breadcrumb"},"inLanguage":"de","potentialAction":[{"@type":"ReadAction","target":["https:\/\/peter-faessler.spschweiz.ch\/?p=4979"]}]},{"@type":"ImageObject","inLanguage":"de","@id":"https:\/\/peter-faessler.spschweiz.ch\/?p=4979#primaryimage","url":"https:\/\/peter-faessler.spschweiz.ch\/wp-content\/uploads\/sites\/15\/2022\/11\/Unbenannt.png","contentUrl":"https:\/\/peter-faessler.spschweiz.ch\/wp-content\/uploads\/sites\/15\/2022\/11\/Unbenannt.png","width":1001,"height":662,"caption":"Bild: IHZ"},{"@type":"BreadcrumbList","@id":"https:\/\/peter-faessler.spschweiz.ch\/?p=4979#breadcrumb","itemListElement":[{"@type":"ListItem","position":1,"name":"Startseite","item":"https:\/\/peter-faessler.spschweiz.ch\/"},{"@type":"ListItem","position":2,"name":"IHZ-Anlass &#8222;Politik und Wirtschaft im Dialog&#8220;"}]},{"@type":"WebSite","@id":"https:\/\/peter-faessler.spschweiz.ch\/#website","url":"https:\/\/peter-faessler.spschweiz.ch\/","name":"Peter F\u00e4ssler","description":"SP Kantonsrat Kanton Luzern","potentialAction":[{"@type":"SearchAction","target":{"@type":"EntryPoint","urlTemplate":"https:\/\/peter-faessler.spschweiz.ch\/?s={search_term_string}"},"query-input":{"@type":"PropertyValueSpecification","valueRequired":true,"valueName":"search_term_string"}}],"inLanguage":"de"},{"@type":"Person","@id":"https:\/\/peter-faessler.spschweiz.ch\/#\/schema\/person\/7ac2f764b1930b731c670e8a2393b60e","name":"Peter F\u00e4ssler","image":{"@type":"ImageObject","inLanguage":"de","@id":"https:\/\/secure.gravatar.com\/avatar\/9da8604da19b11812517d76f206166d47c5e180a26df2de36b8649168e128572?s=96&d=blank&r=g","url":"https:\/\/secure.gravatar.com\/avatar\/9da8604da19b11812517d76f206166d47c5e180a26df2de36b8649168e128572?s=96&d=blank&r=g","contentUrl":"https:\/\/secure.gravatar.com\/avatar\/9da8604da19b11812517d76f206166d47c5e180a26df2de36b8649168e128572?s=96&d=blank&r=g","caption":"Peter F\u00e4ssler"},"description":"Peter F\u00e4ssler Schibiweg 7 6006 Luzern","sameAs":["www.facebook.com\/peter.fassler.31","https:\/\/www.instagram.com\/peter.fassler.31\/","https:\/\/www.linkedin.com\/in\/peter-fssler-2518a782\/","https:\/\/x.com\/pfaessler56"],"url":"https:\/\/peter-faessler.spschweiz.ch\/?author=19"}]}},"_links":{"self":[{"href":"https:\/\/peter-faessler.spschweiz.ch\/index.php?rest_route=\/wp\/v2\/posts\/4979","targetHints":{"allow":["GET"]}}],"collection":[{"href":"https:\/\/peter-faessler.spschweiz.ch\/index.php?rest_route=\/wp\/v2\/posts"}],"about":[{"href":"https:\/\/peter-faessler.spschweiz.ch\/index.php?rest_route=\/wp\/v2\/types\/post"}],"author":[{"embeddable":true,"href":"https:\/\/peter-faessler.spschweiz.ch\/index.php?rest_route=\/wp\/v2\/users\/19"}],"replies":[{"embeddable":true,"href":"https:\/\/peter-faessler.spschweiz.ch\/index.php?rest_route=%2Fwp%2Fv2%2Fcomments&post=4979"}],"version-history":[{"count":4,"href":"https:\/\/peter-faessler.spschweiz.ch\/index.php?rest_route=\/wp\/v2\/posts\/4979\/revisions"}],"predecessor-version":[{"id":4985,"href":"https:\/\/peter-faessler.spschweiz.ch\/index.php?rest_route=\/wp\/v2\/posts\/4979\/revisions\/4985"}],"wp:featuredmedia":[{"embeddable":true,"href":"https:\/\/peter-faessler.spschweiz.ch\/index.php?rest_route=\/wp\/v2\/media\/4982"}],"wp:attachment":[{"href":"https:\/\/peter-faessler.spschweiz.ch\/index.php?rest_route=%2Fwp%2Fv2%2Fmedia&parent=4979"}],"wp:term":[{"taxonomy":"category","embeddable":true,"href":"https:\/\/peter-faessler.spschweiz.ch\/index.php?rest_route=%2Fwp%2Fv2%2Fcategories&post=4979"},{"taxonomy":"post_tag","embeddable":true,"href":"https:\/\/peter-faessler.spschweiz.ch\/index.php?rest_route=%2Fwp%2Fv2%2Ftags&post=4979"}],"curies":[{"name":"wp","href":"https:\/\/api.w.org\/{rel}","templated":true}]}}