{"id":5152,"date":"2023-01-26T16:39:16","date_gmt":"2023-01-26T15:39:16","guid":{"rendered":"https:\/\/peter-faessler.spschweiz.ch\/?p=5152"},"modified":"2023-01-26T16:39:16","modified_gmt":"2023-01-26T15:39:16","slug":"die-kandidierenden-fuer-die-regierungsrats-und-kantonsratswahlen-stehen-fest","status":"publish","type":"post","link":"https:\/\/peter-faessler.spschweiz.ch\/?p=5152","title":{"rendered":"Die Kandidierenden f\u00fcr die Regierungsrats- und Kantonsratswahlen stehen fest"},"content":{"rendered":"<h2 id=\"maincontent_0_h2Title\" class=\"teaser__title\">Die Kandidierenden f\u00fcr die Regierungsrats- und Kantonsratswahlen stehen fest<\/h2>\n<div class=\"teaser__text richtext\">\n<p>Der Kanton Luzern informiert am 26. Januar 2023 wie folgt:<\/p>\n<p>Am 23. Januar 2023 (12.00 Uhr) lief die Frist f\u00fcr die Eingabe von Wahlvorschl\u00e4gen f\u00fcr die Erneuerungswahlen des Kantons- und Regierungsrates vom 2. April 2023 ab. Die Bereinigungsfrist endete am darauffolgenden Donnerstag, 26. Januar 2023 (12.00 Uhr).<\/p>\n<p>F\u00fcr die 120 Sitze im Luzerner <strong>Kantonsrat<\/strong> bewerben sich in den sechs Wahlkreisen insgesamt 870 Kandidatinnen und Kandidaten auf 61 Listen. Die Namen der Kandidierenden, Infos zu den eingereichten Wahllisten sowie die Listenverbindungen finden Sie unter dem Men\u00fcpunkt <a href=\"https:\/\/wahlen.lu.ch\/krat\"><span class=\"linked\">Kantonsrat<\/span><\/a>.<\/p>\n<p>F\u00fcr den f\u00fcnfk\u00f6pfigen <strong>Regierungsrat<\/strong> stellen sich 11 Kandidatinnen und Kandidaten auf insgesamt 23 Listen am 2. April 2023 zur Wahl. Neben den zwei bisherigen Regierungsratsmitgliedern Reto Wyss (Mitte) und Fabian Peter (FDP) treten zu den Wahlen auch Armin Hartmann (SVP), <a href=\"http:\/\/www.ylfetefanaj.ch\" target=\"_blank\" rel=\"noopener\">Ylfete Fanaj (SP)<\/a>, Michaela Tschuor (Mitte), Christa Wenger (Gr\u00fcne), Claudia Huser (glp), Chiara Peyer (Junge Gr\u00fcne), Andrea Kaufmann (Junge Mitte), Zo\u00e9 Stehlin (JUSOplus) und Juergen Peter (parteilos) an. Mehr Informationen zu den Kandidierenden finden Sie <a href=\"https:\/\/wahlen.lu.ch\/rrat\/kandidierende\" target=\"_blank\" rel=\"noopener\"><span class=\"linked\">hier<\/span><\/a>. Details zu den Wahllisten f\u00fcr die Regierungsratswahlen finden sie <a href=\"https:\/\/wahlen.lu.ch\/-\/media\/Wahlen\/Dokumente\/Wahlen_2023\/NEU_bersicht_RR_Listen_2023_inkl_Kandidierende.pdf\"><span class=\"linked\">hier<\/span><\/a>.<\/p>\n<\/div>\n","protected":false},"excerpt":{"rendered":"<p>Die Kandidierenden f\u00fcr die Regierungsrats- und Kantonsratswahlen stehen fest Der Kanton Luzern informiert am 26. Januar 2023 wie folgt: Am 23. Januar 2023 (12.00 Uhr)&#8230;<\/p>\n","protected":false},"author":19,"featured_media":5155,"comment_status":"open","ping_status":"open","sticky":false,"template":"","format":"standard","meta":{"footnotes":""},"categories":[22,30,21,155,127,128,1,153,156],"tags":[8,9,16,19,154,31,7,157,15,159],"class_list":["post-5152","post","type-post","status-publish","format-standard","has-post-thumbnail","hentry","category-kantonsrat-luzern","category-parlament","category-politik","category-regierungsratswahlen-2023","category-sp-kanton-luzern","category-sp-kantonsratsfraktion","category-sp-kriens","category-wahlen-kantonsrat-2023","category-ylfete-fanaj","tag-kanton-luzern","tag-kantonsrat","tag-kantonsrat-kanton-luzern","tag-kantonsrat-luzern","tag-kantonsratswahlen-2023","tag-parlament","tag-politik","tag-regierungsratswahlen-2023","tag-sp","tag-wahlen-kantonsrat-2023"],"yoast_head":"<!-- This site is optimized with the Yoast SEO plugin v27.5 - https:\/\/yoast.com\/product\/yoast-seo-wordpress\/ -->\n<title>Die Kandidierenden f\u00fcr die Regierungsrats- und Kantonsratswahlen stehen fest - Peter F\u00e4ssler<\/title>\n<meta name=\"robots\" content=\"index, follow, max-snippet:-1, max-image-preview:large, max-video-preview:-1\" \/>\n<link rel=\"canonical\" href=\"https:\/\/peter-faessler.spschweiz.ch\/?p=5152\" \/>\n<meta property=\"og:locale\" content=\"de_DE\" \/>\n<meta property=\"og:type\" content=\"article\" \/>\n<meta property=\"og:title\" content=\"Die Kandidierenden f\u00fcr die Regierungsrats- und Kantonsratswahlen stehen fest - Peter F\u00e4ssler\" \/>\n<meta property=\"og:description\" content=\"Die Kandidierenden f\u00fcr die Regierungsrats- und Kantonsratswahlen stehen fest Der Kanton Luzern informiert am 26. Januar 2023 wie folgt: Am 23. Januar 2023 (12.00 Uhr)...\" \/>\n<meta property=\"og:url\" content=\"https:\/\/peter-faessler.spschweiz.ch\/?p=5152\" \/>\n<meta property=\"og:site_name\" content=\"Peter F\u00e4ssler\" \/>\n<meta property=\"article:author\" content=\"www.facebook.com\/peter.fassler.31\" \/>\n<meta property=\"article:published_time\" content=\"2023-01-26T15:39:16+00:00\" \/>\n<meta property=\"og:image\" content=\"http:\/\/peter-faessler.spschweiz.ch\/wp-content\/uploads\/sites\/15\/2023\/01\/wahlurne.jpg\" \/>\n\t<meta property=\"og:image:width\" content=\"474\" \/>\n\t<meta property=\"og:image:height\" content=\"266\" \/>\n\t<meta property=\"og:image:type\" content=\"image\/jpeg\" \/>\n<meta name=\"author\" content=\"Peter F\u00e4ssler\" \/>\n<meta name=\"twitter:label1\" content=\"Verfasst von\" \/>\n\t<meta name=\"twitter:data1\" content=\"Peter F\u00e4ssler\" \/>\n\t<meta name=\"twitter:label2\" content=\"Gesch\u00e4tzte Lesezeit\" \/>\n\t<meta name=\"twitter:data2\" content=\"2\u00a0Minuten\" \/>\n<script type=\"application\/ld+json\" class=\"yoast-schema-graph\">{\"@context\":\"https:\\\/\\\/schema.org\",\"@graph\":[{\"@type\":\"Article\",\"@id\":\"https:\\\/\\\/peter-faessler.spschweiz.ch\\\/?p=5152#article\",\"isPartOf\":{\"@id\":\"https:\\\/\\\/peter-faessler.spschweiz.ch\\\/?p=5152\"},\"author\":{\"name\":\"Peter F\u00e4ssler\",\"@id\":\"https:\\\/\\\/peter-faessler.spschweiz.ch\\\/#\\\/schema\\\/person\\\/7ac2f764b1930b731c670e8a2393b60e\"},\"headline\":\"Die Kandidierenden f\u00fcr die Regierungsrats- und Kantonsratswahlen stehen fest\",\"datePublished\":\"2023-01-26T15:39:16+00:00\",\"mainEntityOfPage\":{\"@id\":\"https:\\\/\\\/peter-faessler.spschweiz.ch\\\/?p=5152\"},\"wordCount\":186,\"commentCount\":0,\"image\":{\"@id\":\"https:\\\/\\\/peter-faessler.spschweiz.ch\\\/?p=5152#primaryimage\"},\"thumbnailUrl\":\"https:\\\/\\\/peter-faessler.spschweiz.ch\\\/wp-content\\\/uploads\\\/sites\\\/15\\\/2023\\\/01\\\/wahlurne.jpg\",\"keywords\":[\"Kanton Luzern\",\"Kantonsrat\",\"Kantonsrat Kanton Luzern\",\"Kantonsrat Luzern\",\"Kantonsratswahlen 2023\",\"Parlament\",\"Politik\",\"Regierungsratswahlen 2023\",\"SP\",\"Wahlen Kantonsrat 2023\"],\"articleSection\":[\"Kantonsrat Luzern\",\"Parlament\",\"Politik\",\"Regierungsratswahlen 2023\",\"SP Kanton Luzern\",\"SP Kantonsratsfraktion\",\"SP Kriens\",\"Wahlen Kantonsrat 2023\",\"Ylfete Fanaj\"],\"inLanguage\":\"de\",\"potentialAction\":[{\"@type\":\"CommentAction\",\"name\":\"Comment\",\"target\":[\"https:\\\/\\\/peter-faessler.spschweiz.ch\\\/?p=5152#respond\"]}]},{\"@type\":\"WebPage\",\"@id\":\"https:\\\/\\\/peter-faessler.spschweiz.ch\\\/?p=5152\",\"url\":\"https:\\\/\\\/peter-faessler.spschweiz.ch\\\/?p=5152\",\"name\":\"Die Kandidierenden f\u00fcr die Regierungsrats- und Kantonsratswahlen stehen fest - Peter F\u00e4ssler\",\"isPartOf\":{\"@id\":\"https:\\\/\\\/peter-faessler.spschweiz.ch\\\/#website\"},\"primaryImageOfPage\":{\"@id\":\"https:\\\/\\\/peter-faessler.spschweiz.ch\\\/?p=5152#primaryimage\"},\"image\":{\"@id\":\"https:\\\/\\\/peter-faessler.spschweiz.ch\\\/?p=5152#primaryimage\"},\"thumbnailUrl\":\"https:\\\/\\\/peter-faessler.spschweiz.ch\\\/wp-content\\\/uploads\\\/sites\\\/15\\\/2023\\\/01\\\/wahlurne.jpg\",\"datePublished\":\"2023-01-26T15:39:16+00:00\",\"author\":{\"@id\":\"https:\\\/\\\/peter-faessler.spschweiz.ch\\\/#\\\/schema\\\/person\\\/7ac2f764b1930b731c670e8a2393b60e\"},\"breadcrumb\":{\"@id\":\"https:\\\/\\\/peter-faessler.spschweiz.ch\\\/?p=5152#breadcrumb\"},\"inLanguage\":\"de\",\"potentialAction\":[{\"@type\":\"ReadAction\",\"target\":[\"https:\\\/\\\/peter-faessler.spschweiz.ch\\\/?p=5152\"]}]},{\"@type\":\"ImageObject\",\"inLanguage\":\"de\",\"@id\":\"https:\\\/\\\/peter-faessler.spschweiz.ch\\\/?p=5152#primaryimage\",\"url\":\"https:\\\/\\\/peter-faessler.spschweiz.ch\\\/wp-content\\\/uploads\\\/sites\\\/15\\\/2023\\\/01\\\/wahlurne.jpg\",\"contentUrl\":\"https:\\\/\\\/peter-faessler.spschweiz.ch\\\/wp-content\\\/uploads\\\/sites\\\/15\\\/2023\\\/01\\\/wahlurne.jpg\",\"width\":474,\"height\":266,\"caption\":\"Bild: srf\"},{\"@type\":\"BreadcrumbList\",\"@id\":\"https:\\\/\\\/peter-faessler.spschweiz.ch\\\/?p=5152#breadcrumb\",\"itemListElement\":[{\"@type\":\"ListItem\",\"position\":1,\"name\":\"Startseite\",\"item\":\"https:\\\/\\\/peter-faessler.spschweiz.ch\\\/\"},{\"@type\":\"ListItem\",\"position\":2,\"name\":\"Die Kandidierenden f\u00fcr die Regierungsrats- und Kantonsratswahlen stehen fest\"}]},{\"@type\":\"WebSite\",\"@id\":\"https:\\\/\\\/peter-faessler.spschweiz.ch\\\/#website\",\"url\":\"https:\\\/\\\/peter-faessler.spschweiz.ch\\\/\",\"name\":\"Peter F\u00e4ssler\",\"description\":\"SP Kantonsrat Kanton Luzern\",\"potentialAction\":[{\"@type\":\"SearchAction\",\"target\":{\"@type\":\"EntryPoint\",\"urlTemplate\":\"https:\\\/\\\/peter-faessler.spschweiz.ch\\\/?s={search_term_string}\"},\"query-input\":{\"@type\":\"PropertyValueSpecification\",\"valueRequired\":true,\"valueName\":\"search_term_string\"}}],\"inLanguage\":\"de\"},{\"@type\":\"Person\",\"@id\":\"https:\\\/\\\/peter-faessler.spschweiz.ch\\\/#\\\/schema\\\/person\\\/7ac2f764b1930b731c670e8a2393b60e\",\"name\":\"Peter F\u00e4ssler\",\"image\":{\"@type\":\"ImageObject\",\"inLanguage\":\"de\",\"@id\":\"https:\\\/\\\/secure.gravatar.com\\\/avatar\\\/9da8604da19b11812517d76f206166d47c5e180a26df2de36b8649168e128572?s=96&d=blank&r=g\",\"url\":\"https:\\\/\\\/secure.gravatar.com\\\/avatar\\\/9da8604da19b11812517d76f206166d47c5e180a26df2de36b8649168e128572?s=96&d=blank&r=g\",\"contentUrl\":\"https:\\\/\\\/secure.gravatar.com\\\/avatar\\\/9da8604da19b11812517d76f206166d47c5e180a26df2de36b8649168e128572?s=96&d=blank&r=g\",\"caption\":\"Peter F\u00e4ssler\"},\"description\":\"Peter F\u00e4ssler Schibiweg 7 6006 Luzern\",\"sameAs\":[\"www.facebook.com\\\/peter.fassler.31\",\"https:\\\/\\\/www.instagram.com\\\/peter.fassler.31\\\/\",\"https:\\\/\\\/www.linkedin.com\\\/in\\\/peter-fssler-2518a782\\\/\",\"https:\\\/\\\/x.com\\\/pfaessler56\"],\"url\":\"https:\\\/\\\/peter-faessler.spschweiz.ch\\\/?author=19\"}]}<\/script>\n<!-- \/ Yoast SEO plugin. -->","yoast_head_json":{"title":"Die Kandidierenden f\u00fcr die Regierungsrats- und Kantonsratswahlen stehen fest - Peter F\u00e4ssler","robots":{"index":"index","follow":"follow","max-snippet":"max-snippet:-1","max-image-preview":"max-image-preview:large","max-video-preview":"max-video-preview:-1"},"canonical":"https:\/\/peter-faessler.spschweiz.ch\/?p=5152","og_locale":"de_DE","og_type":"article","og_title":"Die Kandidierenden f\u00fcr die Regierungsrats- und Kantonsratswahlen stehen fest - Peter F\u00e4ssler","og_description":"Die Kandidierenden f\u00fcr die Regierungsrats- und Kantonsratswahlen stehen fest Der Kanton Luzern informiert am 26. Januar 2023 wie folgt: Am 23. Januar 2023 (12.00 Uhr)...","og_url":"https:\/\/peter-faessler.spschweiz.ch\/?p=5152","og_site_name":"Peter F\u00e4ssler","article_author":"www.facebook.com\/peter.fassler.31","article_published_time":"2023-01-26T15:39:16+00:00","og_image":[{"width":474,"height":266,"url":"http:\/\/peter-faessler.spschweiz.ch\/wp-content\/uploads\/sites\/15\/2023\/01\/wahlurne.jpg","type":"image\/jpeg"}],"author":"Peter F\u00e4ssler","twitter_misc":{"Verfasst von":"Peter F\u00e4ssler","Gesch\u00e4tzte Lesezeit":"2\u00a0Minuten"},"schema":{"@context":"https:\/\/schema.org","@graph":[{"@type":"Article","@id":"https:\/\/peter-faessler.spschweiz.ch\/?p=5152#article","isPartOf":{"@id":"https:\/\/peter-faessler.spschweiz.ch\/?p=5152"},"author":{"name":"Peter F\u00e4ssler","@id":"https:\/\/peter-faessler.spschweiz.ch\/#\/schema\/person\/7ac2f764b1930b731c670e8a2393b60e"},"headline":"Die Kandidierenden f\u00fcr die Regierungsrats- und Kantonsratswahlen stehen fest","datePublished":"2023-01-26T15:39:16+00:00","mainEntityOfPage":{"@id":"https:\/\/peter-faessler.spschweiz.ch\/?p=5152"},"wordCount":186,"commentCount":0,"image":{"@id":"https:\/\/peter-faessler.spschweiz.ch\/?p=5152#primaryimage"},"thumbnailUrl":"https:\/\/peter-faessler.spschweiz.ch\/wp-content\/uploads\/sites\/15\/2023\/01\/wahlurne.jpg","keywords":["Kanton Luzern","Kantonsrat","Kantonsrat Kanton Luzern","Kantonsrat Luzern","Kantonsratswahlen 2023","Parlament","Politik","Regierungsratswahlen 2023","SP","Wahlen Kantonsrat 2023"],"articleSection":["Kantonsrat Luzern","Parlament","Politik","Regierungsratswahlen 2023","SP Kanton Luzern","SP Kantonsratsfraktion","SP Kriens","Wahlen Kantonsrat 2023","Ylfete Fanaj"],"inLanguage":"de","potentialAction":[{"@type":"CommentAction","name":"Comment","target":["https:\/\/peter-faessler.spschweiz.ch\/?p=5152#respond"]}]},{"@type":"WebPage","@id":"https:\/\/peter-faessler.spschweiz.ch\/?p=5152","url":"https:\/\/peter-faessler.spschweiz.ch\/?p=5152","name":"Die Kandidierenden f\u00fcr die Regierungsrats- und Kantonsratswahlen stehen fest - Peter F\u00e4ssler","isPartOf":{"@id":"https:\/\/peter-faessler.spschweiz.ch\/#website"},"primaryImageOfPage":{"@id":"https:\/\/peter-faessler.spschweiz.ch\/?p=5152#primaryimage"},"image":{"@id":"https:\/\/peter-faessler.spschweiz.ch\/?p=5152#primaryimage"},"thumbnailUrl":"https:\/\/peter-faessler.spschweiz.ch\/wp-content\/uploads\/sites\/15\/2023\/01\/wahlurne.jpg","datePublished":"2023-01-26T15:39:16+00:00","author":{"@id":"https:\/\/peter-faessler.spschweiz.ch\/#\/schema\/person\/7ac2f764b1930b731c670e8a2393b60e"},"breadcrumb":{"@id":"https:\/\/peter-faessler.spschweiz.ch\/?p=5152#breadcrumb"},"inLanguage":"de","potentialAction":[{"@type":"ReadAction","target":["https:\/\/peter-faessler.spschweiz.ch\/?p=5152"]}]},{"@type":"ImageObject","inLanguage":"de","@id":"https:\/\/peter-faessler.spschweiz.ch\/?p=5152#primaryimage","url":"https:\/\/peter-faessler.spschweiz.ch\/wp-content\/uploads\/sites\/15\/2023\/01\/wahlurne.jpg","contentUrl":"https:\/\/peter-faessler.spschweiz.ch\/wp-content\/uploads\/sites\/15\/2023\/01\/wahlurne.jpg","width":474,"height":266,"caption":"Bild: srf"},{"@type":"BreadcrumbList","@id":"https:\/\/peter-faessler.spschweiz.ch\/?p=5152#breadcrumb","itemListElement":[{"@type":"ListItem","position":1,"name":"Startseite","item":"https:\/\/peter-faessler.spschweiz.ch\/"},{"@type":"ListItem","position":2,"name":"Die Kandidierenden f\u00fcr die Regierungsrats- und Kantonsratswahlen stehen fest"}]},{"@type":"WebSite","@id":"https:\/\/peter-faessler.spschweiz.ch\/#website","url":"https:\/\/peter-faessler.spschweiz.ch\/","name":"Peter F\u00e4ssler","description":"SP Kantonsrat Kanton Luzern","potentialAction":[{"@type":"SearchAction","target":{"@type":"EntryPoint","urlTemplate":"https:\/\/peter-faessler.spschweiz.ch\/?s={search_term_string}"},"query-input":{"@type":"PropertyValueSpecification","valueRequired":true,"valueName":"search_term_string"}}],"inLanguage":"de"},{"@type":"Person","@id":"https:\/\/peter-faessler.spschweiz.ch\/#\/schema\/person\/7ac2f764b1930b731c670e8a2393b60e","name":"Peter F\u00e4ssler","image":{"@type":"ImageObject","inLanguage":"de","@id":"https:\/\/secure.gravatar.com\/avatar\/9da8604da19b11812517d76f206166d47c5e180a26df2de36b8649168e128572?s=96&d=blank&r=g","url":"https:\/\/secure.gravatar.com\/avatar\/9da8604da19b11812517d76f206166d47c5e180a26df2de36b8649168e128572?s=96&d=blank&r=g","contentUrl":"https:\/\/secure.gravatar.com\/avatar\/9da8604da19b11812517d76f206166d47c5e180a26df2de36b8649168e128572?s=96&d=blank&r=g","caption":"Peter F\u00e4ssler"},"description":"Peter F\u00e4ssler Schibiweg 7 6006 Luzern","sameAs":["www.facebook.com\/peter.fassler.31","https:\/\/www.instagram.com\/peter.fassler.31\/","https:\/\/www.linkedin.com\/in\/peter-fssler-2518a782\/","https:\/\/x.com\/pfaessler56"],"url":"https:\/\/peter-faessler.spschweiz.ch\/?author=19"}]}},"_links":{"self":[{"href":"https:\/\/peter-faessler.spschweiz.ch\/index.php?rest_route=\/wp\/v2\/posts\/5152","targetHints":{"allow":["GET"]}}],"collection":[{"href":"https:\/\/peter-faessler.spschweiz.ch\/index.php?rest_route=\/wp\/v2\/posts"}],"about":[{"href":"https:\/\/peter-faessler.spschweiz.ch\/index.php?rest_route=\/wp\/v2\/types\/post"}],"author":[{"embeddable":true,"href":"https:\/\/peter-faessler.spschweiz.ch\/index.php?rest_route=\/wp\/v2\/users\/19"}],"replies":[{"embeddable":true,"href":"https:\/\/peter-faessler.spschweiz.ch\/index.php?rest_route=%2Fwp%2Fv2%2Fcomments&post=5152"}],"version-history":[{"count":2,"href":"https:\/\/peter-faessler.spschweiz.ch\/index.php?rest_route=\/wp\/v2\/posts\/5152\/revisions"}],"predecessor-version":[{"id":5154,"href":"https:\/\/peter-faessler.spschweiz.ch\/index.php?rest_route=\/wp\/v2\/posts\/5152\/revisions\/5154"}],"wp:featuredmedia":[{"embeddable":true,"href":"https:\/\/peter-faessler.spschweiz.ch\/index.php?rest_route=\/wp\/v2\/media\/5155"}],"wp:attachment":[{"href":"https:\/\/peter-faessler.spschweiz.ch\/index.php?rest_route=%2Fwp%2Fv2%2Fmedia&parent=5152"}],"wp:term":[{"taxonomy":"category","embeddable":true,"href":"https:\/\/peter-faessler.spschweiz.ch\/index.php?rest_route=%2Fwp%2Fv2%2Fcategories&post=5152"},{"taxonomy":"post_tag","embeddable":true,"href":"https:\/\/peter-faessler.spschweiz.ch\/index.php?rest_route=%2Fwp%2Fv2%2Ftags&post=5152"}],"curies":[{"name":"wp","href":"https:\/\/api.w.org\/{rel}","templated":true}]}}