{"id":5315,"date":"2023-05-15T18:17:34","date_gmt":"2023-05-15T16:17:34","guid":{"rendered":"https:\/\/peter-faessler.spschweiz.ch\/?p=5315"},"modified":"2023-05-15T18:17:34","modified_gmt":"2023-05-15T16:17:34","slug":"ylfete-fanaj-gewaehlt-sp-zieht-nach-8-jahren-wieder-in-die-regierung-ein","status":"publish","type":"post","link":"https:\/\/peter-faessler.spschweiz.ch\/?p=5315","title":{"rendered":"Ylfete Fanaj gew\u00e4hlt \u2013 SP zieht nach 8 Jahren wieder in die Regierung ein"},"content":{"rendered":"<p><strong>Riesige Freude bei der SP: Die Wahl von Ylfete Fanaj ist ein Sieg f\u00fcr die gesamte Linke im Kanton, die erstmals seit 2015 wieder in der Regierung vertreten ist.<\/strong><strong>\u00a0<\/strong><\/p>\n<p><img loading=\"lazy\" decoding=\"async\" class=\"size-medium wp-image-5323 alignright\" src=\"http:\/\/peter-faessler.spschweiz.ch\/wp-content\/uploads\/sites\/15\/2023\/05\/IMG-20230514-WA0007-227x300.jpg\" alt=\"\" width=\"227\" height=\"300\" srcset=\"https:\/\/peter-faessler.spschweiz.ch\/wp-content\/uploads\/sites\/15\/2023\/05\/IMG-20230514-WA0007-227x300.jpg 227w, https:\/\/peter-faessler.spschweiz.ch\/wp-content\/uploads\/sites\/15\/2023\/05\/IMG-20230514-WA0007-114x150.jpg 114w, https:\/\/peter-faessler.spschweiz.ch\/wp-content\/uploads\/sites\/15\/2023\/05\/IMG-20230514-WA0007.jpg 750w\" sizes=\"auto, (max-width: 227px) 100vw, 227px\" \/> <img loading=\"lazy\" decoding=\"async\" class=\"size-medium wp-image-5365 alignright\" src=\"http:\/\/peter-faessler.spschweiz.ch\/wp-content\/uploads\/sites\/15\/2023\/05\/IMG-20230514-WA0050-300x200.jpg\" alt=\"\" width=\"300\" height=\"200\" srcset=\"https:\/\/peter-faessler.spschweiz.ch\/wp-content\/uploads\/sites\/15\/2023\/05\/IMG-20230514-WA0050-300x200.jpg 300w, https:\/\/peter-faessler.spschweiz.ch\/wp-content\/uploads\/sites\/15\/2023\/05\/IMG-20230514-WA0050-1024x683.jpg 1024w, https:\/\/peter-faessler.spschweiz.ch\/wp-content\/uploads\/sites\/15\/2023\/05\/IMG-20230514-WA0050-150x100.jpg 150w, https:\/\/peter-faessler.spschweiz.ch\/wp-content\/uploads\/sites\/15\/2023\/05\/IMG-20230514-WA0050-768x512.jpg 768w, https:\/\/peter-faessler.spschweiz.ch\/wp-content\/uploads\/sites\/15\/2023\/05\/IMG-20230514-WA0050-1536x1025.jpg 1536w, https:\/\/peter-faessler.spschweiz.ch\/wp-content\/uploads\/sites\/15\/2023\/05\/IMG-20230514-WA0050.jpg 2048w\" sizes=\"auto, (max-width: 300px) 100vw, 300px\" \/>Die Freude bei SP-Kandidatin Ylfete Fanaj ist gross: \u00abIch freue mich riesig \u00fcber meine Wahl in den Regierungsrat. Ich m\u00f6chte mich ganz herzlich bei allen bedanken, die mich auf diesem Weg begleitet und unterst\u00fctzt haben. Ich werde alles tun, um die hohen Erwartungen zu erf\u00fcllen.\u00bb Heute werde gefeiert, bald beginne die Arbeit in der Regierung f\u00fcr die Luzernerinnen und Luzerner, so Fanaj weiter.<\/p>\n<p>David Roth sagte in seiner Ansprache: \u00abUnser Dank heute geh\u00f6rt allen, welche sich in den vergangenen acht Jahren und speziell in den letzten Wochen einen gewaltigen Einsatz geleistet haben, um diese Regierung wieder so vielf\u00e4ltig zu machen, wie dieser Kanton es ist. Die Linke ist zur\u00fcck \u2013 st\u00e4rker denn je.\u00bb Roth weiter: \u00abUnserer Kandidatin Ylfete Fanaj geb\u00fchrt ein grosses Lob. Sie hat in einem harten Wahlkampf einen enormen Einsatz geleistet und ihre politischen Qualit\u00e4ten unter Beweis gestellt hat. Sie wird eine Regierungsr\u00e4tin f\u00fcr alle Luzernerinnen und Luzerner\u00bb.<\/p>\n<p>Das gute Resultat von Ylfete Fanaj auf dem Land zeigt, dass die SP nun definitiv in den l\u00e4ndlichen Gebieten des Kantons angekommen ist. Die jahrelange Aufbauarbeit der SP Kanton Luzern und die Gr\u00fcndung mehrerer Sektionen haben sich gelohnt.<\/p>\n<p><img loading=\"lazy\" decoding=\"async\" class=\"size-medium wp-image-5337 alignleft\" src=\"http:\/\/peter-faessler.spschweiz.ch\/wp-content\/uploads\/sites\/15\/2023\/05\/IMG-20230514-WA0021-169x300.jpg\" alt=\"\" width=\"169\" height=\"300\" srcset=\"https:\/\/peter-faessler.spschweiz.ch\/wp-content\/uploads\/sites\/15\/2023\/05\/IMG-20230514-WA0021-169x300.jpg 169w, https:\/\/peter-faessler.spschweiz.ch\/wp-content\/uploads\/sites\/15\/2023\/05\/IMG-20230514-WA0021-576x1024.jpg 576w, https:\/\/peter-faessler.spschweiz.ch\/wp-content\/uploads\/sites\/15\/2023\/05\/IMG-20230514-WA0021-84x150.jpg 84w, https:\/\/peter-faessler.spschweiz.ch\/wp-content\/uploads\/sites\/15\/2023\/05\/IMG-20230514-WA0021-768x1365.jpg 768w, https:\/\/peter-faessler.spschweiz.ch\/wp-content\/uploads\/sites\/15\/2023\/05\/IMG-20230514-WA0021-864x1536.jpg 864w, https:\/\/peter-faessler.spschweiz.ch\/wp-content\/uploads\/sites\/15\/2023\/05\/IMG-20230514-WA0021.jpg 1134w\" sizes=\"auto, (max-width: 169px) 100vw, 169px\" \/>Mit zwei von f\u00fcnf Sitzen sind auch die Frauen wieder im Regierungsrat vertreten und der Kanton Luzern ist in dieser Hinsicht endlich im 21. Jahrhundert angekommen. Positiv zu werten ist auch, dass die Stadt Luzern wieder in der Regierung vertreten ist, nachdem sie dies seit dem R\u00fccktritt von Ueli F\u00e4ssler 2003 w\u00e4hrend 20 Jahren nicht mehr war. Dies wird dazu beitragen, Br\u00fccken zwischen den verschiedenen Teilen des Kantons zu bauen.<\/p>\n<p>Mit der Wahl von Ylfete Fanaj geht f\u00fcr die SP ein langer Prozess zu Ende, der schliesslich zur R\u00fcckkehr in die Regierung gef\u00fchrt hat. F\u00fcr die SP ist aber auch klar, dass sie weiterhin eine konstruktive Rolle in der kritischen Begleitung der Regierungsarbeit spielen wird, wie es auch f\u00fcr Regierungsparteien im politischen System der Schweiz vorgesehen ist.<strong>\u00a0<\/strong><\/p>\n<p><strong>Kontakt:<\/strong><\/p>\n<ul>\n<li>Ylfete Fanaj, Regierungsr\u00e4tin, 078 848 73 93<\/li>\n<li>David Roth, Pr\u00e4sident SP Kanton Luzern, 078 712 94 13&#8211;<\/li>\n<\/ul>\n<p><strong>SP KANTON LUZERN<br \/>\n<\/strong>Theaterstrasse 7<br \/>\n6003 Luzern<br \/>\nParteisekret\u00e4r Sebastian Dissler: 076 303 92 97<\/p>\n<p><a href=\"mailto:info@sp-luzern.ch\">info@sp-luzern.ch<\/a><\/p>\n","protected":false},"excerpt":{"rendered":"<p>Riesige Freude bei der SP: Die Wahl von Ylfete Fanaj ist ein Sieg f\u00fcr die gesamte Linke im Kanton, die erstmals seit 2015 wieder in&#8230;<\/p>\n","protected":false},"author":19,"featured_media":5367,"comment_status":"open","ping_status":"open","sticky":false,"template":"","format":"standard","meta":{"footnotes":""},"categories":[1],"tags":[],"class_list":["post-5315","post","type-post","status-publish","format-standard","has-post-thumbnail","hentry","category-sp-kriens"],"yoast_head":"<!-- This site is optimized with the Yoast SEO plugin v27.5 - https:\/\/yoast.com\/product\/yoast-seo-wordpress\/ -->\n<title>Ylfete Fanaj gew\u00e4hlt \u2013 SP zieht nach 8 Jahren wieder in die Regierung ein - Peter F\u00e4ssler<\/title>\n<meta name=\"robots\" content=\"index, follow, max-snippet:-1, max-image-preview:large, max-video-preview:-1\" \/>\n<link rel=\"canonical\" href=\"https:\/\/peter-faessler.spschweiz.ch\/?p=5315\" \/>\n<meta property=\"og:locale\" content=\"de_DE\" \/>\n<meta property=\"og:type\" content=\"article\" \/>\n<meta property=\"og:title\" content=\"Ylfete Fanaj gew\u00e4hlt \u2013 SP zieht nach 8 Jahren wieder in die Regierung ein - Peter F\u00e4ssler\" \/>\n<meta property=\"og:description\" content=\"Riesige Freude bei der SP: Die Wahl von Ylfete Fanaj ist ein Sieg f\u00fcr die gesamte Linke im Kanton, die erstmals seit 2015 wieder in...\" \/>\n<meta property=\"og:url\" content=\"https:\/\/peter-faessler.spschweiz.ch\/?p=5315\" \/>\n<meta property=\"og:site_name\" content=\"Peter F\u00e4ssler\" \/>\n<meta property=\"article:author\" content=\"www.facebook.com\/peter.fassler.31\" \/>\n<meta property=\"article:published_time\" content=\"2023-05-15T16:17:34+00:00\" \/>\n<meta property=\"og:image\" content=\"http:\/\/peter-faessler.spschweiz.ch\/wp-content\/uploads\/sites\/15\/2023\/05\/IMG-20230514-WA0052.jpg\" \/>\n\t<meta property=\"og:image:width\" content=\"2048\" \/>\n\t<meta property=\"og:image:height\" content=\"1362\" \/>\n\t<meta property=\"og:image:type\" content=\"image\/jpeg\" \/>\n<meta name=\"author\" content=\"Peter F\u00e4ssler\" \/>\n<meta name=\"twitter:label1\" content=\"Verfasst von\" \/>\n\t<meta name=\"twitter:data1\" content=\"Peter F\u00e4ssler\" \/>\n\t<meta name=\"twitter:label2\" content=\"Gesch\u00e4tzte Lesezeit\" \/>\n\t<meta name=\"twitter:data2\" content=\"3\u00a0Minuten\" \/>\n<script type=\"application\/ld+json\" class=\"yoast-schema-graph\">{\"@context\":\"https:\\\/\\\/schema.org\",\"@graph\":[{\"@type\":\"Article\",\"@id\":\"https:\\\/\\\/peter-faessler.spschweiz.ch\\\/?p=5315#article\",\"isPartOf\":{\"@id\":\"https:\\\/\\\/peter-faessler.spschweiz.ch\\\/?p=5315\"},\"author\":{\"name\":\"Peter F\u00e4ssler\",\"@id\":\"https:\\\/\\\/peter-faessler.spschweiz.ch\\\/#\\\/schema\\\/person\\\/7ac2f764b1930b731c670e8a2393b60e\"},\"headline\":\"Ylfete Fanaj gew\u00e4hlt \u2013 SP zieht nach 8 Jahren wieder in die Regierung ein\",\"datePublished\":\"2023-05-15T16:17:34+00:00\",\"mainEntityOfPage\":{\"@id\":\"https:\\\/\\\/peter-faessler.spschweiz.ch\\\/?p=5315\"},\"wordCount\":402,\"commentCount\":0,\"image\":{\"@id\":\"https:\\\/\\\/peter-faessler.spschweiz.ch\\\/?p=5315#primaryimage\"},\"thumbnailUrl\":\"https:\\\/\\\/peter-faessler.spschweiz.ch\\\/wp-content\\\/uploads\\\/sites\\\/15\\\/2023\\\/05\\\/IMG-20230514-WA0052.jpg\",\"articleSection\":[\"SP Kriens\"],\"inLanguage\":\"de\",\"potentialAction\":[{\"@type\":\"CommentAction\",\"name\":\"Comment\",\"target\":[\"https:\\\/\\\/peter-faessler.spschweiz.ch\\\/?p=5315#respond\"]}]},{\"@type\":\"WebPage\",\"@id\":\"https:\\\/\\\/peter-faessler.spschweiz.ch\\\/?p=5315\",\"url\":\"https:\\\/\\\/peter-faessler.spschweiz.ch\\\/?p=5315\",\"name\":\"Ylfete Fanaj gew\u00e4hlt \u2013 SP zieht nach 8 Jahren wieder in die Regierung ein - Peter F\u00e4ssler\",\"isPartOf\":{\"@id\":\"https:\\\/\\\/peter-faessler.spschweiz.ch\\\/#website\"},\"primaryImageOfPage\":{\"@id\":\"https:\\\/\\\/peter-faessler.spschweiz.ch\\\/?p=5315#primaryimage\"},\"image\":{\"@id\":\"https:\\\/\\\/peter-faessler.spschweiz.ch\\\/?p=5315#primaryimage\"},\"thumbnailUrl\":\"https:\\\/\\\/peter-faessler.spschweiz.ch\\\/wp-content\\\/uploads\\\/sites\\\/15\\\/2023\\\/05\\\/IMG-20230514-WA0052.jpg\",\"datePublished\":\"2023-05-15T16:17:34+00:00\",\"author\":{\"@id\":\"https:\\\/\\\/peter-faessler.spschweiz.ch\\\/#\\\/schema\\\/person\\\/7ac2f764b1930b731c670e8a2393b60e\"},\"breadcrumb\":{\"@id\":\"https:\\\/\\\/peter-faessler.spschweiz.ch\\\/?p=5315#breadcrumb\"},\"inLanguage\":\"de\",\"potentialAction\":[{\"@type\":\"ReadAction\",\"target\":[\"https:\\\/\\\/peter-faessler.spschweiz.ch\\\/?p=5315\"]}]},{\"@type\":\"ImageObject\",\"inLanguage\":\"de\",\"@id\":\"https:\\\/\\\/peter-faessler.spschweiz.ch\\\/?p=5315#primaryimage\",\"url\":\"https:\\\/\\\/peter-faessler.spschweiz.ch\\\/wp-content\\\/uploads\\\/sites\\\/15\\\/2023\\\/05\\\/IMG-20230514-WA0052.jpg\",\"contentUrl\":\"https:\\\/\\\/peter-faessler.spschweiz.ch\\\/wp-content\\\/uploads\\\/sites\\\/15\\\/2023\\\/05\\\/IMG-20230514-WA0052.jpg\",\"width\":2048,\"height\":1362},{\"@type\":\"BreadcrumbList\",\"@id\":\"https:\\\/\\\/peter-faessler.spschweiz.ch\\\/?p=5315#breadcrumb\",\"itemListElement\":[{\"@type\":\"ListItem\",\"position\":1,\"name\":\"Startseite\",\"item\":\"https:\\\/\\\/peter-faessler.spschweiz.ch\\\/\"},{\"@type\":\"ListItem\",\"position\":2,\"name\":\"Ylfete Fanaj gew\u00e4hlt \u2013 SP zieht nach 8 Jahren wieder in die Regierung ein\"}]},{\"@type\":\"WebSite\",\"@id\":\"https:\\\/\\\/peter-faessler.spschweiz.ch\\\/#website\",\"url\":\"https:\\\/\\\/peter-faessler.spschweiz.ch\\\/\",\"name\":\"Peter F\u00e4ssler\",\"description\":\"SP Kantonsrat Kanton Luzern\",\"potentialAction\":[{\"@type\":\"SearchAction\",\"target\":{\"@type\":\"EntryPoint\",\"urlTemplate\":\"https:\\\/\\\/peter-faessler.spschweiz.ch\\\/?s={search_term_string}\"},\"query-input\":{\"@type\":\"PropertyValueSpecification\",\"valueRequired\":true,\"valueName\":\"search_term_string\"}}],\"inLanguage\":\"de\"},{\"@type\":\"Person\",\"@id\":\"https:\\\/\\\/peter-faessler.spschweiz.ch\\\/#\\\/schema\\\/person\\\/7ac2f764b1930b731c670e8a2393b60e\",\"name\":\"Peter F\u00e4ssler\",\"image\":{\"@type\":\"ImageObject\",\"inLanguage\":\"de\",\"@id\":\"https:\\\/\\\/secure.gravatar.com\\\/avatar\\\/9da8604da19b11812517d76f206166d47c5e180a26df2de36b8649168e128572?s=96&d=blank&r=g\",\"url\":\"https:\\\/\\\/secure.gravatar.com\\\/avatar\\\/9da8604da19b11812517d76f206166d47c5e180a26df2de36b8649168e128572?s=96&d=blank&r=g\",\"contentUrl\":\"https:\\\/\\\/secure.gravatar.com\\\/avatar\\\/9da8604da19b11812517d76f206166d47c5e180a26df2de36b8649168e128572?s=96&d=blank&r=g\",\"caption\":\"Peter F\u00e4ssler\"},\"description\":\"Peter F\u00e4ssler Schibiweg 7 6006 Luzern\",\"sameAs\":[\"www.facebook.com\\\/peter.fassler.31\",\"https:\\\/\\\/www.instagram.com\\\/peter.fassler.31\\\/\",\"https:\\\/\\\/www.linkedin.com\\\/in\\\/peter-fssler-2518a782\\\/\",\"https:\\\/\\\/x.com\\\/pfaessler56\"],\"url\":\"https:\\\/\\\/peter-faessler.spschweiz.ch\\\/?author=19\"}]}<\/script>\n<!-- \/ Yoast SEO plugin. -->","yoast_head_json":{"title":"Ylfete Fanaj gew\u00e4hlt \u2013 SP zieht nach 8 Jahren wieder in die Regierung ein - Peter F\u00e4ssler","robots":{"index":"index","follow":"follow","max-snippet":"max-snippet:-1","max-image-preview":"max-image-preview:large","max-video-preview":"max-video-preview:-1"},"canonical":"https:\/\/peter-faessler.spschweiz.ch\/?p=5315","og_locale":"de_DE","og_type":"article","og_title":"Ylfete Fanaj gew\u00e4hlt \u2013 SP zieht nach 8 Jahren wieder in die Regierung ein - Peter F\u00e4ssler","og_description":"Riesige Freude bei der SP: Die Wahl von Ylfete Fanaj ist ein Sieg f\u00fcr die gesamte Linke im Kanton, die erstmals seit 2015 wieder in...","og_url":"https:\/\/peter-faessler.spschweiz.ch\/?p=5315","og_site_name":"Peter F\u00e4ssler","article_author":"www.facebook.com\/peter.fassler.31","article_published_time":"2023-05-15T16:17:34+00:00","og_image":[{"width":2048,"height":1362,"url":"http:\/\/peter-faessler.spschweiz.ch\/wp-content\/uploads\/sites\/15\/2023\/05\/IMG-20230514-WA0052.jpg","type":"image\/jpeg"}],"author":"Peter F\u00e4ssler","twitter_misc":{"Verfasst von":"Peter F\u00e4ssler","Gesch\u00e4tzte Lesezeit":"3\u00a0Minuten"},"schema":{"@context":"https:\/\/schema.org","@graph":[{"@type":"Article","@id":"https:\/\/peter-faessler.spschweiz.ch\/?p=5315#article","isPartOf":{"@id":"https:\/\/peter-faessler.spschweiz.ch\/?p=5315"},"author":{"name":"Peter F\u00e4ssler","@id":"https:\/\/peter-faessler.spschweiz.ch\/#\/schema\/person\/7ac2f764b1930b731c670e8a2393b60e"},"headline":"Ylfete Fanaj gew\u00e4hlt \u2013 SP zieht nach 8 Jahren wieder in die Regierung ein","datePublished":"2023-05-15T16:17:34+00:00","mainEntityOfPage":{"@id":"https:\/\/peter-faessler.spschweiz.ch\/?p=5315"},"wordCount":402,"commentCount":0,"image":{"@id":"https:\/\/peter-faessler.spschweiz.ch\/?p=5315#primaryimage"},"thumbnailUrl":"https:\/\/peter-faessler.spschweiz.ch\/wp-content\/uploads\/sites\/15\/2023\/05\/IMG-20230514-WA0052.jpg","articleSection":["SP Kriens"],"inLanguage":"de","potentialAction":[{"@type":"CommentAction","name":"Comment","target":["https:\/\/peter-faessler.spschweiz.ch\/?p=5315#respond"]}]},{"@type":"WebPage","@id":"https:\/\/peter-faessler.spschweiz.ch\/?p=5315","url":"https:\/\/peter-faessler.spschweiz.ch\/?p=5315","name":"Ylfete Fanaj gew\u00e4hlt \u2013 SP zieht nach 8 Jahren wieder in die Regierung ein - Peter F\u00e4ssler","isPartOf":{"@id":"https:\/\/peter-faessler.spschweiz.ch\/#website"},"primaryImageOfPage":{"@id":"https:\/\/peter-faessler.spschweiz.ch\/?p=5315#primaryimage"},"image":{"@id":"https:\/\/peter-faessler.spschweiz.ch\/?p=5315#primaryimage"},"thumbnailUrl":"https:\/\/peter-faessler.spschweiz.ch\/wp-content\/uploads\/sites\/15\/2023\/05\/IMG-20230514-WA0052.jpg","datePublished":"2023-05-15T16:17:34+00:00","author":{"@id":"https:\/\/peter-faessler.spschweiz.ch\/#\/schema\/person\/7ac2f764b1930b731c670e8a2393b60e"},"breadcrumb":{"@id":"https:\/\/peter-faessler.spschweiz.ch\/?p=5315#breadcrumb"},"inLanguage":"de","potentialAction":[{"@type":"ReadAction","target":["https:\/\/peter-faessler.spschweiz.ch\/?p=5315"]}]},{"@type":"ImageObject","inLanguage":"de","@id":"https:\/\/peter-faessler.spschweiz.ch\/?p=5315#primaryimage","url":"https:\/\/peter-faessler.spschweiz.ch\/wp-content\/uploads\/sites\/15\/2023\/05\/IMG-20230514-WA0052.jpg","contentUrl":"https:\/\/peter-faessler.spschweiz.ch\/wp-content\/uploads\/sites\/15\/2023\/05\/IMG-20230514-WA0052.jpg","width":2048,"height":1362},{"@type":"BreadcrumbList","@id":"https:\/\/peter-faessler.spschweiz.ch\/?p=5315#breadcrumb","itemListElement":[{"@type":"ListItem","position":1,"name":"Startseite","item":"https:\/\/peter-faessler.spschweiz.ch\/"},{"@type":"ListItem","position":2,"name":"Ylfete Fanaj gew\u00e4hlt \u2013 SP zieht nach 8 Jahren wieder in die Regierung ein"}]},{"@type":"WebSite","@id":"https:\/\/peter-faessler.spschweiz.ch\/#website","url":"https:\/\/peter-faessler.spschweiz.ch\/","name":"Peter F\u00e4ssler","description":"SP Kantonsrat Kanton Luzern","potentialAction":[{"@type":"SearchAction","target":{"@type":"EntryPoint","urlTemplate":"https:\/\/peter-faessler.spschweiz.ch\/?s={search_term_string}"},"query-input":{"@type":"PropertyValueSpecification","valueRequired":true,"valueName":"search_term_string"}}],"inLanguage":"de"},{"@type":"Person","@id":"https:\/\/peter-faessler.spschweiz.ch\/#\/schema\/person\/7ac2f764b1930b731c670e8a2393b60e","name":"Peter F\u00e4ssler","image":{"@type":"ImageObject","inLanguage":"de","@id":"https:\/\/secure.gravatar.com\/avatar\/9da8604da19b11812517d76f206166d47c5e180a26df2de36b8649168e128572?s=96&d=blank&r=g","url":"https:\/\/secure.gravatar.com\/avatar\/9da8604da19b11812517d76f206166d47c5e180a26df2de36b8649168e128572?s=96&d=blank&r=g","contentUrl":"https:\/\/secure.gravatar.com\/avatar\/9da8604da19b11812517d76f206166d47c5e180a26df2de36b8649168e128572?s=96&d=blank&r=g","caption":"Peter F\u00e4ssler"},"description":"Peter F\u00e4ssler Schibiweg 7 6006 Luzern","sameAs":["www.facebook.com\/peter.fassler.31","https:\/\/www.instagram.com\/peter.fassler.31\/","https:\/\/www.linkedin.com\/in\/peter-fssler-2518a782\/","https:\/\/x.com\/pfaessler56"],"url":"https:\/\/peter-faessler.spschweiz.ch\/?author=19"}]}},"_links":{"self":[{"href":"https:\/\/peter-faessler.spschweiz.ch\/index.php?rest_route=\/wp\/v2\/posts\/5315","targetHints":{"allow":["GET"]}}],"collection":[{"href":"https:\/\/peter-faessler.spschweiz.ch\/index.php?rest_route=\/wp\/v2\/posts"}],"about":[{"href":"https:\/\/peter-faessler.spschweiz.ch\/index.php?rest_route=\/wp\/v2\/types\/post"}],"author":[{"embeddable":true,"href":"https:\/\/peter-faessler.spschweiz.ch\/index.php?rest_route=\/wp\/v2\/users\/19"}],"replies":[{"embeddable":true,"href":"https:\/\/peter-faessler.spschweiz.ch\/index.php?rest_route=%2Fwp%2Fv2%2Fcomments&post=5315"}],"version-history":[{"count":2,"href":"https:\/\/peter-faessler.spschweiz.ch\/index.php?rest_route=\/wp\/v2\/posts\/5315\/revisions"}],"predecessor-version":[{"id":5368,"href":"https:\/\/peter-faessler.spschweiz.ch\/index.php?rest_route=\/wp\/v2\/posts\/5315\/revisions\/5368"}],"wp:featuredmedia":[{"embeddable":true,"href":"https:\/\/peter-faessler.spschweiz.ch\/index.php?rest_route=\/wp\/v2\/media\/5367"}],"wp:attachment":[{"href":"https:\/\/peter-faessler.spschweiz.ch\/index.php?rest_route=%2Fwp%2Fv2%2Fmedia&parent=5315"}],"wp:term":[{"taxonomy":"category","embeddable":true,"href":"https:\/\/peter-faessler.spschweiz.ch\/index.php?rest_route=%2Fwp%2Fv2%2Fcategories&post=5315"},{"taxonomy":"post_tag","embeddable":true,"href":"https:\/\/peter-faessler.spschweiz.ch\/index.php?rest_route=%2Fwp%2Fv2%2Ftags&post=5315"}],"curies":[{"name":"wp","href":"https:\/\/api.w.org\/{rel}","templated":true}]}}