{"id":5510,"date":"2023-09-13T15:32:29","date_gmt":"2023-09-13T13:32:29","guid":{"rendered":"https:\/\/peter-faessler.spschweiz.ch\/?p=5510"},"modified":"2023-09-13T15:34:23","modified_gmt":"2023-09-13T13:34:23","slug":"september-session-des-kantonsrats-luzern-vom-11-12-und-18-september-2023-2-sessionstag-vom-12-09-2023","status":"publish","type":"post","link":"https:\/\/peter-faessler.spschweiz.ch\/?p=5510","title":{"rendered":"September-Session des Kantonsrats Luzern vom 11., 12. und 18. September 2023 &#8211; 2. Sessionstag vom 12.09.2023"},"content":{"rendered":"<p>Der Luzerner Kantonsrat trifft sich zur September-Session im Regierungsgeb\u00e4ude in Luzern. Hier der Link zum <a href=\"https:\/\/www.lu.ch\/kr\/mitglieder_und_organe\/sitzordnung\" target=\"_blank\" rel=\"noopener\">Sitzplan<\/a> im Kantonsrat sowie der <a href=\"https:\/\/www.lu.ch\/kr\/Sessionen\/sessionsdaten_2023\/detail?guid=42c5433ec8ff47438fd337594394d29e&amp;cal=63CAF1B5B9B14E58B57E369607A9BD7D\" target=\"_blank\" rel=\"noopener\">Link zur Traktandenliste und zu den Live-Streams<\/a>.<\/p>\n<p>Der zweite Sessionstag dauert nur bis zum Mittag. Am Nachmittag finden die traditionellen Fraktionsausfl\u00fcge statt. Die SP-Fraktion besucht eine Ausstellung \u00fcber Energie im Verkehrshaus der Schweiz.<\/p>\n<h2>Kurzprotokoll<\/h2>\n<h3>Dringlicher Vorstoss<\/h3>\n<ol start=\"68\">\n<li><strong>P 24 Postulat Birrer Martin und Mit. \u00fcber die Verbesserung der Abl\u00e4ufe bei der Erstellung von PV-Anlagen f\u00fcr das \u00f6ffentliche Netz<\/strong> \/ Bau-, Umwelt und Wirtschaftsdepartement<br \/>\nAntrag Regierungsrat: Erheblicherkl\u00e4rung<br \/>\nBeschluss Kantonsrat: Erheblich erkl\u00e4rt<\/li>\n<\/ol>\n<h3>Parlamentarische Vorst\u00f6sse<\/h3>\n<div id=\"attachment_4476\" style=\"width: 310px\" class=\"wp-caption alignright\"><img loading=\"lazy\" decoding=\"async\" aria-describedby=\"caption-attachment-4476\" class=\"size-medium wp-image-4476\" src=\"http:\/\/peter-faessler.spschweiz.ch\/wp-content\/uploads\/sites\/15\/2022\/01\/2018_img_xlarge-300x225.jpg\" alt=\"\" width=\"300\" height=\"225\" srcset=\"https:\/\/peter-faessler.spschweiz.ch\/wp-content\/uploads\/sites\/15\/2022\/01\/2018_img_xlarge-300x225.jpg 300w, https:\/\/peter-faessler.spschweiz.ch\/wp-content\/uploads\/sites\/15\/2022\/01\/2018_img_xlarge-1024x768.jpg 1024w, https:\/\/peter-faessler.spschweiz.ch\/wp-content\/uploads\/sites\/15\/2022\/01\/2018_img_xlarge-150x113.jpg 150w, https:\/\/peter-faessler.spschweiz.ch\/wp-content\/uploads\/sites\/15\/2022\/01\/2018_img_xlarge-768x576.jpg 768w, https:\/\/peter-faessler.spschweiz.ch\/wp-content\/uploads\/sites\/15\/2022\/01\/2018_img_xlarge-1536x1152.jpg 1536w, https:\/\/peter-faessler.spschweiz.ch\/wp-content\/uploads\/sites\/15\/2022\/01\/2018_img_xlarge.jpg 1920w\" sizes=\"auto, (max-width: 300px) 100vw, 300px\" \/><p id=\"caption-attachment-4476\" class=\"wp-caption-text\">Bild: Stadt Kriens<\/p><\/div>\n<p><span class=\"fontstyle0\">24. <strong>P 859 *Postulat Zbinden Samuel und Mit. \u00fcber autofreie Sonntage im Kanton Luzern<\/strong> \/ Bau-, Umwelt- und Wirtschaftsdepartement<br \/>\nAntrag Regierungsrat:Ablehnung<br \/>\n<\/span><span class=\"fontstyle2\">Beschluss Kantonsrat: <\/span><span class=\"fontstyle0\">Ablehnung<\/span><\/p>\n<p>25. <strong>P 867 *Postulat Wyss Josef und Mit. \u00fcber den maximalen Nutzen des Durchgangsbahnhofs Luzern f\u00fcr die Region und den Kanton Luzern<\/strong> \/ Bau-, Umwelt- und Wirtschaftsdepartement<br \/>\nAntrag Regierungsrat:Erheblicherkl\u00e4rung<br \/>\n<span class=\"fontstyle2\">Beschluss Kantonsrat: <\/span><span class=\"fontstyle0\">Erheblicherkl\u00e4rung<\/span><\/p>\n<p>26.<strong> P 882 *Postulat Frey Monique und Mit. \u00fcber eine Optimierung der Verkehrsf\u00fchrung auf dem Seetalplatz<\/strong> \/ Bau-, Umwelt- und Wirtschaftsdepartement<br \/>\nAntrag Regierungsrat:Ablehnung<br \/>\n<span class=\"fontstyle2\">Beschluss Kantonsrat: <\/span><span class=\"fontstyle0\">Ablehnung<\/span><\/p>\n<p>27. <strong>P 858 *Postulat Candan Hasan und Mit. \u00fcber die Sicherstellung des Betriebes des Agrarmuseums Burgrain<\/strong> \/ Bildungs- und Kulturdepartement i. V. mit Bau-, Umwelt- und Wirtschaftsdepartement<br \/>\nAntrag Regierungsrat:Teilweise Erheblicherkl\u00e4rung<br \/>\n<span class=\"fontstyle2\">Beschluss Kantonsrat: <\/span><span class=\"fontstyle0\">Teilweise Erheblicherkl\u00e4rung<\/span><\/p>\n<p>28.<strong> A 987 *Anfrage Meyer J\u00f6rg und Mit. \u00fcber die Berufsmatura<\/strong> \/ Bildungs- und Kulturdepartement<br \/>\n<span class=\"fontstyle2\">Die Anfrage wurde vom Regierungsrat schriftlich beantwortet. Der<br \/>\nAnfragende ist mit der Antwort teilweise zufrieden. Diskussion.<\/span><\/p>\n<p><span class=\"fontstyle0\">29. <strong>P 849 *Postulat H\u00e4fliger-Kunz Priska und Mit. \u00fcber die Einf\u00fchrung der Schulsozialarbeit an Untergymnasien<\/strong> \/ Bildungs- und Kulturdepartement<br \/>\nAntrag Regierungsrat:Erheblicherkl\u00e4rung<br \/>\n<\/span><span class=\"fontstyle2\">Beschluss Kantonsrat: <\/span><span class=\"fontstyle0\">Erheblicherkl\u00e4rung<\/span><\/p>\n<p>30. <strong>P 898 *Postulat Sager Stephanie und Mit. f\u00fcr ein Datenmonitoring zur Gew\u00e4hrleistung der Bildungsqualit\u00e4t aufgrund des akuten Lehrpersonenmangels<\/strong> \/ Bildungs- und Kulturdepartement<br \/>\nAntrag Regierungsrat:Ablehnung<br \/>\n<span class=\"fontstyle2\">Beschluss Kantonsrat: <\/span><span class=\"fontstyle0\">Ablehnung<\/span><\/p>\n","protected":false},"excerpt":{"rendered":"<p>Der Luzerner Kantonsrat trifft sich zur September-Session im Regierungsgeb\u00e4ude in Luzern. Hier der Link zum Sitzplan im Kantonsrat sowie der Link zur Traktandenliste und zu&#8230;<\/p>\n","protected":false},"author":19,"featured_media":0,"comment_status":"open","ping_status":"open","sticky":false,"template":"","format":"standard","meta":{"footnotes":""},"categories":[22,23,30,21,25,127,128],"tags":[8,9,16,19,26,31,7,10,15],"class_list":["post-5510","post","type-post","status-publish","format-standard","hentry","category-kantonsrat-luzern","category-kantonsratsession","category-parlament","category-politik","category-session-kantonsrat-luzern","category-sp-kanton-luzern","category-sp-kantonsratsfraktion","tag-kanton-luzern","tag-kantonsrat","tag-kantonsrat-kanton-luzern","tag-kantonsrat-luzern","tag-kantonsratssession","tag-parlament","tag-politik","tag-session","tag-sp"],"yoast_head":"<!-- This site is optimized with the Yoast SEO plugin v27.5 - https:\/\/yoast.com\/product\/yoast-seo-wordpress\/ -->\n<title>September-Session des Kantonsrats Luzern vom 11., 12. und 18. September 2023 - 2. Sessionstag vom 12.09.2023 - Peter F\u00e4ssler<\/title>\n<meta name=\"robots\" content=\"index, follow, max-snippet:-1, max-image-preview:large, max-video-preview:-1\" \/>\n<link rel=\"canonical\" href=\"https:\/\/peter-faessler.spschweiz.ch\/?p=5510\" \/>\n<meta property=\"og:locale\" content=\"de_DE\" \/>\n<meta property=\"og:type\" content=\"article\" \/>\n<meta property=\"og:title\" content=\"September-Session des Kantonsrats Luzern vom 11., 12. und 18. September 2023 - 2. Sessionstag vom 12.09.2023 - Peter F\u00e4ssler\" \/>\n<meta property=\"og:description\" content=\"Der Luzerner Kantonsrat trifft sich zur September-Session im Regierungsgeb\u00e4ude in Luzern. Hier der Link zum Sitzplan im Kantonsrat sowie der Link zur Traktandenliste und zu...\" \/>\n<meta property=\"og:url\" content=\"https:\/\/peter-faessler.spschweiz.ch\/?p=5510\" \/>\n<meta property=\"og:site_name\" content=\"Peter F\u00e4ssler\" \/>\n<meta property=\"article:author\" content=\"www.facebook.com\/peter.fassler.31\" \/>\n<meta property=\"article:published_time\" content=\"2023-09-13T13:32:29+00:00\" \/>\n<meta property=\"article:modified_time\" content=\"2023-09-13T13:34:23+00:00\" \/>\n<meta property=\"og:image\" content=\"http:\/\/peter-faessler.spschweiz.ch\/wp-content\/uploads\/sites\/15\/2022\/01\/2018_img_xlarge-300x225.jpg\" \/>\n<meta name=\"author\" content=\"Peter F\u00e4ssler\" \/>\n<meta name=\"twitter:label1\" content=\"Verfasst von\" \/>\n\t<meta name=\"twitter:data1\" content=\"Peter F\u00e4ssler\" \/>\n\t<meta name=\"twitter:label2\" content=\"Gesch\u00e4tzte Lesezeit\" \/>\n\t<meta name=\"twitter:data2\" content=\"2\u00a0Minuten\" \/>\n<script type=\"application\/ld+json\" class=\"yoast-schema-graph\">{\"@context\":\"https:\\\/\\\/schema.org\",\"@graph\":[{\"@type\":\"Article\",\"@id\":\"https:\\\/\\\/peter-faessler.spschweiz.ch\\\/?p=5510#article\",\"isPartOf\":{\"@id\":\"https:\\\/\\\/peter-faessler.spschweiz.ch\\\/?p=5510\"},\"author\":{\"name\":\"Peter F\u00e4ssler\",\"@id\":\"https:\\\/\\\/peter-faessler.spschweiz.ch\\\/#\\\/schema\\\/person\\\/7ac2f764b1930b731c670e8a2393b60e\"},\"headline\":\"September-Session des Kantonsrats Luzern vom 11., 12. und 18. September 2023 &#8211; 2. Sessionstag vom 12.09.2023\",\"datePublished\":\"2023-09-13T13:32:29+00:00\",\"dateModified\":\"2023-09-13T13:34:23+00:00\",\"mainEntityOfPage\":{\"@id\":\"https:\\\/\\\/peter-faessler.spschweiz.ch\\\/?p=5510\"},\"wordCount\":314,\"commentCount\":0,\"image\":{\"@id\":\"https:\\\/\\\/peter-faessler.spschweiz.ch\\\/?p=5510#primaryimage\"},\"thumbnailUrl\":\"http:\\\/\\\/peter-faessler.spschweiz.ch\\\/wp-content\\\/uploads\\\/sites\\\/15\\\/2022\\\/01\\\/2018_img_xlarge-300x225.jpg\",\"keywords\":[\"Kanton Luzern\",\"Kantonsrat\",\"Kantonsrat Kanton Luzern\",\"Kantonsrat Luzern\",\"Kantonsratssession\",\"Parlament\",\"Politik\",\"Session\",\"SP\"],\"articleSection\":[\"Kantonsrat Luzern\",\"Kantonsratsession\",\"Parlament\",\"Politik\",\"Session Kantonsrat Luzern\",\"SP Kanton Luzern\",\"SP Kantonsratsfraktion\"],\"inLanguage\":\"de\",\"potentialAction\":[{\"@type\":\"CommentAction\",\"name\":\"Comment\",\"target\":[\"https:\\\/\\\/peter-faessler.spschweiz.ch\\\/?p=5510#respond\"]}]},{\"@type\":\"WebPage\",\"@id\":\"https:\\\/\\\/peter-faessler.spschweiz.ch\\\/?p=5510\",\"url\":\"https:\\\/\\\/peter-faessler.spschweiz.ch\\\/?p=5510\",\"name\":\"September-Session des Kantonsrats Luzern vom 11., 12. und 18. September 2023 - 2. Sessionstag vom 12.09.2023 - Peter F\u00e4ssler\",\"isPartOf\":{\"@id\":\"https:\\\/\\\/peter-faessler.spschweiz.ch\\\/#website\"},\"primaryImageOfPage\":{\"@id\":\"https:\\\/\\\/peter-faessler.spschweiz.ch\\\/?p=5510#primaryimage\"},\"image\":{\"@id\":\"https:\\\/\\\/peter-faessler.spschweiz.ch\\\/?p=5510#primaryimage\"},\"thumbnailUrl\":\"http:\\\/\\\/peter-faessler.spschweiz.ch\\\/wp-content\\\/uploads\\\/sites\\\/15\\\/2022\\\/01\\\/2018_img_xlarge-300x225.jpg\",\"datePublished\":\"2023-09-13T13:32:29+00:00\",\"dateModified\":\"2023-09-13T13:34:23+00:00\",\"author\":{\"@id\":\"https:\\\/\\\/peter-faessler.spschweiz.ch\\\/#\\\/schema\\\/person\\\/7ac2f764b1930b731c670e8a2393b60e\"},\"breadcrumb\":{\"@id\":\"https:\\\/\\\/peter-faessler.spschweiz.ch\\\/?p=5510#breadcrumb\"},\"inLanguage\":\"de\",\"potentialAction\":[{\"@type\":\"ReadAction\",\"target\":[\"https:\\\/\\\/peter-faessler.spschweiz.ch\\\/?p=5510\"]}]},{\"@type\":\"ImageObject\",\"inLanguage\":\"de\",\"@id\":\"https:\\\/\\\/peter-faessler.spschweiz.ch\\\/?p=5510#primaryimage\",\"url\":\"http:\\\/\\\/peter-faessler.spschweiz.ch\\\/wp-content\\\/uploads\\\/sites\\\/15\\\/2022\\\/01\\\/2018_img_xlarge-300x225.jpg\",\"contentUrl\":\"http:\\\/\\\/peter-faessler.spschweiz.ch\\\/wp-content\\\/uploads\\\/sites\\\/15\\\/2022\\\/01\\\/2018_img_xlarge-300x225.jpg\"},{\"@type\":\"BreadcrumbList\",\"@id\":\"https:\\\/\\\/peter-faessler.spschweiz.ch\\\/?p=5510#breadcrumb\",\"itemListElement\":[{\"@type\":\"ListItem\",\"position\":1,\"name\":\"Startseite\",\"item\":\"https:\\\/\\\/peter-faessler.spschweiz.ch\\\/\"},{\"@type\":\"ListItem\",\"position\":2,\"name\":\"September-Session des Kantonsrats Luzern vom 11., 12. und 18. September 2023 &#8211; 2. Sessionstag vom 12.09.2023\"}]},{\"@type\":\"WebSite\",\"@id\":\"https:\\\/\\\/peter-faessler.spschweiz.ch\\\/#website\",\"url\":\"https:\\\/\\\/peter-faessler.spschweiz.ch\\\/\",\"name\":\"Peter F\u00e4ssler\",\"description\":\"SP Kantonsrat Kanton Luzern\",\"potentialAction\":[{\"@type\":\"SearchAction\",\"target\":{\"@type\":\"EntryPoint\",\"urlTemplate\":\"https:\\\/\\\/peter-faessler.spschweiz.ch\\\/?s={search_term_string}\"},\"query-input\":{\"@type\":\"PropertyValueSpecification\",\"valueRequired\":true,\"valueName\":\"search_term_string\"}}],\"inLanguage\":\"de\"},{\"@type\":\"Person\",\"@id\":\"https:\\\/\\\/peter-faessler.spschweiz.ch\\\/#\\\/schema\\\/person\\\/7ac2f764b1930b731c670e8a2393b60e\",\"name\":\"Peter F\u00e4ssler\",\"image\":{\"@type\":\"ImageObject\",\"inLanguage\":\"de\",\"@id\":\"https:\\\/\\\/secure.gravatar.com\\\/avatar\\\/9da8604da19b11812517d76f206166d47c5e180a26df2de36b8649168e128572?s=96&d=blank&r=g\",\"url\":\"https:\\\/\\\/secure.gravatar.com\\\/avatar\\\/9da8604da19b11812517d76f206166d47c5e180a26df2de36b8649168e128572?s=96&d=blank&r=g\",\"contentUrl\":\"https:\\\/\\\/secure.gravatar.com\\\/avatar\\\/9da8604da19b11812517d76f206166d47c5e180a26df2de36b8649168e128572?s=96&d=blank&r=g\",\"caption\":\"Peter F\u00e4ssler\"},\"description\":\"Peter F\u00e4ssler Schibiweg 7 6006 Luzern\",\"sameAs\":[\"www.facebook.com\\\/peter.fassler.31\",\"https:\\\/\\\/www.instagram.com\\\/peter.fassler.31\\\/\",\"https:\\\/\\\/www.linkedin.com\\\/in\\\/peter-fssler-2518a782\\\/\",\"https:\\\/\\\/x.com\\\/pfaessler56\"],\"url\":\"https:\\\/\\\/peter-faessler.spschweiz.ch\\\/?author=19\"}]}<\/script>\n<!-- \/ Yoast SEO plugin. -->","yoast_head_json":{"title":"September-Session des Kantonsrats Luzern vom 11., 12. und 18. September 2023 - 2. Sessionstag vom 12.09.2023 - Peter F\u00e4ssler","robots":{"index":"index","follow":"follow","max-snippet":"max-snippet:-1","max-image-preview":"max-image-preview:large","max-video-preview":"max-video-preview:-1"},"canonical":"https:\/\/peter-faessler.spschweiz.ch\/?p=5510","og_locale":"de_DE","og_type":"article","og_title":"September-Session des Kantonsrats Luzern vom 11., 12. und 18. September 2023 - 2. Sessionstag vom 12.09.2023 - Peter F\u00e4ssler","og_description":"Der Luzerner Kantonsrat trifft sich zur September-Session im Regierungsgeb\u00e4ude in Luzern. Hier der Link zum Sitzplan im Kantonsrat sowie der Link zur Traktandenliste und zu...","og_url":"https:\/\/peter-faessler.spschweiz.ch\/?p=5510","og_site_name":"Peter F\u00e4ssler","article_author":"www.facebook.com\/peter.fassler.31","article_published_time":"2023-09-13T13:32:29+00:00","article_modified_time":"2023-09-13T13:34:23+00:00","og_image":[{"url":"http:\/\/peter-faessler.spschweiz.ch\/wp-content\/uploads\/sites\/15\/2022\/01\/2018_img_xlarge-300x225.jpg","type":"","width":"","height":""}],"author":"Peter F\u00e4ssler","twitter_misc":{"Verfasst von":"Peter F\u00e4ssler","Gesch\u00e4tzte Lesezeit":"2\u00a0Minuten"},"schema":{"@context":"https:\/\/schema.org","@graph":[{"@type":"Article","@id":"https:\/\/peter-faessler.spschweiz.ch\/?p=5510#article","isPartOf":{"@id":"https:\/\/peter-faessler.spschweiz.ch\/?p=5510"},"author":{"name":"Peter F\u00e4ssler","@id":"https:\/\/peter-faessler.spschweiz.ch\/#\/schema\/person\/7ac2f764b1930b731c670e8a2393b60e"},"headline":"September-Session des Kantonsrats Luzern vom 11., 12. und 18. September 2023 &#8211; 2. Sessionstag vom 12.09.2023","datePublished":"2023-09-13T13:32:29+00:00","dateModified":"2023-09-13T13:34:23+00:00","mainEntityOfPage":{"@id":"https:\/\/peter-faessler.spschweiz.ch\/?p=5510"},"wordCount":314,"commentCount":0,"image":{"@id":"https:\/\/peter-faessler.spschweiz.ch\/?p=5510#primaryimage"},"thumbnailUrl":"http:\/\/peter-faessler.spschweiz.ch\/wp-content\/uploads\/sites\/15\/2022\/01\/2018_img_xlarge-300x225.jpg","keywords":["Kanton Luzern","Kantonsrat","Kantonsrat Kanton Luzern","Kantonsrat Luzern","Kantonsratssession","Parlament","Politik","Session","SP"],"articleSection":["Kantonsrat Luzern","Kantonsratsession","Parlament","Politik","Session Kantonsrat Luzern","SP Kanton Luzern","SP Kantonsratsfraktion"],"inLanguage":"de","potentialAction":[{"@type":"CommentAction","name":"Comment","target":["https:\/\/peter-faessler.spschweiz.ch\/?p=5510#respond"]}]},{"@type":"WebPage","@id":"https:\/\/peter-faessler.spschweiz.ch\/?p=5510","url":"https:\/\/peter-faessler.spschweiz.ch\/?p=5510","name":"September-Session des Kantonsrats Luzern vom 11., 12. und 18. September 2023 - 2. Sessionstag vom 12.09.2023 - Peter F\u00e4ssler","isPartOf":{"@id":"https:\/\/peter-faessler.spschweiz.ch\/#website"},"primaryImageOfPage":{"@id":"https:\/\/peter-faessler.spschweiz.ch\/?p=5510#primaryimage"},"image":{"@id":"https:\/\/peter-faessler.spschweiz.ch\/?p=5510#primaryimage"},"thumbnailUrl":"http:\/\/peter-faessler.spschweiz.ch\/wp-content\/uploads\/sites\/15\/2022\/01\/2018_img_xlarge-300x225.jpg","datePublished":"2023-09-13T13:32:29+00:00","dateModified":"2023-09-13T13:34:23+00:00","author":{"@id":"https:\/\/peter-faessler.spschweiz.ch\/#\/schema\/person\/7ac2f764b1930b731c670e8a2393b60e"},"breadcrumb":{"@id":"https:\/\/peter-faessler.spschweiz.ch\/?p=5510#breadcrumb"},"inLanguage":"de","potentialAction":[{"@type":"ReadAction","target":["https:\/\/peter-faessler.spschweiz.ch\/?p=5510"]}]},{"@type":"ImageObject","inLanguage":"de","@id":"https:\/\/peter-faessler.spschweiz.ch\/?p=5510#primaryimage","url":"http:\/\/peter-faessler.spschweiz.ch\/wp-content\/uploads\/sites\/15\/2022\/01\/2018_img_xlarge-300x225.jpg","contentUrl":"http:\/\/peter-faessler.spschweiz.ch\/wp-content\/uploads\/sites\/15\/2022\/01\/2018_img_xlarge-300x225.jpg"},{"@type":"BreadcrumbList","@id":"https:\/\/peter-faessler.spschweiz.ch\/?p=5510#breadcrumb","itemListElement":[{"@type":"ListItem","position":1,"name":"Startseite","item":"https:\/\/peter-faessler.spschweiz.ch\/"},{"@type":"ListItem","position":2,"name":"September-Session des Kantonsrats Luzern vom 11., 12. und 18. September 2023 &#8211; 2. Sessionstag vom 12.09.2023"}]},{"@type":"WebSite","@id":"https:\/\/peter-faessler.spschweiz.ch\/#website","url":"https:\/\/peter-faessler.spschweiz.ch\/","name":"Peter F\u00e4ssler","description":"SP Kantonsrat Kanton Luzern","potentialAction":[{"@type":"SearchAction","target":{"@type":"EntryPoint","urlTemplate":"https:\/\/peter-faessler.spschweiz.ch\/?s={search_term_string}"},"query-input":{"@type":"PropertyValueSpecification","valueRequired":true,"valueName":"search_term_string"}}],"inLanguage":"de"},{"@type":"Person","@id":"https:\/\/peter-faessler.spschweiz.ch\/#\/schema\/person\/7ac2f764b1930b731c670e8a2393b60e","name":"Peter F\u00e4ssler","image":{"@type":"ImageObject","inLanguage":"de","@id":"https:\/\/secure.gravatar.com\/avatar\/9da8604da19b11812517d76f206166d47c5e180a26df2de36b8649168e128572?s=96&d=blank&r=g","url":"https:\/\/secure.gravatar.com\/avatar\/9da8604da19b11812517d76f206166d47c5e180a26df2de36b8649168e128572?s=96&d=blank&r=g","contentUrl":"https:\/\/secure.gravatar.com\/avatar\/9da8604da19b11812517d76f206166d47c5e180a26df2de36b8649168e128572?s=96&d=blank&r=g","caption":"Peter F\u00e4ssler"},"description":"Peter F\u00e4ssler Schibiweg 7 6006 Luzern","sameAs":["www.facebook.com\/peter.fassler.31","https:\/\/www.instagram.com\/peter.fassler.31\/","https:\/\/www.linkedin.com\/in\/peter-fssler-2518a782\/","https:\/\/x.com\/pfaessler56"],"url":"https:\/\/peter-faessler.spschweiz.ch\/?author=19"}]}},"_links":{"self":[{"href":"https:\/\/peter-faessler.spschweiz.ch\/index.php?rest_route=\/wp\/v2\/posts\/5510","targetHints":{"allow":["GET"]}}],"collection":[{"href":"https:\/\/peter-faessler.spschweiz.ch\/index.php?rest_route=\/wp\/v2\/posts"}],"about":[{"href":"https:\/\/peter-faessler.spschweiz.ch\/index.php?rest_route=\/wp\/v2\/types\/post"}],"author":[{"embeddable":true,"href":"https:\/\/peter-faessler.spschweiz.ch\/index.php?rest_route=\/wp\/v2\/users\/19"}],"replies":[{"embeddable":true,"href":"https:\/\/peter-faessler.spschweiz.ch\/index.php?rest_route=%2Fwp%2Fv2%2Fcomments&post=5510"}],"version-history":[{"count":7,"href":"https:\/\/peter-faessler.spschweiz.ch\/index.php?rest_route=\/wp\/v2\/posts\/5510\/revisions"}],"predecessor-version":[{"id":5517,"href":"https:\/\/peter-faessler.spschweiz.ch\/index.php?rest_route=\/wp\/v2\/posts\/5510\/revisions\/5517"}],"wp:attachment":[{"href":"https:\/\/peter-faessler.spschweiz.ch\/index.php?rest_route=%2Fwp%2Fv2%2Fmedia&parent=5510"}],"wp:term":[{"taxonomy":"category","embeddable":true,"href":"https:\/\/peter-faessler.spschweiz.ch\/index.php?rest_route=%2Fwp%2Fv2%2Fcategories&post=5510"},{"taxonomy":"post_tag","embeddable":true,"href":"https:\/\/peter-faessler.spschweiz.ch\/index.php?rest_route=%2Fwp%2Fv2%2Ftags&post=5510"}],"curies":[{"name":"wp","href":"https:\/\/api.w.org\/{rel}","templated":true}]}}