{"id":5532,"date":"2023-11-05T17:31:44","date_gmt":"2023-11-05T16:31:44","guid":{"rendered":"https:\/\/peter-faessler.spschweiz.ch\/?p=5532"},"modified":"2023-11-05T18:48:40","modified_gmt":"2023-11-05T17:48:40","slug":"mein-postulat-ueber-die-sicherung-von-vorhandenen-stark-frequentierten-badeplaet-zen-am-vierwaldstaettersee","status":"publish","type":"post","link":"https:\/\/peter-faessler.spschweiz.ch\/?p=5532","title":{"rendered":"Mein Postulat \u00fcber die Sicherung von vorhandenen, stark frequentierten Badepl\u00e4t-zen am Vierwaldst\u00e4ttersee"},"content":{"rendered":"<p>Am 30. Januar 2023 reichte ich folgendes Postulat P 1056 ein:<\/p>\n<h4>Forderung:<\/h4>\n<p><strong>Der Regierungsrat wird aufgefordert, zusammen mit den entsprechenden Standortgemeinden zu pr\u00fcfen, wo am Vierwaldst\u00e4ttersee vorhandene, stark frequentierte inoffizielle Badepl\u00e4tze f\u00fcr schwimmende Personen sicherer gemacht werden k\u00f6nnen.<\/strong><\/p>\n<h4>Begr\u00fcndung:<\/h4>\n<div id=\"attachment_5538\" style=\"width: 310px\" class=\"wp-caption alignright\"><img loading=\"lazy\" decoding=\"async\" aria-describedby=\"caption-attachment-5538\" class=\"size-medium wp-image-5538\" src=\"http:\/\/peter-faessler.spschweiz.ch\/wp-content\/uploads\/sites\/15\/2023\/10\/Lidowiese-Zentralplus-300x225.jpeg\" alt=\"\" width=\"300\" height=\"225\" srcset=\"https:\/\/peter-faessler.spschweiz.ch\/wp-content\/uploads\/sites\/15\/2023\/10\/Lidowiese-Zentralplus-300x225.jpeg 300w, https:\/\/peter-faessler.spschweiz.ch\/wp-content\/uploads\/sites\/15\/2023\/10\/Lidowiese-Zentralplus-1024x768.jpeg 1024w, https:\/\/peter-faessler.spschweiz.ch\/wp-content\/uploads\/sites\/15\/2023\/10\/Lidowiese-Zentralplus-150x113.jpeg 150w, https:\/\/peter-faessler.spschweiz.ch\/wp-content\/uploads\/sites\/15\/2023\/10\/Lidowiese-Zentralplus-768x576.jpeg 768w, https:\/\/peter-faessler.spschweiz.ch\/wp-content\/uploads\/sites\/15\/2023\/10\/Lidowiese-Zentralplus-1536x1152.jpeg 1536w, https:\/\/peter-faessler.spschweiz.ch\/wp-content\/uploads\/sites\/15\/2023\/10\/Lidowiese-Zentralplus-2048x1536.jpeg 2048w\" sizes=\"auto, (max-width: 300px) 100vw, 300px\" \/><p id=\"caption-attachment-5538\" class=\"wp-caption-text\">Bild: ZentralPlus<\/p><\/div>\n<p>Der Klimawandel ist auch in unseren Breitengranden stark zu sp\u00fcren. Die Bev\u00f6lkerung zieht es infolge der immer w\u00e4rmeren Sommer vermehrt zur Erholung und zum Baden an und in den See. Schon lange reichen die offiziellen Badeanstalten daf\u00fcr nicht mehr aus. Neue, stark frequentierte Badepl\u00e4tze sind am Vierwaldst\u00e4ttersee entstanden. Beispielsweise beim Richard-Wagner-Museum und bei der Lidowiese in der Stadt Luzern oder beim Schiffssteg Meggerhorn in Meggen. Diese Badepl\u00e4tze sind seeseitig nicht als solche markiert. Die bei den offiziellen Badepl\u00e4tzen vorhandenen gelben Bojen fehlen. Das f\u00fchrt immer wieder zu gef\u00e4hrlichen Begegnungen zwischen Booten aller Art und schwimmenden Personen. Letztere sind speziell im unruhigen Wasser sehr schlecht sichtbar.<\/p>\n<p>Diese bestehenden, stark frequentierten inoffiziellen Badepl\u00e4tze w\u00fcrden viel sicherer, wenn w\u00e4hrend den Sommermonaten tempor\u00e4re Markierungen solche Badezonen abgrenzen w\u00fcrden. Dies zum Schutz der Badenden und der Bootsf\u00fchrenden.<\/p>\n<p>Da f\u00fcr die Landfl\u00e4che meistens die Gemeinde als Eigent\u00fcmerin, f\u00fcr die Seefl\u00e4che aber der Kanton zust\u00e4ndig ist, braucht es eine Koordination zwischen diesen beiden, um dieses Anliegen umzusetzen.<\/p>\n<h4>Antwort der Regierung vom 19.09.2023:<\/h4>\n<div id=\"attachment_5537\" style=\"width: 310px\" class=\"wp-caption alignright\"><img loading=\"lazy\" decoding=\"async\" aria-describedby=\"caption-attachment-5537\" class=\"size-medium wp-image-5537\" src=\"http:\/\/peter-faessler.spschweiz.ch\/wp-content\/uploads\/sites\/15\/2023\/10\/Richwagnmus-tripadwisor.de_-300x300.jpeg\" alt=\"\" width=\"300\" height=\"300\" srcset=\"https:\/\/peter-faessler.spschweiz.ch\/wp-content\/uploads\/sites\/15\/2023\/10\/Richwagnmus-tripadwisor.de_-300x300.jpeg 300w, https:\/\/peter-faessler.spschweiz.ch\/wp-content\/uploads\/sites\/15\/2023\/10\/Richwagnmus-tripadwisor.de_-150x150.jpeg 150w, https:\/\/peter-faessler.spschweiz.ch\/wp-content\/uploads\/sites\/15\/2023\/10\/Richwagnmus-tripadwisor.de_.jpeg 450w\" sizes=\"auto, (max-width: 300px) 100vw, 300px\" \/><p id=\"caption-attachment-5537\" class=\"wp-caption-text\">Bild: www.tripadvisor.de<\/p><\/div>\n<p>Mit dem Postulat wird der Regierungsrat aufgefordert, zusammen mit den entsprechenden Standortgemeinden zu pr\u00fcfen, wo am Vierwaldst\u00e4ttersee vorhandene, stark frequentierte inoffizielle Badepl\u00e4tze f\u00fcr schwimmende Personen sicherer gemacht werden k\u00f6nnen. Die offiziellen Badeanstalten seien nicht mehr ausreichend, wodurch neue inoffizielle Badepl\u00e4tze entstanden seien. Solche bef\u00e4nden sich beispielsweise beim Richard-Wagner-Museum, bei der Lidowiese in der Stadt Luzern oder beim Schiffssteg Meggerhorn in Meggen. Diese inoffiziellen Badepl\u00e4tze seien seeseitig nicht als solche markiert, was immer wieder zu gef\u00e4hrlichen Begegnungen mit Booten aller Art und schwimmenden Personen f\u00fchre. In den Sommermonaten seien daher tempor\u00e4re Markierungen anzubringen, was dem Schutz der Badenden und Bootsf\u00fchrenden diene.<\/p>\n<p>Die Verkehrsregeln der Bundesgesetzgebung \u00fcber die Schifffahrt enthalten bereits Vorschriften zum Schutz von Badenden. Mit gelben Schwimmk\u00f6rpern k\u00f6nnen Wasserfl\u00e4chen gekennzeichnet werden, die f\u00fcr die Schifffahrt gesperrt sind, was bei allen Badeanstalten am See der Fall ist (Art. 37 Abs. 2 der Verordnung \u00fcber die Binnenschifffahrt [BSV]; SR <a href=\"https:\/\/www.fedlex.admin.ch\/eli\/cc\/1979\/337_337_337\/de\">747.201.1<\/a>). Motorschiffe, ausgenommen solche im \u00f6ffentlichen Auftrag (z.B. Kursschiffe), d\u00fcrfen die innere Uferzone grunds\u00e4tzlich nur befahren, um an- oder abzulegen, stillzuliegen oder Engstellen zu durchfahren (Art. 53 Abs. 1 Bst. a BSV; zur Ausnahme in einem Teil der Luzerner Seebucht vgl.<\/p>\n<div id=\"attachment_5536\" style=\"width: 310px\" class=\"wp-caption alignleft\"><img loading=\"lazy\" decoding=\"async\" aria-describedby=\"caption-attachment-5536\" class=\"size-medium wp-image-5536\" src=\"http:\/\/peter-faessler.spschweiz.ch\/wp-content\/uploads\/sites\/15\/2023\/10\/Meggerhorn-badi-info.ch_-300x225.jpeg\" alt=\"\" width=\"300\" height=\"225\" srcset=\"https:\/\/peter-faessler.spschweiz.ch\/wp-content\/uploads\/sites\/15\/2023\/10\/Meggerhorn-badi-info.ch_-300x225.jpeg 300w, https:\/\/peter-faessler.spschweiz.ch\/wp-content\/uploads\/sites\/15\/2023\/10\/Meggerhorn-badi-info.ch_-150x113.jpeg 150w, https:\/\/peter-faessler.spschweiz.ch\/wp-content\/uploads\/sites\/15\/2023\/10\/Meggerhorn-badi-info.ch_-768x576.jpeg 768w, https:\/\/peter-faessler.spschweiz.ch\/wp-content\/uploads\/sites\/15\/2023\/10\/Meggerhorn-badi-info.ch_.jpeg 800w\" sizes=\"auto, (max-width: 300px) 100vw, 300px\" \/><p id=\"caption-attachment-5536\" class=\"wp-caption-text\">Bild: www.badi-info.ch<\/p><\/div>\n<p>\u00a7 24 Verordnung \u00fcber die Schifffahrt, SRL Nr. <a href=\"https:\/\/srl.lu.ch\/app\/de\/texts_of_law\/787\">787<\/a>). In der inneren und \u00e4usseren Uferzone d\u00fcrfen Motorschiffe nicht schneller fahren als 10 km\/h (Art. 53 BSV). Als innere Uferzone gilt der Gew\u00e4sserg\u00fcrtel bis zum Abstand von 150 Metern vom Ufer, als \u00e4ussere Uferzone derjenige ausserhalb der inneren Uferzone bis zum Abstand von 300 Metern vom Ufer, von Wasserpflanzenbest\u00e4nden, die dem Ufer vorgelagert sind oder von Einbauten im Gew\u00e4sser (Art. 53 BSV). Auch Ruder- und Segelschiffe m\u00fcssen die Geschwindigkeit so anpassen, dass sie ihren Verpflichtungen im Verkehr jederzeit nachkommen k\u00f6nnen (Art. 41 Abs. 1 BSV). F\u00fcr alle Schiffsf\u00fchrerinnen und -f\u00fchrer gilt die allgemeine Sorgfaltspflicht auf dem See: Sie haben sich zu vergewissern, ob das Befahren eines Gew\u00e4ssers gefahrlos m\u00f6glich ist, passen die Fahrt den \u00f6rtlichen Gegebenheiten an und treffen alle notwendigen Vorsichtsmassnahmen. Insbesondere sind Gef\u00e4hrdung und Bel\u00e4stigung von Menschen zu vermeiden (Art. 5 BSV).<\/p>\n<p>Im Postulat geht es um \u00abinoffizielle\u00bb Badepl\u00e4tze. Diese sind tempor\u00e4r und befinden sich teilweise direkt neben Landestellen der Kursschifffahrten, neben Hafeneinfahrten und neben Bootsh\u00e4usern. Im Umfeld dieser Einrichtungen ist ein Schifffahrtsverbot zweckwidrig. Zudem ist das Baden im Umkreis von 100 Metern um Hafeneinfahrten und Landestellen der Fahrgastschiffe schon von Bundesrechts wegen verboten (Art. 77 Abs. 1 BSV). Werden Badestellen mit einer Markierung mit kugelf\u00f6rmigen Schwimmk\u00f6rpern versehen, hat dies die Folge, dass keine Stand-Up-Paddles mehr einwassern d\u00fcrfen, da diese rechtlich gesehen in die Gruppe der Paddelboote beziehungsweise in die Untergruppe der Ruderboote fallen und damit vom Verbot, die gekennzeichnete Wasserfl\u00e4che zu befahren, miterfasst w\u00e4ren. Das tempor\u00e4re Anbringen von Schwimmk\u00f6rpern, welche Sperrfl\u00e4chen bezeichnen, w\u00e4re in der Bewirtschaftung aufw\u00e4ndig, da die Schwimmk\u00f6rper im Seegrund zu verankern sind, und k\u00f6nnte zudem mehr Verwirrung als Klarheit schaffen. Dar\u00fcber hinaus ist die Signalisation einer Sperrfl\u00e4che eine Verkehrsbeschr\u00e4nkung, die von der zust\u00e4ndigen Schifffahrtsbeh\u00f6rde (Strassenverkehrsamt) nur in Form einer formellen Verkehrsanordnung erlassen werden kann. Verkehrsanordnungen bed\u00fcrfen einer G\u00fcterabw\u00e4gung im Einzelfall und die Publikation der Anordnung im Kantonsblatt (allenfalls mit Beschwerdeverfahren).<\/p>\n<div id=\"attachment_5540\" style=\"width: 310px\" class=\"wp-caption alignright\"><img loading=\"lazy\" decoding=\"async\" aria-describedby=\"caption-attachment-5540\" class=\"size-medium wp-image-5540\" src=\"http:\/\/peter-faessler.spschweiz.ch\/wp-content\/uploads\/sites\/15\/2023\/10\/Wagnerwiese-300x185.jpeg\" alt=\"\" width=\"300\" height=\"185\" srcset=\"https:\/\/peter-faessler.spschweiz.ch\/wp-content\/uploads\/sites\/15\/2023\/10\/Wagnerwiese-300x185.jpeg 300w, https:\/\/peter-faessler.spschweiz.ch\/wp-content\/uploads\/sites\/15\/2023\/10\/Wagnerwiese-150x92.jpeg 150w, https:\/\/peter-faessler.spschweiz.ch\/wp-content\/uploads\/sites\/15\/2023\/10\/Wagnerwiese-768x473.jpeg 768w, https:\/\/peter-faessler.spschweiz.ch\/wp-content\/uploads\/sites\/15\/2023\/10\/Wagnerwiese.jpeg 1000w\" sizes=\"auto, (max-width: 300px) 100vw, 300px\" \/><p id=\"caption-attachment-5540\" class=\"wp-caption-text\">Bild: https:\/\/www.fotocommunity.de\/photo\/am-vierwaldstaettersee-urs-leuenberger\/42705357<\/p><\/div>\n<p>Die meisten Badenden halten sich im ufernahen Bereich auf und sind dadurch bereits durch die Verkehrsregeln der Bundesgesetzgebung \u00fcber die Schifffahrt gesch\u00fctzt. Streckenschwimmer halten sich hingegen oft nicht in den f\u00fcr die Schifffahrt gesperrten Wasserfl\u00e4chen vor Badeanstalten auf und verzichten immer wieder auf gut sichtbare Schwimmhilfen. Auch Stand-Up-Paddlerinnen und -paddler sind oft ausserhalb der \u00e4usseren Uferzone anzutreffen, ohne dass sie die vom Gesetz her vorgeschriebenen Schwimmhilfen mitf\u00fchren. Diese Seenutzerinnen und -nutzer setzen sich durch ihr eigenes Verhalten einer erh\u00f6hten Gefahr aus, woran auch eine Signalisation von Sperrfl\u00e4chen im Uferbereich nichts \u00e4ndern w\u00fcrde.<\/p>\n<p>Zwar trifft zu, dass die Anzahl der Personen zugenommen hat, welche ihre Freizeit im und am Wasser verbringen. Zudem gibt es immer mehr Sport- und Freizeitger\u00e4te, welche ihre Verwendung im Wasser finden. Wenn sich jedoch s\u00e4mtliche Wassersportlerinnen und -sportler an die bestehenden Verkehrsregeln und Verhaltensrichtlinien halten und gegenseitig aufeinander R\u00fccksicht nehmen, ist ein gen\u00fcgender Schutz sowohl f\u00fcr Badende als auch f\u00fcr die anderen Personen, die den See nutzen, vorhanden.<\/p>\n<p>Zusammengefasst sind weitere Sperrungen von Wasserfl\u00e4chen an Uferabschnitten, die f\u00fcr das Baden genutzt werden, in der Regel aufgrund der Verh\u00e4ltnisse nicht m\u00f6glich oder nicht geeignet oder w\u00e4ren in der Form einer tempor\u00e4ren Anordnung aufw\u00e4ndig. Die heutige Praxis \u2013 Anordnung von Sperren auf Antrag der Gemeinden, die f\u00fcr die bestimmungsgem\u00e4sse Nutzung ihrer Ufergrundst\u00fccke verantwortlich sind \u2013 hat sich bew\u00e4hrt und zusammen mit den Verkehrsregeln der Bundesgesetzgebung besteht ein gen\u00fcgender Schutz f\u00fcr Badende. <strong>Im Sinne einer Sensibilisierung f\u00fcr die Thematik sind wir aber bereit, die Gemeinden anzuschreiben und darauf hinzuweisen, dass auf Gesuch und Kosten einer Gemeinde das Strassenverkehrsamt in Zusammenarbeit mit der Luzerner Polizei die Situation bei ver\u00e4nderten Verh\u00e4ltnissen jederzeit neu beurteilen und verh\u00e4ltnism\u00e4ssige Verkehrsbeschr\u00e4nkungen auf den Wasserfl\u00e4chen vor einem von der \u00d6ffentlichkeit genutzten Ufergrundst\u00fcck anordnen kann. In diesem Sinn beantragen wir Ihrem Rat die teilweise Erheblicherkl\u00e4rung des Postulats.<\/strong><\/p>\n<p><strong>Bericht in der Luzerner Zeitung vom 26.09.2023<\/strong><br \/>\nBadepl\u00e4tze sollen sicherer werden<br \/>\n<a href=\"http:\/\/peter-faessler.spschweiz.ch\/wp-content\/uploads\/sites\/15\/2023\/10\/Artikel-auf-Seite-23-der-Zeitung-Luzerner-Zeitung-vom-Di-26.09.2023.pdf\">Artikel auf Seite 23 der Zeitung Luzerner Zeitung vom Di, 26.09.2023<\/a><br \/>\nLink: https:\/\/epaper.luzernerzeitung.ch\/article\/1\/1\/2023-09-26\/23\/322855079?signature=90fb97285e54834c57a804b5cbbe5b146a43cbab2fc07a09024a1a571e4f64c9<\/p>\n<p><strong>Im Rat lagen 2 Ablehnungsantr\u00e4ge vor.<\/strong><\/p>\n<h4>Hier mein Votum<strong><img loading=\"lazy\" decoding=\"async\" class=\"size-medium wp-image-5561 alignright\" src=\"http:\/\/peter-faessler.spschweiz.ch\/wp-content\/uploads\/sites\/15\/2023\/11\/20231020_181609-300x135.jpg\" alt=\"\" width=\"300\" height=\"135\" srcset=\"https:\/\/peter-faessler.spschweiz.ch\/wp-content\/uploads\/sites\/15\/2023\/11\/20231020_181609-300x135.jpg 300w, https:\/\/peter-faessler.spschweiz.ch\/wp-content\/uploads\/sites\/15\/2023\/11\/20231020_181609-1024x461.jpg 1024w, https:\/\/peter-faessler.spschweiz.ch\/wp-content\/uploads\/sites\/15\/2023\/11\/20231020_181609-150x67.jpg 150w, https:\/\/peter-faessler.spschweiz.ch\/wp-content\/uploads\/sites\/15\/2023\/11\/20231020_181609-768x346.jpg 768w, https:\/\/peter-faessler.spschweiz.ch\/wp-content\/uploads\/sites\/15\/2023\/11\/20231020_181609-1536x691.jpg 1536w, https:\/\/peter-faessler.spschweiz.ch\/wp-content\/uploads\/sites\/15\/2023\/11\/20231020_181609-2048x921.jpg 2048w\" sizes=\"auto, (max-width: 300px) 100vw, 300px\" \/><\/strong><\/h4>\n<p>Frau Pr\u00e4sidentin<br \/>\nMeine Damen und Herren<\/p>\n<p>Eintauchen in das mehr oder weniger k\u00fchlende Wasser des Vierwaldst\u00e4ttersees war in den letzten Sommern und speziell in diesem Jahr noch bis lange in den Herbst hinein der Wunsch vieler Menschen in unserem Kanton. Die Badeanstalten rund um den Vierwaldst\u00e4ttersee sind an sch\u00f6nen Tagen so stark besucht wie fr\u00fcher die Str\u00e4nde in Rimini. Wen wunderts da, dass immer mehr Menschen den Zugang zum Wasser ausserhalb der Badis suchen. Weil sie mehr Ruhe wollen, den Eintritt f\u00fcr einen kurzen Schwumm sparen oder ausserhalb der Badi-\u00d6ffnungszeiten schwimmen m\u00f6chten.<\/p>\n<p>Einige dieser Erholungspl\u00e4tze wie jener beim Richard-Wagner-Museum, bei der Lido-Wiese oder beim Meggerhorn werden von immer mehr Menschen entdeckt und gesch\u00e4tzt. Doch auch immer mehr Menschen entdecken den Reiz, die sch\u00f6nen Tagen auf einem Schiff zu verbringen. Das f\u00fchrt immer wieder zu gef\u00e4hrlichen Begegnungen zwischen Schiffen und schwimmenden Personen. Mit meinem Postulat verlange ich von der Regierung, dass sie zusammen mit den Standortgemeinden Massnahmen pr\u00fcft, wie diese Badepl\u00e4tze f\u00fcr die im See schwimmenden Menschen sicherer werden.<\/p>\n<p>Klar, es gibt die Verkehrsregeln des Bundes \u00fcber die Schifffahrt. Die m\u00fcssten allen Bootsf\u00fchrenden klar sein. Ob das auch den Touristen mit ihren Mietbooten immer klar ist, oder jenen, die in den See steigen um zu schwimmen, bezweifle ich jedenfalls. Nun ist es mit den Verkehrsregeln auf dem See gleich wie auf den Strassen. Wenn sich, wie die Regierung schreibt, alle an die Regeln halten und auf einander R\u00fccksicht n\u00e4hmen, br\u00e4uchte es weder auf dem See noch auf der Strasse so viele Vorschriften. Es ist keineswegs das Ziel, weder das Baden im See noch den Schiffsverkehr st\u00e4rker einzuschr\u00e4nken. Es geht mir nur um die Sicherheit der Erholungssuchenden im und auf dem Wasser.<\/p>\n<p>Daher freut es mich sehr, dass die Regierung bereit ist, die Gemeinden anzuschreiben und sie f\u00fcr dieses Thema zu sensibilisieren. Und die Regierung zeigt in ihrer Antwort auch auf, dass es durchaus M\u00f6glichkeiten gibt, um geeignete Verkehrseinschr\u00e4nkungen auf der Wasserfl\u00e4che zu pr\u00fcfen und gegebenenfalls auch anzuordnen. Das genau ist es doch, was ich fordere. Weil dies auf eine teilweise Erheblichkeit hinausl\u00e4uft, bin ich damit einverstanden. Da verstehe ich die Ablehnung nicht gegen ein Schreiben der Regierung an die Gemeinden.<\/p>\n<h4>Abstimmung im Rat<\/h4>\n<p>Die erste Abstimmung ergab eine Patsituation mit 52 zu 52 Stimmen. In der in diesem Fall \u00fcblichen zweiten Abstimmung wurde das Postulat mit 57 zu 48 Stimmen abgelehnt.<\/p>\n<h4>Bericht in der Luzerner Zeitung vom 30.10.2023<\/h4>\n<p><a href=\"http:\/\/peter-faessler.spschweiz.ch\/wp-content\/uploads\/sites\/15\/2023\/11\/Luzerner-Kantonsrat-lehnt-weitere-Sicherung-der-Badeplaetze-ab.pdf\">Luzerner Kantonsrat lehnt weitere Sicherung der Badepl\u00e4tze ab<\/a><\/p>\n","protected":false},"excerpt":{"rendered":"<p>Am 30. Januar 2023 reichte ich folgendes Postulat P 1056 ein: Forderung: Der Regierungsrat wird aufgefordert, zusammen mit den entsprechenden Standortgemeinden zu pr\u00fcfen, wo am&#8230;<\/p>\n","protected":false},"author":19,"featured_media":5537,"comment_status":"open","ping_status":"open","sticky":false,"template":"","format":"standard","meta":{"footnotes":""},"categories":[22,23,79,101,30,21,25,127,128,27],"tags":[8,19,26,31,7,10,15,28],"class_list":["post-5532","post","type-post","status-publish","format-standard","has-post-thumbnail","hentry","category-kantonsrat-luzern","category-kantonsratsession","category-klima","category-natur","category-parlament","category-politik","category-session-kantonsrat-luzern","category-sp-kanton-luzern","category-sp-kantonsratsfraktion","category-vorstoss-kantonsrat","tag-kanton-luzern","tag-kantonsrat-luzern","tag-kantonsratssession","tag-parlament","tag-politik","tag-session","tag-sp","tag-vorstoss-kantonsrat"],"yoast_head":"<!-- This site is optimized with the Yoast SEO plugin v27.5 - https:\/\/yoast.com\/product\/yoast-seo-wordpress\/ -->\n<title>Mein Postulat \u00fcber die Sicherung von vorhandenen, stark frequentierten Badepl\u00e4t-zen am Vierwaldst\u00e4ttersee - Peter F\u00e4ssler<\/title>\n<meta name=\"robots\" content=\"index, follow, max-snippet:-1, max-image-preview:large, max-video-preview:-1\" \/>\n<link rel=\"canonical\" href=\"https:\/\/peter-faessler.spschweiz.ch\/?p=5532\" \/>\n<meta property=\"og:locale\" content=\"de_DE\" \/>\n<meta property=\"og:type\" content=\"article\" \/>\n<meta property=\"og:title\" content=\"Mein Postulat \u00fcber die Sicherung von vorhandenen, stark frequentierten Badepl\u00e4t-zen am Vierwaldst\u00e4ttersee - Peter F\u00e4ssler\" \/>\n<meta property=\"og:description\" content=\"Am 30. Januar 2023 reichte ich folgendes Postulat P 1056 ein: Forderung: Der Regierungsrat wird aufgefordert, zusammen mit den entsprechenden Standortgemeinden zu pr\u00fcfen, wo am...\" \/>\n<meta property=\"og:url\" content=\"https:\/\/peter-faessler.spschweiz.ch\/?p=5532\" \/>\n<meta property=\"og:site_name\" content=\"Peter F\u00e4ssler\" \/>\n<meta property=\"article:author\" content=\"www.facebook.com\/peter.fassler.31\" \/>\n<meta property=\"article:published_time\" content=\"2023-11-05T16:31:44+00:00\" \/>\n<meta property=\"article:modified_time\" content=\"2023-11-05T17:48:40+00:00\" \/>\n<meta property=\"og:image\" content=\"http:\/\/peter-faessler.spschweiz.ch\/wp-content\/uploads\/sites\/15\/2023\/10\/Richwagnmus-tripadwisor.de_.jpeg\" \/>\n\t<meta property=\"og:image:width\" content=\"450\" \/>\n\t<meta property=\"og:image:height\" content=\"450\" \/>\n\t<meta property=\"og:image:type\" content=\"image\/jpeg\" \/>\n<meta name=\"author\" content=\"Peter F\u00e4ssler\" \/>\n<meta name=\"twitter:label1\" content=\"Verfasst von\" \/>\n\t<meta name=\"twitter:data1\" content=\"Peter F\u00e4ssler\" \/>\n\t<meta name=\"twitter:label2\" content=\"Gesch\u00e4tzte Lesezeit\" \/>\n\t<meta name=\"twitter:data2\" content=\"10\u00a0Minuten\" \/>\n<script type=\"application\/ld+json\" class=\"yoast-schema-graph\">{\"@context\":\"https:\\\/\\\/schema.org\",\"@graph\":[{\"@type\":\"Article\",\"@id\":\"https:\\\/\\\/peter-faessler.spschweiz.ch\\\/?p=5532#article\",\"isPartOf\":{\"@id\":\"https:\\\/\\\/peter-faessler.spschweiz.ch\\\/?p=5532\"},\"author\":{\"name\":\"Peter F\u00e4ssler\",\"@id\":\"https:\\\/\\\/peter-faessler.spschweiz.ch\\\/#\\\/schema\\\/person\\\/7ac2f764b1930b731c670e8a2393b60e\"},\"headline\":\"Mein Postulat \u00fcber die Sicherung von vorhandenen, stark frequentierten Badepl\u00e4t-zen am Vierwaldst\u00e4ttersee\",\"datePublished\":\"2023-11-05T16:31:44+00:00\",\"dateModified\":\"2023-11-05T17:48:40+00:00\",\"mainEntityOfPage\":{\"@id\":\"https:\\\/\\\/peter-faessler.spschweiz.ch\\\/?p=5532\"},\"wordCount\":1646,\"commentCount\":1,\"image\":{\"@id\":\"https:\\\/\\\/peter-faessler.spschweiz.ch\\\/?p=5532#primaryimage\"},\"thumbnailUrl\":\"https:\\\/\\\/peter-faessler.spschweiz.ch\\\/wp-content\\\/uploads\\\/sites\\\/15\\\/2023\\\/10\\\/Richwagnmus-tripadwisor.de_.jpeg\",\"keywords\":[\"Kanton Luzern\",\"Kantonsrat Luzern\",\"Kantonsratssession\",\"Parlament\",\"Politik\",\"Session\",\"SP\",\"Vorstoss Kantonsrat\"],\"articleSection\":[\"Kantonsrat Luzern\",\"Kantonsratsession\",\"Klima\",\"Natur\",\"Parlament\",\"Politik\",\"Session Kantonsrat Luzern\",\"SP Kanton Luzern\",\"SP Kantonsratsfraktion\",\"Vorstoss Kantonsrat\"],\"inLanguage\":\"de\",\"potentialAction\":[{\"@type\":\"CommentAction\",\"name\":\"Comment\",\"target\":[\"https:\\\/\\\/peter-faessler.spschweiz.ch\\\/?p=5532#respond\"]}]},{\"@type\":\"WebPage\",\"@id\":\"https:\\\/\\\/peter-faessler.spschweiz.ch\\\/?p=5532\",\"url\":\"https:\\\/\\\/peter-faessler.spschweiz.ch\\\/?p=5532\",\"name\":\"Mein Postulat \u00fcber die Sicherung von vorhandenen, stark frequentierten Badepl\u00e4t-zen am Vierwaldst\u00e4ttersee - Peter F\u00e4ssler\",\"isPartOf\":{\"@id\":\"https:\\\/\\\/peter-faessler.spschweiz.ch\\\/#website\"},\"primaryImageOfPage\":{\"@id\":\"https:\\\/\\\/peter-faessler.spschweiz.ch\\\/?p=5532#primaryimage\"},\"image\":{\"@id\":\"https:\\\/\\\/peter-faessler.spschweiz.ch\\\/?p=5532#primaryimage\"},\"thumbnailUrl\":\"https:\\\/\\\/peter-faessler.spschweiz.ch\\\/wp-content\\\/uploads\\\/sites\\\/15\\\/2023\\\/10\\\/Richwagnmus-tripadwisor.de_.jpeg\",\"datePublished\":\"2023-11-05T16:31:44+00:00\",\"dateModified\":\"2023-11-05T17:48:40+00:00\",\"author\":{\"@id\":\"https:\\\/\\\/peter-faessler.spschweiz.ch\\\/#\\\/schema\\\/person\\\/7ac2f764b1930b731c670e8a2393b60e\"},\"breadcrumb\":{\"@id\":\"https:\\\/\\\/peter-faessler.spschweiz.ch\\\/?p=5532#breadcrumb\"},\"inLanguage\":\"de\",\"potentialAction\":[{\"@type\":\"ReadAction\",\"target\":[\"https:\\\/\\\/peter-faessler.spschweiz.ch\\\/?p=5532\"]}]},{\"@type\":\"ImageObject\",\"inLanguage\":\"de\",\"@id\":\"https:\\\/\\\/peter-faessler.spschweiz.ch\\\/?p=5532#primaryimage\",\"url\":\"https:\\\/\\\/peter-faessler.spschweiz.ch\\\/wp-content\\\/uploads\\\/sites\\\/15\\\/2023\\\/10\\\/Richwagnmus-tripadwisor.de_.jpeg\",\"contentUrl\":\"https:\\\/\\\/peter-faessler.spschweiz.ch\\\/wp-content\\\/uploads\\\/sites\\\/15\\\/2023\\\/10\\\/Richwagnmus-tripadwisor.de_.jpeg\",\"width\":450,\"height\":450,\"caption\":\"Bild: www.tripadvisor.de\"},{\"@type\":\"BreadcrumbList\",\"@id\":\"https:\\\/\\\/peter-faessler.spschweiz.ch\\\/?p=5532#breadcrumb\",\"itemListElement\":[{\"@type\":\"ListItem\",\"position\":1,\"name\":\"Startseite\",\"item\":\"https:\\\/\\\/peter-faessler.spschweiz.ch\\\/\"},{\"@type\":\"ListItem\",\"position\":2,\"name\":\"Mein Postulat \u00fcber die Sicherung von vorhandenen, stark frequentierten Badepl\u00e4t-zen am Vierwaldst\u00e4ttersee\"}]},{\"@type\":\"WebSite\",\"@id\":\"https:\\\/\\\/peter-faessler.spschweiz.ch\\\/#website\",\"url\":\"https:\\\/\\\/peter-faessler.spschweiz.ch\\\/\",\"name\":\"Peter F\u00e4ssler\",\"description\":\"SP Kantonsrat Kanton Luzern\",\"potentialAction\":[{\"@type\":\"SearchAction\",\"target\":{\"@type\":\"EntryPoint\",\"urlTemplate\":\"https:\\\/\\\/peter-faessler.spschweiz.ch\\\/?s={search_term_string}\"},\"query-input\":{\"@type\":\"PropertyValueSpecification\",\"valueRequired\":true,\"valueName\":\"search_term_string\"}}],\"inLanguage\":\"de\"},{\"@type\":\"Person\",\"@id\":\"https:\\\/\\\/peter-faessler.spschweiz.ch\\\/#\\\/schema\\\/person\\\/7ac2f764b1930b731c670e8a2393b60e\",\"name\":\"Peter F\u00e4ssler\",\"image\":{\"@type\":\"ImageObject\",\"inLanguage\":\"de\",\"@id\":\"https:\\\/\\\/secure.gravatar.com\\\/avatar\\\/9da8604da19b11812517d76f206166d47c5e180a26df2de36b8649168e128572?s=96&d=blank&r=g\",\"url\":\"https:\\\/\\\/secure.gravatar.com\\\/avatar\\\/9da8604da19b11812517d76f206166d47c5e180a26df2de36b8649168e128572?s=96&d=blank&r=g\",\"contentUrl\":\"https:\\\/\\\/secure.gravatar.com\\\/avatar\\\/9da8604da19b11812517d76f206166d47c5e180a26df2de36b8649168e128572?s=96&d=blank&r=g\",\"caption\":\"Peter F\u00e4ssler\"},\"description\":\"Peter F\u00e4ssler Schibiweg 7 6006 Luzern\",\"sameAs\":[\"www.facebook.com\\\/peter.fassler.31\",\"https:\\\/\\\/www.instagram.com\\\/peter.fassler.31\\\/\",\"https:\\\/\\\/www.linkedin.com\\\/in\\\/peter-fssler-2518a782\\\/\",\"https:\\\/\\\/x.com\\\/pfaessler56\"],\"url\":\"https:\\\/\\\/peter-faessler.spschweiz.ch\\\/?author=19\"}]}<\/script>\n<!-- \/ Yoast SEO plugin. -->","yoast_head_json":{"title":"Mein Postulat \u00fcber die Sicherung von vorhandenen, stark frequentierten Badepl\u00e4t-zen am Vierwaldst\u00e4ttersee - Peter F\u00e4ssler","robots":{"index":"index","follow":"follow","max-snippet":"max-snippet:-1","max-image-preview":"max-image-preview:large","max-video-preview":"max-video-preview:-1"},"canonical":"https:\/\/peter-faessler.spschweiz.ch\/?p=5532","og_locale":"de_DE","og_type":"article","og_title":"Mein Postulat \u00fcber die Sicherung von vorhandenen, stark frequentierten Badepl\u00e4t-zen am Vierwaldst\u00e4ttersee - Peter F\u00e4ssler","og_description":"Am 30. Januar 2023 reichte ich folgendes Postulat P 1056 ein: Forderung: Der Regierungsrat wird aufgefordert, zusammen mit den entsprechenden Standortgemeinden zu pr\u00fcfen, wo am...","og_url":"https:\/\/peter-faessler.spschweiz.ch\/?p=5532","og_site_name":"Peter F\u00e4ssler","article_author":"www.facebook.com\/peter.fassler.31","article_published_time":"2023-11-05T16:31:44+00:00","article_modified_time":"2023-11-05T17:48:40+00:00","og_image":[{"width":450,"height":450,"url":"http:\/\/peter-faessler.spschweiz.ch\/wp-content\/uploads\/sites\/15\/2023\/10\/Richwagnmus-tripadwisor.de_.jpeg","type":"image\/jpeg"}],"author":"Peter F\u00e4ssler","twitter_misc":{"Verfasst von":"Peter F\u00e4ssler","Gesch\u00e4tzte Lesezeit":"10\u00a0Minuten"},"schema":{"@context":"https:\/\/schema.org","@graph":[{"@type":"Article","@id":"https:\/\/peter-faessler.spschweiz.ch\/?p=5532#article","isPartOf":{"@id":"https:\/\/peter-faessler.spschweiz.ch\/?p=5532"},"author":{"name":"Peter F\u00e4ssler","@id":"https:\/\/peter-faessler.spschweiz.ch\/#\/schema\/person\/7ac2f764b1930b731c670e8a2393b60e"},"headline":"Mein Postulat \u00fcber die Sicherung von vorhandenen, stark frequentierten Badepl\u00e4t-zen am Vierwaldst\u00e4ttersee","datePublished":"2023-11-05T16:31:44+00:00","dateModified":"2023-11-05T17:48:40+00:00","mainEntityOfPage":{"@id":"https:\/\/peter-faessler.spschweiz.ch\/?p=5532"},"wordCount":1646,"commentCount":1,"image":{"@id":"https:\/\/peter-faessler.spschweiz.ch\/?p=5532#primaryimage"},"thumbnailUrl":"https:\/\/peter-faessler.spschweiz.ch\/wp-content\/uploads\/sites\/15\/2023\/10\/Richwagnmus-tripadwisor.de_.jpeg","keywords":["Kanton Luzern","Kantonsrat Luzern","Kantonsratssession","Parlament","Politik","Session","SP","Vorstoss Kantonsrat"],"articleSection":["Kantonsrat Luzern","Kantonsratsession","Klima","Natur","Parlament","Politik","Session Kantonsrat Luzern","SP Kanton Luzern","SP Kantonsratsfraktion","Vorstoss Kantonsrat"],"inLanguage":"de","potentialAction":[{"@type":"CommentAction","name":"Comment","target":["https:\/\/peter-faessler.spschweiz.ch\/?p=5532#respond"]}]},{"@type":"WebPage","@id":"https:\/\/peter-faessler.spschweiz.ch\/?p=5532","url":"https:\/\/peter-faessler.spschweiz.ch\/?p=5532","name":"Mein Postulat \u00fcber die Sicherung von vorhandenen, stark frequentierten Badepl\u00e4t-zen am Vierwaldst\u00e4ttersee - Peter F\u00e4ssler","isPartOf":{"@id":"https:\/\/peter-faessler.spschweiz.ch\/#website"},"primaryImageOfPage":{"@id":"https:\/\/peter-faessler.spschweiz.ch\/?p=5532#primaryimage"},"image":{"@id":"https:\/\/peter-faessler.spschweiz.ch\/?p=5532#primaryimage"},"thumbnailUrl":"https:\/\/peter-faessler.spschweiz.ch\/wp-content\/uploads\/sites\/15\/2023\/10\/Richwagnmus-tripadwisor.de_.jpeg","datePublished":"2023-11-05T16:31:44+00:00","dateModified":"2023-11-05T17:48:40+00:00","author":{"@id":"https:\/\/peter-faessler.spschweiz.ch\/#\/schema\/person\/7ac2f764b1930b731c670e8a2393b60e"},"breadcrumb":{"@id":"https:\/\/peter-faessler.spschweiz.ch\/?p=5532#breadcrumb"},"inLanguage":"de","potentialAction":[{"@type":"ReadAction","target":["https:\/\/peter-faessler.spschweiz.ch\/?p=5532"]}]},{"@type":"ImageObject","inLanguage":"de","@id":"https:\/\/peter-faessler.spschweiz.ch\/?p=5532#primaryimage","url":"https:\/\/peter-faessler.spschweiz.ch\/wp-content\/uploads\/sites\/15\/2023\/10\/Richwagnmus-tripadwisor.de_.jpeg","contentUrl":"https:\/\/peter-faessler.spschweiz.ch\/wp-content\/uploads\/sites\/15\/2023\/10\/Richwagnmus-tripadwisor.de_.jpeg","width":450,"height":450,"caption":"Bild: www.tripadvisor.de"},{"@type":"BreadcrumbList","@id":"https:\/\/peter-faessler.spschweiz.ch\/?p=5532#breadcrumb","itemListElement":[{"@type":"ListItem","position":1,"name":"Startseite","item":"https:\/\/peter-faessler.spschweiz.ch\/"},{"@type":"ListItem","position":2,"name":"Mein Postulat \u00fcber die Sicherung von vorhandenen, stark frequentierten Badepl\u00e4t-zen am Vierwaldst\u00e4ttersee"}]},{"@type":"WebSite","@id":"https:\/\/peter-faessler.spschweiz.ch\/#website","url":"https:\/\/peter-faessler.spschweiz.ch\/","name":"Peter F\u00e4ssler","description":"SP Kantonsrat Kanton Luzern","potentialAction":[{"@type":"SearchAction","target":{"@type":"EntryPoint","urlTemplate":"https:\/\/peter-faessler.spschweiz.ch\/?s={search_term_string}"},"query-input":{"@type":"PropertyValueSpecification","valueRequired":true,"valueName":"search_term_string"}}],"inLanguage":"de"},{"@type":"Person","@id":"https:\/\/peter-faessler.spschweiz.ch\/#\/schema\/person\/7ac2f764b1930b731c670e8a2393b60e","name":"Peter F\u00e4ssler","image":{"@type":"ImageObject","inLanguage":"de","@id":"https:\/\/secure.gravatar.com\/avatar\/9da8604da19b11812517d76f206166d47c5e180a26df2de36b8649168e128572?s=96&d=blank&r=g","url":"https:\/\/secure.gravatar.com\/avatar\/9da8604da19b11812517d76f206166d47c5e180a26df2de36b8649168e128572?s=96&d=blank&r=g","contentUrl":"https:\/\/secure.gravatar.com\/avatar\/9da8604da19b11812517d76f206166d47c5e180a26df2de36b8649168e128572?s=96&d=blank&r=g","caption":"Peter F\u00e4ssler"},"description":"Peter F\u00e4ssler Schibiweg 7 6006 Luzern","sameAs":["www.facebook.com\/peter.fassler.31","https:\/\/www.instagram.com\/peter.fassler.31\/","https:\/\/www.linkedin.com\/in\/peter-fssler-2518a782\/","https:\/\/x.com\/pfaessler56"],"url":"https:\/\/peter-faessler.spschweiz.ch\/?author=19"}]}},"_links":{"self":[{"href":"https:\/\/peter-faessler.spschweiz.ch\/index.php?rest_route=\/wp\/v2\/posts\/5532","targetHints":{"allow":["GET"]}}],"collection":[{"href":"https:\/\/peter-faessler.spschweiz.ch\/index.php?rest_route=\/wp\/v2\/posts"}],"about":[{"href":"https:\/\/peter-faessler.spschweiz.ch\/index.php?rest_route=\/wp\/v2\/types\/post"}],"author":[{"embeddable":true,"href":"https:\/\/peter-faessler.spschweiz.ch\/index.php?rest_route=\/wp\/v2\/users\/19"}],"replies":[{"embeddable":true,"href":"https:\/\/peter-faessler.spschweiz.ch\/index.php?rest_route=%2Fwp%2Fv2%2Fcomments&post=5532"}],"version-history":[{"count":11,"href":"https:\/\/peter-faessler.spschweiz.ch\/index.php?rest_route=\/wp\/v2\/posts\/5532\/revisions"}],"predecessor-version":[{"id":5562,"href":"https:\/\/peter-faessler.spschweiz.ch\/index.php?rest_route=\/wp\/v2\/posts\/5532\/revisions\/5562"}],"wp:featuredmedia":[{"embeddable":true,"href":"https:\/\/peter-faessler.spschweiz.ch\/index.php?rest_route=\/wp\/v2\/media\/5537"}],"wp:attachment":[{"href":"https:\/\/peter-faessler.spschweiz.ch\/index.php?rest_route=%2Fwp%2Fv2%2Fmedia&parent=5532"}],"wp:term":[{"taxonomy":"category","embeddable":true,"href":"https:\/\/peter-faessler.spschweiz.ch\/index.php?rest_route=%2Fwp%2Fv2%2Fcategories&post=5532"},{"taxonomy":"post_tag","embeddable":true,"href":"https:\/\/peter-faessler.spschweiz.ch\/index.php?rest_route=%2Fwp%2Fv2%2Ftags&post=5532"}],"curies":[{"name":"wp","href":"https:\/\/api.w.org\/{rel}","templated":true}]}}