{"id":5594,"date":"2023-12-05T19:27:18","date_gmt":"2023-12-05T18:27:18","guid":{"rendered":"https:\/\/peter-faessler.spschweiz.ch\/?p=5594"},"modified":"2023-12-06T16:06:38","modified_gmt":"2023-12-06T15:06:38","slug":"dezembersession-des-luzerner-kantonsrates-vom-4-dezember-2023","status":"publish","type":"post","link":"https:\/\/peter-faessler.spschweiz.ch\/?p=5594","title":{"rendered":"Dezembersession des Luzerner Kantonsrates vom 4. Dezember 2023"},"content":{"rendered":"<p>Der Luzerner Kantonsrat trifft sich zur Dezember-Session im Regierungsgeb\u00e4ude in Luzern. Der 2. Sessionstag wurde gestrichen, da zu wenig Gesch\u00e4fte debattenbereit waren.\u00a0 Hier der Link zum <a href=\"https:\/\/www.lu.ch\/kr\/mitglieder_und_organe\/sitzordnung\" target=\"_blank\" rel=\"noopener\">Sitzplan<\/a> im Kantonsrat sowie der <a href=\"https:\/\/www.lu.ch\/kr\/Sessionen\/sessionsdaten_2023\/detail?guid=adcb1df3226e41839166c04fc3976062&amp;cal=63CAF1B5B9B14E58B57E369607A9BD7D\" target=\"_blank\" rel=\"noopener\">Link zur <\/a><a href=\"https:\/\/www.lu.ch\/kr\/Sessionen\/sessionsdaten_2023\/detail?guid=adcb1df3226e41839166c04fc3976062&amp;cal=63CAF1B5B9B14E58B57E369607A9BD7D\" target=\"_blank\" rel=\"noopener\">Traktandenliste<\/a>\u00a0 und den <a href=\"https:\/\/www.lu.ch\/kr\/Sessionen\/videoaufnahmen?keyword=Session&amp;sessionoverview=true\" target=\"_blank\" rel=\"noopener\">Videoaufnahmen<\/a>.<\/p>\n<p>In dieser Session sprach ich als Kommissionspr\u00e4sident zu drei Gesch\u00e4ften (Trakt. 7, 10 und 12) sowie zu meinem eigenen Vorstoss (Trakt. 16). Gleich vier mal zu Wort zu kommen an einem Vormittag ist sehr aussergew\u00f6hnlich f\u00fcr mich.<\/p>\n<h2>Kurzprotokoll<\/h2>\n<h3>Traktanden<\/h3>\n<p>Sachgesch\u00e4fte und dazugeh\u00f6rende parlamentarische Vorst\u00f6sse<\/p>\n<ol>\n<li>\n<h4>Er\u00f6ffnungen<\/h4>\n<\/li>\n<\/ol>\n<p><strong>Er\u00f6ffnet wurden:<\/strong><\/p>\n<p>&#8211; 26 Vorst\u00f6sse<br \/>\n&#8211; R\u00fccktritt Kantonsr\u00e4tin Christa Wenger, Luzern, per 31. Dezember 2023<br \/>\n&#8211; Vereidigung von Kantonsr\u00e4tin <a href=\"https:\/\/www.lu.ch\/kr\/mitglieder_und_organe\/mitglieder\/mitglieder_detail?Id=26e7ac05d73640adb295007cd47e5dee&amp;Fraction=0defce6457ab4d3a816cd3f1d545cfb5\" target=\"_blank\" rel=\"noopener\">Andrea Pf\u00e4ffli<\/a>, Luzern<br \/>\n&#8211; Vereidigung von Kantonsrat <a href=\"https:\/\/www.lu.ch\/kr\/mitglieder_und_organe\/mitglieder\/mitglieder_detail?Id=58d79ecd9ad04a1bad9799bd34c23c22&amp;Fraction=0defce6457ab4d3a816cd3f1d545cfb5\" target=\"_blank\" rel=\"noopener\">Gianluca Pardini<\/a>, Luzern<br \/>\n&#8211; R\u00fccktritt von Claudia Huser als GLP-Fraktionspr\u00e4sidentin; neuer Pr\u00e4sident der GLP-Fraktion wird Mario Cozzio<br \/>\n&#8211; Petition \u00abFach Politische Bildung\u00bb der kantonalen Jugendsession<br \/>\n&#8211; Postulat Schumacher Urs Christian \u00fcber ein sofortiges mRNA-Impfmoratorium im Kanton Luzern: R\u00fcckzug durch Postulant<br \/>\n&#8211; Petition \u00abVor\u00fcbergehende Sistierung der Steuerausgaben an die katholische Kirche\u00bb: R\u00fcckzug durch Petition\u00e4r<br \/>\n&#8211; Hinschied von alt Grossrat Max Koch-L\u00f6tscher, Marbach<\/p>\n<ol start=\"2\">\n<li>\n<h4>Beschlussfassung \u00fcber die dringliche Behandlung parlamentarischer Vorst\u00f6sse<\/h4>\n<\/li>\n<\/ol>\n<p><strong>Es wurde kein Vorstoss dringlich erkl\u00e4rt.<\/strong><\/p>\n<ol start=\"3\">\n<li><strong><img loading=\"lazy\" decoding=\"async\" class=\"size-medium wp-image-5062 alignright\" src=\"http:\/\/peter-faessler.spschweiz.ch\/wp-content\/uploads\/sites\/15\/2022\/12\/TRNM0001-240x300.jpg\" alt=\"\" width=\"240\" height=\"300\" srcset=\"https:\/\/peter-faessler.spschweiz.ch\/wp-content\/uploads\/sites\/15\/2022\/12\/TRNM0001-240x300.jpg 240w, https:\/\/peter-faessler.spschweiz.ch\/wp-content\/uploads\/sites\/15\/2022\/12\/TRNM0001-819x1024.jpg 819w, https:\/\/peter-faessler.spschweiz.ch\/wp-content\/uploads\/sites\/15\/2022\/12\/TRNM0001-120x150.jpg 120w, https:\/\/peter-faessler.spschweiz.ch\/wp-content\/uploads\/sites\/15\/2022\/12\/TRNM0001-768x960.jpg 768w, https:\/\/peter-faessler.spschweiz.ch\/wp-content\/uploads\/sites\/15\/2022\/12\/TRNM0001.jpg 960w\" sizes=\"auto, (max-width: 240px) 100vw, 240px\" \/>B 156 \u00d6kologisierung der Verkehrssteuern; Entwurf \u00c4nderung des Gesetzes \u00fcber die Verkehrsabgaben und den Vollzug des eidgen\u00f6ssischen Strassenverkehrsrechtes<\/strong> \/ Justiz- und Sicherheitsdepartement<br \/>\n2. Beratung<br \/>\nKommission Wirtschaft und Abgaben<br \/>\n<em><em>Beschluss Kantonsrat: Zustimmung<\/em><\/em><\/li>\n<li><strong>B 163 Anpassung des Landerwerbsverfahrens und der Entsch\u00e4digung f\u00fcr den Erwerb von Landwirtschaftsland; Entwurf \u00c4nderung des Enteignungsgesetzes sowie des Strassen- und des Wasserbaugesetzes<\/strong> \/ Bau-, Umwelt- und Wirtschaftsdepartement<br \/>\n2. Beratung<br \/>\nKommission Verkehr und Bau<br \/>\n<em><em>Beschluss Kantonsrat: Zustimmung<\/em><\/em><\/li>\n<li><strong>B 2 Abrechnung \u00fcber den Bau einer Holzschnitzelheizzentrale mit Fernw\u00e4rmeleitungsnetz f\u00fcr das HPZH und das BBZN in Hohenrain; Entwurf Kantonsratsbeschluss \u00fcber die Genehmigung<\/strong> \/ Finanzdepartement<br \/>\nKommission Verkehr und Bau<br \/>\n<em><em><em>Beschluss Kantonsrat: Zustimmung<\/em><\/em><\/em><\/li>\n<li><strong>B 3 Abgeltung von gemeinwirtschaftlichen Leistungen (GWL) im Bereich der<\/strong><strong>universit\u00e4ren Weiterbildung an Listenspit\u00e4ler im Jahr 2024; Entwurf Dekret \u00fcber einen Sonderkredit<\/strong> \/ Gesundheits- und Sozialdepartement<br \/>\nKommission Gesundheit, Arbeit und soziale Sicherheit<br \/>\n<em>Beschluss Kantonsrat: Zustimmung<\/em><\/li>\n<\/ol>\n<ol start=\"7\">\n<li><strong>B 7 Umwandlung der Realkorporation Lieli und der Personalkorporation Udligenswil in \u00f6ffentlich-rechtliche Genossenschaften; Entw\u00fcrfe Kantonsratsbeschl\u00fcsse<\/strong> \/ Justiz- und Sicherheitsdepartement<br \/>\nStaatspolitische Kommission<br \/>\n<em><em><em>Beschluss Kantonsrat: Zustimmung<\/em><\/em><\/em><\/li>\n<li><strong>Berichterstattung zum Leistungsauftrag 2020\u20132023 der Hochschule Luzern (FH Zentralschweiz) f\u00fcr die Jahre 2020\u20132022<\/strong> \/ Bildungs- und Kulturdepartement<br \/>\nKommission Erziehung, Bildung und Kultur<br \/>\n<em><em><em>Beschluss Kantonsrat: Kenntnisnahme<\/em><\/em><\/em><\/li>\n<li><strong>Mehrj\u00e4hriger Leistungsauftrag 2024\u20132027 der Hochschule Luzern (FH Zentralschweiz)<\/strong> \/ Bildungs- und Kulturdepartement<br \/>\nKommission Erziehung, Bildung und Kultur<br \/>\n<em><em><em>Beschluss Kantonsrat: Kenntnisnahme<\/em><\/em><\/em><\/li>\n<li>\n<div id=\"attachment_4192\" style=\"width: 310px\" class=\"wp-caption alignright\"><img loading=\"lazy\" decoding=\"async\" aria-describedby=\"caption-attachment-4192\" class=\"size-medium wp-image-4192\" src=\"http:\/\/peter-faessler.spschweiz.ch\/wp-content\/uploads\/sites\/15\/2021\/09\/eventlokal-rathaus-sursee-01-300x200.jpg\" alt=\"\" width=\"300\" height=\"200\" srcset=\"https:\/\/peter-faessler.spschweiz.ch\/wp-content\/uploads\/sites\/15\/2021\/09\/eventlokal-rathaus-sursee-01-300x200.jpg 300w, https:\/\/peter-faessler.spschweiz.ch\/wp-content\/uploads\/sites\/15\/2021\/09\/eventlokal-rathaus-sursee-01-1024x683.jpg 1024w, https:\/\/peter-faessler.spschweiz.ch\/wp-content\/uploads\/sites\/15\/2021\/09\/eventlokal-rathaus-sursee-01-150x100.jpg 150w, https:\/\/peter-faessler.spschweiz.ch\/wp-content\/uploads\/sites\/15\/2021\/09\/eventlokal-rathaus-sursee-01-768x512.jpg 768w, https:\/\/peter-faessler.spschweiz.ch\/wp-content\/uploads\/sites\/15\/2021\/09\/eventlokal-rathaus-sursee-01.jpg 1200w\" sizes=\"auto, (max-width: 300px) 100vw, 300px\" \/><p id=\"caption-attachment-4192\" class=\"wp-caption-text\">Bild: Gourmetstar.ch<\/p><\/div>\n<p><strong>Petition \u00abAbschaffung der Kirchensteuer f\u00fcr Unternehmen\u00bb<\/strong><br \/>\n<em>Beschluss Kantonsrat: Kenntnisnahme im Sinne des Kommissionsberichts<\/em><\/p>\n<p>&nbsp;<\/li>\n<li><strong>Petition \u00abVor\u00fcbergehende Sistierung der Steuerausgaben an die katholische Kirche\u00bb<\/strong><br \/>\nR\u00fcckzug durch Petition\u00e4r<\/li>\n<li><strong>Petition \u00abService public am Limit. Teuerungsausgleich jetzt!\u00bb<\/strong><br \/>\nB<em><em><em>eschluss Kantonsrat: Kenntnisnahme im Sinne des Kommissionsberichts<\/em><\/em><\/em><\/li>\n<li><strong>Wechsel in st\u00e4ndigen Kommissionen<\/strong><\/li>\n<\/ol>\n<p><strong>Gew\u00e4hlt sind:<\/strong><\/p>\n<p>&#8211; Pia Engler, Kriens, Pr\u00e4sidium der Kommission Gesundheit, Arbeit und Soziale Sicherheit (GASK; Ersatz f\u00fcr David Roth, Luzern)<br \/>\n&#8211; Michael Ledergerber, Luzern in die Kommission Gesundheit, Arbeit und soziale Sicherheit (GASK, Ersatz f\u00fcr David Roth, Luzern)<br \/>\n&#8211; Josef Schuler, Hitzkirch, in die Aufsichts- und Kontrollkommission (AKK, Ersatz f\u00fcr Michael Ledergerber, Luzern)<br \/>\n&#8211; Andrea Pf\u00e4ffli, Luzern, in die Justizkommission (JSK, Ersatz f\u00fcr Josef Schuler, Hitzkirch)<br \/>\n&#8211; Gianluca Pardini, Luzern in die Kommission Verkehr und Bau (VBK, Ersatz f\u00fcr Hasan Candan, Luzern)<br \/>\n&#8211; Simone Brunner, Luzern, in die Stabsgruppe der Gesch\u00e4ftsleitung (SGGL, Ersatz J\u00f6rg Meyer, Adligenswil)<\/p>\n<h3><strong>Wahlen<\/strong><\/h3>\n<ol start=\"14\">\n<li><strong>Wahl einer Ersatzrichterin \/ eines Ersatzrichters am Kantonsgericht Luzern f\u00fcr den Rest der Amtsdauer 2021 \u2013 2025<\/strong> (Nachfolge Christina Freyenmuth-Frey, Gr\u00fcne)<br \/>\nGew\u00e4hlt ist: Michael Portmann, Luzern, Gr\u00fcne<\/li>\n<\/ol>\n<h3><strong>Parlamentarische Vorst\u00f6sse<\/strong><\/h3>\n<ol start=\"15\">\n<li>\n<div id=\"attachment_1879\" style=\"width: 265px\" class=\"wp-caption alignright\"><img loading=\"lazy\" decoding=\"async\" aria-describedby=\"caption-attachment-1879\" class=\"size-full wp-image-1879\" src=\"http:\/\/peter-faessler.spschweiz.ch\/wp-content\/uploads\/sites\/15\/2018\/10\/Polizei.jpg\" alt=\"\" width=\"255\" height=\"198\" srcset=\"https:\/\/peter-faessler.spschweiz.ch\/wp-content\/uploads\/sites\/15\/2018\/10\/Polizei.jpg 255w, https:\/\/peter-faessler.spschweiz.ch\/wp-content\/uploads\/sites\/15\/2018\/10\/Polizei-150x116.jpg 150w\" sizes=\"auto, (max-width: 255px) 100vw, 255px\" \/><p id=\"caption-attachment-1879\" class=\"wp-caption-text\">Bild: Luzerner Polizei<\/p><\/div>\n<p><strong>M 1052 Motion Stutz Hans und Mit. \u00fcber eine \u00c4nderung des Gesetzes \u00fcber die Luzerner Polizei<\/strong> \/ Justiz- und Sicherheitsdepartement<br \/>\nAntrag Regierungsrat: Erheblicherkl\u00e4rung als Postulat<br \/>\n<em>Beschluss Kantonsrat: Ablehnung<\/em><\/li>\n<li><strong>P 1055 Postulat F\u00e4ssler Peter und Mit. \u00fcber die Erweiterung der Uferzone des Luzerner Seebeckens (Vierwaldst\u00e4ttersee)<\/strong> \/ Justiz- und Sicherheitsdepartement<br \/>\nAntrag Regierungsrat: Ablehnung<br \/>\n<em>Beschluss Kantonsrat: Ablehnung<br \/>\n<\/em>Mein Postulat wurde mit 77 zu 23 Stimmen abgelehnt. Da hat das Schreiben an die Ruder-, Kanu- und Segelclubs mit der Bitte um Unterst\u00fctzung nichts gen\u00fctzt. Der Artikel im <a href=\"https:\/\/peter-faessler.spschweiz.ch\/?p=5573\">ZentralPlus<\/a> sowie mein Votum <a href=\"http:\/\/peter-faessler.spschweiz.ch\/wp-content\/uploads\/sites\/15\/2023\/12\/Votum-P1055.pdf\">Votum P1055<\/a> konnte die Mehrheit des Rates nicht \u00fcberzeugen.<\/li>\n<li><strong>A 16 Anfrage Boog Luca und Mit. \u00fcber die Bestattung von Fehlgeburten und Sternenkindern<\/strong> \/ Justiz- und Sicherheitsdepartement i. V. mit Gesundheits- und Sozialdepartement<br \/>\nDie Anfrage wurde vom Regierungsrat schriftlich beantwortet. Der Anfragende ist mit der Antwort zufrieden. Keine Diskussion.<\/li>\n<li><strong>A 6 Anfrage Estermann Rahel und Mit. \u00fcber die Cybersicherheit der \u00f6ffentlichen Verwaltung und der Infrastruktur im Kanton Luzern<\/strong> \/ Justiz- und Sicherheitsdepartement i. V. mit Finanzdepartement<br \/>\nDie Anfrage wurde vom Regierungsrat schriftlich beantwortet. Die Anfragende ist mit der Antwort teilweise zufrieden. Diskussion.<\/li>\n<li><strong><img loading=\"lazy\" decoding=\"async\" class=\"size-medium wp-image-1665 alignright\" src=\"http:\/\/peter-faessler.spschweiz.ch\/wp-content\/uploads\/sites\/15\/2018\/06\/DSC_2712-001-250x300.jpg\" alt=\"\" width=\"250\" height=\"300\" srcset=\"https:\/\/peter-faessler.spschweiz.ch\/wp-content\/uploads\/sites\/15\/2018\/06\/DSC_2712-001-250x300.jpg 250w, https:\/\/peter-faessler.spschweiz.ch\/wp-content\/uploads\/sites\/15\/2018\/06\/DSC_2712-001-125x150.jpg 125w, https:\/\/peter-faessler.spschweiz.ch\/wp-content\/uploads\/sites\/15\/2018\/06\/DSC_2712-001-768x921.jpg 768w, https:\/\/peter-faessler.spschweiz.ch\/wp-content\/uploads\/sites\/15\/2018\/06\/DSC_2712-001-854x1024.jpg 854w\" sizes=\"auto, (max-width: 250px) 100vw, 250px\" \/>P 51 Postulat Setz Isenegger Melanie und Mit. \u00fcber einen fairen Mindestlohn f\u00fcr Staatsangestellte<\/strong> \/ Finanzdepartement<br \/>\nAntrag Regierungsrat: Ablehnung<br \/>\n<em><em>Beschluss Kantonsrat: Ablehnung<\/em><\/em><\/li>\n<li><strong>P 1062 Postulat Zemp Gaudenz und Mit. \u00fcber die Revision der Zahlungsfristen des Kantons<\/strong> \/ Finanzdepartement<br \/>\nAntrag Regierungsrat: Teilweise Erheblicherkl\u00e4rung<br \/>\n<em><em>Beschluss Kantonsrat: Erheblicherkl\u00e4rung<\/em><\/em><\/li>\n<li><strong>P 1053 Postulat Schneider Andy und Mit. \u00fcber \u00f6V-Angebotsstufe 2 im Entwicklungsschwerpunkt Rothenburg (ESP Rothenburg)<\/strong> \/ Bau-, Umwelt- und Wirtschaftsdepartement<br \/>\nAntrag Regierungsrat: Ablehnung wegen Erf\u00fcllung<br \/>\n<em><em>Beschluss Kantonsrat: Erheblicherkl\u00e4rung<\/em><\/em><\/li>\n<li><strong>A 4 Anfrage Knecht Willi und Mit. \u00fcber die F\u00f6rderung von Kleinwasserkraftwerken als aktiven Beitrag zur Behebung der Strommangellage<\/strong> \/ Bau-, Umwelt- und Wirtschaftsdepartement<br \/>\nDie Anfrage wurde vom Regierungsrat schriftlich beantwortet. Der Anfragende ist mit der Antwort teilweise zufrieden. Diskussion.<\/li>\n<li><strong>M 1060 Motion Spring Laura und Mit. \u00fcber einen Massnahmenplan und eine verl\u00e4ssliche Perspektive f\u00fcr die Umsetzung von raumplanerischen Massnahmen in der Landwirtschaft<\/strong> \/ Bau-, Umwelt- und Wirtschaftsdepartement<br \/>\nAntrag Regierungsrat: Ablehnung<br \/>\n<em><em>Beschluss Kantonsrat: Erheblicherkl\u00e4rung als Postulat<\/em><\/em><\/li>\n<li><strong>A 15 Anfrage Ruedi Amrein und Mit. \u00fcber die Praxis des Kantons Luzern bei der Anwendung des Raumplanungsrechts ausserhalb der Bauzone<\/strong> \/ Bau-, Umwelt- und Wirtschaftsdepartement<br \/>\nDie Anfrage wurde vom Regierungsrat schriftlich beantwortet. Der Anfragende ist mit der Antwort nicht zufrieden. Diskussion.<\/li>\n<li>\n<div id=\"attachment_1748\" style=\"width: 310px\" class=\"wp-caption alignright\"><img loading=\"lazy\" decoding=\"async\" aria-describedby=\"caption-attachment-1748\" class=\"size-medium wp-image-1748\" src=\"http:\/\/peter-faessler.spschweiz.ch\/wp-content\/uploads\/sites\/15\/2018\/09\/Bergbauern-7412_1-300x198.jpg\" alt=\"\" width=\"300\" height=\"198\" srcset=\"https:\/\/peter-faessler.spschweiz.ch\/wp-content\/uploads\/sites\/15\/2018\/09\/Bergbauern-7412_1-300x198.jpg 300w, https:\/\/peter-faessler.spschweiz.ch\/wp-content\/uploads\/sites\/15\/2018\/09\/Bergbauern-7412_1-150x99.jpg 150w, https:\/\/peter-faessler.spschweiz.ch\/wp-content\/uploads\/sites\/15\/2018\/09\/Bergbauern-7412_1.jpg 620w\" sizes=\"auto, (max-width: 300px) 100vw, 300px\" \/><p id=\"caption-attachment-1748\" class=\"wp-caption-text\">Bild: schweizerbauer.ch<\/p><\/div>\n<p><strong>P 30 Postulat Bucheli Hanspeter und Mit. \u00fcber die Pflicht zur Sanierung von landwirtschaftlichen Produktionsst\u00e4tten bei Umzonungen von Weilerzonen<\/strong> \/ Bau-, Umwelt- und Wirtschaftsdepartement<br \/>\nAntrag Regierungsrat: Erheblicherkl\u00e4rung<br \/>\n<em>Beschluss Kantonsrat: Erheblicherkl\u00e4rung<\/em><\/li>\n<li><strong>P 1043 Postulat Candan Hasan und Mit. \u00fcber Photovoltaik auf Parkfl\u00e4chen<\/strong> \/ Bau-, Umwelt- und Wirtschaftsdepartement<br \/>\nAntrag Regierungsrat: Erheblicherkl\u00e4rung<br \/>\n<em><em>Beschluss Kantonsrat: Erheblicherkl\u00e4rung<\/em><\/em><\/li>\n<li><strong>M 1021 Motion Meier Anja und Mit. \u00fcber keine digitale Kluft beim Erwerb von \u00f6V-Tickets im Kanton Luzern<\/strong> \/ Bau-, Umwelt- und Wirtschaftsdepartement<br \/>\nAntrag Regierungsrat: Ablehnung<br \/>\n<em><em>Beschluss Kantonsrat: Erheblicherkl\u00e4rung als Postulat<\/em><\/em><\/li>\n<li><strong>P 1089 Postulat Schuler Josef und Mit. \u00fcber die Ausweitung des Tell-Passes auf die Region Seetal<\/strong> \/ Bau-, Umwelt- und Wirtschaftsdepartement<br \/>\nAntrag Regierungsrat: Ablehnung<br \/>\n<em><em>Beschluss Kantonsrat: Ablehnung<\/em><\/em><\/li>\n<li><strong>P 1109 Postulat Roth David und Mit. \u00fcber eine unabh\u00e4ngige \u00dcberpr\u00fcfung der wissenschaftlichen Standards am Institut f\u00fcr Schweizer Wirtschaftspolitik<\/strong> \/ Bildungs- und Kulturdepartement<br \/>\nAntrag Regierungsrat: Ablehnung<br \/>\n<em><em>Beschluss Kantonsrat: Ablehnung<\/em><\/em><\/li>\n<li><strong>P 1015 Postulat Zemp Gaudenz und Mit. \u00fcber den Berufs- und Studienwahlprozess an den Luzerner Untergymnasien<\/strong> \/ Bildungs- und Kulturdepartement<br \/>\nAntrag Regierungsrat: Erheblicherkl\u00e4rung<br \/>\n<em><em>Beschluss Kantonsrat: Erheblicherkl\u00e4rung<\/em><\/em><\/li>\n<li><strong>A 1105 Anfrage Widmer Reichlin Gisela und Mit. \u00fcber die Evaluation und die Strategie in der kantonalen Sonderp\u00e4dagogik sowie \u00fcber die Umsetzung der separativen Sonderschulung an privaten Regelschulen<\/strong> \/ Bildungs- und Kulturdepartement<br \/>\nDie Anfrage wurde vom Regierungsrat schriftlich beantwortet. Die Anfragende ist mit der Antwort nicht zufrieden. Diskussion.<\/li>\n<\/ol>\n<p>Die restlichen Traktanden werden in der n\u00e4chsten Session beraten.<\/p>\n<p>Anschliessend gibt es im Lichthof des Regierungsgeb\u00e4udes eine besinnliche Weihnachtsfeier resp. -Ap\u00e9ro.<\/p>\n","protected":false},"excerpt":{"rendered":"<p>Der Luzerner Kantonsrat trifft sich zur Dezember-Session im Regierungsgeb\u00e4ude in Luzern. Der 2. Sessionstag wurde gestrichen, da zu wenig Gesch\u00e4fte debattenbereit waren.\u00a0 Hier der Link&#8230;<\/p>\n","protected":false},"author":19,"featured_media":5382,"comment_status":"open","ping_status":"open","sticky":false,"template":"","format":"standard","meta":{"footnotes":""},"categories":[22,23,30,21,25,127,128,27],"tags":[8,9,16,19,26,31,7,10,15,28],"class_list":["post-5594","post","type-post","status-publish","format-standard","has-post-thumbnail","hentry","category-kantonsrat-luzern","category-kantonsratsession","category-parlament","category-politik","category-session-kantonsrat-luzern","category-sp-kanton-luzern","category-sp-kantonsratsfraktion","category-vorstoss-kantonsrat","tag-kanton-luzern","tag-kantonsrat","tag-kantonsrat-kanton-luzern","tag-kantonsrat-luzern","tag-kantonsratssession","tag-parlament","tag-politik","tag-session","tag-sp","tag-vorstoss-kantonsrat"],"yoast_head":"<!-- This site is optimized with the Yoast SEO plugin v27.5 - https:\/\/yoast.com\/product\/yoast-seo-wordpress\/ -->\n<title>Dezembersession des Luzerner Kantonsrates vom 4. Dezember 2023 - Peter F\u00e4ssler<\/title>\n<meta name=\"robots\" content=\"index, follow, max-snippet:-1, max-image-preview:large, max-video-preview:-1\" \/>\n<link rel=\"canonical\" href=\"https:\/\/peter-faessler.spschweiz.ch\/?p=5594\" \/>\n<meta property=\"og:locale\" content=\"de_DE\" \/>\n<meta property=\"og:type\" content=\"article\" \/>\n<meta property=\"og:title\" content=\"Dezembersession des Luzerner Kantonsrates vom 4. Dezember 2023 - Peter F\u00e4ssler\" \/>\n<meta property=\"og:description\" content=\"Der Luzerner Kantonsrat trifft sich zur Dezember-Session im Regierungsgeb\u00e4ude in Luzern. Der 2. Sessionstag wurde gestrichen, da zu wenig Gesch\u00e4fte debattenbereit waren.\u00a0 Hier der Link...\" \/>\n<meta property=\"og:url\" content=\"https:\/\/peter-faessler.spschweiz.ch\/?p=5594\" \/>\n<meta property=\"og:site_name\" content=\"Peter F\u00e4ssler\" \/>\n<meta property=\"article:author\" content=\"www.facebook.com\/peter.fassler.31\" \/>\n<meta property=\"article:published_time\" content=\"2023-12-05T18:27:18+00:00\" \/>\n<meta property=\"article:modified_time\" content=\"2023-12-06T15:06:38+00:00\" \/>\n<meta property=\"og:image\" content=\"http:\/\/peter-faessler.spschweiz.ch\/wp-content\/uploads\/sites\/15\/2023\/06\/IMG-20230619-WA0000.jpg\" \/>\n\t<meta property=\"og:image:width\" content=\"1024\" \/>\n\t<meta property=\"og:image:height\" content=\"683\" \/>\n\t<meta property=\"og:image:type\" content=\"image\/jpeg\" \/>\n<meta name=\"author\" content=\"Peter F\u00e4ssler\" \/>\n<meta name=\"twitter:label1\" content=\"Verfasst von\" \/>\n\t<meta name=\"twitter:data1\" content=\"Peter F\u00e4ssler\" \/>\n\t<meta name=\"twitter:label2\" content=\"Gesch\u00e4tzte Lesezeit\" \/>\n\t<meta name=\"twitter:data2\" content=\"8\u00a0Minuten\" \/>\n<script type=\"application\/ld+json\" class=\"yoast-schema-graph\">{\"@context\":\"https:\\\/\\\/schema.org\",\"@graph\":[{\"@type\":\"Article\",\"@id\":\"https:\\\/\\\/peter-faessler.spschweiz.ch\\\/?p=5594#article\",\"isPartOf\":{\"@id\":\"https:\\\/\\\/peter-faessler.spschweiz.ch\\\/?p=5594\"},\"author\":{\"name\":\"Peter F\u00e4ssler\",\"@id\":\"https:\\\/\\\/peter-faessler.spschweiz.ch\\\/#\\\/schema\\\/person\\\/7ac2f764b1930b731c670e8a2393b60e\"},\"headline\":\"Dezembersession des Luzerner Kantonsrates vom 4. Dezember 2023\",\"datePublished\":\"2023-12-05T18:27:18+00:00\",\"dateModified\":\"2023-12-06T15:06:38+00:00\",\"mainEntityOfPage\":{\"@id\":\"https:\\\/\\\/peter-faessler.spschweiz.ch\\\/?p=5594\"},\"wordCount\":1217,\"commentCount\":0,\"image\":{\"@id\":\"https:\\\/\\\/peter-faessler.spschweiz.ch\\\/?p=5594#primaryimage\"},\"thumbnailUrl\":\"https:\\\/\\\/peter-faessler.spschweiz.ch\\\/wp-content\\\/uploads\\\/sites\\\/15\\\/2023\\\/06\\\/IMG-20230619-WA0000.jpg\",\"keywords\":[\"Kanton Luzern\",\"Kantonsrat\",\"Kantonsrat Kanton Luzern\",\"Kantonsrat Luzern\",\"Kantonsratssession\",\"Parlament\",\"Politik\",\"Session\",\"SP\",\"Vorstoss Kantonsrat\"],\"articleSection\":[\"Kantonsrat Luzern\",\"Kantonsratsession\",\"Parlament\",\"Politik\",\"Session Kantonsrat Luzern\",\"SP Kanton Luzern\",\"SP Kantonsratsfraktion\",\"Vorstoss Kantonsrat\"],\"inLanguage\":\"de\",\"potentialAction\":[{\"@type\":\"CommentAction\",\"name\":\"Comment\",\"target\":[\"https:\\\/\\\/peter-faessler.spschweiz.ch\\\/?p=5594#respond\"]}]},{\"@type\":\"WebPage\",\"@id\":\"https:\\\/\\\/peter-faessler.spschweiz.ch\\\/?p=5594\",\"url\":\"https:\\\/\\\/peter-faessler.spschweiz.ch\\\/?p=5594\",\"name\":\"Dezembersession des Luzerner Kantonsrates vom 4. Dezember 2023 - Peter F\u00e4ssler\",\"isPartOf\":{\"@id\":\"https:\\\/\\\/peter-faessler.spschweiz.ch\\\/#website\"},\"primaryImageOfPage\":{\"@id\":\"https:\\\/\\\/peter-faessler.spschweiz.ch\\\/?p=5594#primaryimage\"},\"image\":{\"@id\":\"https:\\\/\\\/peter-faessler.spschweiz.ch\\\/?p=5594#primaryimage\"},\"thumbnailUrl\":\"https:\\\/\\\/peter-faessler.spschweiz.ch\\\/wp-content\\\/uploads\\\/sites\\\/15\\\/2023\\\/06\\\/IMG-20230619-WA0000.jpg\",\"datePublished\":\"2023-12-05T18:27:18+00:00\",\"dateModified\":\"2023-12-06T15:06:38+00:00\",\"author\":{\"@id\":\"https:\\\/\\\/peter-faessler.spschweiz.ch\\\/#\\\/schema\\\/person\\\/7ac2f764b1930b731c670e8a2393b60e\"},\"breadcrumb\":{\"@id\":\"https:\\\/\\\/peter-faessler.spschweiz.ch\\\/?p=5594#breadcrumb\"},\"inLanguage\":\"de\",\"potentialAction\":[{\"@type\":\"ReadAction\",\"target\":[\"https:\\\/\\\/peter-faessler.spschweiz.ch\\\/?p=5594\"]}]},{\"@type\":\"ImageObject\",\"inLanguage\":\"de\",\"@id\":\"https:\\\/\\\/peter-faessler.spschweiz.ch\\\/?p=5594#primaryimage\",\"url\":\"https:\\\/\\\/peter-faessler.spschweiz.ch\\\/wp-content\\\/uploads\\\/sites\\\/15\\\/2023\\\/06\\\/IMG-20230619-WA0000.jpg\",\"contentUrl\":\"https:\\\/\\\/peter-faessler.spschweiz.ch\\\/wp-content\\\/uploads\\\/sites\\\/15\\\/2023\\\/06\\\/IMG-20230619-WA0000.jpg\",\"width\":1024,\"height\":683},{\"@type\":\"BreadcrumbList\",\"@id\":\"https:\\\/\\\/peter-faessler.spschweiz.ch\\\/?p=5594#breadcrumb\",\"itemListElement\":[{\"@type\":\"ListItem\",\"position\":1,\"name\":\"Startseite\",\"item\":\"https:\\\/\\\/peter-faessler.spschweiz.ch\\\/\"},{\"@type\":\"ListItem\",\"position\":2,\"name\":\"Dezembersession des Luzerner Kantonsrates vom 4. Dezember 2023\"}]},{\"@type\":\"WebSite\",\"@id\":\"https:\\\/\\\/peter-faessler.spschweiz.ch\\\/#website\",\"url\":\"https:\\\/\\\/peter-faessler.spschweiz.ch\\\/\",\"name\":\"Peter F\u00e4ssler\",\"description\":\"SP Kantonsrat Kanton Luzern\",\"potentialAction\":[{\"@type\":\"SearchAction\",\"target\":{\"@type\":\"EntryPoint\",\"urlTemplate\":\"https:\\\/\\\/peter-faessler.spschweiz.ch\\\/?s={search_term_string}\"},\"query-input\":{\"@type\":\"PropertyValueSpecification\",\"valueRequired\":true,\"valueName\":\"search_term_string\"}}],\"inLanguage\":\"de\"},{\"@type\":\"Person\",\"@id\":\"https:\\\/\\\/peter-faessler.spschweiz.ch\\\/#\\\/schema\\\/person\\\/7ac2f764b1930b731c670e8a2393b60e\",\"name\":\"Peter F\u00e4ssler\",\"image\":{\"@type\":\"ImageObject\",\"inLanguage\":\"de\",\"@id\":\"https:\\\/\\\/secure.gravatar.com\\\/avatar\\\/9da8604da19b11812517d76f206166d47c5e180a26df2de36b8649168e128572?s=96&d=blank&r=g\",\"url\":\"https:\\\/\\\/secure.gravatar.com\\\/avatar\\\/9da8604da19b11812517d76f206166d47c5e180a26df2de36b8649168e128572?s=96&d=blank&r=g\",\"contentUrl\":\"https:\\\/\\\/secure.gravatar.com\\\/avatar\\\/9da8604da19b11812517d76f206166d47c5e180a26df2de36b8649168e128572?s=96&d=blank&r=g\",\"caption\":\"Peter F\u00e4ssler\"},\"description\":\"Peter F\u00e4ssler Schibiweg 7 6006 Luzern\",\"sameAs\":[\"www.facebook.com\\\/peter.fassler.31\",\"https:\\\/\\\/www.instagram.com\\\/peter.fassler.31\\\/\",\"https:\\\/\\\/www.linkedin.com\\\/in\\\/peter-fssler-2518a782\\\/\",\"https:\\\/\\\/x.com\\\/pfaessler56\"],\"url\":\"https:\\\/\\\/peter-faessler.spschweiz.ch\\\/?author=19\"}]}<\/script>\n<!-- \/ Yoast SEO plugin. -->","yoast_head_json":{"title":"Dezembersession des Luzerner Kantonsrates vom 4. Dezember 2023 - Peter F\u00e4ssler","robots":{"index":"index","follow":"follow","max-snippet":"max-snippet:-1","max-image-preview":"max-image-preview:large","max-video-preview":"max-video-preview:-1"},"canonical":"https:\/\/peter-faessler.spschweiz.ch\/?p=5594","og_locale":"de_DE","og_type":"article","og_title":"Dezembersession des Luzerner Kantonsrates vom 4. Dezember 2023 - Peter F\u00e4ssler","og_description":"Der Luzerner Kantonsrat trifft sich zur Dezember-Session im Regierungsgeb\u00e4ude in Luzern. Der 2. Sessionstag wurde gestrichen, da zu wenig Gesch\u00e4fte debattenbereit waren.\u00a0 Hier der Link...","og_url":"https:\/\/peter-faessler.spschweiz.ch\/?p=5594","og_site_name":"Peter F\u00e4ssler","article_author":"www.facebook.com\/peter.fassler.31","article_published_time":"2023-12-05T18:27:18+00:00","article_modified_time":"2023-12-06T15:06:38+00:00","og_image":[{"width":1024,"height":683,"url":"http:\/\/peter-faessler.spschweiz.ch\/wp-content\/uploads\/sites\/15\/2023\/06\/IMG-20230619-WA0000.jpg","type":"image\/jpeg"}],"author":"Peter F\u00e4ssler","twitter_misc":{"Verfasst von":"Peter F\u00e4ssler","Gesch\u00e4tzte Lesezeit":"8\u00a0Minuten"},"schema":{"@context":"https:\/\/schema.org","@graph":[{"@type":"Article","@id":"https:\/\/peter-faessler.spschweiz.ch\/?p=5594#article","isPartOf":{"@id":"https:\/\/peter-faessler.spschweiz.ch\/?p=5594"},"author":{"name":"Peter F\u00e4ssler","@id":"https:\/\/peter-faessler.spschweiz.ch\/#\/schema\/person\/7ac2f764b1930b731c670e8a2393b60e"},"headline":"Dezembersession des Luzerner Kantonsrates vom 4. Dezember 2023","datePublished":"2023-12-05T18:27:18+00:00","dateModified":"2023-12-06T15:06:38+00:00","mainEntityOfPage":{"@id":"https:\/\/peter-faessler.spschweiz.ch\/?p=5594"},"wordCount":1217,"commentCount":0,"image":{"@id":"https:\/\/peter-faessler.spschweiz.ch\/?p=5594#primaryimage"},"thumbnailUrl":"https:\/\/peter-faessler.spschweiz.ch\/wp-content\/uploads\/sites\/15\/2023\/06\/IMG-20230619-WA0000.jpg","keywords":["Kanton Luzern","Kantonsrat","Kantonsrat Kanton Luzern","Kantonsrat Luzern","Kantonsratssession","Parlament","Politik","Session","SP","Vorstoss Kantonsrat"],"articleSection":["Kantonsrat Luzern","Kantonsratsession","Parlament","Politik","Session Kantonsrat Luzern","SP Kanton Luzern","SP Kantonsratsfraktion","Vorstoss Kantonsrat"],"inLanguage":"de","potentialAction":[{"@type":"CommentAction","name":"Comment","target":["https:\/\/peter-faessler.spschweiz.ch\/?p=5594#respond"]}]},{"@type":"WebPage","@id":"https:\/\/peter-faessler.spschweiz.ch\/?p=5594","url":"https:\/\/peter-faessler.spschweiz.ch\/?p=5594","name":"Dezembersession des Luzerner Kantonsrates vom 4. Dezember 2023 - Peter F\u00e4ssler","isPartOf":{"@id":"https:\/\/peter-faessler.spschweiz.ch\/#website"},"primaryImageOfPage":{"@id":"https:\/\/peter-faessler.spschweiz.ch\/?p=5594#primaryimage"},"image":{"@id":"https:\/\/peter-faessler.spschweiz.ch\/?p=5594#primaryimage"},"thumbnailUrl":"https:\/\/peter-faessler.spschweiz.ch\/wp-content\/uploads\/sites\/15\/2023\/06\/IMG-20230619-WA0000.jpg","datePublished":"2023-12-05T18:27:18+00:00","dateModified":"2023-12-06T15:06:38+00:00","author":{"@id":"https:\/\/peter-faessler.spschweiz.ch\/#\/schema\/person\/7ac2f764b1930b731c670e8a2393b60e"},"breadcrumb":{"@id":"https:\/\/peter-faessler.spschweiz.ch\/?p=5594#breadcrumb"},"inLanguage":"de","potentialAction":[{"@type":"ReadAction","target":["https:\/\/peter-faessler.spschweiz.ch\/?p=5594"]}]},{"@type":"ImageObject","inLanguage":"de","@id":"https:\/\/peter-faessler.spschweiz.ch\/?p=5594#primaryimage","url":"https:\/\/peter-faessler.spschweiz.ch\/wp-content\/uploads\/sites\/15\/2023\/06\/IMG-20230619-WA0000.jpg","contentUrl":"https:\/\/peter-faessler.spschweiz.ch\/wp-content\/uploads\/sites\/15\/2023\/06\/IMG-20230619-WA0000.jpg","width":1024,"height":683},{"@type":"BreadcrumbList","@id":"https:\/\/peter-faessler.spschweiz.ch\/?p=5594#breadcrumb","itemListElement":[{"@type":"ListItem","position":1,"name":"Startseite","item":"https:\/\/peter-faessler.spschweiz.ch\/"},{"@type":"ListItem","position":2,"name":"Dezembersession des Luzerner Kantonsrates vom 4. Dezember 2023"}]},{"@type":"WebSite","@id":"https:\/\/peter-faessler.spschweiz.ch\/#website","url":"https:\/\/peter-faessler.spschweiz.ch\/","name":"Peter F\u00e4ssler","description":"SP Kantonsrat Kanton Luzern","potentialAction":[{"@type":"SearchAction","target":{"@type":"EntryPoint","urlTemplate":"https:\/\/peter-faessler.spschweiz.ch\/?s={search_term_string}"},"query-input":{"@type":"PropertyValueSpecification","valueRequired":true,"valueName":"search_term_string"}}],"inLanguage":"de"},{"@type":"Person","@id":"https:\/\/peter-faessler.spschweiz.ch\/#\/schema\/person\/7ac2f764b1930b731c670e8a2393b60e","name":"Peter F\u00e4ssler","image":{"@type":"ImageObject","inLanguage":"de","@id":"https:\/\/secure.gravatar.com\/avatar\/9da8604da19b11812517d76f206166d47c5e180a26df2de36b8649168e128572?s=96&d=blank&r=g","url":"https:\/\/secure.gravatar.com\/avatar\/9da8604da19b11812517d76f206166d47c5e180a26df2de36b8649168e128572?s=96&d=blank&r=g","contentUrl":"https:\/\/secure.gravatar.com\/avatar\/9da8604da19b11812517d76f206166d47c5e180a26df2de36b8649168e128572?s=96&d=blank&r=g","caption":"Peter F\u00e4ssler"},"description":"Peter F\u00e4ssler Schibiweg 7 6006 Luzern","sameAs":["www.facebook.com\/peter.fassler.31","https:\/\/www.instagram.com\/peter.fassler.31\/","https:\/\/www.linkedin.com\/in\/peter-fssler-2518a782\/","https:\/\/x.com\/pfaessler56"],"url":"https:\/\/peter-faessler.spschweiz.ch\/?author=19"}]}},"_links":{"self":[{"href":"https:\/\/peter-faessler.spschweiz.ch\/index.php?rest_route=\/wp\/v2\/posts\/5594","targetHints":{"allow":["GET"]}}],"collection":[{"href":"https:\/\/peter-faessler.spschweiz.ch\/index.php?rest_route=\/wp\/v2\/posts"}],"about":[{"href":"https:\/\/peter-faessler.spschweiz.ch\/index.php?rest_route=\/wp\/v2\/types\/post"}],"author":[{"embeddable":true,"href":"https:\/\/peter-faessler.spschweiz.ch\/index.php?rest_route=\/wp\/v2\/users\/19"}],"replies":[{"embeddable":true,"href":"https:\/\/peter-faessler.spschweiz.ch\/index.php?rest_route=%2Fwp%2Fv2%2Fcomments&post=5594"}],"version-history":[{"count":9,"href":"https:\/\/peter-faessler.spschweiz.ch\/index.php?rest_route=\/wp\/v2\/posts\/5594\/revisions"}],"predecessor-version":[{"id":5604,"href":"https:\/\/peter-faessler.spschweiz.ch\/index.php?rest_route=\/wp\/v2\/posts\/5594\/revisions\/5604"}],"wp:featuredmedia":[{"embeddable":true,"href":"https:\/\/peter-faessler.spschweiz.ch\/index.php?rest_route=\/wp\/v2\/media\/5382"}],"wp:attachment":[{"href":"https:\/\/peter-faessler.spschweiz.ch\/index.php?rest_route=%2Fwp%2Fv2%2Fmedia&parent=5594"}],"wp:term":[{"taxonomy":"category","embeddable":true,"href":"https:\/\/peter-faessler.spschweiz.ch\/index.php?rest_route=%2Fwp%2Fv2%2Fcategories&post=5594"},{"taxonomy":"post_tag","embeddable":true,"href":"https:\/\/peter-faessler.spschweiz.ch\/index.php?rest_route=%2Fwp%2Fv2%2Ftags&post=5594"}],"curies":[{"name":"wp","href":"https:\/\/api.w.org\/{rel}","templated":true}]}}