{"id":5832,"date":"2024-12-03T10:04:17","date_gmt":"2024-12-03T09:04:17","guid":{"rendered":"https:\/\/peter-faessler.spschweiz.ch\/?p=5832"},"modified":"2025-01-27T10:22:19","modified_gmt":"2025-01-27T09:22:19","slug":"dezember-session-luzerner-kantonsrat-vom-2-und-3-dezember-2024","status":"publish","type":"post","link":"https:\/\/peter-faessler.spschweiz.ch\/?p=5832","title":{"rendered":"Dezember-Session Luzerner Kantonsrat vom 2. und 3. Dezember 2024"},"content":{"rendered":"<h2>Kantonsrat Luzern<\/h2>\n<div id=\"attachment_5663\" style=\"width: 310px\" class=\"wp-caption alignright\"><img loading=\"lazy\" decoding=\"async\" aria-describedby=\"caption-attachment-5663\" class=\"size-medium wp-image-5663\" src=\"http:\/\/peter-faessler.spschweiz.ch\/wp-content\/uploads\/sites\/15\/2024\/05\/KR_Parlamentsgeschaefte-300x169.jpg\" alt=\"\" width=\"300\" height=\"169\" srcset=\"https:\/\/peter-faessler.spschweiz.ch\/wp-content\/uploads\/sites\/15\/2024\/05\/KR_Parlamentsgeschaefte-300x169.jpg 300w, https:\/\/peter-faessler.spschweiz.ch\/wp-content\/uploads\/sites\/15\/2024\/05\/KR_Parlamentsgeschaefte-1024x576.jpg 1024w, https:\/\/peter-faessler.spschweiz.ch\/wp-content\/uploads\/sites\/15\/2024\/05\/KR_Parlamentsgeschaefte-150x84.jpg 150w, https:\/\/peter-faessler.spschweiz.ch\/wp-content\/uploads\/sites\/15\/2024\/05\/KR_Parlamentsgeschaefte-768x432.jpg 768w, https:\/\/peter-faessler.spschweiz.ch\/wp-content\/uploads\/sites\/15\/2024\/05\/KR_Parlamentsgeschaefte.jpg 1280w\" sizes=\"auto, (max-width: 300px) 100vw, 300px\" \/><p id=\"caption-attachment-5663\" class=\"wp-caption-text\">Bild: Kanton Luzern<\/p><\/div>\n<p>Der Kantonsrat ist die oberste gesetzgebende Beh\u00f6rde des Kantons. Er genehmigt den Beitritt zu Konkordaten und ist zust\u00e4ndig f\u00fcr die wichtigsten Finanz- und Grundst\u00fcckgesch\u00e4fte. Er behandelt ferner die Planungsvorlagen der Regierung und \u00fcbt die Oberaufsicht \u00fcber den Regierungsrat, die kantonale Verwaltung sowie das Kantonsgericht aus.<\/p>\n<p>Die Organisation und das Verfahren f\u00fcr die Erledigung der Gesch\u00e4fte sind in der Staatsverfassung sowie im\u00a0<a class=\"ext\" title=\"Kantonsratsgesetz SRL 30\" href=\"http:\/\/srl.lu.ch\/data\/30\/de\" target=\"_blank\" rel=\"noopener noreferrer\"><span class=\"linked\">Kantonsratsgesetz SRL 30<\/span><\/a> und in der\u00a0<a class=\"ext\" title=\"Gesch\u00e4ftsordnung f\u00fcr den Kantonsrat SRL 31\" href=\"http:\/\/srl.lu.ch\/data\/31\/de\" target=\"_blank\" rel=\"noopener noreferrer\"><span class=\"linked\">Gesch\u00e4ftsordnung f\u00fcr den Kantonsrat SRL 31<\/span><\/a> geregelt.<\/p>\n<p>Der Kantonsrat besteht aus 120 Mitgliedern, die nach dem Verh\u00e4ltniswahlverfahren vom Volk auf eine Amtsdauer von vier Jahren gew\u00e4hlt werden.<\/p>\n<p>Die letzten Gesamterneuerungswahlen des Kantonsrates f\u00fcr die gegenw\u00e4rtige Amtsdauer fanden am 2. April 2023 statt.<\/p>\n<p>Der Kantonsrat h\u00e4lt in der Regel jedes Jahr sieben Sessionen von je zwei Tagen (Montag und Dienstag). Im September und Oktober ist jeweils ein 3. Sessionstag (Montag) vorgesehen. Die Sitzungen sind \u00f6ffentlich.<\/p>\n<p>Der Luzerner Kantonsrat trifft sich zur Dezember-Session wie gewohnt im Regierungsgeb\u00e4ude in Luzern. Es sind 2 Sessionstage vorgesehen.\u00a0 Hier der Link zum <a href=\"https:\/\/www.lu.ch\/kr\/mitglieder_und_organe\/sitzordnung\" target=\"_blank\" rel=\"noopener\">Sitzplan<\/a> im Kantonsrat sowie der Link zur <a href=\"https:\/\/www.lu.ch\/kr\/Sessionen\/sessionsdaten_2024\/detail?guid=88a9b18357c74bbd8c6e6d0d556fc030&amp;cal=AE2C4F5C48D0479AA29D298BBCBE9177\">Traktandenliste<\/a>\u00a0 und den <a href=\"https:\/\/www.lu.ch\/kr\/Sessionen\/videoaufnahmen?keyword=Session&amp;sessionoverview=true\">Videoaufnahmen<\/a>.<\/p>\n<h2>Traktanden<\/h2>\n<h3>Sachgesch\u00e4fte und dazugeh\u00f6rende parlamentarische Vorst\u00f6sse<\/h3>\n<ol>\n<li>\n<h4>Er\u00f6ffnungen<\/h4>\n<\/li>\n<\/ol>\n<p>Er\u00f6ffnet wurden:<\/p>\n<p>&#8211; 15 Vorst\u00f6sse<\/p>\n<p>&#8211; R\u00fccktritt von Kantonsrat J\u00f6rg Meyer, Adligenswil, SP, per 3. Dezember 2024<\/p>\n<p>&#8211; R\u00fccktritt von Kantonsrat Cornel Raess, Eschenbach, SVP, per 2. Dezember 2024<\/p>\n<p>&#8211; R\u00fccktritt von Kantonsrat Andy Schneider, Rothenburg, SP, per 28. Januar 2025<\/p>\n<p>&#8211; Petition \u00fcber den Schutz vor Fake News in sozialen Medien<\/p>\n<p>&#8211; Petition \u00fcber einen Solidarit\u00e4tsbeitrag f\u00fcr Opfer f\u00fcrsorgerischer Zwangsmassnahmen<\/p>\n<p>&#8211; Petition \u00fcber die modellbasierte Baueingabe bis 2030 im Kanton Luzern<\/p>\n<p>&#8211; Anfrage A 296 Elmiger Elin und Mit. \u00fcber die aktuelle Situation der Firma Swiss Steel in Emmenbr\u00fccke; R\u00fcckzug<\/p>\n<p>&#8211; Anfrage A 199 Schumacher Urs Christian und Mit. \u00fcber die Absage des Konzertes im KKL mit Anna Netrebko; Fristverl\u00e4ngerung f\u00fcr die Verabschiedung der Antwort des Regierungsrats<\/p>\n<p>&#8211; Hinschied von alt Grossrat Josef Meyer-Schmidiger, Eschenbach<\/p>\n<ol start=\"2\">\n<li>\n<h4>Beschlussfassung \u00fcber die dringliche Behandlung parlamentarischer Vorst\u00f6sse<\/h4>\n<\/li>\n<\/ol>\n<p>Dringlich erkl\u00e4rt wurden: Postulat P 300, Anfrage A 304, Postulat P 306, Postulat P 307<\/p>\n<ol start=\"3\">\n<li><strong>B 32 Teilrevision Finanzausgleichsgesetz 2026; Entwurf \u00c4nderung des Gesetzes \u00fcber den Finanzausgleich<\/strong> \/ Finanzdepartement, 2. Beratung<br \/>\n<img loading=\"lazy\" decoding=\"async\" class=\"size-medium wp-image-3438 alignright\" src=\"http:\/\/peter-faessler.spschweiz.ch\/wp-content\/uploads\/sites\/15\/2020\/10\/Geld-142x300.jpg\" alt=\"\" width=\"142\" height=\"300\" srcset=\"https:\/\/peter-faessler.spschweiz.ch\/wp-content\/uploads\/sites\/15\/2020\/10\/Geld-142x300.jpg 142w, https:\/\/peter-faessler.spschweiz.ch\/wp-content\/uploads\/sites\/15\/2020\/10\/Geld-485x1024.jpg 485w, https:\/\/peter-faessler.spschweiz.ch\/wp-content\/uploads\/sites\/15\/2020\/10\/Geld-71x150.jpg 71w, https:\/\/peter-faessler.spschweiz.ch\/wp-content\/uploads\/sites\/15\/2020\/10\/Geld-768x1623.jpg 768w, https:\/\/peter-faessler.spschweiz.ch\/wp-content\/uploads\/sites\/15\/2020\/10\/Geld-727x1536.jpg 727w, https:\/\/peter-faessler.spschweiz.ch\/wp-content\/uploads\/sites\/15\/2020\/10\/Geld-969x2048.jpg 969w, https:\/\/peter-faessler.spschweiz.ch\/wp-content\/uploads\/sites\/15\/2020\/10\/Geld-scaled.jpg 1211w\" sizes=\"auto, (max-width: 142px) 100vw, 142px\" \/>Kommission Wirtschaft und Abgaben<br \/>\nBeschluss Kantonsrat: Zustimmung<\/li>\n<\/ol>\n<ol start=\"4\">\n<li><strong>P 301 Postulat Guido M\u00fcller namens der Kommission Wirtschaft und Abgaben (WAK) \u00fcber die Totalrevision des Finanzausgleichsgesetzes<\/strong> \/ Finanzdepartement<br \/>\nAntrag Regierungsrat: Erheblicherkl\u00e4rung<br \/>\nBeschluss Kantonsrat: Erheblicherkl\u00e4rung<\/li>\n<\/ol>\n<ol start=\"5\">\n<li><strong>B 30 Neuregelung des Bettelns im \u00f6ffentlichen Raum; Entwurf \u00c4nderung des\u00dcbertretungsstrafgesetzes<\/strong> \/ Justiz- und Sicherheitsdepartement<br \/>\n2. Beratung<br \/>\nKommission Justiz und Sicherheit<br \/>\nBeschluss Kantonsrat: Zustimmung<\/li>\n<\/ol>\n<ol start=\"6\">\n<li><strong>B 40 A Abl\u00f6sung der Kollaturverpflichtung f\u00fcr die Seelsorge in St. Urban; Entwurf Dekret \u00fcber einen Sonderkredit<\/strong> \/ Bildungs- und Kulturdepartement<br \/>\nKommission Erziehung, Bildung und Kultur<br \/>\nBeschluss Kantonsrat: Zustimmung<\/li>\n<\/ol>\n<ol start=\"7\">\n<li><strong>B 40 B Abl\u00f6sung der Kollaturverpflichtung f\u00fcr die Seelsorge in St. Urban; Entwurf Kantonsratsbeschluss \u00fcber einen Nachtragskredit zum Voranschlag<\/strong> \/ Bildungs- und Kulturdepartement<br \/>\nKommission Erziehung, Bildung und Kultur<br \/>\nBeschluss Kantonsrat: Zustimmung<\/li>\n<\/ol>\n<ol start=\"8\">\n<li><strong>B 35 Volksinitiative \u00abF\u00fcr eine fl\u00e4chendeckende und garantierte Grundversorgung im Kanton Luzern\u00bb; Entwurf Kantonsratsbeschluss<\/strong> \/ Gesundheits- und Sozialdepartement\n<div id=\"attachment_3543\" style=\"width: 286px\" class=\"wp-caption alignright\"><img loading=\"lazy\" decoding=\"async\" aria-describedby=\"caption-attachment-3543\" class=\"size-full wp-image-3543\" src=\"http:\/\/peter-faessler.spschweiz.ch\/wp-content\/uploads\/sites\/15\/2020\/11\/Weiterbildung-Aerzte.jpg\" alt=\"\" width=\"276\" height=\"182\" srcset=\"https:\/\/peter-faessler.spschweiz.ch\/wp-content\/uploads\/sites\/15\/2020\/11\/Weiterbildung-Aerzte.jpg 276w, https:\/\/peter-faessler.spschweiz.ch\/wp-content\/uploads\/sites\/15\/2020\/11\/Weiterbildung-Aerzte-150x99.jpg 150w\" sizes=\"auto, (max-width: 276px) 100vw, 276px\" \/><p id=\"caption-attachment-3543\" class=\"wp-caption-text\">Bild: LUKS<\/p><\/div>\n<p>Kommission Gesundheit, Arbeit und soziale Sicherheit<br \/>\nBeschluss Kantonsrat: Nichteintreten wegen Gegenstandslosigkeit<\/li>\n<\/ol>\n<ol start=\"9\">\n<li><strong>B 36 Planungsbericht \u00fcber die Gesundheitsversorgung im Kanton Luzern 2024; Entwurf Kantonsratsbeschluss \u00fcber die Kenntnisnahme<\/strong> \/ Gesundheits- und Sozialdepartement<br \/>\nKommission Gesundheit, Arbeit und soziale Sicherheit<br \/>\nBeschluss Kantonsrat: zustimmende Kenntnisnahme<\/li>\n<\/ol>\n<p>Vereidigung von Beat Tanner, Kriens, FDP, als Kantonsrat<\/p>\n<ol start=\"10\">\n<li><strong>B 28 Planungsbericht Tempo 30 auf verkehrsorientierten Strassen innerorts;<\/strong> Entwurf Kantonsratsbeschluss \u00fcber die Kenntnisnahme \/ Bau-, Umwelt- und Wirtschaftsdepartement<br \/>\nKommission Verkehr und Bau<br \/>\nBeschluss Kantonsrat: zustimmende Kenntnisnahme<\/li>\n<li><strong>A 207 Anfrage Steiner Bernhard und Mit. \u00fcber eine m\u00f6gliche Rechtsunsicherheit bei der Frage nach \u00abTempo 50 auf verkehrsintensiven Strassen\u00bb<\/strong> \/ Bau-, Umwelt- und Wirtschaftsdepartement<br \/>\nDie Anfrage wurde vom Regierungsrat schriftlich beantwortet. Der Anfragende ist mit der Antwort nicht zufrieden. Keine Diskussion.<\/li>\n<li><strong>B 29 Volksinitiative \u00abTempo 50 auf Hauptverkehrsachsen innerorts\u00bb<\/strong>; Entwurf Kantonsratsbeschluss \/ Bau-, Umwelt- und Wirtschaftsdepartement<br \/>\nKommission Verkehr und Bau<br \/>\nBeschluss Kantonsrat: Zustimmung<\/li>\n<li><strong>B 38 Abgeltung von gemeinwirtschaftlichen Leistungen (GWL) im Bereich der universit\u00e4ren Weiterbildung an Listenspit\u00e4ler im Jahr 2025<\/strong>; Entwurf Dekret \u00fcber einen Sonderkredit \/ Gesundheits- und Sozialdepartement<br \/>\nKommission Gesundheit, Arbeit und soziale Sicherheit<br \/>\nBeschluss Kantonsrat: Zustimmung<\/li>\n<li><strong>B 37 Massnahmenprogramm 2025\u20132028 zum Schutz vor Naturgefahren und zur Revitalisierung der Gew\u00e4sser<\/strong>; Entwurf Kantonsratsbeschluss \/ Bau-, Umwelt- und Wirtschaftsdepartement<br \/>\nKommission Verkehr und Bau<br \/>\nBeschluss Kantonsrat: Zustimmung<\/li>\n<li><strong>A 236 Anfrage Zbinden Samuel und Mit. \u00fcber ist der Kanton Luzern auf immer h\u00e4ufiger auftretende Naturgefahren vorbereitet?<\/strong> \/ Bau-, Umwelt- und Wirtschaftsdepartement<br \/>\nDie Anfrage wurde vom Regierungsrat schriftlich beantwortet. Der Anfragende ist mit der Antwort teilweise zufrieden. Diskussion.<\/li>\n<li><strong>B 39 Umwandlung der Realkorporation Briseck und der Realkorporation Menznau in \u00f6ffentlich-rechtliche Genossenschaften<\/strong>; Botschaft und Entw\u00fcrfe Kantonsratsbeschl\u00fcsse \/ Justiz- und Sicherheitsdepartement<br \/>\nStaatspolitische Kommission<br \/>\nBeschluss Kantonsrat: Zustimmung<\/li>\n<li>Petition \u00fcber die Unterst\u00fctzung bei der Reduktion der L\u00e4rmbelastung im Strassenabschnitt Boowald<br \/>\nKommission Raumplanung, Umwelt und Energie<br \/>\nBeschluss Kantonsrat: Die Beratung erfolgt an der Session vom 27.\/28. Januar 2025.<\/li>\n<li><strong>Wechsel in st\u00e4ndigen Kommissionen der Legislatur 2023\u20132027<\/strong><br \/>\nBeschluss Kantonsrat:<br \/>\n&#8211; Roman Bolliger, Hochdorf, Gr\u00fcne, als Mitglied der Kommission Wirtschaft und Abgaben (WAK anstelle von Samuel Zbinden)<br \/>\n&#8211; Mike Hauser, Luzern, FDP, als neues Mitglied der Kommission Raumplanung, Umwelt und Energie (RUEK, anstelle von Gaudenz Zemp)<br \/>\n&#8211; Beat Tanner, Kriens, FDP, als neues Mitglied der Planungs- und Finanzkommission (PFK, anstelle von Mike Hauser)<\/li>\n<\/ol>\n<h4>Wahlen<\/h4>\n<ol start=\"19\">\n<li><strong>Wahl mehrerer Ersatzrichterinnen \/ Ersatzrichter am Kantonsgericht Luzern<\/strong> f\u00fcr den Rest der Amtsdauer 2021\u20132025<br \/>\nGew\u00e4hlt ist:<br \/>\nC\u00e9line Portmann, Kriens, FDP<br \/>\nLorraine Blum, Root, SVP<\/li>\n<li><strong>Wahl einer Richterin \/ eines Richters am Bezirksgericht Willisau<\/strong> f\u00fcr den Rest der Amtsdauer 2023\u20132026 (Nachfolge Adrian Meier, SVP)<br \/>\nGew\u00e4hlt ist:<br \/>\nLorenzo Varrone, Eich, FDP<\/li>\n<\/ol>\n<h4>Parlamentarische Vorst\u00f6sse<\/h4>\n<ol start=\"21\">\n<li><strong>P 192 Postulat Pardini Gianluca und Mit. \u00fcber die Mittelverwendung aus der Causa VBL<\/strong> \/ Bau-, Umwelt- und Wirtschaftsdepartement<br \/>\nAntrag Regierungsrat: Teilweise Erheblicherkl\u00e4rung<br \/>\nBeschluss Kantonsrat: Teilweise Erheblicherkl\u00e4rung<\/li>\n<li><strong>A 213 Anfrage B\u00fchler-H\u00e4fliger Sarah und Mit. \u00fcber die geplante Schliessung von Poststellen im Kanton Luzern<\/strong> \/ Bau-, Umwelt- und Wirtschaftsdepartement<br \/>\nDie Anfrage wurde vom Regierungsrat schriftlich beantwortet. Die Anfragende ist mit der Antwort nicht zufrieden. Diskussion.<\/li>\n<li><strong>A 263 Anfrage Gasser Daniel und Mit. \u00fcber den Wechsel des SBB-Gesamtprojektleiters Durchgangsbahnhof Luzern<\/strong> \/ Bau-, Umwelt- und Wirtschaftsdepartement<br \/>\nDie Anfrage wurde vom Regierungsrat schriftlich beantwortet. Der Anfragende ist mit der Antwort teilweise zufrieden. Diskussion.<\/li>\n<li><strong>A 249 Anfrage Kurmann Michael und Mit. \u00fcber die 1000 Neuank\u00fcndigungen im Kataster der belasteten Standorte<\/strong> \/ Bau-, Umwelt- und Wirtschaftsdepartement<br \/>\nDie Anfrage wurde vom Regierungsrat schriftlich beantwortet. Der Anfragende ist mit der Antwort teilweise zufrieden. Diskussion.<\/li>\n<li><strong>P 185 Postulat Boog Luca und Mit. \u00fcber Einschr\u00e4nkungen von Einsprachem\u00f6glichkeiten bei Volksentscheiden<\/strong> \/ Bau-, Umwelt- und Wirtschaftsdepartement i. V. mit Justiz- und Sicherheitsdepartement<br \/>\nAntrag Regierungsrat: Ablehnung<br \/>\nBeschluss Kantonsrat: Ablehnung<\/li>\n<li><strong>A 183 Anfrage Zbinden Samuel und Mit. \u00fcber die Auswirkungen des Urteils des EGMR und den Schutz der \u00e4lteren Bev\u00f6lkerung vor den Auswirkungen der Klimaerhitzung<\/strong> \/ Bau-, Umwelt- und Wirtschaftsdepartement<br \/>\nDie Anfrage wurde vom Regierungsrat schriftlich beantwortet. Der Anfragende ist mit der Antwort nicht zufrieden. Diskussion.<\/li>\n<li><strong>A 240 Anfrage Heselhaus Sabine und Mit. \u00fcber Investitionen in den Klimaschutz zum Schutz der Bev\u00f6lkerung<\/strong> \/ Bau-, Umwelt- und Wirtschaftsdepartement<br \/>\nDie Anfrage wurde vom Regierungsrat schriftlich beantwortet. Die Anfragende ist mit der Antwort teilweise zufrieden. Diskussion.<\/li>\n<li><strong>P 275 Postulat Wicki Martin und Mit. \u00fcber den Erhalt von Bargeldbezahlungen in Bussen der Verkehrsbetriebe Luzern und der Linien der Auto AG Rothenburg<\/strong> \/ Bau-, Umwelt- und Wirtschaftsdepartement<br \/>\nAntrag Regierungsrat: Teilweise Erheblicherkl\u00e4rung<br \/>\nBeschluss Kantonsrat: Teilweise Erheblicherkl\u00e4rung<\/li>\n<li><strong>A 266 Anfrage B\u00fchler-H\u00e4fliger Sarah und Mit. \u00fcber die Situation des Begleitpersonals bei Transportunternehmen mit Angebotsvereinbarungen mit dem Kanton Luzern<\/strong> \/ Bau-, Umwelt- und Wirtschaftsdepartement<br \/>\nDie Anfrage wurde vom Regierungsrat schriftlich beantwortet. Die Anfragende ist mit der Antwort teilweise zufrieden. Diskussion.<\/li>\n<li><strong>A 221 Anfrage Pardini Gianluca und Mit. \u00fcber die kantonale Ansiedlungspolitik von multinationalen Unternehmen<\/strong> \/ Bau-, Umwelt- und Wirtschaftsdepartement<br \/>\nDie Anfrage wurde vom Regierungsrat schriftlich beantwortet. Der Anfragende ist mit der Antwort nicht zufrieden. Diskussion.<\/li>\n<\/ol>\n<p>Die restlichen Traktanden werden in der Januar-Session 2025 behandelt.<\/p>\n","protected":false},"excerpt":{"rendered":"<p>Kantonsrat Luzern Der Kantonsrat ist die oberste gesetzgebende Beh\u00f6rde des Kantons. Er genehmigt den Beitritt zu Konkordaten und ist zust\u00e4ndig f\u00fcr die wichtigsten Finanz- und&#8230;<\/p>\n","protected":false},"author":19,"featured_media":0,"comment_status":"open","ping_status":"open","sticky":false,"template":"","format":"standard","meta":{"footnotes":""},"categories":[22,23,30,21,25,127,128],"tags":[8,9,16,19,26,31,7,10,15],"class_list":["post-5832","post","type-post","status-publish","format-standard","hentry","category-kantonsrat-luzern","category-kantonsratsession","category-parlament","category-politik","category-session-kantonsrat-luzern","category-sp-kanton-luzern","category-sp-kantonsratsfraktion","tag-kanton-luzern","tag-kantonsrat","tag-kantonsrat-kanton-luzern","tag-kantonsrat-luzern","tag-kantonsratssession","tag-parlament","tag-politik","tag-session","tag-sp"],"yoast_head":"<!-- This site is optimized with the Yoast SEO plugin v27.5 - https:\/\/yoast.com\/product\/yoast-seo-wordpress\/ -->\n<title>Dezember-Session Luzerner Kantonsrat vom 2. und 3. Dezember 2024 - Peter F\u00e4ssler<\/title>\n<meta name=\"robots\" content=\"index, follow, max-snippet:-1, max-image-preview:large, max-video-preview:-1\" \/>\n<link rel=\"canonical\" href=\"https:\/\/peter-faessler.spschweiz.ch\/?p=5832\" \/>\n<meta property=\"og:locale\" content=\"de_DE\" \/>\n<meta property=\"og:type\" content=\"article\" \/>\n<meta property=\"og:title\" content=\"Dezember-Session Luzerner Kantonsrat vom 2. und 3. Dezember 2024 - Peter F\u00e4ssler\" \/>\n<meta property=\"og:description\" content=\"Kantonsrat Luzern Der Kantonsrat ist die oberste gesetzgebende Beh\u00f6rde des Kantons. Er genehmigt den Beitritt zu Konkordaten und ist zust\u00e4ndig f\u00fcr die wichtigsten Finanz- und...\" \/>\n<meta property=\"og:url\" content=\"https:\/\/peter-faessler.spschweiz.ch\/?p=5832\" \/>\n<meta property=\"og:site_name\" content=\"Peter F\u00e4ssler\" \/>\n<meta property=\"article:author\" content=\"www.facebook.com\/peter.fassler.31\" \/>\n<meta property=\"article:published_time\" content=\"2024-12-03T09:04:17+00:00\" \/>\n<meta property=\"article:modified_time\" content=\"2025-01-27T09:22:19+00:00\" \/>\n<meta property=\"og:image\" content=\"https:\/\/peter-faessler.spschweiz.ch\/wp-content\/uploads\/sites\/15\/2024\/05\/KR_Parlamentsgeschaefte.jpg\" \/>\n\t<meta property=\"og:image:width\" content=\"1280\" \/>\n\t<meta property=\"og:image:height\" content=\"720\" \/>\n\t<meta property=\"og:image:type\" content=\"image\/jpeg\" \/>\n<meta name=\"author\" content=\"Peter F\u00e4ssler\" \/>\n<meta name=\"twitter:label1\" content=\"Verfasst von\" \/>\n\t<meta name=\"twitter:data1\" content=\"Peter F\u00e4ssler\" \/>\n\t<meta name=\"twitter:label2\" content=\"Gesch\u00e4tzte Lesezeit\" \/>\n\t<meta name=\"twitter:data2\" content=\"8\u00a0Minuten\" \/>\n<script type=\"application\/ld+json\" class=\"yoast-schema-graph\">{\"@context\":\"https:\\\/\\\/schema.org\",\"@graph\":[{\"@type\":\"Article\",\"@id\":\"https:\\\/\\\/peter-faessler.spschweiz.ch\\\/?p=5832#article\",\"isPartOf\":{\"@id\":\"https:\\\/\\\/peter-faessler.spschweiz.ch\\\/?p=5832\"},\"author\":{\"name\":\"Peter F\u00e4ssler\",\"@id\":\"https:\\\/\\\/peter-faessler.spschweiz.ch\\\/#\\\/schema\\\/person\\\/7ac2f764b1930b731c670e8a2393b60e\"},\"headline\":\"Dezember-Session Luzerner Kantonsrat vom 2. und 3. Dezember 2024\",\"datePublished\":\"2024-12-03T09:04:17+00:00\",\"dateModified\":\"2025-01-27T09:22:19+00:00\",\"mainEntityOfPage\":{\"@id\":\"https:\\\/\\\/peter-faessler.spschweiz.ch\\\/?p=5832\"},\"wordCount\":1273,\"commentCount\":0,\"image\":{\"@id\":\"https:\\\/\\\/peter-faessler.spschweiz.ch\\\/?p=5832#primaryimage\"},\"thumbnailUrl\":\"http:\\\/\\\/peter-faessler.spschweiz.ch\\\/wp-content\\\/uploads\\\/sites\\\/15\\\/2024\\\/05\\\/KR_Parlamentsgeschaefte-300x169.jpg\",\"keywords\":[\"Kanton Luzern\",\"Kantonsrat\",\"Kantonsrat Kanton Luzern\",\"Kantonsrat Luzern\",\"Kantonsratssession\",\"Parlament\",\"Politik\",\"Session\",\"SP\"],\"articleSection\":[\"Kantonsrat Luzern\",\"Kantonsratsession\",\"Parlament\",\"Politik\",\"Session Kantonsrat Luzern\",\"SP Kanton Luzern\",\"SP Kantonsratsfraktion\"],\"inLanguage\":\"de\",\"potentialAction\":[{\"@type\":\"CommentAction\",\"name\":\"Comment\",\"target\":[\"https:\\\/\\\/peter-faessler.spschweiz.ch\\\/?p=5832#respond\"]}]},{\"@type\":\"WebPage\",\"@id\":\"https:\\\/\\\/peter-faessler.spschweiz.ch\\\/?p=5832\",\"url\":\"https:\\\/\\\/peter-faessler.spschweiz.ch\\\/?p=5832\",\"name\":\"Dezember-Session Luzerner Kantonsrat vom 2. und 3. Dezember 2024 - Peter F\u00e4ssler\",\"isPartOf\":{\"@id\":\"https:\\\/\\\/peter-faessler.spschweiz.ch\\\/#website\"},\"primaryImageOfPage\":{\"@id\":\"https:\\\/\\\/peter-faessler.spschweiz.ch\\\/?p=5832#primaryimage\"},\"image\":{\"@id\":\"https:\\\/\\\/peter-faessler.spschweiz.ch\\\/?p=5832#primaryimage\"},\"thumbnailUrl\":\"http:\\\/\\\/peter-faessler.spschweiz.ch\\\/wp-content\\\/uploads\\\/sites\\\/15\\\/2024\\\/05\\\/KR_Parlamentsgeschaefte-300x169.jpg\",\"datePublished\":\"2024-12-03T09:04:17+00:00\",\"dateModified\":\"2025-01-27T09:22:19+00:00\",\"author\":{\"@id\":\"https:\\\/\\\/peter-faessler.spschweiz.ch\\\/#\\\/schema\\\/person\\\/7ac2f764b1930b731c670e8a2393b60e\"},\"breadcrumb\":{\"@id\":\"https:\\\/\\\/peter-faessler.spschweiz.ch\\\/?p=5832#breadcrumb\"},\"inLanguage\":\"de\",\"potentialAction\":[{\"@type\":\"ReadAction\",\"target\":[\"https:\\\/\\\/peter-faessler.spschweiz.ch\\\/?p=5832\"]}]},{\"@type\":\"ImageObject\",\"inLanguage\":\"de\",\"@id\":\"https:\\\/\\\/peter-faessler.spschweiz.ch\\\/?p=5832#primaryimage\",\"url\":\"https:\\\/\\\/peter-faessler.spschweiz.ch\\\/wp-content\\\/uploads\\\/sites\\\/15\\\/2024\\\/05\\\/KR_Parlamentsgeschaefte.jpg\",\"contentUrl\":\"https:\\\/\\\/peter-faessler.spschweiz.ch\\\/wp-content\\\/uploads\\\/sites\\\/15\\\/2024\\\/05\\\/KR_Parlamentsgeschaefte.jpg\",\"width\":1280,\"height\":720,\"caption\":\"Bild: Kanton Luzern\"},{\"@type\":\"BreadcrumbList\",\"@id\":\"https:\\\/\\\/peter-faessler.spschweiz.ch\\\/?p=5832#breadcrumb\",\"itemListElement\":[{\"@type\":\"ListItem\",\"position\":1,\"name\":\"Startseite\",\"item\":\"https:\\\/\\\/peter-faessler.spschweiz.ch\\\/\"},{\"@type\":\"ListItem\",\"position\":2,\"name\":\"Dezember-Session Luzerner Kantonsrat vom 2. und 3. Dezember 2024\"}]},{\"@type\":\"WebSite\",\"@id\":\"https:\\\/\\\/peter-faessler.spschweiz.ch\\\/#website\",\"url\":\"https:\\\/\\\/peter-faessler.spschweiz.ch\\\/\",\"name\":\"Peter F\u00e4ssler\",\"description\":\"SP Kantonsrat Kanton Luzern\",\"potentialAction\":[{\"@type\":\"SearchAction\",\"target\":{\"@type\":\"EntryPoint\",\"urlTemplate\":\"https:\\\/\\\/peter-faessler.spschweiz.ch\\\/?s={search_term_string}\"},\"query-input\":{\"@type\":\"PropertyValueSpecification\",\"valueRequired\":true,\"valueName\":\"search_term_string\"}}],\"inLanguage\":\"de\"},{\"@type\":\"Person\",\"@id\":\"https:\\\/\\\/peter-faessler.spschweiz.ch\\\/#\\\/schema\\\/person\\\/7ac2f764b1930b731c670e8a2393b60e\",\"name\":\"Peter F\u00e4ssler\",\"image\":{\"@type\":\"ImageObject\",\"inLanguage\":\"de\",\"@id\":\"https:\\\/\\\/secure.gravatar.com\\\/avatar\\\/9da8604da19b11812517d76f206166d47c5e180a26df2de36b8649168e128572?s=96&d=blank&r=g\",\"url\":\"https:\\\/\\\/secure.gravatar.com\\\/avatar\\\/9da8604da19b11812517d76f206166d47c5e180a26df2de36b8649168e128572?s=96&d=blank&r=g\",\"contentUrl\":\"https:\\\/\\\/secure.gravatar.com\\\/avatar\\\/9da8604da19b11812517d76f206166d47c5e180a26df2de36b8649168e128572?s=96&d=blank&r=g\",\"caption\":\"Peter F\u00e4ssler\"},\"description\":\"Peter F\u00e4ssler Schibiweg 7 6006 Luzern\",\"sameAs\":[\"www.facebook.com\\\/peter.fassler.31\",\"https:\\\/\\\/www.instagram.com\\\/peter.fassler.31\\\/\",\"https:\\\/\\\/www.linkedin.com\\\/in\\\/peter-fssler-2518a782\\\/\",\"https:\\\/\\\/x.com\\\/pfaessler56\"],\"url\":\"https:\\\/\\\/peter-faessler.spschweiz.ch\\\/?author=19\"}]}<\/script>\n<!-- \/ Yoast SEO plugin. -->","yoast_head_json":{"title":"Dezember-Session Luzerner Kantonsrat vom 2. und 3. Dezember 2024 - Peter F\u00e4ssler","robots":{"index":"index","follow":"follow","max-snippet":"max-snippet:-1","max-image-preview":"max-image-preview:large","max-video-preview":"max-video-preview:-1"},"canonical":"https:\/\/peter-faessler.spschweiz.ch\/?p=5832","og_locale":"de_DE","og_type":"article","og_title":"Dezember-Session Luzerner Kantonsrat vom 2. und 3. Dezember 2024 - Peter F\u00e4ssler","og_description":"Kantonsrat Luzern Der Kantonsrat ist die oberste gesetzgebende Beh\u00f6rde des Kantons. Er genehmigt den Beitritt zu Konkordaten und ist zust\u00e4ndig f\u00fcr die wichtigsten Finanz- und...","og_url":"https:\/\/peter-faessler.spschweiz.ch\/?p=5832","og_site_name":"Peter F\u00e4ssler","article_author":"www.facebook.com\/peter.fassler.31","article_published_time":"2024-12-03T09:04:17+00:00","article_modified_time":"2025-01-27T09:22:19+00:00","og_image":[{"width":1280,"height":720,"url":"https:\/\/peter-faessler.spschweiz.ch\/wp-content\/uploads\/sites\/15\/2024\/05\/KR_Parlamentsgeschaefte.jpg","type":"image\/jpeg"}],"author":"Peter F\u00e4ssler","twitter_misc":{"Verfasst von":"Peter F\u00e4ssler","Gesch\u00e4tzte Lesezeit":"8\u00a0Minuten"},"schema":{"@context":"https:\/\/schema.org","@graph":[{"@type":"Article","@id":"https:\/\/peter-faessler.spschweiz.ch\/?p=5832#article","isPartOf":{"@id":"https:\/\/peter-faessler.spschweiz.ch\/?p=5832"},"author":{"name":"Peter F\u00e4ssler","@id":"https:\/\/peter-faessler.spschweiz.ch\/#\/schema\/person\/7ac2f764b1930b731c670e8a2393b60e"},"headline":"Dezember-Session Luzerner Kantonsrat vom 2. und 3. Dezember 2024","datePublished":"2024-12-03T09:04:17+00:00","dateModified":"2025-01-27T09:22:19+00:00","mainEntityOfPage":{"@id":"https:\/\/peter-faessler.spschweiz.ch\/?p=5832"},"wordCount":1273,"commentCount":0,"image":{"@id":"https:\/\/peter-faessler.spschweiz.ch\/?p=5832#primaryimage"},"thumbnailUrl":"http:\/\/peter-faessler.spschweiz.ch\/wp-content\/uploads\/sites\/15\/2024\/05\/KR_Parlamentsgeschaefte-300x169.jpg","keywords":["Kanton Luzern","Kantonsrat","Kantonsrat Kanton Luzern","Kantonsrat Luzern","Kantonsratssession","Parlament","Politik","Session","SP"],"articleSection":["Kantonsrat Luzern","Kantonsratsession","Parlament","Politik","Session Kantonsrat Luzern","SP Kanton Luzern","SP Kantonsratsfraktion"],"inLanguage":"de","potentialAction":[{"@type":"CommentAction","name":"Comment","target":["https:\/\/peter-faessler.spschweiz.ch\/?p=5832#respond"]}]},{"@type":"WebPage","@id":"https:\/\/peter-faessler.spschweiz.ch\/?p=5832","url":"https:\/\/peter-faessler.spschweiz.ch\/?p=5832","name":"Dezember-Session Luzerner Kantonsrat vom 2. und 3. Dezember 2024 - Peter F\u00e4ssler","isPartOf":{"@id":"https:\/\/peter-faessler.spschweiz.ch\/#website"},"primaryImageOfPage":{"@id":"https:\/\/peter-faessler.spschweiz.ch\/?p=5832#primaryimage"},"image":{"@id":"https:\/\/peter-faessler.spschweiz.ch\/?p=5832#primaryimage"},"thumbnailUrl":"http:\/\/peter-faessler.spschweiz.ch\/wp-content\/uploads\/sites\/15\/2024\/05\/KR_Parlamentsgeschaefte-300x169.jpg","datePublished":"2024-12-03T09:04:17+00:00","dateModified":"2025-01-27T09:22:19+00:00","author":{"@id":"https:\/\/peter-faessler.spschweiz.ch\/#\/schema\/person\/7ac2f764b1930b731c670e8a2393b60e"},"breadcrumb":{"@id":"https:\/\/peter-faessler.spschweiz.ch\/?p=5832#breadcrumb"},"inLanguage":"de","potentialAction":[{"@type":"ReadAction","target":["https:\/\/peter-faessler.spschweiz.ch\/?p=5832"]}]},{"@type":"ImageObject","inLanguage":"de","@id":"https:\/\/peter-faessler.spschweiz.ch\/?p=5832#primaryimage","url":"https:\/\/peter-faessler.spschweiz.ch\/wp-content\/uploads\/sites\/15\/2024\/05\/KR_Parlamentsgeschaefte.jpg","contentUrl":"https:\/\/peter-faessler.spschweiz.ch\/wp-content\/uploads\/sites\/15\/2024\/05\/KR_Parlamentsgeschaefte.jpg","width":1280,"height":720,"caption":"Bild: Kanton Luzern"},{"@type":"BreadcrumbList","@id":"https:\/\/peter-faessler.spschweiz.ch\/?p=5832#breadcrumb","itemListElement":[{"@type":"ListItem","position":1,"name":"Startseite","item":"https:\/\/peter-faessler.spschweiz.ch\/"},{"@type":"ListItem","position":2,"name":"Dezember-Session Luzerner Kantonsrat vom 2. und 3. Dezember 2024"}]},{"@type":"WebSite","@id":"https:\/\/peter-faessler.spschweiz.ch\/#website","url":"https:\/\/peter-faessler.spschweiz.ch\/","name":"Peter F\u00e4ssler","description":"SP Kantonsrat Kanton Luzern","potentialAction":[{"@type":"SearchAction","target":{"@type":"EntryPoint","urlTemplate":"https:\/\/peter-faessler.spschweiz.ch\/?s={search_term_string}"},"query-input":{"@type":"PropertyValueSpecification","valueRequired":true,"valueName":"search_term_string"}}],"inLanguage":"de"},{"@type":"Person","@id":"https:\/\/peter-faessler.spschweiz.ch\/#\/schema\/person\/7ac2f764b1930b731c670e8a2393b60e","name":"Peter F\u00e4ssler","image":{"@type":"ImageObject","inLanguage":"de","@id":"https:\/\/secure.gravatar.com\/avatar\/9da8604da19b11812517d76f206166d47c5e180a26df2de36b8649168e128572?s=96&d=blank&r=g","url":"https:\/\/secure.gravatar.com\/avatar\/9da8604da19b11812517d76f206166d47c5e180a26df2de36b8649168e128572?s=96&d=blank&r=g","contentUrl":"https:\/\/secure.gravatar.com\/avatar\/9da8604da19b11812517d76f206166d47c5e180a26df2de36b8649168e128572?s=96&d=blank&r=g","caption":"Peter F\u00e4ssler"},"description":"Peter F\u00e4ssler Schibiweg 7 6006 Luzern","sameAs":["www.facebook.com\/peter.fassler.31","https:\/\/www.instagram.com\/peter.fassler.31\/","https:\/\/www.linkedin.com\/in\/peter-fssler-2518a782\/","https:\/\/x.com\/pfaessler56"],"url":"https:\/\/peter-faessler.spschweiz.ch\/?author=19"}]}},"_links":{"self":[{"href":"https:\/\/peter-faessler.spschweiz.ch\/index.php?rest_route=\/wp\/v2\/posts\/5832","targetHints":{"allow":["GET"]}}],"collection":[{"href":"https:\/\/peter-faessler.spschweiz.ch\/index.php?rest_route=\/wp\/v2\/posts"}],"about":[{"href":"https:\/\/peter-faessler.spschweiz.ch\/index.php?rest_route=\/wp\/v2\/types\/post"}],"author":[{"embeddable":true,"href":"https:\/\/peter-faessler.spschweiz.ch\/index.php?rest_route=\/wp\/v2\/users\/19"}],"replies":[{"embeddable":true,"href":"https:\/\/peter-faessler.spschweiz.ch\/index.php?rest_route=%2Fwp%2Fv2%2Fcomments&post=5832"}],"version-history":[{"count":12,"href":"https:\/\/peter-faessler.spschweiz.ch\/index.php?rest_route=\/wp\/v2\/posts\/5832\/revisions"}],"predecessor-version":[{"id":5852,"href":"https:\/\/peter-faessler.spschweiz.ch\/index.php?rest_route=\/wp\/v2\/posts\/5832\/revisions\/5852"}],"wp:attachment":[{"href":"https:\/\/peter-faessler.spschweiz.ch\/index.php?rest_route=%2Fwp%2Fv2%2Fmedia&parent=5832"}],"wp:term":[{"taxonomy":"category","embeddable":true,"href":"https:\/\/peter-faessler.spschweiz.ch\/index.php?rest_route=%2Fwp%2Fv2%2Fcategories&post=5832"},{"taxonomy":"post_tag","embeddable":true,"href":"https:\/\/peter-faessler.spschweiz.ch\/index.php?rest_route=%2Fwp%2Fv2%2Ftags&post=5832"}],"curies":[{"name":"wp","href":"https:\/\/api.w.org\/{rel}","templated":true}]}}