{"id":5880,"date":"2025-03-26T11:26:07","date_gmt":"2025-03-26T10:26:07","guid":{"rendered":"https:\/\/peter-faessler.spschweiz.ch\/?p=5880"},"modified":"2025-03-27T08:23:23","modified_gmt":"2025-03-27T07:23:23","slug":"maerz-session-des-luzerner-kantonsrates-vom-24-und-25-maerz-2025","status":"publish","type":"post","link":"https:\/\/peter-faessler.spschweiz.ch\/?p=5880","title":{"rendered":"M\u00e4rz-Session des Luzerner Kantonsrates vom 24. und 25. M\u00e4rz 2025"},"content":{"rendered":"<h2>M\u00e4rz-Session Luzerner Kantonsrat vom 24. und 25. M\u00e4rz 2025<\/h2>\n<div id=\"maincontent_0_htmlDivPortletHolder\" class=\"richtext portlet textPortlet portletid_1E6B2F6F3DD3446BA2AFBEAF14DF464E\">\n<p><img loading=\"lazy\" decoding=\"async\" class=\"size-medium wp-image-5895 alignleft\" src=\"http:\/\/peter-faessler.spschweiz.ch\/wp-content\/uploads\/sites\/15\/2025\/03\/KR-Fraktion-225x300.jpg\" alt=\"\" width=\"225\" height=\"300\" srcset=\"https:\/\/peter-faessler.spschweiz.ch\/wp-content\/uploads\/sites\/15\/2025\/03\/KR-Fraktion-225x300.jpg 225w, https:\/\/peter-faessler.spschweiz.ch\/wp-content\/uploads\/sites\/15\/2025\/03\/KR-Fraktion-768x1024.jpg 768w, https:\/\/peter-faessler.spschweiz.ch\/wp-content\/uploads\/sites\/15\/2025\/03\/KR-Fraktion-113x150.jpg 113w, https:\/\/peter-faessler.spschweiz.ch\/wp-content\/uploads\/sites\/15\/2025\/03\/KR-Fraktion-1152x1536.jpg 1152w, https:\/\/peter-faessler.spschweiz.ch\/wp-content\/uploads\/sites\/15\/2025\/03\/KR-Fraktion.jpg 1200w\" sizes=\"auto, (max-width: 225px) 100vw, 225px\" \/>Neben Gesetzesvorlagen, Dekreten (Finanzgesch\u00e4fte) und Kantonsratsbeschl\u00fcssen, die nach Bedarf behandelt werden, beschliesst der Kantonsrat j\u00e4hrlich \u00fcber den Aufgaben- und Finanzplan (rollende Vierjahresplanung) und den Voranschlag und nimmt den Jahresbericht sowie spezielle Rechenschaftsberichte entgegen.\u00a0Zudem behandelt er das von der Regierung vorgelegte Legislaturprogramm.<\/p>\n<p>Der Regierungsrat legt dem Kantonsrat die Gesch\u00e4fte in Form von Botschaften und Berichten vor. Mittels <a href=\"https:\/\/www.lu.ch\/kr\/weitere_informationen\/kurzinformationen\/parlamentarische_vorstoesse\"><span class=\"linked\">parlamentarischer Vorst\u00f6sse<\/span><\/a> (Einzelinitiative, Motion, Postulat, Anfrage) kann der Kantonsrat von sich aus Kantonsrats-Gesch\u00e4fte lancieren.<\/p>\n<p>Der Kantonsrat h\u00e4lt in der Regel jedes Jahr sieben Sessionen von je zwei Tagen (Montag und Dienstag). Im September und Oktober ist jeweils ein 3. Sessionstag (Montag) vorgesehen. Die Sitzungen sind \u00f6ffentlich.<\/p>\n<p>Der Luzerner Kantonsrat trifft sich zu den Sessionen im Regierungsgeb\u00e4ude in Luzern. F\u00fcr die <a href=\"https:\/\/www.lu.ch\/kr\/Sessionen\/sessionsdaten_2025\/detail?guid=e0ca92e7e65744fbb7a81527df77d111&amp;cal=A5CAE2BAD0714FB9B6459BFF5575A809\" target=\"_blank\" rel=\"noopener\">M\u00e4rz-Session<\/a> waren urspr\u00fcnglich 3 Sessionstage vorgesehen, wurden dann aber in Anbetracht der Gesch\u00e4fte auf 2 Tage reduziert.\u00a0 Hier der Link zum <a href=\"https:\/\/www.lu.ch\/kr\/mitglieder_und_organe\/sitzordnung\" target=\"_blank\" rel=\"noopener\">Sitzplan<\/a> im Kantonsrat sowie der Link zur <a href=\"https:\/\/www.lu.ch\/kr\/parlamentsgeschaefte\/CdwsFiles?fileid=368a8abb9f3c4f799b66880b8a6cf935\" target=\"_blank\" rel=\"noopener\">Traktandenliste<\/a>\u00a0 und den <a href=\"https:\/\/www.lu.ch\/kr\/Sessionen\/videoaufnahmen?keyword=Session&amp;sessionoverview=true\">Videoaufnahmen<\/a>.<\/p>\n<p>Speziell an dieser Session ist, dass keine Botschaften zur Beratung vorliegen. Dies war sogar ein Zeitungsbericht <a href=\"http:\/\/peter-faessler.spschweiz.ch\/wp-content\/uploads\/sites\/15\/2025\/03\/Luzerner-Kantonsrat-beschaeftigt-sich-nur-noch-mit-sich-selber-\u2013-zwangslaeufig.pdf\">Luzerner Kantonsrat besch\u00e4ftigt sich nur noch mit sich selber \u2013 zwangsl\u00e4ufig<\/a> wert. Und so endete der zweite Sessionstag schon um halb elf.<\/p>\n<h3>Traktanden<\/h3>\n<h4>Sachgesch\u00e4fte und dazugeh\u00f6rende parlamentarische Vorst\u00f6sse<\/h4>\n<ol>\n<li><strong>Er\u00f6ffnungen<\/strong><\/li>\n<\/ol>\n<p>Er\u00f6ffnet wurden:<br \/>\n&#8211; 45 Vorst\u00f6ss<br \/>\n&#8211; R\u00fccktritt von Kantonsrat Gianluca Pardini, Luzern, SP, per 9. M\u00e4rz 2025<br \/>\n&#8211; R\u00fccktritt von Kantonsrat Thomas Kummer, Willisau, Gr\u00fcne, per 12. Mai 2025<br \/>\n&#8211; R\u00fccktritt von Ariane Nosetti-Kaufmann, Sursee, Die Mitte, als Richterin am Bezirksgericht Willisau, per\u00a0\u00a0 31. Mai 2025<br \/>\n&#8211; R\u00fccktritt von Matthias H\u00e4fliger, Alberswil, Die Mitte, als Richter am Bezirksgericht Willisau, per 31. Mai 2025<br \/>\n&#8211; R\u00fccktritt von Andr\u00e9 Zumthurm, Neudorf, FDP, als Richter am Bezirksgericht Luzern, per 31. Mai 2025<br \/>\n&#8211; R\u00fccktritt von Jacqueline Covaci, Luzern, Die Mitte, als Richterin am Kriminalgericht Luzern, per 31. Mai 2025<br \/>\n&#8211; Vereidigung von Milena B\u00fchler, Ermensee, SP, als Kantonsr\u00e4tin<br \/>\n&#8211; Vereidigung von Caroline Rey, Luzern, SP, als Kantonsr\u00e4tin<\/p>\n<div id=\"attachment_5899\" style=\"width: 210px\" class=\"wp-caption alignleft\"><img loading=\"lazy\" decoding=\"async\" aria-describedby=\"caption-attachment-5899\" class=\"size-medium wp-image-5899\" src=\"http:\/\/peter-faessler.spschweiz.ch\/wp-content\/uploads\/sites\/15\/2025\/03\/Buehler-M-200x300.jpg\" alt=\"\" width=\"200\" height=\"300\" srcset=\"https:\/\/peter-faessler.spschweiz.ch\/wp-content\/uploads\/sites\/15\/2025\/03\/Buehler-M-200x300.jpg 200w, https:\/\/peter-faessler.spschweiz.ch\/wp-content\/uploads\/sites\/15\/2025\/03\/Buehler-M-100x150.jpg 100w, https:\/\/peter-faessler.spschweiz.ch\/wp-content\/uploads\/sites\/15\/2025\/03\/Buehler-M.jpg 600w\" sizes=\"auto, (max-width: 200px) 100vw, 200px\" \/><p id=\"caption-attachment-5899\" class=\"wp-caption-text\">Milena B\u00fchler<\/p><\/div>\n<div id=\"attachment_5900\" style=\"width: 210px\" class=\"wp-caption alignright\"><img loading=\"lazy\" decoding=\"async\" aria-describedby=\"caption-attachment-5900\" class=\"size-medium wp-image-5900\" src=\"http:\/\/peter-faessler.spschweiz.ch\/wp-content\/uploads\/sites\/15\/2025\/03\/Rey-C-200x300.jpg\" alt=\"\" width=\"200\" height=\"300\" srcset=\"https:\/\/peter-faessler.spschweiz.ch\/wp-content\/uploads\/sites\/15\/2025\/03\/Rey-C-200x300.jpg 200w, https:\/\/peter-faessler.spschweiz.ch\/wp-content\/uploads\/sites\/15\/2025\/03\/Rey-C-100x150.jpg 100w, https:\/\/peter-faessler.spschweiz.ch\/wp-content\/uploads\/sites\/15\/2025\/03\/Rey-C.jpg 600w\" sizes=\"auto, (max-width: 200px) 100vw, 200px\" \/><p id=\"caption-attachment-5900\" class=\"wp-caption-text\">Caroline Rey<\/p><\/div>\n<p>&#8211; R\u00fcckzug Postulat P 350 von Boog Luca und Mit. \u00fcber eine fl\u00e4chendeckende Erste-Hilfe-Ausbildung an den Luzerner Volksschulen<br \/>\n&#8211; Rolf Bossart, Schenkon, wird per 1. Juni 2025 neuer Fraktionspr\u00e4sident der SVP und Nachfolger von Angela L\u00fcthold, Nottwil<br \/>\n&#8211; Die Gesch\u00e4ftsleitung des Kantonsrates hat dem Regierungsrat f\u00fcr die Stellungnahme zum Postulat P 181 R\u00fcttimann Daniel und Mit. \u00fcber die fr\u00fchzeitige Planung, die Transparenz und den Einbezug zuk\u00fcnftiger nationaler Gesetzgebungen in die Finanzplanung (insbesondere \u00abEntwicklungsbericht\u00bb) eine Fristverl\u00e4ngerung bis Dezember 2025 gew\u00e4hrt<\/p>\n<ol start=\"2\">\n<li><strong>Beschlussfassung \u00fcber die dringliche Behandlung parlamentarischer Vorst\u00f6sse\u00a0<\/strong><\/li>\n<\/ol>\n<p>Dringlich erkl\u00e4rt wurden: P 377, A 379, A 385<\/p>\n<ol start=\"3\">\n<li><strong>Begnadigung\u00a0\u00a0<\/strong><\/li>\n<\/ol>\n<p>Beschluss Kantonsrat:<br \/>\nDie Beratung erfolgt am 25. M\u00e4rz 2025.<\/p>\n<ol start=\"4\">\n<li><strong>Wechsel in st\u00e4ndigen Kommissionen der Legislatur 2023\u20132027\u00a0\u00a0\u00a0\u00a0<\/strong><\/li>\n<\/ol>\n<p>Beschluss Kantonsrat:<br \/>\n&#8211; Milena B\u00fchler, Ermensee, SP, wird neues Mitglied der Kommission Wirtschaft und Abgaben (WAK) anstelle von Gianluca Pardini<br \/>\n&#8211; Caroline Rey, Luzern, SP, wird neues Mitglied der Kommission Verkehr und Bau (VBK) anstelle von Gianluca Pardini<\/p>\n<h4><strong>Wahlen<\/strong><\/h4>\n<p>5.<strong> Wahl mehrerer ausserordentlicher Ersatzrichterinnen und Ersatzrichter am Kantonsgericht Luzern<\/strong> (befristet)<\/p>\n<p>Gew\u00e4hlt sind:<br \/>\nBruno Gabriel, Luzern, Die Mitte<br \/>\nLucia Lindegger, Adligenswil, SP<br \/>\nPeter Schumacher, Luzern, Die Mitte<\/p>\n<ol start=\"6\">\n<li><strong>Wahl einer Abteilungspr\u00e4sidentin \/ eines Abteilungspr\u00e4sidenten am Bezirksgericht Kriens f\u00fcr den Rest der Amtsdauer 2023\u20132026<\/strong> (Nachfolge Beat V\u00f6gtli, FDP)<\/li>\n<\/ol>\n<p>Gew\u00e4hlt ist: Rebecca Bachmann, Rain, GLP<\/p>\n<ol start=\"7\">\n<li><strong>Wahl einer Richterin \/ eines Richters am Bezirksgericht Kriens f\u00fcr den Rest der Amtsdauer 2023\u20132026<\/strong> (Nachfolge Beat V\u00f6gtli, FDP)<\/li>\n<\/ol>\n<p>Gew\u00e4hlt ist: Brigitte Scheuber, Luzern, FDP<\/p>\n<h4>Parlamentarische Vorst\u00f6sse<\/h4>\n<ol start=\"8\">\n<li><strong>A 262 Anfrage Bucher Mario und Mit. \u00fcber die Sicherheitslage durch rechtsfreie Zonen und deren Auswirkungen im \u00f6ffentlichen Raum<\/strong> \/ Justiz- und Sicherheitsdepartement<br \/>\nDie Anfrage wurde vom Regierungsrat schriftlich beantwortet. Der Anfragende ist mit der Antwort nicht zufrieden. Keine Diskussion.<\/li>\n<li><strong>P 303 Postulat Schumacher Urs Christian und Mit. \u00fcber die Durchf\u00fchrung einer Abstimmung im Kantonsrat (Dekret) \u00fcber die Haltung des Kantons zum aktuell vorliegenden EU-Rahmenabkommen<\/strong> \/ Justiz- und Sicherheitsdepartement<br \/>\nAntrag Regierungsrat: Ablehnung<br \/>\nBeschluss Kantonsrat: Ablehnung<\/li>\n<\/ol>\n<ol start=\"10\">\n<li><strong>A 257 Anfrage Boog Luca und Mit. \u00fcber die Pr\u00fcfung von eingereichten Volksbegehren<\/strong> \/ Justiz- und Sicherheitsdepartement<br \/>\nDie Anfrage wurde vom Regierungsrat schriftlich beantwortet. Der Anfragende ist mit der Antwort zufrieden. Keine Diskussion.<\/li>\n<\/ol>\n<ol start=\"11\">\n<li><strong>A 297 Anfrage Estermann Rahel und Mit. \u00fcber E-Collecting im Kanton Luzern<\/strong> \/ Justiz- und Sicherheitsdepartement<br \/>\nDie Anfrage wurde vom Regierungsrat schriftlich beantwortet. Die Anfragende ist mit der Antwort teilweise zufrieden. Diskussion.<\/li>\n<\/ol>\n<ol start=\"12\">\n<li><strong>M 179 Motion Stadelmann Karin Andrea und Mit. \u00fcber die Schaffung einer kantonalen Rechtsgrundlage f\u00fcr die standardm\u00e4ssige Einf\u00fchrung einer verbindlichen Mediation bei strittigen Scheidungs- oder Trennungsverfahren<\/strong> \/ Justiz- und Sicherheitsdepartement<br \/>\nAntrag Regierungsrat: Erheblicherkl\u00e4rung als Postulat<br \/>\nBeschluss Kantonsrat: Erheblicherkl\u00e4rung als Postulat<\/li>\n<\/ol>\n<ol start=\"13\">\n<li><strong>A 237 Anfrage R\u00fcttimann Daniel und Mit. \u00fcber die Sterbehilfe im Kanton Luzern<\/strong> \/ Gesundheits- und Sozialdepartement i. V. mit Justiz- und Sicherheitsdepartement<br \/>\nDie Anfrage wurde vom Regierungsrat schriftlich beantwortet. Der Anfragende ist mit der Antwort teilweise zufrieden. Diskussion.<\/li>\n<\/ol>\n<ol start=\"14\">\n<li><strong>A 243 Anfrage Stadelmann Karin Andrea und Mit. \u00fcber die Situation der spezialisierten mobilen Palliative-Care-Versorgung und die aktuelle Entwicklung bei der Sterbebegleitung und Sterbehilfe<\/strong> \/ Gesundheits- und Sozialdepartement<br \/>\nDie Anfrage wurde vom Regierungsrat schriftlich beantwortet. Die Anfragende ist mit der Antwort teilweise zufrieden. Diskussion.<\/li>\n<\/ol>\n<ol start=\"15\">\n<li><strong>M 234 Motion Sch\u00e4rli Stephan und Mit. \u00fcber die Etablierung einer Finanzierung zertifizierter Hospize im Kanton Luzern<\/strong> \/ Gesundheits- und Sozialdepartement<br \/>\nAntrag Regierungsrat: Erheblicherkl\u00e4rung als Postulat<br \/>\nBeschluss Kantonsrat: Erheblicherkl\u00e4rung als Postulat<\/li>\n<\/ol>\n<ol start=\"16\">\n<li><strong>A 261 Anfrage Pilotto Maria und Mit. \u00fcber die rechtliche Umsetzung des Gleichstellungsgesetzes<\/strong> \/ Gesundheits- und Sozialdepartement<br \/>\nDie Anfrage wurde vom Regierungsrat schriftlich beantwortet. Die Anfragende ist mit der Antwort nicht zufrieden. Diskussion.<\/li>\n<\/ol>\n<ol start=\"17\">\n<li><strong><strong>A 239\u00a0 Anfrage Pardini Gianluca und Mit. \u00fcber die Weiterentwicklung der kantonalen Drogenpolitik <\/strong><\/strong>\/ Gesundheits- und Sozialdepartement<strong><strong><br \/>\n<\/strong><\/strong> Die Anfrage wurde vom Regierungsrat schriftlich beantwortet. Der Anfragende ist mit der Antwort nicht zufrieden. Diskussion.<\/li>\n<\/ol>\n<ol start=\"18\">\n<li><strong>P 226 Postulat Spring Laura und Mit. \u00fcber die Bestattung von fr\u00fch in der Schwangerschaft verstorbenen Kindern<\/strong> \/ Gesundheits- und Sozialdepartement<br \/>\nAntrag Regierungsrat: Erheblicherkl\u00e4rung<br \/>\nBeschluss Kantonsrat: Erheblicherkl\u00e4rung<\/li>\n<\/ol>\n<ol start=\"19\">\n<li>\n<div id=\"attachment_3543\" style=\"width: 286px\" class=\"wp-caption alignright\"><img loading=\"lazy\" decoding=\"async\" aria-describedby=\"caption-attachment-3543\" class=\"size-full wp-image-3543\" src=\"http:\/\/peter-faessler.spschweiz.ch\/wp-content\/uploads\/sites\/15\/2020\/11\/Weiterbildung-Aerzte.jpg\" alt=\"\" width=\"276\" height=\"182\" srcset=\"https:\/\/peter-faessler.spschweiz.ch\/wp-content\/uploads\/sites\/15\/2020\/11\/Weiterbildung-Aerzte.jpg 276w, https:\/\/peter-faessler.spschweiz.ch\/wp-content\/uploads\/sites\/15\/2020\/11\/Weiterbildung-Aerzte-150x99.jpg 150w\" sizes=\"auto, (max-width: 276px) 100vw, 276px\" \/><p id=\"caption-attachment-3543\" class=\"wp-caption-text\">Bild: LUKS<\/p><\/div>\n<p><strong>A 285 Anfrage Huser Claudia und Mit. \u00fcber die finanzielle Situation der LUKS Gruppe<\/strong> \/ Gesundheits- und Sozialdepartement i. V. mit Finanzdepartement<br \/>\nDie Anfrage wurde vom Regierungsrat schriftlich beantwortet. Die Anfragende ist mit der Antwort teilweise zufrieden. Diskussion.<\/li>\n<\/ol>\n<ol start=\"20\">\n<li><strong>A 298 Anfrage Spring Laura und Mit. \u00fcber die Lebensumst\u00e4nde von Kindern und Jugendlichen in Nothilfe<\/strong> \/ Gesundheits- und Sozialdepartement<br \/>\nDie Anfrage wurde vom Regierungsrat schriftlich beantwortet. Die Anfragende ist mit der Antwort zufrieden. Keine Diskussion.<\/li>\n<\/ol>\n<ol start=\"21\">\n<li><strong>A 269 Anfrage Piani Carlo und Mit. \u00fcber die Auswirkungen der Schliessung der Notfallpraxis am Kantonsspital Sursee<\/strong> \/ Gesundheits- und Sozialdepartement<br \/>\nDie Anfrage wurde vom Regierungsrat schriftlich beantwortet. Der Anfragende ist mit der Antwort teilweise zufrieden. Diskussion.<\/li>\n<\/ol>\n<ol start=\"22\">\n<li><strong>A 268 Anfrage Engler Pia und Mit. \u00fcber die Schliessung der Notfallpraxis Sursee AG<\/strong> \/ Gesundheits- und Sozialdepartement<br \/>\nDie Anfrage wurde vom Regierungsrat schriftlich beantwortet. Der Anfragende ist mit der Antwort teilweise zufrieden. Diskussion.<\/li>\n<\/ol>\n<ol start=\"23\">\n<li>\n<div id=\"attachment_5910\" style=\"width: 187px\" class=\"wp-caption alignright\"><img loading=\"lazy\" decoding=\"async\" aria-describedby=\"caption-attachment-5910\" class=\"size-medium wp-image-5910\" src=\"http:\/\/peter-faessler.spschweiz.ch\/wp-content\/uploads\/sites\/15\/2025\/03\/bypass-luzern-juni21-kl-177x300.jpg\" alt=\"\" width=\"177\" height=\"300\" srcset=\"https:\/\/peter-faessler.spschweiz.ch\/wp-content\/uploads\/sites\/15\/2025\/03\/bypass-luzern-juni21-kl-177x300.jpg 177w, https:\/\/peter-faessler.spschweiz.ch\/wp-content\/uploads\/sites\/15\/2025\/03\/bypass-luzern-juni21-kl-88x150.jpg 88w, https:\/\/peter-faessler.spschweiz.ch\/wp-content\/uploads\/sites\/15\/2025\/03\/bypass-luzern-juni21-kl.jpg 343w\" sizes=\"auto, (max-width: 177px) 100vw, 177px\" \/><p id=\"caption-attachment-5910\" class=\"wp-caption-text\">Bild: Astra<\/p><\/div>\n<p><strong>A 302 Anfrage Zbinden Samuel und Mit. \u00fcber die Auswirkungen des deutlichen Nein zum Autobahnausbau im Kanton Luzern<\/strong> \/ Bau-, Umwelt- und Wirtschaftsdepartement<br \/>\nDie Anfrage wurde vom Regierungsrat schriftlich beantwortet. Der Anfragende ist mit der Antwort teilweise zufrieden. Diskussion. Auch ich beteilige mich mit einem Votum: <a href=\"http:\/\/peter-faessler.spschweiz.ch\/wp-content\/uploads\/sites\/15\/2025\/03\/A302-Autobahn.pdf\">A302 Autobahn<\/a><\/li>\n<\/ol>\n<ol start=\"24\">\n<li><strong>P 198 Postulat Schneider Andy und Mit. \u00fcber die F\u00f6rderung von Jungwald mit \u00f6kologischen Wildschadenverh\u00fctungsmassnahmen zur Erreichung einer nachhaltigen Waldentwicklung<\/strong> \/ Bau-, Umwelt- und Wirtschaftsdepartement<br \/>\nAntrag Regierungsrat: Erheblicherkl\u00e4rung<br \/>\nBeschluss Kantonsrat: Erheblicherkl\u00e4rung<\/li>\n<\/ol>\n<ol start=\"25\">\n<li><strong>A 272 Anfrage Gr\u00fcter Thomas und Mit. \u00fcber gen\u00fcgend personelle Ressourcen im Bereich Wildhut im Kanton Luzern<\/strong> \/ Bau-, Umwelt- und Wirtschaftsdepartement<br \/>\nDie Anfrage wurde vom Regierungsrat schriftlich beantwortet. Der Anfragende ist mit der Antwort nicht zufrieden. Diskussion.<\/li>\n<\/ol>\n<ol start=\"26\">\n<li><strong><img loading=\"lazy\" decoding=\"async\" class=\"size-medium wp-image-5187 alignright\" src=\"http:\/\/peter-faessler.spschweiz.ch\/wp-content\/uploads\/sites\/15\/2023\/02\/5-225x300.jpg\" alt=\"\" width=\"225\" height=\"300\" srcset=\"https:\/\/peter-faessler.spschweiz.ch\/wp-content\/uploads\/sites\/15\/2023\/02\/5-225x300.jpg 225w, https:\/\/peter-faessler.spschweiz.ch\/wp-content\/uploads\/sites\/15\/2023\/02\/5-768x1024.jpg 768w, https:\/\/peter-faessler.spschweiz.ch\/wp-content\/uploads\/sites\/15\/2023\/02\/5-113x150.jpg 113w, https:\/\/peter-faessler.spschweiz.ch\/wp-content\/uploads\/sites\/15\/2023\/02\/5-1152x1536.jpg 1152w, https:\/\/peter-faessler.spschweiz.ch\/wp-content\/uploads\/sites\/15\/2023\/02\/5.jpg 1512w\" sizes=\"auto, (max-width: 225px) 100vw, 225px\" \/>P 288 Postulat Kurmann Michael und Mit. \u00fcber eine Weiterentwicklung des Energief\u00f6rderprogramms<\/strong> \/ Bau-, Umwelt- und Wirtschaftsdepartement<br \/>\nAntrag Regierungsrat: Erheblicherkl\u00e4rung<br \/>\nBeschluss Kantonsrat: Erheblicherkl\u00e4rung<\/li>\n<\/ol>\n<ol start=\"27\">\n<li><strong>A 259 Anfrage Sager Urban und Mit. \u00fcber eine internationale Schule mit Standort Luzern<\/strong> \/ Bau-, Umwelt- und Wirtschaftsdepartement i. V. mit Bildungs- und Kulturdepartement<br \/>\nDie Anfrage wurde vom Regierungsrat schriftlich beantwortet. Der Anfragende ist mit der Antwort nicht zufrieden. Diskussion.<\/li>\n<\/ol>\n<ol start=\"28\">\n<li><strong>P 143 Postulat Zemp Gaudenz und Mit. \u00fcber die Optimierung des Berufswahlprozesses an den Sekundarschulen<\/strong> \/ Bildungs- und Kulturdepartement<br \/>\nAntrag Regierungsrat: Erheblicherkl\u00e4rung<br \/>\nBeschluss Kantonsrat: Erheblicherkl\u00e4rung<\/li>\n<\/ol>\n<ol start=\"29\">\n<li><strong>P 169 Postulat Schneider Andy und Mit. \u00fcber die \u00dcberpr\u00fcfung der Ausgestaltung der Schuldienstsekretariate<\/strong> \/ Bildungs- und Kulturdepartement<br \/>\nAntrag Regierungsrat: Erheblicherkl\u00e4rung<br \/>\nBeschluss Kantonsrat: Erheblicherkl\u00e4rung<\/li>\n<\/ol>\n<ol start=\"30\">\n<li><strong>A 241 Anfrage Schnider-Schnider Gabriela und Mit. \u00fcber die Pr\u00fcfung eines Smartphone-Verbotes an den Luzerner Volksschulen<\/strong> \/ Bildungs- und Kulturdepartement<br \/>\nDie Anfrage wurde vom Regierungsrat schriftlich beantwortet. Die Anfragende ist mit der Antwort nicht zufrieden. Diskussion.<\/li>\n<\/ol>\n<ol start=\"31\">\n<li><strong>A 271 Anfrage Pardini Gianluca und Mit. \u00fcber die Mittelverwendung aus dem Lotteriefonds f\u00fcr das Neubauprojekt der Schweizerischen Hotelfachschule Luzern<\/strong> \/ Bildungs- und Kulturdepartement i. V. mit Justiz- und Sicherheitsdepartement<br \/>\nDie Anfrage wurde vom Regierungsrat schriftlich beantwortet. Der Anfragende ist mit der Antwort teilweise zufrieden. Diskussion.<\/li>\n<\/ol>\n<ol start=\"32\">\n<li><strong>A 235 Anfrage Pf\u00e4ffli Andrea und Mit. \u00fcber r\u00fcckl\u00e4ufige Kirchengelder und deren Bedeutung f\u00fcr den Kanton Luzern<\/strong> \/ Bildungs- und Kulturdepartement<br \/>\nDie Anfrage wurde vom Regierungsrat schriftlich beantwortet. Die Anfragende ist mit der Antwort zufrieden. Keine Diskussion.<\/li>\n<\/ol>\n<ol start=\"33\">\n<li>\n<div id=\"attachment_1907\" style=\"width: 310px\" class=\"wp-caption alignright\"><img loading=\"lazy\" decoding=\"async\" aria-describedby=\"caption-attachment-1907\" class=\"size-medium wp-image-1907\" src=\"http:\/\/peter-faessler.spschweiz.ch\/wp-content\/uploads\/sites\/15\/2018\/10\/Lups-300x150.jpg\" alt=\"\" width=\"300\" height=\"150\" srcset=\"https:\/\/peter-faessler.spschweiz.ch\/wp-content\/uploads\/sites\/15\/2018\/10\/Lups-300x150.jpg 300w, https:\/\/peter-faessler.spschweiz.ch\/wp-content\/uploads\/sites\/15\/2018\/10\/Lups-150x75.jpg 150w, https:\/\/peter-faessler.spschweiz.ch\/wp-content\/uploads\/sites\/15\/2018\/10\/Lups.jpg 317w\" sizes=\"auto, (max-width: 300px) 100vw, 300px\" \/><p id=\"caption-attachment-1907\" class=\"wp-caption-text\">Bild: Luzerner Psychiatrie<\/p><\/div>\n<p><strong>A 260 Anfrage Nussbaum Adrian und Mit. \u00fcber die Bedeutung der Kirchensteuern f\u00fcr juristische Personen im Kanton Luzern<\/strong> \/ Bildungs- und Kulturdepartement i. V. mit Finanzdepartement<br \/>\nDie Anfrage wurde vom Regierungsrat schriftlich beantwortet. Der Anfragende ist mit der Antwort zufrieden. Keine Diskussion.<\/li>\n<\/ol>\n<ol start=\"34\">\n<li><strong>P 224 Postulat Scherer Heidi und Mit. \u00fcber die Freiwilligkeit zur Zahlung von Kirchensteuern von juristischen Personen<\/strong> \/ Finanzdepartement<br \/>\nAntrag Regierungsrat: Ablehnung<br \/>\nBeschluss Kantonsrat: Ablehnung<\/li>\n<\/ol>\n<ol start=\"35\">\n<li><strong>A 258 Anfrage Ursprung Jasmin und Mit. \u00fcber die Hand\u00e4nderungssteuer im Kanton Luzern<\/strong> \/ Finanzdepartement<br \/>\nDie Anfrage wurde vom Regierungsrat schriftlich beantwortet. Die Anfragende ist mit der Antwort nicht zufrieden. Keine Diskussion.<\/li>\n<\/ol>\n<h3>Zweiter Sessionstag<\/h3>\n<p>Traktandum 3, Begnadigungen, erfolgt unter Ausschluss der \u00d6ffentlichkeit.<\/p>\n<h4>Dringliche Vorst\u00f6sse<\/h4>\n<ol start=\"38\">\n<li><strong>P 377 Postulat B\u00e4rtschi Andreas und Mit. \u00fcber die Vernehmlassungsantwort des Kantons Luzern bez\u00fcglich des Entlastungspakets 27 des Bundesrates und der geplanten Tariferh\u00f6hung bei Vorsorgekapitalbez\u00fcgen<\/strong> \/ Finanzdepartement<br \/>\nAntrag Regierungsrat: Erheblicherkl\u00e4rung<br \/>\nBeschluss Kantonsrat:<\/li>\n<\/ol>\n<ol start=\"39\">\n<li><strong>A 379 Anfrage Gerber Fritz und Mit. \u00fcber die Vernehmlassung zur \u00dcberpr\u00fcfung der Verordnung \u00fcber den Geb\u00fchrenbezug der Gemeinden<\/strong> \/ Finanzdepartement<br \/>\nDie Anfrage wurde vom Regierungsrat schriftlich beantwortet. Der Anfragende ist mit der Antwort teilweise zufrieden. Diskussion.<\/li>\n<\/ol>\n<ol start=\"40\">\n<li><strong>A 385 Anfrage R\u00e4ber Franz und Mit. \u00fcber die \u00c4nderung der Verordnung \u00fcber den Geb\u00fchrenbezug der Gemeinden<\/strong> \/ Finanzdepartement<br \/>\nDie Anfrage wurde vom Regierungsrat schriftlich beantwortet. Der Anfragende ist mit der Antwort teilweise zufrieden. Diskussion.<\/li>\n<\/ol>\n<\/div>\n","protected":false},"excerpt":{"rendered":"<p>M\u00e4rz-Session Luzerner Kantonsrat vom 24. und 25. M\u00e4rz 2025 Neben Gesetzesvorlagen, Dekreten (Finanzgesch\u00e4fte) und Kantonsratsbeschl\u00fcssen, die nach Bedarf behandelt werden, beschliesst der Kantonsrat j\u00e4hrlich \u00fcber&#8230;<\/p>\n","protected":false},"author":19,"featured_media":0,"comment_status":"open","ping_status":"open","sticky":false,"template":"","format":"standard","meta":{"footnotes":""},"categories":[22,23,30,21,25,127,128],"tags":[8,9,16,19,26,31,7,10,15],"class_list":["post-5880","post","type-post","status-publish","format-standard","hentry","category-kantonsrat-luzern","category-kantonsratsession","category-parlament","category-politik","category-session-kantonsrat-luzern","category-sp-kanton-luzern","category-sp-kantonsratsfraktion","tag-kanton-luzern","tag-kantonsrat","tag-kantonsrat-kanton-luzern","tag-kantonsrat-luzern","tag-kantonsratssession","tag-parlament","tag-politik","tag-session","tag-sp"],"yoast_head":"<!-- This site is optimized with the Yoast SEO plugin v27.5 - https:\/\/yoast.com\/product\/yoast-seo-wordpress\/ -->\n<title>M\u00e4rz-Session des Luzerner Kantonsrates vom 24. und 25. M\u00e4rz 2025 - Peter F\u00e4ssler<\/title>\n<meta name=\"robots\" content=\"index, follow, max-snippet:-1, max-image-preview:large, max-video-preview:-1\" \/>\n<link rel=\"canonical\" href=\"https:\/\/peter-faessler.spschweiz.ch\/?p=5880\" \/>\n<meta property=\"og:locale\" content=\"de_DE\" \/>\n<meta property=\"og:type\" content=\"article\" \/>\n<meta property=\"og:title\" content=\"M\u00e4rz-Session des Luzerner Kantonsrates vom 24. und 25. M\u00e4rz 2025 - Peter F\u00e4ssler\" \/>\n<meta property=\"og:description\" content=\"M\u00e4rz-Session Luzerner Kantonsrat vom 24. und 25. M\u00e4rz 2025 Neben Gesetzesvorlagen, Dekreten (Finanzgesch\u00e4fte) und Kantonsratsbeschl\u00fcssen, die nach Bedarf behandelt werden, beschliesst der Kantonsrat j\u00e4hrlich \u00fcber...\" \/>\n<meta property=\"og:url\" content=\"https:\/\/peter-faessler.spschweiz.ch\/?p=5880\" \/>\n<meta property=\"og:site_name\" content=\"Peter F\u00e4ssler\" \/>\n<meta property=\"article:author\" content=\"www.facebook.com\/peter.fassler.31\" \/>\n<meta property=\"article:published_time\" content=\"2025-03-26T10:26:07+00:00\" \/>\n<meta property=\"article:modified_time\" content=\"2025-03-27T07:23:23+00:00\" \/>\n<meta property=\"og:image\" content=\"https:\/\/peter-faessler.spschweiz.ch\/wp-content\/uploads\/sites\/15\/2025\/03\/KR-Fraktion.jpg\" \/>\n\t<meta property=\"og:image:width\" content=\"1200\" \/>\n\t<meta property=\"og:image:height\" content=\"1600\" \/>\n\t<meta property=\"og:image:type\" content=\"image\/jpeg\" \/>\n<meta name=\"author\" content=\"Peter F\u00e4ssler\" \/>\n<meta name=\"twitter:label1\" content=\"Verfasst von\" \/>\n\t<meta name=\"twitter:data1\" content=\"Peter F\u00e4ssler\" \/>\n\t<meta name=\"twitter:label2\" content=\"Gesch\u00e4tzte Lesezeit\" \/>\n\t<meta name=\"twitter:data2\" content=\"11\u00a0Minuten\" \/>\n<script type=\"application\/ld+json\" class=\"yoast-schema-graph\">{\"@context\":\"https:\\\/\\\/schema.org\",\"@graph\":[{\"@type\":\"Article\",\"@id\":\"https:\\\/\\\/peter-faessler.spschweiz.ch\\\/?p=5880#article\",\"isPartOf\":{\"@id\":\"https:\\\/\\\/peter-faessler.spschweiz.ch\\\/?p=5880\"},\"author\":{\"name\":\"Peter F\u00e4ssler\",\"@id\":\"https:\\\/\\\/peter-faessler.spschweiz.ch\\\/#\\\/schema\\\/person\\\/7ac2f764b1930b731c670e8a2393b60e\"},\"headline\":\"M\u00e4rz-Session des Luzerner Kantonsrates vom 24. und 25. M\u00e4rz 2025\",\"datePublished\":\"2025-03-26T10:26:07+00:00\",\"dateModified\":\"2025-03-27T07:23:23+00:00\",\"mainEntityOfPage\":{\"@id\":\"https:\\\/\\\/peter-faessler.spschweiz.ch\\\/?p=5880\"},\"wordCount\":1706,\"commentCount\":0,\"image\":{\"@id\":\"https:\\\/\\\/peter-faessler.spschweiz.ch\\\/?p=5880#primaryimage\"},\"thumbnailUrl\":\"http:\\\/\\\/peter-faessler.spschweiz.ch\\\/wp-content\\\/uploads\\\/sites\\\/15\\\/2025\\\/03\\\/KR-Fraktion-225x300.jpg\",\"keywords\":[\"Kanton Luzern\",\"Kantonsrat\",\"Kantonsrat Kanton Luzern\",\"Kantonsrat Luzern\",\"Kantonsratssession\",\"Parlament\",\"Politik\",\"Session\",\"SP\"],\"articleSection\":[\"Kantonsrat Luzern\",\"Kantonsratsession\",\"Parlament\",\"Politik\",\"Session Kantonsrat Luzern\",\"SP Kanton Luzern\",\"SP Kantonsratsfraktion\"],\"inLanguage\":\"de\",\"potentialAction\":[{\"@type\":\"CommentAction\",\"name\":\"Comment\",\"target\":[\"https:\\\/\\\/peter-faessler.spschweiz.ch\\\/?p=5880#respond\"]}]},{\"@type\":\"WebPage\",\"@id\":\"https:\\\/\\\/peter-faessler.spschweiz.ch\\\/?p=5880\",\"url\":\"https:\\\/\\\/peter-faessler.spschweiz.ch\\\/?p=5880\",\"name\":\"M\u00e4rz-Session des Luzerner Kantonsrates vom 24. und 25. M\u00e4rz 2025 - Peter F\u00e4ssler\",\"isPartOf\":{\"@id\":\"https:\\\/\\\/peter-faessler.spschweiz.ch\\\/#website\"},\"primaryImageOfPage\":{\"@id\":\"https:\\\/\\\/peter-faessler.spschweiz.ch\\\/?p=5880#primaryimage\"},\"image\":{\"@id\":\"https:\\\/\\\/peter-faessler.spschweiz.ch\\\/?p=5880#primaryimage\"},\"thumbnailUrl\":\"http:\\\/\\\/peter-faessler.spschweiz.ch\\\/wp-content\\\/uploads\\\/sites\\\/15\\\/2025\\\/03\\\/KR-Fraktion-225x300.jpg\",\"datePublished\":\"2025-03-26T10:26:07+00:00\",\"dateModified\":\"2025-03-27T07:23:23+00:00\",\"author\":{\"@id\":\"https:\\\/\\\/peter-faessler.spschweiz.ch\\\/#\\\/schema\\\/person\\\/7ac2f764b1930b731c670e8a2393b60e\"},\"breadcrumb\":{\"@id\":\"https:\\\/\\\/peter-faessler.spschweiz.ch\\\/?p=5880#breadcrumb\"},\"inLanguage\":\"de\",\"potentialAction\":[{\"@type\":\"ReadAction\",\"target\":[\"https:\\\/\\\/peter-faessler.spschweiz.ch\\\/?p=5880\"]}]},{\"@type\":\"ImageObject\",\"inLanguage\":\"de\",\"@id\":\"https:\\\/\\\/peter-faessler.spschweiz.ch\\\/?p=5880#primaryimage\",\"url\":\"https:\\\/\\\/peter-faessler.spschweiz.ch\\\/wp-content\\\/uploads\\\/sites\\\/15\\\/2025\\\/03\\\/KR-Fraktion.jpg\",\"contentUrl\":\"https:\\\/\\\/peter-faessler.spschweiz.ch\\\/wp-content\\\/uploads\\\/sites\\\/15\\\/2025\\\/03\\\/KR-Fraktion.jpg\",\"width\":1200,\"height\":1600},{\"@type\":\"BreadcrumbList\",\"@id\":\"https:\\\/\\\/peter-faessler.spschweiz.ch\\\/?p=5880#breadcrumb\",\"itemListElement\":[{\"@type\":\"ListItem\",\"position\":1,\"name\":\"Startseite\",\"item\":\"https:\\\/\\\/peter-faessler.spschweiz.ch\\\/\"},{\"@type\":\"ListItem\",\"position\":2,\"name\":\"M\u00e4rz-Session des Luzerner Kantonsrates vom 24. und 25. M\u00e4rz 2025\"}]},{\"@type\":\"WebSite\",\"@id\":\"https:\\\/\\\/peter-faessler.spschweiz.ch\\\/#website\",\"url\":\"https:\\\/\\\/peter-faessler.spschweiz.ch\\\/\",\"name\":\"Peter F\u00e4ssler\",\"description\":\"SP Kantonsrat Kanton Luzern\",\"potentialAction\":[{\"@type\":\"SearchAction\",\"target\":{\"@type\":\"EntryPoint\",\"urlTemplate\":\"https:\\\/\\\/peter-faessler.spschweiz.ch\\\/?s={search_term_string}\"},\"query-input\":{\"@type\":\"PropertyValueSpecification\",\"valueRequired\":true,\"valueName\":\"search_term_string\"}}],\"inLanguage\":\"de\"},{\"@type\":\"Person\",\"@id\":\"https:\\\/\\\/peter-faessler.spschweiz.ch\\\/#\\\/schema\\\/person\\\/7ac2f764b1930b731c670e8a2393b60e\",\"name\":\"Peter F\u00e4ssler\",\"image\":{\"@type\":\"ImageObject\",\"inLanguage\":\"de\",\"@id\":\"https:\\\/\\\/secure.gravatar.com\\\/avatar\\\/9da8604da19b11812517d76f206166d47c5e180a26df2de36b8649168e128572?s=96&d=blank&r=g\",\"url\":\"https:\\\/\\\/secure.gravatar.com\\\/avatar\\\/9da8604da19b11812517d76f206166d47c5e180a26df2de36b8649168e128572?s=96&d=blank&r=g\",\"contentUrl\":\"https:\\\/\\\/secure.gravatar.com\\\/avatar\\\/9da8604da19b11812517d76f206166d47c5e180a26df2de36b8649168e128572?s=96&d=blank&r=g\",\"caption\":\"Peter F\u00e4ssler\"},\"description\":\"Peter F\u00e4ssler Schibiweg 7 6006 Luzern\",\"sameAs\":[\"www.facebook.com\\\/peter.fassler.31\",\"https:\\\/\\\/www.instagram.com\\\/peter.fassler.31\\\/\",\"https:\\\/\\\/www.linkedin.com\\\/in\\\/peter-fssler-2518a782\\\/\",\"https:\\\/\\\/x.com\\\/pfaessler56\"],\"url\":\"https:\\\/\\\/peter-faessler.spschweiz.ch\\\/?author=19\"}]}<\/script>\n<!-- \/ Yoast SEO plugin. -->","yoast_head_json":{"title":"M\u00e4rz-Session des Luzerner Kantonsrates vom 24. und 25. M\u00e4rz 2025 - Peter F\u00e4ssler","robots":{"index":"index","follow":"follow","max-snippet":"max-snippet:-1","max-image-preview":"max-image-preview:large","max-video-preview":"max-video-preview:-1"},"canonical":"https:\/\/peter-faessler.spschweiz.ch\/?p=5880","og_locale":"de_DE","og_type":"article","og_title":"M\u00e4rz-Session des Luzerner Kantonsrates vom 24. und 25. M\u00e4rz 2025 - Peter F\u00e4ssler","og_description":"M\u00e4rz-Session Luzerner Kantonsrat vom 24. und 25. M\u00e4rz 2025 Neben Gesetzesvorlagen, Dekreten (Finanzgesch\u00e4fte) und Kantonsratsbeschl\u00fcssen, die nach Bedarf behandelt werden, beschliesst der Kantonsrat j\u00e4hrlich \u00fcber...","og_url":"https:\/\/peter-faessler.spschweiz.ch\/?p=5880","og_site_name":"Peter F\u00e4ssler","article_author":"www.facebook.com\/peter.fassler.31","article_published_time":"2025-03-26T10:26:07+00:00","article_modified_time":"2025-03-27T07:23:23+00:00","og_image":[{"width":1200,"height":1600,"url":"https:\/\/peter-faessler.spschweiz.ch\/wp-content\/uploads\/sites\/15\/2025\/03\/KR-Fraktion.jpg","type":"image\/jpeg"}],"author":"Peter F\u00e4ssler","twitter_misc":{"Verfasst von":"Peter F\u00e4ssler","Gesch\u00e4tzte Lesezeit":"11\u00a0Minuten"},"schema":{"@context":"https:\/\/schema.org","@graph":[{"@type":"Article","@id":"https:\/\/peter-faessler.spschweiz.ch\/?p=5880#article","isPartOf":{"@id":"https:\/\/peter-faessler.spschweiz.ch\/?p=5880"},"author":{"name":"Peter F\u00e4ssler","@id":"https:\/\/peter-faessler.spschweiz.ch\/#\/schema\/person\/7ac2f764b1930b731c670e8a2393b60e"},"headline":"M\u00e4rz-Session des Luzerner Kantonsrates vom 24. und 25. M\u00e4rz 2025","datePublished":"2025-03-26T10:26:07+00:00","dateModified":"2025-03-27T07:23:23+00:00","mainEntityOfPage":{"@id":"https:\/\/peter-faessler.spschweiz.ch\/?p=5880"},"wordCount":1706,"commentCount":0,"image":{"@id":"https:\/\/peter-faessler.spschweiz.ch\/?p=5880#primaryimage"},"thumbnailUrl":"http:\/\/peter-faessler.spschweiz.ch\/wp-content\/uploads\/sites\/15\/2025\/03\/KR-Fraktion-225x300.jpg","keywords":["Kanton Luzern","Kantonsrat","Kantonsrat Kanton Luzern","Kantonsrat Luzern","Kantonsratssession","Parlament","Politik","Session","SP"],"articleSection":["Kantonsrat Luzern","Kantonsratsession","Parlament","Politik","Session Kantonsrat Luzern","SP Kanton Luzern","SP Kantonsratsfraktion"],"inLanguage":"de","potentialAction":[{"@type":"CommentAction","name":"Comment","target":["https:\/\/peter-faessler.spschweiz.ch\/?p=5880#respond"]}]},{"@type":"WebPage","@id":"https:\/\/peter-faessler.spschweiz.ch\/?p=5880","url":"https:\/\/peter-faessler.spschweiz.ch\/?p=5880","name":"M\u00e4rz-Session des Luzerner Kantonsrates vom 24. und 25. M\u00e4rz 2025 - Peter F\u00e4ssler","isPartOf":{"@id":"https:\/\/peter-faessler.spschweiz.ch\/#website"},"primaryImageOfPage":{"@id":"https:\/\/peter-faessler.spschweiz.ch\/?p=5880#primaryimage"},"image":{"@id":"https:\/\/peter-faessler.spschweiz.ch\/?p=5880#primaryimage"},"thumbnailUrl":"http:\/\/peter-faessler.spschweiz.ch\/wp-content\/uploads\/sites\/15\/2025\/03\/KR-Fraktion-225x300.jpg","datePublished":"2025-03-26T10:26:07+00:00","dateModified":"2025-03-27T07:23:23+00:00","author":{"@id":"https:\/\/peter-faessler.spschweiz.ch\/#\/schema\/person\/7ac2f764b1930b731c670e8a2393b60e"},"breadcrumb":{"@id":"https:\/\/peter-faessler.spschweiz.ch\/?p=5880#breadcrumb"},"inLanguage":"de","potentialAction":[{"@type":"ReadAction","target":["https:\/\/peter-faessler.spschweiz.ch\/?p=5880"]}]},{"@type":"ImageObject","inLanguage":"de","@id":"https:\/\/peter-faessler.spschweiz.ch\/?p=5880#primaryimage","url":"https:\/\/peter-faessler.spschweiz.ch\/wp-content\/uploads\/sites\/15\/2025\/03\/KR-Fraktion.jpg","contentUrl":"https:\/\/peter-faessler.spschweiz.ch\/wp-content\/uploads\/sites\/15\/2025\/03\/KR-Fraktion.jpg","width":1200,"height":1600},{"@type":"BreadcrumbList","@id":"https:\/\/peter-faessler.spschweiz.ch\/?p=5880#breadcrumb","itemListElement":[{"@type":"ListItem","position":1,"name":"Startseite","item":"https:\/\/peter-faessler.spschweiz.ch\/"},{"@type":"ListItem","position":2,"name":"M\u00e4rz-Session des Luzerner Kantonsrates vom 24. und 25. M\u00e4rz 2025"}]},{"@type":"WebSite","@id":"https:\/\/peter-faessler.spschweiz.ch\/#website","url":"https:\/\/peter-faessler.spschweiz.ch\/","name":"Peter F\u00e4ssler","description":"SP Kantonsrat Kanton Luzern","potentialAction":[{"@type":"SearchAction","target":{"@type":"EntryPoint","urlTemplate":"https:\/\/peter-faessler.spschweiz.ch\/?s={search_term_string}"},"query-input":{"@type":"PropertyValueSpecification","valueRequired":true,"valueName":"search_term_string"}}],"inLanguage":"de"},{"@type":"Person","@id":"https:\/\/peter-faessler.spschweiz.ch\/#\/schema\/person\/7ac2f764b1930b731c670e8a2393b60e","name":"Peter F\u00e4ssler","image":{"@type":"ImageObject","inLanguage":"de","@id":"https:\/\/secure.gravatar.com\/avatar\/9da8604da19b11812517d76f206166d47c5e180a26df2de36b8649168e128572?s=96&d=blank&r=g","url":"https:\/\/secure.gravatar.com\/avatar\/9da8604da19b11812517d76f206166d47c5e180a26df2de36b8649168e128572?s=96&d=blank&r=g","contentUrl":"https:\/\/secure.gravatar.com\/avatar\/9da8604da19b11812517d76f206166d47c5e180a26df2de36b8649168e128572?s=96&d=blank&r=g","caption":"Peter F\u00e4ssler"},"description":"Peter F\u00e4ssler Schibiweg 7 6006 Luzern","sameAs":["www.facebook.com\/peter.fassler.31","https:\/\/www.instagram.com\/peter.fassler.31\/","https:\/\/www.linkedin.com\/in\/peter-fssler-2518a782\/","https:\/\/x.com\/pfaessler56"],"url":"https:\/\/peter-faessler.spschweiz.ch\/?author=19"}]}},"_links":{"self":[{"href":"https:\/\/peter-faessler.spschweiz.ch\/index.php?rest_route=\/wp\/v2\/posts\/5880","targetHints":{"allow":["GET"]}}],"collection":[{"href":"https:\/\/peter-faessler.spschweiz.ch\/index.php?rest_route=\/wp\/v2\/posts"}],"about":[{"href":"https:\/\/peter-faessler.spschweiz.ch\/index.php?rest_route=\/wp\/v2\/types\/post"}],"author":[{"embeddable":true,"href":"https:\/\/peter-faessler.spschweiz.ch\/index.php?rest_route=\/wp\/v2\/users\/19"}],"replies":[{"embeddable":true,"href":"https:\/\/peter-faessler.spschweiz.ch\/index.php?rest_route=%2Fwp%2Fv2%2Fcomments&post=5880"}],"version-history":[{"count":18,"href":"https:\/\/peter-faessler.spschweiz.ch\/index.php?rest_route=\/wp\/v2\/posts\/5880\/revisions"}],"predecessor-version":[{"id":5911,"href":"https:\/\/peter-faessler.spschweiz.ch\/index.php?rest_route=\/wp\/v2\/posts\/5880\/revisions\/5911"}],"wp:attachment":[{"href":"https:\/\/peter-faessler.spschweiz.ch\/index.php?rest_route=%2Fwp%2Fv2%2Fmedia&parent=5880"}],"wp:term":[{"taxonomy":"category","embeddable":true,"href":"https:\/\/peter-faessler.spschweiz.ch\/index.php?rest_route=%2Fwp%2Fv2%2Fcategories&post=5880"},{"taxonomy":"post_tag","embeddable":true,"href":"https:\/\/peter-faessler.spschweiz.ch\/index.php?rest_route=%2Fwp%2Fv2%2Ftags&post=5880"}],"curies":[{"name":"wp","href":"https:\/\/api.w.org\/{rel}","templated":true}]}}