{"id":5903,"date":"2025-03-27T08:11:29","date_gmt":"2025-03-27T07:11:29","guid":{"rendered":"https:\/\/peter-faessler.spschweiz.ch\/?p=5903"},"modified":"2025-03-27T08:11:29","modified_gmt":"2025-03-27T07:11:29","slug":"news-der-sp-fraktion-aus-der-maerz-session-2025-des-kantonsrats-luzern","status":"publish","type":"post","link":"https:\/\/peter-faessler.spschweiz.ch\/?p=5903","title":{"rendered":"News der SP Fraktion aus der M\u00e4rz-Session 2025 des Kantonsrats Luzern"},"content":{"rendered":"<p><img loading=\"lazy\" decoding=\"async\" class=\"size-medium wp-image-5905 aligncenter\" src=\"http:\/\/peter-faessler.spschweiz.ch\/wp-content\/uploads\/sites\/15\/2025\/03\/KR-Maerz-300x100.png\" alt=\"\" width=\"300\" height=\"100\" srcset=\"https:\/\/peter-faessler.spschweiz.ch\/wp-content\/uploads\/sites\/15\/2025\/03\/KR-Maerz-300x100.png 300w, https:\/\/peter-faessler.spschweiz.ch\/wp-content\/uploads\/sites\/15\/2025\/03\/KR-Maerz-150x50.png 150w, https:\/\/peter-faessler.spschweiz.ch\/wp-content\/uploads\/sites\/15\/2025\/03\/KR-Maerz.png 600w\" sizes=\"auto, (max-width: 300px) 100vw, 300px\" \/><\/p>\n<p>Die M\u00e4rzsession im Kantonsrat begann mit personellen Wechseln in unserer Fraktion: Caroline Rey und Milena B\u00fchler wurden als neue Kantonsr\u00e4tinnen vereidigt. Sie folgen auf Gianluca Pardini und Andy Schneider. Damit stellt die SP-Fraktion neu 13 Frauen und 6 M\u00e4nner \u2013 und damit den h\u00f6chsten Frauenanteil aller Fraktionen im Luzerner Kantonsrat!<\/p>\n<p>Ein zentrales Diskussionsthema war die Hospiz- und Palliativversorgung. Sterben in W\u00fcrde darf nicht von finanziellen M\u00f6glichkeiten abh\u00e4ngen. Deshalb setzen wir uns f\u00fcr eine umfassende Finanzierungsl\u00f6sung f\u00fcr die spezialisierte Palliativversorgung ein. Um die Wahlfreiheit auch am Lebensende zu gew\u00e4hrleisten, haben wir zudem eine Motion zur Gew\u00e4hrleistung des Zugangs zur Sterbehilfe eingereicht.<\/p>\n<p>Ein ern\u00fcchterndes Bild zeigt die Antwort der Regierung auf Maria Pilottos Anfrage zur Umsetzung des Gleichstellungsgesetzes. Nur wenige F\u00e4lle von Diskriminierung gelangen vor Gericht, und die Dunkelziffer bleibt hoch. Trotz dieser besorgniserregenden Erkenntnisse bleibt das Engagement von Verwaltung und Justiz gering. Dass hier Handlungsbedarf besteht, haben auch die Medien im Vorfeld betont: \u00abLuzern hat Luft nach oben\u00bb (LZ) und \u00abUnmotivierte L\u00f6sung\u00bb (Willisauer Bote).<\/p>\n<p>In der Notfallversorgung gab es eine vor\u00fcbergehende Entlastung: Nach dem endg\u00fcltigen Aus der Notfallpraxis in Sursee infolge eines Bundesgerichtsurteils zur Notfallentsch\u00e4digung konnte die Versorgungsl\u00fccke kurzfristig geschlossen werden. Doch ohne die Unterst\u00fctzung der Spit\u00e4ler ist eine fl\u00e4chendeckende Notfallversorgung durch Haus\u00e4rzt*innen nicht mehr gew\u00e4hrleistet \u2013 insbesondere, weil die Nachfolgeregelung von Hausarztpraxen vielerorts schwierig bleibt. Mit einem JA zum Spitalgesetz am 18. Mai sichern wir die medizinische Grund- und Notfallversorgung im gesamten Kanton.<\/p>\n<p>Wir bleiben dran \u2013 f\u00fcr eine gerechte, solidarische und zukunftsgerichtete Politik im Kanton Luzern!<\/p>\n<table width=\"100%\">\n<tbody>\n<tr>\n<td>Michael Ledergerber<\/td>\n<\/tr>\n<\/tbody>\n<\/table>\n<table width=\"100%\">\n<tbody>\n<tr>\n<td>Pia Engler<\/td>\n<\/tr>\n<\/tbody>\n<\/table>\n","protected":false},"excerpt":{"rendered":"<p>Die M\u00e4rzsession im Kantonsrat begann mit personellen Wechseln in unserer Fraktion: Caroline Rey und Milena B\u00fchler wurden als neue Kantonsr\u00e4tinnen vereidigt. Sie folgen auf Gianluca&#8230;<\/p>\n","protected":false},"author":19,"featured_media":0,"comment_status":"open","ping_status":"open","sticky":false,"template":"","format":"standard","meta":{"footnotes":""},"categories":[22,23,30,21,25,127,128],"tags":[8,9,16,26,31,7,10,15],"class_list":["post-5903","post","type-post","status-publish","format-standard","hentry","category-kantonsrat-luzern","category-kantonsratsession","category-parlament","category-politik","category-session-kantonsrat-luzern","category-sp-kanton-luzern","category-sp-kantonsratsfraktion","tag-kanton-luzern","tag-kantonsrat","tag-kantonsrat-kanton-luzern","tag-kantonsratssession","tag-parlament","tag-politik","tag-session","tag-sp"],"yoast_head":"<!-- This site is optimized with the Yoast SEO plugin v27.5 - https:\/\/yoast.com\/product\/yoast-seo-wordpress\/ -->\n<title>News der SP Fraktion aus der M\u00e4rz-Session 2025 des Kantonsrats Luzern - Peter F\u00e4ssler<\/title>\n<meta name=\"robots\" content=\"index, follow, max-snippet:-1, max-image-preview:large, max-video-preview:-1\" \/>\n<link rel=\"canonical\" href=\"https:\/\/peter-faessler.spschweiz.ch\/?p=5903\" \/>\n<meta property=\"og:locale\" content=\"de_DE\" \/>\n<meta property=\"og:type\" content=\"article\" \/>\n<meta property=\"og:title\" content=\"News der SP Fraktion aus der M\u00e4rz-Session 2025 des Kantonsrats Luzern - Peter F\u00e4ssler\" \/>\n<meta property=\"og:description\" content=\"Die M\u00e4rzsession im Kantonsrat begann mit personellen Wechseln in unserer Fraktion: Caroline Rey und Milena B\u00fchler wurden als neue Kantonsr\u00e4tinnen vereidigt. Sie folgen auf Gianluca...\" \/>\n<meta property=\"og:url\" content=\"https:\/\/peter-faessler.spschweiz.ch\/?p=5903\" \/>\n<meta property=\"og:site_name\" content=\"Peter F\u00e4ssler\" \/>\n<meta property=\"article:author\" content=\"www.facebook.com\/peter.fassler.31\" \/>\n<meta property=\"article:published_time\" content=\"2025-03-27T07:11:29+00:00\" \/>\n<meta property=\"og:image\" content=\"https:\/\/peter-faessler.spschweiz.ch\/wp-content\/uploads\/sites\/15\/2025\/03\/KR-Maerz.png\" \/>\n\t<meta property=\"og:image:width\" content=\"600\" \/>\n\t<meta property=\"og:image:height\" content=\"200\" \/>\n\t<meta property=\"og:image:type\" content=\"image\/png\" \/>\n<meta name=\"author\" content=\"Peter F\u00e4ssler\" \/>\n<meta name=\"twitter:label1\" content=\"Verfasst von\" \/>\n\t<meta name=\"twitter:data1\" content=\"Peter F\u00e4ssler\" \/>\n\t<meta name=\"twitter:label2\" content=\"Gesch\u00e4tzte Lesezeit\" \/>\n\t<meta name=\"twitter:data2\" content=\"2\u00a0Minuten\" \/>\n<script type=\"application\/ld+json\" class=\"yoast-schema-graph\">{\"@context\":\"https:\\\/\\\/schema.org\",\"@graph\":[{\"@type\":\"Article\",\"@id\":\"https:\\\/\\\/peter-faessler.spschweiz.ch\\\/?p=5903#article\",\"isPartOf\":{\"@id\":\"https:\\\/\\\/peter-faessler.spschweiz.ch\\\/?p=5903\"},\"author\":{\"name\":\"Peter F\u00e4ssler\",\"@id\":\"https:\\\/\\\/peter-faessler.spschweiz.ch\\\/#\\\/schema\\\/person\\\/7ac2f764b1930b731c670e8a2393b60e\"},\"headline\":\"News der SP Fraktion aus der M\u00e4rz-Session 2025 des Kantonsrats Luzern\",\"datePublished\":\"2025-03-27T07:11:29+00:00\",\"mainEntityOfPage\":{\"@id\":\"https:\\\/\\\/peter-faessler.spschweiz.ch\\\/?p=5903\"},\"wordCount\":283,\"commentCount\":0,\"image\":{\"@id\":\"https:\\\/\\\/peter-faessler.spschweiz.ch\\\/?p=5903#primaryimage\"},\"thumbnailUrl\":\"http:\\\/\\\/peter-faessler.spschweiz.ch\\\/wp-content\\\/uploads\\\/sites\\\/15\\\/2025\\\/03\\\/KR-Maerz-300x100.png\",\"keywords\":[\"Kanton Luzern\",\"Kantonsrat\",\"Kantonsrat Kanton Luzern\",\"Kantonsratssession\",\"Parlament\",\"Politik\",\"Session\",\"SP\"],\"articleSection\":[\"Kantonsrat Luzern\",\"Kantonsratsession\",\"Parlament\",\"Politik\",\"Session Kantonsrat Luzern\",\"SP Kanton Luzern\",\"SP Kantonsratsfraktion\"],\"inLanguage\":\"de\",\"potentialAction\":[{\"@type\":\"CommentAction\",\"name\":\"Comment\",\"target\":[\"https:\\\/\\\/peter-faessler.spschweiz.ch\\\/?p=5903#respond\"]}]},{\"@type\":\"WebPage\",\"@id\":\"https:\\\/\\\/peter-faessler.spschweiz.ch\\\/?p=5903\",\"url\":\"https:\\\/\\\/peter-faessler.spschweiz.ch\\\/?p=5903\",\"name\":\"News der SP Fraktion aus der M\u00e4rz-Session 2025 des Kantonsrats Luzern - Peter F\u00e4ssler\",\"isPartOf\":{\"@id\":\"https:\\\/\\\/peter-faessler.spschweiz.ch\\\/#website\"},\"primaryImageOfPage\":{\"@id\":\"https:\\\/\\\/peter-faessler.spschweiz.ch\\\/?p=5903#primaryimage\"},\"image\":{\"@id\":\"https:\\\/\\\/peter-faessler.spschweiz.ch\\\/?p=5903#primaryimage\"},\"thumbnailUrl\":\"http:\\\/\\\/peter-faessler.spschweiz.ch\\\/wp-content\\\/uploads\\\/sites\\\/15\\\/2025\\\/03\\\/KR-Maerz-300x100.png\",\"datePublished\":\"2025-03-27T07:11:29+00:00\",\"author\":{\"@id\":\"https:\\\/\\\/peter-faessler.spschweiz.ch\\\/#\\\/schema\\\/person\\\/7ac2f764b1930b731c670e8a2393b60e\"},\"breadcrumb\":{\"@id\":\"https:\\\/\\\/peter-faessler.spschweiz.ch\\\/?p=5903#breadcrumb\"},\"inLanguage\":\"de\",\"potentialAction\":[{\"@type\":\"ReadAction\",\"target\":[\"https:\\\/\\\/peter-faessler.spschweiz.ch\\\/?p=5903\"]}]},{\"@type\":\"ImageObject\",\"inLanguage\":\"de\",\"@id\":\"https:\\\/\\\/peter-faessler.spschweiz.ch\\\/?p=5903#primaryimage\",\"url\":\"https:\\\/\\\/peter-faessler.spschweiz.ch\\\/wp-content\\\/uploads\\\/sites\\\/15\\\/2025\\\/03\\\/KR-Maerz.png\",\"contentUrl\":\"https:\\\/\\\/peter-faessler.spschweiz.ch\\\/wp-content\\\/uploads\\\/sites\\\/15\\\/2025\\\/03\\\/KR-Maerz.png\",\"width\":600,\"height\":200},{\"@type\":\"BreadcrumbList\",\"@id\":\"https:\\\/\\\/peter-faessler.spschweiz.ch\\\/?p=5903#breadcrumb\",\"itemListElement\":[{\"@type\":\"ListItem\",\"position\":1,\"name\":\"Startseite\",\"item\":\"https:\\\/\\\/peter-faessler.spschweiz.ch\\\/\"},{\"@type\":\"ListItem\",\"position\":2,\"name\":\"News der SP Fraktion aus der M\u00e4rz-Session 2025 des Kantonsrats Luzern\"}]},{\"@type\":\"WebSite\",\"@id\":\"https:\\\/\\\/peter-faessler.spschweiz.ch\\\/#website\",\"url\":\"https:\\\/\\\/peter-faessler.spschweiz.ch\\\/\",\"name\":\"Peter F\u00e4ssler\",\"description\":\"SP Kantonsrat Kanton Luzern\",\"potentialAction\":[{\"@type\":\"SearchAction\",\"target\":{\"@type\":\"EntryPoint\",\"urlTemplate\":\"https:\\\/\\\/peter-faessler.spschweiz.ch\\\/?s={search_term_string}\"},\"query-input\":{\"@type\":\"PropertyValueSpecification\",\"valueRequired\":true,\"valueName\":\"search_term_string\"}}],\"inLanguage\":\"de\"},{\"@type\":\"Person\",\"@id\":\"https:\\\/\\\/peter-faessler.spschweiz.ch\\\/#\\\/schema\\\/person\\\/7ac2f764b1930b731c670e8a2393b60e\",\"name\":\"Peter F\u00e4ssler\",\"image\":{\"@type\":\"ImageObject\",\"inLanguage\":\"de\",\"@id\":\"https:\\\/\\\/secure.gravatar.com\\\/avatar\\\/9da8604da19b11812517d76f206166d47c5e180a26df2de36b8649168e128572?s=96&d=blank&r=g\",\"url\":\"https:\\\/\\\/secure.gravatar.com\\\/avatar\\\/9da8604da19b11812517d76f206166d47c5e180a26df2de36b8649168e128572?s=96&d=blank&r=g\",\"contentUrl\":\"https:\\\/\\\/secure.gravatar.com\\\/avatar\\\/9da8604da19b11812517d76f206166d47c5e180a26df2de36b8649168e128572?s=96&d=blank&r=g\",\"caption\":\"Peter F\u00e4ssler\"},\"description\":\"Peter F\u00e4ssler Schibiweg 7 6006 Luzern\",\"sameAs\":[\"www.facebook.com\\\/peter.fassler.31\",\"https:\\\/\\\/www.instagram.com\\\/peter.fassler.31\\\/\",\"https:\\\/\\\/www.linkedin.com\\\/in\\\/peter-fssler-2518a782\\\/\",\"https:\\\/\\\/x.com\\\/pfaessler56\"],\"url\":\"https:\\\/\\\/peter-faessler.spschweiz.ch\\\/?author=19\"}]}<\/script>\n<!-- \/ Yoast SEO plugin. -->","yoast_head_json":{"title":"News der SP Fraktion aus der M\u00e4rz-Session 2025 des Kantonsrats Luzern - Peter F\u00e4ssler","robots":{"index":"index","follow":"follow","max-snippet":"max-snippet:-1","max-image-preview":"max-image-preview:large","max-video-preview":"max-video-preview:-1"},"canonical":"https:\/\/peter-faessler.spschweiz.ch\/?p=5903","og_locale":"de_DE","og_type":"article","og_title":"News der SP Fraktion aus der M\u00e4rz-Session 2025 des Kantonsrats Luzern - Peter F\u00e4ssler","og_description":"Die M\u00e4rzsession im Kantonsrat begann mit personellen Wechseln in unserer Fraktion: Caroline Rey und Milena B\u00fchler wurden als neue Kantonsr\u00e4tinnen vereidigt. Sie folgen auf Gianluca...","og_url":"https:\/\/peter-faessler.spschweiz.ch\/?p=5903","og_site_name":"Peter F\u00e4ssler","article_author":"www.facebook.com\/peter.fassler.31","article_published_time":"2025-03-27T07:11:29+00:00","og_image":[{"width":600,"height":200,"url":"https:\/\/peter-faessler.spschweiz.ch\/wp-content\/uploads\/sites\/15\/2025\/03\/KR-Maerz.png","type":"image\/png"}],"author":"Peter F\u00e4ssler","twitter_misc":{"Verfasst von":"Peter F\u00e4ssler","Gesch\u00e4tzte Lesezeit":"2\u00a0Minuten"},"schema":{"@context":"https:\/\/schema.org","@graph":[{"@type":"Article","@id":"https:\/\/peter-faessler.spschweiz.ch\/?p=5903#article","isPartOf":{"@id":"https:\/\/peter-faessler.spschweiz.ch\/?p=5903"},"author":{"name":"Peter F\u00e4ssler","@id":"https:\/\/peter-faessler.spschweiz.ch\/#\/schema\/person\/7ac2f764b1930b731c670e8a2393b60e"},"headline":"News der SP Fraktion aus der M\u00e4rz-Session 2025 des Kantonsrats Luzern","datePublished":"2025-03-27T07:11:29+00:00","mainEntityOfPage":{"@id":"https:\/\/peter-faessler.spschweiz.ch\/?p=5903"},"wordCount":283,"commentCount":0,"image":{"@id":"https:\/\/peter-faessler.spschweiz.ch\/?p=5903#primaryimage"},"thumbnailUrl":"http:\/\/peter-faessler.spschweiz.ch\/wp-content\/uploads\/sites\/15\/2025\/03\/KR-Maerz-300x100.png","keywords":["Kanton Luzern","Kantonsrat","Kantonsrat Kanton Luzern","Kantonsratssession","Parlament","Politik","Session","SP"],"articleSection":["Kantonsrat Luzern","Kantonsratsession","Parlament","Politik","Session Kantonsrat Luzern","SP Kanton Luzern","SP Kantonsratsfraktion"],"inLanguage":"de","potentialAction":[{"@type":"CommentAction","name":"Comment","target":["https:\/\/peter-faessler.spschweiz.ch\/?p=5903#respond"]}]},{"@type":"WebPage","@id":"https:\/\/peter-faessler.spschweiz.ch\/?p=5903","url":"https:\/\/peter-faessler.spschweiz.ch\/?p=5903","name":"News der SP Fraktion aus der M\u00e4rz-Session 2025 des Kantonsrats Luzern - Peter F\u00e4ssler","isPartOf":{"@id":"https:\/\/peter-faessler.spschweiz.ch\/#website"},"primaryImageOfPage":{"@id":"https:\/\/peter-faessler.spschweiz.ch\/?p=5903#primaryimage"},"image":{"@id":"https:\/\/peter-faessler.spschweiz.ch\/?p=5903#primaryimage"},"thumbnailUrl":"http:\/\/peter-faessler.spschweiz.ch\/wp-content\/uploads\/sites\/15\/2025\/03\/KR-Maerz-300x100.png","datePublished":"2025-03-27T07:11:29+00:00","author":{"@id":"https:\/\/peter-faessler.spschweiz.ch\/#\/schema\/person\/7ac2f764b1930b731c670e8a2393b60e"},"breadcrumb":{"@id":"https:\/\/peter-faessler.spschweiz.ch\/?p=5903#breadcrumb"},"inLanguage":"de","potentialAction":[{"@type":"ReadAction","target":["https:\/\/peter-faessler.spschweiz.ch\/?p=5903"]}]},{"@type":"ImageObject","inLanguage":"de","@id":"https:\/\/peter-faessler.spschweiz.ch\/?p=5903#primaryimage","url":"https:\/\/peter-faessler.spschweiz.ch\/wp-content\/uploads\/sites\/15\/2025\/03\/KR-Maerz.png","contentUrl":"https:\/\/peter-faessler.spschweiz.ch\/wp-content\/uploads\/sites\/15\/2025\/03\/KR-Maerz.png","width":600,"height":200},{"@type":"BreadcrumbList","@id":"https:\/\/peter-faessler.spschweiz.ch\/?p=5903#breadcrumb","itemListElement":[{"@type":"ListItem","position":1,"name":"Startseite","item":"https:\/\/peter-faessler.spschweiz.ch\/"},{"@type":"ListItem","position":2,"name":"News der SP Fraktion aus der M\u00e4rz-Session 2025 des Kantonsrats Luzern"}]},{"@type":"WebSite","@id":"https:\/\/peter-faessler.spschweiz.ch\/#website","url":"https:\/\/peter-faessler.spschweiz.ch\/","name":"Peter F\u00e4ssler","description":"SP Kantonsrat Kanton Luzern","potentialAction":[{"@type":"SearchAction","target":{"@type":"EntryPoint","urlTemplate":"https:\/\/peter-faessler.spschweiz.ch\/?s={search_term_string}"},"query-input":{"@type":"PropertyValueSpecification","valueRequired":true,"valueName":"search_term_string"}}],"inLanguage":"de"},{"@type":"Person","@id":"https:\/\/peter-faessler.spschweiz.ch\/#\/schema\/person\/7ac2f764b1930b731c670e8a2393b60e","name":"Peter F\u00e4ssler","image":{"@type":"ImageObject","inLanguage":"de","@id":"https:\/\/secure.gravatar.com\/avatar\/9da8604da19b11812517d76f206166d47c5e180a26df2de36b8649168e128572?s=96&d=blank&r=g","url":"https:\/\/secure.gravatar.com\/avatar\/9da8604da19b11812517d76f206166d47c5e180a26df2de36b8649168e128572?s=96&d=blank&r=g","contentUrl":"https:\/\/secure.gravatar.com\/avatar\/9da8604da19b11812517d76f206166d47c5e180a26df2de36b8649168e128572?s=96&d=blank&r=g","caption":"Peter F\u00e4ssler"},"description":"Peter F\u00e4ssler Schibiweg 7 6006 Luzern","sameAs":["www.facebook.com\/peter.fassler.31","https:\/\/www.instagram.com\/peter.fassler.31\/","https:\/\/www.linkedin.com\/in\/peter-fssler-2518a782\/","https:\/\/x.com\/pfaessler56"],"url":"https:\/\/peter-faessler.spschweiz.ch\/?author=19"}]}},"_links":{"self":[{"href":"https:\/\/peter-faessler.spschweiz.ch\/index.php?rest_route=\/wp\/v2\/posts\/5903","targetHints":{"allow":["GET"]}}],"collection":[{"href":"https:\/\/peter-faessler.spschweiz.ch\/index.php?rest_route=\/wp\/v2\/posts"}],"about":[{"href":"https:\/\/peter-faessler.spschweiz.ch\/index.php?rest_route=\/wp\/v2\/types\/post"}],"author":[{"embeddable":true,"href":"https:\/\/peter-faessler.spschweiz.ch\/index.php?rest_route=\/wp\/v2\/users\/19"}],"replies":[{"embeddable":true,"href":"https:\/\/peter-faessler.spschweiz.ch\/index.php?rest_route=%2Fwp%2Fv2%2Fcomments&post=5903"}],"version-history":[{"count":4,"href":"https:\/\/peter-faessler.spschweiz.ch\/index.php?rest_route=\/wp\/v2\/posts\/5903\/revisions"}],"predecessor-version":[{"id":5908,"href":"https:\/\/peter-faessler.spschweiz.ch\/index.php?rest_route=\/wp\/v2\/posts\/5903\/revisions\/5908"}],"wp:attachment":[{"href":"https:\/\/peter-faessler.spschweiz.ch\/index.php?rest_route=%2Fwp%2Fv2%2Fmedia&parent=5903"}],"wp:term":[{"taxonomy":"category","embeddable":true,"href":"https:\/\/peter-faessler.spschweiz.ch\/index.php?rest_route=%2Fwp%2Fv2%2Fcategories&post=5903"},{"taxonomy":"post_tag","embeddable":true,"href":"https:\/\/peter-faessler.spschweiz.ch\/index.php?rest_route=%2Fwp%2Fv2%2Ftags&post=5903"}],"curies":[{"name":"wp","href":"https:\/\/api.w.org\/{rel}","templated":true}]}}