{"id":5912,"date":"2025-03-27T08:45:44","date_gmt":"2025-03-27T07:45:44","guid":{"rendered":"https:\/\/peter-faessler.spschweiz.ch\/?p=5912"},"modified":"2025-03-27T17:23:25","modified_gmt":"2025-03-27T16:23:25","slug":"anfrage-faessler-peter-und-mit-ueber-die-verbreitung-und-den-schutz-des-bibers-sowie-die-entsprechende-sensibilisierung-der-bevoelkerung-im-kanton-luzern","status":"publish","type":"post","link":"https:\/\/peter-faessler.spschweiz.ch\/?p=5912","title":{"rendered":"Anfrage F\u00e4ssler Peter und Mit. \u00fcber die Verbreitung und den Schutz des Bibers sowie die entsprechende Sensibilisierung der Bev\u00f6lkerung im Kanton Luzern"},"content":{"rendered":"<h3>A 401 Anfrage F\u00e4ssler Peter und Mit. \u00fcber die Verbreitung und den Schutz des Bibers sowie die entsprechende Sensibilisierung der Bev\u00f6lkerung im Kanton Luzern<\/h3>\n<p>er\u00f6ffnet am 24. M\u00e4rz 2025<\/p>\n<div id=\"attachment_5916\" style=\"width: 310px\" class=\"wp-caption alignright\"><img loading=\"lazy\" decoding=\"async\" aria-describedby=\"caption-attachment-5916\" class=\"size-medium wp-image-5916\" src=\"http:\/\/peter-faessler.spschweiz.ch\/wp-content\/uploads\/sites\/15\/2025\/03\/Foerndlibach_inp_2-300x169.jpg\" alt=\"\" width=\"300\" height=\"169\" srcset=\"https:\/\/peter-faessler.spschweiz.ch\/wp-content\/uploads\/sites\/15\/2025\/03\/Foerndlibach_inp_2-300x169.jpg 300w, https:\/\/peter-faessler.spschweiz.ch\/wp-content\/uploads\/sites\/15\/2025\/03\/Foerndlibach_inp_2-1024x576.jpg 1024w, https:\/\/peter-faessler.spschweiz.ch\/wp-content\/uploads\/sites\/15\/2025\/03\/Foerndlibach_inp_2-150x84.jpg 150w, https:\/\/peter-faessler.spschweiz.ch\/wp-content\/uploads\/sites\/15\/2025\/03\/Foerndlibach_inp_2-768x432.jpg 768w, https:\/\/peter-faessler.spschweiz.ch\/wp-content\/uploads\/sites\/15\/2025\/03\/Foerndlibach_inp_2-1536x864.jpg 1536w, https:\/\/peter-faessler.spschweiz.ch\/wp-content\/uploads\/sites\/15\/2025\/03\/Foerndlibach_inp_2-2048x1152.jpg 2048w\" sizes=\"auto, (max-width: 300px) 100vw, 300px\" \/><p id=\"caption-attachment-5916\" class=\"wp-caption-text\">Bild: Kanton Luzern<\/p><\/div>\n<p>Beim Begehen und Befahren des Xylofonwegs zwischen der Reussinsel Luzern und dem Nordpol in Reussb\u00fchl fallen in letzter Zeit viele B\u00e4ume auf, die Nagespuren aufweisen, die typisch f\u00fcr die Anwesenheit des Bibers sind. Unterdessen sind schon etliche dieser B\u00e4ume umgeknickt. Dieser ungew\u00f6hnliche Anblick am Ufer des Reussabschnitts ist ein erfreuliches Zeichen daf\u00fcr, dass es mit der Biodiversit\u00e4t in diesem von Verkehrswegen dominierten Flussbereiche vorw\u00e4rts geht. Biber sind nachtaktiv und daher selten zu sehen, doch ihre Spuren sind deutlich erkennbar. Gerade deshalb ist es wichtig, dass die Bev\u00f6lkerung \u00fcber den Nutzen der Biber f\u00fcr unsere Natur gut informiert ist. Denn der Biber kann durch seine Aktivit\u00e4ten Lebensraum f\u00fcr verschiedene Tiere und Pflanzen schaffen.<\/p>\n<div id=\"attachment_5917\" style=\"width: 310px\" class=\"wp-caption alignright\"><img loading=\"lazy\" decoding=\"async\" aria-describedby=\"caption-attachment-5917\" class=\"size-medium wp-image-5917\" src=\"http:\/\/peter-faessler.spschweiz.ch\/wp-content\/uploads\/sites\/15\/2025\/03\/Biber_ChAngst_4-300x168.jpg\" alt=\"\" width=\"300\" height=\"168\" srcset=\"https:\/\/peter-faessler.spschweiz.ch\/wp-content\/uploads\/sites\/15\/2025\/03\/Biber_ChAngst_4-300x168.jpg 300w, https:\/\/peter-faessler.spschweiz.ch\/wp-content\/uploads\/sites\/15\/2025\/03\/Biber_ChAngst_4-150x84.jpg 150w, https:\/\/peter-faessler.spschweiz.ch\/wp-content\/uploads\/sites\/15\/2025\/03\/Biber_ChAngst_4.jpg 469w\" sizes=\"auto, (max-width: 300px) 100vw, 300px\" \/><p id=\"caption-attachment-5917\" class=\"wp-caption-text\">Bild: Kanton Luzern<\/p><\/div>\n<p>Der Europ\u00e4ische Biber (Castor fiber) wurde in der Schweiz zu Beginn des 19. Jahrhunderts ausgerottet. Im Kanton Luzern leben erst seit 2006 wieder regelm\u00e4ssig Biber. Der Bestand ist in den letzten Jahren stetig gewachsen. Im Winter 2017\/2018 betrug er rund 75 Individuen, verteilt auf 27 Reviere.<\/p>\n<p>Zu diesem Thema haben wir folgende Fragen:<br \/>\n1. Wie verbreitet ist heute der Biber im Kanton Luzern?<br \/>\n2. Wie informiert und sensibilisiert der Kanton Luzern die Bev\u00f6lkerung \u00fcber und f\u00fcr die Anliegen der Biber, und wo setzt er dabei den Fokus an?<br \/>\n3. Wie wird der Biber heute im Kanton Luzern gesch\u00fctzt, und welche Herausforderungen bestehen hierbei?<br \/>\n4. Welche Massnahmen werden getroffen, um unerw\u00fcnschte Auswirkungen durch Biberbest\u00e4nde wie zum Beispiel Sch\u00e4den an Infrastruktur oder Landwirtschaft zu verhindern?<br \/>\n5. Welchen Einfluss auf den Schutz und die Verbreitung des Bibers hat die <a href=\"https:\/\/www.admin.ch\/gov\/de\/start\/dokumentation\/medienmitteilungen.msg-id-103542.html\" target=\"_blank\" rel=\"noopener\">revidierte Jagdverordnung<\/a> des Bundes im Kanton Luzern?<br \/>\n6. Welche konkreten Schritte sind geplant, um das <a href=\"https:\/\/lawa.lu.ch\/jagd\/wildtiere\/biber\/Bibermanagement_und_Konflikte\" target=\"_blank\" rel=\"noopener\">Managementkonzept Biber 3.02<\/a> aus dem Jahr 2018 zeitnah an die neue Jagdverordnung anzupassen?<\/p>\n<p>F\u00e4ssler Peter<br \/>\nHorat Marc, Engler Pia, Schuler Josef, Galbraith Sofia, B\u00fchler-H\u00e4fliger Sarah, Pilotto Maria, Elmiger Elin, Heselhaus Sabine, Irniger Barbara, Brunner Simone, Bolliger Roman, Waldvogel Gian<\/p>\n<p>Hier noch ein interessanter Link zu einem Video zum Biber: <a href=\"https:\/\/vimeo.com\/896145004\/b5a6c9bef2\" target=\"_blank\" rel=\"noopener\">CASTOR, la force de la nature<\/a><\/p>\n","protected":false},"excerpt":{"rendered":"<p>A 401 Anfrage F\u00e4ssler Peter und Mit. \u00fcber die Verbreitung und den Schutz des Bibers sowie die entsprechende Sensibilisierung der Bev\u00f6lkerung im Kanton Luzern er\u00f6ffnet&#8230;<\/p>\n","protected":false},"author":19,"featured_media":0,"comment_status":"open","ping_status":"open","sticky":false,"template":"","format":"standard","meta":{"footnotes":""},"categories":[22,101,30,21,27],"tags":[178,8,9,16,26,31,7,28],"class_list":["post-5912","post","type-post","status-publish","format-standard","hentry","category-kantonsrat-luzern","category-natur","category-parlament","category-politik","category-vorstoss-kantonsrat","tag-biber","tag-kanton-luzern","tag-kantonsrat","tag-kantonsrat-kanton-luzern","tag-kantonsratssession","tag-parlament","tag-politik","tag-vorstoss-kantonsrat"],"yoast_head":"<!-- This site is optimized with the Yoast SEO plugin v27.5 - https:\/\/yoast.com\/product\/yoast-seo-wordpress\/ -->\n<title>Anfrage F\u00e4ssler Peter und Mit. \u00fcber die Verbreitung und den Schutz des Bibers sowie die entsprechende Sensibilisierung der Bev\u00f6lkerung im Kanton Luzern - Peter F\u00e4ssler<\/title>\n<meta name=\"robots\" content=\"index, follow, max-snippet:-1, max-image-preview:large, max-video-preview:-1\" \/>\n<link rel=\"canonical\" href=\"https:\/\/peter-faessler.spschweiz.ch\/?p=5912\" \/>\n<meta property=\"og:locale\" content=\"de_DE\" \/>\n<meta property=\"og:type\" content=\"article\" \/>\n<meta property=\"og:title\" content=\"Anfrage F\u00e4ssler Peter und Mit. \u00fcber die Verbreitung und den Schutz des Bibers sowie die entsprechende Sensibilisierung der Bev\u00f6lkerung im Kanton Luzern - Peter F\u00e4ssler\" \/>\n<meta property=\"og:description\" content=\"A 401 Anfrage F\u00e4ssler Peter und Mit. \u00fcber die Verbreitung und den Schutz des Bibers sowie die entsprechende Sensibilisierung der Bev\u00f6lkerung im Kanton Luzern er\u00f6ffnet...\" \/>\n<meta property=\"og:url\" content=\"https:\/\/peter-faessler.spschweiz.ch\/?p=5912\" \/>\n<meta property=\"og:site_name\" content=\"Peter F\u00e4ssler\" \/>\n<meta property=\"article:author\" content=\"www.facebook.com\/peter.fassler.31\" \/>\n<meta property=\"article:published_time\" content=\"2025-03-27T07:45:44+00:00\" \/>\n<meta property=\"article:modified_time\" content=\"2025-03-27T16:23:25+00:00\" \/>\n<meta property=\"og:image\" content=\"https:\/\/peter-faessler.spschweiz.ch\/wp-content\/uploads\/sites\/15\/2025\/03\/Foerndlibach_inp_2.jpg\" \/>\n\t<meta property=\"og:image:width\" content=\"2559\" \/>\n\t<meta property=\"og:image:height\" content=\"1439\" \/>\n\t<meta property=\"og:image:type\" content=\"image\/jpeg\" \/>\n<meta name=\"author\" content=\"Peter F\u00e4ssler\" \/>\n<meta name=\"twitter:label1\" content=\"Verfasst von\" \/>\n\t<meta name=\"twitter:data1\" content=\"Peter F\u00e4ssler\" \/>\n\t<meta name=\"twitter:label2\" content=\"Gesch\u00e4tzte Lesezeit\" \/>\n\t<meta name=\"twitter:data2\" content=\"3\u00a0Minuten\" \/>\n<script type=\"application\/ld+json\" class=\"yoast-schema-graph\">{\"@context\":\"https:\\\/\\\/schema.org\",\"@graph\":[{\"@type\":\"Article\",\"@id\":\"https:\\\/\\\/peter-faessler.spschweiz.ch\\\/?p=5912#article\",\"isPartOf\":{\"@id\":\"https:\\\/\\\/peter-faessler.spschweiz.ch\\\/?p=5912\"},\"author\":{\"name\":\"Peter F\u00e4ssler\",\"@id\":\"https:\\\/\\\/peter-faessler.spschweiz.ch\\\/#\\\/schema\\\/person\\\/7ac2f764b1930b731c670e8a2393b60e\"},\"headline\":\"Anfrage F\u00e4ssler Peter und Mit. \u00fcber die Verbreitung und den Schutz des Bibers sowie die entsprechende Sensibilisierung der Bev\u00f6lkerung im Kanton Luzern\",\"datePublished\":\"2025-03-27T07:45:44+00:00\",\"dateModified\":\"2025-03-27T16:23:25+00:00\",\"mainEntityOfPage\":{\"@id\":\"https:\\\/\\\/peter-faessler.spschweiz.ch\\\/?p=5912\"},\"wordCount\":402,\"commentCount\":0,\"image\":{\"@id\":\"https:\\\/\\\/peter-faessler.spschweiz.ch\\\/?p=5912#primaryimage\"},\"thumbnailUrl\":\"http:\\\/\\\/peter-faessler.spschweiz.ch\\\/wp-content\\\/uploads\\\/sites\\\/15\\\/2025\\\/03\\\/Foerndlibach_inp_2-300x169.jpg\",\"keywords\":[\"Biber\",\"Kanton Luzern\",\"Kantonsrat\",\"Kantonsrat Kanton Luzern\",\"Kantonsratssession\",\"Parlament\",\"Politik\",\"Vorstoss Kantonsrat\"],\"articleSection\":[\"Kantonsrat Luzern\",\"Natur\",\"Parlament\",\"Politik\",\"Vorstoss Kantonsrat\"],\"inLanguage\":\"de\",\"potentialAction\":[{\"@type\":\"CommentAction\",\"name\":\"Comment\",\"target\":[\"https:\\\/\\\/peter-faessler.spschweiz.ch\\\/?p=5912#respond\"]}]},{\"@type\":\"WebPage\",\"@id\":\"https:\\\/\\\/peter-faessler.spschweiz.ch\\\/?p=5912\",\"url\":\"https:\\\/\\\/peter-faessler.spschweiz.ch\\\/?p=5912\",\"name\":\"Anfrage F\u00e4ssler Peter und Mit. \u00fcber die Verbreitung und den Schutz des Bibers sowie die entsprechende Sensibilisierung der Bev\u00f6lkerung im Kanton Luzern - Peter F\u00e4ssler\",\"isPartOf\":{\"@id\":\"https:\\\/\\\/peter-faessler.spschweiz.ch\\\/#website\"},\"primaryImageOfPage\":{\"@id\":\"https:\\\/\\\/peter-faessler.spschweiz.ch\\\/?p=5912#primaryimage\"},\"image\":{\"@id\":\"https:\\\/\\\/peter-faessler.spschweiz.ch\\\/?p=5912#primaryimage\"},\"thumbnailUrl\":\"http:\\\/\\\/peter-faessler.spschweiz.ch\\\/wp-content\\\/uploads\\\/sites\\\/15\\\/2025\\\/03\\\/Foerndlibach_inp_2-300x169.jpg\",\"datePublished\":\"2025-03-27T07:45:44+00:00\",\"dateModified\":\"2025-03-27T16:23:25+00:00\",\"author\":{\"@id\":\"https:\\\/\\\/peter-faessler.spschweiz.ch\\\/#\\\/schema\\\/person\\\/7ac2f764b1930b731c670e8a2393b60e\"},\"breadcrumb\":{\"@id\":\"https:\\\/\\\/peter-faessler.spschweiz.ch\\\/?p=5912#breadcrumb\"},\"inLanguage\":\"de\",\"potentialAction\":[{\"@type\":\"ReadAction\",\"target\":[\"https:\\\/\\\/peter-faessler.spschweiz.ch\\\/?p=5912\"]}]},{\"@type\":\"ImageObject\",\"inLanguage\":\"de\",\"@id\":\"https:\\\/\\\/peter-faessler.spschweiz.ch\\\/?p=5912#primaryimage\",\"url\":\"https:\\\/\\\/peter-faessler.spschweiz.ch\\\/wp-content\\\/uploads\\\/sites\\\/15\\\/2025\\\/03\\\/Foerndlibach_inp_2.jpg\",\"contentUrl\":\"https:\\\/\\\/peter-faessler.spschweiz.ch\\\/wp-content\\\/uploads\\\/sites\\\/15\\\/2025\\\/03\\\/Foerndlibach_inp_2.jpg\",\"width\":2559,\"height\":1439,\"caption\":\"Bild: Kanton Luzern\"},{\"@type\":\"BreadcrumbList\",\"@id\":\"https:\\\/\\\/peter-faessler.spschweiz.ch\\\/?p=5912#breadcrumb\",\"itemListElement\":[{\"@type\":\"ListItem\",\"position\":1,\"name\":\"Startseite\",\"item\":\"https:\\\/\\\/peter-faessler.spschweiz.ch\\\/\"},{\"@type\":\"ListItem\",\"position\":2,\"name\":\"Anfrage F\u00e4ssler Peter und Mit. \u00fcber die Verbreitung und den Schutz des Bibers sowie die entsprechende Sensibilisierung der Bev\u00f6lkerung im Kanton Luzern\"}]},{\"@type\":\"WebSite\",\"@id\":\"https:\\\/\\\/peter-faessler.spschweiz.ch\\\/#website\",\"url\":\"https:\\\/\\\/peter-faessler.spschweiz.ch\\\/\",\"name\":\"Peter F\u00e4ssler\",\"description\":\"SP Kantonsrat Kanton Luzern\",\"potentialAction\":[{\"@type\":\"SearchAction\",\"target\":{\"@type\":\"EntryPoint\",\"urlTemplate\":\"https:\\\/\\\/peter-faessler.spschweiz.ch\\\/?s={search_term_string}\"},\"query-input\":{\"@type\":\"PropertyValueSpecification\",\"valueRequired\":true,\"valueName\":\"search_term_string\"}}],\"inLanguage\":\"de\"},{\"@type\":\"Person\",\"@id\":\"https:\\\/\\\/peter-faessler.spschweiz.ch\\\/#\\\/schema\\\/person\\\/7ac2f764b1930b731c670e8a2393b60e\",\"name\":\"Peter F\u00e4ssler\",\"image\":{\"@type\":\"ImageObject\",\"inLanguage\":\"de\",\"@id\":\"https:\\\/\\\/secure.gravatar.com\\\/avatar\\\/9da8604da19b11812517d76f206166d47c5e180a26df2de36b8649168e128572?s=96&d=blank&r=g\",\"url\":\"https:\\\/\\\/secure.gravatar.com\\\/avatar\\\/9da8604da19b11812517d76f206166d47c5e180a26df2de36b8649168e128572?s=96&d=blank&r=g\",\"contentUrl\":\"https:\\\/\\\/secure.gravatar.com\\\/avatar\\\/9da8604da19b11812517d76f206166d47c5e180a26df2de36b8649168e128572?s=96&d=blank&r=g\",\"caption\":\"Peter F\u00e4ssler\"},\"description\":\"Peter F\u00e4ssler Schibiweg 7 6006 Luzern\",\"sameAs\":[\"www.facebook.com\\\/peter.fassler.31\",\"https:\\\/\\\/www.instagram.com\\\/peter.fassler.31\\\/\",\"https:\\\/\\\/www.linkedin.com\\\/in\\\/peter-fssler-2518a782\\\/\",\"https:\\\/\\\/x.com\\\/pfaessler56\"],\"url\":\"https:\\\/\\\/peter-faessler.spschweiz.ch\\\/?author=19\"}]}<\/script>\n<!-- \/ Yoast SEO plugin. -->","yoast_head_json":{"title":"Anfrage F\u00e4ssler Peter und Mit. \u00fcber die Verbreitung und den Schutz des Bibers sowie die entsprechende Sensibilisierung der Bev\u00f6lkerung im Kanton Luzern - Peter F\u00e4ssler","robots":{"index":"index","follow":"follow","max-snippet":"max-snippet:-1","max-image-preview":"max-image-preview:large","max-video-preview":"max-video-preview:-1"},"canonical":"https:\/\/peter-faessler.spschweiz.ch\/?p=5912","og_locale":"de_DE","og_type":"article","og_title":"Anfrage F\u00e4ssler Peter und Mit. \u00fcber die Verbreitung und den Schutz des Bibers sowie die entsprechende Sensibilisierung der Bev\u00f6lkerung im Kanton Luzern - Peter F\u00e4ssler","og_description":"A 401 Anfrage F\u00e4ssler Peter und Mit. \u00fcber die Verbreitung und den Schutz des Bibers sowie die entsprechende Sensibilisierung der Bev\u00f6lkerung im Kanton Luzern er\u00f6ffnet...","og_url":"https:\/\/peter-faessler.spschweiz.ch\/?p=5912","og_site_name":"Peter F\u00e4ssler","article_author":"www.facebook.com\/peter.fassler.31","article_published_time":"2025-03-27T07:45:44+00:00","article_modified_time":"2025-03-27T16:23:25+00:00","og_image":[{"width":2559,"height":1439,"url":"https:\/\/peter-faessler.spschweiz.ch\/wp-content\/uploads\/sites\/15\/2025\/03\/Foerndlibach_inp_2.jpg","type":"image\/jpeg"}],"author":"Peter F\u00e4ssler","twitter_misc":{"Verfasst von":"Peter F\u00e4ssler","Gesch\u00e4tzte Lesezeit":"3\u00a0Minuten"},"schema":{"@context":"https:\/\/schema.org","@graph":[{"@type":"Article","@id":"https:\/\/peter-faessler.spschweiz.ch\/?p=5912#article","isPartOf":{"@id":"https:\/\/peter-faessler.spschweiz.ch\/?p=5912"},"author":{"name":"Peter F\u00e4ssler","@id":"https:\/\/peter-faessler.spschweiz.ch\/#\/schema\/person\/7ac2f764b1930b731c670e8a2393b60e"},"headline":"Anfrage F\u00e4ssler Peter und Mit. \u00fcber die Verbreitung und den Schutz des Bibers sowie die entsprechende Sensibilisierung der Bev\u00f6lkerung im Kanton Luzern","datePublished":"2025-03-27T07:45:44+00:00","dateModified":"2025-03-27T16:23:25+00:00","mainEntityOfPage":{"@id":"https:\/\/peter-faessler.spschweiz.ch\/?p=5912"},"wordCount":402,"commentCount":0,"image":{"@id":"https:\/\/peter-faessler.spschweiz.ch\/?p=5912#primaryimage"},"thumbnailUrl":"http:\/\/peter-faessler.spschweiz.ch\/wp-content\/uploads\/sites\/15\/2025\/03\/Foerndlibach_inp_2-300x169.jpg","keywords":["Biber","Kanton Luzern","Kantonsrat","Kantonsrat Kanton Luzern","Kantonsratssession","Parlament","Politik","Vorstoss Kantonsrat"],"articleSection":["Kantonsrat Luzern","Natur","Parlament","Politik","Vorstoss Kantonsrat"],"inLanguage":"de","potentialAction":[{"@type":"CommentAction","name":"Comment","target":["https:\/\/peter-faessler.spschweiz.ch\/?p=5912#respond"]}]},{"@type":"WebPage","@id":"https:\/\/peter-faessler.spschweiz.ch\/?p=5912","url":"https:\/\/peter-faessler.spschweiz.ch\/?p=5912","name":"Anfrage F\u00e4ssler Peter und Mit. \u00fcber die Verbreitung und den Schutz des Bibers sowie die entsprechende Sensibilisierung der Bev\u00f6lkerung im Kanton Luzern - Peter F\u00e4ssler","isPartOf":{"@id":"https:\/\/peter-faessler.spschweiz.ch\/#website"},"primaryImageOfPage":{"@id":"https:\/\/peter-faessler.spschweiz.ch\/?p=5912#primaryimage"},"image":{"@id":"https:\/\/peter-faessler.spschweiz.ch\/?p=5912#primaryimage"},"thumbnailUrl":"http:\/\/peter-faessler.spschweiz.ch\/wp-content\/uploads\/sites\/15\/2025\/03\/Foerndlibach_inp_2-300x169.jpg","datePublished":"2025-03-27T07:45:44+00:00","dateModified":"2025-03-27T16:23:25+00:00","author":{"@id":"https:\/\/peter-faessler.spschweiz.ch\/#\/schema\/person\/7ac2f764b1930b731c670e8a2393b60e"},"breadcrumb":{"@id":"https:\/\/peter-faessler.spschweiz.ch\/?p=5912#breadcrumb"},"inLanguage":"de","potentialAction":[{"@type":"ReadAction","target":["https:\/\/peter-faessler.spschweiz.ch\/?p=5912"]}]},{"@type":"ImageObject","inLanguage":"de","@id":"https:\/\/peter-faessler.spschweiz.ch\/?p=5912#primaryimage","url":"https:\/\/peter-faessler.spschweiz.ch\/wp-content\/uploads\/sites\/15\/2025\/03\/Foerndlibach_inp_2.jpg","contentUrl":"https:\/\/peter-faessler.spschweiz.ch\/wp-content\/uploads\/sites\/15\/2025\/03\/Foerndlibach_inp_2.jpg","width":2559,"height":1439,"caption":"Bild: Kanton Luzern"},{"@type":"BreadcrumbList","@id":"https:\/\/peter-faessler.spschweiz.ch\/?p=5912#breadcrumb","itemListElement":[{"@type":"ListItem","position":1,"name":"Startseite","item":"https:\/\/peter-faessler.spschweiz.ch\/"},{"@type":"ListItem","position":2,"name":"Anfrage F\u00e4ssler Peter und Mit. \u00fcber die Verbreitung und den Schutz des Bibers sowie die entsprechende Sensibilisierung der Bev\u00f6lkerung im Kanton Luzern"}]},{"@type":"WebSite","@id":"https:\/\/peter-faessler.spschweiz.ch\/#website","url":"https:\/\/peter-faessler.spschweiz.ch\/","name":"Peter F\u00e4ssler","description":"SP Kantonsrat Kanton Luzern","potentialAction":[{"@type":"SearchAction","target":{"@type":"EntryPoint","urlTemplate":"https:\/\/peter-faessler.spschweiz.ch\/?s={search_term_string}"},"query-input":{"@type":"PropertyValueSpecification","valueRequired":true,"valueName":"search_term_string"}}],"inLanguage":"de"},{"@type":"Person","@id":"https:\/\/peter-faessler.spschweiz.ch\/#\/schema\/person\/7ac2f764b1930b731c670e8a2393b60e","name":"Peter F\u00e4ssler","image":{"@type":"ImageObject","inLanguage":"de","@id":"https:\/\/secure.gravatar.com\/avatar\/9da8604da19b11812517d76f206166d47c5e180a26df2de36b8649168e128572?s=96&d=blank&r=g","url":"https:\/\/secure.gravatar.com\/avatar\/9da8604da19b11812517d76f206166d47c5e180a26df2de36b8649168e128572?s=96&d=blank&r=g","contentUrl":"https:\/\/secure.gravatar.com\/avatar\/9da8604da19b11812517d76f206166d47c5e180a26df2de36b8649168e128572?s=96&d=blank&r=g","caption":"Peter F\u00e4ssler"},"description":"Peter F\u00e4ssler Schibiweg 7 6006 Luzern","sameAs":["www.facebook.com\/peter.fassler.31","https:\/\/www.instagram.com\/peter.fassler.31\/","https:\/\/www.linkedin.com\/in\/peter-fssler-2518a782\/","https:\/\/x.com\/pfaessler56"],"url":"https:\/\/peter-faessler.spschweiz.ch\/?author=19"}]}},"_links":{"self":[{"href":"https:\/\/peter-faessler.spschweiz.ch\/index.php?rest_route=\/wp\/v2\/posts\/5912","targetHints":{"allow":["GET"]}}],"collection":[{"href":"https:\/\/peter-faessler.spschweiz.ch\/index.php?rest_route=\/wp\/v2\/posts"}],"about":[{"href":"https:\/\/peter-faessler.spschweiz.ch\/index.php?rest_route=\/wp\/v2\/types\/post"}],"author":[{"embeddable":true,"href":"https:\/\/peter-faessler.spschweiz.ch\/index.php?rest_route=\/wp\/v2\/users\/19"}],"replies":[{"embeddable":true,"href":"https:\/\/peter-faessler.spschweiz.ch\/index.php?rest_route=%2Fwp%2Fv2%2Fcomments&post=5912"}],"version-history":[{"count":6,"href":"https:\/\/peter-faessler.spschweiz.ch\/index.php?rest_route=\/wp\/v2\/posts\/5912\/revisions"}],"predecessor-version":[{"id":5920,"href":"https:\/\/peter-faessler.spschweiz.ch\/index.php?rest_route=\/wp\/v2\/posts\/5912\/revisions\/5920"}],"wp:attachment":[{"href":"https:\/\/peter-faessler.spschweiz.ch\/index.php?rest_route=%2Fwp%2Fv2%2Fmedia&parent=5912"}],"wp:term":[{"taxonomy":"category","embeddable":true,"href":"https:\/\/peter-faessler.spschweiz.ch\/index.php?rest_route=%2Fwp%2Fv2%2Fcategories&post=5912"},{"taxonomy":"post_tag","embeddable":true,"href":"https:\/\/peter-faessler.spschweiz.ch\/index.php?rest_route=%2Fwp%2Fv2%2Ftags&post=5912"}],"curies":[{"name":"wp","href":"https:\/\/api.w.org\/{rel}","templated":true}]}}