{"id":5922,"date":"2025-05-26T20:47:13","date_gmt":"2025-05-26T18:47:13","guid":{"rendered":"https:\/\/peter-faessler.spschweiz.ch\/?p=5922"},"modified":"2025-05-26T20:47:13","modified_gmt":"2025-05-26T18:47:13","slug":"mai-session-des-luzerner-kantonsrates-vom-12-und-13-mai-2025","status":"publish","type":"post","link":"https:\/\/peter-faessler.spschweiz.ch\/?p=5922","title":{"rendered":"Mai-Session des Luzerner Kantonsrates vom 12. und 13. Mai 2025"},"content":{"rendered":"<h1>Kurzprotokoll<\/h1>\n<h2>Session vom 12.\/13 Mai 2025<\/h2>\n<p>Stand 13. Mai 2025<\/p>\n<h3>Traktanden<\/h3>\n<h4>Sachgesch\u00e4fte und dazugeh\u00f6rende parlamentarische Vorst\u00f6sse<\/h4>\n<p>1.<\/p>\n<p>Er\u00f6ffnet wurden:<\/p>\n<p>&#8211; 29 Vorst\u00f6sse<\/p>\n<p>&#8211; R\u00fccktritt von Claudia Wedekind, Ermensee, als Kantonsr\u00e4tin per 16. Juni 2025<\/p>\n<p>&#8211; R\u00fccktritt von Inge Lichtsteiner-Achermann, Egolzwil, als Kantonsr\u00e4tin per 16. Juni 2025<\/p>\n<p>&#8211; Vereidigung von Roland Broch, Kottwil, als Kantonsrat<\/p>\n<p>&#8211; Vereidigung von Eva Lichtsteiner, Willisau, als Kantonsr\u00e4tin<\/p>\n<p>&#8211; Simone Brunner, Luzern, \u00fcbernimmt per 1. Juli 2025 das Amt der SP-Fraktionspr\u00e4sidentin (Nachfolge Marcel Budmiger, Luzern)<\/p>\n<p>&#8211; Patrick Hauser, Luzern, \u00fcbernimmt per 1. Juli 2025 das Amt des FDP-Fraktionspr\u00e4sidenten (Nachfolge Georg Dubach, Luzern)<\/p>\n<p>&#8211; Hinschied von alt Grossrat Kurt Irniger-Castioni, Emmenbr\u00fccke<\/p>\n<p>&#8211; Hinschied von alt Grossrat Oskar Ferdinand Kaeslin, Horw<\/p>\n<p>&#8211; Petition \u00fcber die Cybersicherheit am Luzerner Kantonsspital und an anderen Spit\u00e4lern<\/p>\n<ol start=\"2\">\n<li>\n<h4>Beschlussfassung \u00fcber die dringliche Behandlung parlamentarischer Vorst\u00f6sse<\/h4>\n<\/li>\n<\/ol>\n<p>Es wurden keine Vorst\u00f6sse dringlich erkl\u00e4rt.<\/p>\n<ol start=\"3\">\n<li>B 42 A Volksinitiative \u00abBezahlbare Kitas f\u00fcr alle\u00bb und Gegenentwurf; Entwurf Kantonsratsbeschluss und Gegenentwurf in Form eines neuen Gesetzes \u00fcber die familienerg\u00e4nzende Kinderbetreuung (Kinderbetreuungsgesetz, KiBeG) &#8211; Entwurf Kantonsratsbeschluss \/ Gesundheits- und Sozialdepartement<br \/>\nKommission Gesundheit, Arbeit und soziale Sicherheit<br \/>\nBeschluss Kantonsrat: Die Abstimmung erfolgt an der Juni-Session 2025.<\/li>\n<li>B 42 B Volksinitiative \u00abBezahlbare Kitas f\u00fcr alle\u00bb und Gegenentwurf; Entwurf Kantonsratsbeschluss und Gegenentwurf in Form eines neuen Gesetzes \u00fcber die familienerg\u00e4nzende Kinderbetreuung (Kinderbetreuungsgesetz, KiBeG) &#8211; Gegenentwurf in der Form einer \u00c4nderung des Gesetzes \u00fcber die familienerg\u00e4nzende Kinderbetreuung \/ Gesundheits- und Sozialdepartement<br \/>\nKommission Gesundheit, Arbeit und soziale Sicherheit<br \/>\nBeschluss Kantonsrat: Zustimmung<\/li>\n<li>P 431 Postulat Engler Pia namens der Kommission Gesundheit, Arbeit und soziale Sicherheit (GASK) \u00fcber die Anrechnung von Vorpraktika im Betreuungsschl\u00fcssel von Kitas \/ Gesundheits- und Sozialdepartement<br \/>\nAntrag Regierungsrat: Erheblicherkl\u00e4rung<br \/>\nBeschluss Kantonsrat: Erheblicherkl\u00e4rung<\/li>\n<li>B 43 Ausgleichszahlungen des Kantons an die Gemeinden im Zeitraum 2025\u20132028 im Bereich Wasserbau; Entwurf Dekret \u00fcber einen Sonderkredit \/Bau-, Umwelt- und Wirtschaftsdepartement<br \/>\nKommission Verkehr und Bau<br \/>\nBeschluss Kantonsrat: Zustimmung<\/li>\n<li>B 47 Teilverzicht auf R\u00fcckforderung von Covid-19-H\u00e4rtefallgeldern aus bedingter Gewinnbeteiligung; Entwurf Dekret \u00fcber einen Einnahmeverzicht \/ Bau-, Umwelt- und Wirtschaftsdepartement<br \/>\nKommission Wirtschaft und Abgaben<br \/>\nBeschluss Kantonsrat: Zustimmung<\/li>\n<li>B 45 Erh\u00f6hung der Zahl der Staatsanw\u00e4ltinnen und -anw\u00e4lte; Entwurf \u00c4nderung des Kantonsratsbeschlusses \u00fcber die Zahl und den Besch\u00e4ftigungsgrad der Staatsanw\u00e4ltinnen und -anw\u00e4lte und der Jugendanw\u00e4ltinnen und -anw\u00e4lte \/ Justiz- und Sicherheitsdepartement<br \/>\nKommission Justiz und Sicherheit<br \/>\nBeschluss Kantonsrat: Zustimmung<\/li>\n<li>Petition \u00fcber den Schutz vor Fake News in sozialen Medien<br \/>\nKommission Erziehung, Bildung und Kultur<br \/>\nBeschluss Kantonsrat: Kenntnisnahme des Kommissionsberichts<\/li>\n<li>Petition \u00fcber einen Solidarit\u00e4tsbeitrag f\u00fcr Opfer f\u00fcrsorgerischer Zwangsmassnahmen<br \/>\nKommission Gesundheit, Arbeit und soziale Sicherheit<br \/>\nBeschluss Kantonsrat: Kenntnisnahme der Petition<\/li>\n<li>Petition \u00fcber die Cybersicherheit am Luzerner Kantonsspital und an anderen Spit\u00e4lern<br \/>\nKommission Gesundheit, Arbeit und soziale Sicherheit<br \/>\nBeschluss Kantonsrat: Kenntnisnahme der Petition<\/li>\n<li>Wechsel in st\u00e4ndigen Kommissionen der Legislatur 2023\u20132027<\/li>\n<\/ol>\n<p>Beschluss Kantonsrat:<br \/>\n&#8211; Hella Schnider, Fl\u00fchli wird neues Mitglied der Kommission Raumplanung, Umwelt und Energie (RUEK, anstelle von Thomas Gr\u00fcter, St. Urban)<br \/>\n&#8211; Roland Broch, Kottwil, wird neues Mitglied der Kommission Justiz und Sicherheit (JSK, anstelle von Hella Schnider, Fl\u00fchli)<br \/>\n&#8211; Eva Lichtsteiner, Willisau, wird neues Mitglied der Pr\u00fcf- und Finanzkommission (PFK, anstelle von Thomas Kummer, Willisau)<\/p>\n<h4>Wahlen<\/h4>\n<ol start=\"13\">\n<li>Wahl des Pr\u00e4sidenten und des Vizepr\u00e4sidenten des Kantonsgerichtes f\u00fcr die Amtsdauer 2025\u20132027 (1. Juni 2025 bis 31. Mai 2027)<br \/>\nGew\u00e4hlt ist: als Pr\u00e4sident: Patrick M\u00fcller, 1962, Horw, SVP<br \/>\nals Vizepr\u00e4sident: Peter Arnold, 1966, Luzern, FDP<\/li>\n<li>Wahl einer Richterin \/ eines Richters am Kriminalgericht f\u00fcr den Rest der Amtsdauer 2023\u20132026 (Nachfolge Jacqueline Covaci, Die Mitte)<br \/>\nGew\u00e4hlt ist: Victoria Schl\u00fcssel, 1979, Dagmersellen, Die Mitte<\/li>\n<li>Wahl einer Richterin \/ eines Richters am Bezirksgericht Willisau f\u00fcr den Rest der Amtsdauer 2023\u20132026 (Nachfolge Ariane Nosetti-Kaufmann, Die Mitte)<br \/>\nGew\u00e4hlt ist: Sabrina Anissa M\u00fcller-Kabouya, 1982, Ebikon, Die Mitte<\/li>\n<li>Wahl einer Richterin \/ eines Richters am Bezirksgericht Willisau f\u00fcr den Rest der Amtsdauer 2023\u20132026 (Nachfolge Matthias H\u00e4fliger, Die Mitte)<br \/>\nGew\u00e4hlt ist: Dominik Keller, 1994, Emmen, Die Mitte<\/li>\n<li>Wahl einer Richterin \/ eines Richters am Bezirksgericht Luzern f\u00fcr den Rest der Amtsdauer 2023\u20132026 (Nachfolge Andr\u00e9 Zumthurm, FDP)<br \/>\nGew\u00e4hlt ist: Moritz Oehen, 1988, Luzern, FDP<\/li>\n<li>Wahl eines ausserordentlichen Ersatzrichters am Kantonsgericht Luzern f\u00fcr die Amtsdauer 2025\u20132029<br \/>\nGew\u00e4hlt ist: Andr\u00e9 Zumthurm, 1969, Neudorf, FDP<\/li>\n<\/ol>\n<h4>Parlamentarische Vorst\u00f6sse<\/h4>\n<ol start=\"19\">\n<li>A 282 Anfrage Schnider Hella und Mit \u00fcber den Stand des schul\u00e4rztlichen Dienstes im Kanton Luzern \/ Gesundheits- und Sozialdepartement<br \/>\nDie Anfrage wurde vom Regierungsrat schriftlich beantwortet. Die Anfragende ist mit der Antwort teilweise zufrieden. Diskussion.<\/li>\n<li>A 344 Anfrage Heselhaus Sabine und Mit. \u00fcber die Grundwasserqualit\u00e4t und die Trinkwassersicherheit im Kanton Luzern \/ Gesundheits- und Sozialdepartement i. V. mit Bau-, Umwelt- und Wirtschaftsdepartement<br \/>\nDie Anfrage wurde vom Regierungsrat schriftlich beantwortet. Die Anfragende ist mit der Antwort teilweise zufrieden. Diskussion.<\/li>\n<li>P 366 Postulat Muff Sara und Mit. \u00fcber die Erstellung eines Aktionsplanes zum Umgang mit per- und polyfluorierten Alkylsubstanzen (PFAS) \/ Bau-, Umwelt- und Wirtschaftsdepartement<br \/>\nAntrag Regierungsrat: Erheblicherkl\u00e4rung<br \/>\nBeschluss Kantonsrat: Erheblicherkl\u00e4rung<\/li>\n<li>P 233 Postulat Steiner Bernhard und Mit. \u00fcber ungepr\u00fcfte und nicht verursachergerechte Anschlussgeb\u00fchren der Wasserversorger \/ Bau-, Umwelt- und Wirtschaftsdepartement<br \/>\nAntrag Regierungsrat: Ablehnung<br \/>\nBeschluss Kantonsrat: Ablehnung<\/li>\n<li>P 278 Postulat Forster Eva und Mit. \u00fcber Anreize zur Winterstromproduktion durch Photovoltaikanlagen \/ Bau-, Umwelt- und Wirtschaftsdepartement<br \/>\nAntrag Regierungsrat: Teilweise Erheblicherkl\u00e4rung<br \/>\nBeschluss Kantonsrat: Teilweise Erheblicherkl\u00e4rung<\/li>\n<li>A 286 Anfrage L\u00fcthold Angela und Mit. \u00fcber die Tarifgestaltung des Stroms \/ Bau-, Umwelt- und Wirtschaftsdepartement<br \/>\nDie Anfrage wurde vom Regierungsrat schriftlich beantwortet. Die Anfragende ist mit der Antwort teilweise zufrieden. Diskussion.<\/li>\n<li>A 287 Anfrage Kurmann Michael und Mit. \u00fcber die \u00dcberpr\u00fcfung des Baulandbedarfs in den R\u00fcckzonungsgemeinden des Kantons Luzern \/ Bau-, Umwelt- und Wirtschaftsdepartement<br \/>\nDie Anfrage wurde vom Regierungsrat schriftlich beantwortet. Der Anfragende ist mit der Antwort teilweise zufrieden. Diskussion.<\/li>\n<li>A 315 Anfrage Pf\u00e4ffli Andrea und Mit. \u00fcber die Situation von (Cyber-)Stalking im Kanton Luzern \/ Justiz- und Sicherheitsdepartement i. V. mit Gesundheits- und Sozialdepartement<br \/>\nDie Anfrage wurde vom Regierungsrat schriftlich beantwortet. Die Anfragende ist mit der Antwort teilweise zufrieden. Diskussion.<\/li>\n<li>M 283 Motion Boog Luca und Mit. \u00fcber Tracking von straff\u00e4lligen Asylsuchenden \/ Justiz- und Sicherheitsdepartement i. V. mit Gesundheits- und Sozialdepartement<br \/>\nAntrag Regierungsrat: Ablehnung<br \/>\nBeschluss Kantonsrat: Erheblicherkl\u00e4rung<\/li>\n<li>A 330 Anfrage Spring Laura und Mit. \u00fcber den Stand der Regularisierung von Sans-Papiers im Kanton Luzern \/ Justiz- und Sicherheitsdepartement<br \/>\nDie Anfrage wurde vom Regierungsrat schriftlich beantwortet. Die Anfragende ist mit der Antwort zufrieden. Keine Diskussion.<\/li>\n<li>M 359 Motion Wicki Martin und Mit. \u00fcber die Einreichung einer Standesinitiative f\u00fcr die Schaffung einer Rechtsgrundlage f\u00fcr die automatische Fahrzeugfahndung \/ Justiz- und Sicherheitsdepartement<br \/>\nAntrag Regierungsrat: Erheblicherkl\u00e4rung<br \/>\nBeschluss Kantonsrat: Erheblicherkl\u00e4rung<\/li>\n<li>P 388 Postulat Schnider Hella und Mit. \u00fcber die Forderung nach einer Unterbrechung und damit verbundenen Evaluation des Stationierungskonzeptes aus B 131 (Planungsbericht Lupol 2022) sowie nach einer Einleitung allf\u00e4lliger Unterst\u00fctzungsmassnahmen und Fristverl\u00e4ngerungen bei der Umsetzung \/ Justiz- und Sicherheitsdepartement<br \/>\nAntrag Regierungsrat: Ablehnung wegen Erf\u00fcllung<br \/>\nBeschluss Kantonsrat: Ablehnung<\/li>\n<li>P 144 Postulat Estermann Rahel und Mit. \u00fcber die Abschaffung der p\u00e4pstlichen Privilegien des Kantons Luzern \/ Bildungs- und Kulturdepartement<br \/>\nAntrag Regierungsrat: Teilweise Erheblicherkl\u00e4rung<br \/>\nBeschluss Kantonsrat: Teilweise Erheblicherkl\u00e4rung<\/li>\n<li>M 36 Motion Schnider-Schnider Gabriela und Mit. \u00fcber die Schaffung einer ganzheitlichen Finanzierungsregelung f\u00fcr die Kulturf\u00f6rderung im Kanton Luzern \/ Bildungs- und Kulturdepartement<br \/>\nAntrag Regierungsrat: Teilweise Erheblicherkl\u00e4rung<br \/>\nBeschluss Kantonsrat: Teilweise Erheblicherkl\u00e4rung<\/li>\n<li>A 284 Anfrage Gut-Rogger Ramona und Mit. \u00fcber zukunftsf\u00e4hige Volksschule: Chancengerechtigkeit unserer Kinder in allen Gemeinden \/ Bildungs- und Kulturdepartement<br \/>\nDie Anfrage wurde vom Regierungsrat schriftlich beantwortet. Die Anfragende ist mit der Antwort teilweise zufrieden. Diskussion.<\/li>\n<li>A 281 Anfrage Jung Gerda und Mit. \u00fcber die Finanzierung des Sonderschulpools \/ Bildungs- und Kulturdepartement<br \/>\nDie Anfrage wurde vom Regierungsrat schriftlich beantwortet. Die Anfragende ist mit der Antwort zufrieden. Keine Diskussion.<\/li>\n<\/ol>\n","protected":false},"excerpt":{"rendered":"<p>Kurzprotokoll Session vom 12.\/13 Mai 2025 Stand 13. Mai 2025 Traktanden Sachgesch\u00e4fte und dazugeh\u00f6rende parlamentarische Vorst\u00f6sse 1. Er\u00f6ffnet wurden: &#8211; 29 Vorst\u00f6sse &#8211; R\u00fccktritt von&#8230;<\/p>\n","protected":false},"author":19,"featured_media":5663,"comment_status":"open","ping_status":"open","sticky":false,"template":"","format":"standard","meta":{"footnotes":""},"categories":[22,23,30,21,25,127,128],"tags":[8,9,16,19,26,31,7,10,15],"class_list":["post-5922","post","type-post","status-publish","format-standard","has-post-thumbnail","hentry","category-kantonsrat-luzern","category-kantonsratsession","category-parlament","category-politik","category-session-kantonsrat-luzern","category-sp-kanton-luzern","category-sp-kantonsratsfraktion","tag-kanton-luzern","tag-kantonsrat","tag-kantonsrat-kanton-luzern","tag-kantonsrat-luzern","tag-kantonsratssession","tag-parlament","tag-politik","tag-session","tag-sp"],"yoast_head":"<!-- This site is optimized with the Yoast SEO plugin v27.5 - https:\/\/yoast.com\/product\/yoast-seo-wordpress\/ -->\n<title>Mai-Session des Luzerner Kantonsrates vom 12. und 13. Mai 2025 - Peter F\u00e4ssler<\/title>\n<meta name=\"robots\" content=\"index, follow, max-snippet:-1, max-image-preview:large, max-video-preview:-1\" \/>\n<link rel=\"canonical\" href=\"https:\/\/peter-faessler.spschweiz.ch\/?p=5922\" \/>\n<meta property=\"og:locale\" content=\"de_DE\" \/>\n<meta property=\"og:type\" content=\"article\" \/>\n<meta property=\"og:title\" content=\"Mai-Session des Luzerner Kantonsrates vom 12. und 13. Mai 2025 - Peter F\u00e4ssler\" \/>\n<meta property=\"og:description\" content=\"Kurzprotokoll Session vom 12.\/13 Mai 2025 Stand 13. Mai 2025 Traktanden Sachgesch\u00e4fte und dazugeh\u00f6rende parlamentarische Vorst\u00f6sse 1. Er\u00f6ffnet wurden: &#8211; 29 Vorst\u00f6sse &#8211; R\u00fccktritt von...\" \/>\n<meta property=\"og:url\" content=\"https:\/\/peter-faessler.spschweiz.ch\/?p=5922\" \/>\n<meta property=\"og:site_name\" content=\"Peter F\u00e4ssler\" \/>\n<meta property=\"article:author\" content=\"www.facebook.com\/peter.fassler.31\" \/>\n<meta property=\"article:published_time\" content=\"2025-05-26T18:47:13+00:00\" \/>\n<meta property=\"og:image\" content=\"http:\/\/peter-faessler.spschweiz.ch\/wp-content\/uploads\/sites\/15\/2024\/05\/KR_Parlamentsgeschaefte.jpg\" \/>\n\t<meta property=\"og:image:width\" content=\"1280\" \/>\n\t<meta property=\"og:image:height\" content=\"720\" \/>\n\t<meta property=\"og:image:type\" content=\"image\/jpeg\" \/>\n<meta name=\"author\" content=\"Peter F\u00e4ssler\" \/>\n<meta name=\"twitter:label1\" content=\"Verfasst von\" \/>\n\t<meta name=\"twitter:data1\" content=\"Peter F\u00e4ssler\" \/>\n\t<meta name=\"twitter:label2\" content=\"Gesch\u00e4tzte Lesezeit\" \/>\n\t<meta name=\"twitter:data2\" content=\"7\u00a0Minuten\" \/>\n<script type=\"application\/ld+json\" class=\"yoast-schema-graph\">{\"@context\":\"https:\\\/\\\/schema.org\",\"@graph\":[{\"@type\":\"Article\",\"@id\":\"https:\\\/\\\/peter-faessler.spschweiz.ch\\\/?p=5922#article\",\"isPartOf\":{\"@id\":\"https:\\\/\\\/peter-faessler.spschweiz.ch\\\/?p=5922\"},\"author\":{\"name\":\"Peter F\u00e4ssler\",\"@id\":\"https:\\\/\\\/peter-faessler.spschweiz.ch\\\/#\\\/schema\\\/person\\\/7ac2f764b1930b731c670e8a2393b60e\"},\"headline\":\"Mai-Session des Luzerner Kantonsrates vom 12. und 13. Mai 2025\",\"datePublished\":\"2025-05-26T18:47:13+00:00\",\"mainEntityOfPage\":{\"@id\":\"https:\\\/\\\/peter-faessler.spschweiz.ch\\\/?p=5922\"},\"wordCount\":1223,\"commentCount\":0,\"image\":{\"@id\":\"https:\\\/\\\/peter-faessler.spschweiz.ch\\\/?p=5922#primaryimage\"},\"thumbnailUrl\":\"https:\\\/\\\/peter-faessler.spschweiz.ch\\\/wp-content\\\/uploads\\\/sites\\\/15\\\/2024\\\/05\\\/KR_Parlamentsgeschaefte.jpg\",\"keywords\":[\"Kanton Luzern\",\"Kantonsrat\",\"Kantonsrat Kanton Luzern\",\"Kantonsrat Luzern\",\"Kantonsratssession\",\"Parlament\",\"Politik\",\"Session\",\"SP\"],\"articleSection\":[\"Kantonsrat Luzern\",\"Kantonsratsession\",\"Parlament\",\"Politik\",\"Session Kantonsrat Luzern\",\"SP Kanton Luzern\",\"SP Kantonsratsfraktion\"],\"inLanguage\":\"de\",\"potentialAction\":[{\"@type\":\"CommentAction\",\"name\":\"Comment\",\"target\":[\"https:\\\/\\\/peter-faessler.spschweiz.ch\\\/?p=5922#respond\"]}]},{\"@type\":\"WebPage\",\"@id\":\"https:\\\/\\\/peter-faessler.spschweiz.ch\\\/?p=5922\",\"url\":\"https:\\\/\\\/peter-faessler.spschweiz.ch\\\/?p=5922\",\"name\":\"Mai-Session des Luzerner Kantonsrates vom 12. und 13. Mai 2025 - Peter F\u00e4ssler\",\"isPartOf\":{\"@id\":\"https:\\\/\\\/peter-faessler.spschweiz.ch\\\/#website\"},\"primaryImageOfPage\":{\"@id\":\"https:\\\/\\\/peter-faessler.spschweiz.ch\\\/?p=5922#primaryimage\"},\"image\":{\"@id\":\"https:\\\/\\\/peter-faessler.spschweiz.ch\\\/?p=5922#primaryimage\"},\"thumbnailUrl\":\"https:\\\/\\\/peter-faessler.spschweiz.ch\\\/wp-content\\\/uploads\\\/sites\\\/15\\\/2024\\\/05\\\/KR_Parlamentsgeschaefte.jpg\",\"datePublished\":\"2025-05-26T18:47:13+00:00\",\"author\":{\"@id\":\"https:\\\/\\\/peter-faessler.spschweiz.ch\\\/#\\\/schema\\\/person\\\/7ac2f764b1930b731c670e8a2393b60e\"},\"breadcrumb\":{\"@id\":\"https:\\\/\\\/peter-faessler.spschweiz.ch\\\/?p=5922#breadcrumb\"},\"inLanguage\":\"de\",\"potentialAction\":[{\"@type\":\"ReadAction\",\"target\":[\"https:\\\/\\\/peter-faessler.spschweiz.ch\\\/?p=5922\"]}]},{\"@type\":\"ImageObject\",\"inLanguage\":\"de\",\"@id\":\"https:\\\/\\\/peter-faessler.spschweiz.ch\\\/?p=5922#primaryimage\",\"url\":\"https:\\\/\\\/peter-faessler.spschweiz.ch\\\/wp-content\\\/uploads\\\/sites\\\/15\\\/2024\\\/05\\\/KR_Parlamentsgeschaefte.jpg\",\"contentUrl\":\"https:\\\/\\\/peter-faessler.spschweiz.ch\\\/wp-content\\\/uploads\\\/sites\\\/15\\\/2024\\\/05\\\/KR_Parlamentsgeschaefte.jpg\",\"width\":1280,\"height\":720,\"caption\":\"Bild: Kanton Luzern\"},{\"@type\":\"BreadcrumbList\",\"@id\":\"https:\\\/\\\/peter-faessler.spschweiz.ch\\\/?p=5922#breadcrumb\",\"itemListElement\":[{\"@type\":\"ListItem\",\"position\":1,\"name\":\"Startseite\",\"item\":\"https:\\\/\\\/peter-faessler.spschweiz.ch\\\/\"},{\"@type\":\"ListItem\",\"position\":2,\"name\":\"Mai-Session des Luzerner Kantonsrates vom 12. und 13. Mai 2025\"}]},{\"@type\":\"WebSite\",\"@id\":\"https:\\\/\\\/peter-faessler.spschweiz.ch\\\/#website\",\"url\":\"https:\\\/\\\/peter-faessler.spschweiz.ch\\\/\",\"name\":\"Peter F\u00e4ssler\",\"description\":\"SP Kantonsrat Kanton Luzern\",\"potentialAction\":[{\"@type\":\"SearchAction\",\"target\":{\"@type\":\"EntryPoint\",\"urlTemplate\":\"https:\\\/\\\/peter-faessler.spschweiz.ch\\\/?s={search_term_string}\"},\"query-input\":{\"@type\":\"PropertyValueSpecification\",\"valueRequired\":true,\"valueName\":\"search_term_string\"}}],\"inLanguage\":\"de\"},{\"@type\":\"Person\",\"@id\":\"https:\\\/\\\/peter-faessler.spschweiz.ch\\\/#\\\/schema\\\/person\\\/7ac2f764b1930b731c670e8a2393b60e\",\"name\":\"Peter F\u00e4ssler\",\"image\":{\"@type\":\"ImageObject\",\"inLanguage\":\"de\",\"@id\":\"https:\\\/\\\/secure.gravatar.com\\\/avatar\\\/9da8604da19b11812517d76f206166d47c5e180a26df2de36b8649168e128572?s=96&d=blank&r=g\",\"url\":\"https:\\\/\\\/secure.gravatar.com\\\/avatar\\\/9da8604da19b11812517d76f206166d47c5e180a26df2de36b8649168e128572?s=96&d=blank&r=g\",\"contentUrl\":\"https:\\\/\\\/secure.gravatar.com\\\/avatar\\\/9da8604da19b11812517d76f206166d47c5e180a26df2de36b8649168e128572?s=96&d=blank&r=g\",\"caption\":\"Peter F\u00e4ssler\"},\"description\":\"Peter F\u00e4ssler Schibiweg 7 6006 Luzern\",\"sameAs\":[\"www.facebook.com\\\/peter.fassler.31\",\"https:\\\/\\\/www.instagram.com\\\/peter.fassler.31\\\/\",\"https:\\\/\\\/www.linkedin.com\\\/in\\\/peter-fssler-2518a782\\\/\",\"https:\\\/\\\/x.com\\\/pfaessler56\"],\"url\":\"https:\\\/\\\/peter-faessler.spschweiz.ch\\\/?author=19\"}]}<\/script>\n<!-- \/ Yoast SEO plugin. -->","yoast_head_json":{"title":"Mai-Session des Luzerner Kantonsrates vom 12. und 13. Mai 2025 - Peter F\u00e4ssler","robots":{"index":"index","follow":"follow","max-snippet":"max-snippet:-1","max-image-preview":"max-image-preview:large","max-video-preview":"max-video-preview:-1"},"canonical":"https:\/\/peter-faessler.spschweiz.ch\/?p=5922","og_locale":"de_DE","og_type":"article","og_title":"Mai-Session des Luzerner Kantonsrates vom 12. und 13. Mai 2025 - Peter F\u00e4ssler","og_description":"Kurzprotokoll Session vom 12.\/13 Mai 2025 Stand 13. Mai 2025 Traktanden Sachgesch\u00e4fte und dazugeh\u00f6rende parlamentarische Vorst\u00f6sse 1. Er\u00f6ffnet wurden: &#8211; 29 Vorst\u00f6sse &#8211; R\u00fccktritt von...","og_url":"https:\/\/peter-faessler.spschweiz.ch\/?p=5922","og_site_name":"Peter F\u00e4ssler","article_author":"www.facebook.com\/peter.fassler.31","article_published_time":"2025-05-26T18:47:13+00:00","og_image":[{"width":1280,"height":720,"url":"http:\/\/peter-faessler.spschweiz.ch\/wp-content\/uploads\/sites\/15\/2024\/05\/KR_Parlamentsgeschaefte.jpg","type":"image\/jpeg"}],"author":"Peter F\u00e4ssler","twitter_misc":{"Verfasst von":"Peter F\u00e4ssler","Gesch\u00e4tzte Lesezeit":"7\u00a0Minuten"},"schema":{"@context":"https:\/\/schema.org","@graph":[{"@type":"Article","@id":"https:\/\/peter-faessler.spschweiz.ch\/?p=5922#article","isPartOf":{"@id":"https:\/\/peter-faessler.spschweiz.ch\/?p=5922"},"author":{"name":"Peter F\u00e4ssler","@id":"https:\/\/peter-faessler.spschweiz.ch\/#\/schema\/person\/7ac2f764b1930b731c670e8a2393b60e"},"headline":"Mai-Session des Luzerner Kantonsrates vom 12. und 13. Mai 2025","datePublished":"2025-05-26T18:47:13+00:00","mainEntityOfPage":{"@id":"https:\/\/peter-faessler.spschweiz.ch\/?p=5922"},"wordCount":1223,"commentCount":0,"image":{"@id":"https:\/\/peter-faessler.spschweiz.ch\/?p=5922#primaryimage"},"thumbnailUrl":"https:\/\/peter-faessler.spschweiz.ch\/wp-content\/uploads\/sites\/15\/2024\/05\/KR_Parlamentsgeschaefte.jpg","keywords":["Kanton Luzern","Kantonsrat","Kantonsrat Kanton Luzern","Kantonsrat Luzern","Kantonsratssession","Parlament","Politik","Session","SP"],"articleSection":["Kantonsrat Luzern","Kantonsratsession","Parlament","Politik","Session Kantonsrat Luzern","SP Kanton Luzern","SP Kantonsratsfraktion"],"inLanguage":"de","potentialAction":[{"@type":"CommentAction","name":"Comment","target":["https:\/\/peter-faessler.spschweiz.ch\/?p=5922#respond"]}]},{"@type":"WebPage","@id":"https:\/\/peter-faessler.spschweiz.ch\/?p=5922","url":"https:\/\/peter-faessler.spschweiz.ch\/?p=5922","name":"Mai-Session des Luzerner Kantonsrates vom 12. und 13. Mai 2025 - Peter F\u00e4ssler","isPartOf":{"@id":"https:\/\/peter-faessler.spschweiz.ch\/#website"},"primaryImageOfPage":{"@id":"https:\/\/peter-faessler.spschweiz.ch\/?p=5922#primaryimage"},"image":{"@id":"https:\/\/peter-faessler.spschweiz.ch\/?p=5922#primaryimage"},"thumbnailUrl":"https:\/\/peter-faessler.spschweiz.ch\/wp-content\/uploads\/sites\/15\/2024\/05\/KR_Parlamentsgeschaefte.jpg","datePublished":"2025-05-26T18:47:13+00:00","author":{"@id":"https:\/\/peter-faessler.spschweiz.ch\/#\/schema\/person\/7ac2f764b1930b731c670e8a2393b60e"},"breadcrumb":{"@id":"https:\/\/peter-faessler.spschweiz.ch\/?p=5922#breadcrumb"},"inLanguage":"de","potentialAction":[{"@type":"ReadAction","target":["https:\/\/peter-faessler.spschweiz.ch\/?p=5922"]}]},{"@type":"ImageObject","inLanguage":"de","@id":"https:\/\/peter-faessler.spschweiz.ch\/?p=5922#primaryimage","url":"https:\/\/peter-faessler.spschweiz.ch\/wp-content\/uploads\/sites\/15\/2024\/05\/KR_Parlamentsgeschaefte.jpg","contentUrl":"https:\/\/peter-faessler.spschweiz.ch\/wp-content\/uploads\/sites\/15\/2024\/05\/KR_Parlamentsgeschaefte.jpg","width":1280,"height":720,"caption":"Bild: Kanton Luzern"},{"@type":"BreadcrumbList","@id":"https:\/\/peter-faessler.spschweiz.ch\/?p=5922#breadcrumb","itemListElement":[{"@type":"ListItem","position":1,"name":"Startseite","item":"https:\/\/peter-faessler.spschweiz.ch\/"},{"@type":"ListItem","position":2,"name":"Mai-Session des Luzerner Kantonsrates vom 12. und 13. Mai 2025"}]},{"@type":"WebSite","@id":"https:\/\/peter-faessler.spschweiz.ch\/#website","url":"https:\/\/peter-faessler.spschweiz.ch\/","name":"Peter F\u00e4ssler","description":"SP Kantonsrat Kanton Luzern","potentialAction":[{"@type":"SearchAction","target":{"@type":"EntryPoint","urlTemplate":"https:\/\/peter-faessler.spschweiz.ch\/?s={search_term_string}"},"query-input":{"@type":"PropertyValueSpecification","valueRequired":true,"valueName":"search_term_string"}}],"inLanguage":"de"},{"@type":"Person","@id":"https:\/\/peter-faessler.spschweiz.ch\/#\/schema\/person\/7ac2f764b1930b731c670e8a2393b60e","name":"Peter F\u00e4ssler","image":{"@type":"ImageObject","inLanguage":"de","@id":"https:\/\/secure.gravatar.com\/avatar\/9da8604da19b11812517d76f206166d47c5e180a26df2de36b8649168e128572?s=96&d=blank&r=g","url":"https:\/\/secure.gravatar.com\/avatar\/9da8604da19b11812517d76f206166d47c5e180a26df2de36b8649168e128572?s=96&d=blank&r=g","contentUrl":"https:\/\/secure.gravatar.com\/avatar\/9da8604da19b11812517d76f206166d47c5e180a26df2de36b8649168e128572?s=96&d=blank&r=g","caption":"Peter F\u00e4ssler"},"description":"Peter F\u00e4ssler Schibiweg 7 6006 Luzern","sameAs":["www.facebook.com\/peter.fassler.31","https:\/\/www.instagram.com\/peter.fassler.31\/","https:\/\/www.linkedin.com\/in\/peter-fssler-2518a782\/","https:\/\/x.com\/pfaessler56"],"url":"https:\/\/peter-faessler.spschweiz.ch\/?author=19"}]}},"_links":{"self":[{"href":"https:\/\/peter-faessler.spschweiz.ch\/index.php?rest_route=\/wp\/v2\/posts\/5922","targetHints":{"allow":["GET"]}}],"collection":[{"href":"https:\/\/peter-faessler.spschweiz.ch\/index.php?rest_route=\/wp\/v2\/posts"}],"about":[{"href":"https:\/\/peter-faessler.spschweiz.ch\/index.php?rest_route=\/wp\/v2\/types\/post"}],"author":[{"embeddable":true,"href":"https:\/\/peter-faessler.spschweiz.ch\/index.php?rest_route=\/wp\/v2\/users\/19"}],"replies":[{"embeddable":true,"href":"https:\/\/peter-faessler.spschweiz.ch\/index.php?rest_route=%2Fwp%2Fv2%2Fcomments&post=5922"}],"version-history":[{"count":4,"href":"https:\/\/peter-faessler.spschweiz.ch\/index.php?rest_route=\/wp\/v2\/posts\/5922\/revisions"}],"predecessor-version":[{"id":5927,"href":"https:\/\/peter-faessler.spschweiz.ch\/index.php?rest_route=\/wp\/v2\/posts\/5922\/revisions\/5927"}],"wp:featuredmedia":[{"embeddable":true,"href":"https:\/\/peter-faessler.spschweiz.ch\/index.php?rest_route=\/wp\/v2\/media\/5663"}],"wp:attachment":[{"href":"https:\/\/peter-faessler.spschweiz.ch\/index.php?rest_route=%2Fwp%2Fv2%2Fmedia&parent=5922"}],"wp:term":[{"taxonomy":"category","embeddable":true,"href":"https:\/\/peter-faessler.spschweiz.ch\/index.php?rest_route=%2Fwp%2Fv2%2Fcategories&post=5922"},{"taxonomy":"post_tag","embeddable":true,"href":"https:\/\/peter-faessler.spschweiz.ch\/index.php?rest_route=%2Fwp%2Fv2%2Ftags&post=5922"}],"curies":[{"name":"wp","href":"https:\/\/api.w.org\/{rel}","templated":true}]}}