{"id":5988,"date":"2026-01-28T17:37:58","date_gmt":"2026-01-28T16:37:58","guid":{"rendered":"https:\/\/peter-faessler.spschweiz.ch\/?p=5988"},"modified":"2026-01-28T17:37:58","modified_gmt":"2026-01-28T16:37:58","slug":"news-aus-dem-kantonsrat-der-januar-session-2026-der-sp-fraktion","status":"publish","type":"post","link":"https:\/\/peter-faessler.spschweiz.ch\/?p=5988","title":{"rendered":"News aus dem Kantonsrat der Januar-Session 2026 der SP Fraktion"},"content":{"rendered":"<p><strong><img loading=\"lazy\" decoding=\"async\" class=\"size-medium wp-image-5991 alignleft\" src=\"http:\/\/peter-faessler.spschweiz.ch\/wp-content\/uploads\/sites\/15\/2026\/01\/202601newsausdemkantonsrat-300x100.png\" alt=\"\" width=\"300\" height=\"100\" srcset=\"https:\/\/peter-faessler.spschweiz.ch\/wp-content\/uploads\/sites\/15\/2026\/01\/202601newsausdemkantonsrat-300x100.png 300w, https:\/\/peter-faessler.spschweiz.ch\/wp-content\/uploads\/sites\/15\/2026\/01\/202601newsausdemkantonsrat-150x50.png 150w, https:\/\/peter-faessler.spschweiz.ch\/wp-content\/uploads\/sites\/15\/2026\/01\/202601newsausdemkantonsrat.png 600w\" sizes=\"auto, (max-width: 300px) 100vw, 300px\" \/>\u00abWir wollten die \u00d6ffnungszeiten der Hofl\u00e4den von B\u00e4uer*innen klar regeln. Stattdessen hat das Parlament eine weitgehende Lockerung f\u00fcr Selbstbedienungsgesch\u00e4fte und Tankstellenshops beschlossen. Damit sind wir nicht einverstanden und ergreifen das Referendum.\u00bb<\/strong> Simone Brunner<\/p>\n<p>&nbsp;<\/p>\n<table class=\"bgcolor-1\" border=\"0\" width=\"100%\" cellspacing=\"0\" cellpadding=\"0\" data-style=\"background-color:inherit\" data-limit-to=\"background,background-color\" data-name=\"Outer Container\">\n<tbody>\n<tr>\n<td>\n<div class=\"cr-maxwidth\">\n<table class=\"cr-maxwidth bgcolor-2\" role=\"presentation\" border=\"0\" cellspacing=\"0\" cellpadding=\"0\" align=\"center\" data-style=\"background-color:inherit\" data-limit-to=\"background,background-color\" data-name=\"Container\">\n<tbody>\n<tr>\n<td>\n<table width=\"100%\" cellspacing=\"0\" cellpadding=\"0\">\n<tbody>\n<tr>\n<td class=\"cr-text color-2\" data-name=\"Text\" data-style=\"padding:inherit;padding:inherit;color:inherit;\" data-limit-to=\"padding,color\">\n<p class=\"false\">Die Januarsession des Luzerner Kantonsrats stand im Zeichen einer Revision des Ladenschlussgesetzes und der gesetzlichen Anpassungen f\u00fcr die Verwendung der OECD-Steuereinnahmen. Anstatt wie urspr\u00fcnglich gedacht, Hofl\u00e4den von B\u00e4uerinnen und Bauern zu regulieren, nutzen FDP, Mitte und GLP die Teilrevision des Ladenschlussgesetzes zur Aufweichung der heutigen Bestimmungen zugunsten von Selbstbedienungsgesch\u00e4ften und Tankstellenshops. Dagegen ergreifen wir das Referendum!\u00a0<br class=\"false\" \/><br class=\"false\" \/>Bei der Verwendung der Einnahmen aus der OECD-Mindeststeuer wehrten wir uns vergebens dagegen, bis zu 160 Millionen Franken an Subventionen an Grosskonzerne auszuzahlen, anstatt in die Lebensqualit\u00e4t der Menschen in Luzern zu investieren.<\/p>\n<\/td>\n<\/tr>\n<\/tbody>\n<\/table>\n<\/td>\n<\/tr>\n<\/tbody>\n<\/table>\n<\/div>\n<\/td>\n<\/tr>\n<\/tbody>\n<\/table>\n<table class=\"bgcolor-1 editable\" border=\"0\" width=\"100%\" cellspacing=\"0\" cellpadding=\"0\" data-style=\"background-color:inherit\" data-limit-to=\"background,background-color\" data-name=\"Outer Container\">\n<tbody>\n<tr>\n<td>\n<div class=\"cr-maxwidth\">\n<table class=\"cr-maxwidth bgcolor-2 editable\" border=\"0\" cellspacing=\"0\" cellpadding=\"0\" align=\"center\" data-style=\"background-color:inherit\" data-limit-to=\"background,background-color\" data-name=\"Container\">\n<tbody>\n<tr>\n<td>\n<table width=\"100%\" cellspacing=\"0\" cellpadding=\"0\">\n<tbody>\n<tr>\n<td class=\"cr-text color-2\" data-style=\"padding:inherit;color:inherit;\" data-name=\"Text\">\n<div align=\"left\"><strong>\u00abWahre Standortqualit\u00e4t entsteht nicht durch Steuertricks und Subventionen an Unternehmen, sondern durch Investitionen in Menschen, z.B. in Schulen f\u00fcr alle statt in internationale Privatschulen f\u00fcr ein paar wenige.\u00bb<\/strong> Urban Sager<strong><br \/>\n<\/strong><\/div>\n<\/td>\n<\/tr>\n<\/tbody>\n<\/table>\n<\/td>\n<\/tr>\n<\/tbody>\n<\/table>\n<\/div>\n<\/td>\n<\/tr>\n<\/tbody>\n<\/table>\n<table class=\"bgcolor-1\" border=\"0\" width=\"100%\" cellspacing=\"0\" cellpadding=\"0\" data-style=\"background-color:inherit\" data-limit-to=\"background,background-color\" data-name=\"Outer Container\">\n<tbody>\n<tr>\n<td>\n<div class=\"cr-maxwidth\">\n<table class=\"cr-maxwidth bgcolor-2\" role=\"presentation\" border=\"0\" cellspacing=\"0\" cellpadding=\"0\" align=\"center\" data-style=\"background-color:inherit\" data-limit-to=\"background,background-color\" data-name=\"Container\">\n<tbody>\n<tr>\n<td>\n<table width=\"100%\" cellspacing=\"0\" cellpadding=\"0\">\n<tbody>\n<tr>\n<td class=\"cr-text color-2\" data-name=\"Text\" data-style=\"padding:inherit;padding:inherit;color:inherit;\" data-limit-to=\"padding,color\">\n<p class=\"false\">Daf\u00fcr hat der Kantonsrat einer Motion von Anja Meier zugestimmt, die das kantonale Bedrohungsmanagement verbessert: K\u00fcnftig sollen Kontakt- und Ann\u00e4herungsverbote aus anderen Kantonen auch in Luzern angewendet und Verst\u00f6sse sanktioniert werden. Das ist ein wichtiger Schritt zum Schutz von Betroffenen von Stalking und h\u00e4uslicher Gewalt. Und auch ein Postulat von Marc Horat zur F\u00f6rderung von Photovoltaik-Anlagen auf kantonseigenen Liegenschaften wurde \u00fcberwiesen, womit die Vorbildfunktion des Kantons bei der F\u00f6rderung erneuerbarer Energien gest\u00e4rkt wird.<\/p>\n<p>Simon Roth wurde an der Januarsession vereidigt und hat seine Arbeit im Kantonsrat aufgenommen. Wir freuen uns, ihn neu in der SP-Fraktion zu wissen und w\u00fcnschen ihm einen guten Start als Kantonsrat. Simon folgt auf Michael Ledergerber, der nach \u00fcber neun Jahren aus dem Kantonsrat zur\u00fcckgetreten ist. Vielen Dank, Michi, f\u00fcr deinen grossen Einsatz.<\/p>\n<p>Anja Meier und Marc Horat<\/td>\n<\/tr>\n<\/tbody>\n<\/table>\n<\/td>\n<\/tr>\n<\/tbody>\n<\/table>\n<\/div>\n<\/td>\n<\/tr>\n<\/tbody>\n<\/table>\n<p>&nbsp;<\/p>\n","protected":false},"excerpt":{"rendered":"<p>\u00abWir wollten die \u00d6ffnungszeiten der Hofl\u00e4den von B\u00e4uer*innen klar regeln. Stattdessen hat das Parlament eine weitgehende Lockerung f\u00fcr Selbstbedienungsgesch\u00e4fte und Tankstellenshops beschlossen. Damit sind wir&#8230;<\/p>\n","protected":false},"author":19,"featured_media":0,"comment_status":"open","ping_status":"open","sticky":false,"template":"","format":"standard","meta":{"footnotes":""},"categories":[22,23,30,21,127,128],"tags":[8,9,16,19,26,31,7,10,15],"class_list":["post-5988","post","type-post","status-publish","format-standard","hentry","category-kantonsrat-luzern","category-kantonsratsession","category-parlament","category-politik","category-sp-kanton-luzern","category-sp-kantonsratsfraktion","tag-kanton-luzern","tag-kantonsrat","tag-kantonsrat-kanton-luzern","tag-kantonsrat-luzern","tag-kantonsratssession","tag-parlament","tag-politik","tag-session","tag-sp"],"yoast_head":"<!-- This site is optimized with the Yoast SEO plugin v27.5 - https:\/\/yoast.com\/product\/yoast-seo-wordpress\/ -->\n<title>News aus dem Kantonsrat der Januar-Session 2026 der SP Fraktion - Peter F\u00e4ssler<\/title>\n<meta name=\"robots\" content=\"index, follow, max-snippet:-1, max-image-preview:large, max-video-preview:-1\" \/>\n<link rel=\"canonical\" href=\"https:\/\/peter-faessler.spschweiz.ch\/?p=5988\" \/>\n<meta property=\"og:locale\" content=\"de_DE\" \/>\n<meta property=\"og:type\" content=\"article\" \/>\n<meta property=\"og:title\" content=\"News aus dem Kantonsrat der Januar-Session 2026 der SP Fraktion - Peter F\u00e4ssler\" \/>\n<meta property=\"og:description\" content=\"\u00abWir wollten die \u00d6ffnungszeiten der Hofl\u00e4den von B\u00e4uer*innen klar regeln. Stattdessen hat das Parlament eine weitgehende Lockerung f\u00fcr Selbstbedienungsgesch\u00e4fte und Tankstellenshops beschlossen. Damit sind wir...\" \/>\n<meta property=\"og:url\" content=\"https:\/\/peter-faessler.spschweiz.ch\/?p=5988\" \/>\n<meta property=\"og:site_name\" content=\"Peter F\u00e4ssler\" \/>\n<meta property=\"article:author\" content=\"www.facebook.com\/peter.fassler.31\" \/>\n<meta property=\"article:published_time\" content=\"2026-01-28T16:37:58+00:00\" \/>\n<meta property=\"og:image\" content=\"https:\/\/peter-faessler.spschweiz.ch\/wp-content\/uploads\/sites\/15\/2026\/01\/202601newsausdemkantonsrat.png\" \/>\n\t<meta property=\"og:image:width\" content=\"600\" \/>\n\t<meta property=\"og:image:height\" content=\"200\" \/>\n\t<meta property=\"og:image:type\" content=\"image\/png\" \/>\n<meta name=\"author\" content=\"Peter F\u00e4ssler\" \/>\n<meta name=\"twitter:label1\" content=\"Verfasst von\" \/>\n\t<meta name=\"twitter:data1\" content=\"Peter F\u00e4ssler\" \/>\n\t<meta name=\"twitter:label2\" content=\"Gesch\u00e4tzte Lesezeit\" \/>\n\t<meta name=\"twitter:data2\" content=\"2\u00a0Minuten\" \/>\n<script type=\"application\/ld+json\" class=\"yoast-schema-graph\">{\"@context\":\"https:\\\/\\\/schema.org\",\"@graph\":[{\"@type\":\"Article\",\"@id\":\"https:\\\/\\\/peter-faessler.spschweiz.ch\\\/?p=5988#article\",\"isPartOf\":{\"@id\":\"https:\\\/\\\/peter-faessler.spschweiz.ch\\\/?p=5988\"},\"author\":{\"name\":\"Peter F\u00e4ssler\",\"@id\":\"https:\\\/\\\/peter-faessler.spschweiz.ch\\\/#\\\/schema\\\/person\\\/7ac2f764b1930b731c670e8a2393b60e\"},\"headline\":\"News aus dem Kantonsrat der Januar-Session 2026 der SP Fraktion\",\"datePublished\":\"2026-01-28T16:37:58+00:00\",\"mainEntityOfPage\":{\"@id\":\"https:\\\/\\\/peter-faessler.spschweiz.ch\\\/?p=5988\"},\"wordCount\":320,\"commentCount\":0,\"image\":{\"@id\":\"https:\\\/\\\/peter-faessler.spschweiz.ch\\\/?p=5988#primaryimage\"},\"thumbnailUrl\":\"http:\\\/\\\/peter-faessler.spschweiz.ch\\\/wp-content\\\/uploads\\\/sites\\\/15\\\/2026\\\/01\\\/202601newsausdemkantonsrat-300x100.png\",\"keywords\":[\"Kanton Luzern\",\"Kantonsrat\",\"Kantonsrat Kanton Luzern\",\"Kantonsrat Luzern\",\"Kantonsratssession\",\"Parlament\",\"Politik\",\"Session\",\"SP\"],\"articleSection\":[\"Kantonsrat Luzern\",\"Kantonsratsession\",\"Parlament\",\"Politik\",\"SP Kanton Luzern\",\"SP Kantonsratsfraktion\"],\"inLanguage\":\"de\",\"potentialAction\":[{\"@type\":\"CommentAction\",\"name\":\"Comment\",\"target\":[\"https:\\\/\\\/peter-faessler.spschweiz.ch\\\/?p=5988#respond\"]}]},{\"@type\":\"WebPage\",\"@id\":\"https:\\\/\\\/peter-faessler.spschweiz.ch\\\/?p=5988\",\"url\":\"https:\\\/\\\/peter-faessler.spschweiz.ch\\\/?p=5988\",\"name\":\"News aus dem Kantonsrat der Januar-Session 2026 der SP Fraktion - Peter F\u00e4ssler\",\"isPartOf\":{\"@id\":\"https:\\\/\\\/peter-faessler.spschweiz.ch\\\/#website\"},\"primaryImageOfPage\":{\"@id\":\"https:\\\/\\\/peter-faessler.spschweiz.ch\\\/?p=5988#primaryimage\"},\"image\":{\"@id\":\"https:\\\/\\\/peter-faessler.spschweiz.ch\\\/?p=5988#primaryimage\"},\"thumbnailUrl\":\"http:\\\/\\\/peter-faessler.spschweiz.ch\\\/wp-content\\\/uploads\\\/sites\\\/15\\\/2026\\\/01\\\/202601newsausdemkantonsrat-300x100.png\",\"datePublished\":\"2026-01-28T16:37:58+00:00\",\"author\":{\"@id\":\"https:\\\/\\\/peter-faessler.spschweiz.ch\\\/#\\\/schema\\\/person\\\/7ac2f764b1930b731c670e8a2393b60e\"},\"breadcrumb\":{\"@id\":\"https:\\\/\\\/peter-faessler.spschweiz.ch\\\/?p=5988#breadcrumb\"},\"inLanguage\":\"de\",\"potentialAction\":[{\"@type\":\"ReadAction\",\"target\":[\"https:\\\/\\\/peter-faessler.spschweiz.ch\\\/?p=5988\"]}]},{\"@type\":\"ImageObject\",\"inLanguage\":\"de\",\"@id\":\"https:\\\/\\\/peter-faessler.spschweiz.ch\\\/?p=5988#primaryimage\",\"url\":\"https:\\\/\\\/peter-faessler.spschweiz.ch\\\/wp-content\\\/uploads\\\/sites\\\/15\\\/2026\\\/01\\\/202601newsausdemkantonsrat.png\",\"contentUrl\":\"https:\\\/\\\/peter-faessler.spschweiz.ch\\\/wp-content\\\/uploads\\\/sites\\\/15\\\/2026\\\/01\\\/202601newsausdemkantonsrat.png\",\"width\":600,\"height\":200},{\"@type\":\"BreadcrumbList\",\"@id\":\"https:\\\/\\\/peter-faessler.spschweiz.ch\\\/?p=5988#breadcrumb\",\"itemListElement\":[{\"@type\":\"ListItem\",\"position\":1,\"name\":\"Startseite\",\"item\":\"https:\\\/\\\/peter-faessler.spschweiz.ch\\\/\"},{\"@type\":\"ListItem\",\"position\":2,\"name\":\"News aus dem Kantonsrat der Januar-Session 2026 der SP Fraktion\"}]},{\"@type\":\"WebSite\",\"@id\":\"https:\\\/\\\/peter-faessler.spschweiz.ch\\\/#website\",\"url\":\"https:\\\/\\\/peter-faessler.spschweiz.ch\\\/\",\"name\":\"Peter F\u00e4ssler\",\"description\":\"SP Kantonsrat Kanton Luzern\",\"potentialAction\":[{\"@type\":\"SearchAction\",\"target\":{\"@type\":\"EntryPoint\",\"urlTemplate\":\"https:\\\/\\\/peter-faessler.spschweiz.ch\\\/?s={search_term_string}\"},\"query-input\":{\"@type\":\"PropertyValueSpecification\",\"valueRequired\":true,\"valueName\":\"search_term_string\"}}],\"inLanguage\":\"de\"},{\"@type\":\"Person\",\"@id\":\"https:\\\/\\\/peter-faessler.spschweiz.ch\\\/#\\\/schema\\\/person\\\/7ac2f764b1930b731c670e8a2393b60e\",\"name\":\"Peter F\u00e4ssler\",\"image\":{\"@type\":\"ImageObject\",\"inLanguage\":\"de\",\"@id\":\"https:\\\/\\\/secure.gravatar.com\\\/avatar\\\/9da8604da19b11812517d76f206166d47c5e180a26df2de36b8649168e128572?s=96&d=blank&r=g\",\"url\":\"https:\\\/\\\/secure.gravatar.com\\\/avatar\\\/9da8604da19b11812517d76f206166d47c5e180a26df2de36b8649168e128572?s=96&d=blank&r=g\",\"contentUrl\":\"https:\\\/\\\/secure.gravatar.com\\\/avatar\\\/9da8604da19b11812517d76f206166d47c5e180a26df2de36b8649168e128572?s=96&d=blank&r=g\",\"caption\":\"Peter F\u00e4ssler\"},\"description\":\"Peter F\u00e4ssler Schibiweg 7 6006 Luzern\",\"sameAs\":[\"www.facebook.com\\\/peter.fassler.31\",\"https:\\\/\\\/www.instagram.com\\\/peter.fassler.31\\\/\",\"https:\\\/\\\/www.linkedin.com\\\/in\\\/peter-fssler-2518a782\\\/\",\"https:\\\/\\\/x.com\\\/pfaessler56\"],\"url\":\"https:\\\/\\\/peter-faessler.spschweiz.ch\\\/?author=19\"}]}<\/script>\n<!-- \/ Yoast SEO plugin. -->","yoast_head_json":{"title":"News aus dem Kantonsrat der Januar-Session 2026 der SP Fraktion - Peter F\u00e4ssler","robots":{"index":"index","follow":"follow","max-snippet":"max-snippet:-1","max-image-preview":"max-image-preview:large","max-video-preview":"max-video-preview:-1"},"canonical":"https:\/\/peter-faessler.spschweiz.ch\/?p=5988","og_locale":"de_DE","og_type":"article","og_title":"News aus dem Kantonsrat der Januar-Session 2026 der SP Fraktion - Peter F\u00e4ssler","og_description":"\u00abWir wollten die \u00d6ffnungszeiten der Hofl\u00e4den von B\u00e4uer*innen klar regeln. Stattdessen hat das Parlament eine weitgehende Lockerung f\u00fcr Selbstbedienungsgesch\u00e4fte und Tankstellenshops beschlossen. Damit sind wir...","og_url":"https:\/\/peter-faessler.spschweiz.ch\/?p=5988","og_site_name":"Peter F\u00e4ssler","article_author":"www.facebook.com\/peter.fassler.31","article_published_time":"2026-01-28T16:37:58+00:00","og_image":[{"width":600,"height":200,"url":"https:\/\/peter-faessler.spschweiz.ch\/wp-content\/uploads\/sites\/15\/2026\/01\/202601newsausdemkantonsrat.png","type":"image\/png"}],"author":"Peter F\u00e4ssler","twitter_misc":{"Verfasst von":"Peter F\u00e4ssler","Gesch\u00e4tzte Lesezeit":"2\u00a0Minuten"},"schema":{"@context":"https:\/\/schema.org","@graph":[{"@type":"Article","@id":"https:\/\/peter-faessler.spschweiz.ch\/?p=5988#article","isPartOf":{"@id":"https:\/\/peter-faessler.spschweiz.ch\/?p=5988"},"author":{"name":"Peter F\u00e4ssler","@id":"https:\/\/peter-faessler.spschweiz.ch\/#\/schema\/person\/7ac2f764b1930b731c670e8a2393b60e"},"headline":"News aus dem Kantonsrat der Januar-Session 2026 der SP Fraktion","datePublished":"2026-01-28T16:37:58+00:00","mainEntityOfPage":{"@id":"https:\/\/peter-faessler.spschweiz.ch\/?p=5988"},"wordCount":320,"commentCount":0,"image":{"@id":"https:\/\/peter-faessler.spschweiz.ch\/?p=5988#primaryimage"},"thumbnailUrl":"http:\/\/peter-faessler.spschweiz.ch\/wp-content\/uploads\/sites\/15\/2026\/01\/202601newsausdemkantonsrat-300x100.png","keywords":["Kanton Luzern","Kantonsrat","Kantonsrat Kanton Luzern","Kantonsrat Luzern","Kantonsratssession","Parlament","Politik","Session","SP"],"articleSection":["Kantonsrat Luzern","Kantonsratsession","Parlament","Politik","SP Kanton Luzern","SP Kantonsratsfraktion"],"inLanguage":"de","potentialAction":[{"@type":"CommentAction","name":"Comment","target":["https:\/\/peter-faessler.spschweiz.ch\/?p=5988#respond"]}]},{"@type":"WebPage","@id":"https:\/\/peter-faessler.spschweiz.ch\/?p=5988","url":"https:\/\/peter-faessler.spschweiz.ch\/?p=5988","name":"News aus dem Kantonsrat der Januar-Session 2026 der SP Fraktion - Peter F\u00e4ssler","isPartOf":{"@id":"https:\/\/peter-faessler.spschweiz.ch\/#website"},"primaryImageOfPage":{"@id":"https:\/\/peter-faessler.spschweiz.ch\/?p=5988#primaryimage"},"image":{"@id":"https:\/\/peter-faessler.spschweiz.ch\/?p=5988#primaryimage"},"thumbnailUrl":"http:\/\/peter-faessler.spschweiz.ch\/wp-content\/uploads\/sites\/15\/2026\/01\/202601newsausdemkantonsrat-300x100.png","datePublished":"2026-01-28T16:37:58+00:00","author":{"@id":"https:\/\/peter-faessler.spschweiz.ch\/#\/schema\/person\/7ac2f764b1930b731c670e8a2393b60e"},"breadcrumb":{"@id":"https:\/\/peter-faessler.spschweiz.ch\/?p=5988#breadcrumb"},"inLanguage":"de","potentialAction":[{"@type":"ReadAction","target":["https:\/\/peter-faessler.spschweiz.ch\/?p=5988"]}]},{"@type":"ImageObject","inLanguage":"de","@id":"https:\/\/peter-faessler.spschweiz.ch\/?p=5988#primaryimage","url":"https:\/\/peter-faessler.spschweiz.ch\/wp-content\/uploads\/sites\/15\/2026\/01\/202601newsausdemkantonsrat.png","contentUrl":"https:\/\/peter-faessler.spschweiz.ch\/wp-content\/uploads\/sites\/15\/2026\/01\/202601newsausdemkantonsrat.png","width":600,"height":200},{"@type":"BreadcrumbList","@id":"https:\/\/peter-faessler.spschweiz.ch\/?p=5988#breadcrumb","itemListElement":[{"@type":"ListItem","position":1,"name":"Startseite","item":"https:\/\/peter-faessler.spschweiz.ch\/"},{"@type":"ListItem","position":2,"name":"News aus dem Kantonsrat der Januar-Session 2026 der SP Fraktion"}]},{"@type":"WebSite","@id":"https:\/\/peter-faessler.spschweiz.ch\/#website","url":"https:\/\/peter-faessler.spschweiz.ch\/","name":"Peter F\u00e4ssler","description":"SP Kantonsrat Kanton Luzern","potentialAction":[{"@type":"SearchAction","target":{"@type":"EntryPoint","urlTemplate":"https:\/\/peter-faessler.spschweiz.ch\/?s={search_term_string}"},"query-input":{"@type":"PropertyValueSpecification","valueRequired":true,"valueName":"search_term_string"}}],"inLanguage":"de"},{"@type":"Person","@id":"https:\/\/peter-faessler.spschweiz.ch\/#\/schema\/person\/7ac2f764b1930b731c670e8a2393b60e","name":"Peter F\u00e4ssler","image":{"@type":"ImageObject","inLanguage":"de","@id":"https:\/\/secure.gravatar.com\/avatar\/9da8604da19b11812517d76f206166d47c5e180a26df2de36b8649168e128572?s=96&d=blank&r=g","url":"https:\/\/secure.gravatar.com\/avatar\/9da8604da19b11812517d76f206166d47c5e180a26df2de36b8649168e128572?s=96&d=blank&r=g","contentUrl":"https:\/\/secure.gravatar.com\/avatar\/9da8604da19b11812517d76f206166d47c5e180a26df2de36b8649168e128572?s=96&d=blank&r=g","caption":"Peter F\u00e4ssler"},"description":"Peter F\u00e4ssler Schibiweg 7 6006 Luzern","sameAs":["www.facebook.com\/peter.fassler.31","https:\/\/www.instagram.com\/peter.fassler.31\/","https:\/\/www.linkedin.com\/in\/peter-fssler-2518a782\/","https:\/\/x.com\/pfaessler56"],"url":"https:\/\/peter-faessler.spschweiz.ch\/?author=19"}]}},"_links":{"self":[{"href":"https:\/\/peter-faessler.spschweiz.ch\/index.php?rest_route=\/wp\/v2\/posts\/5988","targetHints":{"allow":["GET"]}}],"collection":[{"href":"https:\/\/peter-faessler.spschweiz.ch\/index.php?rest_route=\/wp\/v2\/posts"}],"about":[{"href":"https:\/\/peter-faessler.spschweiz.ch\/index.php?rest_route=\/wp\/v2\/types\/post"}],"author":[{"embeddable":true,"href":"https:\/\/peter-faessler.spschweiz.ch\/index.php?rest_route=\/wp\/v2\/users\/19"}],"replies":[{"embeddable":true,"href":"https:\/\/peter-faessler.spschweiz.ch\/index.php?rest_route=%2Fwp%2Fv2%2Fcomments&post=5988"}],"version-history":[{"count":4,"href":"https:\/\/peter-faessler.spschweiz.ch\/index.php?rest_route=\/wp\/v2\/posts\/5988\/revisions"}],"predecessor-version":[{"id":5993,"href":"https:\/\/peter-faessler.spschweiz.ch\/index.php?rest_route=\/wp\/v2\/posts\/5988\/revisions\/5993"}],"wp:attachment":[{"href":"https:\/\/peter-faessler.spschweiz.ch\/index.php?rest_route=%2Fwp%2Fv2%2Fmedia&parent=5988"}],"wp:term":[{"taxonomy":"category","embeddable":true,"href":"https:\/\/peter-faessler.spschweiz.ch\/index.php?rest_route=%2Fwp%2Fv2%2Fcategories&post=5988"},{"taxonomy":"post_tag","embeddable":true,"href":"https:\/\/peter-faessler.spschweiz.ch\/index.php?rest_route=%2Fwp%2Fv2%2Ftags&post=5988"}],"curies":[{"name":"wp","href":"https:\/\/api.w.org\/{rel}","templated":true}]}}